{"id":15463,"date":"2023-01-20T12:07:47","date_gmt":"2023-01-20T11:07:47","guid":{"rendered":"https:\/\/kinaikaleidoszkop.hu\/?p=15463"},"modified":"2023-02-14T12:08:46","modified_gmt":"2023-02-14T11:08:46","slug":"cmg-kommentarja-mit-tett-kina-az-elmult-harom-evben-a-jarvany-megfekezesenek-erdekeben","status":"publish","type":"post","link":"https:\/\/kinaikaleidoszkop.hu\/index.php\/2023\/01\/20\/cmg-kommentarja-mit-tett-kina-az-elmult-harom-evben-a-jarvany-megfekezesenek-erdekeben\/","title":{"rendered":"CMG Komment\u00e1rja: Mit tett K\u00edna az elm\u00falt h\u00e1rom \u00e9vben a j\u00e1rv\u00e1ny megf\u00e9kez\u00e9s\u00e9nek \u00e9rdek\u00e9ben?"},"content":{"rendered":"\n<p><strong>A k\u00ednai Nemzeti Eg\u00e9szs\u00e9g\u00fcgyi Bizotts\u00e1g szerint a l\u00e1zas j\u00e1r\u00f3betegek, a s\u00fcrg\u0151ss\u00e9gi \u00e9s a k\u00f3rh\u00e1zi ell\u00e1t\u00e1sra szorul\u00f3 betegek sz\u00e1ma az orsz\u00e1g minden tartom\u00e1ny\u00e1ban visszaes\u0151ben van. Ez lehet\u0151v\u00e9 teszi, hogy mind nagyobb sz\u00e1mban vegyenek r\u00e9szt a tavasz\u00fcnnepi programokon. Mindez K\u00edna tudom\u00e1nyos alapokon nyugv\u00f3 j\u00e1rv\u00e1nymegel\u0151z\u00e9si int\u00e9zked\u00e9seinek tudhat\u00f3 be, \u00e9s figyelemrem\u00e9lt\u00f3 eredm\u00e9nynek sz\u00e1m\u00edt a COVID-19 elleni k\u00fczdelemben.<\/strong><\/p>\n\n\n\n<figure class=\"wp-block-image\"><img decoding=\"async\" src=\"https:\/\/hirpest.hu\/wp-content\/uploads\/2023\/01\/VCG211365717542.jpg\" alt=\"\" class=\"wp-image-15435\"\/><\/figure>\n\n\n\n<p>Az elm\u00falt h\u00e1rom \u00e9vben a k\u00ednai korm\u00e1ny mindenekel\u0151tt arra t\u00f6rekedett, hogy megv\u00e9dje a k\u00ednai polg\u00e1rok \u00e9letbiztons\u00e1g\u00e1t \u00e9s eg\u00e9szs\u00e9g\u00e9t. A j\u00e1rv\u00e1ny alakul\u00e1s\u00e1ra tekintettel K\u00edna megfelel\u0151en v\u00e1ltoztatott j\u00e1rv\u00e1nymegel\u0151z\u00e9si int\u00e9zked\u00e9sein. A k\u00f6zelm\u00faltban a v\u00edrusmut\u00e1ci\u00f3 hat\u00e1sainak \u00e1tfog\u00f3 \u00e9rt\u00e9kel\u00e9se, a j\u00e1rv\u00e1ny helyzete, valamint a megel\u0151z\u0151 munka alapj\u00e1n id\u0151ben optimaliz\u00e1lta a sz\u00fcks\u00e9ges l\u00e9p\u00e9seket. Borge Brende, a Vil\u00e1ggazdas\u00e1gi F\u00f3rum eln\u00f6ke \u00fagy v\u00e9lte, hogy a j\u00e1rv\u00e1nymegel\u0151z\u00e9si politik\u00e1k K\u00edna \u00e1ltali optimaliz\u00e1l\u00e1sa \u00e9s kiigaz\u00edt\u00e1sa tov\u00e1bb seg\u00edti a gazdas\u00e1gi n\u00f6veked\u00e9st \u00e9s hozz\u00e1j\u00e1rul a glob\u00e1lis gazdas\u00e1gi fellend\u00fcl\u00e9shez.<\/p>\n\n\n\n<p>K\u00edna ny\u00edltan \u00e9s \u00e1tl\u00e1that\u00f3 m\u00f3don megosztotta a j\u00e1rv\u00e1nnyal kapcsolatos inform\u00e1ci\u00f3kat a nemzetk\u00f6zi k\u00f6z\u00f6ss\u00e9ggel, \u00e9s tudom\u00e1nyos forr\u00e1st biztos\u00edtott a j\u00e1rv\u00e1nyok megel\u0151z\u00e9s\u00e9hez, a vakcin\u00e1z\u00e1shoz \u00e9s a sz\u00fcks\u00e9ges reagensek kutat\u00e1s\u00e1hoz, fejleszt\u00e9s\u00e9hez. A nem teljes statisztik\u00e1k szerint K\u00edna az elm\u00falt h\u00e1rom \u00e9vben t\u00f6bb mint 60 technikai cser\u00e9t bonyol\u00edtott a WHO-val. Alig t\u00f6bb mint egy h\u00f3nap alatt K\u00edna \u00f6t ilyen esetre \u00e9s egy telefonh\u00edv\u00e1sra ker\u00fclt sor a WHO-val. Tedros Adhanom Ghebreyesus f\u0151igazgat\u00f3 a k\u00f6zelm\u00faltban elmondta, hogy nagyra \u00e9rt\u00e9keli a k\u00ednai korm\u00e1ny er\u0151fesz\u00edt\u00e9seit a COVID-19 j\u00e1rv\u00e1ny kezel\u00e9s\u00e9re, \u00e9s k\u00f6sz\u00f6netet mondott K\u00edn\u00e1nak a hossz\u00fa t\u00e1v\u00fa technikai egy\u00fcttm\u0171k\u00f6d\u00e9s\u00e9\u00e9rt, valamint a j\u00e1rv\u00e1nnyal kapcsolatos inform\u00e1ci\u00f3k \u00e9s adatok megoszt\u00e1s\u00e1\u00e9rt.<\/p>\n\n\n\n<p>K\u00edna eddig m\u00e1r t\u00f6bb mint 2,2 milli\u00e1rd adag COVID-19 vakcin\u00e1t sz\u00e1ll\u00edtott t\u00f6bb mint 150 orsz\u00e1gnak \u00e9s nemzetk\u00f6zi szervezeteknek; t\u00f6bb sz\u00e1zmilli\u00e1rd a j\u00e1rv\u00e1ny kezel\u00e9s\u00e9ben haszn\u00e1latos anyagot k\u00fcld\u00f6tt 153 orsz\u00e1gnak \u00e9s 15 nemzetk\u00f6zi szervezetnek, tov\u00e1bb\u00e1 38 orvosszak\u00e9rt\u0151i csapatot k\u00fcld\u00f6tt 34 orsz\u00e1gba. Ezek K\u00edna gyakorlati int\u00e9zked\u00e9sei a j\u00e1rv\u00e1nyok elleni glob\u00e1lis egy\u00fcttm\u0171k\u00f6d\u00e9s el\u0151seg\u00edt\u00e9s\u00e9re \u00e9s az eg\u00e9szs\u00e9ges emberi sorsk\u00f6z\u00f6ss\u00e9g kialak\u00edt\u00e1s\u00e1ra.<\/p>\n\n\n\n<p><strong>2023. 01. 20.<\/strong><\/p>\n\n\n\n<p><strong><em>(China Media Group)<\/em><\/strong><\/p>\n\n\n\n<p><strong>(x)<\/strong><\/p>\n","protected":false},"excerpt":{"rendered":"<p>A k\u00ednai Nemzeti Eg\u00e9szs\u00e9g\u00fcgyi Bizotts\u00e1g szerint a l\u00e1zas j\u00e1r\u00f3betegek, a s\u00fcrg\u0151ss\u00e9gi \u00e9s a k\u00f3rh\u00e1zi ell\u00e1t\u00e1sra szorul\u00f3 betegek sz\u00e1ma az orsz\u00e1g minden tartom\u00e1ny\u00e1ban visszaes\u0151ben van. Ez lehet\u0151v\u00e9 teszi, hogy mind nagyobb sz\u00e1mban vegyenek r\u00e9szt a tavasz\u00fcnnepi programokon. Mindez K\u00edna tudom\u00e1nyos alapokon nyugv\u00f3 j\u00e1rv\u00e1nymegel\u0151z\u00e9si int\u00e9zked\u00e9seinek tudhat\u00f3 be, \u00e9s figyelemrem\u00e9lt\u00f3 eredm\u00e9nynek sz\u00e1m\u00edt a COVID-19 elleni k\u00fczdelemben. Az elm\u00falt [&hellip;]<\/p>\n","protected":false},"author":7,"featured_media":15465,"comment_status":"closed","ping_status":"closed","sticky":false,"template":"","format":"standard","meta":{"footnotes":""},"categories":[45],"tags":[724,191,85,2029],"class_list":["post-15463","post","type-post","status-publish","format-standard","has-post-thumbnail","hentry","category-hirek","tag-egeszsegugy","tag-jarvany","tag-koronavirus","tag-megfekezes"],"yoast_head":"<!-- This site is optimized with the Yoast SEO plugin v23.7 - https:\/\/yoast.com\/wordpress\/plugins\/seo\/ -->\n<title>CMG Komment\u00e1rja: Mit tett K\u00edna az elm\u00falt h\u00e1rom \u00e9vben a j\u00e1rv\u00e1ny megf\u00e9kez\u00e9s\u00e9nek \u00e9rdek\u00e9ben? - kinaikaleidoszkop.hu<\/title>\n<meta name=\"robots\" content=\"index, follow, max-snippet:-1, max-image-preview:large, max-video-preview:-1\" \/>\n<link rel=\"canonical\" href=\"https:\/\/kinaikaleidoszkop.hu\/index.php\/2023\/01\/20\/cmg-kommentarja-mit-tett-kina-az-elmult-harom-evben-a-jarvany-megfekezesenek-erdekeben\/\" \/>\n<meta property=\"og:locale\" content=\"hu_HU\" \/>\n<meta property=\"og:type\" content=\"article\" \/>\n<meta property=\"og:title\" content=\"CMG Komment\u00e1rja: Mit tett K\u00edna az elm\u00falt h\u00e1rom \u00e9vben a j\u00e1rv\u00e1ny megf\u00e9kez\u00e9s\u00e9nek \u00e9rdek\u00e9ben? - kinaikaleidoszkop.hu\" \/>\n<meta property=\"og:description\" content=\"A k\u00ednai Nemzeti Eg\u00e9szs\u00e9g\u00fcgyi Bizotts\u00e1g szerint a l\u00e1zas j\u00e1r\u00f3betegek, a s\u00fcrg\u0151ss\u00e9gi \u00e9s a k\u00f3rh\u00e1zi ell\u00e1t\u00e1sra szorul\u00f3 betegek sz\u00e1ma az orsz\u00e1g minden tartom\u00e1ny\u00e1ban visszaes\u0151ben van. Ez lehet\u0151v\u00e9 teszi, hogy mind nagyobb sz\u00e1mban vegyenek r\u00e9szt a tavasz\u00fcnnepi programokon. Mindez K\u00edna tudom\u00e1nyos alapokon nyugv\u00f3 j\u00e1rv\u00e1nymegel\u0151z\u00e9si int\u00e9zked\u00e9seinek tudhat\u00f3 be, \u00e9s figyelemrem\u00e9lt\u00f3 eredm\u00e9nynek sz\u00e1m\u00edt a COVID-19 elleni k\u00fczdelemben. Az elm\u00falt [&hellip;]\" \/>\n<meta property=\"og:url\" content=\"https:\/\/kinaikaleidoszkop.hu\/index.php\/2023\/01\/20\/cmg-kommentarja-mit-tett-kina-az-elmult-harom-evben-a-jarvany-megfekezesenek-erdekeben\/\" \/>\n<meta property=\"og:site_name\" content=\"kinaikaleidoszkop.hu\" \/>\n<meta property=\"article:published_time\" content=\"2023-01-20T11:07:47+00:00\" \/>\n<meta property=\"article:modified_time\" content=\"2023-02-14T11:08:46+00:00\" \/>\n<meta property=\"og:image\" content=\"https:\/\/kinaikaleidoszkop.hu\/wp-content\/uploads\/2023\/02\/VCG211365717542-768x512-1.jpg\" \/>\n\t<meta property=\"og:image:width\" content=\"768\" \/>\n\t<meta property=\"og:image:height\" content=\"512\" \/>\n\t<meta property=\"og:image:type\" content=\"image\/jpeg\" \/>\n<meta name=\"author\" content=\"Szerk_Erik\" \/>\n<meta name=\"twitter:card\" content=\"summary_large_image\" \/>\n<meta name=\"twitter:label1\" content=\"Szerz\u0151:\" \/>\n\t<meta name=\"twitter:data1\" content=\"Szerk_Erik\" \/>\n\t<meta name=\"twitter:label2\" content=\"Becs\u00fclt olvas\u00e1si id\u0151\" \/>\n\t<meta name=\"twitter:data2\" content=\"3 perc\" \/>\n<script type=\"application\/ld+json\" class=\"yoast-schema-graph\">{\"@context\":\"https:\/\/schema.org\",\"@graph\":[{\"@type\":\"WebPage\",\"@id\":\"https:\/\/kinaikaleidoszkop.hu\/index.php\/2023\/01\/20\/cmg-kommentarja-mit-tett-kina-az-elmult-harom-evben-a-jarvany-megfekezesenek-erdekeben\/\",\"url\":\"https:\/\/kinaikaleidoszkop.hu\/index.php\/2023\/01\/20\/cmg-kommentarja-mit-tett-kina-az-elmult-harom-evben-a-jarvany-megfekezesenek-erdekeben\/\",\"name\":\"CMG Komment\u00e1rja: Mit tett K\u00edna az elm\u00falt h\u00e1rom \u00e9vben a j\u00e1rv\u00e1ny megf\u00e9kez\u00e9s\u00e9nek \u00e9rdek\u00e9ben? - kinaikaleidoszkop.hu\",\"isPartOf\":{\"@id\":\"https:\/\/kinaikaleidoszkop.hu\/#website\"},\"primaryImageOfPage\":{\"@id\":\"https:\/\/kinaikaleidoszkop.hu\/index.php\/2023\/01\/20\/cmg-kommentarja-mit-tett-kina-az-elmult-harom-evben-a-jarvany-megfekezesenek-erdekeben\/#primaryimage\"},\"image\":{\"@id\":\"https:\/\/kinaikaleidoszkop.hu\/index.php\/2023\/01\/20\/cmg-kommentarja-mit-tett-kina-az-elmult-harom-evben-a-jarvany-megfekezesenek-erdekeben\/#primaryimage\"},\"thumbnailUrl\":\"https:\/\/kinaikaleidoszkop.hu\/wp-content\/uploads\/2023\/02\/VCG211365717542-768x512-1.jpg\",\"datePublished\":\"2023-01-20T11:07:47+00:00\",\"dateModified\":\"2023-02-14T11:08:46+00:00\",\"author\":{\"@id\":\"https:\/\/kinaikaleidoszkop.hu\/#\/schema\/person\/4d69b71e7e70322713b9d9287b610556\"},\"breadcrumb\":{\"@id\":\"https:\/\/kinaikaleidoszkop.hu\/index.php\/2023\/01\/20\/cmg-kommentarja-mit-tett-kina-az-elmult-harom-evben-a-jarvany-megfekezesenek-erdekeben\/#breadcrumb\"},\"inLanguage\":\"hu\",\"potentialAction\":[{\"@type\":\"ReadAction\",\"target\":[\"https:\/\/kinaikaleidoszkop.hu\/index.php\/2023\/01\/20\/cmg-kommentarja-mit-tett-kina-az-elmult-harom-evben-a-jarvany-megfekezesenek-erdekeben\/\"]}]},{\"@type\":\"ImageObject\",\"inLanguage\":\"hu\",\"@id\":\"https:\/\/kinaikaleidoszkop.hu\/index.php\/2023\/01\/20\/cmg-kommentarja-mit-tett-kina-az-elmult-harom-evben-a-jarvany-megfekezesenek-erdekeben\/#primaryimage\",\"url\":\"https:\/\/kinaikaleidoszkop.hu\/wp-content\/uploads\/2023\/02\/VCG211365717542-768x512-1.jpg\",\"contentUrl\":\"https:\/\/kinaikaleidoszkop.hu\/wp-content\/uploads\/2023\/02\/VCG211365717542-768x512-1.jpg\",\"width\":768,\"height\":512},{\"@type\":\"BreadcrumbList\",\"@id\":\"https:\/\/kinaikaleidoszkop.hu\/index.php\/2023\/01\/20\/cmg-kommentarja-mit-tett-kina-az-elmult-harom-evben-a-jarvany-megfekezesenek-erdekeben\/#breadcrumb\",\"itemListElement\":[{\"@type\":\"ListItem\",\"position\":1,\"name\":\"Kezd\u0151lap\",\"item\":\"https:\/\/kinaikaleidoszkop.hu\/\"},{\"@type\":\"ListItem\",\"position\":2,\"name\":\"CMG Komment\u00e1rja: Mit tett K\u00edna az elm\u00falt h\u00e1rom \u00e9vben a j\u00e1rv\u00e1ny megf\u00e9kez\u00e9s\u00e9nek \u00e9rdek\u00e9ben?\"}]},{\"@type\":\"WebSite\",\"@id\":\"https:\/\/kinaikaleidoszkop.hu\/#website\",\"url\":\"https:\/\/kinaikaleidoszkop.hu\/\",\"name\":\"kinaikaleidoszkop.hu\",\"description\":\"\",\"potentialAction\":[{\"@type\":\"SearchAction\",\"target\":{\"@type\":\"EntryPoint\",\"urlTemplate\":\"https:\/\/kinaikaleidoszkop.hu\/?s={search_term_string}\"},\"query-input\":{\"@type\":\"PropertyValueSpecification\",\"valueRequired\":true,\"valueName\":\"search_term_string\"}}],\"inLanguage\":\"hu\"},{\"@type\":\"Person\",\"@id\":\"https:\/\/kinaikaleidoszkop.hu\/#\/schema\/person\/4d69b71e7e70322713b9d9287b610556\",\"name\":\"Szerk_Erik\",\"image\":{\"@type\":\"ImageObject\",\"inLanguage\":\"hu\",\"@id\":\"https:\/\/kinaikaleidoszkop.hu\/#\/schema\/person\/image\/\",\"url\":\"https:\/\/secure.gravatar.com\/avatar\/3c1e909a14c0c91d2eaef877aaacb584c667f8e7137de69653aa9561fd0e8062?s=96&d=mm&r=g\",\"contentUrl\":\"https:\/\/secure.gravatar.com\/avatar\/3c1e909a14c0c91d2eaef877aaacb584c667f8e7137de69653aa9561fd0e8062?s=96&d=mm&r=g\",\"caption\":\"Szerk_Erik\"},\"url\":\"https:\/\/kinaikaleidoszkop.hu\/index.php\/author\/szerk_erik\/\"}]}<\/script>\n<!-- \/ Yoast SEO plugin. -->","yoast_head_json":{"title":"CMG Komment\u00e1rja: Mit tett K\u00edna az elm\u00falt h\u00e1rom \u00e9vben a j\u00e1rv\u00e1ny megf\u00e9kez\u00e9s\u00e9nek \u00e9rdek\u00e9ben? - kinaikaleidoszkop.hu","robots":{"index":"index","follow":"follow","max-snippet":"max-snippet:-1","max-image-preview":"max-image-preview:large","max-video-preview":"max-video-preview:-1"},"canonical":"https:\/\/kinaikaleidoszkop.hu\/index.php\/2023\/01\/20\/cmg-kommentarja-mit-tett-kina-az-elmult-harom-evben-a-jarvany-megfekezesenek-erdekeben\/","og_locale":"hu_HU","og_type":"article","og_title":"CMG Komment\u00e1rja: Mit tett K\u00edna az elm\u00falt h\u00e1rom \u00e9vben a j\u00e1rv\u00e1ny megf\u00e9kez\u00e9s\u00e9nek \u00e9rdek\u00e9ben? - kinaikaleidoszkop.hu","og_description":"A k\u00ednai Nemzeti Eg\u00e9szs\u00e9g\u00fcgyi Bizotts\u00e1g szerint a l\u00e1zas j\u00e1r\u00f3betegek, a s\u00fcrg\u0151ss\u00e9gi \u00e9s a k\u00f3rh\u00e1zi ell\u00e1t\u00e1sra szorul\u00f3 betegek sz\u00e1ma az orsz\u00e1g minden tartom\u00e1ny\u00e1ban visszaes\u0151ben van. Ez lehet\u0151v\u00e9 teszi, hogy mind nagyobb sz\u00e1mban vegyenek r\u00e9szt a tavasz\u00fcnnepi programokon. Mindez K\u00edna tudom\u00e1nyos alapokon nyugv\u00f3 j\u00e1rv\u00e1nymegel\u0151z\u00e9si int\u00e9zked\u00e9seinek tudhat\u00f3 be, \u00e9s figyelemrem\u00e9lt\u00f3 eredm\u00e9nynek sz\u00e1m\u00edt a COVID-19 elleni k\u00fczdelemben. Az elm\u00falt [&hellip;]","og_url":"https:\/\/kinaikaleidoszkop.hu\/index.php\/2023\/01\/20\/cmg-kommentarja-mit-tett-kina-az-elmult-harom-evben-a-jarvany-megfekezesenek-erdekeben\/","og_site_name":"kinaikaleidoszkop.hu","article_published_time":"2023-01-20T11:07:47+00:00","article_modified_time":"2023-02-14T11:08:46+00:00","og_image":[{"width":768,"height":512,"url":"https:\/\/kinaikaleidoszkop.hu\/wp-content\/uploads\/2023\/02\/VCG211365717542-768x512-1.jpg","type":"image\/jpeg"}],"author":"Szerk_Erik","twitter_card":"summary_large_image","twitter_misc":{"Szerz\u0151:":"Szerk_Erik","Becs\u00fclt olvas\u00e1si id\u0151":"3 perc"},"schema":{"@context":"https:\/\/schema.org","@graph":[{"@type":"WebPage","@id":"https:\/\/kinaikaleidoszkop.hu\/index.php\/2023\/01\/20\/cmg-kommentarja-mit-tett-kina-az-elmult-harom-evben-a-jarvany-megfekezesenek-erdekeben\/","url":"https:\/\/kinaikaleidoszkop.hu\/index.php\/2023\/01\/20\/cmg-kommentarja-mit-tett-kina-az-elmult-harom-evben-a-jarvany-megfekezesenek-erdekeben\/","name":"CMG Komment\u00e1rja: Mit tett K\u00edna az elm\u00falt h\u00e1rom \u00e9vben a j\u00e1rv\u00e1ny megf\u00e9kez\u00e9s\u00e9nek \u00e9rdek\u00e9ben? - kinaikaleidoszkop.hu","isPartOf":{"@id":"https:\/\/kinaikaleidoszkop.hu\/#website"},"primaryImageOfPage":{"@id":"https:\/\/kinaikaleidoszkop.hu\/index.php\/2023\/01\/20\/cmg-kommentarja-mit-tett-kina-az-elmult-harom-evben-a-jarvany-megfekezesenek-erdekeben\/#primaryimage"},"image":{"@id":"https:\/\/kinaikaleidoszkop.hu\/index.php\/2023\/01\/20\/cmg-kommentarja-mit-tett-kina-az-elmult-harom-evben-a-jarvany-megfekezesenek-erdekeben\/#primaryimage"},"thumbnailUrl":"https:\/\/kinaikaleidoszkop.hu\/wp-content\/uploads\/2023\/02\/VCG211365717542-768x512-1.jpg","datePublished":"2023-01-20T11:07:47+00:00","dateModified":"2023-02-14T11:08:46+00:00","author":{"@id":"https:\/\/kinaikaleidoszkop.hu\/#\/schema\/person\/4d69b71e7e70322713b9d9287b610556"},"breadcrumb":{"@id":"https:\/\/kinaikaleidoszkop.hu\/index.php\/2023\/01\/20\/cmg-kommentarja-mit-tett-kina-az-elmult-harom-evben-a-jarvany-megfekezesenek-erdekeben\/#breadcrumb"},"inLanguage":"hu","potentialAction":[{"@type":"ReadAction","target":["https:\/\/kinaikaleidoszkop.hu\/index.php\/2023\/01\/20\/cmg-kommentarja-mit-tett-kina-az-elmult-harom-evben-a-jarvany-megfekezesenek-erdekeben\/"]}]},{"@type":"ImageObject","inLanguage":"hu","@id":"https:\/\/kinaikaleidoszkop.hu\/index.php\/2023\/01\/20\/cmg-kommentarja-mit-tett-kina-az-elmult-harom-evben-a-jarvany-megfekezesenek-erdekeben\/#primaryimage","url":"https:\/\/kinaikaleidoszkop.hu\/wp-content\/uploads\/2023\/02\/VCG211365717542-768x512-1.jpg","contentUrl":"https:\/\/kinaikaleidoszkop.hu\/wp-content\/uploads\/2023\/02\/VCG211365717542-768x512-1.jpg","width":768,"height":512},{"@type":"BreadcrumbList","@id":"https:\/\/kinaikaleidoszkop.hu\/index.php\/2023\/01\/20\/cmg-kommentarja-mit-tett-kina-az-elmult-harom-evben-a-jarvany-megfekezesenek-erdekeben\/#breadcrumb","itemListElement":[{"@type":"ListItem","position":1,"name":"Kezd\u0151lap","item":"https:\/\/kinaikaleidoszkop.hu\/"},{"@type":"ListItem","position":2,"name":"CMG Komment\u00e1rja: Mit tett K\u00edna az elm\u00falt h\u00e1rom \u00e9vben a j\u00e1rv\u00e1ny megf\u00e9kez\u00e9s\u00e9nek \u00e9rdek\u00e9ben?"}]},{"@type":"WebSite","@id":"https:\/\/kinaikaleidoszkop.hu\/#website","url":"https:\/\/kinaikaleidoszkop.hu\/","name":"kinaikaleidoszkop.hu","description":"","potentialAction":[{"@type":"SearchAction","target":{"@type":"EntryPoint","urlTemplate":"https:\/\/kinaikaleidoszkop.hu\/?s={search_term_string}"},"query-input":{"@type":"PropertyValueSpecification","valueRequired":true,"valueName":"search_term_string"}}],"inLanguage":"hu"},{"@type":"Person","@id":"https:\/\/kinaikaleidoszkop.hu\/#\/schema\/person\/4d69b71e7e70322713b9d9287b610556","name":"Szerk_Erik","image":{"@type":"ImageObject","inLanguage":"hu","@id":"https:\/\/kinaikaleidoszkop.hu\/#\/schema\/person\/image\/","url":"https:\/\/secure.gravatar.com\/avatar\/3c1e909a14c0c91d2eaef877aaacb584c667f8e7137de69653aa9561fd0e8062?s=96&d=mm&r=g","contentUrl":"https:\/\/secure.gravatar.com\/avatar\/3c1e909a14c0c91d2eaef877aaacb584c667f8e7137de69653aa9561fd0e8062?s=96&d=mm&r=g","caption":"Szerk_Erik"},"url":"https:\/\/kinaikaleidoszkop.hu\/index.php\/author\/szerk_erik\/"}]}},"views":232,"distributor_meta":false,"distributor_terms":false,"distributor_media":false,"distributor_original_site_name":"kinaikaleidoszkop.hu","distributor_original_site_url":"https:\/\/kinaikaleidoszkop.hu","push-errors":false,"_links":{"self":[{"href":"https:\/\/kinaikaleidoszkop.hu\/index.php\/wp-json\/wp\/v2\/posts\/15463","targetHints":{"allow":["GET"]}}],"collection":[{"href":"https:\/\/kinaikaleidoszkop.hu\/index.php\/wp-json\/wp\/v2\/posts"}],"about":[{"href":"https:\/\/kinaikaleidoszkop.hu\/index.php\/wp-json\/wp\/v2\/types\/post"}],"author":[{"embeddable":true,"href":"https:\/\/kinaikaleidoszkop.hu\/index.php\/wp-json\/wp\/v2\/users\/7"}],"replies":[{"embeddable":true,"href":"https:\/\/kinaikaleidoszkop.hu\/index.php\/wp-json\/wp\/v2\/comments?post=15463"}],"version-history":[{"count":1,"href":"https:\/\/kinaikaleidoszkop.hu\/index.php\/wp-json\/wp\/v2\/posts\/15463\/revisions"}],"predecessor-version":[{"id":15466,"href":"https:\/\/kinaikaleidoszkop.hu\/index.php\/wp-json\/wp\/v2\/posts\/15463\/revisions\/15466"}],"wp:featuredmedia":[{"embeddable":true,"href":"https:\/\/kinaikaleidoszkop.hu\/index.php\/wp-json\/wp\/v2\/media\/15465"}],"wp:attachment":[{"href":"https:\/\/kinaikaleidoszkop.hu\/index.php\/wp-json\/wp\/v2\/media?parent=15463"}],"wp:term":[{"taxonomy":"category","embeddable":true,"href":"https:\/\/kinaikaleidoszkop.hu\/index.php\/wp-json\/wp\/v2\/categories?post=15463"},{"taxonomy":"post_tag","embeddable":true,"href":"https:\/\/kinaikaleidoszkop.hu\/index.php\/wp-json\/wp\/v2\/tags?post=15463"}],"curies":[{"name":"wp","href":"https:\/\/api.w.org\/{rel}","templated":true}]}}