{"id":16468,"date":"2023-02-17T20:05:56","date_gmt":"2023-02-17T19:05:56","guid":{"rendered":"https:\/\/kinaikaleidoszkop.hu\/?p=16468"},"modified":"2023-02-23T20:13:11","modified_gmt":"2023-02-23T19:13:11","slug":"a-kinai-partvezetes-gyozelmet-hirdetett-a-jarvany-folott","status":"publish","type":"post","link":"https:\/\/kinaikaleidoszkop.hu\/index.php\/2023\/02\/17\/a-kinai-partvezetes-gyozelmet-hirdetett-a-jarvany-folott\/","title":{"rendered":"A k\u00ednai p\u00e1rtvezet\u00e9s gy\u0151zelmet hirdetett a j\u00e1rv\u00e1ny f\u00f6l\u00f6tt"},"content":{"rendered":"\n<p><strong>D\u00f6nt\u0151 gy\u0151zelmet jelentett be a koronav\u00edrus-j\u00e1rv\u00e1ny felett a K\u00ednai Kommunista P\u00e1rt cs\u00facsszerve, a Politikai Bizotts\u00e1g \u00c1lland\u00f3 Bizotts\u00e1ga.<\/strong><\/p>\n\n\n\n<p><strong>A test\u00fclet cs\u00fct\u00f6rt\u00f6ki \u00fcl\u00e9s\u00e9n a tagok lesz\u00f6gezt\u00e9k, hogy az orsz\u00e1g j\u00f3l teljes\u00edtett a j\u00e1rv\u00e1ny megel\u0151z\u00e9s\u00e9ben \u00e9s ellen\u0151rz\u00e9s alatt tart\u00e1s\u00e1ban egyar\u00e1nt.&nbsp;<\/strong>A bizotts\u00e1g kiemelte, hogy t\u00f6bb mint 200 milli\u00f3 fert\u0151z\u00f6tt jutott orvosi ell\u00e1t\u00e1shoz, \u00e9s K\u00edn\u00e1ban regisztr\u00e1lt\u00e1k a vil\u00e1gon a Covid-19-hez k\u00f6thet\u0151 legalacsonyabb hal\u00e1loz\u00e1si r\u00e1t\u00e1t is.<br>&nbsp;&nbsp;&nbsp;&nbsp;<\/p>\n\n\n\n<p>Az \u00fcl\u00e9sen d\u00f6nt\u00f6ttek tov\u00e1bb\u00e1 az \u00e1toltotts\u00e1gi ar\u00e1ny n\u00f6vel\u00e9s\u00e9r\u0151l az id\u0151sek k\u00f6r\u00e9ben, valamint az eg\u00e9szs\u00e9g\u00fcgyi szolg\u00e1ltat\u00e1si rendszerek meger\u0151s\u00edt\u00e9s\u00e9r\u0151l. Az \u00e1llami m\u00e9di\u00e1ban egy\u00fattal eml\u00e9keztettek arra, hogy b\u00e1r K\u00edn\u00e1ban csaknem 800 ezer s\u00falyos esetet l\u00e1ttak el megfelel\u0151en, \u00e9s az orsz\u00e1gban a j\u00e1rv\u00e1nyhelyzet folyamatosan javul, a v\u00edrus vil\u00e1gszerte terjed, \u00e9s tov\u00e1bb mut\u00e1l\u00f3dik.<br>&nbsp;&nbsp;&nbsp;&nbsp;<\/p>\n\n\n\n<p><strong>K\u00edna \u2013 az egyre n\u00f6vekv\u0151 el\u00e9gedetlens\u00e9g nyom\u00e1n \u2013 december elej\u00e9n szak\u00edtott a j\u00e1rv\u00e1ny 2020-as kit\u00f6r\u00e9se nyom\u00e1n szinte azonnal bevezetett z\u00e9r\u00f3-Covid-politik\u00e1val, feloldotta a kor\u00e1bbi korl\u00e1toz\u00e1sokat \u00e9s le\u00e1ll\u00edtotta a sz\u00e9les k\u00f6r\u0171 tesztel\u00e9seket is.<\/strong>&nbsp;Ezt k\u00f6vet\u0151en szinte azonnal emelkedni kezdett a regisztr\u00e1lt fert\u0151z\u00f6ttek sz\u00e1ma, sok helyen pedig gy\u00f3gyszerhi\u00e1nyr\u00f3l is besz\u00e1moltak.<br>&nbsp;&nbsp;&nbsp;&nbsp;<\/p>\n\n\n\n<p>Peking felhagyott a j\u00e1rv\u00e1nyadatok rendszeres k\u00f6zz\u00e9t\u00e9tel\u00e9vel, k\u00fclf\u00f6ldi szak\u00e9rt\u0151k pedig azt vetett\u00e9k az eg\u00e9szs\u00e9g\u00fcgyi hat\u00f3s\u00e1gok szem\u00e9re, hogy a val\u00f3s\u00e1gosn\u00e1l alacsonyabb hal\u00e1loz\u00e1si sz\u00e1mokat k\u00f6z\u00f6lnek.<br>&nbsp;&nbsp;&nbsp;&nbsp;<\/p>\n\n\n\n<p>Sokan att\u00f3l tartottak, hogy a janu\u00e1ri hold\u00faj\u00e9v miatti utaz\u00e1sok \u00e9s vend\u00e9gesked\u00e9sek miatt felsz\u00f6kik a fert\u0151z\u00e9sek sz\u00e1ma, a korm\u00e1ny azonban nemr\u00e9g azt k\u00f6z\u00f6lte, hogy a j\u00e1rv\u00e1nyhelyzet nem adott okot aggodalomra az \u00fcnnep ut\u00e1n sem.<\/p>\n\n\n\n<p><strong>2023. febru\u00e1r 17.<\/strong><\/p>\n\n\n\n<p><strong><em>(MTI\/Reuters)<\/em><\/strong><\/p>\n","protected":false},"excerpt":{"rendered":"<p>D\u00f6nt\u0151 gy\u0151zelmet jelentett be a koronav\u00edrus-j\u00e1rv\u00e1ny felett a K\u00ednai Kommunista P\u00e1rt cs\u00facsszerve, a Politikai Bizotts\u00e1g \u00c1lland\u00f3 Bizotts\u00e1ga. A test\u00fclet cs\u00fct\u00f6rt\u00f6ki \u00fcl\u00e9s\u00e9n a tagok lesz\u00f6gezt\u00e9k, hogy az orsz\u00e1g j\u00f3l teljes\u00edtett a j\u00e1rv\u00e1ny megel\u0151z\u00e9s\u00e9ben \u00e9s ellen\u0151rz\u00e9s alatt tart\u00e1s\u00e1ban egyar\u00e1nt.&nbsp;A bizotts\u00e1g kiemelte, hogy t\u00f6bb mint 200 milli\u00f3 fert\u0151z\u00f6tt jutott orvosi ell\u00e1t\u00e1shoz, \u00e9s K\u00edn\u00e1ban regisztr\u00e1lt\u00e1k a vil\u00e1gon a Covid-19-hez [&hellip;]<\/p>\n","protected":false},"author":7,"featured_media":16470,"comment_status":"closed","ping_status":"closed","sticky":false,"template":"","format":"standard","meta":{"footnotes":""},"categories":[45],"tags":[2069,305,85,705],"class_list":["post-16468","post","type-post","status-publish","format-standard","has-post-thumbnail","hentry","category-hirek","tag-gyozelem","tag-hszi-csin-ping","tag-koronavirus","tag-ules"],"yoast_head":"<!-- This site is optimized with the Yoast SEO plugin v23.7 - https:\/\/yoast.com\/wordpress\/plugins\/seo\/ -->\n<title>A k\u00ednai p\u00e1rtvezet\u00e9s gy\u0151zelmet hirdetett a j\u00e1rv\u00e1ny f\u00f6l\u00f6tt - kinaikaleidoszkop.hu<\/title>\n<meta name=\"robots\" content=\"index, follow, max-snippet:-1, max-image-preview:large, max-video-preview:-1\" \/>\n<link rel=\"canonical\" href=\"https:\/\/kinaikaleidoszkop.hu\/index.php\/2023\/02\/17\/a-kinai-partvezetes-gyozelmet-hirdetett-a-jarvany-folott\/\" \/>\n<meta property=\"og:locale\" content=\"hu_HU\" \/>\n<meta property=\"og:type\" content=\"article\" \/>\n<meta property=\"og:title\" content=\"A k\u00ednai p\u00e1rtvezet\u00e9s gy\u0151zelmet hirdetett a j\u00e1rv\u00e1ny f\u00f6l\u00f6tt - kinaikaleidoszkop.hu\" \/>\n<meta property=\"og:description\" content=\"D\u00f6nt\u0151 gy\u0151zelmet jelentett be a koronav\u00edrus-j\u00e1rv\u00e1ny felett a K\u00ednai Kommunista P\u00e1rt cs\u00facsszerve, a Politikai Bizotts\u00e1g \u00c1lland\u00f3 Bizotts\u00e1ga. A test\u00fclet cs\u00fct\u00f6rt\u00f6ki \u00fcl\u00e9s\u00e9n a tagok lesz\u00f6gezt\u00e9k, hogy az orsz\u00e1g j\u00f3l teljes\u00edtett a j\u00e1rv\u00e1ny megel\u0151z\u00e9s\u00e9ben \u00e9s ellen\u0151rz\u00e9s alatt tart\u00e1s\u00e1ban egyar\u00e1nt.&nbsp;A bizotts\u00e1g kiemelte, hogy t\u00f6bb mint 200 milli\u00f3 fert\u0151z\u00f6tt jutott orvosi ell\u00e1t\u00e1shoz, \u00e9s K\u00edn\u00e1ban regisztr\u00e1lt\u00e1k a vil\u00e1gon a Covid-19-hez [&hellip;]\" \/>\n<meta property=\"og:url\" content=\"https:\/\/kinaikaleidoszkop.hu\/index.php\/2023\/02\/17\/a-kinai-partvezetes-gyozelmet-hirdetett-a-jarvany-folott\/\" \/>\n<meta property=\"og:site_name\" content=\"kinaikaleidoszkop.hu\" \/>\n<meta property=\"article:published_time\" content=\"2023-02-17T19:05:56+00:00\" \/>\n<meta property=\"article:modified_time\" content=\"2023-02-23T19:13:11+00:00\" \/>\n<meta property=\"og:image\" content=\"https:\/\/kinaikaleidoszkop.hu\/wp-content\/uploads\/2023\/02\/50576541318_1e0afb415c_b-2.jpg\" \/>\n\t<meta property=\"og:image:width\" content=\"1024\" \/>\n\t<meta property=\"og:image:height\" content=\"683\" \/>\n\t<meta property=\"og:image:type\" content=\"image\/jpeg\" \/>\n<meta name=\"author\" content=\"Szerk_Erik\" \/>\n<meta name=\"twitter:card\" content=\"summary_large_image\" \/>\n<meta name=\"twitter:label1\" content=\"Szerz\u0151:\" \/>\n\t<meta name=\"twitter:data1\" content=\"Szerk_Erik\" \/>\n\t<meta name=\"twitter:label2\" content=\"Becs\u00fclt olvas\u00e1si id\u0151\" \/>\n\t<meta name=\"twitter:data2\" content=\"2 perc\" \/>\n<script type=\"application\/ld+json\" class=\"yoast-schema-graph\">{\"@context\":\"https:\/\/schema.org\",\"@graph\":[{\"@type\":\"WebPage\",\"@id\":\"https:\/\/kinaikaleidoszkop.hu\/index.php\/2023\/02\/17\/a-kinai-partvezetes-gyozelmet-hirdetett-a-jarvany-folott\/\",\"url\":\"https:\/\/kinaikaleidoszkop.hu\/index.php\/2023\/02\/17\/a-kinai-partvezetes-gyozelmet-hirdetett-a-jarvany-folott\/\",\"name\":\"A k\u00ednai p\u00e1rtvezet\u00e9s gy\u0151zelmet hirdetett a j\u00e1rv\u00e1ny f\u00f6l\u00f6tt - kinaikaleidoszkop.hu\",\"isPartOf\":{\"@id\":\"https:\/\/kinaikaleidoszkop.hu\/#website\"},\"primaryImageOfPage\":{\"@id\":\"https:\/\/kinaikaleidoszkop.hu\/index.php\/2023\/02\/17\/a-kinai-partvezetes-gyozelmet-hirdetett-a-jarvany-folott\/#primaryimage\"},\"image\":{\"@id\":\"https:\/\/kinaikaleidoszkop.hu\/index.php\/2023\/02\/17\/a-kinai-partvezetes-gyozelmet-hirdetett-a-jarvany-folott\/#primaryimage\"},\"thumbnailUrl\":\"https:\/\/kinaikaleidoszkop.hu\/wp-content\/uploads\/2023\/02\/50576541318_1e0afb415c_b-2.jpg\",\"datePublished\":\"2023-02-17T19:05:56+00:00\",\"dateModified\":\"2023-02-23T19:13:11+00:00\",\"author\":{\"@id\":\"https:\/\/kinaikaleidoszkop.hu\/#\/schema\/person\/4d69b71e7e70322713b9d9287b610556\"},\"breadcrumb\":{\"@id\":\"https:\/\/kinaikaleidoszkop.hu\/index.php\/2023\/02\/17\/a-kinai-partvezetes-gyozelmet-hirdetett-a-jarvany-folott\/#breadcrumb\"},\"inLanguage\":\"hu\",\"potentialAction\":[{\"@type\":\"ReadAction\",\"target\":[\"https:\/\/kinaikaleidoszkop.hu\/index.php\/2023\/02\/17\/a-kinai-partvezetes-gyozelmet-hirdetett-a-jarvany-folott\/\"]}]},{\"@type\":\"ImageObject\",\"inLanguage\":\"hu\",\"@id\":\"https:\/\/kinaikaleidoszkop.hu\/index.php\/2023\/02\/17\/a-kinai-partvezetes-gyozelmet-hirdetett-a-jarvany-folott\/#primaryimage\",\"url\":\"https:\/\/kinaikaleidoszkop.hu\/wp-content\/uploads\/2023\/02\/50576541318_1e0afb415c_b-2.jpg\",\"contentUrl\":\"https:\/\/kinaikaleidoszkop.hu\/wp-content\/uploads\/2023\/02\/50576541318_1e0afb415c_b-2.jpg\",\"width\":1024,\"height\":683},{\"@type\":\"BreadcrumbList\",\"@id\":\"https:\/\/kinaikaleidoszkop.hu\/index.php\/2023\/02\/17\/a-kinai-partvezetes-gyozelmet-hirdetett-a-jarvany-folott\/#breadcrumb\",\"itemListElement\":[{\"@type\":\"ListItem\",\"position\":1,\"name\":\"Kezd\u0151lap\",\"item\":\"https:\/\/kinaikaleidoszkop.hu\/\"},{\"@type\":\"ListItem\",\"position\":2,\"name\":\"A k\u00ednai p\u00e1rtvezet\u00e9s gy\u0151zelmet hirdetett a j\u00e1rv\u00e1ny f\u00f6l\u00f6tt\"}]},{\"@type\":\"WebSite\",\"@id\":\"https:\/\/kinaikaleidoszkop.hu\/#website\",\"url\":\"https:\/\/kinaikaleidoszkop.hu\/\",\"name\":\"kinaikaleidoszkop.hu\",\"description\":\"\",\"potentialAction\":[{\"@type\":\"SearchAction\",\"target\":{\"@type\":\"EntryPoint\",\"urlTemplate\":\"https:\/\/kinaikaleidoszkop.hu\/?s={search_term_string}\"},\"query-input\":{\"@type\":\"PropertyValueSpecification\",\"valueRequired\":true,\"valueName\":\"search_term_string\"}}],\"inLanguage\":\"hu\"},{\"@type\":\"Person\",\"@id\":\"https:\/\/kinaikaleidoszkop.hu\/#\/schema\/person\/4d69b71e7e70322713b9d9287b610556\",\"name\":\"Szerk_Erik\",\"image\":{\"@type\":\"ImageObject\",\"inLanguage\":\"hu\",\"@id\":\"https:\/\/kinaikaleidoszkop.hu\/#\/schema\/person\/image\/\",\"url\":\"https:\/\/secure.gravatar.com\/avatar\/3c1e909a14c0c91d2eaef877aaacb584c667f8e7137de69653aa9561fd0e8062?s=96&d=mm&r=g\",\"contentUrl\":\"https:\/\/secure.gravatar.com\/avatar\/3c1e909a14c0c91d2eaef877aaacb584c667f8e7137de69653aa9561fd0e8062?s=96&d=mm&r=g\",\"caption\":\"Szerk_Erik\"},\"url\":\"https:\/\/kinaikaleidoszkop.hu\/index.php\/author\/szerk_erik\/\"}]}<\/script>\n<!-- \/ Yoast SEO plugin. -->","yoast_head_json":{"title":"A k\u00ednai p\u00e1rtvezet\u00e9s gy\u0151zelmet hirdetett a j\u00e1rv\u00e1ny f\u00f6l\u00f6tt - kinaikaleidoszkop.hu","robots":{"index":"index","follow":"follow","max-snippet":"max-snippet:-1","max-image-preview":"max-image-preview:large","max-video-preview":"max-video-preview:-1"},"canonical":"https:\/\/kinaikaleidoszkop.hu\/index.php\/2023\/02\/17\/a-kinai-partvezetes-gyozelmet-hirdetett-a-jarvany-folott\/","og_locale":"hu_HU","og_type":"article","og_title":"A k\u00ednai p\u00e1rtvezet\u00e9s gy\u0151zelmet hirdetett a j\u00e1rv\u00e1ny f\u00f6l\u00f6tt - kinaikaleidoszkop.hu","og_description":"D\u00f6nt\u0151 gy\u0151zelmet jelentett be a koronav\u00edrus-j\u00e1rv\u00e1ny felett a K\u00ednai Kommunista P\u00e1rt cs\u00facsszerve, a Politikai Bizotts\u00e1g \u00c1lland\u00f3 Bizotts\u00e1ga. A test\u00fclet cs\u00fct\u00f6rt\u00f6ki \u00fcl\u00e9s\u00e9n a tagok lesz\u00f6gezt\u00e9k, hogy az orsz\u00e1g j\u00f3l teljes\u00edtett a j\u00e1rv\u00e1ny megel\u0151z\u00e9s\u00e9ben \u00e9s ellen\u0151rz\u00e9s alatt tart\u00e1s\u00e1ban egyar\u00e1nt.&nbsp;A bizotts\u00e1g kiemelte, hogy t\u00f6bb mint 200 milli\u00f3 fert\u0151z\u00f6tt jutott orvosi ell\u00e1t\u00e1shoz, \u00e9s K\u00edn\u00e1ban regisztr\u00e1lt\u00e1k a vil\u00e1gon a Covid-19-hez [&hellip;]","og_url":"https:\/\/kinaikaleidoszkop.hu\/index.php\/2023\/02\/17\/a-kinai-partvezetes-gyozelmet-hirdetett-a-jarvany-folott\/","og_site_name":"kinaikaleidoszkop.hu","article_published_time":"2023-02-17T19:05:56+00:00","article_modified_time":"2023-02-23T19:13:11+00:00","og_image":[{"width":1024,"height":683,"url":"https:\/\/kinaikaleidoszkop.hu\/wp-content\/uploads\/2023\/02\/50576541318_1e0afb415c_b-2.jpg","type":"image\/jpeg"}],"author":"Szerk_Erik","twitter_card":"summary_large_image","twitter_misc":{"Szerz\u0151:":"Szerk_Erik","Becs\u00fclt olvas\u00e1si id\u0151":"2 perc"},"schema":{"@context":"https:\/\/schema.org","@graph":[{"@type":"WebPage","@id":"https:\/\/kinaikaleidoszkop.hu\/index.php\/2023\/02\/17\/a-kinai-partvezetes-gyozelmet-hirdetett-a-jarvany-folott\/","url":"https:\/\/kinaikaleidoszkop.hu\/index.php\/2023\/02\/17\/a-kinai-partvezetes-gyozelmet-hirdetett-a-jarvany-folott\/","name":"A k\u00ednai p\u00e1rtvezet\u00e9s gy\u0151zelmet hirdetett a j\u00e1rv\u00e1ny f\u00f6l\u00f6tt - kinaikaleidoszkop.hu","isPartOf":{"@id":"https:\/\/kinaikaleidoszkop.hu\/#website"},"primaryImageOfPage":{"@id":"https:\/\/kinaikaleidoszkop.hu\/index.php\/2023\/02\/17\/a-kinai-partvezetes-gyozelmet-hirdetett-a-jarvany-folott\/#primaryimage"},"image":{"@id":"https:\/\/kinaikaleidoszkop.hu\/index.php\/2023\/02\/17\/a-kinai-partvezetes-gyozelmet-hirdetett-a-jarvany-folott\/#primaryimage"},"thumbnailUrl":"https:\/\/kinaikaleidoszkop.hu\/wp-content\/uploads\/2023\/02\/50576541318_1e0afb415c_b-2.jpg","datePublished":"2023-02-17T19:05:56+00:00","dateModified":"2023-02-23T19:13:11+00:00","author":{"@id":"https:\/\/kinaikaleidoszkop.hu\/#\/schema\/person\/4d69b71e7e70322713b9d9287b610556"},"breadcrumb":{"@id":"https:\/\/kinaikaleidoszkop.hu\/index.php\/2023\/02\/17\/a-kinai-partvezetes-gyozelmet-hirdetett-a-jarvany-folott\/#breadcrumb"},"inLanguage":"hu","potentialAction":[{"@type":"ReadAction","target":["https:\/\/kinaikaleidoszkop.hu\/index.php\/2023\/02\/17\/a-kinai-partvezetes-gyozelmet-hirdetett-a-jarvany-folott\/"]}]},{"@type":"ImageObject","inLanguage":"hu","@id":"https:\/\/kinaikaleidoszkop.hu\/index.php\/2023\/02\/17\/a-kinai-partvezetes-gyozelmet-hirdetett-a-jarvany-folott\/#primaryimage","url":"https:\/\/kinaikaleidoszkop.hu\/wp-content\/uploads\/2023\/02\/50576541318_1e0afb415c_b-2.jpg","contentUrl":"https:\/\/kinaikaleidoszkop.hu\/wp-content\/uploads\/2023\/02\/50576541318_1e0afb415c_b-2.jpg","width":1024,"height":683},{"@type":"BreadcrumbList","@id":"https:\/\/kinaikaleidoszkop.hu\/index.php\/2023\/02\/17\/a-kinai-partvezetes-gyozelmet-hirdetett-a-jarvany-folott\/#breadcrumb","itemListElement":[{"@type":"ListItem","position":1,"name":"Kezd\u0151lap","item":"https:\/\/kinaikaleidoszkop.hu\/"},{"@type":"ListItem","position":2,"name":"A k\u00ednai p\u00e1rtvezet\u00e9s gy\u0151zelmet hirdetett a j\u00e1rv\u00e1ny f\u00f6l\u00f6tt"}]},{"@type":"WebSite","@id":"https:\/\/kinaikaleidoszkop.hu\/#website","url":"https:\/\/kinaikaleidoszkop.hu\/","name":"kinaikaleidoszkop.hu","description":"","potentialAction":[{"@type":"SearchAction","target":{"@type":"EntryPoint","urlTemplate":"https:\/\/kinaikaleidoszkop.hu\/?s={search_term_string}"},"query-input":{"@type":"PropertyValueSpecification","valueRequired":true,"valueName":"search_term_string"}}],"inLanguage":"hu"},{"@type":"Person","@id":"https:\/\/kinaikaleidoszkop.hu\/#\/schema\/person\/4d69b71e7e70322713b9d9287b610556","name":"Szerk_Erik","image":{"@type":"ImageObject","inLanguage":"hu","@id":"https:\/\/kinaikaleidoszkop.hu\/#\/schema\/person\/image\/","url":"https:\/\/secure.gravatar.com\/avatar\/3c1e909a14c0c91d2eaef877aaacb584c667f8e7137de69653aa9561fd0e8062?s=96&d=mm&r=g","contentUrl":"https:\/\/secure.gravatar.com\/avatar\/3c1e909a14c0c91d2eaef877aaacb584c667f8e7137de69653aa9561fd0e8062?s=96&d=mm&r=g","caption":"Szerk_Erik"},"url":"https:\/\/kinaikaleidoszkop.hu\/index.php\/author\/szerk_erik\/"}]}},"views":243,"distributor_meta":false,"distributor_terms":false,"distributor_media":false,"distributor_original_site_name":"kinaikaleidoszkop.hu","distributor_original_site_url":"https:\/\/kinaikaleidoszkop.hu","push-errors":false,"_links":{"self":[{"href":"https:\/\/kinaikaleidoszkop.hu\/index.php\/wp-json\/wp\/v2\/posts\/16468","targetHints":{"allow":["GET"]}}],"collection":[{"href":"https:\/\/kinaikaleidoszkop.hu\/index.php\/wp-json\/wp\/v2\/posts"}],"about":[{"href":"https:\/\/kinaikaleidoszkop.hu\/index.php\/wp-json\/wp\/v2\/types\/post"}],"author":[{"embeddable":true,"href":"https:\/\/kinaikaleidoszkop.hu\/index.php\/wp-json\/wp\/v2\/users\/7"}],"replies":[{"embeddable":true,"href":"https:\/\/kinaikaleidoszkop.hu\/index.php\/wp-json\/wp\/v2\/comments?post=16468"}],"version-history":[{"count":1,"href":"https:\/\/kinaikaleidoszkop.hu\/index.php\/wp-json\/wp\/v2\/posts\/16468\/revisions"}],"predecessor-version":[{"id":16471,"href":"https:\/\/kinaikaleidoszkop.hu\/index.php\/wp-json\/wp\/v2\/posts\/16468\/revisions\/16471"}],"wp:featuredmedia":[{"embeddable":true,"href":"https:\/\/kinaikaleidoszkop.hu\/index.php\/wp-json\/wp\/v2\/media\/16470"}],"wp:attachment":[{"href":"https:\/\/kinaikaleidoszkop.hu\/index.php\/wp-json\/wp\/v2\/media?parent=16468"}],"wp:term":[{"taxonomy":"category","embeddable":true,"href":"https:\/\/kinaikaleidoszkop.hu\/index.php\/wp-json\/wp\/v2\/categories?post=16468"},{"taxonomy":"post_tag","embeddable":true,"href":"https:\/\/kinaikaleidoszkop.hu\/index.php\/wp-json\/wp\/v2\/tags?post=16468"}],"curies":[{"name":"wp","href":"https:\/\/api.w.org\/{rel}","templated":true}]}}