{"id":16472,"date":"2023-02-20T20:06:00","date_gmt":"2023-02-20T19:06:00","guid":{"rendered":"https:\/\/kinaikaleidoszkop.hu\/?p=16472"},"modified":"2023-02-23T20:06:54","modified_gmt":"2023-02-23T19:06:54","slug":"megkezdodott-az-ovezet-es-ut-temaju-kinai-filmfesztival","status":"publish","type":"post","link":"https:\/\/kinaikaleidoszkop.hu\/index.php\/2023\/02\/20\/megkezdodott-az-ovezet-es-ut-temaju-kinai-filmfesztival\/","title":{"rendered":"Megkezd\u0151d\u00f6tt az \u00d6vezet \u00e9s \u00dat t\u00e9m\u00e1j\u00fa K\u00ednai Filmfesztiv\u00e1l"},"content":{"rendered":"\n<p><strong>Qin Gang k\u00ednai k\u00fcl\u00fcgyminiszter besz\u00e9d\u00e9ben elmondta, hogy az elm\u00falt 10 \u00e9vben 151 orsz\u00e1g \u00e9s 32 nemzetk\u00f6zi szervezet csatlakozott az \u00d6vezet \u00e9s \u00dat csal\u00e1dj\u00e1hoz.<\/strong><\/p>\n\n\n\n<figure class=\"wp-block-image\"><img decoding=\"async\" src=\"https:\/\/hirpest.hu\/wp-content\/uploads\/2023\/02\/%E5%BE%AE%E4%BF%A1%E5%9B%BE%E7%89%87_20230220111548-1.jpg\" alt=\"\" class=\"wp-image-15835\"\/><\/figure>\n\n\n\n<p>2023. febru\u00e1r 20-\u00e1n online m\u00f3don hivatalosan is megkezd\u0151d\u00f6tt az \u00d6vezet \u00e9s \u00dat t\u00e9m\u00e1j\u00fa K\u00ednai Filmfesztiv\u00e1l, amelyet a China Media Group, a K\u00ednai K\u00fcl\u00fcgyminiszt\u00e9rium \u00e9s a Kultur\u00e1lis \u00e9s Idegenforgalmi Miniszt\u00e9rium k\u00f6z\u00f6sen szervezett. T\u00f6bb mint 50 m\u00e9diaszervezeti vezet\u0151 \u00e9s vend\u00e9g t\u00f6bb mint 40 orsz\u00e1gb\u00f3l \u00e9s r\u00e9gi\u00f3b\u00f3l k\u00fcld\u00f6tt k\u00f6sz\u00f6nt\u0151 besz\u00e9det, sok sikert k\u00edv\u00e1nva az idei fesztiv\u00e1lnak.<\/p>\n\n\n\n<p>2023-ban lesz a 10. \u00e9vfordul\u00f3ja annak, hogy Hszi Csin-ping k\u00ednai \u00e1llameln\u00f6k felvetette az \u00d6vezet \u00e9s \u00dat kezdem\u00e9nyez\u00e9st. Az idei filmfesztiv\u00e1l t\u00e9m\u00e1ja az \u00d6vezet \u00e9s \u00dat. T\u00f6bb mint 60 eredeti dokumentum- \u00e9s j\u00e1t\u00e9kfilm angol, spanyol, francia, arab \u00e9s orosz nyelven a CGTN k\u00f6zvet\u00edt\u00e9s\u00e9vel jut el a vil\u00e1g minden szeglet\u00e9be.<\/p>\n\n\n\n<p><strong>2023. 02. 20.<\/strong><\/p>\n\n\n\n<p><strong><em>(China Media Group)<\/em><\/strong><\/p>\n\n\n\n<p><strong>(x)<\/strong><\/p>\n","protected":false},"excerpt":{"rendered":"<p>Qin Gang k\u00ednai k\u00fcl\u00fcgyminiszter besz\u00e9d\u00e9ben elmondta, hogy az elm\u00falt 10 \u00e9vben 151 orsz\u00e1g \u00e9s 32 nemzetk\u00f6zi szervezet csatlakozott az \u00d6vezet \u00e9s \u00dat csal\u00e1dj\u00e1hoz. 2023. febru\u00e1r 20-\u00e1n online m\u00f3don hivatalosan is megkezd\u0151d\u00f6tt az \u00d6vezet \u00e9s \u00dat t\u00e9m\u00e1j\u00fa K\u00ednai Filmfesztiv\u00e1l, amelyet a China Media Group, a K\u00ednai K\u00fcl\u00fcgyminiszt\u00e9rium \u00e9s a Kultur\u00e1lis \u00e9s Idegenforgalmi Miniszt\u00e9rium k\u00f6z\u00f6sen szervezett. T\u00f6bb [&hellip;]<\/p>\n","protected":false},"author":7,"featured_media":16474,"comment_status":"closed","ping_status":"closed","sticky":false,"template":"","format":"standard","meta":{"footnotes":""},"categories":[45,63],"tags":[1430,2070,2036,2071],"class_list":["post-16472","post","type-post","status-publish","format-standard","has-post-thumbnail","hentry","category-hirek","category-kultura","tag-fesztival","tag-film","tag-kultura","tag-qin-gang"],"yoast_head":"<!-- This site is optimized with the Yoast SEO plugin v23.7 - https:\/\/yoast.com\/wordpress\/plugins\/seo\/ -->\n<title>Megkezd\u0151d\u00f6tt az \u00d6vezet \u00e9s \u00dat t\u00e9m\u00e1j\u00fa K\u00ednai Filmfesztiv\u00e1l - kinaikaleidoszkop.hu<\/title>\n<meta name=\"robots\" content=\"index, follow, max-snippet:-1, max-image-preview:large, max-video-preview:-1\" \/>\n<link rel=\"canonical\" href=\"https:\/\/kinaikaleidoszkop.hu\/index.php\/2023\/02\/20\/megkezdodott-az-ovezet-es-ut-temaju-kinai-filmfesztival\/\" \/>\n<meta property=\"og:locale\" content=\"hu_HU\" \/>\n<meta property=\"og:type\" content=\"article\" \/>\n<meta property=\"og:title\" content=\"Megkezd\u0151d\u00f6tt az \u00d6vezet \u00e9s \u00dat t\u00e9m\u00e1j\u00fa K\u00ednai Filmfesztiv\u00e1l - kinaikaleidoszkop.hu\" \/>\n<meta property=\"og:description\" content=\"Qin Gang k\u00ednai k\u00fcl\u00fcgyminiszter besz\u00e9d\u00e9ben elmondta, hogy az elm\u00falt 10 \u00e9vben 151 orsz\u00e1g \u00e9s 32 nemzetk\u00f6zi szervezet csatlakozott az \u00d6vezet \u00e9s \u00dat csal\u00e1dj\u00e1hoz. 2023. febru\u00e1r 20-\u00e1n online m\u00f3don hivatalosan is megkezd\u0151d\u00f6tt az \u00d6vezet \u00e9s \u00dat t\u00e9m\u00e1j\u00fa K\u00ednai Filmfesztiv\u00e1l, amelyet a China Media Group, a K\u00ednai K\u00fcl\u00fcgyminiszt\u00e9rium \u00e9s a Kultur\u00e1lis \u00e9s Idegenforgalmi Miniszt\u00e9rium k\u00f6z\u00f6sen szervezett. T\u00f6bb [&hellip;]\" \/>\n<meta property=\"og:url\" content=\"https:\/\/kinaikaleidoszkop.hu\/index.php\/2023\/02\/20\/megkezdodott-az-ovezet-es-ut-temaju-kinai-filmfesztival\/\" \/>\n<meta property=\"og:site_name\" content=\"kinaikaleidoszkop.hu\" \/>\n<meta property=\"article:published_time\" content=\"2023-02-20T19:06:00+00:00\" \/>\n<meta property=\"article:modified_time\" content=\"2023-02-23T19:06:54+00:00\" \/>\n<meta property=\"og:image\" content=\"https:\/\/kinaikaleidoszkop.hu\/wp-content\/uploads\/2023\/02\/\u5fae\u4fe1\u56fe\u7247_20230220111548-1.jpg\" \/>\n\t<meta property=\"og:image:width\" content=\"1920\" \/>\n\t<meta property=\"og:image:height\" content=\"1080\" \/>\n\t<meta property=\"og:image:type\" content=\"image\/jpeg\" \/>\n<meta name=\"author\" content=\"Szerk_Erik\" \/>\n<meta name=\"twitter:card\" content=\"summary_large_image\" \/>\n<meta name=\"twitter:label1\" content=\"Szerz\u0151:\" \/>\n\t<meta name=\"twitter:data1\" content=\"Szerk_Erik\" \/>\n\t<meta name=\"twitter:label2\" content=\"Becs\u00fclt olvas\u00e1si id\u0151\" \/>\n\t<meta name=\"twitter:data2\" content=\"1 perc\" \/>\n<script type=\"application\/ld+json\" class=\"yoast-schema-graph\">{\"@context\":\"https:\/\/schema.org\",\"@graph\":[{\"@type\":\"WebPage\",\"@id\":\"https:\/\/kinaikaleidoszkop.hu\/index.php\/2023\/02\/20\/megkezdodott-az-ovezet-es-ut-temaju-kinai-filmfesztival\/\",\"url\":\"https:\/\/kinaikaleidoszkop.hu\/index.php\/2023\/02\/20\/megkezdodott-az-ovezet-es-ut-temaju-kinai-filmfesztival\/\",\"name\":\"Megkezd\u0151d\u00f6tt az \u00d6vezet \u00e9s \u00dat t\u00e9m\u00e1j\u00fa K\u00ednai Filmfesztiv\u00e1l - kinaikaleidoszkop.hu\",\"isPartOf\":{\"@id\":\"https:\/\/kinaikaleidoszkop.hu\/#website\"},\"primaryImageOfPage\":{\"@id\":\"https:\/\/kinaikaleidoszkop.hu\/index.php\/2023\/02\/20\/megkezdodott-az-ovezet-es-ut-temaju-kinai-filmfesztival\/#primaryimage\"},\"image\":{\"@id\":\"https:\/\/kinaikaleidoszkop.hu\/index.php\/2023\/02\/20\/megkezdodott-az-ovezet-es-ut-temaju-kinai-filmfesztival\/#primaryimage\"},\"thumbnailUrl\":\"https:\/\/kinaikaleidoszkop.hu\/wp-content\/uploads\/2023\/02\/\u5fae\u4fe1\u56fe\u7247_20230220111548-1.jpg\",\"datePublished\":\"2023-02-20T19:06:00+00:00\",\"dateModified\":\"2023-02-23T19:06:54+00:00\",\"author\":{\"@id\":\"https:\/\/kinaikaleidoszkop.hu\/#\/schema\/person\/4d69b71e7e70322713b9d9287b610556\"},\"breadcrumb\":{\"@id\":\"https:\/\/kinaikaleidoszkop.hu\/index.php\/2023\/02\/20\/megkezdodott-az-ovezet-es-ut-temaju-kinai-filmfesztival\/#breadcrumb\"},\"inLanguage\":\"hu\",\"potentialAction\":[{\"@type\":\"ReadAction\",\"target\":[\"https:\/\/kinaikaleidoszkop.hu\/index.php\/2023\/02\/20\/megkezdodott-az-ovezet-es-ut-temaju-kinai-filmfesztival\/\"]}]},{\"@type\":\"ImageObject\",\"inLanguage\":\"hu\",\"@id\":\"https:\/\/kinaikaleidoszkop.hu\/index.php\/2023\/02\/20\/megkezdodott-az-ovezet-es-ut-temaju-kinai-filmfesztival\/#primaryimage\",\"url\":\"https:\/\/kinaikaleidoszkop.hu\/wp-content\/uploads\/2023\/02\/\u5fae\u4fe1\u56fe\u7247_20230220111548-1.jpg\",\"contentUrl\":\"https:\/\/kinaikaleidoszkop.hu\/wp-content\/uploads\/2023\/02\/\u5fae\u4fe1\u56fe\u7247_20230220111548-1.jpg\",\"width\":1920,\"height\":1080},{\"@type\":\"BreadcrumbList\",\"@id\":\"https:\/\/kinaikaleidoszkop.hu\/index.php\/2023\/02\/20\/megkezdodott-az-ovezet-es-ut-temaju-kinai-filmfesztival\/#breadcrumb\",\"itemListElement\":[{\"@type\":\"ListItem\",\"position\":1,\"name\":\"Kezd\u0151lap\",\"item\":\"https:\/\/kinaikaleidoszkop.hu\/\"},{\"@type\":\"ListItem\",\"position\":2,\"name\":\"Megkezd\u0151d\u00f6tt az \u00d6vezet \u00e9s \u00dat t\u00e9m\u00e1j\u00fa K\u00ednai Filmfesztiv\u00e1l\"}]},{\"@type\":\"WebSite\",\"@id\":\"https:\/\/kinaikaleidoszkop.hu\/#website\",\"url\":\"https:\/\/kinaikaleidoszkop.hu\/\",\"name\":\"kinaikaleidoszkop.hu\",\"description\":\"\",\"potentialAction\":[{\"@type\":\"SearchAction\",\"target\":{\"@type\":\"EntryPoint\",\"urlTemplate\":\"https:\/\/kinaikaleidoszkop.hu\/?s={search_term_string}\"},\"query-input\":{\"@type\":\"PropertyValueSpecification\",\"valueRequired\":true,\"valueName\":\"search_term_string\"}}],\"inLanguage\":\"hu\"},{\"@type\":\"Person\",\"@id\":\"https:\/\/kinaikaleidoszkop.hu\/#\/schema\/person\/4d69b71e7e70322713b9d9287b610556\",\"name\":\"Szerk_Erik\",\"image\":{\"@type\":\"ImageObject\",\"inLanguage\":\"hu\",\"@id\":\"https:\/\/kinaikaleidoszkop.hu\/#\/schema\/person\/image\/\",\"url\":\"https:\/\/secure.gravatar.com\/avatar\/3c1e909a14c0c91d2eaef877aaacb584c667f8e7137de69653aa9561fd0e8062?s=96&d=mm&r=g\",\"contentUrl\":\"https:\/\/secure.gravatar.com\/avatar\/3c1e909a14c0c91d2eaef877aaacb584c667f8e7137de69653aa9561fd0e8062?s=96&d=mm&r=g\",\"caption\":\"Szerk_Erik\"},\"url\":\"https:\/\/kinaikaleidoszkop.hu\/index.php\/author\/szerk_erik\/\"}]}<\/script>\n<!-- \/ Yoast SEO plugin. -->","yoast_head_json":{"title":"Megkezd\u0151d\u00f6tt az \u00d6vezet \u00e9s \u00dat t\u00e9m\u00e1j\u00fa K\u00ednai Filmfesztiv\u00e1l - kinaikaleidoszkop.hu","robots":{"index":"index","follow":"follow","max-snippet":"max-snippet:-1","max-image-preview":"max-image-preview:large","max-video-preview":"max-video-preview:-1"},"canonical":"https:\/\/kinaikaleidoszkop.hu\/index.php\/2023\/02\/20\/megkezdodott-az-ovezet-es-ut-temaju-kinai-filmfesztival\/","og_locale":"hu_HU","og_type":"article","og_title":"Megkezd\u0151d\u00f6tt az \u00d6vezet \u00e9s \u00dat t\u00e9m\u00e1j\u00fa K\u00ednai Filmfesztiv\u00e1l - kinaikaleidoszkop.hu","og_description":"Qin Gang k\u00ednai k\u00fcl\u00fcgyminiszter besz\u00e9d\u00e9ben elmondta, hogy az elm\u00falt 10 \u00e9vben 151 orsz\u00e1g \u00e9s 32 nemzetk\u00f6zi szervezet csatlakozott az \u00d6vezet \u00e9s \u00dat csal\u00e1dj\u00e1hoz. 2023. febru\u00e1r 20-\u00e1n online m\u00f3don hivatalosan is megkezd\u0151d\u00f6tt az \u00d6vezet \u00e9s \u00dat t\u00e9m\u00e1j\u00fa K\u00ednai Filmfesztiv\u00e1l, amelyet a China Media Group, a K\u00ednai K\u00fcl\u00fcgyminiszt\u00e9rium \u00e9s a Kultur\u00e1lis \u00e9s Idegenforgalmi Miniszt\u00e9rium k\u00f6z\u00f6sen szervezett. T\u00f6bb [&hellip;]","og_url":"https:\/\/kinaikaleidoszkop.hu\/index.php\/2023\/02\/20\/megkezdodott-az-ovezet-es-ut-temaju-kinai-filmfesztival\/","og_site_name":"kinaikaleidoszkop.hu","article_published_time":"2023-02-20T19:06:00+00:00","article_modified_time":"2023-02-23T19:06:54+00:00","og_image":[{"width":1920,"height":1080,"url":"https:\/\/kinaikaleidoszkop.hu\/wp-content\/uploads\/2023\/02\/\u5fae\u4fe1\u56fe\u7247_20230220111548-1.jpg","type":"image\/jpeg"}],"author":"Szerk_Erik","twitter_card":"summary_large_image","twitter_misc":{"Szerz\u0151:":"Szerk_Erik","Becs\u00fclt olvas\u00e1si id\u0151":"1 perc"},"schema":{"@context":"https:\/\/schema.org","@graph":[{"@type":"WebPage","@id":"https:\/\/kinaikaleidoszkop.hu\/index.php\/2023\/02\/20\/megkezdodott-az-ovezet-es-ut-temaju-kinai-filmfesztival\/","url":"https:\/\/kinaikaleidoszkop.hu\/index.php\/2023\/02\/20\/megkezdodott-az-ovezet-es-ut-temaju-kinai-filmfesztival\/","name":"Megkezd\u0151d\u00f6tt az \u00d6vezet \u00e9s \u00dat t\u00e9m\u00e1j\u00fa K\u00ednai Filmfesztiv\u00e1l - kinaikaleidoszkop.hu","isPartOf":{"@id":"https:\/\/kinaikaleidoszkop.hu\/#website"},"primaryImageOfPage":{"@id":"https:\/\/kinaikaleidoszkop.hu\/index.php\/2023\/02\/20\/megkezdodott-az-ovezet-es-ut-temaju-kinai-filmfesztival\/#primaryimage"},"image":{"@id":"https:\/\/kinaikaleidoszkop.hu\/index.php\/2023\/02\/20\/megkezdodott-az-ovezet-es-ut-temaju-kinai-filmfesztival\/#primaryimage"},"thumbnailUrl":"https:\/\/kinaikaleidoszkop.hu\/wp-content\/uploads\/2023\/02\/\u5fae\u4fe1\u56fe\u7247_20230220111548-1.jpg","datePublished":"2023-02-20T19:06:00+00:00","dateModified":"2023-02-23T19:06:54+00:00","author":{"@id":"https:\/\/kinaikaleidoszkop.hu\/#\/schema\/person\/4d69b71e7e70322713b9d9287b610556"},"breadcrumb":{"@id":"https:\/\/kinaikaleidoszkop.hu\/index.php\/2023\/02\/20\/megkezdodott-az-ovezet-es-ut-temaju-kinai-filmfesztival\/#breadcrumb"},"inLanguage":"hu","potentialAction":[{"@type":"ReadAction","target":["https:\/\/kinaikaleidoszkop.hu\/index.php\/2023\/02\/20\/megkezdodott-az-ovezet-es-ut-temaju-kinai-filmfesztival\/"]}]},{"@type":"ImageObject","inLanguage":"hu","@id":"https:\/\/kinaikaleidoszkop.hu\/index.php\/2023\/02\/20\/megkezdodott-az-ovezet-es-ut-temaju-kinai-filmfesztival\/#primaryimage","url":"https:\/\/kinaikaleidoszkop.hu\/wp-content\/uploads\/2023\/02\/\u5fae\u4fe1\u56fe\u7247_20230220111548-1.jpg","contentUrl":"https:\/\/kinaikaleidoszkop.hu\/wp-content\/uploads\/2023\/02\/\u5fae\u4fe1\u56fe\u7247_20230220111548-1.jpg","width":1920,"height":1080},{"@type":"BreadcrumbList","@id":"https:\/\/kinaikaleidoszkop.hu\/index.php\/2023\/02\/20\/megkezdodott-az-ovezet-es-ut-temaju-kinai-filmfesztival\/#breadcrumb","itemListElement":[{"@type":"ListItem","position":1,"name":"Kezd\u0151lap","item":"https:\/\/kinaikaleidoszkop.hu\/"},{"@type":"ListItem","position":2,"name":"Megkezd\u0151d\u00f6tt az \u00d6vezet \u00e9s \u00dat t\u00e9m\u00e1j\u00fa K\u00ednai Filmfesztiv\u00e1l"}]},{"@type":"WebSite","@id":"https:\/\/kinaikaleidoszkop.hu\/#website","url":"https:\/\/kinaikaleidoszkop.hu\/","name":"kinaikaleidoszkop.hu","description":"","potentialAction":[{"@type":"SearchAction","target":{"@type":"EntryPoint","urlTemplate":"https:\/\/kinaikaleidoszkop.hu\/?s={search_term_string}"},"query-input":{"@type":"PropertyValueSpecification","valueRequired":true,"valueName":"search_term_string"}}],"inLanguage":"hu"},{"@type":"Person","@id":"https:\/\/kinaikaleidoszkop.hu\/#\/schema\/person\/4d69b71e7e70322713b9d9287b610556","name":"Szerk_Erik","image":{"@type":"ImageObject","inLanguage":"hu","@id":"https:\/\/kinaikaleidoszkop.hu\/#\/schema\/person\/image\/","url":"https:\/\/secure.gravatar.com\/avatar\/3c1e909a14c0c91d2eaef877aaacb584c667f8e7137de69653aa9561fd0e8062?s=96&d=mm&r=g","contentUrl":"https:\/\/secure.gravatar.com\/avatar\/3c1e909a14c0c91d2eaef877aaacb584c667f8e7137de69653aa9561fd0e8062?s=96&d=mm&r=g","caption":"Szerk_Erik"},"url":"https:\/\/kinaikaleidoszkop.hu\/index.php\/author\/szerk_erik\/"}]}},"views":302,"distributor_meta":false,"distributor_terms":false,"distributor_media":false,"distributor_original_site_name":"kinaikaleidoszkop.hu","distributor_original_site_url":"https:\/\/kinaikaleidoszkop.hu","push-errors":false,"_links":{"self":[{"href":"https:\/\/kinaikaleidoszkop.hu\/index.php\/wp-json\/wp\/v2\/posts\/16472","targetHints":{"allow":["GET"]}}],"collection":[{"href":"https:\/\/kinaikaleidoszkop.hu\/index.php\/wp-json\/wp\/v2\/posts"}],"about":[{"href":"https:\/\/kinaikaleidoszkop.hu\/index.php\/wp-json\/wp\/v2\/types\/post"}],"author":[{"embeddable":true,"href":"https:\/\/kinaikaleidoszkop.hu\/index.php\/wp-json\/wp\/v2\/users\/7"}],"replies":[{"embeddable":true,"href":"https:\/\/kinaikaleidoszkop.hu\/index.php\/wp-json\/wp\/v2\/comments?post=16472"}],"version-history":[{"count":1,"href":"https:\/\/kinaikaleidoszkop.hu\/index.php\/wp-json\/wp\/v2\/posts\/16472\/revisions"}],"predecessor-version":[{"id":16475,"href":"https:\/\/kinaikaleidoszkop.hu\/index.php\/wp-json\/wp\/v2\/posts\/16472\/revisions\/16475"}],"wp:featuredmedia":[{"embeddable":true,"href":"https:\/\/kinaikaleidoszkop.hu\/index.php\/wp-json\/wp\/v2\/media\/16474"}],"wp:attachment":[{"href":"https:\/\/kinaikaleidoszkop.hu\/index.php\/wp-json\/wp\/v2\/media?parent=16472"}],"wp:term":[{"taxonomy":"category","embeddable":true,"href":"https:\/\/kinaikaleidoszkop.hu\/index.php\/wp-json\/wp\/v2\/categories?post=16472"},{"taxonomy":"post_tag","embeddable":true,"href":"https:\/\/kinaikaleidoszkop.hu\/index.php\/wp-json\/wp\/v2\/tags?post=16472"}],"curies":[{"name":"wp","href":"https:\/\/api.w.org\/{rel}","templated":true}]}}