{"id":16476,"date":"2023-02-20T20:07:00","date_gmt":"2023-02-20T19:07:00","guid":{"rendered":"https:\/\/kinaikaleidoszkop.hu\/?p=16476"},"modified":"2023-02-23T20:08:03","modified_gmt":"2023-02-23T19:08:03","slug":"linyi-lanshan-a-kulfoldi-diakok-beleszerettek-a-kinai-lampionfesztivalba","status":"publish","type":"post","link":"https:\/\/kinaikaleidoszkop.hu\/index.php\/2023\/02\/20\/linyi-lanshan-a-kulfoldi-diakok-beleszerettek-a-kinai-lampionfesztivalba\/","title":{"rendered":"Linyi, Lanshan: A k\u00fclf\u00f6ldi di\u00e1kok beleszerettek a k\u00ednai lampionfesztiv\u00e1lba"},"content":{"rendered":"\n<p>3 nap&nbsp;<\/p>\n\n\n\n<pre class=\"wp-block-preformatted\"><em>A Centrum TV k\u00f6zrem\u0171k\u00f6d\u00e9s\u00e9vel<\/em><\/pre>\n\n\n\n<p><strong>\u201eMilyen gy\u00f6ny\u00f6r\u0171 nyulas lampion! A k\u00ednai kult\u00fara nagyszer\u0171!\u201d \u2013 Qiao Rui elef\u00e1ntcsontparti di\u00e1k el\u0151sz\u00f6r tanulta k\u00ednai lampionok k\u00e9sz\u00edt\u00e9s\u00e9t a Shandong tartom\u00e1ny Linyi v\u00e1ros\u00e1nak Lanshan ker\u00fclet\u00e9ben l\u00e9v\u0151 Jiao Yi k\u00f6z\u00f6ss\u00e9gben febru\u00e1r 1-j\u00e9n. Ezen a napon 6 k\u00fcl\u00f6nb\u00f6z\u0151 orsz\u00e1gb\u00f3l sz\u00e1rmaz\u00f3 16 k\u00fclf\u00f6ldi di\u00e1kot h\u00edvtak meg, hogy r\u00e9szt vegyenek a \u201eMi fesztiv\u00e1lunk \u2013 l\u00e1mp\u00e1sfesztiv\u00e1l\u201d elnevez\u00e9s\u0171 helyi kultur\u00e1lis rendezv\u00e9nyen, ahol a helyi lakosokkal egy\u00fctt \u00e9des gomb\u00f3cokat csin\u00e1ltak, lampionokat k\u00e9sz\u00edtettek, lampionra \u00edrt tal\u00e1l\u00f3s k\u00e9rd\u00e9seket fejtettek meg, \u00e9s tapasztalt\u00e1k meg a hagyom\u00e1nyos k\u00ednai kult\u00fara var\u00e1zs\u00e1t.<\/strong><\/p>\n\n\n\n<p>Az \u00e9des gomb\u00f3c egy n\u00e9pszer\u0171, g\u00f6mb alak\u00fa, lisztb\u0151l k\u00e9sz\u00fclt f\u0151tt \u00e9tel K\u00edn\u00e1ban, amelyet ragacsos rizsb\u0151l k\u00e9sz\u00edtenek \u00e9s \u00e9des t\u00f6ltel\u00e9kkel t\u00f6ltenek, \u00e9s amely a csal\u00e1d kereks\u00e9g\u00e9t \u00e9s egys\u00e9g\u00e9t szimboliz\u00e1lja. A k\u00ednai \u00faj\u00e9v 15. napj\u00e1n, a Lampion\u00fcnnepen az emberek \u00e9des gomb\u00f3cokat esznek, lampionokat \u00fcnnepelnek, t\u0171zij\u00e1t\u00e9koznak \u00e9s sz\u00e1mos egyedi folkl\u00f3r programot tartanak.<\/p>\n\n\n\n<figure class=\"wp-block-image\"><img decoding=\"async\" src=\"https:\/\/hirpest.hu\/wp-content\/uploads\/2023\/02\/0220_1-1024x683.jpg\" alt=\"\" class=\"wp-image-15839\"\/><\/figure>\n\n\n\n<p>A 16 nemzetk\u00f6zi di\u00e1k k\u00f6z\u00fcl n\u00e9h\u00e1nyan m\u00e1r h\u00e1rom \u00e9ve K\u00edn\u00e1ban \u00e9lnek, m\u00edg m\u00e1sok csak most kezdtek el k\u00ednaiul tanulni. A nyelvi \u00e9s kultur\u00e1lis k\u00fcl\u00f6nbs\u00e9gek ellen\u00e9re az \u00e9tel ir\u00e1nti szeretet\u00fck meglep\u0151en egys\u00e9ges volt. Amikor melegen t\u00e1lalt\u00e1k a gomb\u00f3cokat az asztalra, nem tudt\u00e1k visszafojtani izgalmukat, \u00e9s alig v\u00e1rt\u00e1k, hogy megk\u00f3stolj\u00e1k a finoms\u00e1got!<\/p>\n\n\n\n<p>Tang Guoyu, egy k\u00f6z\u00f6ss\u00e9gi vezet\u0151 eml\u00e9keztette a k\u00fclf\u00f6ldi di\u00e1kokat:&nbsp;<\/p>\n\n\n\n<blockquote class=\"wp-block-quote is-layout-flow wp-block-quote-is-layout-flow\">\n<p>\u201eAzonnal m\u00e9g nem ehetitek meg a gomb\u00f3cokat, mert nagyon forr\u00f3 a benne l\u00e9v\u0151 t\u00f6ltel\u00e9k, \u00e9s ha t\u00fcrelmetlenek vagytok, meg\u00e9gethetitek magatokat. El\u0151sz\u00f6r v\u00e1rjunk egy f\u00e9l percet!\u201d<\/p>\n<\/blockquote>\n\n\n\n<figure class=\"wp-block-image\"><img decoding=\"async\" src=\"https:\/\/hirpest.hu\/wp-content\/uploads\/2023\/02\/0220_2-1024x683.jpg\" alt=\"\" class=\"wp-image-15838\"\/><\/figure>\n\n\n\n<p>Haman, a Linyi Egyetem marokk\u00f3i hallgat\u00f3ja azt mondta:&nbsp;<\/p>\n\n\n\n<blockquote class=\"wp-block-quote is-layout-flow wp-block-quote-is-layout-flow\">\n<p>\u201eTudom, hogy a l\u00e1mp\u00e1sfesztiv\u00e1l nagyon fontos a k\u00ednaiak sz\u00e1m\u00e1ra. Nagyon j\u00f3 hagyom\u00e1ny, hogy az emberek ezen a napon \u00f6sszegy\u0171lnek a szeretet \u00e9s a csal\u00e1d jegy\u00e9ben. A k\u00ednai l\u00e1mp\u00e1sfesztiv\u00e1l sz\u00e9p eml\u00e9keket hagyott bennem.\u201d<\/p>\n<\/blockquote>\n\n\n\n<p>Felejthetetlen \u00e9s csod\u00e1latos napja volt ez Haman \u00e9s k\u00ednai bar\u00e1tai sz\u00e1m\u00e1ra: nem csak k\u00ednai \u00e9teleket k\u00f3stolhatott, de k\u00ednai bar\u00e1tait\u00f3l \u00fcnnepi aj\u00e1nd\u00e9kokat is kapott \u2013 egy gy\u00f6ny\u00f6r\u0171 lampiont \u00e9s egy sz\u00e9p k\u00e9pkeretet. A k\u00ednai kult\u00fara legjava az is, hogy egy t\u00e1voli, idegen orsz\u00e1gban otthon \u00e9rzik magukat.&nbsp;<\/p>\n\n\n\n<p><em>(Sun Lei)<\/em><\/p>\n\n\n\n<p><strong>2023. febru\u00e1r 20.<\/strong><\/p>\n\n\n\n<p><strong><em>(\u00daj szemle)<\/em><\/strong><\/p>\n\n\n\n<p><strong>(x)<\/strong><\/p>\n","protected":false},"excerpt":{"rendered":"<p>3 nap&nbsp; A Centrum TV k\u00f6zrem\u0171k\u00f6d\u00e9s\u00e9vel \u201eMilyen gy\u00f6ny\u00f6r\u0171 nyulas lampion! A k\u00ednai kult\u00fara nagyszer\u0171!\u201d \u2013 Qiao Rui elef\u00e1ntcsontparti di\u00e1k el\u0151sz\u00f6r tanulta k\u00ednai lampionok k\u00e9sz\u00edt\u00e9s\u00e9t a Shandong tartom\u00e1ny Linyi v\u00e1ros\u00e1nak Lanshan ker\u00fclet\u00e9ben l\u00e9v\u0151 Jiao Yi k\u00f6z\u00f6ss\u00e9gben febru\u00e1r 1-j\u00e9n. Ezen a napon 6 k\u00fcl\u00f6nb\u00f6z\u0151 orsz\u00e1gb\u00f3l sz\u00e1rmaz\u00f3 16 k\u00fclf\u00f6ldi di\u00e1kot h\u00edvtak meg, hogy r\u00e9szt vegyenek a \u201eMi fesztiv\u00e1lunk [&hellip;]<\/p>\n","protected":false},"author":7,"featured_media":16478,"comment_status":"closed","ping_status":"closed","sticky":false,"template":"","format":"standard","meta":{"footnotes":""},"categories":[45,63],"tags":[1430,2036,419,2073],"class_list":["post-16476","post","type-post","status-publish","format-standard","has-post-thumbnail","hentry","category-hirek","category-kultura","tag-fesztival","tag-kultura","tag-magyarorszag","tag-nemzetkozi"],"yoast_head":"<!-- This site is optimized with the Yoast SEO plugin v23.7 - https:\/\/yoast.com\/wordpress\/plugins\/seo\/ -->\n<title>Linyi, Lanshan: A k\u00fclf\u00f6ldi di\u00e1kok beleszerettek a k\u00ednai lampionfesztiv\u00e1lba - kinaikaleidoszkop.hu<\/title>\n<meta name=\"robots\" content=\"index, follow, max-snippet:-1, max-image-preview:large, max-video-preview:-1\" \/>\n<link rel=\"canonical\" href=\"https:\/\/kinaikaleidoszkop.hu\/index.php\/2023\/02\/20\/linyi-lanshan-a-kulfoldi-diakok-beleszerettek-a-kinai-lampionfesztivalba\/\" \/>\n<meta property=\"og:locale\" content=\"hu_HU\" \/>\n<meta property=\"og:type\" content=\"article\" \/>\n<meta property=\"og:title\" content=\"Linyi, Lanshan: A k\u00fclf\u00f6ldi di\u00e1kok beleszerettek a k\u00ednai lampionfesztiv\u00e1lba - kinaikaleidoszkop.hu\" \/>\n<meta property=\"og:description\" content=\"3 nap&nbsp; A Centrum TV k\u00f6zrem\u0171k\u00f6d\u00e9s\u00e9vel \u201eMilyen gy\u00f6ny\u00f6r\u0171 nyulas lampion! A k\u00ednai kult\u00fara nagyszer\u0171!\u201d \u2013 Qiao Rui elef\u00e1ntcsontparti di\u00e1k el\u0151sz\u00f6r tanulta k\u00ednai lampionok k\u00e9sz\u00edt\u00e9s\u00e9t a Shandong tartom\u00e1ny Linyi v\u00e1ros\u00e1nak Lanshan ker\u00fclet\u00e9ben l\u00e9v\u0151 Jiao Yi k\u00f6z\u00f6ss\u00e9gben febru\u00e1r 1-j\u00e9n. Ezen a napon 6 k\u00fcl\u00f6nb\u00f6z\u0151 orsz\u00e1gb\u00f3l sz\u00e1rmaz\u00f3 16 k\u00fclf\u00f6ldi di\u00e1kot h\u00edvtak meg, hogy r\u00e9szt vegyenek a \u201eMi fesztiv\u00e1lunk [&hellip;]\" \/>\n<meta property=\"og:url\" content=\"https:\/\/kinaikaleidoszkop.hu\/index.php\/2023\/02\/20\/linyi-lanshan-a-kulfoldi-diakok-beleszerettek-a-kinai-lampionfesztivalba\/\" \/>\n<meta property=\"og:site_name\" content=\"kinaikaleidoszkop.hu\" \/>\n<meta property=\"article:published_time\" content=\"2023-02-20T19:07:00+00:00\" \/>\n<meta property=\"article:modified_time\" content=\"2023-02-23T19:08:03+00:00\" \/>\n<meta property=\"og:image\" content=\"https:\/\/kinaikaleidoszkop.hu\/wp-content\/uploads\/2023\/02\/0220_1-2048x1365-1.jpg\" \/>\n\t<meta property=\"og:image:width\" content=\"2048\" \/>\n\t<meta property=\"og:image:height\" content=\"1365\" \/>\n\t<meta property=\"og:image:type\" content=\"image\/jpeg\" \/>\n<meta name=\"author\" content=\"Szerk_Erik\" \/>\n<meta name=\"twitter:card\" content=\"summary_large_image\" \/>\n<meta name=\"twitter:label1\" content=\"Szerz\u0151:\" \/>\n\t<meta name=\"twitter:data1\" content=\"Szerk_Erik\" \/>\n\t<meta name=\"twitter:label2\" content=\"Becs\u00fclt olvas\u00e1si id\u0151\" \/>\n\t<meta name=\"twitter:data2\" content=\"2 perc\" \/>\n<script type=\"application\/ld+json\" class=\"yoast-schema-graph\">{\"@context\":\"https:\/\/schema.org\",\"@graph\":[{\"@type\":\"WebPage\",\"@id\":\"https:\/\/kinaikaleidoszkop.hu\/index.php\/2023\/02\/20\/linyi-lanshan-a-kulfoldi-diakok-beleszerettek-a-kinai-lampionfesztivalba\/\",\"url\":\"https:\/\/kinaikaleidoszkop.hu\/index.php\/2023\/02\/20\/linyi-lanshan-a-kulfoldi-diakok-beleszerettek-a-kinai-lampionfesztivalba\/\",\"name\":\"Linyi, Lanshan: A k\u00fclf\u00f6ldi di\u00e1kok beleszerettek a k\u00ednai lampionfesztiv\u00e1lba - kinaikaleidoszkop.hu\",\"isPartOf\":{\"@id\":\"https:\/\/kinaikaleidoszkop.hu\/#website\"},\"primaryImageOfPage\":{\"@id\":\"https:\/\/kinaikaleidoszkop.hu\/index.php\/2023\/02\/20\/linyi-lanshan-a-kulfoldi-diakok-beleszerettek-a-kinai-lampionfesztivalba\/#primaryimage\"},\"image\":{\"@id\":\"https:\/\/kinaikaleidoszkop.hu\/index.php\/2023\/02\/20\/linyi-lanshan-a-kulfoldi-diakok-beleszerettek-a-kinai-lampionfesztivalba\/#primaryimage\"},\"thumbnailUrl\":\"https:\/\/kinaikaleidoszkop.hu\/wp-content\/uploads\/2023\/02\/0220_1-2048x1365-1.jpg\",\"datePublished\":\"2023-02-20T19:07:00+00:00\",\"dateModified\":\"2023-02-23T19:08:03+00:00\",\"author\":{\"@id\":\"https:\/\/kinaikaleidoszkop.hu\/#\/schema\/person\/4d69b71e7e70322713b9d9287b610556\"},\"breadcrumb\":{\"@id\":\"https:\/\/kinaikaleidoszkop.hu\/index.php\/2023\/02\/20\/linyi-lanshan-a-kulfoldi-diakok-beleszerettek-a-kinai-lampionfesztivalba\/#breadcrumb\"},\"inLanguage\":\"hu\",\"potentialAction\":[{\"@type\":\"ReadAction\",\"target\":[\"https:\/\/kinaikaleidoszkop.hu\/index.php\/2023\/02\/20\/linyi-lanshan-a-kulfoldi-diakok-beleszerettek-a-kinai-lampionfesztivalba\/\"]}]},{\"@type\":\"ImageObject\",\"inLanguage\":\"hu\",\"@id\":\"https:\/\/kinaikaleidoszkop.hu\/index.php\/2023\/02\/20\/linyi-lanshan-a-kulfoldi-diakok-beleszerettek-a-kinai-lampionfesztivalba\/#primaryimage\",\"url\":\"https:\/\/kinaikaleidoszkop.hu\/wp-content\/uploads\/2023\/02\/0220_1-2048x1365-1.jpg\",\"contentUrl\":\"https:\/\/kinaikaleidoszkop.hu\/wp-content\/uploads\/2023\/02\/0220_1-2048x1365-1.jpg\",\"width\":2048,\"height\":1365},{\"@type\":\"BreadcrumbList\",\"@id\":\"https:\/\/kinaikaleidoszkop.hu\/index.php\/2023\/02\/20\/linyi-lanshan-a-kulfoldi-diakok-beleszerettek-a-kinai-lampionfesztivalba\/#breadcrumb\",\"itemListElement\":[{\"@type\":\"ListItem\",\"position\":1,\"name\":\"Kezd\u0151lap\",\"item\":\"https:\/\/kinaikaleidoszkop.hu\/\"},{\"@type\":\"ListItem\",\"position\":2,\"name\":\"Linyi, Lanshan: A k\u00fclf\u00f6ldi di\u00e1kok beleszerettek a k\u00ednai lampionfesztiv\u00e1lba\"}]},{\"@type\":\"WebSite\",\"@id\":\"https:\/\/kinaikaleidoszkop.hu\/#website\",\"url\":\"https:\/\/kinaikaleidoszkop.hu\/\",\"name\":\"kinaikaleidoszkop.hu\",\"description\":\"\",\"potentialAction\":[{\"@type\":\"SearchAction\",\"target\":{\"@type\":\"EntryPoint\",\"urlTemplate\":\"https:\/\/kinaikaleidoszkop.hu\/?s={search_term_string}\"},\"query-input\":{\"@type\":\"PropertyValueSpecification\",\"valueRequired\":true,\"valueName\":\"search_term_string\"}}],\"inLanguage\":\"hu\"},{\"@type\":\"Person\",\"@id\":\"https:\/\/kinaikaleidoszkop.hu\/#\/schema\/person\/4d69b71e7e70322713b9d9287b610556\",\"name\":\"Szerk_Erik\",\"image\":{\"@type\":\"ImageObject\",\"inLanguage\":\"hu\",\"@id\":\"https:\/\/kinaikaleidoszkop.hu\/#\/schema\/person\/image\/\",\"url\":\"https:\/\/secure.gravatar.com\/avatar\/3c1e909a14c0c91d2eaef877aaacb584c667f8e7137de69653aa9561fd0e8062?s=96&d=mm&r=g\",\"contentUrl\":\"https:\/\/secure.gravatar.com\/avatar\/3c1e909a14c0c91d2eaef877aaacb584c667f8e7137de69653aa9561fd0e8062?s=96&d=mm&r=g\",\"caption\":\"Szerk_Erik\"},\"url\":\"https:\/\/kinaikaleidoszkop.hu\/index.php\/author\/szerk_erik\/\"}]}<\/script>\n<!-- \/ Yoast SEO plugin. -->","yoast_head_json":{"title":"Linyi, Lanshan: A k\u00fclf\u00f6ldi di\u00e1kok beleszerettek a k\u00ednai lampionfesztiv\u00e1lba - kinaikaleidoszkop.hu","robots":{"index":"index","follow":"follow","max-snippet":"max-snippet:-1","max-image-preview":"max-image-preview:large","max-video-preview":"max-video-preview:-1"},"canonical":"https:\/\/kinaikaleidoszkop.hu\/index.php\/2023\/02\/20\/linyi-lanshan-a-kulfoldi-diakok-beleszerettek-a-kinai-lampionfesztivalba\/","og_locale":"hu_HU","og_type":"article","og_title":"Linyi, Lanshan: A k\u00fclf\u00f6ldi di\u00e1kok beleszerettek a k\u00ednai lampionfesztiv\u00e1lba - kinaikaleidoszkop.hu","og_description":"3 nap&nbsp; A Centrum TV k\u00f6zrem\u0171k\u00f6d\u00e9s\u00e9vel \u201eMilyen gy\u00f6ny\u00f6r\u0171 nyulas lampion! A k\u00ednai kult\u00fara nagyszer\u0171!\u201d \u2013 Qiao Rui elef\u00e1ntcsontparti di\u00e1k el\u0151sz\u00f6r tanulta k\u00ednai lampionok k\u00e9sz\u00edt\u00e9s\u00e9t a Shandong tartom\u00e1ny Linyi v\u00e1ros\u00e1nak Lanshan ker\u00fclet\u00e9ben l\u00e9v\u0151 Jiao Yi k\u00f6z\u00f6ss\u00e9gben febru\u00e1r 1-j\u00e9n. Ezen a napon 6 k\u00fcl\u00f6nb\u00f6z\u0151 orsz\u00e1gb\u00f3l sz\u00e1rmaz\u00f3 16 k\u00fclf\u00f6ldi di\u00e1kot h\u00edvtak meg, hogy r\u00e9szt vegyenek a \u201eMi fesztiv\u00e1lunk [&hellip;]","og_url":"https:\/\/kinaikaleidoszkop.hu\/index.php\/2023\/02\/20\/linyi-lanshan-a-kulfoldi-diakok-beleszerettek-a-kinai-lampionfesztivalba\/","og_site_name":"kinaikaleidoszkop.hu","article_published_time":"2023-02-20T19:07:00+00:00","article_modified_time":"2023-02-23T19:08:03+00:00","og_image":[{"width":2048,"height":1365,"url":"https:\/\/kinaikaleidoszkop.hu\/wp-content\/uploads\/2023\/02\/0220_1-2048x1365-1.jpg","type":"image\/jpeg"}],"author":"Szerk_Erik","twitter_card":"summary_large_image","twitter_misc":{"Szerz\u0151:":"Szerk_Erik","Becs\u00fclt olvas\u00e1si id\u0151":"2 perc"},"schema":{"@context":"https:\/\/schema.org","@graph":[{"@type":"WebPage","@id":"https:\/\/kinaikaleidoszkop.hu\/index.php\/2023\/02\/20\/linyi-lanshan-a-kulfoldi-diakok-beleszerettek-a-kinai-lampionfesztivalba\/","url":"https:\/\/kinaikaleidoszkop.hu\/index.php\/2023\/02\/20\/linyi-lanshan-a-kulfoldi-diakok-beleszerettek-a-kinai-lampionfesztivalba\/","name":"Linyi, Lanshan: A k\u00fclf\u00f6ldi di\u00e1kok beleszerettek a k\u00ednai lampionfesztiv\u00e1lba - kinaikaleidoszkop.hu","isPartOf":{"@id":"https:\/\/kinaikaleidoszkop.hu\/#website"},"primaryImageOfPage":{"@id":"https:\/\/kinaikaleidoszkop.hu\/index.php\/2023\/02\/20\/linyi-lanshan-a-kulfoldi-diakok-beleszerettek-a-kinai-lampionfesztivalba\/#primaryimage"},"image":{"@id":"https:\/\/kinaikaleidoszkop.hu\/index.php\/2023\/02\/20\/linyi-lanshan-a-kulfoldi-diakok-beleszerettek-a-kinai-lampionfesztivalba\/#primaryimage"},"thumbnailUrl":"https:\/\/kinaikaleidoszkop.hu\/wp-content\/uploads\/2023\/02\/0220_1-2048x1365-1.jpg","datePublished":"2023-02-20T19:07:00+00:00","dateModified":"2023-02-23T19:08:03+00:00","author":{"@id":"https:\/\/kinaikaleidoszkop.hu\/#\/schema\/person\/4d69b71e7e70322713b9d9287b610556"},"breadcrumb":{"@id":"https:\/\/kinaikaleidoszkop.hu\/index.php\/2023\/02\/20\/linyi-lanshan-a-kulfoldi-diakok-beleszerettek-a-kinai-lampionfesztivalba\/#breadcrumb"},"inLanguage":"hu","potentialAction":[{"@type":"ReadAction","target":["https:\/\/kinaikaleidoszkop.hu\/index.php\/2023\/02\/20\/linyi-lanshan-a-kulfoldi-diakok-beleszerettek-a-kinai-lampionfesztivalba\/"]}]},{"@type":"ImageObject","inLanguage":"hu","@id":"https:\/\/kinaikaleidoszkop.hu\/index.php\/2023\/02\/20\/linyi-lanshan-a-kulfoldi-diakok-beleszerettek-a-kinai-lampionfesztivalba\/#primaryimage","url":"https:\/\/kinaikaleidoszkop.hu\/wp-content\/uploads\/2023\/02\/0220_1-2048x1365-1.jpg","contentUrl":"https:\/\/kinaikaleidoszkop.hu\/wp-content\/uploads\/2023\/02\/0220_1-2048x1365-1.jpg","width":2048,"height":1365},{"@type":"BreadcrumbList","@id":"https:\/\/kinaikaleidoszkop.hu\/index.php\/2023\/02\/20\/linyi-lanshan-a-kulfoldi-diakok-beleszerettek-a-kinai-lampionfesztivalba\/#breadcrumb","itemListElement":[{"@type":"ListItem","position":1,"name":"Kezd\u0151lap","item":"https:\/\/kinaikaleidoszkop.hu\/"},{"@type":"ListItem","position":2,"name":"Linyi, Lanshan: A k\u00fclf\u00f6ldi di\u00e1kok beleszerettek a k\u00ednai lampionfesztiv\u00e1lba"}]},{"@type":"WebSite","@id":"https:\/\/kinaikaleidoszkop.hu\/#website","url":"https:\/\/kinaikaleidoszkop.hu\/","name":"kinaikaleidoszkop.hu","description":"","potentialAction":[{"@type":"SearchAction","target":{"@type":"EntryPoint","urlTemplate":"https:\/\/kinaikaleidoszkop.hu\/?s={search_term_string}"},"query-input":{"@type":"PropertyValueSpecification","valueRequired":true,"valueName":"search_term_string"}}],"inLanguage":"hu"},{"@type":"Person","@id":"https:\/\/kinaikaleidoszkop.hu\/#\/schema\/person\/4d69b71e7e70322713b9d9287b610556","name":"Szerk_Erik","image":{"@type":"ImageObject","inLanguage":"hu","@id":"https:\/\/kinaikaleidoszkop.hu\/#\/schema\/person\/image\/","url":"https:\/\/secure.gravatar.com\/avatar\/3c1e909a14c0c91d2eaef877aaacb584c667f8e7137de69653aa9561fd0e8062?s=96&d=mm&r=g","contentUrl":"https:\/\/secure.gravatar.com\/avatar\/3c1e909a14c0c91d2eaef877aaacb584c667f8e7137de69653aa9561fd0e8062?s=96&d=mm&r=g","caption":"Szerk_Erik"},"url":"https:\/\/kinaikaleidoszkop.hu\/index.php\/author\/szerk_erik\/"}]}},"views":254,"distributor_meta":false,"distributor_terms":false,"distributor_media":false,"distributor_original_site_name":"kinaikaleidoszkop.hu","distributor_original_site_url":"https:\/\/kinaikaleidoszkop.hu","push-errors":false,"_links":{"self":[{"href":"https:\/\/kinaikaleidoszkop.hu\/index.php\/wp-json\/wp\/v2\/posts\/16476","targetHints":{"allow":["GET"]}}],"collection":[{"href":"https:\/\/kinaikaleidoszkop.hu\/index.php\/wp-json\/wp\/v2\/posts"}],"about":[{"href":"https:\/\/kinaikaleidoszkop.hu\/index.php\/wp-json\/wp\/v2\/types\/post"}],"author":[{"embeddable":true,"href":"https:\/\/kinaikaleidoszkop.hu\/index.php\/wp-json\/wp\/v2\/users\/7"}],"replies":[{"embeddable":true,"href":"https:\/\/kinaikaleidoszkop.hu\/index.php\/wp-json\/wp\/v2\/comments?post=16476"}],"version-history":[{"count":1,"href":"https:\/\/kinaikaleidoszkop.hu\/index.php\/wp-json\/wp\/v2\/posts\/16476\/revisions"}],"predecessor-version":[{"id":16479,"href":"https:\/\/kinaikaleidoszkop.hu\/index.php\/wp-json\/wp\/v2\/posts\/16476\/revisions\/16479"}],"wp:featuredmedia":[{"embeddable":true,"href":"https:\/\/kinaikaleidoszkop.hu\/index.php\/wp-json\/wp\/v2\/media\/16478"}],"wp:attachment":[{"href":"https:\/\/kinaikaleidoszkop.hu\/index.php\/wp-json\/wp\/v2\/media?parent=16476"}],"wp:term":[{"taxonomy":"category","embeddable":true,"href":"https:\/\/kinaikaleidoszkop.hu\/index.php\/wp-json\/wp\/v2\/categories?post=16476"},{"taxonomy":"post_tag","embeddable":true,"href":"https:\/\/kinaikaleidoszkop.hu\/index.php\/wp-json\/wp\/v2\/tags?post=16476"}],"curies":[{"name":"wp","href":"https:\/\/api.w.org\/{rel}","templated":true}]}}