{"id":16480,"date":"2023-02-20T20:08:12","date_gmt":"2023-02-20T19:08:12","guid":{"rendered":"https:\/\/kinaikaleidoszkop.hu\/?p=16480"},"modified":"2023-02-23T20:08:57","modified_gmt":"2023-02-23T19:08:57","slug":"wang-yi-nemzektozi-kapcsolatok-demokratizalasara-iranyul-a-kinai-magyar-kooperacio","status":"publish","type":"post","link":"https:\/\/kinaikaleidoszkop.hu\/index.php\/2023\/02\/20\/wang-yi-nemzektozi-kapcsolatok-demokratizalasara-iranyul-a-kinai-magyar-kooperacio\/","title":{"rendered":"Wang Yi: Nemzekt\u00f6zi kapcsolatok demokratiz\u00e1l\u00e1s\u00e1ra ir\u00e1nyul a k\u00ednai-magyar kooper\u00e1ci\u00f3"},"content":{"rendered":"\n<p><strong>Orsz\u00e1ga nagyra becs\u00fcli Magyarorsz\u00e1g azon politik\u00e1j\u00e1t, hogy t\u00e1mogatja a k\u00ednai-eur\u00f3pai kapcsolatok tov\u00e1bbfejl\u0151d\u00e9s\u00e9t, mondta Wang Yi, a K\u00ednai Kommunista P\u00e1rt K\u00f6zponti Bizotts\u00e1ga K\u00fcl\u00fcgyi Irod\u00e1j\u00e1nak vezet\u0151je Budapesten, amikor fogadta Orb\u00e1n Viktor minisztereln\u00f6k. Hozz\u00e1tette: ez a politika megegyezik a k\u00e9t n\u00e9p alap\u00e9rdekeivel, egyszersmind Eur\u00f3pa hossz\u00fa t\u00e1v\u00fa \u00e9rdekeihez is alkalmazkodik.<\/strong><\/p>\n\n\n\n<p>Magyarorsz\u00e1g k\u00f6vetkezetesen folytatja K\u00edna-bar\u00e1ti politik\u00e1j\u00e1t, szem el\u0151tt tartja a K\u00edn\u00e1val folytatott egy\u00fcttm\u0171k\u00f6d\u00e9seket minden ter\u00fcleten egyar\u00e1nt, emelte ki a fogad\u00e1son Orb\u00e1n Viktor \u00e9s \u0151szint\u00e9n megk\u00f6sz\u00f6nte a K\u00edna \u00e1ltal r\u00e9g\u00f3ta ny\u00fajtott seg\u00edts\u00e9geket, mint p\u00e9ld\u00e1ul a k\u00ednai olt\u00f3anyagokat \u2013 \u201emelyek rengeteg magyar \u00e9let\u00e9t mentett\u00e9k meg\u201d. A magyar minisztereln\u00f6k kifejez\u00e9sre juttatta: orsz\u00e1ga tov\u00e1bbra is megteszi lehet\u0151leg legnagyobb er\u0151fesz\u00edt\u00e9seit az eur\u00f3pai-k\u00ednai kapcsolatok fejl\u0151d\u00e9s\u00e9\u00e9rt.<\/p>\n\n\n\n<p>Elt\u00e9r ugyan a k\u00e9t orsz\u00e1g m\u00e9rete \u00e9s nagys\u00e1ga, \u00e1mde kapcsolatai m\u00e1ris j\u00f3 p\u00e9ldak\u00e9nt szolg\u00e1lnak az egy\u00e9b \u00e1llamk\u00f6zi viszonyok sz\u00e1m\u00e1ra, hiszen a k\u00e9t orsz\u00e1g v\u00e1ltozatlanul tiszteletben tartja egym\u00e1st, \u00e9s a m\u00e1sik f\u00e9l meg\u00e9rt\u00e9s\u00e9vel nagy bizalmat tan\u00fas\u00edt egym\u00e1s ir\u00e1nt, sz\u00f6gezte le a k\u00ednai diplom\u00e1cia kor\u00e1bbi vezet\u0151je. Kerek t\u00edz \u00e9v telt el id\u00e9n az\u00f3ta, mi\u00f3ta felvetette Hszi Csin-ping k\u00ednai \u00e1llameln\u00f6k az \u00d6vezet \u00e9s \u00dat kezdem\u00e9nyez\u00e9s\u00e9t, Wang Yi arra sz\u00f3l\u00edtott fel, hogy a felek az \u00d6vezet \u00e9s \u00dat k\u00f6z\u00f6s ki\u00e9p\u00edt\u00e9s\u00e9nek keret\u00e9ben fokozhass\u00e1k a magas min\u0151s\u00e9g\u0171 egy\u00fcttm\u0171kod\u00e9seket. K\u00edna k\u00e9sz magyar partner\u00e9vel el\u0151re vinni az \u00e1tfog\u00f3 bar\u00e1ti kapcsolatokat annak \u00e9rdek\u00e9ben, hogy az egym\u00e1snak el\u0151ny\u00f6s egy\u00fcttm\u0171k\u00f6d\u00e9sek meger\u0151s\u00edt\u00e9s\u00e9vel demokratiz\u00e1l\u00f3djanak a nemzetk\u00f6zi kapcsolatok \u00e9s t\u00f6bbp\u00f3lus\u00fav\u00e1 v\u00e1ljon a vil\u00e1g, hangoztatta Wang Yi.&nbsp;<\/p>\n\n\n\n<p>A felek a fogad\u00e1son v\u00e9lem\u00e9nyt cser\u00e9ltek az Ukrajn\u00e1hoz kapcsol\u00f3d\u00f3 k\u00e9rd\u00e9sekr\u0151l is. Min\u00e9l bonyolultabb a helyzet, ann\u00e1l j\u00f3zanabb gondolkod\u00e1sra van sz\u00fcks\u00e9g ahhoz, hogy helyes d\u00f6nt\u00e9st hozzanak a nemzetk\u00f6zi norm\u00e1hoz \u00e9s Eur\u00f3pa hossz\u00fa t\u00e1v\u00fa \u00e9rdekeihez igaz\u00f3dva, alakult ki t\u00f6bbek k\u00f6z\u00f6tt a k\u00f6z\u00f6s megegyez\u00e9s a besz\u00e9lget\u00e9sen.<\/p>\n\n\n\n<p><strong>2023. 02. 20.<\/strong><\/p>\n\n\n\n<p><strong><em>(China Media Group)<\/em><\/strong><\/p>\n\n\n\n<p><strong>(x)<\/strong><\/p>\n","protected":false},"excerpt":{"rendered":"<p>Orsz\u00e1ga nagyra becs\u00fcli Magyarorsz\u00e1g azon politik\u00e1j\u00e1t, hogy t\u00e1mogatja a k\u00ednai-eur\u00f3pai kapcsolatok tov\u00e1bbfejl\u0151d\u00e9s\u00e9t, mondta Wang Yi, a K\u00ednai Kommunista P\u00e1rt K\u00f6zponti Bizotts\u00e1ga K\u00fcl\u00fcgyi Irod\u00e1j\u00e1nak vezet\u0151je Budapesten, amikor fogadta Orb\u00e1n Viktor minisztereln\u00f6k. Hozz\u00e1tette: ez a politika megegyezik a k\u00e9t n\u00e9p alap\u00e9rdekeivel, egyszersmind Eur\u00f3pa hossz\u00fa t\u00e1v\u00fa \u00e9rdekeihez is alkalmazkodik. Magyarorsz\u00e1g k\u00f6vetkezetesen folytatja K\u00edna-bar\u00e1ti politik\u00e1j\u00e1t, szem el\u0151tt tartja a [&hellip;]<\/p>\n","protected":false},"author":7,"featured_media":16482,"comment_status":"closed","ping_status":"closed","sticky":false,"template":"","format":"standard","meta":{"footnotes":""},"categories":[45],"tags":[398,2074,419,500],"class_list":["post-16480","post","type-post","status-publish","format-standard","has-post-thumbnail","hentry","category-hirek","tag-kapcsolat","tag-kooperacio","tag-magyarorszag","tag-politika"],"yoast_head":"<!-- This site is optimized with the Yoast SEO plugin v23.7 - https:\/\/yoast.com\/wordpress\/plugins\/seo\/ -->\n<title>Wang Yi: Nemzekt\u00f6zi kapcsolatok demokratiz\u00e1l\u00e1s\u00e1ra ir\u00e1nyul a k\u00ednai-magyar kooper\u00e1ci\u00f3 - kinaikaleidoszkop.hu<\/title>\n<meta name=\"robots\" content=\"index, follow, max-snippet:-1, max-image-preview:large, max-video-preview:-1\" \/>\n<link rel=\"canonical\" href=\"https:\/\/kinaikaleidoszkop.hu\/index.php\/2023\/02\/20\/wang-yi-nemzektozi-kapcsolatok-demokratizalasara-iranyul-a-kinai-magyar-kooperacio\/\" \/>\n<meta property=\"og:locale\" content=\"hu_HU\" \/>\n<meta property=\"og:type\" content=\"article\" \/>\n<meta property=\"og:title\" content=\"Wang Yi: Nemzekt\u00f6zi kapcsolatok demokratiz\u00e1l\u00e1s\u00e1ra ir\u00e1nyul a k\u00ednai-magyar kooper\u00e1ci\u00f3 - kinaikaleidoszkop.hu\" \/>\n<meta property=\"og:description\" content=\"Orsz\u00e1ga nagyra becs\u00fcli Magyarorsz\u00e1g azon politik\u00e1j\u00e1t, hogy t\u00e1mogatja a k\u00ednai-eur\u00f3pai kapcsolatok tov\u00e1bbfejl\u0151d\u00e9s\u00e9t, mondta Wang Yi, a K\u00ednai Kommunista P\u00e1rt K\u00f6zponti Bizotts\u00e1ga K\u00fcl\u00fcgyi Irod\u00e1j\u00e1nak vezet\u0151je Budapesten, amikor fogadta Orb\u00e1n Viktor minisztereln\u00f6k. Hozz\u00e1tette: ez a politika megegyezik a k\u00e9t n\u00e9p alap\u00e9rdekeivel, egyszersmind Eur\u00f3pa hossz\u00fa t\u00e1v\u00fa \u00e9rdekeihez is alkalmazkodik. Magyarorsz\u00e1g k\u00f6vetkezetesen folytatja K\u00edna-bar\u00e1ti politik\u00e1j\u00e1t, szem el\u0151tt tartja a [&hellip;]\" \/>\n<meta property=\"og:url\" content=\"https:\/\/kinaikaleidoszkop.hu\/index.php\/2023\/02\/20\/wang-yi-nemzektozi-kapcsolatok-demokratizalasara-iranyul-a-kinai-magyar-kooperacio\/\" \/>\n<meta property=\"og:site_name\" content=\"kinaikaleidoszkop.hu\" \/>\n<meta property=\"article:published_time\" content=\"2023-02-20T19:08:12+00:00\" \/>\n<meta property=\"article:modified_time\" content=\"2023-02-23T19:08:57+00:00\" \/>\n<meta property=\"og:image\" content=\"https:\/\/kinaikaleidoszkop.hu\/wp-content\/uploads\/2023\/02\/Download-84-380x260-1.jpg\" \/>\n\t<meta property=\"og:image:width\" content=\"380\" \/>\n\t<meta property=\"og:image:height\" content=\"260\" \/>\n\t<meta property=\"og:image:type\" content=\"image\/jpeg\" \/>\n<meta name=\"author\" content=\"Szerk_Erik\" \/>\n<meta name=\"twitter:card\" content=\"summary_large_image\" \/>\n<meta name=\"twitter:label1\" content=\"Szerz\u0151:\" \/>\n\t<meta name=\"twitter:data1\" content=\"Szerk_Erik\" \/>\n\t<meta name=\"twitter:label2\" content=\"Becs\u00fclt olvas\u00e1si id\u0151\" \/>\n\t<meta name=\"twitter:data2\" content=\"2 perc\" \/>\n<script type=\"application\/ld+json\" class=\"yoast-schema-graph\">{\"@context\":\"https:\/\/schema.org\",\"@graph\":[{\"@type\":\"WebPage\",\"@id\":\"https:\/\/kinaikaleidoszkop.hu\/index.php\/2023\/02\/20\/wang-yi-nemzektozi-kapcsolatok-demokratizalasara-iranyul-a-kinai-magyar-kooperacio\/\",\"url\":\"https:\/\/kinaikaleidoszkop.hu\/index.php\/2023\/02\/20\/wang-yi-nemzektozi-kapcsolatok-demokratizalasara-iranyul-a-kinai-magyar-kooperacio\/\",\"name\":\"Wang Yi: Nemzekt\u00f6zi kapcsolatok demokratiz\u00e1l\u00e1s\u00e1ra ir\u00e1nyul a k\u00ednai-magyar kooper\u00e1ci\u00f3 - kinaikaleidoszkop.hu\",\"isPartOf\":{\"@id\":\"https:\/\/kinaikaleidoszkop.hu\/#website\"},\"primaryImageOfPage\":{\"@id\":\"https:\/\/kinaikaleidoszkop.hu\/index.php\/2023\/02\/20\/wang-yi-nemzektozi-kapcsolatok-demokratizalasara-iranyul-a-kinai-magyar-kooperacio\/#primaryimage\"},\"image\":{\"@id\":\"https:\/\/kinaikaleidoszkop.hu\/index.php\/2023\/02\/20\/wang-yi-nemzektozi-kapcsolatok-demokratizalasara-iranyul-a-kinai-magyar-kooperacio\/#primaryimage\"},\"thumbnailUrl\":\"https:\/\/kinaikaleidoszkop.hu\/wp-content\/uploads\/2023\/02\/Download-84-380x260-1.jpg\",\"datePublished\":\"2023-02-20T19:08:12+00:00\",\"dateModified\":\"2023-02-23T19:08:57+00:00\",\"author\":{\"@id\":\"https:\/\/kinaikaleidoszkop.hu\/#\/schema\/person\/4d69b71e7e70322713b9d9287b610556\"},\"breadcrumb\":{\"@id\":\"https:\/\/kinaikaleidoszkop.hu\/index.php\/2023\/02\/20\/wang-yi-nemzektozi-kapcsolatok-demokratizalasara-iranyul-a-kinai-magyar-kooperacio\/#breadcrumb\"},\"inLanguage\":\"hu\",\"potentialAction\":[{\"@type\":\"ReadAction\",\"target\":[\"https:\/\/kinaikaleidoszkop.hu\/index.php\/2023\/02\/20\/wang-yi-nemzektozi-kapcsolatok-demokratizalasara-iranyul-a-kinai-magyar-kooperacio\/\"]}]},{\"@type\":\"ImageObject\",\"inLanguage\":\"hu\",\"@id\":\"https:\/\/kinaikaleidoszkop.hu\/index.php\/2023\/02\/20\/wang-yi-nemzektozi-kapcsolatok-demokratizalasara-iranyul-a-kinai-magyar-kooperacio\/#primaryimage\",\"url\":\"https:\/\/kinaikaleidoszkop.hu\/wp-content\/uploads\/2023\/02\/Download-84-380x260-1.jpg\",\"contentUrl\":\"https:\/\/kinaikaleidoszkop.hu\/wp-content\/uploads\/2023\/02\/Download-84-380x260-1.jpg\",\"width\":380,\"height\":260},{\"@type\":\"BreadcrumbList\",\"@id\":\"https:\/\/kinaikaleidoszkop.hu\/index.php\/2023\/02\/20\/wang-yi-nemzektozi-kapcsolatok-demokratizalasara-iranyul-a-kinai-magyar-kooperacio\/#breadcrumb\",\"itemListElement\":[{\"@type\":\"ListItem\",\"position\":1,\"name\":\"Kezd\u0151lap\",\"item\":\"https:\/\/kinaikaleidoszkop.hu\/\"},{\"@type\":\"ListItem\",\"position\":2,\"name\":\"Wang Yi: Nemzekt\u00f6zi kapcsolatok demokratiz\u00e1l\u00e1s\u00e1ra ir\u00e1nyul a k\u00ednai-magyar kooper\u00e1ci\u00f3\"}]},{\"@type\":\"WebSite\",\"@id\":\"https:\/\/kinaikaleidoszkop.hu\/#website\",\"url\":\"https:\/\/kinaikaleidoszkop.hu\/\",\"name\":\"kinaikaleidoszkop.hu\",\"description\":\"\",\"potentialAction\":[{\"@type\":\"SearchAction\",\"target\":{\"@type\":\"EntryPoint\",\"urlTemplate\":\"https:\/\/kinaikaleidoszkop.hu\/?s={search_term_string}\"},\"query-input\":{\"@type\":\"PropertyValueSpecification\",\"valueRequired\":true,\"valueName\":\"search_term_string\"}}],\"inLanguage\":\"hu\"},{\"@type\":\"Person\",\"@id\":\"https:\/\/kinaikaleidoszkop.hu\/#\/schema\/person\/4d69b71e7e70322713b9d9287b610556\",\"name\":\"Szerk_Erik\",\"image\":{\"@type\":\"ImageObject\",\"inLanguage\":\"hu\",\"@id\":\"https:\/\/kinaikaleidoszkop.hu\/#\/schema\/person\/image\/\",\"url\":\"https:\/\/secure.gravatar.com\/avatar\/3c1e909a14c0c91d2eaef877aaacb584c667f8e7137de69653aa9561fd0e8062?s=96&d=mm&r=g\",\"contentUrl\":\"https:\/\/secure.gravatar.com\/avatar\/3c1e909a14c0c91d2eaef877aaacb584c667f8e7137de69653aa9561fd0e8062?s=96&d=mm&r=g\",\"caption\":\"Szerk_Erik\"},\"url\":\"https:\/\/kinaikaleidoszkop.hu\/index.php\/author\/szerk_erik\/\"}]}<\/script>\n<!-- \/ Yoast SEO plugin. -->","yoast_head_json":{"title":"Wang Yi: Nemzekt\u00f6zi kapcsolatok demokratiz\u00e1l\u00e1s\u00e1ra ir\u00e1nyul a k\u00ednai-magyar kooper\u00e1ci\u00f3 - kinaikaleidoszkop.hu","robots":{"index":"index","follow":"follow","max-snippet":"max-snippet:-1","max-image-preview":"max-image-preview:large","max-video-preview":"max-video-preview:-1"},"canonical":"https:\/\/kinaikaleidoszkop.hu\/index.php\/2023\/02\/20\/wang-yi-nemzektozi-kapcsolatok-demokratizalasara-iranyul-a-kinai-magyar-kooperacio\/","og_locale":"hu_HU","og_type":"article","og_title":"Wang Yi: Nemzekt\u00f6zi kapcsolatok demokratiz\u00e1l\u00e1s\u00e1ra ir\u00e1nyul a k\u00ednai-magyar kooper\u00e1ci\u00f3 - kinaikaleidoszkop.hu","og_description":"Orsz\u00e1ga nagyra becs\u00fcli Magyarorsz\u00e1g azon politik\u00e1j\u00e1t, hogy t\u00e1mogatja a k\u00ednai-eur\u00f3pai kapcsolatok tov\u00e1bbfejl\u0151d\u00e9s\u00e9t, mondta Wang Yi, a K\u00ednai Kommunista P\u00e1rt K\u00f6zponti Bizotts\u00e1ga K\u00fcl\u00fcgyi Irod\u00e1j\u00e1nak vezet\u0151je Budapesten, amikor fogadta Orb\u00e1n Viktor minisztereln\u00f6k. Hozz\u00e1tette: ez a politika megegyezik a k\u00e9t n\u00e9p alap\u00e9rdekeivel, egyszersmind Eur\u00f3pa hossz\u00fa t\u00e1v\u00fa \u00e9rdekeihez is alkalmazkodik. Magyarorsz\u00e1g k\u00f6vetkezetesen folytatja K\u00edna-bar\u00e1ti politik\u00e1j\u00e1t, szem el\u0151tt tartja a [&hellip;]","og_url":"https:\/\/kinaikaleidoszkop.hu\/index.php\/2023\/02\/20\/wang-yi-nemzektozi-kapcsolatok-demokratizalasara-iranyul-a-kinai-magyar-kooperacio\/","og_site_name":"kinaikaleidoszkop.hu","article_published_time":"2023-02-20T19:08:12+00:00","article_modified_time":"2023-02-23T19:08:57+00:00","og_image":[{"width":380,"height":260,"url":"https:\/\/kinaikaleidoszkop.hu\/wp-content\/uploads\/2023\/02\/Download-84-380x260-1.jpg","type":"image\/jpeg"}],"author":"Szerk_Erik","twitter_card":"summary_large_image","twitter_misc":{"Szerz\u0151:":"Szerk_Erik","Becs\u00fclt olvas\u00e1si id\u0151":"2 perc"},"schema":{"@context":"https:\/\/schema.org","@graph":[{"@type":"WebPage","@id":"https:\/\/kinaikaleidoszkop.hu\/index.php\/2023\/02\/20\/wang-yi-nemzektozi-kapcsolatok-demokratizalasara-iranyul-a-kinai-magyar-kooperacio\/","url":"https:\/\/kinaikaleidoszkop.hu\/index.php\/2023\/02\/20\/wang-yi-nemzektozi-kapcsolatok-demokratizalasara-iranyul-a-kinai-magyar-kooperacio\/","name":"Wang Yi: Nemzekt\u00f6zi kapcsolatok demokratiz\u00e1l\u00e1s\u00e1ra ir\u00e1nyul a k\u00ednai-magyar kooper\u00e1ci\u00f3 - kinaikaleidoszkop.hu","isPartOf":{"@id":"https:\/\/kinaikaleidoszkop.hu\/#website"},"primaryImageOfPage":{"@id":"https:\/\/kinaikaleidoszkop.hu\/index.php\/2023\/02\/20\/wang-yi-nemzektozi-kapcsolatok-demokratizalasara-iranyul-a-kinai-magyar-kooperacio\/#primaryimage"},"image":{"@id":"https:\/\/kinaikaleidoszkop.hu\/index.php\/2023\/02\/20\/wang-yi-nemzektozi-kapcsolatok-demokratizalasara-iranyul-a-kinai-magyar-kooperacio\/#primaryimage"},"thumbnailUrl":"https:\/\/kinaikaleidoszkop.hu\/wp-content\/uploads\/2023\/02\/Download-84-380x260-1.jpg","datePublished":"2023-02-20T19:08:12+00:00","dateModified":"2023-02-23T19:08:57+00:00","author":{"@id":"https:\/\/kinaikaleidoszkop.hu\/#\/schema\/person\/4d69b71e7e70322713b9d9287b610556"},"breadcrumb":{"@id":"https:\/\/kinaikaleidoszkop.hu\/index.php\/2023\/02\/20\/wang-yi-nemzektozi-kapcsolatok-demokratizalasara-iranyul-a-kinai-magyar-kooperacio\/#breadcrumb"},"inLanguage":"hu","potentialAction":[{"@type":"ReadAction","target":["https:\/\/kinaikaleidoszkop.hu\/index.php\/2023\/02\/20\/wang-yi-nemzektozi-kapcsolatok-demokratizalasara-iranyul-a-kinai-magyar-kooperacio\/"]}]},{"@type":"ImageObject","inLanguage":"hu","@id":"https:\/\/kinaikaleidoszkop.hu\/index.php\/2023\/02\/20\/wang-yi-nemzektozi-kapcsolatok-demokratizalasara-iranyul-a-kinai-magyar-kooperacio\/#primaryimage","url":"https:\/\/kinaikaleidoszkop.hu\/wp-content\/uploads\/2023\/02\/Download-84-380x260-1.jpg","contentUrl":"https:\/\/kinaikaleidoszkop.hu\/wp-content\/uploads\/2023\/02\/Download-84-380x260-1.jpg","width":380,"height":260},{"@type":"BreadcrumbList","@id":"https:\/\/kinaikaleidoszkop.hu\/index.php\/2023\/02\/20\/wang-yi-nemzektozi-kapcsolatok-demokratizalasara-iranyul-a-kinai-magyar-kooperacio\/#breadcrumb","itemListElement":[{"@type":"ListItem","position":1,"name":"Kezd\u0151lap","item":"https:\/\/kinaikaleidoszkop.hu\/"},{"@type":"ListItem","position":2,"name":"Wang Yi: Nemzekt\u00f6zi kapcsolatok demokratiz\u00e1l\u00e1s\u00e1ra ir\u00e1nyul a k\u00ednai-magyar kooper\u00e1ci\u00f3"}]},{"@type":"WebSite","@id":"https:\/\/kinaikaleidoszkop.hu\/#website","url":"https:\/\/kinaikaleidoszkop.hu\/","name":"kinaikaleidoszkop.hu","description":"","potentialAction":[{"@type":"SearchAction","target":{"@type":"EntryPoint","urlTemplate":"https:\/\/kinaikaleidoszkop.hu\/?s={search_term_string}"},"query-input":{"@type":"PropertyValueSpecification","valueRequired":true,"valueName":"search_term_string"}}],"inLanguage":"hu"},{"@type":"Person","@id":"https:\/\/kinaikaleidoszkop.hu\/#\/schema\/person\/4d69b71e7e70322713b9d9287b610556","name":"Szerk_Erik","image":{"@type":"ImageObject","inLanguage":"hu","@id":"https:\/\/kinaikaleidoszkop.hu\/#\/schema\/person\/image\/","url":"https:\/\/secure.gravatar.com\/avatar\/3c1e909a14c0c91d2eaef877aaacb584c667f8e7137de69653aa9561fd0e8062?s=96&d=mm&r=g","contentUrl":"https:\/\/secure.gravatar.com\/avatar\/3c1e909a14c0c91d2eaef877aaacb584c667f8e7137de69653aa9561fd0e8062?s=96&d=mm&r=g","caption":"Szerk_Erik"},"url":"https:\/\/kinaikaleidoszkop.hu\/index.php\/author\/szerk_erik\/"}]}},"views":215,"distributor_meta":false,"distributor_terms":false,"distributor_media":false,"distributor_original_site_name":"kinaikaleidoszkop.hu","distributor_original_site_url":"https:\/\/kinaikaleidoszkop.hu","push-errors":false,"_links":{"self":[{"href":"https:\/\/kinaikaleidoszkop.hu\/index.php\/wp-json\/wp\/v2\/posts\/16480","targetHints":{"allow":["GET"]}}],"collection":[{"href":"https:\/\/kinaikaleidoszkop.hu\/index.php\/wp-json\/wp\/v2\/posts"}],"about":[{"href":"https:\/\/kinaikaleidoszkop.hu\/index.php\/wp-json\/wp\/v2\/types\/post"}],"author":[{"embeddable":true,"href":"https:\/\/kinaikaleidoszkop.hu\/index.php\/wp-json\/wp\/v2\/users\/7"}],"replies":[{"embeddable":true,"href":"https:\/\/kinaikaleidoszkop.hu\/index.php\/wp-json\/wp\/v2\/comments?post=16480"}],"version-history":[{"count":1,"href":"https:\/\/kinaikaleidoszkop.hu\/index.php\/wp-json\/wp\/v2\/posts\/16480\/revisions"}],"predecessor-version":[{"id":16483,"href":"https:\/\/kinaikaleidoszkop.hu\/index.php\/wp-json\/wp\/v2\/posts\/16480\/revisions\/16483"}],"wp:featuredmedia":[{"embeddable":true,"href":"https:\/\/kinaikaleidoszkop.hu\/index.php\/wp-json\/wp\/v2\/media\/16482"}],"wp:attachment":[{"href":"https:\/\/kinaikaleidoszkop.hu\/index.php\/wp-json\/wp\/v2\/media?parent=16480"}],"wp:term":[{"taxonomy":"category","embeddable":true,"href":"https:\/\/kinaikaleidoszkop.hu\/index.php\/wp-json\/wp\/v2\/categories?post=16480"},{"taxonomy":"post_tag","embeddable":true,"href":"https:\/\/kinaikaleidoszkop.hu\/index.php\/wp-json\/wp\/v2\/tags?post=16480"}],"curies":[{"name":"wp","href":"https:\/\/api.w.org\/{rel}","templated":true}]}}