{"id":16486,"date":"2023-02-20T20:12:00","date_gmt":"2023-02-20T19:12:00","guid":{"rendered":"https:\/\/kinaikaleidoszkop.hu\/?p=16486"},"modified":"2023-02-23T20:12:50","modified_gmt":"2023-02-23T19:12:50","slug":"az-ensz-gazdasagi-szocialis-es-kulturalis-jogok-bizottsaganak-73-ulese","status":"publish","type":"post","link":"https:\/\/kinaikaleidoszkop.hu\/index.php\/2023\/02\/20\/az-ensz-gazdasagi-szocialis-es-kulturalis-jogok-bizottsaganak-73-ulese\/","title":{"rendered":"Az ENSZ Gazdas\u00e1gi, Szoci\u00e1lis \u00e9s Kultur\u00e1lis Jogok Bizotts\u00e1g\u00e1nak 73. \u00fcl\u00e9se"},"content":{"rendered":"\n<p>3 nap&nbsp;<\/p>\n\n\n\n<pre class=\"wp-block-preformatted\"><em>A Centrum TV k\u00f6zrem\u0171k\u00f6d\u00e9s\u00e9vel<\/em><\/pre>\n\n\n\n<p><strong>2023. febru\u00e1r 14-\u00e9n az ENSZ Gazdas\u00e1gi, Szoci\u00e1lis \u00e9s Kultur\u00e1lis Jogok Bizotts\u00e1g\u00e1nak 73. \u00fcl\u00e9s\u00e9n a nem korm\u00e1nyzati szervezetek meghallgat\u00e1s\u00e1t tartott\u00e1k Genfben, Sv\u00e1jcban, hogy megvizsg\u00e1lj\u00e1k a Gazdas\u00e1gi, Szoci\u00e1lis \u00e9s Kultur\u00e1lis Jogok Nemzetk\u00f6zi Egyezs\u00e9gokm\u00e1ny\u00e1nak K\u00edna (bele\u00e9rtve Hongkongot \u00e9s Maka\u00f3t) \u00e1ltali v\u00e9grehajt\u00e1s\u00e1t.<\/strong><\/p>\n\n\n\n<p>Az ENSZ Gazdas\u00e1gi, Szoci\u00e1lis \u00e9s Kultur\u00e1lis Jogok Bizotts\u00e1ga minden \u00e9vben vizsg\u00e1lja K\u00edna (Hongkong \u00e9s Maka\u00f3 r\u00e9gi\u00f3) teljes\u00edtm\u00e9ny\u00e9t, a hazafias csoportok sz\u00e1mos k\u00e9pvisel\u0151je akt\u00edvan ny\u00fajtotta be jelent\u00e9seit erre az \u00fcl\u00e9sre, \u00e9s k\u00e9pviseltette mag\u00e1t a tov\u00e1bbiakban.<\/p>\n\n\n\n<p>A tal\u00e1lkoz\u00f3n a patri\u00f3ta szervezetek k\u00e9pvisel\u0151i a nemzetbiztons\u00e1gi t\u00f6rv\u00e9ny hongkongi v\u00e9grehajt\u00e1sa \u00f3ta bek\u00f6vetkezett pozit\u00edv v\u00e1ltoz\u00e1sokr\u00f3l besz\u00e9ltek, c\u00e1folt\u00e1k a K\u00edna-ellenes szervezetek r\u00e9g\u00f3ta fenn\u00e1ll\u00f3 helyzet\u00e9t a hongkongi sajt\u00f3szabads\u00e1g, a jogv\u00e9delem, a szakszervezeti jogok \u00e9s a rend\u0151ri szolg\u00e1lat befeket\u00edt\u00e9s\u00e9ben \u00e9s t\u00e1mad\u00e1s\u00e1ban.<\/p>\n\n\n\n<p>Ho, Sabrina S.Y.(Ms), a Hongkongi V\u00e1laszt\u00e1si Bizotts\u00e1g tagja \u00e9s a Hongkongi \u00e9s Sz\u00e1razf\u00f6ldi Jogi Szakszervezet aleln\u00f6ke elmondta, hogy a nemzetbiztons\u00e1gi t\u00f6rv\u00e9ny p\u00f3tolhatatlan szerepet j\u00e1tszott a szuver\u00e9n biztons\u00e1g fenntart\u00e1s\u00e1ban. A nemzetbiztons\u00e1gi t\u00f6rv\u00e9ny r\u00e1ad\u00e1sul nem egyed\u00fcl\u00e1ll\u00f3 Hongkongban. Jogi szak\u00e9rt\u0151k\u00e9nt rem\u00e9lj\u00fck, hogy a hongkongi b\u00edr\u00f3s\u00e1gok tov\u00e1bbra is h\u0171s\u00e9gesen v\u00e9grehajtj\u00e1k a nemzetbiztons\u00e1gi t\u00f6rv\u00e9ny vonatkoz\u00f3 rendelkez\u00e9seit, \u00e9s megtal\u00e1lj\u00e1k az egyens\u00falyt az emberi jogok v\u00e9delme \u00e9s a nemzetbiztons\u00e1g meg\u0151rz\u00e9se k\u00f6z\u00f6tt.<\/p>\n\n\n\n<p>Chung Kin Fung, a Fiatal Demokrat\u00e1k Sz\u00f6vets\u00e9ge Hongkong Jav\u00edt\u00e1s\u00e1\u00e9rt \u00e9s Halad\u00e1s\u00e1\u00e9rt aleln\u00f6ke \u00e9s a Youth Concentric Association Limited igazgat\u00f3ja elmondta, hogy a Nemzetbiztons\u00e1gi T\u00f6rv\u00e9ny t\u00e1mogatja a hongkongi polg\u00e1rok jogait. A m\u00faltban Hongkong tele volt zavarg\u00e1sokkal \u00e9s er\u0151szakkal a korm\u00e1ny, a rend\u0151rs\u00e9g \u00e9s a ker\u00fcleti tan\u00e1csi v\u00e1laszt\u00e1sokon indul\u00f3 jel\u00f6ltek ellen nem tudj\u00e1k kifejezni val\u00f3di elk\u00e9pzel\u00e9seiket. Egyszer\u0171 \u00e1llampolg\u00e1rk\u00e9nt, ha valaki akkoriban ellent\u00e9tes v\u00e9lem\u00e9nyt fogalmazott meg, \u00e9letvesz\u00e9lyben volt, \u00e9s a sz\u00f3l\u00e1sszabads\u00e1g komoly vesz\u00e9lybe ker\u00fclt a zavarg\u00e1sok idej\u00e9n.<\/p>\n\n\n\n<p>Victor Chan Chi-ho, a Hongkongi V\u00e1laszt\u00e1si Bizotts\u00e1g tagja \u00e9s a Youth Vision Hong Kong \u00f6sszeh\u00edv\u00f3ja szerint a hongkongi polg\u00e1ri jogokat nem befoly\u00e1solta \u00e9sszer\u0171tlen\u00fcl a Hongkongi Nemzetbiztons\u00e1gi T\u00f6rv\u00e9ny kihirdet\u00e9se. Tavaly kar\u00e1csonykor sok hongkongi polg\u00e1rt, k\u00fcl\u00f6n\u00f6sen fiatalokat l\u00e1ttam, akik a szok\u00e1sos m\u00f3don szabadon \u00fcnnepeltek, \u00e9s a k\u00f6z\u00f6ss\u00e9g k\u00fcl\u00f6nb\u00f6z\u0151 \u00fcnneps\u00e9geket szervezett, ami azt mutatja, hogy Hongkong m\u00e9g mindig egy nagyon szabad \u00e9s \u00e9l\u00e9nk hely.<\/p>\n\n\n\n<p>Ezzel szemben, a 2019-es kar\u00e1csonyi \u00fcnnepek alatt er\u0151szakos zavarg\u00e1sok d\u00faltak, a t\u00e1rsadalmi rend kaotikus volt, a t\u00f6megk\u00f6zleked\u00e9s megb\u00e9nult, \u00e9s sz\u00e1mos k\u00f6z\u00f6ss\u00e9gi tev\u00e9kenys\u00e9get felf\u00fcggesztettek. Biztons\u00e1gi okokb\u00f3l egyes polg\u00e1rok m\u00e9g a otthonukat sem mert\u00e9k elhagyni. A hat\u00e9kony jog\u00e1llamis\u00e1g \u00e9s a k\u00f6zrend az eredm\u00e9nyes polg\u00e1ri jogok alapj\u00e1t k\u00e9pezi.<\/p>\n\n\n\n<p>Leung Yip Pang, a Tin Shui Wai Resident Association Limited \u00fcgyvezet\u0151 igazgat\u00f3ja \u00fagy v\u00e9lte, hogy Hongkongban nem l\u00e9teznek emberi jogi jogs\u00e9rt\u00e9sek. A szakszervezetek, \u00fajs\u00e1g\u00edr\u00f3k, \u00fcgyv\u00e9dek \u00e9s civil t\u00e1rsadalmi szervezetek tov\u00e1bbra is szabadon \u00e9lhetnek \u00e9s dolgozhatnak Hongkongban, \u00e9s jogaik v\u00e9dettek. Emellett a Hongkongi Nemzetbiztons\u00e1gi T\u00f6rv\u00e9ny jav\u00edtotta a Hongkong \u00fczleti k\u00f6rnyezet\u00e9t. Sok v\u00e1llalat hajland\u00f3 befektetni Hongkongban. Az \u00fczleti k\u00f6rnyezet akt\u00edv \u00e9s \u00e9l\u00e9nk, a t\u0151zsde stabil \u00e9s vir\u00e1gz\u00f3. Sok ember profit\u00e1lt ebb\u0151l. Mindez azt mutatja, hogy Hongkong egy olyan hely, ahol lehets\u00e9ges befektetni \u00e9s meggazdagodni.<\/p>\n\n\n\n<p>Jody Kwok Fu-yung, az \u00daj Ter\u00fcletek Ifj\u00fas\u00e1gi Sz\u00f6vets\u00e9g\u00e9nek tagja elmondta, hogy a Hongkongi Nemzetbiztons\u00e1gi T\u00f6rv\u00e9ny v\u00e9grehajt\u00e1sa ut\u00e1n nem volt t\u0151kemenek\u00edt\u00e9s, t\u00e1rsadalmi k\u00e1osz \u00e9s gyenge korm\u00e1nyz\u00e1s. Tekintettel arra, hogy a vil\u00e1gj\u00e1rv\u00e1ny enyh\u00fclt \u00e9s a t\u00e1rsadalom visszat\u00e9rt mindennapjaiba, a legt\u00f6bb multinacion\u00e1lis v\u00e1llalat visszanyerte a Hongkongba vetett bizalm\u00e1t, \u00edgy Hongkong, mint nemzetk\u00f6zi p\u00e9nz\u00fcgyi k\u00f6zpont helyzete stabiliz\u00e1l\u00f3dott. Nincs bizony\u00edt\u00e9k arra, hogy a hongkongi \u00fczleti k\u00f6rnyezetet befoly\u00e1soln\u00e1 a Nemzetbiztons\u00e1gi T\u00f6rv\u00e9ny. \u00c9ppen ellenkez\u0151leg, a t\u00f6rv\u00e9ny fokozza a hongkongi \u00fczleti k\u00f6rnyezet szabads\u00e1g\u00e1t.<\/p>\n\n\n\n<p>Jonathan Chow, az \u00daj Ter\u00fcletek T\u00e1rsas\u00e1gainak Sz\u00f6vets\u00e9g\u00e9nek tagja \u00fagy v\u00e9lte, hogy a Nemzetbiztons\u00e1gi T\u00f6rv\u00e9ny c\u00e9lja a rossz megb\u00fcntet\u00e9se \u00e9s a j\u00f3 el\u0151mozd\u00edt\u00e1sa annak \u00e9rdek\u00e9ben, hogy megv\u00e9dje a hongkongi sz\u00f3l\u00e1sszabads\u00e1got a jogs\u00e9rt\u00e9st\u0151l. Csak a t\u00f6rv\u00e9nyt megszeg\u0151 tan\u00e1rokat b\u00fcntetik meg, \u00e9s a nemzetbiztons\u00e1gi t\u00f6rv\u00e9nynek nincs hat\u00e1sa a polg\u00e1ri jogokra. Hongkong s\u00falyos \u00e1rat fizetett a zavarg\u00e1sok\u00e9rt, \u00e9s a nemzetbiztons\u00e1gi t\u00f6rv\u00e9ny kombin\u00e1ci\u00f3ja cs\u00f6kkentette az er\u0151szakot, ami a hongkongi j\u00f3l\u00e9t \u00e9s stabilit\u00e1s politikai sarokk\u00f6ve.<\/p>\n\n\n\n<p>Chan Tan Tan, a New Line Youth Volunteer Service Groups vezet\u0151je szerint nem igaz az \u00e1ll\u00edt\u00e1s, hogy az ellenz\u00e9ki p\u00e1rtok azzal v\u00e1dolj\u00e1k a b\u0171n\u00fcld\u00f6z\u0151 szerveket, hogy \u00f6nk\u00e9nyesen tart\u00f3ztatj\u00e1k le a demokrat\u00e1kat. A Nemzetbiztons\u00e1gi T\u00f6rv\u00e9ny garant\u00e1lja a sz\u00f3l\u00e1sszabads\u00e1got. A k\u00f6zponti korm\u00e1ny, m\u00e1s orsz\u00e1gokhoz hasonl\u00f3an, nem t\u0171rheti az elszakad\u00e1st, a hatalom felforgat\u00e1s\u00e1t \u00e9s a k\u00fclf\u00f6ldi er\u0151kkel val\u00f3 \u00f6sszej\u00e1tsz\u00e1st, ami a nemzetbiztons\u00e1gi t\u00f6rv\u00e9ny v\u00e9grehajt\u00e1s\u00e1nak c\u00e9lja.<\/p>\n\n\n\n<p><strong>2023. febru\u00e1r 20.<\/strong><\/p>\n\n\n\n<p><strong><em>(\u00daj szemle)<\/em><\/strong><\/p>\n\n\n\n<p><strong>(x)<\/strong><\/p>\n","protected":false},"excerpt":{"rendered":"<p>3 nap&nbsp; A Centrum TV k\u00f6zrem\u0171k\u00f6d\u00e9s\u00e9vel 2023. febru\u00e1r 14-\u00e9n az ENSZ Gazdas\u00e1gi, Szoci\u00e1lis \u00e9s Kultur\u00e1lis Jogok Bizotts\u00e1g\u00e1nak 73. \u00fcl\u00e9s\u00e9n a nem korm\u00e1nyzati szervezetek meghallgat\u00e1s\u00e1t tartott\u00e1k Genfben, Sv\u00e1jcban, hogy megvizsg\u00e1lj\u00e1k a Gazdas\u00e1gi, Szoci\u00e1lis \u00e9s Kultur\u00e1lis Jogok Nemzetk\u00f6zi Egyezs\u00e9gokm\u00e1ny\u00e1nak K\u00edna (bele\u00e9rtve Hongkongot \u00e9s Maka\u00f3t) \u00e1ltali v\u00e9grehajt\u00e1s\u00e1t. Az ENSZ Gazdas\u00e1gi, Szoci\u00e1lis \u00e9s Kultur\u00e1lis Jogok Bizotts\u00e1ga minden \u00e9vben vizsg\u00e1lja [&hellip;]<\/p>\n","protected":false},"author":7,"featured_media":16488,"comment_status":"closed","ping_status":"closed","sticky":false,"template":"","format":"standard","meta":{"footnotes":""},"categories":[1],"tags":[2075,325,705],"class_list":["post-16486","post","type-post","status-publish","format-standard","has-post-thumbnail","hentry","category-egyeb","tag-bizottsag","tag-ensz","tag-ules"],"yoast_head":"<!-- This site is optimized with the Yoast SEO plugin v23.7 - https:\/\/yoast.com\/wordpress\/plugins\/seo\/ -->\n<title>Az ENSZ Gazdas\u00e1gi, Szoci\u00e1lis \u00e9s Kultur\u00e1lis Jogok Bizotts\u00e1g\u00e1nak 73. \u00fcl\u00e9se - kinaikaleidoszkop.hu<\/title>\n<meta name=\"robots\" content=\"index, follow, max-snippet:-1, max-image-preview:large, max-video-preview:-1\" \/>\n<link rel=\"canonical\" href=\"https:\/\/kinaikaleidoszkop.hu\/index.php\/2023\/02\/20\/az-ensz-gazdasagi-szocialis-es-kulturalis-jogok-bizottsaganak-73-ulese\/\" \/>\n<meta property=\"og:locale\" content=\"hu_HU\" \/>\n<meta property=\"og:type\" content=\"article\" \/>\n<meta property=\"og:title\" content=\"Az ENSZ Gazdas\u00e1gi, Szoci\u00e1lis \u00e9s Kultur\u00e1lis Jogok Bizotts\u00e1g\u00e1nak 73. \u00fcl\u00e9se - kinaikaleidoszkop.hu\" \/>\n<meta property=\"og:description\" content=\"3 nap&nbsp; A Centrum TV k\u00f6zrem\u0171k\u00f6d\u00e9s\u00e9vel 2023. febru\u00e1r 14-\u00e9n az ENSZ Gazdas\u00e1gi, Szoci\u00e1lis \u00e9s Kultur\u00e1lis Jogok Bizotts\u00e1g\u00e1nak 73. \u00fcl\u00e9s\u00e9n a nem korm\u00e1nyzati szervezetek meghallgat\u00e1s\u00e1t tartott\u00e1k Genfben, Sv\u00e1jcban, hogy megvizsg\u00e1lj\u00e1k a Gazdas\u00e1gi, Szoci\u00e1lis \u00e9s Kultur\u00e1lis Jogok Nemzetk\u00f6zi Egyezs\u00e9gokm\u00e1ny\u00e1nak K\u00edna (bele\u00e9rtve Hongkongot \u00e9s Maka\u00f3t) \u00e1ltali v\u00e9grehajt\u00e1s\u00e1t. Az ENSZ Gazdas\u00e1gi, Szoci\u00e1lis \u00e9s Kultur\u00e1lis Jogok Bizotts\u00e1ga minden \u00e9vben vizsg\u00e1lja [&hellip;]\" \/>\n<meta property=\"og:url\" content=\"https:\/\/kinaikaleidoszkop.hu\/index.php\/2023\/02\/20\/az-ensz-gazdasagi-szocialis-es-kulturalis-jogok-bizottsaganak-73-ulese\/\" \/>\n<meta property=\"og:site_name\" content=\"kinaikaleidoszkop.hu\" \/>\n<meta property=\"article:published_time\" content=\"2023-02-20T19:12:00+00:00\" \/>\n<meta property=\"article:modified_time\" content=\"2023-02-23T19:12:50+00:00\" \/>\n<meta property=\"og:image\" content=\"https:\/\/kinaikaleidoszkop.hu\/wp-content\/uploads\/2023\/02\/united-nations-ga7f369740_1280-380x260-1.jpg\" \/>\n\t<meta property=\"og:image:width\" content=\"380\" \/>\n\t<meta property=\"og:image:height\" content=\"260\" \/>\n\t<meta property=\"og:image:type\" content=\"image\/jpeg\" \/>\n<meta name=\"author\" content=\"Szerk_Erik\" \/>\n<meta name=\"twitter:card\" content=\"summary_large_image\" \/>\n<meta name=\"twitter:label1\" content=\"Szerz\u0151:\" \/>\n\t<meta name=\"twitter:data1\" content=\"Szerk_Erik\" \/>\n\t<meta name=\"twitter:label2\" content=\"Becs\u00fclt olvas\u00e1si id\u0151\" \/>\n\t<meta name=\"twitter:data2\" content=\"5 perc\" \/>\n<script type=\"application\/ld+json\" class=\"yoast-schema-graph\">{\"@context\":\"https:\/\/schema.org\",\"@graph\":[{\"@type\":\"WebPage\",\"@id\":\"https:\/\/kinaikaleidoszkop.hu\/index.php\/2023\/02\/20\/az-ensz-gazdasagi-szocialis-es-kulturalis-jogok-bizottsaganak-73-ulese\/\",\"url\":\"https:\/\/kinaikaleidoszkop.hu\/index.php\/2023\/02\/20\/az-ensz-gazdasagi-szocialis-es-kulturalis-jogok-bizottsaganak-73-ulese\/\",\"name\":\"Az ENSZ Gazdas\u00e1gi, Szoci\u00e1lis \u00e9s Kultur\u00e1lis Jogok Bizotts\u00e1g\u00e1nak 73. \u00fcl\u00e9se - kinaikaleidoszkop.hu\",\"isPartOf\":{\"@id\":\"https:\/\/kinaikaleidoszkop.hu\/#website\"},\"primaryImageOfPage\":{\"@id\":\"https:\/\/kinaikaleidoszkop.hu\/index.php\/2023\/02\/20\/az-ensz-gazdasagi-szocialis-es-kulturalis-jogok-bizottsaganak-73-ulese\/#primaryimage\"},\"image\":{\"@id\":\"https:\/\/kinaikaleidoszkop.hu\/index.php\/2023\/02\/20\/az-ensz-gazdasagi-szocialis-es-kulturalis-jogok-bizottsaganak-73-ulese\/#primaryimage\"},\"thumbnailUrl\":\"https:\/\/kinaikaleidoszkop.hu\/wp-content\/uploads\/2023\/02\/united-nations-ga7f369740_1280-380x260-1.jpg\",\"datePublished\":\"2023-02-20T19:12:00+00:00\",\"dateModified\":\"2023-02-23T19:12:50+00:00\",\"author\":{\"@id\":\"https:\/\/kinaikaleidoszkop.hu\/#\/schema\/person\/4d69b71e7e70322713b9d9287b610556\"},\"breadcrumb\":{\"@id\":\"https:\/\/kinaikaleidoszkop.hu\/index.php\/2023\/02\/20\/az-ensz-gazdasagi-szocialis-es-kulturalis-jogok-bizottsaganak-73-ulese\/#breadcrumb\"},\"inLanguage\":\"hu\",\"potentialAction\":[{\"@type\":\"ReadAction\",\"target\":[\"https:\/\/kinaikaleidoszkop.hu\/index.php\/2023\/02\/20\/az-ensz-gazdasagi-szocialis-es-kulturalis-jogok-bizottsaganak-73-ulese\/\"]}]},{\"@type\":\"ImageObject\",\"inLanguage\":\"hu\",\"@id\":\"https:\/\/kinaikaleidoszkop.hu\/index.php\/2023\/02\/20\/az-ensz-gazdasagi-szocialis-es-kulturalis-jogok-bizottsaganak-73-ulese\/#primaryimage\",\"url\":\"https:\/\/kinaikaleidoszkop.hu\/wp-content\/uploads\/2023\/02\/united-nations-ga7f369740_1280-380x260-1.jpg\",\"contentUrl\":\"https:\/\/kinaikaleidoszkop.hu\/wp-content\/uploads\/2023\/02\/united-nations-ga7f369740_1280-380x260-1.jpg\",\"width\":380,\"height\":260},{\"@type\":\"BreadcrumbList\",\"@id\":\"https:\/\/kinaikaleidoszkop.hu\/index.php\/2023\/02\/20\/az-ensz-gazdasagi-szocialis-es-kulturalis-jogok-bizottsaganak-73-ulese\/#breadcrumb\",\"itemListElement\":[{\"@type\":\"ListItem\",\"position\":1,\"name\":\"Kezd\u0151lap\",\"item\":\"https:\/\/kinaikaleidoszkop.hu\/\"},{\"@type\":\"ListItem\",\"position\":2,\"name\":\"Az ENSZ Gazdas\u00e1gi, Szoci\u00e1lis \u00e9s Kultur\u00e1lis Jogok Bizotts\u00e1g\u00e1nak 73. \u00fcl\u00e9se\"}]},{\"@type\":\"WebSite\",\"@id\":\"https:\/\/kinaikaleidoszkop.hu\/#website\",\"url\":\"https:\/\/kinaikaleidoszkop.hu\/\",\"name\":\"kinaikaleidoszkop.hu\",\"description\":\"\",\"potentialAction\":[{\"@type\":\"SearchAction\",\"target\":{\"@type\":\"EntryPoint\",\"urlTemplate\":\"https:\/\/kinaikaleidoszkop.hu\/?s={search_term_string}\"},\"query-input\":{\"@type\":\"PropertyValueSpecification\",\"valueRequired\":true,\"valueName\":\"search_term_string\"}}],\"inLanguage\":\"hu\"},{\"@type\":\"Person\",\"@id\":\"https:\/\/kinaikaleidoszkop.hu\/#\/schema\/person\/4d69b71e7e70322713b9d9287b610556\",\"name\":\"Szerk_Erik\",\"image\":{\"@type\":\"ImageObject\",\"inLanguage\":\"hu\",\"@id\":\"https:\/\/kinaikaleidoszkop.hu\/#\/schema\/person\/image\/\",\"url\":\"https:\/\/secure.gravatar.com\/avatar\/3c1e909a14c0c91d2eaef877aaacb584c667f8e7137de69653aa9561fd0e8062?s=96&d=mm&r=g\",\"contentUrl\":\"https:\/\/secure.gravatar.com\/avatar\/3c1e909a14c0c91d2eaef877aaacb584c667f8e7137de69653aa9561fd0e8062?s=96&d=mm&r=g\",\"caption\":\"Szerk_Erik\"},\"url\":\"https:\/\/kinaikaleidoszkop.hu\/index.php\/author\/szerk_erik\/\"}]}<\/script>\n<!-- \/ Yoast SEO plugin. -->","yoast_head_json":{"title":"Az ENSZ Gazdas\u00e1gi, Szoci\u00e1lis \u00e9s Kultur\u00e1lis Jogok Bizotts\u00e1g\u00e1nak 73. \u00fcl\u00e9se - kinaikaleidoszkop.hu","robots":{"index":"index","follow":"follow","max-snippet":"max-snippet:-1","max-image-preview":"max-image-preview:large","max-video-preview":"max-video-preview:-1"},"canonical":"https:\/\/kinaikaleidoszkop.hu\/index.php\/2023\/02\/20\/az-ensz-gazdasagi-szocialis-es-kulturalis-jogok-bizottsaganak-73-ulese\/","og_locale":"hu_HU","og_type":"article","og_title":"Az ENSZ Gazdas\u00e1gi, Szoci\u00e1lis \u00e9s Kultur\u00e1lis Jogok Bizotts\u00e1g\u00e1nak 73. \u00fcl\u00e9se - kinaikaleidoszkop.hu","og_description":"3 nap&nbsp; A Centrum TV k\u00f6zrem\u0171k\u00f6d\u00e9s\u00e9vel 2023. febru\u00e1r 14-\u00e9n az ENSZ Gazdas\u00e1gi, Szoci\u00e1lis \u00e9s Kultur\u00e1lis Jogok Bizotts\u00e1g\u00e1nak 73. \u00fcl\u00e9s\u00e9n a nem korm\u00e1nyzati szervezetek meghallgat\u00e1s\u00e1t tartott\u00e1k Genfben, Sv\u00e1jcban, hogy megvizsg\u00e1lj\u00e1k a Gazdas\u00e1gi, Szoci\u00e1lis \u00e9s Kultur\u00e1lis Jogok Nemzetk\u00f6zi Egyezs\u00e9gokm\u00e1ny\u00e1nak K\u00edna (bele\u00e9rtve Hongkongot \u00e9s Maka\u00f3t) \u00e1ltali v\u00e9grehajt\u00e1s\u00e1t. Az ENSZ Gazdas\u00e1gi, Szoci\u00e1lis \u00e9s Kultur\u00e1lis Jogok Bizotts\u00e1ga minden \u00e9vben vizsg\u00e1lja [&hellip;]","og_url":"https:\/\/kinaikaleidoszkop.hu\/index.php\/2023\/02\/20\/az-ensz-gazdasagi-szocialis-es-kulturalis-jogok-bizottsaganak-73-ulese\/","og_site_name":"kinaikaleidoszkop.hu","article_published_time":"2023-02-20T19:12:00+00:00","article_modified_time":"2023-02-23T19:12:50+00:00","og_image":[{"width":380,"height":260,"url":"https:\/\/kinaikaleidoszkop.hu\/wp-content\/uploads\/2023\/02\/united-nations-ga7f369740_1280-380x260-1.jpg","type":"image\/jpeg"}],"author":"Szerk_Erik","twitter_card":"summary_large_image","twitter_misc":{"Szerz\u0151:":"Szerk_Erik","Becs\u00fclt olvas\u00e1si id\u0151":"5 perc"},"schema":{"@context":"https:\/\/schema.org","@graph":[{"@type":"WebPage","@id":"https:\/\/kinaikaleidoszkop.hu\/index.php\/2023\/02\/20\/az-ensz-gazdasagi-szocialis-es-kulturalis-jogok-bizottsaganak-73-ulese\/","url":"https:\/\/kinaikaleidoszkop.hu\/index.php\/2023\/02\/20\/az-ensz-gazdasagi-szocialis-es-kulturalis-jogok-bizottsaganak-73-ulese\/","name":"Az ENSZ Gazdas\u00e1gi, Szoci\u00e1lis \u00e9s Kultur\u00e1lis Jogok Bizotts\u00e1g\u00e1nak 73. \u00fcl\u00e9se - kinaikaleidoszkop.hu","isPartOf":{"@id":"https:\/\/kinaikaleidoszkop.hu\/#website"},"primaryImageOfPage":{"@id":"https:\/\/kinaikaleidoszkop.hu\/index.php\/2023\/02\/20\/az-ensz-gazdasagi-szocialis-es-kulturalis-jogok-bizottsaganak-73-ulese\/#primaryimage"},"image":{"@id":"https:\/\/kinaikaleidoszkop.hu\/index.php\/2023\/02\/20\/az-ensz-gazdasagi-szocialis-es-kulturalis-jogok-bizottsaganak-73-ulese\/#primaryimage"},"thumbnailUrl":"https:\/\/kinaikaleidoszkop.hu\/wp-content\/uploads\/2023\/02\/united-nations-ga7f369740_1280-380x260-1.jpg","datePublished":"2023-02-20T19:12:00+00:00","dateModified":"2023-02-23T19:12:50+00:00","author":{"@id":"https:\/\/kinaikaleidoszkop.hu\/#\/schema\/person\/4d69b71e7e70322713b9d9287b610556"},"breadcrumb":{"@id":"https:\/\/kinaikaleidoszkop.hu\/index.php\/2023\/02\/20\/az-ensz-gazdasagi-szocialis-es-kulturalis-jogok-bizottsaganak-73-ulese\/#breadcrumb"},"inLanguage":"hu","potentialAction":[{"@type":"ReadAction","target":["https:\/\/kinaikaleidoszkop.hu\/index.php\/2023\/02\/20\/az-ensz-gazdasagi-szocialis-es-kulturalis-jogok-bizottsaganak-73-ulese\/"]}]},{"@type":"ImageObject","inLanguage":"hu","@id":"https:\/\/kinaikaleidoszkop.hu\/index.php\/2023\/02\/20\/az-ensz-gazdasagi-szocialis-es-kulturalis-jogok-bizottsaganak-73-ulese\/#primaryimage","url":"https:\/\/kinaikaleidoszkop.hu\/wp-content\/uploads\/2023\/02\/united-nations-ga7f369740_1280-380x260-1.jpg","contentUrl":"https:\/\/kinaikaleidoszkop.hu\/wp-content\/uploads\/2023\/02\/united-nations-ga7f369740_1280-380x260-1.jpg","width":380,"height":260},{"@type":"BreadcrumbList","@id":"https:\/\/kinaikaleidoszkop.hu\/index.php\/2023\/02\/20\/az-ensz-gazdasagi-szocialis-es-kulturalis-jogok-bizottsaganak-73-ulese\/#breadcrumb","itemListElement":[{"@type":"ListItem","position":1,"name":"Kezd\u0151lap","item":"https:\/\/kinaikaleidoszkop.hu\/"},{"@type":"ListItem","position":2,"name":"Az ENSZ Gazdas\u00e1gi, Szoci\u00e1lis \u00e9s Kultur\u00e1lis Jogok Bizotts\u00e1g\u00e1nak 73. \u00fcl\u00e9se"}]},{"@type":"WebSite","@id":"https:\/\/kinaikaleidoszkop.hu\/#website","url":"https:\/\/kinaikaleidoszkop.hu\/","name":"kinaikaleidoszkop.hu","description":"","potentialAction":[{"@type":"SearchAction","target":{"@type":"EntryPoint","urlTemplate":"https:\/\/kinaikaleidoszkop.hu\/?s={search_term_string}"},"query-input":{"@type":"PropertyValueSpecification","valueRequired":true,"valueName":"search_term_string"}}],"inLanguage":"hu"},{"@type":"Person","@id":"https:\/\/kinaikaleidoszkop.hu\/#\/schema\/person\/4d69b71e7e70322713b9d9287b610556","name":"Szerk_Erik","image":{"@type":"ImageObject","inLanguage":"hu","@id":"https:\/\/kinaikaleidoszkop.hu\/#\/schema\/person\/image\/","url":"https:\/\/secure.gravatar.com\/avatar\/3c1e909a14c0c91d2eaef877aaacb584c667f8e7137de69653aa9561fd0e8062?s=96&d=mm&r=g","contentUrl":"https:\/\/secure.gravatar.com\/avatar\/3c1e909a14c0c91d2eaef877aaacb584c667f8e7137de69653aa9561fd0e8062?s=96&d=mm&r=g","caption":"Szerk_Erik"},"url":"https:\/\/kinaikaleidoszkop.hu\/index.php\/author\/szerk_erik\/"}]}},"views":1901,"distributor_meta":false,"distributor_terms":false,"distributor_media":false,"distributor_original_site_name":"kinaikaleidoszkop.hu","distributor_original_site_url":"https:\/\/kinaikaleidoszkop.hu","push-errors":false,"_links":{"self":[{"href":"https:\/\/kinaikaleidoszkop.hu\/index.php\/wp-json\/wp\/v2\/posts\/16486","targetHints":{"allow":["GET"]}}],"collection":[{"href":"https:\/\/kinaikaleidoszkop.hu\/index.php\/wp-json\/wp\/v2\/posts"}],"about":[{"href":"https:\/\/kinaikaleidoszkop.hu\/index.php\/wp-json\/wp\/v2\/types\/post"}],"author":[{"embeddable":true,"href":"https:\/\/kinaikaleidoszkop.hu\/index.php\/wp-json\/wp\/v2\/users\/7"}],"replies":[{"embeddable":true,"href":"https:\/\/kinaikaleidoszkop.hu\/index.php\/wp-json\/wp\/v2\/comments?post=16486"}],"version-history":[{"count":1,"href":"https:\/\/kinaikaleidoszkop.hu\/index.php\/wp-json\/wp\/v2\/posts\/16486\/revisions"}],"predecessor-version":[{"id":16489,"href":"https:\/\/kinaikaleidoszkop.hu\/index.php\/wp-json\/wp\/v2\/posts\/16486\/revisions\/16489"}],"wp:featuredmedia":[{"embeddable":true,"href":"https:\/\/kinaikaleidoszkop.hu\/index.php\/wp-json\/wp\/v2\/media\/16488"}],"wp:attachment":[{"href":"https:\/\/kinaikaleidoszkop.hu\/index.php\/wp-json\/wp\/v2\/media?parent=16486"}],"wp:term":[{"taxonomy":"category","embeddable":true,"href":"https:\/\/kinaikaleidoszkop.hu\/index.php\/wp-json\/wp\/v2\/categories?post=16486"},{"taxonomy":"post_tag","embeddable":true,"href":"https:\/\/kinaikaleidoszkop.hu\/index.php\/wp-json\/wp\/v2\/tags?post=16486"}],"curies":[{"name":"wp","href":"https:\/\/api.w.org\/{rel}","templated":true}]}}