{"id":16490,"date":"2023-02-22T20:13:00","date_gmt":"2023-02-22T19:13:00","guid":{"rendered":"https:\/\/kinaikaleidoszkop.hu\/?p=16490"},"modified":"2023-02-23T20:14:09","modified_gmt":"2023-02-23T19:14:09","slug":"tobben-meghaltak-egy-banyaomlasban-kina-eszaki-reszen-tobbtucatnyian-rekedtek-a-tormelek-alatt","status":"publish","type":"post","link":"https:\/\/kinaikaleidoszkop.hu\/index.php\/2023\/02\/22\/tobben-meghaltak-egy-banyaomlasban-kina-eszaki-reszen-tobbtucatnyian-rekedtek-a-tormelek-alatt\/","title":{"rendered":"T\u00f6bben meghaltak egy b\u00e1nyaoml\u00e1sban K\u00edna \u00e9szaki r\u00e9sz\u00e9n, t\u00f6bbtucatnyian rekedtek a t\u00f6rmel\u00e9k alatt"},"content":{"rendered":"\n<p><strong>Legal\u00e1bb k\u00e9t ember meghalt \u00e9s t\u00f6bb mint \u00f6tvenen elt\u0171ntek K\u00edna az \u00e9szak-k\u00ednai Bels\u0151-Mong\u00f3lia Auton\u00f3m Ter\u00fcleten, amikor a t\u00e9rs\u00e9gben beomlott egy sz\u00e9nb\u00e1nya.<\/strong><\/p>\n\n\n\n<p>A k\u00ednai \u00e1llami m\u00e9dia azt mondta, mind ez id\u00e1ig k\u00e9t embert siker\u00fclt kimenteni a romok al\u00f3l, a ment\u00e9si munk\u00e1latok jelenleg is tartanak.<br>&nbsp;&nbsp;&nbsp;&nbsp;<\/p>\n\n\n\n<p>K\u00edn\u00e1ban gyakoriak a b\u00e1nyaszerencs\u00e9tlens\u00e9gek, ez\u00e9rt a hat\u00f3s\u00e1gok igyekeztek nagyobb hangs\u00falyt fektetni a biztons\u00e1gi el\u0151\u00edr\u00e1sokra, valamint t\u00f6bb kisebb b\u00e1ny\u00e1t bez\u00e1rtak, mert nem feleltek meg a biztons\u00e1gi szab\u00e1lyoknak.&nbsp;<strong>A szigor\u00fabb ellen\u0151rz\u00e9seknek k\u00f6sz\u00f6nhet\u0151en az ut\u00f3bbi \u00e9vekben cs\u00f6kkent a b\u00e1nyaszerencs\u00e9tlens\u00e9gek sz\u00e1ma.<\/strong><\/p>\n\n\n\n<p><strong>2023. febru\u00e1r 22.<\/strong><\/p>\n\n\n\n<p><strong><em>(MTI\/EFE\/AP)<\/em><\/strong><\/p>\n","protected":false},"excerpt":{"rendered":"<p>Legal\u00e1bb k\u00e9t ember meghalt \u00e9s t\u00f6bb mint \u00f6tvenen elt\u0171ntek K\u00edna az \u00e9szak-k\u00ednai Bels\u0151-Mong\u00f3lia Auton\u00f3m Ter\u00fcleten, amikor a t\u00e9rs\u00e9gben beomlott egy sz\u00e9nb\u00e1nya. A k\u00ednai \u00e1llami m\u00e9dia azt mondta, mind ez id\u00e1ig k\u00e9t embert siker\u00fclt kimenteni a romok al\u00f3l, a ment\u00e9si munk\u00e1latok jelenleg is tartanak.&nbsp;&nbsp;&nbsp;&nbsp; K\u00edn\u00e1ban gyakoriak a b\u00e1nyaszerencs\u00e9tlens\u00e9gek, ez\u00e9rt a hat\u00f3s\u00e1gok igyekeztek nagyobb hangs\u00falyt fektetni a [&hellip;]<\/p>\n","protected":false},"author":7,"featured_media":16492,"comment_status":"closed","ping_status":"closed","sticky":false,"template":"","format":"standard","meta":{"footnotes":""},"categories":[45],"tags":[111,2076,234],"class_list":["post-16490","post","type-post","status-publish","format-standard","has-post-thumbnail","hentry","category-hirek","tag-baleset","tag-banyaomlas","tag-halaleset"],"yoast_head":"<!-- This site is optimized with the Yoast SEO plugin v23.7 - https:\/\/yoast.com\/wordpress\/plugins\/seo\/ -->\n<title>T\u00f6bben meghaltak egy b\u00e1nyaoml\u00e1sban K\u00edna \u00e9szaki r\u00e9sz\u00e9n, t\u00f6bbtucatnyian rekedtek a t\u00f6rmel\u00e9k alatt - kinaikaleidoszkop.hu<\/title>\n<meta name=\"robots\" content=\"index, follow, max-snippet:-1, max-image-preview:large, max-video-preview:-1\" \/>\n<link rel=\"canonical\" href=\"https:\/\/kinaikaleidoszkop.hu\/index.php\/2023\/02\/22\/tobben-meghaltak-egy-banyaomlasban-kina-eszaki-reszen-tobbtucatnyian-rekedtek-a-tormelek-alatt\/\" \/>\n<meta property=\"og:locale\" content=\"hu_HU\" \/>\n<meta property=\"og:type\" content=\"article\" \/>\n<meta property=\"og:title\" content=\"T\u00f6bben meghaltak egy b\u00e1nyaoml\u00e1sban K\u00edna \u00e9szaki r\u00e9sz\u00e9n, t\u00f6bbtucatnyian rekedtek a t\u00f6rmel\u00e9k alatt - kinaikaleidoszkop.hu\" \/>\n<meta property=\"og:description\" content=\"Legal\u00e1bb k\u00e9t ember meghalt \u00e9s t\u00f6bb mint \u00f6tvenen elt\u0171ntek K\u00edna az \u00e9szak-k\u00ednai Bels\u0151-Mong\u00f3lia Auton\u00f3m Ter\u00fcleten, amikor a t\u00e9rs\u00e9gben beomlott egy sz\u00e9nb\u00e1nya. A k\u00ednai \u00e1llami m\u00e9dia azt mondta, mind ez id\u00e1ig k\u00e9t embert siker\u00fclt kimenteni a romok al\u00f3l, a ment\u00e9si munk\u00e1latok jelenleg is tartanak.&nbsp;&nbsp;&nbsp;&nbsp; K\u00edn\u00e1ban gyakoriak a b\u00e1nyaszerencs\u00e9tlens\u00e9gek, ez\u00e9rt a hat\u00f3s\u00e1gok igyekeztek nagyobb hangs\u00falyt fektetni a [&hellip;]\" \/>\n<meta property=\"og:url\" content=\"https:\/\/kinaikaleidoszkop.hu\/index.php\/2023\/02\/22\/tobben-meghaltak-egy-banyaomlasban-kina-eszaki-reszen-tobbtucatnyian-rekedtek-a-tormelek-alatt\/\" \/>\n<meta property=\"og:site_name\" content=\"kinaikaleidoszkop.hu\" \/>\n<meta property=\"article:published_time\" content=\"2023-02-22T19:13:00+00:00\" \/>\n<meta property=\"article:modified_time\" content=\"2023-02-23T19:14:09+00:00\" \/>\n<meta property=\"og:image\" content=\"https:\/\/kinaikaleidoszkop.hu\/wp-content\/uploads\/2023\/02\/Ten-missing-as-second-JSW-run-coal-mine-in-Poland-hit-by-tremor-2.jpg\" \/>\n\t<meta property=\"og:image:width\" content=\"900\" \/>\n\t<meta property=\"og:image:height\" content=\"500\" \/>\n\t<meta property=\"og:image:type\" content=\"image\/jpeg\" \/>\n<meta name=\"author\" content=\"Szerk_Erik\" \/>\n<meta name=\"twitter:card\" content=\"summary_large_image\" \/>\n<meta name=\"twitter:label1\" content=\"Szerz\u0151:\" \/>\n\t<meta name=\"twitter:data1\" content=\"Szerk_Erik\" \/>\n\t<meta name=\"twitter:label2\" content=\"Becs\u00fclt olvas\u00e1si id\u0151\" \/>\n\t<meta name=\"twitter:data2\" content=\"1 perc\" \/>\n<script type=\"application\/ld+json\" class=\"yoast-schema-graph\">{\"@context\":\"https:\/\/schema.org\",\"@graph\":[{\"@type\":\"WebPage\",\"@id\":\"https:\/\/kinaikaleidoszkop.hu\/index.php\/2023\/02\/22\/tobben-meghaltak-egy-banyaomlasban-kina-eszaki-reszen-tobbtucatnyian-rekedtek-a-tormelek-alatt\/\",\"url\":\"https:\/\/kinaikaleidoszkop.hu\/index.php\/2023\/02\/22\/tobben-meghaltak-egy-banyaomlasban-kina-eszaki-reszen-tobbtucatnyian-rekedtek-a-tormelek-alatt\/\",\"name\":\"T\u00f6bben meghaltak egy b\u00e1nyaoml\u00e1sban K\u00edna \u00e9szaki r\u00e9sz\u00e9n, t\u00f6bbtucatnyian rekedtek a t\u00f6rmel\u00e9k alatt - kinaikaleidoszkop.hu\",\"isPartOf\":{\"@id\":\"https:\/\/kinaikaleidoszkop.hu\/#website\"},\"primaryImageOfPage\":{\"@id\":\"https:\/\/kinaikaleidoszkop.hu\/index.php\/2023\/02\/22\/tobben-meghaltak-egy-banyaomlasban-kina-eszaki-reszen-tobbtucatnyian-rekedtek-a-tormelek-alatt\/#primaryimage\"},\"image\":{\"@id\":\"https:\/\/kinaikaleidoszkop.hu\/index.php\/2023\/02\/22\/tobben-meghaltak-egy-banyaomlasban-kina-eszaki-reszen-tobbtucatnyian-rekedtek-a-tormelek-alatt\/#primaryimage\"},\"thumbnailUrl\":\"https:\/\/kinaikaleidoszkop.hu\/wp-content\/uploads\/2023\/02\/Ten-missing-as-second-JSW-run-coal-mine-in-Poland-hit-by-tremor-2.jpg\",\"datePublished\":\"2023-02-22T19:13:00+00:00\",\"dateModified\":\"2023-02-23T19:14:09+00:00\",\"author\":{\"@id\":\"https:\/\/kinaikaleidoszkop.hu\/#\/schema\/person\/4d69b71e7e70322713b9d9287b610556\"},\"breadcrumb\":{\"@id\":\"https:\/\/kinaikaleidoszkop.hu\/index.php\/2023\/02\/22\/tobben-meghaltak-egy-banyaomlasban-kina-eszaki-reszen-tobbtucatnyian-rekedtek-a-tormelek-alatt\/#breadcrumb\"},\"inLanguage\":\"hu\",\"potentialAction\":[{\"@type\":\"ReadAction\",\"target\":[\"https:\/\/kinaikaleidoszkop.hu\/index.php\/2023\/02\/22\/tobben-meghaltak-egy-banyaomlasban-kina-eszaki-reszen-tobbtucatnyian-rekedtek-a-tormelek-alatt\/\"]}]},{\"@type\":\"ImageObject\",\"inLanguage\":\"hu\",\"@id\":\"https:\/\/kinaikaleidoszkop.hu\/index.php\/2023\/02\/22\/tobben-meghaltak-egy-banyaomlasban-kina-eszaki-reszen-tobbtucatnyian-rekedtek-a-tormelek-alatt\/#primaryimage\",\"url\":\"https:\/\/kinaikaleidoszkop.hu\/wp-content\/uploads\/2023\/02\/Ten-missing-as-second-JSW-run-coal-mine-in-Poland-hit-by-tremor-2.jpg\",\"contentUrl\":\"https:\/\/kinaikaleidoszkop.hu\/wp-content\/uploads\/2023\/02\/Ten-missing-as-second-JSW-run-coal-mine-in-Poland-hit-by-tremor-2.jpg\",\"width\":900,\"height\":500},{\"@type\":\"BreadcrumbList\",\"@id\":\"https:\/\/kinaikaleidoszkop.hu\/index.php\/2023\/02\/22\/tobben-meghaltak-egy-banyaomlasban-kina-eszaki-reszen-tobbtucatnyian-rekedtek-a-tormelek-alatt\/#breadcrumb\",\"itemListElement\":[{\"@type\":\"ListItem\",\"position\":1,\"name\":\"Kezd\u0151lap\",\"item\":\"https:\/\/kinaikaleidoszkop.hu\/\"},{\"@type\":\"ListItem\",\"position\":2,\"name\":\"T\u00f6bben meghaltak egy b\u00e1nyaoml\u00e1sban K\u00edna \u00e9szaki r\u00e9sz\u00e9n, t\u00f6bbtucatnyian rekedtek a t\u00f6rmel\u00e9k alatt\"}]},{\"@type\":\"WebSite\",\"@id\":\"https:\/\/kinaikaleidoszkop.hu\/#website\",\"url\":\"https:\/\/kinaikaleidoszkop.hu\/\",\"name\":\"kinaikaleidoszkop.hu\",\"description\":\"\",\"potentialAction\":[{\"@type\":\"SearchAction\",\"target\":{\"@type\":\"EntryPoint\",\"urlTemplate\":\"https:\/\/kinaikaleidoszkop.hu\/?s={search_term_string}\"},\"query-input\":{\"@type\":\"PropertyValueSpecification\",\"valueRequired\":true,\"valueName\":\"search_term_string\"}}],\"inLanguage\":\"hu\"},{\"@type\":\"Person\",\"@id\":\"https:\/\/kinaikaleidoszkop.hu\/#\/schema\/person\/4d69b71e7e70322713b9d9287b610556\",\"name\":\"Szerk_Erik\",\"image\":{\"@type\":\"ImageObject\",\"inLanguage\":\"hu\",\"@id\":\"https:\/\/kinaikaleidoszkop.hu\/#\/schema\/person\/image\/\",\"url\":\"https:\/\/secure.gravatar.com\/avatar\/3c1e909a14c0c91d2eaef877aaacb584c667f8e7137de69653aa9561fd0e8062?s=96&d=mm&r=g\",\"contentUrl\":\"https:\/\/secure.gravatar.com\/avatar\/3c1e909a14c0c91d2eaef877aaacb584c667f8e7137de69653aa9561fd0e8062?s=96&d=mm&r=g\",\"caption\":\"Szerk_Erik\"},\"url\":\"https:\/\/kinaikaleidoszkop.hu\/index.php\/author\/szerk_erik\/\"}]}<\/script>\n<!-- \/ Yoast SEO plugin. -->","yoast_head_json":{"title":"T\u00f6bben meghaltak egy b\u00e1nyaoml\u00e1sban K\u00edna \u00e9szaki r\u00e9sz\u00e9n, t\u00f6bbtucatnyian rekedtek a t\u00f6rmel\u00e9k alatt - kinaikaleidoszkop.hu","robots":{"index":"index","follow":"follow","max-snippet":"max-snippet:-1","max-image-preview":"max-image-preview:large","max-video-preview":"max-video-preview:-1"},"canonical":"https:\/\/kinaikaleidoszkop.hu\/index.php\/2023\/02\/22\/tobben-meghaltak-egy-banyaomlasban-kina-eszaki-reszen-tobbtucatnyian-rekedtek-a-tormelek-alatt\/","og_locale":"hu_HU","og_type":"article","og_title":"T\u00f6bben meghaltak egy b\u00e1nyaoml\u00e1sban K\u00edna \u00e9szaki r\u00e9sz\u00e9n, t\u00f6bbtucatnyian rekedtek a t\u00f6rmel\u00e9k alatt - kinaikaleidoszkop.hu","og_description":"Legal\u00e1bb k\u00e9t ember meghalt \u00e9s t\u00f6bb mint \u00f6tvenen elt\u0171ntek K\u00edna az \u00e9szak-k\u00ednai Bels\u0151-Mong\u00f3lia Auton\u00f3m Ter\u00fcleten, amikor a t\u00e9rs\u00e9gben beomlott egy sz\u00e9nb\u00e1nya. A k\u00ednai \u00e1llami m\u00e9dia azt mondta, mind ez id\u00e1ig k\u00e9t embert siker\u00fclt kimenteni a romok al\u00f3l, a ment\u00e9si munk\u00e1latok jelenleg is tartanak.&nbsp;&nbsp;&nbsp;&nbsp; K\u00edn\u00e1ban gyakoriak a b\u00e1nyaszerencs\u00e9tlens\u00e9gek, ez\u00e9rt a hat\u00f3s\u00e1gok igyekeztek nagyobb hangs\u00falyt fektetni a [&hellip;]","og_url":"https:\/\/kinaikaleidoszkop.hu\/index.php\/2023\/02\/22\/tobben-meghaltak-egy-banyaomlasban-kina-eszaki-reszen-tobbtucatnyian-rekedtek-a-tormelek-alatt\/","og_site_name":"kinaikaleidoszkop.hu","article_published_time":"2023-02-22T19:13:00+00:00","article_modified_time":"2023-02-23T19:14:09+00:00","og_image":[{"width":900,"height":500,"url":"https:\/\/kinaikaleidoszkop.hu\/wp-content\/uploads\/2023\/02\/Ten-missing-as-second-JSW-run-coal-mine-in-Poland-hit-by-tremor-2.jpg","type":"image\/jpeg"}],"author":"Szerk_Erik","twitter_card":"summary_large_image","twitter_misc":{"Szerz\u0151:":"Szerk_Erik","Becs\u00fclt olvas\u00e1si id\u0151":"1 perc"},"schema":{"@context":"https:\/\/schema.org","@graph":[{"@type":"WebPage","@id":"https:\/\/kinaikaleidoszkop.hu\/index.php\/2023\/02\/22\/tobben-meghaltak-egy-banyaomlasban-kina-eszaki-reszen-tobbtucatnyian-rekedtek-a-tormelek-alatt\/","url":"https:\/\/kinaikaleidoszkop.hu\/index.php\/2023\/02\/22\/tobben-meghaltak-egy-banyaomlasban-kina-eszaki-reszen-tobbtucatnyian-rekedtek-a-tormelek-alatt\/","name":"T\u00f6bben meghaltak egy b\u00e1nyaoml\u00e1sban K\u00edna \u00e9szaki r\u00e9sz\u00e9n, t\u00f6bbtucatnyian rekedtek a t\u00f6rmel\u00e9k alatt - kinaikaleidoszkop.hu","isPartOf":{"@id":"https:\/\/kinaikaleidoszkop.hu\/#website"},"primaryImageOfPage":{"@id":"https:\/\/kinaikaleidoszkop.hu\/index.php\/2023\/02\/22\/tobben-meghaltak-egy-banyaomlasban-kina-eszaki-reszen-tobbtucatnyian-rekedtek-a-tormelek-alatt\/#primaryimage"},"image":{"@id":"https:\/\/kinaikaleidoszkop.hu\/index.php\/2023\/02\/22\/tobben-meghaltak-egy-banyaomlasban-kina-eszaki-reszen-tobbtucatnyian-rekedtek-a-tormelek-alatt\/#primaryimage"},"thumbnailUrl":"https:\/\/kinaikaleidoszkop.hu\/wp-content\/uploads\/2023\/02\/Ten-missing-as-second-JSW-run-coal-mine-in-Poland-hit-by-tremor-2.jpg","datePublished":"2023-02-22T19:13:00+00:00","dateModified":"2023-02-23T19:14:09+00:00","author":{"@id":"https:\/\/kinaikaleidoszkop.hu\/#\/schema\/person\/4d69b71e7e70322713b9d9287b610556"},"breadcrumb":{"@id":"https:\/\/kinaikaleidoszkop.hu\/index.php\/2023\/02\/22\/tobben-meghaltak-egy-banyaomlasban-kina-eszaki-reszen-tobbtucatnyian-rekedtek-a-tormelek-alatt\/#breadcrumb"},"inLanguage":"hu","potentialAction":[{"@type":"ReadAction","target":["https:\/\/kinaikaleidoszkop.hu\/index.php\/2023\/02\/22\/tobben-meghaltak-egy-banyaomlasban-kina-eszaki-reszen-tobbtucatnyian-rekedtek-a-tormelek-alatt\/"]}]},{"@type":"ImageObject","inLanguage":"hu","@id":"https:\/\/kinaikaleidoszkop.hu\/index.php\/2023\/02\/22\/tobben-meghaltak-egy-banyaomlasban-kina-eszaki-reszen-tobbtucatnyian-rekedtek-a-tormelek-alatt\/#primaryimage","url":"https:\/\/kinaikaleidoszkop.hu\/wp-content\/uploads\/2023\/02\/Ten-missing-as-second-JSW-run-coal-mine-in-Poland-hit-by-tremor-2.jpg","contentUrl":"https:\/\/kinaikaleidoszkop.hu\/wp-content\/uploads\/2023\/02\/Ten-missing-as-second-JSW-run-coal-mine-in-Poland-hit-by-tremor-2.jpg","width":900,"height":500},{"@type":"BreadcrumbList","@id":"https:\/\/kinaikaleidoszkop.hu\/index.php\/2023\/02\/22\/tobben-meghaltak-egy-banyaomlasban-kina-eszaki-reszen-tobbtucatnyian-rekedtek-a-tormelek-alatt\/#breadcrumb","itemListElement":[{"@type":"ListItem","position":1,"name":"Kezd\u0151lap","item":"https:\/\/kinaikaleidoszkop.hu\/"},{"@type":"ListItem","position":2,"name":"T\u00f6bben meghaltak egy b\u00e1nyaoml\u00e1sban K\u00edna \u00e9szaki r\u00e9sz\u00e9n, t\u00f6bbtucatnyian rekedtek a t\u00f6rmel\u00e9k alatt"}]},{"@type":"WebSite","@id":"https:\/\/kinaikaleidoszkop.hu\/#website","url":"https:\/\/kinaikaleidoszkop.hu\/","name":"kinaikaleidoszkop.hu","description":"","potentialAction":[{"@type":"SearchAction","target":{"@type":"EntryPoint","urlTemplate":"https:\/\/kinaikaleidoszkop.hu\/?s={search_term_string}"},"query-input":{"@type":"PropertyValueSpecification","valueRequired":true,"valueName":"search_term_string"}}],"inLanguage":"hu"},{"@type":"Person","@id":"https:\/\/kinaikaleidoszkop.hu\/#\/schema\/person\/4d69b71e7e70322713b9d9287b610556","name":"Szerk_Erik","image":{"@type":"ImageObject","inLanguage":"hu","@id":"https:\/\/kinaikaleidoszkop.hu\/#\/schema\/person\/image\/","url":"https:\/\/secure.gravatar.com\/avatar\/3c1e909a14c0c91d2eaef877aaacb584c667f8e7137de69653aa9561fd0e8062?s=96&d=mm&r=g","contentUrl":"https:\/\/secure.gravatar.com\/avatar\/3c1e909a14c0c91d2eaef877aaacb584c667f8e7137de69653aa9561fd0e8062?s=96&d=mm&r=g","caption":"Szerk_Erik"},"url":"https:\/\/kinaikaleidoszkop.hu\/index.php\/author\/szerk_erik\/"}]}},"views":269,"distributor_meta":false,"distributor_terms":false,"distributor_media":false,"distributor_original_site_name":"kinaikaleidoszkop.hu","distributor_original_site_url":"https:\/\/kinaikaleidoszkop.hu","push-errors":false,"_links":{"self":[{"href":"https:\/\/kinaikaleidoszkop.hu\/index.php\/wp-json\/wp\/v2\/posts\/16490","targetHints":{"allow":["GET"]}}],"collection":[{"href":"https:\/\/kinaikaleidoszkop.hu\/index.php\/wp-json\/wp\/v2\/posts"}],"about":[{"href":"https:\/\/kinaikaleidoszkop.hu\/index.php\/wp-json\/wp\/v2\/types\/post"}],"author":[{"embeddable":true,"href":"https:\/\/kinaikaleidoszkop.hu\/index.php\/wp-json\/wp\/v2\/users\/7"}],"replies":[{"embeddable":true,"href":"https:\/\/kinaikaleidoszkop.hu\/index.php\/wp-json\/wp\/v2\/comments?post=16490"}],"version-history":[{"count":1,"href":"https:\/\/kinaikaleidoszkop.hu\/index.php\/wp-json\/wp\/v2\/posts\/16490\/revisions"}],"predecessor-version":[{"id":16493,"href":"https:\/\/kinaikaleidoszkop.hu\/index.php\/wp-json\/wp\/v2\/posts\/16490\/revisions\/16493"}],"wp:featuredmedia":[{"embeddable":true,"href":"https:\/\/kinaikaleidoszkop.hu\/index.php\/wp-json\/wp\/v2\/media\/16492"}],"wp:attachment":[{"href":"https:\/\/kinaikaleidoszkop.hu\/index.php\/wp-json\/wp\/v2\/media?parent=16490"}],"wp:term":[{"taxonomy":"category","embeddable":true,"href":"https:\/\/kinaikaleidoszkop.hu\/index.php\/wp-json\/wp\/v2\/categories?post=16490"},{"taxonomy":"post_tag","embeddable":true,"href":"https:\/\/kinaikaleidoszkop.hu\/index.php\/wp-json\/wp\/v2\/tags?post=16490"}],"curies":[{"name":"wp","href":"https:\/\/api.w.org\/{rel}","templated":true}]}}