{"id":16502,"date":"2023-02-23T18:00:00","date_gmt":"2023-02-23T17:00:00","guid":{"rendered":"https:\/\/kinaikaleidoszkop.hu\/?p=16502"},"modified":"2023-02-23T20:17:19","modified_gmt":"2023-02-23T19:17:19","slug":"ulesezett-a-kkp-kb-politikai-bizottsaga","status":"publish","type":"post","link":"https:\/\/kinaikaleidoszkop.hu\/index.php\/2023\/02\/23\/ulesezett-a-kkp-kb-politikai-bizottsaga\/","title":{"rendered":"\u00dcl\u00e9sezett a KKP KB Politikai Bizotts\u00e1ga"},"content":{"rendered":"\n<p><strong>A KKP KB Politikai Bizotts\u00e1g\u00e1nak febru\u00e1r 21-i \u00fcl\u00e9s\u00e9n d\u00f6nt\u00f6ttek arr\u00f3l, hogy febru\u00e1r 26-t\u00f3l 28-ig tartj\u00e1k meg Pekingben a KKP 20. K\u00f6zponti Bizotts\u00e1g\u00e1nak 2. plen\u00e1ris \u00fcl\u00e9s\u00e9t, amelyen Hszi Csin-ping a KKP KB f\u0151titk\u00e1ra fog eln\u00f6k\u00f6lni.<\/strong><\/p>\n\n\n\n<p>A politikai bizotts\u00e1gi \u00fcl\u00e9sen r\u00e9sztvev\u0151k t\u00e1rgyaltak a KKP \u00e9s a k\u00ednai korm\u00e1nyhivatalok reformj\u00e1val kapcsolatos javaslatokr\u00f3l, \u00e9s \u00fagy d\u00f6nt\u00f6ttek, hogy a javaslatokat a K\u00f6zponti Bizotts\u00e1g soron k\u00f6vetkez\u0151 \u00fcl\u00e9s\u00e9n megvitatj\u00e1k \u00e9s elfogad\u00e1sra aj\u00e1nlj\u00e1k.<\/p>\n\n\n\n<p>Az \u00fcl\u00e9sen r\u00e1mutattak, hogy a KKP 18. Kongresszusa \u00f3ta Hszi Csin-ping vezet\u00e9s\u00e9vel a KKP \u00e9s a korm\u00e1nyhivatalok reformja a KKP KB egyik kiemelt feladata.<\/p>\n\n\n\n<figure class=\"wp-block-image\"><img decoding=\"async\" src=\"https:\/\/hirpest.hu\/wp-content\/uploads\/2023\/02\/VCG111414881323.jpg\" alt=\"\" class=\"wp-image-15887\"\/><\/figure>\n\n\n\n<p>Az \u00fcl\u00e9sen hangs\u00falyozt\u00e1k, hogy a KKP 20. Kongresszusa \u00f3ta olyan fontos terveket dolgoztak ki a reformok \u00fcgy\u00e9ben, amelyek sz\u00fcks\u00e9gesek a modern szocialista orsz\u00e1g fel\u00e9p\u00edt\u00e9s\u00e9hez \u00e9s a k\u00ednai nemzet meg\u00faj\u00edt\u00e1s\u00e1hoz.<\/p>\n\n\n\n<p>Elhangzott, hogy az idei \u00e9v az els\u0151, amikor teljes m\u00e9rt\u00e9kben \u00e9rv\u00e9nyes\u00fcl a KKP 20. kongresszus\u00e1nak szellemis\u00e9ge. A k\u00f6zponti gazdas\u00e1gi munk\u00e1kr\u00f3l sz\u00f3l\u00f3 \u00fcl\u00e9sen hangs\u00falyozt\u00e1k, hogy hat\u00e1rozottan ki kell \u00e1llni a k\u00ednai saj\u00e1toss\u00e1g\u00fa moderniz\u00e1ci\u00f3 folytat\u00e1sa mellett, meg kell teremteni a stabilit\u00e1st biztos\u00edt\u00f3 \u00e1ltal\u00e1nos munkak\u00f6r\u00fclm\u00e9nyeket, tov\u00e1bb\u00e1 pontosan \u00e9s \u00e1tfog\u00f3 m\u00f3don, hi\u00e1nytalanul kell megval\u00f3s\u00edtani az \u00faj fejleszt\u00e9si koncepci\u00f3t.&nbsp;<\/p>\n\n\n\n<p>S\u00fcrget\u0151 feladat az \u00faj fejleszt\u00e9si modell ki\u00e9p\u00edt\u00e9s\u00e9nek felgyors\u00edt\u00e1sa, a magas sz\u00ednvonal\u00fa fejleszt\u00e9s el\u0151mozd\u00edt\u00e1sa, a hazai \u00e9s nemzetk\u00f6zi helyzet, a j\u00e1rv\u00e1nymegel\u0151z\u00e9s \u00e9s a j\u00e1rv\u00e1ny elleni v\u00e9dekez\u00e9s, valamint a gazdas\u00e1gi-t\u00e1rsadalmi fejl\u0151d\u00e9s \u00e9s a biztons\u00e1g min\u0151s\u00e9gibb \u00f6sszehangol\u00e1sa, a reformok \u00e9s a nyit\u00e1s \u00e1tfog\u00f3 elm\u00e9ly\u00edt\u00e9se, valamint a piaci bizalom er\u0151teljes n\u00f6vel\u00e9se. Mindezek szervesen \u00f6tv\u00f6zik a bels\u0151 kereslet b\u0151v\u00edt\u00e9s\u00e9re ir\u00e1nyul\u00f3 strat\u00e9gia megval\u00f3s\u00edt\u00e1s\u00e1t, \u00e9s a k\u00edn\u00e1lati oldali struktur\u00e1lis reformok elm\u00e9ly\u00edt\u00e9s\u00e9t.&nbsp;<\/p>\n\n\n\n<p>Stabiliz\u00e1lj\u00e1k a n\u00f6veked\u00e9st, a foglalkoztat\u00e1st \u00e9s az \u00e1rakat, hat\u00e9konyan megel\u0151zik \u00e9s megoldj\u00e1k a f\u0151bb kock\u00e1zatokat, el\u0151seg\u00edtik a gazdas\u00e1g m\u0171k\u00f6d\u00e9s\u00e9nek \u00e1ltal\u00e1nos javul\u00e1s\u00e1t, a min\u0151s\u00e9g hat\u00e9kony emel\u00e9s\u00e9t \u00e9s a mennyis\u00e9gi racionaliz\u00e1l\u00e1st. A gazdas\u00e1gi n\u00f6veked\u00e9s, az emberek meg\u00e9lhet\u00e9s\u00e9nek folyamatos jav\u00edt\u00e1sa \u00e9s az \u00e1ltal\u00e1nos t\u00e1rsadalmi stabilit\u00e1s fenntart\u00e1sa egy modern szocialista orsz\u00e1g \u00e1tfog\u00f3 fel\u00e9p\u00edt\u00e9s\u00e9nek az alapjai \u2013 sz\u00f6gezt\u00e9k le az \u00fcl\u00e9sen.<\/p>\n\n\n\n<p><strong>2023. febru\u00e1r 23.<\/strong><\/p>\n\n\n\n<p><strong><em>(China Media Group)<\/em><\/strong><\/p>\n\n\n\n<p><strong>(x)<\/strong><\/p>\n","protected":false},"excerpt":{"rendered":"<p>A KKP KB Politikai Bizotts\u00e1g\u00e1nak febru\u00e1r 21-i \u00fcl\u00e9s\u00e9n d\u00f6nt\u00f6ttek arr\u00f3l, hogy febru\u00e1r 26-t\u00f3l 28-ig tartj\u00e1k meg Pekingben a KKP 20. K\u00f6zponti Bizotts\u00e1g\u00e1nak 2. plen\u00e1ris \u00fcl\u00e9s\u00e9t, amelyen Hszi Csin-ping a KKP KB f\u0151titk\u00e1ra fog eln\u00f6k\u00f6lni. A politikai bizotts\u00e1gi \u00fcl\u00e9sen r\u00e9sztvev\u0151k t\u00e1rgyaltak a KKP \u00e9s a k\u00ednai korm\u00e1nyhivatalok reformj\u00e1val kapcsolatos javaslatokr\u00f3l, \u00e9s \u00fagy d\u00f6nt\u00f6ttek, hogy a javaslatokat [&hellip;]<\/p>\n","protected":false},"author":7,"featured_media":16504,"comment_status":"closed","ping_status":"closed","sticky":false,"template":"","format":"standard","meta":{"footnotes":""},"categories":[45],"tags":[2075,2068,475,705],"class_list":["post-16502","post","type-post","status-publish","format-standard","has-post-thumbnail","hentry","category-hirek","tag-bizottsag","tag-kkp","tag-megbeszeles","tag-ules"],"yoast_head":"<!-- This site is optimized with the Yoast SEO plugin v23.7 - https:\/\/yoast.com\/wordpress\/plugins\/seo\/ -->\n<title>\u00dcl\u00e9sezett a KKP KB Politikai Bizotts\u00e1ga - kinaikaleidoszkop.hu<\/title>\n<meta name=\"robots\" content=\"index, follow, max-snippet:-1, max-image-preview:large, max-video-preview:-1\" \/>\n<link rel=\"canonical\" href=\"https:\/\/kinaikaleidoszkop.hu\/index.php\/2023\/02\/23\/ulesezett-a-kkp-kb-politikai-bizottsaga\/\" \/>\n<meta property=\"og:locale\" content=\"hu_HU\" \/>\n<meta property=\"og:type\" content=\"article\" \/>\n<meta property=\"og:title\" content=\"\u00dcl\u00e9sezett a KKP KB Politikai Bizotts\u00e1ga - kinaikaleidoszkop.hu\" \/>\n<meta property=\"og:description\" content=\"A KKP KB Politikai Bizotts\u00e1g\u00e1nak febru\u00e1r 21-i \u00fcl\u00e9s\u00e9n d\u00f6nt\u00f6ttek arr\u00f3l, hogy febru\u00e1r 26-t\u00f3l 28-ig tartj\u00e1k meg Pekingben a KKP 20. K\u00f6zponti Bizotts\u00e1g\u00e1nak 2. plen\u00e1ris \u00fcl\u00e9s\u00e9t, amelyen Hszi Csin-ping a KKP KB f\u0151titk\u00e1ra fog eln\u00f6k\u00f6lni. A politikai bizotts\u00e1gi \u00fcl\u00e9sen r\u00e9sztvev\u0151k t\u00e1rgyaltak a KKP \u00e9s a k\u00ednai korm\u00e1nyhivatalok reformj\u00e1val kapcsolatos javaslatokr\u00f3l, \u00e9s \u00fagy d\u00f6nt\u00f6ttek, hogy a javaslatokat [&hellip;]\" \/>\n<meta property=\"og:url\" content=\"https:\/\/kinaikaleidoszkop.hu\/index.php\/2023\/02\/23\/ulesezett-a-kkp-kb-politikai-bizottsaga\/\" \/>\n<meta property=\"og:site_name\" content=\"kinaikaleidoszkop.hu\" \/>\n<meta property=\"article:published_time\" content=\"2023-02-23T17:00:00+00:00\" \/>\n<meta property=\"article:modified_time\" content=\"2023-02-23T19:17:19+00:00\" \/>\n<meta property=\"og:image\" content=\"https:\/\/kinaikaleidoszkop.hu\/wp-content\/uploads\/2023\/02\/VCG111414881323-768x512-1.jpg\" \/>\n\t<meta property=\"og:image:width\" content=\"768\" \/>\n\t<meta property=\"og:image:height\" content=\"512\" \/>\n\t<meta property=\"og:image:type\" content=\"image\/jpeg\" \/>\n<meta name=\"author\" content=\"Szerk_Erik\" \/>\n<meta name=\"twitter:card\" content=\"summary_large_image\" \/>\n<meta name=\"twitter:label1\" content=\"Szerz\u0151:\" \/>\n\t<meta name=\"twitter:data1\" content=\"Szerk_Erik\" \/>\n\t<meta name=\"twitter:label2\" content=\"Becs\u00fclt olvas\u00e1si id\u0151\" \/>\n\t<meta name=\"twitter:data2\" content=\"2 perc\" \/>\n<script type=\"application\/ld+json\" class=\"yoast-schema-graph\">{\"@context\":\"https:\/\/schema.org\",\"@graph\":[{\"@type\":\"WebPage\",\"@id\":\"https:\/\/kinaikaleidoszkop.hu\/index.php\/2023\/02\/23\/ulesezett-a-kkp-kb-politikai-bizottsaga\/\",\"url\":\"https:\/\/kinaikaleidoszkop.hu\/index.php\/2023\/02\/23\/ulesezett-a-kkp-kb-politikai-bizottsaga\/\",\"name\":\"\u00dcl\u00e9sezett a KKP KB Politikai Bizotts\u00e1ga - kinaikaleidoszkop.hu\",\"isPartOf\":{\"@id\":\"https:\/\/kinaikaleidoszkop.hu\/#website\"},\"primaryImageOfPage\":{\"@id\":\"https:\/\/kinaikaleidoszkop.hu\/index.php\/2023\/02\/23\/ulesezett-a-kkp-kb-politikai-bizottsaga\/#primaryimage\"},\"image\":{\"@id\":\"https:\/\/kinaikaleidoszkop.hu\/index.php\/2023\/02\/23\/ulesezett-a-kkp-kb-politikai-bizottsaga\/#primaryimage\"},\"thumbnailUrl\":\"https:\/\/kinaikaleidoszkop.hu\/wp-content\/uploads\/2023\/02\/VCG111414881323-768x512-1.jpg\",\"datePublished\":\"2023-02-23T17:00:00+00:00\",\"dateModified\":\"2023-02-23T19:17:19+00:00\",\"author\":{\"@id\":\"https:\/\/kinaikaleidoszkop.hu\/#\/schema\/person\/4d69b71e7e70322713b9d9287b610556\"},\"breadcrumb\":{\"@id\":\"https:\/\/kinaikaleidoszkop.hu\/index.php\/2023\/02\/23\/ulesezett-a-kkp-kb-politikai-bizottsaga\/#breadcrumb\"},\"inLanguage\":\"hu\",\"potentialAction\":[{\"@type\":\"ReadAction\",\"target\":[\"https:\/\/kinaikaleidoszkop.hu\/index.php\/2023\/02\/23\/ulesezett-a-kkp-kb-politikai-bizottsaga\/\"]}]},{\"@type\":\"ImageObject\",\"inLanguage\":\"hu\",\"@id\":\"https:\/\/kinaikaleidoszkop.hu\/index.php\/2023\/02\/23\/ulesezett-a-kkp-kb-politikai-bizottsaga\/#primaryimage\",\"url\":\"https:\/\/kinaikaleidoszkop.hu\/wp-content\/uploads\/2023\/02\/VCG111414881323-768x512-1.jpg\",\"contentUrl\":\"https:\/\/kinaikaleidoszkop.hu\/wp-content\/uploads\/2023\/02\/VCG111414881323-768x512-1.jpg\",\"width\":768,\"height\":512},{\"@type\":\"BreadcrumbList\",\"@id\":\"https:\/\/kinaikaleidoszkop.hu\/index.php\/2023\/02\/23\/ulesezett-a-kkp-kb-politikai-bizottsaga\/#breadcrumb\",\"itemListElement\":[{\"@type\":\"ListItem\",\"position\":1,\"name\":\"Kezd\u0151lap\",\"item\":\"https:\/\/kinaikaleidoszkop.hu\/\"},{\"@type\":\"ListItem\",\"position\":2,\"name\":\"\u00dcl\u00e9sezett a KKP KB Politikai Bizotts\u00e1ga\"}]},{\"@type\":\"WebSite\",\"@id\":\"https:\/\/kinaikaleidoszkop.hu\/#website\",\"url\":\"https:\/\/kinaikaleidoszkop.hu\/\",\"name\":\"kinaikaleidoszkop.hu\",\"description\":\"\",\"potentialAction\":[{\"@type\":\"SearchAction\",\"target\":{\"@type\":\"EntryPoint\",\"urlTemplate\":\"https:\/\/kinaikaleidoszkop.hu\/?s={search_term_string}\"},\"query-input\":{\"@type\":\"PropertyValueSpecification\",\"valueRequired\":true,\"valueName\":\"search_term_string\"}}],\"inLanguage\":\"hu\"},{\"@type\":\"Person\",\"@id\":\"https:\/\/kinaikaleidoszkop.hu\/#\/schema\/person\/4d69b71e7e70322713b9d9287b610556\",\"name\":\"Szerk_Erik\",\"image\":{\"@type\":\"ImageObject\",\"inLanguage\":\"hu\",\"@id\":\"https:\/\/kinaikaleidoszkop.hu\/#\/schema\/person\/image\/\",\"url\":\"https:\/\/secure.gravatar.com\/avatar\/3c1e909a14c0c91d2eaef877aaacb584c667f8e7137de69653aa9561fd0e8062?s=96&d=mm&r=g\",\"contentUrl\":\"https:\/\/secure.gravatar.com\/avatar\/3c1e909a14c0c91d2eaef877aaacb584c667f8e7137de69653aa9561fd0e8062?s=96&d=mm&r=g\",\"caption\":\"Szerk_Erik\"},\"url\":\"https:\/\/kinaikaleidoszkop.hu\/index.php\/author\/szerk_erik\/\"}]}<\/script>\n<!-- \/ Yoast SEO plugin. -->","yoast_head_json":{"title":"\u00dcl\u00e9sezett a KKP KB Politikai Bizotts\u00e1ga - kinaikaleidoszkop.hu","robots":{"index":"index","follow":"follow","max-snippet":"max-snippet:-1","max-image-preview":"max-image-preview:large","max-video-preview":"max-video-preview:-1"},"canonical":"https:\/\/kinaikaleidoszkop.hu\/index.php\/2023\/02\/23\/ulesezett-a-kkp-kb-politikai-bizottsaga\/","og_locale":"hu_HU","og_type":"article","og_title":"\u00dcl\u00e9sezett a KKP KB Politikai Bizotts\u00e1ga - kinaikaleidoszkop.hu","og_description":"A KKP KB Politikai Bizotts\u00e1g\u00e1nak febru\u00e1r 21-i \u00fcl\u00e9s\u00e9n d\u00f6nt\u00f6ttek arr\u00f3l, hogy febru\u00e1r 26-t\u00f3l 28-ig tartj\u00e1k meg Pekingben a KKP 20. K\u00f6zponti Bizotts\u00e1g\u00e1nak 2. plen\u00e1ris \u00fcl\u00e9s\u00e9t, amelyen Hszi Csin-ping a KKP KB f\u0151titk\u00e1ra fog eln\u00f6k\u00f6lni. A politikai bizotts\u00e1gi \u00fcl\u00e9sen r\u00e9sztvev\u0151k t\u00e1rgyaltak a KKP \u00e9s a k\u00ednai korm\u00e1nyhivatalok reformj\u00e1val kapcsolatos javaslatokr\u00f3l, \u00e9s \u00fagy d\u00f6nt\u00f6ttek, hogy a javaslatokat [&hellip;]","og_url":"https:\/\/kinaikaleidoszkop.hu\/index.php\/2023\/02\/23\/ulesezett-a-kkp-kb-politikai-bizottsaga\/","og_site_name":"kinaikaleidoszkop.hu","article_published_time":"2023-02-23T17:00:00+00:00","article_modified_time":"2023-02-23T19:17:19+00:00","og_image":[{"width":768,"height":512,"url":"https:\/\/kinaikaleidoszkop.hu\/wp-content\/uploads\/2023\/02\/VCG111414881323-768x512-1.jpg","type":"image\/jpeg"}],"author":"Szerk_Erik","twitter_card":"summary_large_image","twitter_misc":{"Szerz\u0151:":"Szerk_Erik","Becs\u00fclt olvas\u00e1si id\u0151":"2 perc"},"schema":{"@context":"https:\/\/schema.org","@graph":[{"@type":"WebPage","@id":"https:\/\/kinaikaleidoszkop.hu\/index.php\/2023\/02\/23\/ulesezett-a-kkp-kb-politikai-bizottsaga\/","url":"https:\/\/kinaikaleidoszkop.hu\/index.php\/2023\/02\/23\/ulesezett-a-kkp-kb-politikai-bizottsaga\/","name":"\u00dcl\u00e9sezett a KKP KB Politikai Bizotts\u00e1ga - kinaikaleidoszkop.hu","isPartOf":{"@id":"https:\/\/kinaikaleidoszkop.hu\/#website"},"primaryImageOfPage":{"@id":"https:\/\/kinaikaleidoszkop.hu\/index.php\/2023\/02\/23\/ulesezett-a-kkp-kb-politikai-bizottsaga\/#primaryimage"},"image":{"@id":"https:\/\/kinaikaleidoszkop.hu\/index.php\/2023\/02\/23\/ulesezett-a-kkp-kb-politikai-bizottsaga\/#primaryimage"},"thumbnailUrl":"https:\/\/kinaikaleidoszkop.hu\/wp-content\/uploads\/2023\/02\/VCG111414881323-768x512-1.jpg","datePublished":"2023-02-23T17:00:00+00:00","dateModified":"2023-02-23T19:17:19+00:00","author":{"@id":"https:\/\/kinaikaleidoszkop.hu\/#\/schema\/person\/4d69b71e7e70322713b9d9287b610556"},"breadcrumb":{"@id":"https:\/\/kinaikaleidoszkop.hu\/index.php\/2023\/02\/23\/ulesezett-a-kkp-kb-politikai-bizottsaga\/#breadcrumb"},"inLanguage":"hu","potentialAction":[{"@type":"ReadAction","target":["https:\/\/kinaikaleidoszkop.hu\/index.php\/2023\/02\/23\/ulesezett-a-kkp-kb-politikai-bizottsaga\/"]}]},{"@type":"ImageObject","inLanguage":"hu","@id":"https:\/\/kinaikaleidoszkop.hu\/index.php\/2023\/02\/23\/ulesezett-a-kkp-kb-politikai-bizottsaga\/#primaryimage","url":"https:\/\/kinaikaleidoszkop.hu\/wp-content\/uploads\/2023\/02\/VCG111414881323-768x512-1.jpg","contentUrl":"https:\/\/kinaikaleidoszkop.hu\/wp-content\/uploads\/2023\/02\/VCG111414881323-768x512-1.jpg","width":768,"height":512},{"@type":"BreadcrumbList","@id":"https:\/\/kinaikaleidoszkop.hu\/index.php\/2023\/02\/23\/ulesezett-a-kkp-kb-politikai-bizottsaga\/#breadcrumb","itemListElement":[{"@type":"ListItem","position":1,"name":"Kezd\u0151lap","item":"https:\/\/kinaikaleidoszkop.hu\/"},{"@type":"ListItem","position":2,"name":"\u00dcl\u00e9sezett a KKP KB Politikai Bizotts\u00e1ga"}]},{"@type":"WebSite","@id":"https:\/\/kinaikaleidoszkop.hu\/#website","url":"https:\/\/kinaikaleidoszkop.hu\/","name":"kinaikaleidoszkop.hu","description":"","potentialAction":[{"@type":"SearchAction","target":{"@type":"EntryPoint","urlTemplate":"https:\/\/kinaikaleidoszkop.hu\/?s={search_term_string}"},"query-input":{"@type":"PropertyValueSpecification","valueRequired":true,"valueName":"search_term_string"}}],"inLanguage":"hu"},{"@type":"Person","@id":"https:\/\/kinaikaleidoszkop.hu\/#\/schema\/person\/4d69b71e7e70322713b9d9287b610556","name":"Szerk_Erik","image":{"@type":"ImageObject","inLanguage":"hu","@id":"https:\/\/kinaikaleidoszkop.hu\/#\/schema\/person\/image\/","url":"https:\/\/secure.gravatar.com\/avatar\/3c1e909a14c0c91d2eaef877aaacb584c667f8e7137de69653aa9561fd0e8062?s=96&d=mm&r=g","contentUrl":"https:\/\/secure.gravatar.com\/avatar\/3c1e909a14c0c91d2eaef877aaacb584c667f8e7137de69653aa9561fd0e8062?s=96&d=mm&r=g","caption":"Szerk_Erik"},"url":"https:\/\/kinaikaleidoszkop.hu\/index.php\/author\/szerk_erik\/"}]}},"views":257,"distributor_meta":false,"distributor_terms":false,"distributor_media":false,"distributor_original_site_name":"kinaikaleidoszkop.hu","distributor_original_site_url":"https:\/\/kinaikaleidoszkop.hu","push-errors":false,"_links":{"self":[{"href":"https:\/\/kinaikaleidoszkop.hu\/index.php\/wp-json\/wp\/v2\/posts\/16502","targetHints":{"allow":["GET"]}}],"collection":[{"href":"https:\/\/kinaikaleidoszkop.hu\/index.php\/wp-json\/wp\/v2\/posts"}],"about":[{"href":"https:\/\/kinaikaleidoszkop.hu\/index.php\/wp-json\/wp\/v2\/types\/post"}],"author":[{"embeddable":true,"href":"https:\/\/kinaikaleidoszkop.hu\/index.php\/wp-json\/wp\/v2\/users\/7"}],"replies":[{"embeddable":true,"href":"https:\/\/kinaikaleidoszkop.hu\/index.php\/wp-json\/wp\/v2\/comments?post=16502"}],"version-history":[{"count":1,"href":"https:\/\/kinaikaleidoszkop.hu\/index.php\/wp-json\/wp\/v2\/posts\/16502\/revisions"}],"predecessor-version":[{"id":16505,"href":"https:\/\/kinaikaleidoszkop.hu\/index.php\/wp-json\/wp\/v2\/posts\/16502\/revisions\/16505"}],"wp:featuredmedia":[{"embeddable":true,"href":"https:\/\/kinaikaleidoszkop.hu\/index.php\/wp-json\/wp\/v2\/media\/16504"}],"wp:attachment":[{"href":"https:\/\/kinaikaleidoszkop.hu\/index.php\/wp-json\/wp\/v2\/media?parent=16502"}],"wp:term":[{"taxonomy":"category","embeddable":true,"href":"https:\/\/kinaikaleidoszkop.hu\/index.php\/wp-json\/wp\/v2\/categories?post=16502"},{"taxonomy":"post_tag","embeddable":true,"href":"https:\/\/kinaikaleidoszkop.hu\/index.php\/wp-json\/wp\/v2\/tags?post=16502"}],"curies":[{"name":"wp","href":"https:\/\/api.w.org\/{rel}","templated":true}]}}