{"id":16587,"date":"2023-03-08T10:42:43","date_gmt":"2023-03-08T09:42:43","guid":{"rendered":"https:\/\/kinaikaleidoszkop.hu\/?p=16587"},"modified":"2023-03-08T10:42:44","modified_gmt":"2023-03-08T09:42:44","slug":"a-pekingi-teli-paralimpia-elso-evfordulojan-szamos-jeges-es-havas-esemenyt-rendeztek","status":"publish","type":"post","link":"https:\/\/kinaikaleidoszkop.hu\/index.php\/2023\/03\/08\/a-pekingi-teli-paralimpia-elso-evfordulojan-szamos-jeges-es-havas-esemenyt-rendeztek\/","title":{"rendered":"A pekingi t\u00e9li paralimpia els\u0151 \u00e9vfordul\u00f3j\u00e1n sz\u00e1mos jeges \u00e9s havas esem\u00e9nyt rendeztek"},"content":{"rendered":"\n<p><strong>M\u00e1rcius 4-\u00e9n volt a pekingi t\u00e9li paralimpiai j\u00e1t\u00e9kok megnyit\u00e1s\u00e1nak els\u0151 \u00e9vfordul\u00f3ja. Hebei tartom\u00e1ny Zhangjiakou v\u00e1ros Chongli ker\u00fclet\u00e9ben, a t\u00e9li paralimpiai j\u00e1t\u00e9kok egyik helysz\u00edn\u00e9n sz\u00e1mos t\u00f6megsportesem\u00e9nyt rendeztek a t\u00e9li olimpiai helysz\u00ednek fenntarthat\u00f3 \u00fajrahasznos\u00edt\u00e1sa \u00e9rdek\u00e9ben.<\/strong><\/p>\n\n\n\n<figure class=\"wp-block-image\"><img decoding=\"async\" src=\"https:\/\/hirpest.hu\/wp-content\/uploads\/2023\/03\/paralim.png\" alt=\"\" class=\"wp-image-16039\"\/><\/figure>\n\n\n\n<p>M\u00e1rcius 4-\u00e9n reggel a Zhangjiakou v\u00e1rosban tal\u00e1lhat\u00f3 Yunding S\u00edparkban rendezt\u00e9k meg az alpesi s\u00edel\u00e9s d\u00f6nt\u0151j\u00e9t, ahov\u00e1 \u00f6t fordul\u00f3 ut\u00e1n k\u00f6zel 200 versenyz\u0151 jutott be. A verseny \u2013 2022 decemberi kezdete \u00f3ta \u2013 az orsz\u00e1g 27 tartom\u00e1ny\u00e1b\u00f3l \u00e9s v\u00e1ros\u00e1b\u00f3l, valamint Hongkongb\u00f3l \u00e9s \u00daj-Z\u00e9landr\u00f3l 1603 f\u0151t vonzott, akik szinte mindegyike amat\u0151r s\u00edel\u0151, t\u00f6bb mint fele pedig tin\u00e9dzser.<\/p>\n\n\n\n<p>Li Xiaoguang, a Hebei tartom\u00e1nyi Zhangjiakou T\u00e9li Sport Menedzsment K\u00f6zpont igazgat\u00f3ja elmondta, teljes m\u00e9rt\u00e9kben ki szeretn\u00e9k haszn\u00e1lni a t\u00e9li olimpia ny\u00fajtotta \u00f6r\u00f6ks\u00e9get.<\/p>\n\n\n\n<p>A Yunding s\u00edparkban aznap az orsz\u00e1g minden t\u00e1j\u00e1r\u00f3l t\u00f6bb mint 900-an vettek r\u00e9szt a 10 kilom\u00e9teres, 27 akad\u00e1llyal nehez\u00edtett versenyen.<\/p>\n\n\n\n<figure class=\"wp-block-image\"><img decoding=\"async\" src=\"https:\/\/hirpest.hu\/wp-content\/uploads\/2023\/03\/paralim2.png\" alt=\"\" class=\"wp-image-16040\"\/><\/figure>\n\n\n\n<p>Xu Fuli versenyz\u0151 elmondta, nagyon izgatott, hogy ott lehet, ahol a t\u00e9li olimpi\u00e1t rendezt\u00e9k. Mindent megtett, \u00e9s v\u00e9g\u00fcl els\u0151 lett. Hisz abban, hogy er\u0151fesz\u00edt\u00e9seivel t\u00f6bb embert megnyerhet a t\u00e9li sportok sz\u00e1m\u00e1ra.<\/p>\n\n\n\n<p>A Yunding S\u00edparkban, a Snow Ruyi Nemzeti S\u00edugr\u00f3 K\u00f6zpontban \u00e9s m\u00e1s t\u00e9li olimpiai helysz\u00edneken ker\u00fclnek megrendez\u00e9sre a nemzeti snowboard \u00e9s freestyle s\u00edfut\u00f3 sz\u00e1mok, a nemzeti s\u00edugr\u00f3 bajnoks\u00e1gok \u00e9s egy\u00e9b rendezv\u00e9nyek.<\/p>\n\n\n\n<p><strong>2023. m\u00e1rcius 8.<\/strong><\/p>\n\n\n\n<p><strong><em>(China Media Group)<\/em><\/strong><\/p>\n\n\n\n<p><strong>(x)<\/strong><\/p>\n","protected":false},"excerpt":{"rendered":"<p>M\u00e1rcius 4-\u00e9n volt a pekingi t\u00e9li paralimpiai j\u00e1t\u00e9kok megnyit\u00e1s\u00e1nak els\u0151 \u00e9vfordul\u00f3ja. Hebei tartom\u00e1ny Zhangjiakou v\u00e1ros Chongli ker\u00fclet\u00e9ben, a t\u00e9li paralimpiai j\u00e1t\u00e9kok egyik helysz\u00edn\u00e9n sz\u00e1mos t\u00f6megsportesem\u00e9nyt rendeztek a t\u00e9li olimpiai helysz\u00ednek fenntarthat\u00f3 \u00fajrahasznos\u00edt\u00e1sa \u00e9rdek\u00e9ben. M\u00e1rcius 4-\u00e9n reggel a Zhangjiakou v\u00e1rosban tal\u00e1lhat\u00f3 Yunding S\u00edparkban rendezt\u00e9k meg az alpesi s\u00edel\u00e9s d\u00f6nt\u0151j\u00e9t, ahov\u00e1 \u00f6t fordul\u00f3 ut\u00e1n k\u00f6zel 200 versenyz\u0151 [&hellip;]<\/p>\n","protected":false},"author":2,"featured_media":16590,"comment_status":"closed","ping_status":"closed","sticky":false,"template":"","format":"standard","meta":{"footnotes":""},"categories":[45],"tags":[2103,292,538,699,834],"class_list":["post-16587","post","type-post","status-publish","format-standard","has-post-thumbnail","hentry","category-hirek","tag-alpesi-si","tag-evfordulo","tag-helyszin","tag-pekingi-teli-paralimpia","tag-verseny"],"yoast_head":"<!-- This site is optimized with the Yoast SEO plugin v23.7 - https:\/\/yoast.com\/wordpress\/plugins\/seo\/ -->\n<title>A pekingi t\u00e9li paralimpia els\u0151 \u00e9vfordul\u00f3j\u00e1n sz\u00e1mos jeges \u00e9s havas esem\u00e9nyt rendeztek - kinaikaleidoszkop.hu<\/title>\n<meta name=\"robots\" content=\"index, follow, max-snippet:-1, max-image-preview:large, max-video-preview:-1\" \/>\n<link rel=\"canonical\" href=\"https:\/\/kinaikaleidoszkop.hu\/index.php\/2023\/03\/08\/a-pekingi-teli-paralimpia-elso-evfordulojan-szamos-jeges-es-havas-esemenyt-rendeztek\/\" \/>\n<meta property=\"og:locale\" content=\"hu_HU\" \/>\n<meta property=\"og:type\" content=\"article\" \/>\n<meta property=\"og:title\" content=\"A pekingi t\u00e9li paralimpia els\u0151 \u00e9vfordul\u00f3j\u00e1n sz\u00e1mos jeges \u00e9s havas esem\u00e9nyt rendeztek - kinaikaleidoszkop.hu\" \/>\n<meta property=\"og:description\" content=\"M\u00e1rcius 4-\u00e9n volt a pekingi t\u00e9li paralimpiai j\u00e1t\u00e9kok megnyit\u00e1s\u00e1nak els\u0151 \u00e9vfordul\u00f3ja. Hebei tartom\u00e1ny Zhangjiakou v\u00e1ros Chongli ker\u00fclet\u00e9ben, a t\u00e9li paralimpiai j\u00e1t\u00e9kok egyik helysz\u00edn\u00e9n sz\u00e1mos t\u00f6megsportesem\u00e9nyt rendeztek a t\u00e9li olimpiai helysz\u00ednek fenntarthat\u00f3 \u00fajrahasznos\u00edt\u00e1sa \u00e9rdek\u00e9ben. M\u00e1rcius 4-\u00e9n reggel a Zhangjiakou v\u00e1rosban tal\u00e1lhat\u00f3 Yunding S\u00edparkban rendezt\u00e9k meg az alpesi s\u00edel\u00e9s d\u00f6nt\u0151j\u00e9t, ahov\u00e1 \u00f6t fordul\u00f3 ut\u00e1n k\u00f6zel 200 versenyz\u0151 [&hellip;]\" \/>\n<meta property=\"og:url\" content=\"https:\/\/kinaikaleidoszkop.hu\/index.php\/2023\/03\/08\/a-pekingi-teli-paralimpia-elso-evfordulojan-szamos-jeges-es-havas-esemenyt-rendeztek\/\" \/>\n<meta property=\"og:site_name\" content=\"kinaikaleidoszkop.hu\" \/>\n<meta property=\"article:published_time\" content=\"2023-03-08T09:42:43+00:00\" \/>\n<meta property=\"article:modified_time\" content=\"2023-03-08T09:42:44+00:00\" \/>\n<meta property=\"og:image\" content=\"https:\/\/kinaikaleidoszkop.hu\/wp-content\/uploads\/2023\/03\/paralim.png\" \/>\n\t<meta property=\"og:image:width\" content=\"960\" \/>\n\t<meta property=\"og:image:height\" content=\"540\" \/>\n\t<meta property=\"og:image:type\" content=\"image\/png\" \/>\n<meta name=\"author\" content=\"admin-szabolcs\" \/>\n<meta name=\"twitter:card\" content=\"summary_large_image\" \/>\n<meta name=\"twitter:label1\" content=\"Szerz\u0151:\" \/>\n\t<meta name=\"twitter:data1\" content=\"admin-szabolcs\" \/>\n\t<meta name=\"twitter:label2\" content=\"Becs\u00fclt olvas\u00e1si id\u0151\" \/>\n\t<meta name=\"twitter:data2\" content=\"1 perc\" \/>\n<script type=\"application\/ld+json\" class=\"yoast-schema-graph\">{\"@context\":\"https:\/\/schema.org\",\"@graph\":[{\"@type\":\"WebPage\",\"@id\":\"https:\/\/kinaikaleidoszkop.hu\/index.php\/2023\/03\/08\/a-pekingi-teli-paralimpia-elso-evfordulojan-szamos-jeges-es-havas-esemenyt-rendeztek\/\",\"url\":\"https:\/\/kinaikaleidoszkop.hu\/index.php\/2023\/03\/08\/a-pekingi-teli-paralimpia-elso-evfordulojan-szamos-jeges-es-havas-esemenyt-rendeztek\/\",\"name\":\"A pekingi t\u00e9li paralimpia els\u0151 \u00e9vfordul\u00f3j\u00e1n sz\u00e1mos jeges \u00e9s havas esem\u00e9nyt rendeztek - kinaikaleidoszkop.hu\",\"isPartOf\":{\"@id\":\"https:\/\/kinaikaleidoszkop.hu\/#website\"},\"primaryImageOfPage\":{\"@id\":\"https:\/\/kinaikaleidoszkop.hu\/index.php\/2023\/03\/08\/a-pekingi-teli-paralimpia-elso-evfordulojan-szamos-jeges-es-havas-esemenyt-rendeztek\/#primaryimage\"},\"image\":{\"@id\":\"https:\/\/kinaikaleidoszkop.hu\/index.php\/2023\/03\/08\/a-pekingi-teli-paralimpia-elso-evfordulojan-szamos-jeges-es-havas-esemenyt-rendeztek\/#primaryimage\"},\"thumbnailUrl\":\"https:\/\/kinaikaleidoszkop.hu\/wp-content\/uploads\/2023\/03\/paralim.png\",\"datePublished\":\"2023-03-08T09:42:43+00:00\",\"dateModified\":\"2023-03-08T09:42:44+00:00\",\"author\":{\"@id\":\"https:\/\/kinaikaleidoszkop.hu\/#\/schema\/person\/b9e2febe742edd540c1197716ec02bf7\"},\"breadcrumb\":{\"@id\":\"https:\/\/kinaikaleidoszkop.hu\/index.php\/2023\/03\/08\/a-pekingi-teli-paralimpia-elso-evfordulojan-szamos-jeges-es-havas-esemenyt-rendeztek\/#breadcrumb\"},\"inLanguage\":\"hu\",\"potentialAction\":[{\"@type\":\"ReadAction\",\"target\":[\"https:\/\/kinaikaleidoszkop.hu\/index.php\/2023\/03\/08\/a-pekingi-teli-paralimpia-elso-evfordulojan-szamos-jeges-es-havas-esemenyt-rendeztek\/\"]}]},{\"@type\":\"ImageObject\",\"inLanguage\":\"hu\",\"@id\":\"https:\/\/kinaikaleidoszkop.hu\/index.php\/2023\/03\/08\/a-pekingi-teli-paralimpia-elso-evfordulojan-szamos-jeges-es-havas-esemenyt-rendeztek\/#primaryimage\",\"url\":\"https:\/\/kinaikaleidoszkop.hu\/wp-content\/uploads\/2023\/03\/paralim.png\",\"contentUrl\":\"https:\/\/kinaikaleidoszkop.hu\/wp-content\/uploads\/2023\/03\/paralim.png\",\"width\":960,\"height\":540},{\"@type\":\"BreadcrumbList\",\"@id\":\"https:\/\/kinaikaleidoszkop.hu\/index.php\/2023\/03\/08\/a-pekingi-teli-paralimpia-elso-evfordulojan-szamos-jeges-es-havas-esemenyt-rendeztek\/#breadcrumb\",\"itemListElement\":[{\"@type\":\"ListItem\",\"position\":1,\"name\":\"Kezd\u0151lap\",\"item\":\"https:\/\/kinaikaleidoszkop.hu\/\"},{\"@type\":\"ListItem\",\"position\":2,\"name\":\"A pekingi t\u00e9li paralimpia els\u0151 \u00e9vfordul\u00f3j\u00e1n sz\u00e1mos jeges \u00e9s havas esem\u00e9nyt rendeztek\"}]},{\"@type\":\"WebSite\",\"@id\":\"https:\/\/kinaikaleidoszkop.hu\/#website\",\"url\":\"https:\/\/kinaikaleidoszkop.hu\/\",\"name\":\"kinaikaleidoszkop.hu\",\"description\":\"\",\"potentialAction\":[{\"@type\":\"SearchAction\",\"target\":{\"@type\":\"EntryPoint\",\"urlTemplate\":\"https:\/\/kinaikaleidoszkop.hu\/?s={search_term_string}\"},\"query-input\":{\"@type\":\"PropertyValueSpecification\",\"valueRequired\":true,\"valueName\":\"search_term_string\"}}],\"inLanguage\":\"hu\"},{\"@type\":\"Person\",\"@id\":\"https:\/\/kinaikaleidoszkop.hu\/#\/schema\/person\/b9e2febe742edd540c1197716ec02bf7\",\"name\":\"admin-szabolcs\",\"image\":{\"@type\":\"ImageObject\",\"inLanguage\":\"hu\",\"@id\":\"https:\/\/kinaikaleidoszkop.hu\/#\/schema\/person\/image\/\",\"url\":\"https:\/\/secure.gravatar.com\/avatar\/154f262492794df2a6cb5d5349227b18ef8f85ab462fbb32625fc42406483d21?s=96&d=mm&r=g\",\"contentUrl\":\"https:\/\/secure.gravatar.com\/avatar\/154f262492794df2a6cb5d5349227b18ef8f85ab462fbb32625fc42406483d21?s=96&d=mm&r=g\",\"caption\":\"admin-szabolcs\"},\"url\":\"https:\/\/kinaikaleidoszkop.hu\/index.php\/author\/admin-szabolcs\/\"}]}<\/script>\n<!-- \/ Yoast SEO plugin. -->","yoast_head_json":{"title":"A pekingi t\u00e9li paralimpia els\u0151 \u00e9vfordul\u00f3j\u00e1n sz\u00e1mos jeges \u00e9s havas esem\u00e9nyt rendeztek - kinaikaleidoszkop.hu","robots":{"index":"index","follow":"follow","max-snippet":"max-snippet:-1","max-image-preview":"max-image-preview:large","max-video-preview":"max-video-preview:-1"},"canonical":"https:\/\/kinaikaleidoszkop.hu\/index.php\/2023\/03\/08\/a-pekingi-teli-paralimpia-elso-evfordulojan-szamos-jeges-es-havas-esemenyt-rendeztek\/","og_locale":"hu_HU","og_type":"article","og_title":"A pekingi t\u00e9li paralimpia els\u0151 \u00e9vfordul\u00f3j\u00e1n sz\u00e1mos jeges \u00e9s havas esem\u00e9nyt rendeztek - kinaikaleidoszkop.hu","og_description":"M\u00e1rcius 4-\u00e9n volt a pekingi t\u00e9li paralimpiai j\u00e1t\u00e9kok megnyit\u00e1s\u00e1nak els\u0151 \u00e9vfordul\u00f3ja. Hebei tartom\u00e1ny Zhangjiakou v\u00e1ros Chongli ker\u00fclet\u00e9ben, a t\u00e9li paralimpiai j\u00e1t\u00e9kok egyik helysz\u00edn\u00e9n sz\u00e1mos t\u00f6megsportesem\u00e9nyt rendeztek a t\u00e9li olimpiai helysz\u00ednek fenntarthat\u00f3 \u00fajrahasznos\u00edt\u00e1sa \u00e9rdek\u00e9ben. M\u00e1rcius 4-\u00e9n reggel a Zhangjiakou v\u00e1rosban tal\u00e1lhat\u00f3 Yunding S\u00edparkban rendezt\u00e9k meg az alpesi s\u00edel\u00e9s d\u00f6nt\u0151j\u00e9t, ahov\u00e1 \u00f6t fordul\u00f3 ut\u00e1n k\u00f6zel 200 versenyz\u0151 [&hellip;]","og_url":"https:\/\/kinaikaleidoszkop.hu\/index.php\/2023\/03\/08\/a-pekingi-teli-paralimpia-elso-evfordulojan-szamos-jeges-es-havas-esemenyt-rendeztek\/","og_site_name":"kinaikaleidoszkop.hu","article_published_time":"2023-03-08T09:42:43+00:00","article_modified_time":"2023-03-08T09:42:44+00:00","og_image":[{"width":960,"height":540,"url":"https:\/\/kinaikaleidoszkop.hu\/wp-content\/uploads\/2023\/03\/paralim.png","type":"image\/png"}],"author":"admin-szabolcs","twitter_card":"summary_large_image","twitter_misc":{"Szerz\u0151:":"admin-szabolcs","Becs\u00fclt olvas\u00e1si id\u0151":"1 perc"},"schema":{"@context":"https:\/\/schema.org","@graph":[{"@type":"WebPage","@id":"https:\/\/kinaikaleidoszkop.hu\/index.php\/2023\/03\/08\/a-pekingi-teli-paralimpia-elso-evfordulojan-szamos-jeges-es-havas-esemenyt-rendeztek\/","url":"https:\/\/kinaikaleidoszkop.hu\/index.php\/2023\/03\/08\/a-pekingi-teli-paralimpia-elso-evfordulojan-szamos-jeges-es-havas-esemenyt-rendeztek\/","name":"A pekingi t\u00e9li paralimpia els\u0151 \u00e9vfordul\u00f3j\u00e1n sz\u00e1mos jeges \u00e9s havas esem\u00e9nyt rendeztek - kinaikaleidoszkop.hu","isPartOf":{"@id":"https:\/\/kinaikaleidoszkop.hu\/#website"},"primaryImageOfPage":{"@id":"https:\/\/kinaikaleidoszkop.hu\/index.php\/2023\/03\/08\/a-pekingi-teli-paralimpia-elso-evfordulojan-szamos-jeges-es-havas-esemenyt-rendeztek\/#primaryimage"},"image":{"@id":"https:\/\/kinaikaleidoszkop.hu\/index.php\/2023\/03\/08\/a-pekingi-teli-paralimpia-elso-evfordulojan-szamos-jeges-es-havas-esemenyt-rendeztek\/#primaryimage"},"thumbnailUrl":"https:\/\/kinaikaleidoszkop.hu\/wp-content\/uploads\/2023\/03\/paralim.png","datePublished":"2023-03-08T09:42:43+00:00","dateModified":"2023-03-08T09:42:44+00:00","author":{"@id":"https:\/\/kinaikaleidoszkop.hu\/#\/schema\/person\/b9e2febe742edd540c1197716ec02bf7"},"breadcrumb":{"@id":"https:\/\/kinaikaleidoszkop.hu\/index.php\/2023\/03\/08\/a-pekingi-teli-paralimpia-elso-evfordulojan-szamos-jeges-es-havas-esemenyt-rendeztek\/#breadcrumb"},"inLanguage":"hu","potentialAction":[{"@type":"ReadAction","target":["https:\/\/kinaikaleidoszkop.hu\/index.php\/2023\/03\/08\/a-pekingi-teli-paralimpia-elso-evfordulojan-szamos-jeges-es-havas-esemenyt-rendeztek\/"]}]},{"@type":"ImageObject","inLanguage":"hu","@id":"https:\/\/kinaikaleidoszkop.hu\/index.php\/2023\/03\/08\/a-pekingi-teli-paralimpia-elso-evfordulojan-szamos-jeges-es-havas-esemenyt-rendeztek\/#primaryimage","url":"https:\/\/kinaikaleidoszkop.hu\/wp-content\/uploads\/2023\/03\/paralim.png","contentUrl":"https:\/\/kinaikaleidoszkop.hu\/wp-content\/uploads\/2023\/03\/paralim.png","width":960,"height":540},{"@type":"BreadcrumbList","@id":"https:\/\/kinaikaleidoszkop.hu\/index.php\/2023\/03\/08\/a-pekingi-teli-paralimpia-elso-evfordulojan-szamos-jeges-es-havas-esemenyt-rendeztek\/#breadcrumb","itemListElement":[{"@type":"ListItem","position":1,"name":"Kezd\u0151lap","item":"https:\/\/kinaikaleidoszkop.hu\/"},{"@type":"ListItem","position":2,"name":"A pekingi t\u00e9li paralimpia els\u0151 \u00e9vfordul\u00f3j\u00e1n sz\u00e1mos jeges \u00e9s havas esem\u00e9nyt rendeztek"}]},{"@type":"WebSite","@id":"https:\/\/kinaikaleidoszkop.hu\/#website","url":"https:\/\/kinaikaleidoszkop.hu\/","name":"kinaikaleidoszkop.hu","description":"","potentialAction":[{"@type":"SearchAction","target":{"@type":"EntryPoint","urlTemplate":"https:\/\/kinaikaleidoszkop.hu\/?s={search_term_string}"},"query-input":{"@type":"PropertyValueSpecification","valueRequired":true,"valueName":"search_term_string"}}],"inLanguage":"hu"},{"@type":"Person","@id":"https:\/\/kinaikaleidoszkop.hu\/#\/schema\/person\/b9e2febe742edd540c1197716ec02bf7","name":"admin-szabolcs","image":{"@type":"ImageObject","inLanguage":"hu","@id":"https:\/\/kinaikaleidoszkop.hu\/#\/schema\/person\/image\/","url":"https:\/\/secure.gravatar.com\/avatar\/154f262492794df2a6cb5d5349227b18ef8f85ab462fbb32625fc42406483d21?s=96&d=mm&r=g","contentUrl":"https:\/\/secure.gravatar.com\/avatar\/154f262492794df2a6cb5d5349227b18ef8f85ab462fbb32625fc42406483d21?s=96&d=mm&r=g","caption":"admin-szabolcs"},"url":"https:\/\/kinaikaleidoszkop.hu\/index.php\/author\/admin-szabolcs\/"}]}},"views":317,"distributor_meta":false,"distributor_terms":false,"distributor_media":false,"distributor_original_site_name":"kinaikaleidoszkop.hu","distributor_original_site_url":"https:\/\/kinaikaleidoszkop.hu","push-errors":false,"_links":{"self":[{"href":"https:\/\/kinaikaleidoszkop.hu\/index.php\/wp-json\/wp\/v2\/posts\/16587","targetHints":{"allow":["GET"]}}],"collection":[{"href":"https:\/\/kinaikaleidoszkop.hu\/index.php\/wp-json\/wp\/v2\/posts"}],"about":[{"href":"https:\/\/kinaikaleidoszkop.hu\/index.php\/wp-json\/wp\/v2\/types\/post"}],"author":[{"embeddable":true,"href":"https:\/\/kinaikaleidoszkop.hu\/index.php\/wp-json\/wp\/v2\/users\/2"}],"replies":[{"embeddable":true,"href":"https:\/\/kinaikaleidoszkop.hu\/index.php\/wp-json\/wp\/v2\/comments?post=16587"}],"version-history":[{"count":1,"href":"https:\/\/kinaikaleidoszkop.hu\/index.php\/wp-json\/wp\/v2\/posts\/16587\/revisions"}],"predecessor-version":[{"id":16591,"href":"https:\/\/kinaikaleidoszkop.hu\/index.php\/wp-json\/wp\/v2\/posts\/16587\/revisions\/16591"}],"wp:featuredmedia":[{"embeddable":true,"href":"https:\/\/kinaikaleidoszkop.hu\/index.php\/wp-json\/wp\/v2\/media\/16590"}],"wp:attachment":[{"href":"https:\/\/kinaikaleidoszkop.hu\/index.php\/wp-json\/wp\/v2\/media?parent=16587"}],"wp:term":[{"taxonomy":"category","embeddable":true,"href":"https:\/\/kinaikaleidoszkop.hu\/index.php\/wp-json\/wp\/v2\/categories?post=16587"},{"taxonomy":"post_tag","embeddable":true,"href":"https:\/\/kinaikaleidoszkop.hu\/index.php\/wp-json\/wp\/v2\/tags?post=16587"}],"curies":[{"name":"wp","href":"https:\/\/api.w.org\/{rel}","templated":true}]}}