{"id":16605,"date":"2023-03-09T09:29:16","date_gmt":"2023-03-09T08:29:16","guid":{"rendered":"https:\/\/kinaikaleidoszkop.hu\/?p=16605"},"modified":"2023-03-09T14:32:13","modified_gmt":"2023-03-09T13:32:13","slug":"kinaban-lassult-az-inflacio-csokkentek-a-termeloi-arak-februarban","status":"publish","type":"post","link":"https:\/\/kinaikaleidoszkop.hu\/index.php\/2023\/03\/09\/kinaban-lassult-az-inflacio-csokkentek-a-termeloi-arak-februarban\/","title":{"rendered":"K\u00edn\u00e1ban lassult az infl\u00e1ci\u00f3, cs\u00f6kkentek a termel\u0151i \u00e1rak febru\u00e1rban"},"content":{"rendered":"\n<p><strong>\u00a0<\/strong><\/p>\n\n\n\n<figure class=\"wp-block-image size-large\"><img loading=\"lazy\" decoding=\"async\" width=\"1024\" height=\"682\" src=\"https:\/\/kinaikaleidoszkop.hu\/wp-content\/uploads\/2023\/03\/pexels-pixabay-210607-1024x682.jpg\" alt=\"\" class=\"wp-image-16607\" srcset=\"https:\/\/kinaikaleidoszkop.hu\/wp-content\/uploads\/2023\/03\/pexels-pixabay-210607-1024x682.jpg 1024w, https:\/\/kinaikaleidoszkop.hu\/wp-content\/uploads\/2023\/03\/pexels-pixabay-210607-300x200.jpg 300w, https:\/\/kinaikaleidoszkop.hu\/wp-content\/uploads\/2023\/03\/pexels-pixabay-210607-768x512.jpg 768w, https:\/\/kinaikaleidoszkop.hu\/wp-content\/uploads\/2023\/03\/pexels-pixabay-210607-414x276.jpg 414w, https:\/\/kinaikaleidoszkop.hu\/wp-content\/uploads\/2023\/03\/pexels-pixabay-210607-470x313.jpg 470w, https:\/\/kinaikaleidoszkop.hu\/wp-content\/uploads\/2023\/03\/pexels-pixabay-210607-640x426.jpg 640w, https:\/\/kinaikaleidoszkop.hu\/wp-content\/uploads\/2023\/03\/pexels-pixabay-210607-130x86.jpg 130w, https:\/\/kinaikaleidoszkop.hu\/wp-content\/uploads\/2023\/03\/pexels-pixabay-210607-187x124.jpg 187w, https:\/\/kinaikaleidoszkop.hu\/wp-content\/uploads\/2023\/03\/pexels-pixabay-210607-990x660.jpg 990w, https:\/\/kinaikaleidoszkop.hu\/wp-content\/uploads\/2023\/03\/pexels-pixabay-210607.jpg 1280w\" sizes=\"auto, (max-width: 1024px) 100vw, 1024px\" \/><\/figure>\n\n\n\n<p><strong>K\u00edn\u00e1ban tizenk\u00e9t havi m\u00e9lypontra lassult az \u00e9ves infl\u00e1ci\u00f3 febru\u00e1rban, amikor gyorsult a termel\u0151i \u00e1rcs\u00f6kken\u00e9s.<\/strong>\u00a0<br>\u00a0<\/p>\n\n\n\n<p>A k\u00ednai statisztikai hivatal cs\u00fct\u00f6rt\u00f6k\u00f6n azt k\u00f6z\u00f6lte, hogy a fogyaszt\u00f3i \u00e1rak n\u00f6veked\u00e9se 1 sz\u00e1zal\u00e9kra lassult febru\u00e1rban a janu\u00e1ri 2,1 sz\u00e1zal\u00e9kr\u00f3l. Az elemz\u0151i v\u00e1rakoz\u00e1sok \u00e1tlag\u00e1ban 1,9 sz\u00e1zal\u00e9kos febru\u00e1ri infl\u00e1ci\u00f3 szerepelt. A korm\u00e1ny az idei \u00e9vre 3 sz\u00e1zal\u00e9kos \u00e1tlagos infl\u00e1ci\u00f3val sz\u00e1mol a tavalyi 2 sz\u00e1zal\u00e9k ut\u00e1n.<\/p>\n\n\n\n<p>Havi \u00f6sszevet\u00e9sben febru\u00e1rban 0,5 sz\u00e1zal\u00e9kkal cs\u00f6kkentek a fogyaszt\u00f3i \u00e1rak, ami h\u00e1rom h\u00f3napja az els\u0151 cs\u00f6kken\u00e9s volt. Janu\u00e1rban 0,8 sz\u00e1zal\u00e9kkal emelkedett a mutat\u00f3. Elemz\u0151k 0,2 sz\u00e1zal\u00e9kos havi szint\u0171 n\u00f6veked\u00e9st v\u00e1rtak.&nbsp;&nbsp;&nbsp;Az \u00e9lelmiszer- \u00e9s energia\u00e1rak n\u00e9lk\u00fcl sz\u00e1molt maginfl\u00e1ci\u00f3 0,6 sz\u00e1zal\u00e9k volt febru\u00e1rban a janu\u00e1ri 1 sz\u00e1zal\u00e9k ut\u00e1n \u00e9ves \u00f6sszevet\u00e9sben.<\/p>\n\n\n\n<p>Ugyancsak cs\u00fct\u00f6rt\u00f6k\u00f6n ismertette a k\u00ednai statisztikai hivatal, hogy a termel\u0151i \u00e1rak \u00e9ves szinten m\u00e1r az \u00f6t\u00f6dik egym\u00e1st k\u00f6vet\u0151 h\u00f3napban cs\u00f6kkentek febru\u00e1rban, amikor 1,4 sz\u00e1zal\u00e9kos&nbsp;&nbsp;visszaes\u00e9st jegyeztek fel a janu\u00e1ri 0,8 sz\u00e1zal\u00e9k cs\u00f6kken\u00e9s ut\u00e1n.<\/p>\n\n\n\n<p><strong>2023. m\u00e1rcius 9.<\/strong><\/p>\n\n\n\n<p><strong>( MTI )<\/strong><\/p>\n","protected":false},"excerpt":{"rendered":"<p>\u00a0 K\u00edn\u00e1ban tizenk\u00e9t havi m\u00e9lypontra lassult az \u00e9ves infl\u00e1ci\u00f3 febru\u00e1rban, amikor gyorsult a termel\u0151i \u00e1rcs\u00f6kken\u00e9s.\u00a0\u00a0 A k\u00ednai statisztikai hivatal cs\u00fct\u00f6rt\u00f6k\u00f6n azt k\u00f6z\u00f6lte, hogy a fogyaszt\u00f3i \u00e1rak n\u00f6veked\u00e9se 1 sz\u00e1zal\u00e9kra lassult febru\u00e1rban a janu\u00e1ri 2,1 sz\u00e1zal\u00e9kr\u00f3l. Az elemz\u0151i v\u00e1rakoz\u00e1sok \u00e1tlag\u00e1ban 1,9 sz\u00e1zal\u00e9kos febru\u00e1ri infl\u00e1ci\u00f3 szerepelt. A korm\u00e1ny az idei \u00e9vre 3 sz\u00e1zal\u00e9kos \u00e1tlagos infl\u00e1ci\u00f3val sz\u00e1mol a [&hellip;]<\/p>\n","protected":false},"author":8,"featured_media":16607,"comment_status":"closed","ping_status":"closed","sticky":false,"template":"","format":"standard","meta":{"footnotes":""},"categories":[45],"tags":[66,1801],"class_list":["post-16605","post","type-post","status-publish","format-standard","has-post-thumbnail","hentry","category-hirek","tag-gazdasag","tag-inflacio"],"yoast_head":"<!-- This site is optimized with the Yoast SEO plugin v23.7 - https:\/\/yoast.com\/wordpress\/plugins\/seo\/ -->\n<title>K\u00edn\u00e1ban lassult az infl\u00e1ci\u00f3, cs\u00f6kkentek a termel\u0151i \u00e1rak febru\u00e1rban - kinaikaleidoszkop.hu<\/title>\n<meta name=\"robots\" content=\"index, follow, max-snippet:-1, max-image-preview:large, max-video-preview:-1\" \/>\n<link rel=\"canonical\" href=\"https:\/\/kinaikaleidoszkop.hu\/index.php\/2023\/03\/09\/kinaban-lassult-az-inflacio-csokkentek-a-termeloi-arak-februarban\/\" \/>\n<meta property=\"og:locale\" content=\"hu_HU\" \/>\n<meta property=\"og:type\" content=\"article\" \/>\n<meta property=\"og:title\" content=\"K\u00edn\u00e1ban lassult az infl\u00e1ci\u00f3, cs\u00f6kkentek a termel\u0151i \u00e1rak febru\u00e1rban - kinaikaleidoszkop.hu\" \/>\n<meta property=\"og:description\" content=\"\u00a0 K\u00edn\u00e1ban tizenk\u00e9t havi m\u00e9lypontra lassult az \u00e9ves infl\u00e1ci\u00f3 febru\u00e1rban, amikor gyorsult a termel\u0151i \u00e1rcs\u00f6kken\u00e9s.\u00a0\u00a0 A k\u00ednai statisztikai hivatal cs\u00fct\u00f6rt\u00f6k\u00f6n azt k\u00f6z\u00f6lte, hogy a fogyaszt\u00f3i \u00e1rak n\u00f6veked\u00e9se 1 sz\u00e1zal\u00e9kra lassult febru\u00e1rban a janu\u00e1ri 2,1 sz\u00e1zal\u00e9kr\u00f3l. Az elemz\u0151i v\u00e1rakoz\u00e1sok \u00e1tlag\u00e1ban 1,9 sz\u00e1zal\u00e9kos febru\u00e1ri infl\u00e1ci\u00f3 szerepelt. A korm\u00e1ny az idei \u00e9vre 3 sz\u00e1zal\u00e9kos \u00e1tlagos infl\u00e1ci\u00f3val sz\u00e1mol a [&hellip;]\" \/>\n<meta property=\"og:url\" content=\"https:\/\/kinaikaleidoszkop.hu\/index.php\/2023\/03\/09\/kinaban-lassult-az-inflacio-csokkentek-a-termeloi-arak-februarban\/\" \/>\n<meta property=\"og:site_name\" content=\"kinaikaleidoszkop.hu\" \/>\n<meta property=\"article:published_time\" content=\"2023-03-09T08:29:16+00:00\" \/>\n<meta property=\"article:modified_time\" content=\"2023-03-09T13:32:13+00:00\" \/>\n<meta property=\"og:image\" content=\"https:\/\/kinaikaleidoszkop.hu\/wp-content\/uploads\/2023\/03\/pexels-pixabay-210607.jpg\" \/>\n\t<meta property=\"og:image:width\" content=\"1280\" \/>\n\t<meta property=\"og:image:height\" content=\"853\" \/>\n\t<meta property=\"og:image:type\" content=\"image\/jpeg\" \/>\n<meta name=\"author\" content=\"szerk01\" \/>\n<meta name=\"twitter:card\" content=\"summary_large_image\" \/>\n<meta name=\"twitter:label1\" content=\"Szerz\u0151:\" \/>\n\t<meta name=\"twitter:data1\" content=\"szerk01\" \/>\n\t<meta name=\"twitter:label2\" content=\"Becs\u00fclt olvas\u00e1si id\u0151\" \/>\n\t<meta name=\"twitter:data2\" content=\"1 perc\" \/>\n<script type=\"application\/ld+json\" class=\"yoast-schema-graph\">{\"@context\":\"https:\/\/schema.org\",\"@graph\":[{\"@type\":\"WebPage\",\"@id\":\"https:\/\/kinaikaleidoszkop.hu\/index.php\/2023\/03\/09\/kinaban-lassult-az-inflacio-csokkentek-a-termeloi-arak-februarban\/\",\"url\":\"https:\/\/kinaikaleidoszkop.hu\/index.php\/2023\/03\/09\/kinaban-lassult-az-inflacio-csokkentek-a-termeloi-arak-februarban\/\",\"name\":\"K\u00edn\u00e1ban lassult az infl\u00e1ci\u00f3, cs\u00f6kkentek a termel\u0151i \u00e1rak febru\u00e1rban - kinaikaleidoszkop.hu\",\"isPartOf\":{\"@id\":\"https:\/\/kinaikaleidoszkop.hu\/#website\"},\"primaryImageOfPage\":{\"@id\":\"https:\/\/kinaikaleidoszkop.hu\/index.php\/2023\/03\/09\/kinaban-lassult-az-inflacio-csokkentek-a-termeloi-arak-februarban\/#primaryimage\"},\"image\":{\"@id\":\"https:\/\/kinaikaleidoszkop.hu\/index.php\/2023\/03\/09\/kinaban-lassult-az-inflacio-csokkentek-a-termeloi-arak-februarban\/#primaryimage\"},\"thumbnailUrl\":\"https:\/\/kinaikaleidoszkop.hu\/wp-content\/uploads\/2023\/03\/pexels-pixabay-210607.jpg\",\"datePublished\":\"2023-03-09T08:29:16+00:00\",\"dateModified\":\"2023-03-09T13:32:13+00:00\",\"author\":{\"@id\":\"https:\/\/kinaikaleidoszkop.hu\/#\/schema\/person\/cf38b01b34e88459ab98b1c7c13b629d\"},\"breadcrumb\":{\"@id\":\"https:\/\/kinaikaleidoszkop.hu\/index.php\/2023\/03\/09\/kinaban-lassult-az-inflacio-csokkentek-a-termeloi-arak-februarban\/#breadcrumb\"},\"inLanguage\":\"hu\",\"potentialAction\":[{\"@type\":\"ReadAction\",\"target\":[\"https:\/\/kinaikaleidoszkop.hu\/index.php\/2023\/03\/09\/kinaban-lassult-az-inflacio-csokkentek-a-termeloi-arak-februarban\/\"]}]},{\"@type\":\"ImageObject\",\"inLanguage\":\"hu\",\"@id\":\"https:\/\/kinaikaleidoszkop.hu\/index.php\/2023\/03\/09\/kinaban-lassult-az-inflacio-csokkentek-a-termeloi-arak-februarban\/#primaryimage\",\"url\":\"https:\/\/kinaikaleidoszkop.hu\/wp-content\/uploads\/2023\/03\/pexels-pixabay-210607.jpg\",\"contentUrl\":\"https:\/\/kinaikaleidoszkop.hu\/wp-content\/uploads\/2023\/03\/pexels-pixabay-210607.jpg\",\"width\":1280,\"height\":853},{\"@type\":\"BreadcrumbList\",\"@id\":\"https:\/\/kinaikaleidoszkop.hu\/index.php\/2023\/03\/09\/kinaban-lassult-az-inflacio-csokkentek-a-termeloi-arak-februarban\/#breadcrumb\",\"itemListElement\":[{\"@type\":\"ListItem\",\"position\":1,\"name\":\"Kezd\u0151lap\",\"item\":\"https:\/\/kinaikaleidoszkop.hu\/\"},{\"@type\":\"ListItem\",\"position\":2,\"name\":\"K\u00edn\u00e1ban lassult az infl\u00e1ci\u00f3, cs\u00f6kkentek a termel\u0151i \u00e1rak febru\u00e1rban\"}]},{\"@type\":\"WebSite\",\"@id\":\"https:\/\/kinaikaleidoszkop.hu\/#website\",\"url\":\"https:\/\/kinaikaleidoszkop.hu\/\",\"name\":\"kinaikaleidoszkop.hu\",\"description\":\"\",\"potentialAction\":[{\"@type\":\"SearchAction\",\"target\":{\"@type\":\"EntryPoint\",\"urlTemplate\":\"https:\/\/kinaikaleidoszkop.hu\/?s={search_term_string}\"},\"query-input\":{\"@type\":\"PropertyValueSpecification\",\"valueRequired\":true,\"valueName\":\"search_term_string\"}}],\"inLanguage\":\"hu\"},{\"@type\":\"Person\",\"@id\":\"https:\/\/kinaikaleidoszkop.hu\/#\/schema\/person\/cf38b01b34e88459ab98b1c7c13b629d\",\"name\":\"szerk01\",\"image\":{\"@type\":\"ImageObject\",\"inLanguage\":\"hu\",\"@id\":\"https:\/\/kinaikaleidoszkop.hu\/#\/schema\/person\/image\/\",\"url\":\"https:\/\/secure.gravatar.com\/avatar\/7afb4741ac3b72a4d9d543b2bcdfe4b1b3ddc4fefd4ab8f732b518bc7528877c?s=96&d=mm&r=g\",\"contentUrl\":\"https:\/\/secure.gravatar.com\/avatar\/7afb4741ac3b72a4d9d543b2bcdfe4b1b3ddc4fefd4ab8f732b518bc7528877c?s=96&d=mm&r=g\",\"caption\":\"szerk01\"},\"url\":\"https:\/\/kinaikaleidoszkop.hu\/index.php\/author\/szerk01\/\"}]}<\/script>\n<!-- \/ Yoast SEO plugin. -->","yoast_head_json":{"title":"K\u00edn\u00e1ban lassult az infl\u00e1ci\u00f3, cs\u00f6kkentek a termel\u0151i \u00e1rak febru\u00e1rban - kinaikaleidoszkop.hu","robots":{"index":"index","follow":"follow","max-snippet":"max-snippet:-1","max-image-preview":"max-image-preview:large","max-video-preview":"max-video-preview:-1"},"canonical":"https:\/\/kinaikaleidoszkop.hu\/index.php\/2023\/03\/09\/kinaban-lassult-az-inflacio-csokkentek-a-termeloi-arak-februarban\/","og_locale":"hu_HU","og_type":"article","og_title":"K\u00edn\u00e1ban lassult az infl\u00e1ci\u00f3, cs\u00f6kkentek a termel\u0151i \u00e1rak febru\u00e1rban - kinaikaleidoszkop.hu","og_description":"\u00a0 K\u00edn\u00e1ban tizenk\u00e9t havi m\u00e9lypontra lassult az \u00e9ves infl\u00e1ci\u00f3 febru\u00e1rban, amikor gyorsult a termel\u0151i \u00e1rcs\u00f6kken\u00e9s.\u00a0\u00a0 A k\u00ednai statisztikai hivatal cs\u00fct\u00f6rt\u00f6k\u00f6n azt k\u00f6z\u00f6lte, hogy a fogyaszt\u00f3i \u00e1rak n\u00f6veked\u00e9se 1 sz\u00e1zal\u00e9kra lassult febru\u00e1rban a janu\u00e1ri 2,1 sz\u00e1zal\u00e9kr\u00f3l. Az elemz\u0151i v\u00e1rakoz\u00e1sok \u00e1tlag\u00e1ban 1,9 sz\u00e1zal\u00e9kos febru\u00e1ri infl\u00e1ci\u00f3 szerepelt. A korm\u00e1ny az idei \u00e9vre 3 sz\u00e1zal\u00e9kos \u00e1tlagos infl\u00e1ci\u00f3val sz\u00e1mol a [&hellip;]","og_url":"https:\/\/kinaikaleidoszkop.hu\/index.php\/2023\/03\/09\/kinaban-lassult-az-inflacio-csokkentek-a-termeloi-arak-februarban\/","og_site_name":"kinaikaleidoszkop.hu","article_published_time":"2023-03-09T08:29:16+00:00","article_modified_time":"2023-03-09T13:32:13+00:00","og_image":[{"width":1280,"height":853,"url":"https:\/\/kinaikaleidoszkop.hu\/wp-content\/uploads\/2023\/03\/pexels-pixabay-210607.jpg","type":"image\/jpeg"}],"author":"szerk01","twitter_card":"summary_large_image","twitter_misc":{"Szerz\u0151:":"szerk01","Becs\u00fclt olvas\u00e1si id\u0151":"1 perc"},"schema":{"@context":"https:\/\/schema.org","@graph":[{"@type":"WebPage","@id":"https:\/\/kinaikaleidoszkop.hu\/index.php\/2023\/03\/09\/kinaban-lassult-az-inflacio-csokkentek-a-termeloi-arak-februarban\/","url":"https:\/\/kinaikaleidoszkop.hu\/index.php\/2023\/03\/09\/kinaban-lassult-az-inflacio-csokkentek-a-termeloi-arak-februarban\/","name":"K\u00edn\u00e1ban lassult az infl\u00e1ci\u00f3, cs\u00f6kkentek a termel\u0151i \u00e1rak febru\u00e1rban - kinaikaleidoszkop.hu","isPartOf":{"@id":"https:\/\/kinaikaleidoszkop.hu\/#website"},"primaryImageOfPage":{"@id":"https:\/\/kinaikaleidoszkop.hu\/index.php\/2023\/03\/09\/kinaban-lassult-az-inflacio-csokkentek-a-termeloi-arak-februarban\/#primaryimage"},"image":{"@id":"https:\/\/kinaikaleidoszkop.hu\/index.php\/2023\/03\/09\/kinaban-lassult-az-inflacio-csokkentek-a-termeloi-arak-februarban\/#primaryimage"},"thumbnailUrl":"https:\/\/kinaikaleidoszkop.hu\/wp-content\/uploads\/2023\/03\/pexels-pixabay-210607.jpg","datePublished":"2023-03-09T08:29:16+00:00","dateModified":"2023-03-09T13:32:13+00:00","author":{"@id":"https:\/\/kinaikaleidoszkop.hu\/#\/schema\/person\/cf38b01b34e88459ab98b1c7c13b629d"},"breadcrumb":{"@id":"https:\/\/kinaikaleidoszkop.hu\/index.php\/2023\/03\/09\/kinaban-lassult-az-inflacio-csokkentek-a-termeloi-arak-februarban\/#breadcrumb"},"inLanguage":"hu","potentialAction":[{"@type":"ReadAction","target":["https:\/\/kinaikaleidoszkop.hu\/index.php\/2023\/03\/09\/kinaban-lassult-az-inflacio-csokkentek-a-termeloi-arak-februarban\/"]}]},{"@type":"ImageObject","inLanguage":"hu","@id":"https:\/\/kinaikaleidoszkop.hu\/index.php\/2023\/03\/09\/kinaban-lassult-az-inflacio-csokkentek-a-termeloi-arak-februarban\/#primaryimage","url":"https:\/\/kinaikaleidoszkop.hu\/wp-content\/uploads\/2023\/03\/pexels-pixabay-210607.jpg","contentUrl":"https:\/\/kinaikaleidoszkop.hu\/wp-content\/uploads\/2023\/03\/pexels-pixabay-210607.jpg","width":1280,"height":853},{"@type":"BreadcrumbList","@id":"https:\/\/kinaikaleidoszkop.hu\/index.php\/2023\/03\/09\/kinaban-lassult-az-inflacio-csokkentek-a-termeloi-arak-februarban\/#breadcrumb","itemListElement":[{"@type":"ListItem","position":1,"name":"Kezd\u0151lap","item":"https:\/\/kinaikaleidoszkop.hu\/"},{"@type":"ListItem","position":2,"name":"K\u00edn\u00e1ban lassult az infl\u00e1ci\u00f3, cs\u00f6kkentek a termel\u0151i \u00e1rak febru\u00e1rban"}]},{"@type":"WebSite","@id":"https:\/\/kinaikaleidoszkop.hu\/#website","url":"https:\/\/kinaikaleidoszkop.hu\/","name":"kinaikaleidoszkop.hu","description":"","potentialAction":[{"@type":"SearchAction","target":{"@type":"EntryPoint","urlTemplate":"https:\/\/kinaikaleidoszkop.hu\/?s={search_term_string}"},"query-input":{"@type":"PropertyValueSpecification","valueRequired":true,"valueName":"search_term_string"}}],"inLanguage":"hu"},{"@type":"Person","@id":"https:\/\/kinaikaleidoszkop.hu\/#\/schema\/person\/cf38b01b34e88459ab98b1c7c13b629d","name":"szerk01","image":{"@type":"ImageObject","inLanguage":"hu","@id":"https:\/\/kinaikaleidoszkop.hu\/#\/schema\/person\/image\/","url":"https:\/\/secure.gravatar.com\/avatar\/7afb4741ac3b72a4d9d543b2bcdfe4b1b3ddc4fefd4ab8f732b518bc7528877c?s=96&d=mm&r=g","contentUrl":"https:\/\/secure.gravatar.com\/avatar\/7afb4741ac3b72a4d9d543b2bcdfe4b1b3ddc4fefd4ab8f732b518bc7528877c?s=96&d=mm&r=g","caption":"szerk01"},"url":"https:\/\/kinaikaleidoszkop.hu\/index.php\/author\/szerk01\/"}]}},"views":292,"distributor_meta":false,"distributor_terms":false,"distributor_media":false,"distributor_original_site_name":"kinaikaleidoszkop.hu","distributor_original_site_url":"https:\/\/kinaikaleidoszkop.hu","push-errors":false,"_links":{"self":[{"href":"https:\/\/kinaikaleidoszkop.hu\/index.php\/wp-json\/wp\/v2\/posts\/16605","targetHints":{"allow":["GET"]}}],"collection":[{"href":"https:\/\/kinaikaleidoszkop.hu\/index.php\/wp-json\/wp\/v2\/posts"}],"about":[{"href":"https:\/\/kinaikaleidoszkop.hu\/index.php\/wp-json\/wp\/v2\/types\/post"}],"author":[{"embeddable":true,"href":"https:\/\/kinaikaleidoszkop.hu\/index.php\/wp-json\/wp\/v2\/users\/8"}],"replies":[{"embeddable":true,"href":"https:\/\/kinaikaleidoszkop.hu\/index.php\/wp-json\/wp\/v2\/comments?post=16605"}],"version-history":[{"count":3,"href":"https:\/\/kinaikaleidoszkop.hu\/index.php\/wp-json\/wp\/v2\/posts\/16605\/revisions"}],"predecessor-version":[{"id":16625,"href":"https:\/\/kinaikaleidoszkop.hu\/index.php\/wp-json\/wp\/v2\/posts\/16605\/revisions\/16625"}],"wp:featuredmedia":[{"embeddable":true,"href":"https:\/\/kinaikaleidoszkop.hu\/index.php\/wp-json\/wp\/v2\/media\/16607"}],"wp:attachment":[{"href":"https:\/\/kinaikaleidoszkop.hu\/index.php\/wp-json\/wp\/v2\/media?parent=16605"}],"wp:term":[{"taxonomy":"category","embeddable":true,"href":"https:\/\/kinaikaleidoszkop.hu\/index.php\/wp-json\/wp\/v2\/categories?post=16605"},{"taxonomy":"post_tag","embeddable":true,"href":"https:\/\/kinaikaleidoszkop.hu\/index.php\/wp-json\/wp\/v2\/tags?post=16605"}],"curies":[{"name":"wp","href":"https:\/\/api.w.org\/{rel}","templated":true}]}}