{"id":16612,"date":"2023-03-09T12:29:52","date_gmt":"2023-03-09T11:29:52","guid":{"rendered":"https:\/\/kinaikaleidoszkop.hu\/?p=16612"},"modified":"2023-03-09T14:30:41","modified_gmt":"2023-03-09T13:30:41","slug":"depresszios-lett-a-kis-panda-miutan-zaklatas-erte","status":"publish","type":"post","link":"https:\/\/kinaikaleidoszkop.hu\/index.php\/2023\/03\/09\/depresszios-lett-a-kis-panda-miutan-zaklatas-erte\/","title":{"rendered":"Depresszi\u00f3s lett a kis panda miut\u00e1n zaklat\u00e1s \u00e9rte\u00a0"},"content":{"rendered":"\n<p><strong>A sichuani Chengdu panda teny\u00e9szt\u00e9si \u00e9s kutat\u00f3int\u00e9zet egyik kis pand\u00e1j\u00e1t, Fu Want depresszi\u00f3val diagnosztiz\u00e1lt\u00e1k.<\/strong> &nbsp;<\/p>\n\n\n<div class=\"wp-block-image\">\n<figure class=\"aligncenter size-large is-resized\"><img loading=\"lazy\" decoding=\"async\" src=\"https:\/\/kinaikaleidoszkop.hu\/wp-content\/uploads\/2023\/03\/panda3-1024x587.jpg\" alt=\"\" class=\"wp-image-16617\" width=\"1022\" height=\"582\"\/><\/figure>\n<\/div>\n\n\n<p>Fu Wan h\u00e1rom h\u00f3napos panda 2022 december\u00e9ben gerinc probl\u00e9m\u00e1kkal sz\u00fcletett. Az \u00e1llapota miatt k\u00e9ptelen n\u00e9gy l\u00e1bon j\u00e1rni, de a gondoz\u00f3k seg\u00edts\u00e9g\u00e9vel gondtalanul \u00e9lhet t\u00e1rsaival, azonk\u00edv\u00fcl, hogy nem tud f\u00e1ra m\u00e1szni.<\/p>\n\n\n<div class=\"wp-block-image\">\n<figure class=\"alignright size-full is-resized\"><img loading=\"lazy\" decoding=\"async\" src=\"https:\/\/kinaikaleidoszkop.hu\/wp-content\/uploads\/2023\/03\/335095290_5962503750534580_4545035287449722011_n.jpg\" alt=\"\" class=\"wp-image-16618\" width=\"347\" height=\"446\" srcset=\"https:\/\/kinaikaleidoszkop.hu\/wp-content\/uploads\/2023\/03\/335095290_5962503750534580_4545035287449722011_n.jpg 591w, https:\/\/kinaikaleidoszkop.hu\/wp-content\/uploads\/2023\/03\/335095290_5962503750534580_4545035287449722011_n-233x300.jpg 233w\" sizes=\"auto, (max-width: 347px) 100vw, 347px\" \/><\/figure>\n<\/div>\n\n\n<p>M\u00e1rcius negyedik\u00e9n, egy l\u00e1togat\u00e1si nap alkalm\u00e1val jelezt\u00e9k a gondoz\u00f3knak, hogy Fu Wan depresszi\u00f3snak t\u0171nik \u00e9s nem hajland\u00f3 interakci\u00f3ba l\u00e9pni a t\u00f6bbi pand\u00e1val. A depresszi\u00f3j\u00e1nak oka, hogy az egyik l\u00e1togat\u00f3 v\u00edzzel locsolta le. Az elk\u00f6vet\u0151 gonosz tette szorong\u00e1st okozott az \u00e1llatn\u00e1l.<\/p>\n\n\n\n<blockquote class=\"wp-block-quote is-layout-flow wp-block-quote-is-layout-flow\">\n<p>&#8220;A gondoz\u00f3k extra figyelemmel \u00e9s \u00f6lel\u00e9ssel pr\u00f3b\u00e1lj\u00e1k vigasztalni Fu Want, aki jelenleg is k\u00fczd a depresszi\u00f3val&#8221;- nyilatkozta a kutat\u00f3int\u00e9zet.<\/p>\n<\/blockquote>\n\n\n\n<p>Az elk\u00f6vet\u0151k hamar t\u00e1voztak a helysz\u00ednr\u0151l, \u00edgy nem tudt\u00e1k \u0151ket felel\u0151ss\u00e9gre vonni, de az incidens hat\u00e1s\u00e1ra a sichuani int\u00e9zetben komolyabb biztons\u00e1gi \u00e9s szab\u00e1lyzati el\u0151\u00edr\u00e1sokat vezetnek be a pand\u00e1k ment\u00e1lis \u00e1llapot\u00e1nak v\u00e9delm\u00e9re.<\/p>\n\n\n\n<p>Fot\u00f3k: <a href=\"https:\/\/www.facebook.com\/permalink.php?story_fbid=pfbid0nQPU3ZYzYRqFect4hMeiZRgTkkNqaE5riDVwwpNHDFN6CBxaeeLjxhtfJM77HPycl&amp;id=100083133012483\" target=\"_blank\" rel=\"noreferrer noopener\">China Fun<\/a><\/p>\n\n\n\n<p><strong>2022. m\u00e1rcius. 9.<\/strong><\/p>\n\n\n\n<p><strong>(China Daily)&nbsp;<\/strong><\/p>\n","protected":false},"excerpt":{"rendered":"<p>A sichuani Chengdu panda teny\u00e9szt\u00e9si \u00e9s kutat\u00f3int\u00e9zet egyik kis pand\u00e1j\u00e1t, Fu Want depresszi\u00f3val diagnosztiz\u00e1lt\u00e1k. &nbsp; Fu Wan h\u00e1rom h\u00f3napos panda 2022 december\u00e9ben gerinc probl\u00e9m\u00e1kkal sz\u00fcletett. Az \u00e1llapota miatt k\u00e9ptelen n\u00e9gy l\u00e1bon j\u00e1rni, de a gondoz\u00f3k seg\u00edts\u00e9g\u00e9vel gondtalanul \u00e9lhet t\u00e1rsaival, azonk\u00edv\u00fcl, hogy nem tud f\u00e1ra m\u00e1szni. M\u00e1rcius negyedik\u00e9n, egy l\u00e1togat\u00e1si nap alkalm\u00e1val jelezt\u00e9k a gondoz\u00f3knak, hogy [&hellip;]<\/p>\n","protected":false},"author":8,"featured_media":16616,"comment_status":"closed","ping_status":"closed","sticky":false,"template":"","format":"standard","meta":{"footnotes":""},"categories":[81],"tags":[1680,2104,1937],"class_list":["post-16612","post","type-post","status-publish","format-standard","has-post-thumbnail","hentry","category-tortenetek","tag-allatkert","tag-depresszio","tag-oriaspanda"],"yoast_head":"<!-- This site is optimized with the Yoast SEO plugin v23.7 - https:\/\/yoast.com\/wordpress\/plugins\/seo\/ -->\n<title>Depresszi\u00f3s lett a kis panda miut\u00e1n zaklat\u00e1s \u00e9rte\u00a0 - kinaikaleidoszkop.hu<\/title>\n<meta name=\"robots\" content=\"index, follow, max-snippet:-1, max-image-preview:large, max-video-preview:-1\" \/>\n<link rel=\"canonical\" href=\"https:\/\/kinaikaleidoszkop.hu\/index.php\/2023\/03\/09\/depresszios-lett-a-kis-panda-miutan-zaklatas-erte\/\" \/>\n<meta property=\"og:locale\" content=\"hu_HU\" \/>\n<meta property=\"og:type\" content=\"article\" \/>\n<meta property=\"og:title\" content=\"Depresszi\u00f3s lett a kis panda miut\u00e1n zaklat\u00e1s \u00e9rte\u00a0 - kinaikaleidoszkop.hu\" \/>\n<meta property=\"og:description\" content=\"A sichuani Chengdu panda teny\u00e9szt\u00e9si \u00e9s kutat\u00f3int\u00e9zet egyik kis pand\u00e1j\u00e1t, Fu Want depresszi\u00f3val diagnosztiz\u00e1lt\u00e1k. &nbsp; Fu Wan h\u00e1rom h\u00f3napos panda 2022 december\u00e9ben gerinc probl\u00e9m\u00e1kkal sz\u00fcletett. Az \u00e1llapota miatt k\u00e9ptelen n\u00e9gy l\u00e1bon j\u00e1rni, de a gondoz\u00f3k seg\u00edts\u00e9g\u00e9vel gondtalanul \u00e9lhet t\u00e1rsaival, azonk\u00edv\u00fcl, hogy nem tud f\u00e1ra m\u00e1szni. M\u00e1rcius negyedik\u00e9n, egy l\u00e1togat\u00e1si nap alkalm\u00e1val jelezt\u00e9k a gondoz\u00f3knak, hogy [&hellip;]\" \/>\n<meta property=\"og:url\" content=\"https:\/\/kinaikaleidoszkop.hu\/index.php\/2023\/03\/09\/depresszios-lett-a-kis-panda-miutan-zaklatas-erte\/\" \/>\n<meta property=\"og:site_name\" content=\"kinaikaleidoszkop.hu\" \/>\n<meta property=\"article:published_time\" content=\"2023-03-09T11:29:52+00:00\" \/>\n<meta property=\"article:modified_time\" content=\"2023-03-09T13:30:41+00:00\" \/>\n<meta property=\"og:image\" content=\"https:\/\/kinaikaleidoszkop.hu\/wp-content\/uploads\/2023\/03\/panda2.jpg\" \/>\n\t<meta property=\"og:image:width\" content=\"940\" \/>\n\t<meta property=\"og:image:height\" content=\"582\" \/>\n\t<meta property=\"og:image:type\" content=\"image\/jpeg\" \/>\n<meta name=\"author\" content=\"szerk01\" \/>\n<meta name=\"twitter:card\" content=\"summary_large_image\" \/>\n<meta name=\"twitter:label1\" content=\"Szerz\u0151:\" \/>\n\t<meta name=\"twitter:data1\" content=\"szerk01\" \/>\n\t<meta name=\"twitter:label2\" content=\"Becs\u00fclt olvas\u00e1si id\u0151\" \/>\n\t<meta name=\"twitter:data2\" content=\"2 perc\" \/>\n<script type=\"application\/ld+json\" class=\"yoast-schema-graph\">{\"@context\":\"https:\/\/schema.org\",\"@graph\":[{\"@type\":\"WebPage\",\"@id\":\"https:\/\/kinaikaleidoszkop.hu\/index.php\/2023\/03\/09\/depresszios-lett-a-kis-panda-miutan-zaklatas-erte\/\",\"url\":\"https:\/\/kinaikaleidoszkop.hu\/index.php\/2023\/03\/09\/depresszios-lett-a-kis-panda-miutan-zaklatas-erte\/\",\"name\":\"Depresszi\u00f3s lett a kis panda miut\u00e1n zaklat\u00e1s \u00e9rte\u00a0 - kinaikaleidoszkop.hu\",\"isPartOf\":{\"@id\":\"https:\/\/kinaikaleidoszkop.hu\/#website\"},\"primaryImageOfPage\":{\"@id\":\"https:\/\/kinaikaleidoszkop.hu\/index.php\/2023\/03\/09\/depresszios-lett-a-kis-panda-miutan-zaklatas-erte\/#primaryimage\"},\"image\":{\"@id\":\"https:\/\/kinaikaleidoszkop.hu\/index.php\/2023\/03\/09\/depresszios-lett-a-kis-panda-miutan-zaklatas-erte\/#primaryimage\"},\"thumbnailUrl\":\"https:\/\/kinaikaleidoszkop.hu\/wp-content\/uploads\/2023\/03\/panda2.jpg\",\"datePublished\":\"2023-03-09T11:29:52+00:00\",\"dateModified\":\"2023-03-09T13:30:41+00:00\",\"author\":{\"@id\":\"https:\/\/kinaikaleidoszkop.hu\/#\/schema\/person\/cf38b01b34e88459ab98b1c7c13b629d\"},\"breadcrumb\":{\"@id\":\"https:\/\/kinaikaleidoszkop.hu\/index.php\/2023\/03\/09\/depresszios-lett-a-kis-panda-miutan-zaklatas-erte\/#breadcrumb\"},\"inLanguage\":\"hu\",\"potentialAction\":[{\"@type\":\"ReadAction\",\"target\":[\"https:\/\/kinaikaleidoszkop.hu\/index.php\/2023\/03\/09\/depresszios-lett-a-kis-panda-miutan-zaklatas-erte\/\"]}]},{\"@type\":\"ImageObject\",\"inLanguage\":\"hu\",\"@id\":\"https:\/\/kinaikaleidoszkop.hu\/index.php\/2023\/03\/09\/depresszios-lett-a-kis-panda-miutan-zaklatas-erte\/#primaryimage\",\"url\":\"https:\/\/kinaikaleidoszkop.hu\/wp-content\/uploads\/2023\/03\/panda2.jpg\",\"contentUrl\":\"https:\/\/kinaikaleidoszkop.hu\/wp-content\/uploads\/2023\/03\/panda2.jpg\",\"width\":940,\"height\":582},{\"@type\":\"BreadcrumbList\",\"@id\":\"https:\/\/kinaikaleidoszkop.hu\/index.php\/2023\/03\/09\/depresszios-lett-a-kis-panda-miutan-zaklatas-erte\/#breadcrumb\",\"itemListElement\":[{\"@type\":\"ListItem\",\"position\":1,\"name\":\"Kezd\u0151lap\",\"item\":\"https:\/\/kinaikaleidoszkop.hu\/\"},{\"@type\":\"ListItem\",\"position\":2,\"name\":\"Depresszi\u00f3s lett a kis panda miut\u00e1n zaklat\u00e1s \u00e9rte\u00a0\"}]},{\"@type\":\"WebSite\",\"@id\":\"https:\/\/kinaikaleidoszkop.hu\/#website\",\"url\":\"https:\/\/kinaikaleidoszkop.hu\/\",\"name\":\"kinaikaleidoszkop.hu\",\"description\":\"\",\"potentialAction\":[{\"@type\":\"SearchAction\",\"target\":{\"@type\":\"EntryPoint\",\"urlTemplate\":\"https:\/\/kinaikaleidoszkop.hu\/?s={search_term_string}\"},\"query-input\":{\"@type\":\"PropertyValueSpecification\",\"valueRequired\":true,\"valueName\":\"search_term_string\"}}],\"inLanguage\":\"hu\"},{\"@type\":\"Person\",\"@id\":\"https:\/\/kinaikaleidoszkop.hu\/#\/schema\/person\/cf38b01b34e88459ab98b1c7c13b629d\",\"name\":\"szerk01\",\"image\":{\"@type\":\"ImageObject\",\"inLanguage\":\"hu\",\"@id\":\"https:\/\/kinaikaleidoszkop.hu\/#\/schema\/person\/image\/\",\"url\":\"https:\/\/secure.gravatar.com\/avatar\/7afb4741ac3b72a4d9d543b2bcdfe4b1b3ddc4fefd4ab8f732b518bc7528877c?s=96&d=mm&r=g\",\"contentUrl\":\"https:\/\/secure.gravatar.com\/avatar\/7afb4741ac3b72a4d9d543b2bcdfe4b1b3ddc4fefd4ab8f732b518bc7528877c?s=96&d=mm&r=g\",\"caption\":\"szerk01\"},\"url\":\"https:\/\/kinaikaleidoszkop.hu\/index.php\/author\/szerk01\/\"}]}<\/script>\n<!-- \/ Yoast SEO plugin. -->","yoast_head_json":{"title":"Depresszi\u00f3s lett a kis panda miut\u00e1n zaklat\u00e1s \u00e9rte\u00a0 - kinaikaleidoszkop.hu","robots":{"index":"index","follow":"follow","max-snippet":"max-snippet:-1","max-image-preview":"max-image-preview:large","max-video-preview":"max-video-preview:-1"},"canonical":"https:\/\/kinaikaleidoszkop.hu\/index.php\/2023\/03\/09\/depresszios-lett-a-kis-panda-miutan-zaklatas-erte\/","og_locale":"hu_HU","og_type":"article","og_title":"Depresszi\u00f3s lett a kis panda miut\u00e1n zaklat\u00e1s \u00e9rte\u00a0 - kinaikaleidoszkop.hu","og_description":"A sichuani Chengdu panda teny\u00e9szt\u00e9si \u00e9s kutat\u00f3int\u00e9zet egyik kis pand\u00e1j\u00e1t, Fu Want depresszi\u00f3val diagnosztiz\u00e1lt\u00e1k. &nbsp; Fu Wan h\u00e1rom h\u00f3napos panda 2022 december\u00e9ben gerinc probl\u00e9m\u00e1kkal sz\u00fcletett. Az \u00e1llapota miatt k\u00e9ptelen n\u00e9gy l\u00e1bon j\u00e1rni, de a gondoz\u00f3k seg\u00edts\u00e9g\u00e9vel gondtalanul \u00e9lhet t\u00e1rsaival, azonk\u00edv\u00fcl, hogy nem tud f\u00e1ra m\u00e1szni. M\u00e1rcius negyedik\u00e9n, egy l\u00e1togat\u00e1si nap alkalm\u00e1val jelezt\u00e9k a gondoz\u00f3knak, hogy [&hellip;]","og_url":"https:\/\/kinaikaleidoszkop.hu\/index.php\/2023\/03\/09\/depresszios-lett-a-kis-panda-miutan-zaklatas-erte\/","og_site_name":"kinaikaleidoszkop.hu","article_published_time":"2023-03-09T11:29:52+00:00","article_modified_time":"2023-03-09T13:30:41+00:00","og_image":[{"width":940,"height":582,"url":"https:\/\/kinaikaleidoszkop.hu\/wp-content\/uploads\/2023\/03\/panda2.jpg","type":"image\/jpeg"}],"author":"szerk01","twitter_card":"summary_large_image","twitter_misc":{"Szerz\u0151:":"szerk01","Becs\u00fclt olvas\u00e1si id\u0151":"2 perc"},"schema":{"@context":"https:\/\/schema.org","@graph":[{"@type":"WebPage","@id":"https:\/\/kinaikaleidoszkop.hu\/index.php\/2023\/03\/09\/depresszios-lett-a-kis-panda-miutan-zaklatas-erte\/","url":"https:\/\/kinaikaleidoszkop.hu\/index.php\/2023\/03\/09\/depresszios-lett-a-kis-panda-miutan-zaklatas-erte\/","name":"Depresszi\u00f3s lett a kis panda miut\u00e1n zaklat\u00e1s \u00e9rte\u00a0 - kinaikaleidoszkop.hu","isPartOf":{"@id":"https:\/\/kinaikaleidoszkop.hu\/#website"},"primaryImageOfPage":{"@id":"https:\/\/kinaikaleidoszkop.hu\/index.php\/2023\/03\/09\/depresszios-lett-a-kis-panda-miutan-zaklatas-erte\/#primaryimage"},"image":{"@id":"https:\/\/kinaikaleidoszkop.hu\/index.php\/2023\/03\/09\/depresszios-lett-a-kis-panda-miutan-zaklatas-erte\/#primaryimage"},"thumbnailUrl":"https:\/\/kinaikaleidoszkop.hu\/wp-content\/uploads\/2023\/03\/panda2.jpg","datePublished":"2023-03-09T11:29:52+00:00","dateModified":"2023-03-09T13:30:41+00:00","author":{"@id":"https:\/\/kinaikaleidoszkop.hu\/#\/schema\/person\/cf38b01b34e88459ab98b1c7c13b629d"},"breadcrumb":{"@id":"https:\/\/kinaikaleidoszkop.hu\/index.php\/2023\/03\/09\/depresszios-lett-a-kis-panda-miutan-zaklatas-erte\/#breadcrumb"},"inLanguage":"hu","potentialAction":[{"@type":"ReadAction","target":["https:\/\/kinaikaleidoszkop.hu\/index.php\/2023\/03\/09\/depresszios-lett-a-kis-panda-miutan-zaklatas-erte\/"]}]},{"@type":"ImageObject","inLanguage":"hu","@id":"https:\/\/kinaikaleidoszkop.hu\/index.php\/2023\/03\/09\/depresszios-lett-a-kis-panda-miutan-zaklatas-erte\/#primaryimage","url":"https:\/\/kinaikaleidoszkop.hu\/wp-content\/uploads\/2023\/03\/panda2.jpg","contentUrl":"https:\/\/kinaikaleidoszkop.hu\/wp-content\/uploads\/2023\/03\/panda2.jpg","width":940,"height":582},{"@type":"BreadcrumbList","@id":"https:\/\/kinaikaleidoszkop.hu\/index.php\/2023\/03\/09\/depresszios-lett-a-kis-panda-miutan-zaklatas-erte\/#breadcrumb","itemListElement":[{"@type":"ListItem","position":1,"name":"Kezd\u0151lap","item":"https:\/\/kinaikaleidoszkop.hu\/"},{"@type":"ListItem","position":2,"name":"Depresszi\u00f3s lett a kis panda miut\u00e1n zaklat\u00e1s \u00e9rte\u00a0"}]},{"@type":"WebSite","@id":"https:\/\/kinaikaleidoszkop.hu\/#website","url":"https:\/\/kinaikaleidoszkop.hu\/","name":"kinaikaleidoszkop.hu","description":"","potentialAction":[{"@type":"SearchAction","target":{"@type":"EntryPoint","urlTemplate":"https:\/\/kinaikaleidoszkop.hu\/?s={search_term_string}"},"query-input":{"@type":"PropertyValueSpecification","valueRequired":true,"valueName":"search_term_string"}}],"inLanguage":"hu"},{"@type":"Person","@id":"https:\/\/kinaikaleidoszkop.hu\/#\/schema\/person\/cf38b01b34e88459ab98b1c7c13b629d","name":"szerk01","image":{"@type":"ImageObject","inLanguage":"hu","@id":"https:\/\/kinaikaleidoszkop.hu\/#\/schema\/person\/image\/","url":"https:\/\/secure.gravatar.com\/avatar\/7afb4741ac3b72a4d9d543b2bcdfe4b1b3ddc4fefd4ab8f732b518bc7528877c?s=96&d=mm&r=g","contentUrl":"https:\/\/secure.gravatar.com\/avatar\/7afb4741ac3b72a4d9d543b2bcdfe4b1b3ddc4fefd4ab8f732b518bc7528877c?s=96&d=mm&r=g","caption":"szerk01"},"url":"https:\/\/kinaikaleidoszkop.hu\/index.php\/author\/szerk01\/"}]}},"views":363,"distributor_meta":false,"distributor_terms":false,"distributor_media":false,"distributor_original_site_name":"kinaikaleidoszkop.hu","distributor_original_site_url":"https:\/\/kinaikaleidoszkop.hu","push-errors":false,"_links":{"self":[{"href":"https:\/\/kinaikaleidoszkop.hu\/index.php\/wp-json\/wp\/v2\/posts\/16612","targetHints":{"allow":["GET"]}}],"collection":[{"href":"https:\/\/kinaikaleidoszkop.hu\/index.php\/wp-json\/wp\/v2\/posts"}],"about":[{"href":"https:\/\/kinaikaleidoszkop.hu\/index.php\/wp-json\/wp\/v2\/types\/post"}],"author":[{"embeddable":true,"href":"https:\/\/kinaikaleidoszkop.hu\/index.php\/wp-json\/wp\/v2\/users\/8"}],"replies":[{"embeddable":true,"href":"https:\/\/kinaikaleidoszkop.hu\/index.php\/wp-json\/wp\/v2\/comments?post=16612"}],"version-history":[{"count":5,"href":"https:\/\/kinaikaleidoszkop.hu\/index.php\/wp-json\/wp\/v2\/posts\/16612\/revisions"}],"predecessor-version":[{"id":16624,"href":"https:\/\/kinaikaleidoszkop.hu\/index.php\/wp-json\/wp\/v2\/posts\/16612\/revisions\/16624"}],"wp:featuredmedia":[{"embeddable":true,"href":"https:\/\/kinaikaleidoszkop.hu\/index.php\/wp-json\/wp\/v2\/media\/16616"}],"wp:attachment":[{"href":"https:\/\/kinaikaleidoszkop.hu\/index.php\/wp-json\/wp\/v2\/media?parent=16612"}],"wp:term":[{"taxonomy":"category","embeddable":true,"href":"https:\/\/kinaikaleidoszkop.hu\/index.php\/wp-json\/wp\/v2\/categories?post=16612"},{"taxonomy":"post_tag","embeddable":true,"href":"https:\/\/kinaikaleidoszkop.hu\/index.php\/wp-json\/wp\/v2\/tags?post=16612"}],"curies":[{"name":"wp","href":"https:\/\/api.w.org\/{rel}","templated":true}]}}