{"id":16659,"date":"2023-03-13T09:40:00","date_gmt":"2023-03-13T08:40:00","guid":{"rendered":"https:\/\/kinaikaleidoszkop.hu\/?p=16659"},"modified":"2023-03-13T11:46:31","modified_gmt":"2023-03-13T10:46:31","slug":"a-kinai-diplomacia-vezetoje-elso-sajtoertekezleten-munkajat-taglalta","status":"publish","type":"post","link":"https:\/\/kinaikaleidoszkop.hu\/index.php\/2023\/03\/13\/a-kinai-diplomacia-vezetoje-elso-sajtoertekezleten-munkajat-taglalta\/","title":{"rendered":"A k\u00ednai diplom\u00e1cia vezet\u0151je els\u0151 sajt\u00f3\u00e9rtekezlet\u00e9n munk\u00e1j\u00e1t taglalta"},"content":{"rendered":"\n<p><strong>Ir\u00e1nymutat\u00e1snak tekintj\u00fck az \u00e1llamf\u0151i diplom\u00e1ci\u00e1t, otthont adunk az els\u0151 \u201eK\u00edna + \u00f6t k\u00f6z\u00e9p-\u00e1zsiai orsz\u00e1g\u201d cs\u00facs\u00e9rtekezlet\u00e9nek, valamint az \u00d6vezet \u00e9s \u00dat nemzetk\u00f6zi egy\u00fcttm\u0171k\u00f6d\u00e9si f\u00f3rum harmadik cs\u00facstal\u00e1lkoz\u00f3j\u00e1nak\u201d \u2013 mondta Qin Gang k\u00ednai k\u00fcl\u00fcgyminiszter a 14. Orsz\u00e1gos N\u00e9pi Gy\u0171l\u00e9s els\u0151 \u00e9ves \u00fcl\u00e9sszak\u00e1nak keret\u00e9ben a K\u00edna k\u00fclpolitik\u00e1j\u00e1r\u00f3l \u00e9s k\u00fclkapcsolatair\u00f3l rendezett sajt\u00f3\u00e9rtekezleten.<\/strong><\/p>\n\n\n<div class=\"wp-block-image\">\n<figure class=\"alignright is-resized\"><img loading=\"lazy\" decoding=\"async\" src=\"https:\/\/hirpest.hu\/wp-content\/uploads\/2023\/03\/VCG111426055669.jpg\" alt=\"\" class=\"wp-image-16086\" width=\"450\" height=\"300\"\/><\/figure>\n<\/div>\n\n\n<p>Qin Gang saj\u00e1t \u00e1ll\u00e1spontja szerint \u00fagy vezeti K\u00edna diplom\u00e1ci\u00e1j\u00e1t az \u00faj \u201emenetel\u00e9sben\u201d, mint \u201eegy \u00e1lmokkal teli exped\u00edci\u00f3\u201d \u00e9s \u201eegy viharos tengeren val\u00f3 haj\u00f3z\u00e1s\u201d.<\/p>\n\n\n\n<p>Qin kijelentette: egy t\u00f6bb mint 1,4 milli\u00e1rd lakos\u00fa orsz\u00e1g moderniz\u00e1ci\u00f3ja p\u00e9ld\u00e1tlan brav\u00far lesz az emberis\u00e9g t\u00f6rt\u00e9nelm\u00e9ben; a k\u00ednai moderniz\u00e1ci\u00f3 sz\u00e1mos, a vil\u00e1gk\u00f6z\u00f6ss\u00e9gi fejl\u0151d\u00e9s el\u0151tt \u00e1ll\u00f3 kih\u00edv\u00e1sra k\u00edn\u00e1l megold\u00e1st, \u00e9s eloszlatja azt a m\u00edtoszt, amely szerint a moderniz\u00e1ci\u00f3 egyenl\u0151 a nyugatiasod\u00e1ssal.<\/p>\n\n\n\n<p>Qin szerint a moderniz\u00e1ci\u00f3 k\u00ednai modellje a n\u00e9pet helyezi el\u0151t\u00e9rbe. Qin elmondta, hogy a modell minden k\u00ednai sz\u00e1m\u00e1ra a k\u00f6z\u00f6s j\u00f3l\u00e9tet jelenti, egyben az anyagi b\u0151s\u00e9g \u00e9s a kultur\u00e1lis gazdagod\u00e1s el\u00e9r\u00e9s\u00e9t. A k\u00ednai diplom\u00e1cia vezet\u0151je megjegyezte, hogy a moderniz\u00e1ci\u00f3 nem csup\u00e1n n\u00e9h\u00e1ny orsz\u00e1g vagy egy\u00e9n \u00e9rdekeit szolg\u00e1lhatja, ennek k\u00f6vetkezt\u00e9ben nem szabad gazdagabb\u00e1 \u00e9s szeg\u00e9nyebb\u00e9 tennie a gazdagokat \u00e9s a szeg\u00e9nyeket, tov\u00e1bb\u00e1 a moderniz\u00e1ci\u00f3 nem vezethet kultur\u00e1lis elszeg\u00e9nyed\u00e9shez, erk\u00f6lcsi le\u00e9p\u00fcl\u00e9shez vagy rendetlens\u00e9ghez.<\/p>\n\n\n\n<p>A k\u00ednai k\u00fcl\u00fcgyminiszter a k\u00ednai-orosz partners\u00e9get illet\u0151en azt hangs\u00falyozta, hogy \u201eK\u00edna \u00e9s Oroszorsz\u00e1g nem k\u00f6t sz\u00f6vets\u00e9get, egy\u00fcttm\u0171k\u00f6d\u00e9s\u00fck nem \u00e9p\u00fcl konfront\u00e1ci\u00f3ra, \u00e9s nem ir\u00e1nyul egyetlen harmadik f\u00e9l ellen sem. Qin elmondta, hogy a k\u00e9toldal\u00fa kapcsolatok nem jelentenek vesz\u00e9lyt egyetlen orsz\u00e1gra sem, harmadik f\u00e9l nem zavarhatja \u0151ket, illetve nem sz\u00edthat visz\u00e1lyt k\u00f6z\u00f6tt\u00fck. \u201eK\u00edna \u00e9s Oroszorsz\u00e1g az egy\u00fcttm\u0171k\u00f6d\u00e9ssel a vil\u00e1g hajt\u00f3ereje lesz a multipolarit\u00e1s \u00e9s a nagyobb demokr\u00e1cia fel\u00e9 vezet\u0151 \u00faton a nemzetk\u00f6zi kapcsolatokban, \u00e9s ez \u00e1ltal m\u00e9g ink\u00e1bb biztos\u00edtott lesz a glob\u00e1lis strat\u00e9giai egyens\u00faly \u00e9s stabilit\u00e1s\u201d \u2013 fogalmazott a k\u00fcl\u00fcgyminiszter sajt\u00f3\u00e9rtekezlet\u00e9n.&nbsp;<\/p>\n\n\n\n<p>A k\u00ednai\u2013eur\u00f3pai kapcsolatokr\u00f3l sz\u00f3t ejtve Qin kifejtette, hogy K\u00edna \u00e9s Eur\u00f3pa k\u00e9t nagy civiliz\u00e1ci\u00f3, k\u00e9t nagy piac \u00e9s k\u00e9t nagy er\u0151. Qin szerint az interakci\u00f3k a k\u00e9t f\u00e9l f\u00fcggetlen d\u00f6nt\u00e9s\u00e9n alapulnak, teljes m\u00e9rt\u00e9kben saj\u00e1t strat\u00e9giai \u00e9rdekeik jav\u00e1ra. Qin ism\u00e9telten hangoztatta, hogy K\u00edna \u2013 f\u00fcggetlen\u00fcl a helyzet alakul\u00e1s\u00e1t\u00f3l \u2013 \u00e1tfog\u00f3 strat\u00e9giai partnernek tekinti az Eur\u00f3pai Uni\u00f3t, \u00e9s t\u00e1mogatja az eur\u00f3pai integr\u00e1ci\u00f3t. \u201eEgy\u00fctt k\u00edv\u00e1nunk m\u0171k\u00f6dni Eur\u00f3p\u00e1val a zavarok \u00e9s kih\u00edv\u00e1sok lek\u00fczd\u00e9s\u00e9ben, a K\u00edna \u00e9s az EU k\u00f6z\u00f6tti \u00e1tfog\u00f3 strat\u00e9giai partners\u00e9g elm\u00e9ly\u00edt\u00e9s\u00e9ben, stabiliz\u00e1ci\u00f3t, biztons\u00e1got \u00e9s pozit\u00edv energi\u00e1t biztos\u00edtva a v\u00e1ltoz\u00e1sok \u00e9s a z\u0171rzavarok k\u00f6zepette\u201d \u2013 fejtegette a k\u00ednai diplom\u00e1cia vezet\u0151je.<\/p>\n\n\n\n<p>A k\u00ednai-amerikai kapcsolatra r\u00e1t\u00e9rve a k\u00fcl\u00fcgyminiszter elmondta, hogy az Egyes\u00fclt \u00c1llamok s\u00falyosan t\u00e9ved K\u00edna meg\u00edt\u00e9l\u00e9s\u00e9t \u00e9s pozicion\u00e1l\u00e1s\u00e1t illet\u0151en, mivel az USA K\u00edn\u00e1t tekinti legnagyobb versenyt\u00e1rs\u00e1nak \u00e9s a legfontosabb geopolitikai kih\u00edv\u00e1snak. \u201eAz els\u0151 gombot rosszul gombolva\u201d az Egyes\u00fclt \u00c1llamok K\u00edna-politik\u00e1ja teljesen let\u00e9rt a racion\u00e1lis, gondmentes, helyes \u00fatr\u00f3l \u2013 fogalmazott a k\u00fcl\u00fcgyminiszter. Mint mondta: \u201eaz Egyes\u00fclt \u00c1llamok hi\u00e1ba \u00e1ll\u00edtja azt, hogy ugyan igyekszik \u201ekiszor\u00edtani\u201d K\u00edn\u00e1t, de nem t\u00f6rekszik konfliktusra, a val\u00f3s\u00e1g azonban az, hogy K\u00edn\u00e1t minden tekintetben visszafogja \u00e9s elnyomja, \u00e9s a k\u00e9t orsz\u00e1got nullszald\u00f3s j\u00e1tszm\u00e1ba k\u00e9nyszer\u00edti\u201d.<\/p>\n\n\n\n<p>N\u00e9h\u00e1ny nappal ezel\u0151tt t\u00e1rc\u00e1ja kiadta a \u201eK\u00edna \u00e1ll\u00e1spontja az ukr\u00e1n v\u00e1ls\u00e1g politikai megold\u00e1s\u00e1r\u00f3l\u201d c\u00edm\u0171 dokumentumot, amely 12 pontos javaslatot tartalmaz, k\u00f6zt\u00fck olyanokat, mint valamennyi orsz\u00e1g szuverenit\u00e1s\u00e1nak tiszteletben tart\u00e1sa, a hidegh\u00e1bor\u00fas mentalit\u00e1s felad\u00e1sa, a t\u0171zsz\u00fcnet \u00e9s a h\u00e1bor\u00fa besz\u00fcntet\u00e9se, valamint a b\u00e9ket\u00e1rgyal\u00e1sok elind\u00edt\u00e1sa \u2013 eml\u00e9keztetett Qin Gang. A k\u00fcl\u00fcgyminiszter elmondta, hogy a b\u00e9ket\u00e1rgyal\u00e1sokra ir\u00e1nyul\u00f3 er\u0151fesz\u00edt\u00e9seket sokszor al\u00e1\u00e1st\u00e1k azok, akik \u2013 mint \u201el\u00e1thatatlan kezek\u201d \u2013 a konfliktus eszkal\u00e1l\u00f3d\u00e1s\u00e1t c\u00e9lozt\u00e1k meg, \u00e9s az ukr\u00e1n v\u00e1ls\u00e1got geopolitikai eszk\u00f6zk\u00e9nt akn\u00e1zz\u00e1k ki.<\/p>\n\n\n\n<p><strong>2023. m\u00e1rcius 13.<\/strong><\/p>\n\n\n\n<p><strong><em>(China Media Group)<\/em><\/strong><\/p>\n\n\n\n<p><strong>(x)<\/strong><\/p>\n","protected":false},"excerpt":{"rendered":"<p>Ir\u00e1nymutat\u00e1snak tekintj\u00fck az \u00e1llamf\u0151i diplom\u00e1ci\u00e1t, otthont adunk az els\u0151 \u201eK\u00edna + \u00f6t k\u00f6z\u00e9p-\u00e1zsiai orsz\u00e1g\u201d cs\u00facs\u00e9rtekezlet\u00e9nek, valamint az \u00d6vezet \u00e9s \u00dat nemzetk\u00f6zi egy\u00fcttm\u0171k\u00f6d\u00e9si f\u00f3rum harmadik cs\u00facstal\u00e1lkoz\u00f3j\u00e1nak\u201d \u2013 mondta Qin Gang k\u00ednai k\u00fcl\u00fcgyminiszter a 14. Orsz\u00e1gos N\u00e9pi Gy\u0171l\u00e9s els\u0151 \u00e9ves \u00fcl\u00e9sszak\u00e1nak keret\u00e9ben a K\u00edna k\u00fclpolitik\u00e1j\u00e1r\u00f3l \u00e9s k\u00fclkapcsolatair\u00f3l rendezett sajt\u00f3\u00e9rtekezleten. Qin Gang saj\u00e1t \u00e1ll\u00e1spontja szerint \u00fagy vezeti K\u00edna [&hellip;]<\/p>\n","protected":false},"author":2,"featured_media":16661,"comment_status":"closed","ping_status":"closed","sticky":false,"template":"","format":"standard","meta":{"footnotes":""},"categories":[45],"tags":[131,2114,589,2071,472],"class_list":["post-16659","post","type-post","status-publish","format-standard","has-post-thumbnail","hentry","category-hirek","tag-egyesult-allamok","tag-kinai-diplomacia","tag-kinai-kulugyminiszter","tag-qin-gang","tag-sajtoertekezlet"],"yoast_head":"<!-- This site is optimized with the Yoast SEO plugin v23.7 - https:\/\/yoast.com\/wordpress\/plugins\/seo\/ -->\n<title>A k\u00ednai diplom\u00e1cia vezet\u0151je els\u0151 sajt\u00f3\u00e9rtekezlet\u00e9n munk\u00e1j\u00e1t taglalta - kinaikaleidoszkop.hu<\/title>\n<meta name=\"robots\" content=\"index, follow, max-snippet:-1, max-image-preview:large, max-video-preview:-1\" \/>\n<link rel=\"canonical\" href=\"https:\/\/kinaikaleidoszkop.hu\/index.php\/2023\/03\/13\/a-kinai-diplomacia-vezetoje-elso-sajtoertekezleten-munkajat-taglalta\/\" \/>\n<meta property=\"og:locale\" content=\"hu_HU\" \/>\n<meta property=\"og:type\" content=\"article\" \/>\n<meta property=\"og:title\" content=\"A k\u00ednai diplom\u00e1cia vezet\u0151je els\u0151 sajt\u00f3\u00e9rtekezlet\u00e9n munk\u00e1j\u00e1t taglalta - kinaikaleidoszkop.hu\" \/>\n<meta property=\"og:description\" content=\"Ir\u00e1nymutat\u00e1snak tekintj\u00fck az \u00e1llamf\u0151i diplom\u00e1ci\u00e1t, otthont adunk az els\u0151 \u201eK\u00edna + \u00f6t k\u00f6z\u00e9p-\u00e1zsiai orsz\u00e1g\u201d cs\u00facs\u00e9rtekezlet\u00e9nek, valamint az \u00d6vezet \u00e9s \u00dat nemzetk\u00f6zi egy\u00fcttm\u0171k\u00f6d\u00e9si f\u00f3rum harmadik cs\u00facstal\u00e1lkoz\u00f3j\u00e1nak\u201d \u2013 mondta Qin Gang k\u00ednai k\u00fcl\u00fcgyminiszter a 14. Orsz\u00e1gos N\u00e9pi Gy\u0171l\u00e9s els\u0151 \u00e9ves \u00fcl\u00e9sszak\u00e1nak keret\u00e9ben a K\u00edna k\u00fclpolitik\u00e1j\u00e1r\u00f3l \u00e9s k\u00fclkapcsolatair\u00f3l rendezett sajt\u00f3\u00e9rtekezleten. Qin Gang saj\u00e1t \u00e1ll\u00e1spontja szerint \u00fagy vezeti K\u00edna [&hellip;]\" \/>\n<meta property=\"og:url\" content=\"https:\/\/kinaikaleidoszkop.hu\/index.php\/2023\/03\/13\/a-kinai-diplomacia-vezetoje-elso-sajtoertekezleten-munkajat-taglalta\/\" \/>\n<meta property=\"og:site_name\" content=\"kinaikaleidoszkop.hu\" \/>\n<meta property=\"article:published_time\" content=\"2023-03-13T08:40:00+00:00\" \/>\n<meta property=\"article:modified_time\" content=\"2023-03-13T10:46:31+00:00\" \/>\n<meta property=\"og:image\" content=\"https:\/\/kinaikaleidoszkop.hu\/wp-content\/uploads\/2023\/03\/VCG111426055669.jpg\" \/>\n\t<meta property=\"og:image:width\" content=\"600\" \/>\n\t<meta property=\"og:image:height\" content=\"400\" \/>\n\t<meta property=\"og:image:type\" content=\"image\/jpeg\" \/>\n<meta name=\"author\" content=\"admin-szabolcs\" \/>\n<meta name=\"twitter:card\" content=\"summary_large_image\" \/>\n<meta name=\"twitter:label1\" content=\"Szerz\u0151:\" \/>\n\t<meta name=\"twitter:data1\" content=\"admin-szabolcs\" \/>\n\t<meta name=\"twitter:label2\" content=\"Becs\u00fclt olvas\u00e1si id\u0151\" \/>\n\t<meta name=\"twitter:data2\" content=\"4 perc\" \/>\n<script type=\"application\/ld+json\" class=\"yoast-schema-graph\">{\"@context\":\"https:\/\/schema.org\",\"@graph\":[{\"@type\":\"WebPage\",\"@id\":\"https:\/\/kinaikaleidoszkop.hu\/index.php\/2023\/03\/13\/a-kinai-diplomacia-vezetoje-elso-sajtoertekezleten-munkajat-taglalta\/\",\"url\":\"https:\/\/kinaikaleidoszkop.hu\/index.php\/2023\/03\/13\/a-kinai-diplomacia-vezetoje-elso-sajtoertekezleten-munkajat-taglalta\/\",\"name\":\"A k\u00ednai diplom\u00e1cia vezet\u0151je els\u0151 sajt\u00f3\u00e9rtekezlet\u00e9n munk\u00e1j\u00e1t taglalta - kinaikaleidoszkop.hu\",\"isPartOf\":{\"@id\":\"https:\/\/kinaikaleidoszkop.hu\/#website\"},\"primaryImageOfPage\":{\"@id\":\"https:\/\/kinaikaleidoszkop.hu\/index.php\/2023\/03\/13\/a-kinai-diplomacia-vezetoje-elso-sajtoertekezleten-munkajat-taglalta\/#primaryimage\"},\"image\":{\"@id\":\"https:\/\/kinaikaleidoszkop.hu\/index.php\/2023\/03\/13\/a-kinai-diplomacia-vezetoje-elso-sajtoertekezleten-munkajat-taglalta\/#primaryimage\"},\"thumbnailUrl\":\"https:\/\/kinaikaleidoszkop.hu\/wp-content\/uploads\/2023\/03\/VCG111426055669.jpg\",\"datePublished\":\"2023-03-13T08:40:00+00:00\",\"dateModified\":\"2023-03-13T10:46:31+00:00\",\"author\":{\"@id\":\"https:\/\/kinaikaleidoszkop.hu\/#\/schema\/person\/b9e2febe742edd540c1197716ec02bf7\"},\"breadcrumb\":{\"@id\":\"https:\/\/kinaikaleidoszkop.hu\/index.php\/2023\/03\/13\/a-kinai-diplomacia-vezetoje-elso-sajtoertekezleten-munkajat-taglalta\/#breadcrumb\"},\"inLanguage\":\"hu\",\"potentialAction\":[{\"@type\":\"ReadAction\",\"target\":[\"https:\/\/kinaikaleidoszkop.hu\/index.php\/2023\/03\/13\/a-kinai-diplomacia-vezetoje-elso-sajtoertekezleten-munkajat-taglalta\/\"]}]},{\"@type\":\"ImageObject\",\"inLanguage\":\"hu\",\"@id\":\"https:\/\/kinaikaleidoszkop.hu\/index.php\/2023\/03\/13\/a-kinai-diplomacia-vezetoje-elso-sajtoertekezleten-munkajat-taglalta\/#primaryimage\",\"url\":\"https:\/\/kinaikaleidoszkop.hu\/wp-content\/uploads\/2023\/03\/VCG111426055669.jpg\",\"contentUrl\":\"https:\/\/kinaikaleidoszkop.hu\/wp-content\/uploads\/2023\/03\/VCG111426055669.jpg\",\"width\":600,\"height\":400},{\"@type\":\"BreadcrumbList\",\"@id\":\"https:\/\/kinaikaleidoszkop.hu\/index.php\/2023\/03\/13\/a-kinai-diplomacia-vezetoje-elso-sajtoertekezleten-munkajat-taglalta\/#breadcrumb\",\"itemListElement\":[{\"@type\":\"ListItem\",\"position\":1,\"name\":\"Kezd\u0151lap\",\"item\":\"https:\/\/kinaikaleidoszkop.hu\/\"},{\"@type\":\"ListItem\",\"position\":2,\"name\":\"A k\u00ednai diplom\u00e1cia vezet\u0151je els\u0151 sajt\u00f3\u00e9rtekezlet\u00e9n munk\u00e1j\u00e1t taglalta\"}]},{\"@type\":\"WebSite\",\"@id\":\"https:\/\/kinaikaleidoszkop.hu\/#website\",\"url\":\"https:\/\/kinaikaleidoszkop.hu\/\",\"name\":\"kinaikaleidoszkop.hu\",\"description\":\"\",\"potentialAction\":[{\"@type\":\"SearchAction\",\"target\":{\"@type\":\"EntryPoint\",\"urlTemplate\":\"https:\/\/kinaikaleidoszkop.hu\/?s={search_term_string}\"},\"query-input\":{\"@type\":\"PropertyValueSpecification\",\"valueRequired\":true,\"valueName\":\"search_term_string\"}}],\"inLanguage\":\"hu\"},{\"@type\":\"Person\",\"@id\":\"https:\/\/kinaikaleidoszkop.hu\/#\/schema\/person\/b9e2febe742edd540c1197716ec02bf7\",\"name\":\"admin-szabolcs\",\"image\":{\"@type\":\"ImageObject\",\"inLanguage\":\"hu\",\"@id\":\"https:\/\/kinaikaleidoszkop.hu\/#\/schema\/person\/image\/\",\"url\":\"https:\/\/secure.gravatar.com\/avatar\/154f262492794df2a6cb5d5349227b18ef8f85ab462fbb32625fc42406483d21?s=96&d=mm&r=g\",\"contentUrl\":\"https:\/\/secure.gravatar.com\/avatar\/154f262492794df2a6cb5d5349227b18ef8f85ab462fbb32625fc42406483d21?s=96&d=mm&r=g\",\"caption\":\"admin-szabolcs\"},\"url\":\"https:\/\/kinaikaleidoszkop.hu\/index.php\/author\/admin-szabolcs\/\"}]}<\/script>\n<!-- \/ Yoast SEO plugin. -->","yoast_head_json":{"title":"A k\u00ednai diplom\u00e1cia vezet\u0151je els\u0151 sajt\u00f3\u00e9rtekezlet\u00e9n munk\u00e1j\u00e1t taglalta - kinaikaleidoszkop.hu","robots":{"index":"index","follow":"follow","max-snippet":"max-snippet:-1","max-image-preview":"max-image-preview:large","max-video-preview":"max-video-preview:-1"},"canonical":"https:\/\/kinaikaleidoszkop.hu\/index.php\/2023\/03\/13\/a-kinai-diplomacia-vezetoje-elso-sajtoertekezleten-munkajat-taglalta\/","og_locale":"hu_HU","og_type":"article","og_title":"A k\u00ednai diplom\u00e1cia vezet\u0151je els\u0151 sajt\u00f3\u00e9rtekezlet\u00e9n munk\u00e1j\u00e1t taglalta - kinaikaleidoszkop.hu","og_description":"Ir\u00e1nymutat\u00e1snak tekintj\u00fck az \u00e1llamf\u0151i diplom\u00e1ci\u00e1t, otthont adunk az els\u0151 \u201eK\u00edna + \u00f6t k\u00f6z\u00e9p-\u00e1zsiai orsz\u00e1g\u201d cs\u00facs\u00e9rtekezlet\u00e9nek, valamint az \u00d6vezet \u00e9s \u00dat nemzetk\u00f6zi egy\u00fcttm\u0171k\u00f6d\u00e9si f\u00f3rum harmadik cs\u00facstal\u00e1lkoz\u00f3j\u00e1nak\u201d \u2013 mondta Qin Gang k\u00ednai k\u00fcl\u00fcgyminiszter a 14. Orsz\u00e1gos N\u00e9pi Gy\u0171l\u00e9s els\u0151 \u00e9ves \u00fcl\u00e9sszak\u00e1nak keret\u00e9ben a K\u00edna k\u00fclpolitik\u00e1j\u00e1r\u00f3l \u00e9s k\u00fclkapcsolatair\u00f3l rendezett sajt\u00f3\u00e9rtekezleten. Qin Gang saj\u00e1t \u00e1ll\u00e1spontja szerint \u00fagy vezeti K\u00edna [&hellip;]","og_url":"https:\/\/kinaikaleidoszkop.hu\/index.php\/2023\/03\/13\/a-kinai-diplomacia-vezetoje-elso-sajtoertekezleten-munkajat-taglalta\/","og_site_name":"kinaikaleidoszkop.hu","article_published_time":"2023-03-13T08:40:00+00:00","article_modified_time":"2023-03-13T10:46:31+00:00","og_image":[{"width":600,"height":400,"url":"https:\/\/kinaikaleidoszkop.hu\/wp-content\/uploads\/2023\/03\/VCG111426055669.jpg","type":"image\/jpeg"}],"author":"admin-szabolcs","twitter_card":"summary_large_image","twitter_misc":{"Szerz\u0151:":"admin-szabolcs","Becs\u00fclt olvas\u00e1si id\u0151":"4 perc"},"schema":{"@context":"https:\/\/schema.org","@graph":[{"@type":"WebPage","@id":"https:\/\/kinaikaleidoszkop.hu\/index.php\/2023\/03\/13\/a-kinai-diplomacia-vezetoje-elso-sajtoertekezleten-munkajat-taglalta\/","url":"https:\/\/kinaikaleidoszkop.hu\/index.php\/2023\/03\/13\/a-kinai-diplomacia-vezetoje-elso-sajtoertekezleten-munkajat-taglalta\/","name":"A k\u00ednai diplom\u00e1cia vezet\u0151je els\u0151 sajt\u00f3\u00e9rtekezlet\u00e9n munk\u00e1j\u00e1t taglalta - kinaikaleidoszkop.hu","isPartOf":{"@id":"https:\/\/kinaikaleidoszkop.hu\/#website"},"primaryImageOfPage":{"@id":"https:\/\/kinaikaleidoszkop.hu\/index.php\/2023\/03\/13\/a-kinai-diplomacia-vezetoje-elso-sajtoertekezleten-munkajat-taglalta\/#primaryimage"},"image":{"@id":"https:\/\/kinaikaleidoszkop.hu\/index.php\/2023\/03\/13\/a-kinai-diplomacia-vezetoje-elso-sajtoertekezleten-munkajat-taglalta\/#primaryimage"},"thumbnailUrl":"https:\/\/kinaikaleidoszkop.hu\/wp-content\/uploads\/2023\/03\/VCG111426055669.jpg","datePublished":"2023-03-13T08:40:00+00:00","dateModified":"2023-03-13T10:46:31+00:00","author":{"@id":"https:\/\/kinaikaleidoszkop.hu\/#\/schema\/person\/b9e2febe742edd540c1197716ec02bf7"},"breadcrumb":{"@id":"https:\/\/kinaikaleidoszkop.hu\/index.php\/2023\/03\/13\/a-kinai-diplomacia-vezetoje-elso-sajtoertekezleten-munkajat-taglalta\/#breadcrumb"},"inLanguage":"hu","potentialAction":[{"@type":"ReadAction","target":["https:\/\/kinaikaleidoszkop.hu\/index.php\/2023\/03\/13\/a-kinai-diplomacia-vezetoje-elso-sajtoertekezleten-munkajat-taglalta\/"]}]},{"@type":"ImageObject","inLanguage":"hu","@id":"https:\/\/kinaikaleidoszkop.hu\/index.php\/2023\/03\/13\/a-kinai-diplomacia-vezetoje-elso-sajtoertekezleten-munkajat-taglalta\/#primaryimage","url":"https:\/\/kinaikaleidoszkop.hu\/wp-content\/uploads\/2023\/03\/VCG111426055669.jpg","contentUrl":"https:\/\/kinaikaleidoszkop.hu\/wp-content\/uploads\/2023\/03\/VCG111426055669.jpg","width":600,"height":400},{"@type":"BreadcrumbList","@id":"https:\/\/kinaikaleidoszkop.hu\/index.php\/2023\/03\/13\/a-kinai-diplomacia-vezetoje-elso-sajtoertekezleten-munkajat-taglalta\/#breadcrumb","itemListElement":[{"@type":"ListItem","position":1,"name":"Kezd\u0151lap","item":"https:\/\/kinaikaleidoszkop.hu\/"},{"@type":"ListItem","position":2,"name":"A k\u00ednai diplom\u00e1cia vezet\u0151je els\u0151 sajt\u00f3\u00e9rtekezlet\u00e9n munk\u00e1j\u00e1t taglalta"}]},{"@type":"WebSite","@id":"https:\/\/kinaikaleidoszkop.hu\/#website","url":"https:\/\/kinaikaleidoszkop.hu\/","name":"kinaikaleidoszkop.hu","description":"","potentialAction":[{"@type":"SearchAction","target":{"@type":"EntryPoint","urlTemplate":"https:\/\/kinaikaleidoszkop.hu\/?s={search_term_string}"},"query-input":{"@type":"PropertyValueSpecification","valueRequired":true,"valueName":"search_term_string"}}],"inLanguage":"hu"},{"@type":"Person","@id":"https:\/\/kinaikaleidoszkop.hu\/#\/schema\/person\/b9e2febe742edd540c1197716ec02bf7","name":"admin-szabolcs","image":{"@type":"ImageObject","inLanguage":"hu","@id":"https:\/\/kinaikaleidoszkop.hu\/#\/schema\/person\/image\/","url":"https:\/\/secure.gravatar.com\/avatar\/154f262492794df2a6cb5d5349227b18ef8f85ab462fbb32625fc42406483d21?s=96&d=mm&r=g","contentUrl":"https:\/\/secure.gravatar.com\/avatar\/154f262492794df2a6cb5d5349227b18ef8f85ab462fbb32625fc42406483d21?s=96&d=mm&r=g","caption":"admin-szabolcs"},"url":"https:\/\/kinaikaleidoszkop.hu\/index.php\/author\/admin-szabolcs\/"}]}},"views":270,"distributor_meta":false,"distributor_terms":false,"distributor_media":false,"distributor_original_site_name":"kinaikaleidoszkop.hu","distributor_original_site_url":"https:\/\/kinaikaleidoszkop.hu","push-errors":false,"_links":{"self":[{"href":"https:\/\/kinaikaleidoszkop.hu\/index.php\/wp-json\/wp\/v2\/posts\/16659","targetHints":{"allow":["GET"]}}],"collection":[{"href":"https:\/\/kinaikaleidoszkop.hu\/index.php\/wp-json\/wp\/v2\/posts"}],"about":[{"href":"https:\/\/kinaikaleidoszkop.hu\/index.php\/wp-json\/wp\/v2\/types\/post"}],"author":[{"embeddable":true,"href":"https:\/\/kinaikaleidoszkop.hu\/index.php\/wp-json\/wp\/v2\/users\/2"}],"replies":[{"embeddable":true,"href":"https:\/\/kinaikaleidoszkop.hu\/index.php\/wp-json\/wp\/v2\/comments?post=16659"}],"version-history":[{"count":1,"href":"https:\/\/kinaikaleidoszkop.hu\/index.php\/wp-json\/wp\/v2\/posts\/16659\/revisions"}],"predecessor-version":[{"id":16680,"href":"https:\/\/kinaikaleidoszkop.hu\/index.php\/wp-json\/wp\/v2\/posts\/16659\/revisions\/16680"}],"wp:featuredmedia":[{"embeddable":true,"href":"https:\/\/kinaikaleidoszkop.hu\/index.php\/wp-json\/wp\/v2\/media\/16661"}],"wp:attachment":[{"href":"https:\/\/kinaikaleidoszkop.hu\/index.php\/wp-json\/wp\/v2\/media?parent=16659"}],"wp:term":[{"taxonomy":"category","embeddable":true,"href":"https:\/\/kinaikaleidoszkop.hu\/index.php\/wp-json\/wp\/v2\/categories?post=16659"},{"taxonomy":"post_tag","embeddable":true,"href":"https:\/\/kinaikaleidoszkop.hu\/index.php\/wp-json\/wp\/v2\/tags?post=16659"}],"curies":[{"name":"wp","href":"https:\/\/api.w.org\/{rel}","templated":true}]}}