{"id":16672,"date":"2023-03-13T12:30:00","date_gmt":"2023-03-13T11:30:00","guid":{"rendered":"https:\/\/kinaikaleidoszkop.hu\/?p=16672"},"modified":"2023-03-13T13:52:54","modified_gmt":"2023-03-13T12:52:54","slug":"hszi-csin-ping-az-embereket-kell-az-elso-helyre-helyezni-a-kinai-nemzet-megfiatalitasanak-uj-utjan","status":"publish","type":"post","link":"https:\/\/kinaikaleidoszkop.hu\/index.php\/2023\/03\/13\/hszi-csin-ping-az-embereket-kell-az-elso-helyre-helyezni-a-kinai-nemzet-megfiatalitasanak-uj-utjan\/","title":{"rendered":"Hszi Csin-ping: Az embereket kell az els\u0151 helyre helyezni a k\u00ednai nemzet megfiatal\u00edt\u00e1s\u00e1nak \u00faj \u00fatj\u00e1n"},"content":{"rendered":"\n<p><strong>\u201eAz \u00fcl\u00e9sszakon megv\u00e1lasztottak, hogy tov\u00e1bbra is \u00e9n legyek a K\u00ednai N\u00e9pk\u00f6zt\u00e1rsas\u00e1g \u00e1llameln\u00f6ke. Szeretn\u00e9m kifejezni k\u00f6sz\u00f6netemet minden k\u00e9pvisel\u0151nek \u00e9s a k\u00ednai n\u00e9pnek a bizalmuk\u00e9rt\u201d \u2013 mondta Hszi Csin-ping a 14. k\u00ednai Orsz\u00e1gos N\u00e9pi Gy\u0171l\u00e9s (ONGY) els\u0151 \u00fcl\u00e9sszak\u00e1nak z\u00e1r\u00f3\u00fcl\u00e9s\u00e9n, h\u00e9tf\u0151n reggel. Hozz\u00e1tette: \u201eMost harmadik alkalommal lettem a K\u00ednai N\u00e9pk\u00f6zt\u00e1rsas\u00e1g \u00e1llameln\u00f6ke, \u00e9s a n\u00e9p bizalma a legnagyobb hajt\u00f3er\u0151 sz\u00e1momra, egyben nagy felel\u0151ss\u00e9g is\u201d.<\/strong><\/p>\n\n\n<div class=\"wp-block-image\">\n<figure class=\"alignright is-resized\"><img loading=\"lazy\" decoding=\"async\" src=\"https:\/\/hirpest.hu\/wp-content\/uploads\/2023\/03\/777.png\" alt=\"\" class=\"wp-image-16096\" width=\"435\" height=\"245\"\/><\/figure>\n<\/div>\n\n\n<p>Hszi utalt r\u00e1, hogy a 5 000 \u00e9ves m\u00faltra visszatekint\u0151 k\u00ednai nemzet sz\u00e1mtalan sikert \u00e9rt el a t\u00f6rt\u00e9nelemben, mik\u00f6zben sok megpr\u00f3b\u00e1ltat\u00e1son ment kereszt\u00fcl. \u201eA K\u00ednai Kommunista P\u00e1rt (KKP) megalap\u00edt\u00e1sa ut\u00e1n egyes\u00edtette \u00e9s vezette az orsz\u00e1g valamennyi nemzetis\u00e9g\u00e9t, \u00e9s egy \u00e9vsz\u00e1zados k\u00fczdelem ut\u00e1n a k\u00ednai n\u00e9p saj\u00e1t sors\u00e1nak alak\u00edt\u00f3ja lett. A k\u00ednai nemzet nagy meg\u00fajul\u00e1sa visszaford\u00edthatatlan t\u00f6rt\u00e9nelmi folyamatt\u00e1 v\u00e1lt\u201d \u2013 fogalmazott az \u00e1llameln\u00f6k.<\/p>\n\n\n\n<p>Hszi Csin-ping hangoztatta, hogy mostant\u00f3l az \u00e9vsz\u00e1zad k\u00f6zep\u00e9ig az eg\u00e9sz p\u00e1rt \u00e9s az eg\u00e9sz orsz\u00e1g n\u00e9p\u00e9nek k\u00f6zponti feladata egy modern \u00e9s er\u0151s szocialista orsz\u00e1g fel\u00e9p\u00edt\u00e9se, valamint a k\u00ednai nemzet nagy meg\u00faj\u00edt\u00e1s\u00e1nak el\u0151mozd\u00edt\u00e1sa. Hozz\u00e1tette, hogy az er\u0151s orsz\u00e1g \u00e9s a nemzeti meg\u00faj\u00edt\u00e1s \u00faj \u00fatj\u00e1n el\u0151 kell mozd\u00edtani a min\u0151s\u00e9gi fejl\u0151d\u00e9st, \u00e9s v\u00e9gre kell hajtani azokat a strat\u00e9gi\u00e1kat, amelyek a tudom\u00e1ny r\u00e9v\u00e9n er\u0151ss\u00e9 teszik az orsz\u00e1got. Az innov\u00e1ci\u00f3 vez\u00e9rli a fejl\u0151d\u00e9st.<\/p>\n\n\n\n<p>Hszi kijelentette, hogy minden k\u00f6r\u00fclm\u00e9nyek k\u00f6z\u00f6tt ragaszkodni kell ahhoz, hogy az emberek \u00e9lveznek els\u0151bbs\u00e9get. Mint mondta, egy modern \u00e9s er\u0151s szocialista orsz\u00e1g fel\u00e9p\u00edt\u00e9s\u00e9ben a n\u00e9p a d\u00f6nt\u0151 er\u0151, fejleszteni kell a teljes folyamat\u00fa n\u00e9pi demokr\u00e1ci\u00e1t, \u00e9s a p\u00e1rt vezet\u00e9s\u00e9nek be kell tartania \u201ea n\u00e9p az orsz\u00e1g gazd\u00e1ja\u201d elvet, illetve a jog\u00e1llamis\u00e1g egys\u00e9g\u00e9t.<\/p>\n\n\n\n<p>Az \u00e1llameln\u00f6k kifejtette, hogy integr\u00e1lni kell a fejleszt\u00e9st \u00e9s a biztons\u00e1got, hiszen a biztons\u00e1g a fejl\u0151d\u00e9s alapja, a stabilit\u00e1s a j\u00f3l\u00e9t el\u0151felt\u00e9tele. Hozz\u00e1tette, hogy moderniz\u00e1lni kell a honv\u00e9delmet, a hadsereget, a n\u00e9phadsereget pedig egy \u201eNagy Fall\u00e1\u201d kell \u00e9p\u00edteni, amely k\u00e9pes megv\u00e9deni a nemzeti szuverenit\u00e1st, a biztons\u00e1got \u00e9s a fejleszt\u00e9si \u00e9rdekeket.<\/p>\n\n\n\n<p>\u201eAz emberi sorsk\u00f6z\u00f6ss\u00e9g l\u00e9trehoz\u00e1s\u00e1ra t\u00f6reksz\u00fcnk. K\u00edna fejl\u0151d\u00e9s\u00e9b\u0151l profit\u00e1lhat az eg\u00e9sz vil\u00e1g, K\u00edna fejl\u0151d\u00e9se elv\u00e1laszthatatlan a vil\u00e1gt\u00f3l\u201d \u2013 fogalmazott Hszi. Lesz\u00f6gezte, hogy hat\u00e1rozottan el\u0151 kell mozd\u00edtani a min\u0151s\u00e9gi nyit\u00e1st k\u00fclf\u00f6ld ir\u00e1ny\u00e1ba, ki kell haszn\u00e1lni a glob\u00e1lis piacot \u00e9s az er\u0151forr\u00e1sokat K\u00edna fejleszt\u00e9s\u00e9hez, mik\u00f6zben el\u0151 kell seg\u00edteni a vil\u00e1g k\u00f6z\u00f6s fejl\u0151d\u00e9s\u00e9t.<\/p>\n\n\n\n<p><strong>2023. m\u00e1rcius 13.<\/strong><\/p>\n\n\n\n<p><strong><em>(China Media Group)<\/em><\/strong><\/p>\n\n\n\n<p><strong>(x)<\/strong><\/p>\n","protected":false},"excerpt":{"rendered":"<p>\u201eAz \u00fcl\u00e9sszakon megv\u00e1lasztottak, hogy tov\u00e1bbra is \u00e9n legyek a K\u00ednai N\u00e9pk\u00f6zt\u00e1rsas\u00e1g \u00e1llameln\u00f6ke. Szeretn\u00e9m kifejezni k\u00f6sz\u00f6netemet minden k\u00e9pvisel\u0151nek \u00e9s a k\u00ednai n\u00e9pnek a bizalmuk\u00e9rt\u201d \u2013 mondta Hszi Csin-ping a 14. k\u00ednai Orsz\u00e1gos N\u00e9pi Gy\u0171l\u00e9s (ONGY) els\u0151 \u00fcl\u00e9sszak\u00e1nak z\u00e1r\u00f3\u00fcl\u00e9s\u00e9n, h\u00e9tf\u0151n reggel. Hozz\u00e1tette: \u201eMost harmadik alkalommal lettem a K\u00ednai N\u00e9pk\u00f6zt\u00e1rsas\u00e1g \u00e1llameln\u00f6ke, \u00e9s a n\u00e9p bizalma a legnagyobb hajt\u00f3er\u0151 [&hellip;]<\/p>\n","protected":false},"author":2,"featured_media":16675,"comment_status":"closed","ping_status":"closed","sticky":false,"template":"","format":"standard","meta":{"footnotes":""},"categories":[45],"tags":[414,305,326,1494,361,2120],"class_list":["post-16672","post","type-post","status-publish","format-standard","has-post-thumbnail","hentry","category-hirek","tag-fejlodes","tag-hszi-csin-ping","tag-kinai-allamelnok","tag-kinai-nemzet","tag-kinai-nepkoztarsasag","tag-megfiatalitas"],"yoast_head":"<!-- This site is optimized with the Yoast SEO plugin v23.7 - https:\/\/yoast.com\/wordpress\/plugins\/seo\/ -->\n<title>Hszi Csin-ping: Az embereket kell az els\u0151 helyre helyezni a k\u00ednai nemzet megfiatal\u00edt\u00e1s\u00e1nak \u00faj \u00fatj\u00e1n - kinaikaleidoszkop.hu<\/title>\n<meta name=\"robots\" content=\"index, follow, max-snippet:-1, max-image-preview:large, max-video-preview:-1\" \/>\n<link rel=\"canonical\" href=\"https:\/\/kinaikaleidoszkop.hu\/index.php\/2023\/03\/13\/hszi-csin-ping-az-embereket-kell-az-elso-helyre-helyezni-a-kinai-nemzet-megfiatalitasanak-uj-utjan\/\" \/>\n<meta property=\"og:locale\" content=\"hu_HU\" \/>\n<meta property=\"og:type\" content=\"article\" \/>\n<meta property=\"og:title\" content=\"Hszi Csin-ping: Az embereket kell az els\u0151 helyre helyezni a k\u00ednai nemzet megfiatal\u00edt\u00e1s\u00e1nak \u00faj \u00fatj\u00e1n - kinaikaleidoszkop.hu\" \/>\n<meta property=\"og:description\" content=\"\u201eAz \u00fcl\u00e9sszakon megv\u00e1lasztottak, hogy tov\u00e1bbra is \u00e9n legyek a K\u00ednai N\u00e9pk\u00f6zt\u00e1rsas\u00e1g \u00e1llameln\u00f6ke. Szeretn\u00e9m kifejezni k\u00f6sz\u00f6netemet minden k\u00e9pvisel\u0151nek \u00e9s a k\u00ednai n\u00e9pnek a bizalmuk\u00e9rt\u201d \u2013 mondta Hszi Csin-ping a 14. k\u00ednai Orsz\u00e1gos N\u00e9pi Gy\u0171l\u00e9s (ONGY) els\u0151 \u00fcl\u00e9sszak\u00e1nak z\u00e1r\u00f3\u00fcl\u00e9s\u00e9n, h\u00e9tf\u0151n reggel. Hozz\u00e1tette: \u201eMost harmadik alkalommal lettem a K\u00ednai N\u00e9pk\u00f6zt\u00e1rsas\u00e1g \u00e1llameln\u00f6ke, \u00e9s a n\u00e9p bizalma a legnagyobb hajt\u00f3er\u0151 [&hellip;]\" \/>\n<meta property=\"og:url\" content=\"https:\/\/kinaikaleidoszkop.hu\/index.php\/2023\/03\/13\/hszi-csin-ping-az-embereket-kell-az-elso-helyre-helyezni-a-kinai-nemzet-megfiatalitasanak-uj-utjan\/\" \/>\n<meta property=\"og:site_name\" content=\"kinaikaleidoszkop.hu\" \/>\n<meta property=\"article:published_time\" content=\"2023-03-13T11:30:00+00:00\" \/>\n<meta property=\"article:modified_time\" content=\"2023-03-13T12:52:54+00:00\" \/>\n<meta property=\"og:image\" content=\"https:\/\/kinaikaleidoszkop.hu\/wp-content\/uploads\/2023\/03\/777.png\" \/>\n\t<meta property=\"og:image:width\" content=\"600\" \/>\n\t<meta property=\"og:image:height\" content=\"338\" \/>\n\t<meta property=\"og:image:type\" content=\"image\/png\" \/>\n<meta name=\"author\" content=\"admin-szabolcs\" \/>\n<meta name=\"twitter:card\" content=\"summary_large_image\" \/>\n<meta name=\"twitter:label1\" content=\"Szerz\u0151:\" \/>\n\t<meta name=\"twitter:data1\" content=\"admin-szabolcs\" \/>\n\t<meta name=\"twitter:label2\" content=\"Becs\u00fclt olvas\u00e1si id\u0151\" \/>\n\t<meta name=\"twitter:data2\" content=\"3 perc\" \/>\n<script type=\"application\/ld+json\" class=\"yoast-schema-graph\">{\"@context\":\"https:\/\/schema.org\",\"@graph\":[{\"@type\":\"WebPage\",\"@id\":\"https:\/\/kinaikaleidoszkop.hu\/index.php\/2023\/03\/13\/hszi-csin-ping-az-embereket-kell-az-elso-helyre-helyezni-a-kinai-nemzet-megfiatalitasanak-uj-utjan\/\",\"url\":\"https:\/\/kinaikaleidoszkop.hu\/index.php\/2023\/03\/13\/hszi-csin-ping-az-embereket-kell-az-elso-helyre-helyezni-a-kinai-nemzet-megfiatalitasanak-uj-utjan\/\",\"name\":\"Hszi Csin-ping: Az embereket kell az els\u0151 helyre helyezni a k\u00ednai nemzet megfiatal\u00edt\u00e1s\u00e1nak \u00faj \u00fatj\u00e1n - kinaikaleidoszkop.hu\",\"isPartOf\":{\"@id\":\"https:\/\/kinaikaleidoszkop.hu\/#website\"},\"primaryImageOfPage\":{\"@id\":\"https:\/\/kinaikaleidoszkop.hu\/index.php\/2023\/03\/13\/hszi-csin-ping-az-embereket-kell-az-elso-helyre-helyezni-a-kinai-nemzet-megfiatalitasanak-uj-utjan\/#primaryimage\"},\"image\":{\"@id\":\"https:\/\/kinaikaleidoszkop.hu\/index.php\/2023\/03\/13\/hszi-csin-ping-az-embereket-kell-az-elso-helyre-helyezni-a-kinai-nemzet-megfiatalitasanak-uj-utjan\/#primaryimage\"},\"thumbnailUrl\":\"https:\/\/kinaikaleidoszkop.hu\/wp-content\/uploads\/2023\/03\/777.png\",\"datePublished\":\"2023-03-13T11:30:00+00:00\",\"dateModified\":\"2023-03-13T12:52:54+00:00\",\"author\":{\"@id\":\"https:\/\/kinaikaleidoszkop.hu\/#\/schema\/person\/b9e2febe742edd540c1197716ec02bf7\"},\"breadcrumb\":{\"@id\":\"https:\/\/kinaikaleidoszkop.hu\/index.php\/2023\/03\/13\/hszi-csin-ping-az-embereket-kell-az-elso-helyre-helyezni-a-kinai-nemzet-megfiatalitasanak-uj-utjan\/#breadcrumb\"},\"inLanguage\":\"hu\",\"potentialAction\":[{\"@type\":\"ReadAction\",\"target\":[\"https:\/\/kinaikaleidoszkop.hu\/index.php\/2023\/03\/13\/hszi-csin-ping-az-embereket-kell-az-elso-helyre-helyezni-a-kinai-nemzet-megfiatalitasanak-uj-utjan\/\"]}]},{\"@type\":\"ImageObject\",\"inLanguage\":\"hu\",\"@id\":\"https:\/\/kinaikaleidoszkop.hu\/index.php\/2023\/03\/13\/hszi-csin-ping-az-embereket-kell-az-elso-helyre-helyezni-a-kinai-nemzet-megfiatalitasanak-uj-utjan\/#primaryimage\",\"url\":\"https:\/\/kinaikaleidoszkop.hu\/wp-content\/uploads\/2023\/03\/777.png\",\"contentUrl\":\"https:\/\/kinaikaleidoszkop.hu\/wp-content\/uploads\/2023\/03\/777.png\",\"width\":600,\"height\":338},{\"@type\":\"BreadcrumbList\",\"@id\":\"https:\/\/kinaikaleidoszkop.hu\/index.php\/2023\/03\/13\/hszi-csin-ping-az-embereket-kell-az-elso-helyre-helyezni-a-kinai-nemzet-megfiatalitasanak-uj-utjan\/#breadcrumb\",\"itemListElement\":[{\"@type\":\"ListItem\",\"position\":1,\"name\":\"Kezd\u0151lap\",\"item\":\"https:\/\/kinaikaleidoszkop.hu\/\"},{\"@type\":\"ListItem\",\"position\":2,\"name\":\"Hszi Csin-ping: Az embereket kell az els\u0151 helyre helyezni a k\u00ednai nemzet megfiatal\u00edt\u00e1s\u00e1nak \u00faj \u00fatj\u00e1n\"}]},{\"@type\":\"WebSite\",\"@id\":\"https:\/\/kinaikaleidoszkop.hu\/#website\",\"url\":\"https:\/\/kinaikaleidoszkop.hu\/\",\"name\":\"kinaikaleidoszkop.hu\",\"description\":\"\",\"potentialAction\":[{\"@type\":\"SearchAction\",\"target\":{\"@type\":\"EntryPoint\",\"urlTemplate\":\"https:\/\/kinaikaleidoszkop.hu\/?s={search_term_string}\"},\"query-input\":{\"@type\":\"PropertyValueSpecification\",\"valueRequired\":true,\"valueName\":\"search_term_string\"}}],\"inLanguage\":\"hu\"},{\"@type\":\"Person\",\"@id\":\"https:\/\/kinaikaleidoszkop.hu\/#\/schema\/person\/b9e2febe742edd540c1197716ec02bf7\",\"name\":\"admin-szabolcs\",\"image\":{\"@type\":\"ImageObject\",\"inLanguage\":\"hu\",\"@id\":\"https:\/\/kinaikaleidoszkop.hu\/#\/schema\/person\/image\/\",\"url\":\"https:\/\/secure.gravatar.com\/avatar\/154f262492794df2a6cb5d5349227b18ef8f85ab462fbb32625fc42406483d21?s=96&d=mm&r=g\",\"contentUrl\":\"https:\/\/secure.gravatar.com\/avatar\/154f262492794df2a6cb5d5349227b18ef8f85ab462fbb32625fc42406483d21?s=96&d=mm&r=g\",\"caption\":\"admin-szabolcs\"},\"url\":\"https:\/\/kinaikaleidoszkop.hu\/index.php\/author\/admin-szabolcs\/\"}]}<\/script>\n<!-- \/ Yoast SEO plugin. -->","yoast_head_json":{"title":"Hszi Csin-ping: Az embereket kell az els\u0151 helyre helyezni a k\u00ednai nemzet megfiatal\u00edt\u00e1s\u00e1nak \u00faj \u00fatj\u00e1n - kinaikaleidoszkop.hu","robots":{"index":"index","follow":"follow","max-snippet":"max-snippet:-1","max-image-preview":"max-image-preview:large","max-video-preview":"max-video-preview:-1"},"canonical":"https:\/\/kinaikaleidoszkop.hu\/index.php\/2023\/03\/13\/hszi-csin-ping-az-embereket-kell-az-elso-helyre-helyezni-a-kinai-nemzet-megfiatalitasanak-uj-utjan\/","og_locale":"hu_HU","og_type":"article","og_title":"Hszi Csin-ping: Az embereket kell az els\u0151 helyre helyezni a k\u00ednai nemzet megfiatal\u00edt\u00e1s\u00e1nak \u00faj \u00fatj\u00e1n - kinaikaleidoszkop.hu","og_description":"\u201eAz \u00fcl\u00e9sszakon megv\u00e1lasztottak, hogy tov\u00e1bbra is \u00e9n legyek a K\u00ednai N\u00e9pk\u00f6zt\u00e1rsas\u00e1g \u00e1llameln\u00f6ke. Szeretn\u00e9m kifejezni k\u00f6sz\u00f6netemet minden k\u00e9pvisel\u0151nek \u00e9s a k\u00ednai n\u00e9pnek a bizalmuk\u00e9rt\u201d \u2013 mondta Hszi Csin-ping a 14. k\u00ednai Orsz\u00e1gos N\u00e9pi Gy\u0171l\u00e9s (ONGY) els\u0151 \u00fcl\u00e9sszak\u00e1nak z\u00e1r\u00f3\u00fcl\u00e9s\u00e9n, h\u00e9tf\u0151n reggel. Hozz\u00e1tette: \u201eMost harmadik alkalommal lettem a K\u00ednai N\u00e9pk\u00f6zt\u00e1rsas\u00e1g \u00e1llameln\u00f6ke, \u00e9s a n\u00e9p bizalma a legnagyobb hajt\u00f3er\u0151 [&hellip;]","og_url":"https:\/\/kinaikaleidoszkop.hu\/index.php\/2023\/03\/13\/hszi-csin-ping-az-embereket-kell-az-elso-helyre-helyezni-a-kinai-nemzet-megfiatalitasanak-uj-utjan\/","og_site_name":"kinaikaleidoszkop.hu","article_published_time":"2023-03-13T11:30:00+00:00","article_modified_time":"2023-03-13T12:52:54+00:00","og_image":[{"width":600,"height":338,"url":"https:\/\/kinaikaleidoszkop.hu\/wp-content\/uploads\/2023\/03\/777.png","type":"image\/png"}],"author":"admin-szabolcs","twitter_card":"summary_large_image","twitter_misc":{"Szerz\u0151:":"admin-szabolcs","Becs\u00fclt olvas\u00e1si id\u0151":"3 perc"},"schema":{"@context":"https:\/\/schema.org","@graph":[{"@type":"WebPage","@id":"https:\/\/kinaikaleidoszkop.hu\/index.php\/2023\/03\/13\/hszi-csin-ping-az-embereket-kell-az-elso-helyre-helyezni-a-kinai-nemzet-megfiatalitasanak-uj-utjan\/","url":"https:\/\/kinaikaleidoszkop.hu\/index.php\/2023\/03\/13\/hszi-csin-ping-az-embereket-kell-az-elso-helyre-helyezni-a-kinai-nemzet-megfiatalitasanak-uj-utjan\/","name":"Hszi Csin-ping: Az embereket kell az els\u0151 helyre helyezni a k\u00ednai nemzet megfiatal\u00edt\u00e1s\u00e1nak \u00faj \u00fatj\u00e1n - kinaikaleidoszkop.hu","isPartOf":{"@id":"https:\/\/kinaikaleidoszkop.hu\/#website"},"primaryImageOfPage":{"@id":"https:\/\/kinaikaleidoszkop.hu\/index.php\/2023\/03\/13\/hszi-csin-ping-az-embereket-kell-az-elso-helyre-helyezni-a-kinai-nemzet-megfiatalitasanak-uj-utjan\/#primaryimage"},"image":{"@id":"https:\/\/kinaikaleidoszkop.hu\/index.php\/2023\/03\/13\/hszi-csin-ping-az-embereket-kell-az-elso-helyre-helyezni-a-kinai-nemzet-megfiatalitasanak-uj-utjan\/#primaryimage"},"thumbnailUrl":"https:\/\/kinaikaleidoszkop.hu\/wp-content\/uploads\/2023\/03\/777.png","datePublished":"2023-03-13T11:30:00+00:00","dateModified":"2023-03-13T12:52:54+00:00","author":{"@id":"https:\/\/kinaikaleidoszkop.hu\/#\/schema\/person\/b9e2febe742edd540c1197716ec02bf7"},"breadcrumb":{"@id":"https:\/\/kinaikaleidoszkop.hu\/index.php\/2023\/03\/13\/hszi-csin-ping-az-embereket-kell-az-elso-helyre-helyezni-a-kinai-nemzet-megfiatalitasanak-uj-utjan\/#breadcrumb"},"inLanguage":"hu","potentialAction":[{"@type":"ReadAction","target":["https:\/\/kinaikaleidoszkop.hu\/index.php\/2023\/03\/13\/hszi-csin-ping-az-embereket-kell-az-elso-helyre-helyezni-a-kinai-nemzet-megfiatalitasanak-uj-utjan\/"]}]},{"@type":"ImageObject","inLanguage":"hu","@id":"https:\/\/kinaikaleidoszkop.hu\/index.php\/2023\/03\/13\/hszi-csin-ping-az-embereket-kell-az-elso-helyre-helyezni-a-kinai-nemzet-megfiatalitasanak-uj-utjan\/#primaryimage","url":"https:\/\/kinaikaleidoszkop.hu\/wp-content\/uploads\/2023\/03\/777.png","contentUrl":"https:\/\/kinaikaleidoszkop.hu\/wp-content\/uploads\/2023\/03\/777.png","width":600,"height":338},{"@type":"BreadcrumbList","@id":"https:\/\/kinaikaleidoszkop.hu\/index.php\/2023\/03\/13\/hszi-csin-ping-az-embereket-kell-az-elso-helyre-helyezni-a-kinai-nemzet-megfiatalitasanak-uj-utjan\/#breadcrumb","itemListElement":[{"@type":"ListItem","position":1,"name":"Kezd\u0151lap","item":"https:\/\/kinaikaleidoszkop.hu\/"},{"@type":"ListItem","position":2,"name":"Hszi Csin-ping: Az embereket kell az els\u0151 helyre helyezni a k\u00ednai nemzet megfiatal\u00edt\u00e1s\u00e1nak \u00faj \u00fatj\u00e1n"}]},{"@type":"WebSite","@id":"https:\/\/kinaikaleidoszkop.hu\/#website","url":"https:\/\/kinaikaleidoszkop.hu\/","name":"kinaikaleidoszkop.hu","description":"","potentialAction":[{"@type":"SearchAction","target":{"@type":"EntryPoint","urlTemplate":"https:\/\/kinaikaleidoszkop.hu\/?s={search_term_string}"},"query-input":{"@type":"PropertyValueSpecification","valueRequired":true,"valueName":"search_term_string"}}],"inLanguage":"hu"},{"@type":"Person","@id":"https:\/\/kinaikaleidoszkop.hu\/#\/schema\/person\/b9e2febe742edd540c1197716ec02bf7","name":"admin-szabolcs","image":{"@type":"ImageObject","inLanguage":"hu","@id":"https:\/\/kinaikaleidoszkop.hu\/#\/schema\/person\/image\/","url":"https:\/\/secure.gravatar.com\/avatar\/154f262492794df2a6cb5d5349227b18ef8f85ab462fbb32625fc42406483d21?s=96&d=mm&r=g","contentUrl":"https:\/\/secure.gravatar.com\/avatar\/154f262492794df2a6cb5d5349227b18ef8f85ab462fbb32625fc42406483d21?s=96&d=mm&r=g","caption":"admin-szabolcs"},"url":"https:\/\/kinaikaleidoszkop.hu\/index.php\/author\/admin-szabolcs\/"}]}},"views":218,"distributor_meta":false,"distributor_terms":false,"distributor_media":false,"distributor_original_site_name":"kinaikaleidoszkop.hu","distributor_original_site_url":"https:\/\/kinaikaleidoszkop.hu","push-errors":false,"_links":{"self":[{"href":"https:\/\/kinaikaleidoszkop.hu\/index.php\/wp-json\/wp\/v2\/posts\/16672","targetHints":{"allow":["GET"]}}],"collection":[{"href":"https:\/\/kinaikaleidoszkop.hu\/index.php\/wp-json\/wp\/v2\/posts"}],"about":[{"href":"https:\/\/kinaikaleidoszkop.hu\/index.php\/wp-json\/wp\/v2\/types\/post"}],"author":[{"embeddable":true,"href":"https:\/\/kinaikaleidoszkop.hu\/index.php\/wp-json\/wp\/v2\/users\/2"}],"replies":[{"embeddable":true,"href":"https:\/\/kinaikaleidoszkop.hu\/index.php\/wp-json\/wp\/v2\/comments?post=16672"}],"version-history":[{"count":1,"href":"https:\/\/kinaikaleidoszkop.hu\/index.php\/wp-json\/wp\/v2\/posts\/16672\/revisions"}],"predecessor-version":[{"id":16687,"href":"https:\/\/kinaikaleidoszkop.hu\/index.php\/wp-json\/wp\/v2\/posts\/16672\/revisions\/16687"}],"wp:featuredmedia":[{"embeddable":true,"href":"https:\/\/kinaikaleidoszkop.hu\/index.php\/wp-json\/wp\/v2\/media\/16675"}],"wp:attachment":[{"href":"https:\/\/kinaikaleidoszkop.hu\/index.php\/wp-json\/wp\/v2\/media?parent=16672"}],"wp:term":[{"taxonomy":"category","embeddable":true,"href":"https:\/\/kinaikaleidoszkop.hu\/index.php\/wp-json\/wp\/v2\/categories?post=16672"},{"taxonomy":"post_tag","embeddable":true,"href":"https:\/\/kinaikaleidoszkop.hu\/index.php\/wp-json\/wp\/v2\/tags?post=16672"}],"curies":[{"name":"wp","href":"https:\/\/api.w.org\/{rel}","templated":true}]}}