{"id":16698,"date":"2023-03-16T10:46:12","date_gmt":"2023-03-16T09:46:12","guid":{"rendered":"https:\/\/kinaikaleidoszkop.hu\/?p=16698"},"modified":"2023-03-16T10:48:09","modified_gmt":"2023-03-16T09:48:09","slug":"etelfutar-mentette-meg-a-fiatal-not-az-ongyilkossagtol","status":"publish","type":"post","link":"https:\/\/kinaikaleidoszkop.hu\/index.php\/2023\/03\/16\/etelfutar-mentette-meg-a-fiatal-not-az-ongyilkossagtol\/","title":{"rendered":"\u00c9telfut\u00e1r mentette meg a fiatal n\u0151t az \u00f6ngyilkoss\u00e1gt\u00f3l"},"content":{"rendered":"\n<p><strong>A CCTV News tud\u00f3s\u00edt\u00e1sa szerint egy k\u00e9zbes\u00edt\u0151t a Zhejiang tartom\u00e1ny Hangzhou v\u00e1ros\u00e1ban kit\u00fcntettek h\u0151sies tettei\u00e9rt, miut\u00e1n a m\u00falt h\u00e9ten megmentett egy fiatal n\u0151t az \u00f6ngyilkoss\u00e1gi k\u00eds\u00e9rlett\u0151l.<\/strong><\/p>\n\n\n\n<figure class=\"wp-block-image size-large is-resized\"><img loading=\"lazy\" decoding=\"async\" src=\"https:\/\/kinaikaleidoszkop.hu\/wp-content\/uploads\/2023\/03\/pexels-mart-production-7706585-1024x682.jpg\" alt=\"\" class=\"wp-image-16700\" width=\"518\" height=\"344\" srcset=\"https:\/\/kinaikaleidoszkop.hu\/wp-content\/uploads\/2023\/03\/pexels-mart-production-7706585-1024x682.jpg 1024w, https:\/\/kinaikaleidoszkop.hu\/wp-content\/uploads\/2023\/03\/pexels-mart-production-7706585-300x200.jpg 300w, https:\/\/kinaikaleidoszkop.hu\/wp-content\/uploads\/2023\/03\/pexels-mart-production-7706585-768x512.jpg 768w, https:\/\/kinaikaleidoszkop.hu\/wp-content\/uploads\/2023\/03\/pexels-mart-production-7706585-414x276.jpg 414w, https:\/\/kinaikaleidoszkop.hu\/wp-content\/uploads\/2023\/03\/pexels-mart-production-7706585-470x313.jpg 470w, https:\/\/kinaikaleidoszkop.hu\/wp-content\/uploads\/2023\/03\/pexels-mart-production-7706585-640x426.jpg 640w, https:\/\/kinaikaleidoszkop.hu\/wp-content\/uploads\/2023\/03\/pexels-mart-production-7706585-130x86.jpg 130w, https:\/\/kinaikaleidoszkop.hu\/wp-content\/uploads\/2023\/03\/pexels-mart-production-7706585-187x124.jpg 187w, https:\/\/kinaikaleidoszkop.hu\/wp-content\/uploads\/2023\/03\/pexels-mart-production-7706585-990x660.jpg 990w, https:\/\/kinaikaleidoszkop.hu\/wp-content\/uploads\/2023\/03\/pexels-mart-production-7706585.jpg 1280w\" sizes=\"auto, (max-width: 518px) 100vw, 518px\" \/><figcaption class=\"wp-element-caption\">K\u00e9p illusztr\u00e1ci\u00f3<\/figcaption><\/figure>\n\n\n\n<p>A 31 \u00e9ves Anhui tartom\u00e1nyb\u00f3l sz\u00e1rmaz\u00f3 Zheng Hui m\u00e1rcius 6-\u00e1n felh\u00edvta a helyi rend\u0151rs\u00e9get Hangcsouban, miut\u00e1n h\u00e1rom egym\u00e1st k\u00f6vet\u0151 parancsot adott ki \u2013 minden alkoholos italt \u2013 egy n\u0151nek, akir\u0151l k\u00e9s\u0151bb meg\u00e1llap\u00edtotta, hogy \u00e9rzelmileg instabil.<\/p>\n\n\n\n<p>&#8220;Hallottam, hogy az \u00fczlet tulajdonosa azt mondta, ez volt a harmadik alkalom, hogy egy n\u0151 alkoholos italokat rendelt azon az \u00e9jszak\u00e1n&#8221; &#8211; eml\u00e9kezett vissza Zheng abb\u00f3l a pillanatb\u00f3l, amikor felvette a rendel\u00e9st egy szupermarketben.<\/p>\n\n\n\n<p>Amikor \u00e1tadta a rendel\u00e9st a n\u0151 ajtaj\u00e1ban, \u00e9szrevette, hogy a n\u0151 szomor\u00fanak t\u0171nik. \u2013 Alkoholszag volt, k\u00f6nnyes arccal nyitott ajt\u00f3t. Cseng el\u0151sz\u00f6r sz\u00f3 n\u00e9lk\u00fcl t\u00e1vozott, mivel \u00fagy gondolta, nem udvarias megk\u00e9rdezni egy idegent\u0151l, hogy mi t\u00f6rt\u00e9nt. Azonban tov\u00e1bbra is er\u0151sen \u00e9rezte, hogy valami nem stimmel a n\u0151vel. Ez\u00e9rt k\u00fcld\u00f6tt neki egy \u00fczenetet, hogy minden rendben van-e. Azt\u00e1n v\u00e1lasza idegess\u00e9 tette Zhenget. &#8220;Nincs minden rendben. Nem akarok tov\u00e1bb \u00e9lni&#8221; &#8211; v\u00e1laszolta a n\u0151.<\/p>\n\n\n\n<p>Miut\u00e1n r\u00e1j\u00f6tt, hogy a n\u0151 \u00f6ngyilkoss\u00e1got k\u00f6vethet el, Zheng azonnal h\u00edvta a rend\u0151rs\u00e9get. A rend\u0151r\u00f6k gyorsan ki\u00e9rkeztek, \u00e9s meg\u00e1llap\u00edtott\u00e1k, hogy a n\u0151 labilis lelki\u00e1llapotban volt. T\u00fcrelmes besz\u00e9lget\u00e9s ut\u00e1n fokozatosan megnyugodott. Egy kudarcba fulladt kapcsolat miatt akart v\u00e9get vetni \u00e9let\u00e9nek, \u00e9s Zhengnek k\u00f6sz\u00f6nhet\u0151en megmentett\u00e9k az \u00e9let\u00e9t.<\/p>\n\n\n\n<p>A n\u0151 k\u00e9s\u0151bb h\u00e1l\u00e1j\u00e1t fejezte ki Zhengnek \u00e9s a rend\u0151r\u00f6knek. \u2013 A kedvess\u00e9ged megmelengette a sz\u00edvem \u2013 mondta.<\/p>\n\n\n\n<p>A cikk szerint Zheng az \u00e9lelmiszer sz\u00e1ll\u00edt\u00e1sa mellett \u00f6nk\u00e9ntesk\u00e9nt is seg\u00edt a helyi rend\u0151rs\u00e9gnek a v\u00e1ros biztons\u00e1g\u00e1nak meg\u0151rz\u00e9s\u00e9ben.<\/p>\n\n\n\n<p><em>(Van seg\u00edts\u00e9g! Ingyenes, anonim, a nap 24 \u00f3r\u00e1j\u00e1ban h\u00edvhat\u00f3 lelki els\u0151seg\u00e9ly-szolg\u00e1lat v\u00e1rja a h\u00edv\u00e1sokat a 116-123 \u00e9s 06-80-810-600 telefonsz\u00e1mon. Ha \u00f6ngyilkoss\u00e1gi gondolatai vannak, k\u00e9rj\u00fck, olvassa el&nbsp;<a href=\"https:\/\/ongyilkossagmegelozes.hu\/mit-tegyek-ha-ongyilkossagi-gondolataim-vannak\/\" target=\"_blank\" rel=\"noreferrer noopener\">ezt az oldalt<\/a>, miel\u0151tt k\u00e1rt tenne mag\u00e1ban. Ha m\u00e1svalaki\u00e9rt agg\u00f3dik,<a href=\"https:\/\/ongyilkossagmegelozes.hu\/aggodok-valakiert\/\" target=\"_blank\" rel=\"noreferrer noopener\">ezen az oldalon<\/a>&nbsp;tal\u00e1l tan\u00e1csokat, mit tud tenni.)<\/em><\/p>\n\n\n\n<p><strong><em>2023. M\u00e1rcius 16.<\/em><\/strong><\/p>\n\n\n\n<p><strong>(ChinaDaily.com)<\/strong><\/p>\n","protected":false},"excerpt":{"rendered":"<p>A CCTV News tud\u00f3s\u00edt\u00e1sa szerint egy k\u00e9zbes\u00edt\u0151t a Zhejiang tartom\u00e1ny Hangzhou v\u00e1ros\u00e1ban kit\u00fcntettek h\u0151sies tettei\u00e9rt, miut\u00e1n a m\u00falt h\u00e9ten megmentett egy fiatal n\u0151t az \u00f6ngyilkoss\u00e1gi k\u00eds\u00e9rlett\u0151l. A 31 \u00e9ves Anhui tartom\u00e1nyb\u00f3l sz\u00e1rmaz\u00f3 Zheng Hui m\u00e1rcius 6-\u00e1n felh\u00edvta a helyi rend\u0151rs\u00e9get Hangcsouban, miut\u00e1n h\u00e1rom egym\u00e1st k\u00f6vet\u0151 parancsot adott ki \u2013 minden alkoholos italt \u2013 egy n\u0151nek, [&hellip;]<\/p>\n","protected":false},"author":8,"featured_media":16700,"comment_status":"closed","ping_status":"closed","sticky":false,"template":"","format":"standard","meta":{"footnotes":""},"categories":[45],"tags":[2126,2127,1094],"class_list":["post-16698","post","type-post","status-publish","format-standard","has-post-thumbnail","hentry","category-hirek","tag-futar","tag-ongyilkossag","tag-segitseg"],"yoast_head":"<!-- This site is optimized with the Yoast SEO plugin v23.7 - https:\/\/yoast.com\/wordpress\/plugins\/seo\/ -->\n<title>\u00c9telfut\u00e1r mentette meg a fiatal n\u0151t az \u00f6ngyilkoss\u00e1gt\u00f3l - kinaikaleidoszkop.hu<\/title>\n<meta name=\"robots\" content=\"index, follow, max-snippet:-1, max-image-preview:large, max-video-preview:-1\" \/>\n<link rel=\"canonical\" href=\"https:\/\/kinaikaleidoszkop.hu\/index.php\/2023\/03\/16\/etelfutar-mentette-meg-a-fiatal-not-az-ongyilkossagtol\/\" \/>\n<meta property=\"og:locale\" content=\"hu_HU\" \/>\n<meta property=\"og:type\" content=\"article\" \/>\n<meta property=\"og:title\" content=\"\u00c9telfut\u00e1r mentette meg a fiatal n\u0151t az \u00f6ngyilkoss\u00e1gt\u00f3l - kinaikaleidoszkop.hu\" \/>\n<meta property=\"og:description\" content=\"A CCTV News tud\u00f3s\u00edt\u00e1sa szerint egy k\u00e9zbes\u00edt\u0151t a Zhejiang tartom\u00e1ny Hangzhou v\u00e1ros\u00e1ban kit\u00fcntettek h\u0151sies tettei\u00e9rt, miut\u00e1n a m\u00falt h\u00e9ten megmentett egy fiatal n\u0151t az \u00f6ngyilkoss\u00e1gi k\u00eds\u00e9rlett\u0151l. A 31 \u00e9ves Anhui tartom\u00e1nyb\u00f3l sz\u00e1rmaz\u00f3 Zheng Hui m\u00e1rcius 6-\u00e1n felh\u00edvta a helyi rend\u0151rs\u00e9get Hangcsouban, miut\u00e1n h\u00e1rom egym\u00e1st k\u00f6vet\u0151 parancsot adott ki \u2013 minden alkoholos italt \u2013 egy n\u0151nek, [&hellip;]\" \/>\n<meta property=\"og:url\" content=\"https:\/\/kinaikaleidoszkop.hu\/index.php\/2023\/03\/16\/etelfutar-mentette-meg-a-fiatal-not-az-ongyilkossagtol\/\" \/>\n<meta property=\"og:site_name\" content=\"kinaikaleidoszkop.hu\" \/>\n<meta property=\"article:published_time\" content=\"2023-03-16T09:46:12+00:00\" \/>\n<meta property=\"article:modified_time\" content=\"2023-03-16T09:48:09+00:00\" \/>\n<meta property=\"og:image\" content=\"https:\/\/kinaikaleidoszkop.hu\/wp-content\/uploads\/2023\/03\/pexels-mart-production-7706585.jpg\" \/>\n\t<meta property=\"og:image:width\" content=\"1280\" \/>\n\t<meta property=\"og:image:height\" content=\"853\" \/>\n\t<meta property=\"og:image:type\" content=\"image\/jpeg\" \/>\n<meta name=\"author\" content=\"szerk01\" \/>\n<meta name=\"twitter:card\" content=\"summary_large_image\" \/>\n<meta name=\"twitter:label1\" content=\"Szerz\u0151:\" \/>\n\t<meta name=\"twitter:data1\" content=\"szerk01\" \/>\n\t<meta name=\"twitter:label2\" content=\"Becs\u00fclt olvas\u00e1si id\u0151\" \/>\n\t<meta name=\"twitter:data2\" content=\"2 perc\" \/>\n<script type=\"application\/ld+json\" class=\"yoast-schema-graph\">{\"@context\":\"https:\/\/schema.org\",\"@graph\":[{\"@type\":\"WebPage\",\"@id\":\"https:\/\/kinaikaleidoszkop.hu\/index.php\/2023\/03\/16\/etelfutar-mentette-meg-a-fiatal-not-az-ongyilkossagtol\/\",\"url\":\"https:\/\/kinaikaleidoszkop.hu\/index.php\/2023\/03\/16\/etelfutar-mentette-meg-a-fiatal-not-az-ongyilkossagtol\/\",\"name\":\"\u00c9telfut\u00e1r mentette meg a fiatal n\u0151t az \u00f6ngyilkoss\u00e1gt\u00f3l - kinaikaleidoszkop.hu\",\"isPartOf\":{\"@id\":\"https:\/\/kinaikaleidoszkop.hu\/#website\"},\"primaryImageOfPage\":{\"@id\":\"https:\/\/kinaikaleidoszkop.hu\/index.php\/2023\/03\/16\/etelfutar-mentette-meg-a-fiatal-not-az-ongyilkossagtol\/#primaryimage\"},\"image\":{\"@id\":\"https:\/\/kinaikaleidoszkop.hu\/index.php\/2023\/03\/16\/etelfutar-mentette-meg-a-fiatal-not-az-ongyilkossagtol\/#primaryimage\"},\"thumbnailUrl\":\"https:\/\/kinaikaleidoszkop.hu\/wp-content\/uploads\/2023\/03\/pexels-mart-production-7706585.jpg\",\"datePublished\":\"2023-03-16T09:46:12+00:00\",\"dateModified\":\"2023-03-16T09:48:09+00:00\",\"author\":{\"@id\":\"https:\/\/kinaikaleidoszkop.hu\/#\/schema\/person\/cf38b01b34e88459ab98b1c7c13b629d\"},\"breadcrumb\":{\"@id\":\"https:\/\/kinaikaleidoszkop.hu\/index.php\/2023\/03\/16\/etelfutar-mentette-meg-a-fiatal-not-az-ongyilkossagtol\/#breadcrumb\"},\"inLanguage\":\"hu\",\"potentialAction\":[{\"@type\":\"ReadAction\",\"target\":[\"https:\/\/kinaikaleidoszkop.hu\/index.php\/2023\/03\/16\/etelfutar-mentette-meg-a-fiatal-not-az-ongyilkossagtol\/\"]}]},{\"@type\":\"ImageObject\",\"inLanguage\":\"hu\",\"@id\":\"https:\/\/kinaikaleidoszkop.hu\/index.php\/2023\/03\/16\/etelfutar-mentette-meg-a-fiatal-not-az-ongyilkossagtol\/#primaryimage\",\"url\":\"https:\/\/kinaikaleidoszkop.hu\/wp-content\/uploads\/2023\/03\/pexels-mart-production-7706585.jpg\",\"contentUrl\":\"https:\/\/kinaikaleidoszkop.hu\/wp-content\/uploads\/2023\/03\/pexels-mart-production-7706585.jpg\",\"width\":1280,\"height\":853},{\"@type\":\"BreadcrumbList\",\"@id\":\"https:\/\/kinaikaleidoszkop.hu\/index.php\/2023\/03\/16\/etelfutar-mentette-meg-a-fiatal-not-az-ongyilkossagtol\/#breadcrumb\",\"itemListElement\":[{\"@type\":\"ListItem\",\"position\":1,\"name\":\"Kezd\u0151lap\",\"item\":\"https:\/\/kinaikaleidoszkop.hu\/\"},{\"@type\":\"ListItem\",\"position\":2,\"name\":\"\u00c9telfut\u00e1r mentette meg a fiatal n\u0151t az \u00f6ngyilkoss\u00e1gt\u00f3l\"}]},{\"@type\":\"WebSite\",\"@id\":\"https:\/\/kinaikaleidoszkop.hu\/#website\",\"url\":\"https:\/\/kinaikaleidoszkop.hu\/\",\"name\":\"kinaikaleidoszkop.hu\",\"description\":\"\",\"potentialAction\":[{\"@type\":\"SearchAction\",\"target\":{\"@type\":\"EntryPoint\",\"urlTemplate\":\"https:\/\/kinaikaleidoszkop.hu\/?s={search_term_string}\"},\"query-input\":{\"@type\":\"PropertyValueSpecification\",\"valueRequired\":true,\"valueName\":\"search_term_string\"}}],\"inLanguage\":\"hu\"},{\"@type\":\"Person\",\"@id\":\"https:\/\/kinaikaleidoszkop.hu\/#\/schema\/person\/cf38b01b34e88459ab98b1c7c13b629d\",\"name\":\"szerk01\",\"image\":{\"@type\":\"ImageObject\",\"inLanguage\":\"hu\",\"@id\":\"https:\/\/kinaikaleidoszkop.hu\/#\/schema\/person\/image\/\",\"url\":\"https:\/\/secure.gravatar.com\/avatar\/7afb4741ac3b72a4d9d543b2bcdfe4b1b3ddc4fefd4ab8f732b518bc7528877c?s=96&d=mm&r=g\",\"contentUrl\":\"https:\/\/secure.gravatar.com\/avatar\/7afb4741ac3b72a4d9d543b2bcdfe4b1b3ddc4fefd4ab8f732b518bc7528877c?s=96&d=mm&r=g\",\"caption\":\"szerk01\"},\"url\":\"https:\/\/kinaikaleidoszkop.hu\/index.php\/author\/szerk01\/\"}]}<\/script>\n<!-- \/ Yoast SEO plugin. -->","yoast_head_json":{"title":"\u00c9telfut\u00e1r mentette meg a fiatal n\u0151t az \u00f6ngyilkoss\u00e1gt\u00f3l - kinaikaleidoszkop.hu","robots":{"index":"index","follow":"follow","max-snippet":"max-snippet:-1","max-image-preview":"max-image-preview:large","max-video-preview":"max-video-preview:-1"},"canonical":"https:\/\/kinaikaleidoszkop.hu\/index.php\/2023\/03\/16\/etelfutar-mentette-meg-a-fiatal-not-az-ongyilkossagtol\/","og_locale":"hu_HU","og_type":"article","og_title":"\u00c9telfut\u00e1r mentette meg a fiatal n\u0151t az \u00f6ngyilkoss\u00e1gt\u00f3l - kinaikaleidoszkop.hu","og_description":"A CCTV News tud\u00f3s\u00edt\u00e1sa szerint egy k\u00e9zbes\u00edt\u0151t a Zhejiang tartom\u00e1ny Hangzhou v\u00e1ros\u00e1ban kit\u00fcntettek h\u0151sies tettei\u00e9rt, miut\u00e1n a m\u00falt h\u00e9ten megmentett egy fiatal n\u0151t az \u00f6ngyilkoss\u00e1gi k\u00eds\u00e9rlett\u0151l. A 31 \u00e9ves Anhui tartom\u00e1nyb\u00f3l sz\u00e1rmaz\u00f3 Zheng Hui m\u00e1rcius 6-\u00e1n felh\u00edvta a helyi rend\u0151rs\u00e9get Hangcsouban, miut\u00e1n h\u00e1rom egym\u00e1st k\u00f6vet\u0151 parancsot adott ki \u2013 minden alkoholos italt \u2013 egy n\u0151nek, [&hellip;]","og_url":"https:\/\/kinaikaleidoszkop.hu\/index.php\/2023\/03\/16\/etelfutar-mentette-meg-a-fiatal-not-az-ongyilkossagtol\/","og_site_name":"kinaikaleidoszkop.hu","article_published_time":"2023-03-16T09:46:12+00:00","article_modified_time":"2023-03-16T09:48:09+00:00","og_image":[{"width":1280,"height":853,"url":"https:\/\/kinaikaleidoszkop.hu\/wp-content\/uploads\/2023\/03\/pexels-mart-production-7706585.jpg","type":"image\/jpeg"}],"author":"szerk01","twitter_card":"summary_large_image","twitter_misc":{"Szerz\u0151:":"szerk01","Becs\u00fclt olvas\u00e1si id\u0151":"2 perc"},"schema":{"@context":"https:\/\/schema.org","@graph":[{"@type":"WebPage","@id":"https:\/\/kinaikaleidoszkop.hu\/index.php\/2023\/03\/16\/etelfutar-mentette-meg-a-fiatal-not-az-ongyilkossagtol\/","url":"https:\/\/kinaikaleidoszkop.hu\/index.php\/2023\/03\/16\/etelfutar-mentette-meg-a-fiatal-not-az-ongyilkossagtol\/","name":"\u00c9telfut\u00e1r mentette meg a fiatal n\u0151t az \u00f6ngyilkoss\u00e1gt\u00f3l - kinaikaleidoszkop.hu","isPartOf":{"@id":"https:\/\/kinaikaleidoszkop.hu\/#website"},"primaryImageOfPage":{"@id":"https:\/\/kinaikaleidoszkop.hu\/index.php\/2023\/03\/16\/etelfutar-mentette-meg-a-fiatal-not-az-ongyilkossagtol\/#primaryimage"},"image":{"@id":"https:\/\/kinaikaleidoszkop.hu\/index.php\/2023\/03\/16\/etelfutar-mentette-meg-a-fiatal-not-az-ongyilkossagtol\/#primaryimage"},"thumbnailUrl":"https:\/\/kinaikaleidoszkop.hu\/wp-content\/uploads\/2023\/03\/pexels-mart-production-7706585.jpg","datePublished":"2023-03-16T09:46:12+00:00","dateModified":"2023-03-16T09:48:09+00:00","author":{"@id":"https:\/\/kinaikaleidoszkop.hu\/#\/schema\/person\/cf38b01b34e88459ab98b1c7c13b629d"},"breadcrumb":{"@id":"https:\/\/kinaikaleidoszkop.hu\/index.php\/2023\/03\/16\/etelfutar-mentette-meg-a-fiatal-not-az-ongyilkossagtol\/#breadcrumb"},"inLanguage":"hu","potentialAction":[{"@type":"ReadAction","target":["https:\/\/kinaikaleidoszkop.hu\/index.php\/2023\/03\/16\/etelfutar-mentette-meg-a-fiatal-not-az-ongyilkossagtol\/"]}]},{"@type":"ImageObject","inLanguage":"hu","@id":"https:\/\/kinaikaleidoszkop.hu\/index.php\/2023\/03\/16\/etelfutar-mentette-meg-a-fiatal-not-az-ongyilkossagtol\/#primaryimage","url":"https:\/\/kinaikaleidoszkop.hu\/wp-content\/uploads\/2023\/03\/pexels-mart-production-7706585.jpg","contentUrl":"https:\/\/kinaikaleidoszkop.hu\/wp-content\/uploads\/2023\/03\/pexels-mart-production-7706585.jpg","width":1280,"height":853},{"@type":"BreadcrumbList","@id":"https:\/\/kinaikaleidoszkop.hu\/index.php\/2023\/03\/16\/etelfutar-mentette-meg-a-fiatal-not-az-ongyilkossagtol\/#breadcrumb","itemListElement":[{"@type":"ListItem","position":1,"name":"Kezd\u0151lap","item":"https:\/\/kinaikaleidoszkop.hu\/"},{"@type":"ListItem","position":2,"name":"\u00c9telfut\u00e1r mentette meg a fiatal n\u0151t az \u00f6ngyilkoss\u00e1gt\u00f3l"}]},{"@type":"WebSite","@id":"https:\/\/kinaikaleidoszkop.hu\/#website","url":"https:\/\/kinaikaleidoszkop.hu\/","name":"kinaikaleidoszkop.hu","description":"","potentialAction":[{"@type":"SearchAction","target":{"@type":"EntryPoint","urlTemplate":"https:\/\/kinaikaleidoszkop.hu\/?s={search_term_string}"},"query-input":{"@type":"PropertyValueSpecification","valueRequired":true,"valueName":"search_term_string"}}],"inLanguage":"hu"},{"@type":"Person","@id":"https:\/\/kinaikaleidoszkop.hu\/#\/schema\/person\/cf38b01b34e88459ab98b1c7c13b629d","name":"szerk01","image":{"@type":"ImageObject","inLanguage":"hu","@id":"https:\/\/kinaikaleidoszkop.hu\/#\/schema\/person\/image\/","url":"https:\/\/secure.gravatar.com\/avatar\/7afb4741ac3b72a4d9d543b2bcdfe4b1b3ddc4fefd4ab8f732b518bc7528877c?s=96&d=mm&r=g","contentUrl":"https:\/\/secure.gravatar.com\/avatar\/7afb4741ac3b72a4d9d543b2bcdfe4b1b3ddc4fefd4ab8f732b518bc7528877c?s=96&d=mm&r=g","caption":"szerk01"},"url":"https:\/\/kinaikaleidoszkop.hu\/index.php\/author\/szerk01\/"}]}},"views":268,"distributor_meta":false,"distributor_terms":false,"distributor_media":false,"distributor_original_site_name":"kinaikaleidoszkop.hu","distributor_original_site_url":"https:\/\/kinaikaleidoszkop.hu","push-errors":false,"_links":{"self":[{"href":"https:\/\/kinaikaleidoszkop.hu\/index.php\/wp-json\/wp\/v2\/posts\/16698","targetHints":{"allow":["GET"]}}],"collection":[{"href":"https:\/\/kinaikaleidoszkop.hu\/index.php\/wp-json\/wp\/v2\/posts"}],"about":[{"href":"https:\/\/kinaikaleidoszkop.hu\/index.php\/wp-json\/wp\/v2\/types\/post"}],"author":[{"embeddable":true,"href":"https:\/\/kinaikaleidoszkop.hu\/index.php\/wp-json\/wp\/v2\/users\/8"}],"replies":[{"embeddable":true,"href":"https:\/\/kinaikaleidoszkop.hu\/index.php\/wp-json\/wp\/v2\/comments?post=16698"}],"version-history":[{"count":3,"href":"https:\/\/kinaikaleidoszkop.hu\/index.php\/wp-json\/wp\/v2\/posts\/16698\/revisions"}],"predecessor-version":[{"id":16703,"href":"https:\/\/kinaikaleidoszkop.hu\/index.php\/wp-json\/wp\/v2\/posts\/16698\/revisions\/16703"}],"wp:featuredmedia":[{"embeddable":true,"href":"https:\/\/kinaikaleidoszkop.hu\/index.php\/wp-json\/wp\/v2\/media\/16700"}],"wp:attachment":[{"href":"https:\/\/kinaikaleidoszkop.hu\/index.php\/wp-json\/wp\/v2\/media?parent=16698"}],"wp:term":[{"taxonomy":"category","embeddable":true,"href":"https:\/\/kinaikaleidoszkop.hu\/index.php\/wp-json\/wp\/v2\/categories?post=16698"},{"taxonomy":"post_tag","embeddable":true,"href":"https:\/\/kinaikaleidoszkop.hu\/index.php\/wp-json\/wp\/v2\/tags?post=16698"}],"curies":[{"name":"wp","href":"https:\/\/api.w.org\/{rel}","templated":true}]}}