{"id":16704,"date":"2023-03-16T12:24:06","date_gmt":"2023-03-16T11:24:06","guid":{"rendered":"https:\/\/kinaikaleidoszkop.hu\/?p=16704"},"modified":"2023-03-16T12:25:56","modified_gmt":"2023-03-16T11:25:56","slug":"kinaban-bovult-a-kiskereskedelmi-forgalom-nott-az-ipari-termeles-emelkedett-a-munkanelkuliseg-februarban","status":"publish","type":"post","link":"https:\/\/kinaikaleidoszkop.hu\/index.php\/2023\/03\/16\/kinaban-bovult-a-kiskereskedelmi-forgalom-nott-az-ipari-termeles-emelkedett-a-munkanelkuliseg-februarban\/","title":{"rendered":"K\u00edn\u00e1ban b\u0151v\u00fclt a kiskereskedelmi forgalom, n\u0151tt az ipari termel\u00e9s, emelkedett a munkan\u00e9lk\u00fclis\u00e9g febru\u00e1rban"},"content":{"rendered":"\n<p class=\"wp-block-paragraph\"><strong>K\u00edn\u00e1ban b\u0151v\u00fclt a kiskereskedelmi forgalom febru\u00e1rban, n\u0151tt az ipari termel\u00e9s, \u00e9s emelkedett a munkan\u00e9lk\u00fclis\u00e9g &#8211; \u00e1ll a k\u00ednai statisztikai hivatal szerd\u00e1n ismertetett jelent\u00e9s\u00e9ben.<\/strong><\/p>\n\n\n\n<p class=\"wp-block-paragraph\">&nbsp;A k\u00ednai kiskereskedelmi forgalom n\u00e9gy h\u00f3nap cs\u00f6kken\u00e9s ut\u00e1n febru\u00e1rban m\u00e1r n\u0151tt. A kiskereskedelmi forgalom az elemz\u0151i v\u00e1rakoz\u00e1soknak megfelel\u0151en 3,5 sz\u00e1zal\u00e9kkal b\u0151v\u00fclt \u00e9ves szinten febru\u00e1rban a janu\u00e1ri 1,8 sz\u00e1zal\u00e9k cs\u00f6kken\u00e9s ut\u00e1n.&nbsp;<\/p>\n\n\n\n<p class=\"wp-block-paragraph\">Ugyancsak szerd\u00e1n ismertett\u00e9k, hogy a k\u00ednai ipari termel\u00e9s 2,4 sz\u00e1zal\u00e9kkal n\u0151tt febru\u00e1rban tavaly febru\u00e1rhoz k\u00e9pest, ami ugyan minim\u00e1lisan elmarad az elemz\u0151i v\u00e1rakoz\u00e1sok \u00e1tlag\u00e1ban szerepelt 2,6 sz\u00e1zal\u00e9kt\u00f3l, de fel\u00fclm\u00falta a janu\u00e1ri 1,3 sz\u00e1zal\u00e9k b\u0151v\u00fcl\u00e9st.<\/p>\n\n\n\n<p class=\"wp-block-paragraph\">K\u00edna kiskereskedelmi forgalma 0,2 sz\u00e1zal\u00e9kkal cs\u00f6kkent, az ipari termel\u00e9se 3,6 sz\u00e1zal\u00e9kkal n\u0151tt tavaly.<\/p>\n\n\n\n<p class=\"wp-block-paragraph\">A statisztikai hivatal kimutat\u00e1sa szerint febru\u00e1rban 5,6 sz\u00e1zal\u00e9kra emelkedett a munkan\u00e9lk\u00fclis\u00e9g az orsz\u00e1gban az egy h\u00f3nappal kor\u00e1bbi 5,5 sz\u00e1zal\u00e9kr\u00f3l.<\/p>\n\n\n\n<p class=\"wp-block-paragraph\"><strong><em>2023.M\u00e1rcius 16.<\/em><\/strong><\/p>\n\n\n\n<p class=\"wp-block-paragraph\"><strong>(MTI)<\/strong><\/p>\n","protected":false},"excerpt":{"rendered":"<p>K\u00edn\u00e1ban b\u0151v\u00fclt a kiskereskedelmi forgalom febru\u00e1rban, n\u0151tt az ipari termel\u00e9s, \u00e9s emelkedett a munkan\u00e9lk\u00fclis\u00e9g &#8211; \u00e1ll a k\u00ednai statisztikai hivatal szerd\u00e1n ismertetett jelent\u00e9s\u00e9ben. &nbsp;A k\u00ednai kiskereskedelmi forgalom n\u00e9gy h\u00f3nap cs\u00f6kken\u00e9s ut\u00e1n febru\u00e1rban m\u00e1r n\u0151tt. A kiskereskedelmi forgalom az elemz\u0151i v\u00e1rakoz\u00e1soknak megfelel\u0151en 3,5 sz\u00e1zal\u00e9kkal b\u0151v\u00fclt \u00e9ves szinten febru\u00e1rban a janu\u00e1ri 1,8 sz\u00e1zal\u00e9k cs\u00f6kken\u00e9s ut\u00e1n.&nbsp; Ugyancsak szerd\u00e1n [&hellip;]<\/p>\n","protected":false},"author":8,"featured_media":16607,"comment_status":"closed","ping_status":"closed","sticky":false,"template":"","format":"standard","meta":{"footnotes":""},"categories":[45],"tags":[66,711,1274,1298],"class_list":["post-16704","post","type-post","status-publish","format-standard","has-post-thumbnail","hentry","category-hirek","tag-gazdasag","tag-kinai-statisztikai-hivatal","tag-munkanelkuliseg","tag-termeles"],"yoast_head":"<!-- This site is optimized with the Yoast SEO plugin v23.7 - https:\/\/yoast.com\/wordpress\/plugins\/seo\/ -->\n<title>K\u00edn\u00e1ban b\u0151v\u00fclt a kiskereskedelmi forgalom, n\u0151tt az ipari termel\u00e9s, emelkedett a munkan\u00e9lk\u00fclis\u00e9g febru\u00e1rban - kinaikaleidoszkop.hu<\/title>\n<meta name=\"robots\" content=\"index, follow, max-snippet:-1, max-image-preview:large, max-video-preview:-1\" \/>\n<link rel=\"canonical\" href=\"https:\/\/kinaikaleidoszkop.hu\/index.php\/2023\/03\/16\/kinaban-bovult-a-kiskereskedelmi-forgalom-nott-az-ipari-termeles-emelkedett-a-munkanelkuliseg-februarban\/\" \/>\n<meta property=\"og:locale\" content=\"hu_HU\" \/>\n<meta property=\"og:type\" content=\"article\" \/>\n<meta property=\"og:title\" content=\"K\u00edn\u00e1ban b\u0151v\u00fclt a kiskereskedelmi forgalom, n\u0151tt az ipari termel\u00e9s, emelkedett a munkan\u00e9lk\u00fclis\u00e9g febru\u00e1rban - kinaikaleidoszkop.hu\" \/>\n<meta property=\"og:description\" content=\"K\u00edn\u00e1ban b\u0151v\u00fclt a kiskereskedelmi forgalom febru\u00e1rban, n\u0151tt az ipari termel\u00e9s, \u00e9s emelkedett a munkan\u00e9lk\u00fclis\u00e9g &#8211; \u00e1ll a k\u00ednai statisztikai hivatal szerd\u00e1n ismertetett jelent\u00e9s\u00e9ben. &nbsp;A k\u00ednai kiskereskedelmi forgalom n\u00e9gy h\u00f3nap cs\u00f6kken\u00e9s ut\u00e1n febru\u00e1rban m\u00e1r n\u0151tt. A kiskereskedelmi forgalom az elemz\u0151i v\u00e1rakoz\u00e1soknak megfelel\u0151en 3,5 sz\u00e1zal\u00e9kkal b\u0151v\u00fclt \u00e9ves szinten febru\u00e1rban a janu\u00e1ri 1,8 sz\u00e1zal\u00e9k cs\u00f6kken\u00e9s ut\u00e1n.&nbsp; Ugyancsak szerd\u00e1n [&hellip;]\" \/>\n<meta property=\"og:url\" content=\"https:\/\/kinaikaleidoszkop.hu\/index.php\/2023\/03\/16\/kinaban-bovult-a-kiskereskedelmi-forgalom-nott-az-ipari-termeles-emelkedett-a-munkanelkuliseg-februarban\/\" \/>\n<meta property=\"og:site_name\" content=\"kinaikaleidoszkop.hu\" \/>\n<meta property=\"article:published_time\" content=\"2023-03-16T11:24:06+00:00\" \/>\n<meta property=\"article:modified_time\" content=\"2023-03-16T11:25:56+00:00\" \/>\n<meta property=\"og:image\" content=\"https:\/\/kinaikaleidoszkop.hu\/wp-content\/uploads\/2023\/03\/pexels-pixabay-210607.jpg\" \/>\n\t<meta property=\"og:image:width\" content=\"1280\" \/>\n\t<meta property=\"og:image:height\" content=\"853\" \/>\n\t<meta property=\"og:image:type\" content=\"image\/jpeg\" \/>\n<meta name=\"author\" content=\"szerk01\" \/>\n<meta name=\"twitter:card\" content=\"summary_large_image\" \/>\n<meta name=\"twitter:label1\" content=\"Szerz\u0151:\" \/>\n\t<meta name=\"twitter:data1\" content=\"szerk01\" \/>\n\t<meta name=\"twitter:label2\" content=\"Becs\u00fclt olvas\u00e1si id\u0151\" \/>\n\t<meta name=\"twitter:data2\" content=\"1 perc\" \/>\n<script type=\"application\/ld+json\" class=\"yoast-schema-graph\">{\"@context\":\"https:\/\/schema.org\",\"@graph\":[{\"@type\":\"WebPage\",\"@id\":\"https:\/\/kinaikaleidoszkop.hu\/index.php\/2023\/03\/16\/kinaban-bovult-a-kiskereskedelmi-forgalom-nott-az-ipari-termeles-emelkedett-a-munkanelkuliseg-februarban\/\",\"url\":\"https:\/\/kinaikaleidoszkop.hu\/index.php\/2023\/03\/16\/kinaban-bovult-a-kiskereskedelmi-forgalom-nott-az-ipari-termeles-emelkedett-a-munkanelkuliseg-februarban\/\",\"name\":\"K\u00edn\u00e1ban b\u0151v\u00fclt a kiskereskedelmi forgalom, n\u0151tt az ipari termel\u00e9s, emelkedett a munkan\u00e9lk\u00fclis\u00e9g febru\u00e1rban - kinaikaleidoszkop.hu\",\"isPartOf\":{\"@id\":\"https:\/\/kinaikaleidoszkop.hu\/#website\"},\"primaryImageOfPage\":{\"@id\":\"https:\/\/kinaikaleidoszkop.hu\/index.php\/2023\/03\/16\/kinaban-bovult-a-kiskereskedelmi-forgalom-nott-az-ipari-termeles-emelkedett-a-munkanelkuliseg-februarban\/#primaryimage\"},\"image\":{\"@id\":\"https:\/\/kinaikaleidoszkop.hu\/index.php\/2023\/03\/16\/kinaban-bovult-a-kiskereskedelmi-forgalom-nott-az-ipari-termeles-emelkedett-a-munkanelkuliseg-februarban\/#primaryimage\"},\"thumbnailUrl\":\"https:\/\/kinaikaleidoszkop.hu\/wp-content\/uploads\/2023\/03\/pexels-pixabay-210607.jpg\",\"datePublished\":\"2023-03-16T11:24:06+00:00\",\"dateModified\":\"2023-03-16T11:25:56+00:00\",\"author\":{\"@id\":\"https:\/\/kinaikaleidoszkop.hu\/#\/schema\/person\/cf38b01b34e88459ab98b1c7c13b629d\"},\"breadcrumb\":{\"@id\":\"https:\/\/kinaikaleidoszkop.hu\/index.php\/2023\/03\/16\/kinaban-bovult-a-kiskereskedelmi-forgalom-nott-az-ipari-termeles-emelkedett-a-munkanelkuliseg-februarban\/#breadcrumb\"},\"inLanguage\":\"hu\",\"potentialAction\":[{\"@type\":\"ReadAction\",\"target\":[\"https:\/\/kinaikaleidoszkop.hu\/index.php\/2023\/03\/16\/kinaban-bovult-a-kiskereskedelmi-forgalom-nott-az-ipari-termeles-emelkedett-a-munkanelkuliseg-februarban\/\"]}]},{\"@type\":\"ImageObject\",\"inLanguage\":\"hu\",\"@id\":\"https:\/\/kinaikaleidoszkop.hu\/index.php\/2023\/03\/16\/kinaban-bovult-a-kiskereskedelmi-forgalom-nott-az-ipari-termeles-emelkedett-a-munkanelkuliseg-februarban\/#primaryimage\",\"url\":\"https:\/\/kinaikaleidoszkop.hu\/wp-content\/uploads\/2023\/03\/pexels-pixabay-210607.jpg\",\"contentUrl\":\"https:\/\/kinaikaleidoszkop.hu\/wp-content\/uploads\/2023\/03\/pexels-pixabay-210607.jpg\",\"width\":1280,\"height\":853},{\"@type\":\"BreadcrumbList\",\"@id\":\"https:\/\/kinaikaleidoszkop.hu\/index.php\/2023\/03\/16\/kinaban-bovult-a-kiskereskedelmi-forgalom-nott-az-ipari-termeles-emelkedett-a-munkanelkuliseg-februarban\/#breadcrumb\",\"itemListElement\":[{\"@type\":\"ListItem\",\"position\":1,\"name\":\"Kezd\u0151lap\",\"item\":\"https:\/\/kinaikaleidoszkop.hu\/\"},{\"@type\":\"ListItem\",\"position\":2,\"name\":\"K\u00edn\u00e1ban b\u0151v\u00fclt a kiskereskedelmi forgalom, n\u0151tt az ipari termel\u00e9s, emelkedett a munkan\u00e9lk\u00fclis\u00e9g febru\u00e1rban\"}]},{\"@type\":\"WebSite\",\"@id\":\"https:\/\/kinaikaleidoszkop.hu\/#website\",\"url\":\"https:\/\/kinaikaleidoszkop.hu\/\",\"name\":\"kinaikaleidoszkop.hu\",\"description\":\"\",\"potentialAction\":[{\"@type\":\"SearchAction\",\"target\":{\"@type\":\"EntryPoint\",\"urlTemplate\":\"https:\/\/kinaikaleidoszkop.hu\/?s={search_term_string}\"},\"query-input\":{\"@type\":\"PropertyValueSpecification\",\"valueRequired\":true,\"valueName\":\"search_term_string\"}}],\"inLanguage\":\"hu\"},{\"@type\":\"Person\",\"@id\":\"https:\/\/kinaikaleidoszkop.hu\/#\/schema\/person\/cf38b01b34e88459ab98b1c7c13b629d\",\"name\":\"szerk01\",\"image\":{\"@type\":\"ImageObject\",\"inLanguage\":\"hu\",\"@id\":\"https:\/\/kinaikaleidoszkop.hu\/#\/schema\/person\/image\/\",\"url\":\"https:\/\/secure.gravatar.com\/avatar\/7afb4741ac3b72a4d9d543b2bcdfe4b1b3ddc4fefd4ab8f732b518bc7528877c?s=96&d=mm&r=g\",\"contentUrl\":\"https:\/\/secure.gravatar.com\/avatar\/7afb4741ac3b72a4d9d543b2bcdfe4b1b3ddc4fefd4ab8f732b518bc7528877c?s=96&d=mm&r=g\",\"caption\":\"szerk01\"},\"url\":\"https:\/\/kinaikaleidoszkop.hu\/index.php\/author\/szerk01\/\"}]}<\/script>\n<!-- \/ Yoast SEO plugin. -->","yoast_head_json":{"title":"K\u00edn\u00e1ban b\u0151v\u00fclt a kiskereskedelmi forgalom, n\u0151tt az ipari termel\u00e9s, emelkedett a munkan\u00e9lk\u00fclis\u00e9g febru\u00e1rban - kinaikaleidoszkop.hu","robots":{"index":"index","follow":"follow","max-snippet":"max-snippet:-1","max-image-preview":"max-image-preview:large","max-video-preview":"max-video-preview:-1"},"canonical":"https:\/\/kinaikaleidoszkop.hu\/index.php\/2023\/03\/16\/kinaban-bovult-a-kiskereskedelmi-forgalom-nott-az-ipari-termeles-emelkedett-a-munkanelkuliseg-februarban\/","og_locale":"hu_HU","og_type":"article","og_title":"K\u00edn\u00e1ban b\u0151v\u00fclt a kiskereskedelmi forgalom, n\u0151tt az ipari termel\u00e9s, emelkedett a munkan\u00e9lk\u00fclis\u00e9g febru\u00e1rban - kinaikaleidoszkop.hu","og_description":"K\u00edn\u00e1ban b\u0151v\u00fclt a kiskereskedelmi forgalom febru\u00e1rban, n\u0151tt az ipari termel\u00e9s, \u00e9s emelkedett a munkan\u00e9lk\u00fclis\u00e9g &#8211; \u00e1ll a k\u00ednai statisztikai hivatal szerd\u00e1n ismertetett jelent\u00e9s\u00e9ben. &nbsp;A k\u00ednai kiskereskedelmi forgalom n\u00e9gy h\u00f3nap cs\u00f6kken\u00e9s ut\u00e1n febru\u00e1rban m\u00e1r n\u0151tt. A kiskereskedelmi forgalom az elemz\u0151i v\u00e1rakoz\u00e1soknak megfelel\u0151en 3,5 sz\u00e1zal\u00e9kkal b\u0151v\u00fclt \u00e9ves szinten febru\u00e1rban a janu\u00e1ri 1,8 sz\u00e1zal\u00e9k cs\u00f6kken\u00e9s ut\u00e1n.&nbsp; Ugyancsak szerd\u00e1n [&hellip;]","og_url":"https:\/\/kinaikaleidoszkop.hu\/index.php\/2023\/03\/16\/kinaban-bovult-a-kiskereskedelmi-forgalom-nott-az-ipari-termeles-emelkedett-a-munkanelkuliseg-februarban\/","og_site_name":"kinaikaleidoszkop.hu","article_published_time":"2023-03-16T11:24:06+00:00","article_modified_time":"2023-03-16T11:25:56+00:00","og_image":[{"width":1280,"height":853,"url":"https:\/\/kinaikaleidoszkop.hu\/wp-content\/uploads\/2023\/03\/pexels-pixabay-210607.jpg","type":"image\/jpeg"}],"author":"szerk01","twitter_card":"summary_large_image","twitter_misc":{"Szerz\u0151:":"szerk01","Becs\u00fclt olvas\u00e1si id\u0151":"1 perc"},"schema":{"@context":"https:\/\/schema.org","@graph":[{"@type":"WebPage","@id":"https:\/\/kinaikaleidoszkop.hu\/index.php\/2023\/03\/16\/kinaban-bovult-a-kiskereskedelmi-forgalom-nott-az-ipari-termeles-emelkedett-a-munkanelkuliseg-februarban\/","url":"https:\/\/kinaikaleidoszkop.hu\/index.php\/2023\/03\/16\/kinaban-bovult-a-kiskereskedelmi-forgalom-nott-az-ipari-termeles-emelkedett-a-munkanelkuliseg-februarban\/","name":"K\u00edn\u00e1ban b\u0151v\u00fclt a kiskereskedelmi forgalom, n\u0151tt az ipari termel\u00e9s, emelkedett a munkan\u00e9lk\u00fclis\u00e9g febru\u00e1rban - kinaikaleidoszkop.hu","isPartOf":{"@id":"https:\/\/kinaikaleidoszkop.hu\/#website"},"primaryImageOfPage":{"@id":"https:\/\/kinaikaleidoszkop.hu\/index.php\/2023\/03\/16\/kinaban-bovult-a-kiskereskedelmi-forgalom-nott-az-ipari-termeles-emelkedett-a-munkanelkuliseg-februarban\/#primaryimage"},"image":{"@id":"https:\/\/kinaikaleidoszkop.hu\/index.php\/2023\/03\/16\/kinaban-bovult-a-kiskereskedelmi-forgalom-nott-az-ipari-termeles-emelkedett-a-munkanelkuliseg-februarban\/#primaryimage"},"thumbnailUrl":"https:\/\/kinaikaleidoszkop.hu\/wp-content\/uploads\/2023\/03\/pexels-pixabay-210607.jpg","datePublished":"2023-03-16T11:24:06+00:00","dateModified":"2023-03-16T11:25:56+00:00","author":{"@id":"https:\/\/kinaikaleidoszkop.hu\/#\/schema\/person\/cf38b01b34e88459ab98b1c7c13b629d"},"breadcrumb":{"@id":"https:\/\/kinaikaleidoszkop.hu\/index.php\/2023\/03\/16\/kinaban-bovult-a-kiskereskedelmi-forgalom-nott-az-ipari-termeles-emelkedett-a-munkanelkuliseg-februarban\/#breadcrumb"},"inLanguage":"hu","potentialAction":[{"@type":"ReadAction","target":["https:\/\/kinaikaleidoszkop.hu\/index.php\/2023\/03\/16\/kinaban-bovult-a-kiskereskedelmi-forgalom-nott-az-ipari-termeles-emelkedett-a-munkanelkuliseg-februarban\/"]}]},{"@type":"ImageObject","inLanguage":"hu","@id":"https:\/\/kinaikaleidoszkop.hu\/index.php\/2023\/03\/16\/kinaban-bovult-a-kiskereskedelmi-forgalom-nott-az-ipari-termeles-emelkedett-a-munkanelkuliseg-februarban\/#primaryimage","url":"https:\/\/kinaikaleidoszkop.hu\/wp-content\/uploads\/2023\/03\/pexels-pixabay-210607.jpg","contentUrl":"https:\/\/kinaikaleidoszkop.hu\/wp-content\/uploads\/2023\/03\/pexels-pixabay-210607.jpg","width":1280,"height":853},{"@type":"BreadcrumbList","@id":"https:\/\/kinaikaleidoszkop.hu\/index.php\/2023\/03\/16\/kinaban-bovult-a-kiskereskedelmi-forgalom-nott-az-ipari-termeles-emelkedett-a-munkanelkuliseg-februarban\/#breadcrumb","itemListElement":[{"@type":"ListItem","position":1,"name":"Kezd\u0151lap","item":"https:\/\/kinaikaleidoszkop.hu\/"},{"@type":"ListItem","position":2,"name":"K\u00edn\u00e1ban b\u0151v\u00fclt a kiskereskedelmi forgalom, n\u0151tt az ipari termel\u00e9s, emelkedett a munkan\u00e9lk\u00fclis\u00e9g febru\u00e1rban"}]},{"@type":"WebSite","@id":"https:\/\/kinaikaleidoszkop.hu\/#website","url":"https:\/\/kinaikaleidoszkop.hu\/","name":"kinaikaleidoszkop.hu","description":"","potentialAction":[{"@type":"SearchAction","target":{"@type":"EntryPoint","urlTemplate":"https:\/\/kinaikaleidoszkop.hu\/?s={search_term_string}"},"query-input":{"@type":"PropertyValueSpecification","valueRequired":true,"valueName":"search_term_string"}}],"inLanguage":"hu"},{"@type":"Person","@id":"https:\/\/kinaikaleidoszkop.hu\/#\/schema\/person\/cf38b01b34e88459ab98b1c7c13b629d","name":"szerk01","image":{"@type":"ImageObject","inLanguage":"hu","@id":"https:\/\/kinaikaleidoszkop.hu\/#\/schema\/person\/image\/","url":"https:\/\/secure.gravatar.com\/avatar\/7afb4741ac3b72a4d9d543b2bcdfe4b1b3ddc4fefd4ab8f732b518bc7528877c?s=96&d=mm&r=g","contentUrl":"https:\/\/secure.gravatar.com\/avatar\/7afb4741ac3b72a4d9d543b2bcdfe4b1b3ddc4fefd4ab8f732b518bc7528877c?s=96&d=mm&r=g","caption":"szerk01"},"url":"https:\/\/kinaikaleidoszkop.hu\/index.php\/author\/szerk01\/"}]}},"views":422,"distributor_meta":false,"distributor_terms":false,"distributor_media":false,"distributor_original_site_name":"kinaikaleidoszkop.hu","distributor_original_site_url":"https:\/\/kinaikaleidoszkop.hu","push-errors":false,"_links":{"self":[{"href":"https:\/\/kinaikaleidoszkop.hu\/index.php\/wp-json\/wp\/v2\/posts\/16704","targetHints":{"allow":["GET"]}}],"collection":[{"href":"https:\/\/kinaikaleidoszkop.hu\/index.php\/wp-json\/wp\/v2\/posts"}],"about":[{"href":"https:\/\/kinaikaleidoszkop.hu\/index.php\/wp-json\/wp\/v2\/types\/post"}],"author":[{"embeddable":true,"href":"https:\/\/kinaikaleidoszkop.hu\/index.php\/wp-json\/wp\/v2\/users\/8"}],"replies":[{"embeddable":true,"href":"https:\/\/kinaikaleidoszkop.hu\/index.php\/wp-json\/wp\/v2\/comments?post=16704"}],"version-history":[{"count":2,"href":"https:\/\/kinaikaleidoszkop.hu\/index.php\/wp-json\/wp\/v2\/posts\/16704\/revisions"}],"predecessor-version":[{"id":16707,"href":"https:\/\/kinaikaleidoszkop.hu\/index.php\/wp-json\/wp\/v2\/posts\/16704\/revisions\/16707"}],"wp:featuredmedia":[{"embeddable":true,"href":"https:\/\/kinaikaleidoszkop.hu\/index.php\/wp-json\/wp\/v2\/media\/16607"}],"wp:attachment":[{"href":"https:\/\/kinaikaleidoszkop.hu\/index.php\/wp-json\/wp\/v2\/media?parent=16704"}],"wp:term":[{"taxonomy":"category","embeddable":true,"href":"https:\/\/kinaikaleidoszkop.hu\/index.php\/wp-json\/wp\/v2\/categories?post=16704"},{"taxonomy":"post_tag","embeddable":true,"href":"https:\/\/kinaikaleidoszkop.hu\/index.php\/wp-json\/wp\/v2\/tags?post=16704"}],"curies":[{"name":"wp","href":"https:\/\/api.w.org\/{rel}","templated":true}]}}