{"id":16718,"date":"2023-03-16T16:35:25","date_gmt":"2023-03-16T15:35:25","guid":{"rendered":"https:\/\/kinaikaleidoszkop.hu\/?p=16718"},"modified":"2023-03-16T16:36:27","modified_gmt":"2023-03-16T15:36:27","slug":"kozos-sorsunk-cimmel-kinai-magyar-parbeszedre-kerult-sor-budapesten","status":"publish","type":"post","link":"https:\/\/kinaikaleidoszkop.hu\/index.php\/2023\/03\/16\/kozos-sorsunk-cimmel-kinai-magyar-parbeszedre-kerult-sor-budapesten\/","title":{"rendered":"\u201eK\u00f6z\u00f6s sorsunk\u201d c\u00edmmel k\u00ednai\u2013magyar p\u00e1rbesz\u00e9dre ker\u00fclt sor Budapesten"},"content":{"rendered":"\n<p><strong>M\u00e1rcius 16-\u00e1n cs\u00fct\u00f6rt\u00f6k\u00f6n \u201eK\u00f6z\u00f6s sorsunk a nehez\u00edt\u0151 gondok t\u00fckr\u00e9ben\u201d c\u00edmmel, a China Media Group szervez\u00e9s\u00e9ben k\u00ednai\u2013magyar p\u00e1rbesz\u00e9det rendeztek Budapesten.<\/strong><\/p>\n\n\n\n<p>A besz\u00e9lget\u00e9sen azokr\u00f3l, a mindannyiunk sors\u00e1t \u00e9rint\u0151 t\u00e9m\u00e1kr\u00f3l volt sz\u00f3, melyek a vil\u00e1gban instabilit\u00e1st okoznak: t\u00f6bbek k\u00f6z\u00f6tt a geopolitikai konfliktusok, a kl\u00edmav\u00e1ltoz\u00e1s \u00e9s a gazdas\u00e1gi stagn\u00e1l\u00e1s.<\/p>\n\n\n\n<figure class=\"wp-block-image\"><img decoding=\"async\" src=\"https:\/\/hirpest.hu\/wp-content\/uploads\/2023\/03\/0316-1-1024x683.jpg\" alt=\"\" class=\"wp-image-16135\"\/><figcaption class=\"wp-element-caption\"><strong><em>A \u201eK\u00f6z\u00f6s sorsunk a nehez\u00edt\u0151 gondok t\u00fckr\u00e9ben\u201d c\u00edm\u0171 k\u00ednai\u2013magyar p\u00e1rbesz\u00e9d helysz\u00edne<\/em><\/strong><\/figcaption><\/figure>\n\n\n\n<p>Dr. Horv\u00e1th Levente, az Eur\u00e1zsia K\u00f6zpont igazgat\u00f3ja, volt sanghaji f\u0151konzul, a besz\u00e9lget\u00e9sben r\u00e1mutatott, hogy m\u00edg a Nyugat meg akarja tartani az unipol\u00e1ris rendszert, addig az \u00e1zsiai orsz\u00e1gok a multipol\u00e1ris vil\u00e1grend kialak\u00edt\u00e1s\u00e1t t\u00e1mogatj\u00e1k \u2013 az \u201eEgy \u00dat Egy \u00d6vezet\u201d kezdem\u00e9nyez\u00e9s is ennek a r\u00e9sze. A kutat\u00f3 szerint, a multipol\u00e1ris vil\u00e1grend m\u00e1r nem nyugati dominanci\u00e1j\u00fa. A magyar korm\u00e1ny r\u00e9g\u00f3ta tiszt\u00e1ban van azzal, hogy \u201ekeleti sz\u00e9l f\u00faj\u201d, ez\u00e9rt kezdte el a keleti nyit\u00e1st \u00e9s t\u00f6bbek k\u00f6z\u00f6tt, ez is az oka annak, hogy j\u00f3 kapcsolatokat alak\u00edtott ki K\u00edn\u00e1val \u2013 fogalmazott Dr. Horv\u00e1th Levente.<\/p>\n\n\n\n<figure class=\"wp-block-image\"><img decoding=\"async\" src=\"https:\/\/hirpest.hu\/wp-content\/uploads\/2023\/03\/0316-2-1024x683.jpg\" alt=\"\" class=\"wp-image-16136\"\/><figcaption class=\"wp-element-caption\"><em><strong>Dr. Horv\u00e1th Levente, az Eur\u00e1zsia K\u00f6zpont igazgat\u00f3ja, volt sanghaji f\u0151konz<\/strong><\/em><strong><em>u<\/em>l<\/strong><\/figcaption><\/figure>\n\n\n\n<p>Szita K\u00e1roly, Kaposv\u00e1r polg\u00e1rmestere, a Megyei Jog\u00fa V\u00e1rosok Sz\u00f6vets\u00e9g\u00e9nek eln\u00f6ke megosztotta tapasztalatait a K\u00f6z\u00e9p-Eur\u00f3pa egyik legnagyobb napelemparkj\u00e1t \u00e9p\u00edt\u0151 k\u00ednai kapcsolatukr\u00f3l, melynek l\u00e9trej\u00f6tte a magyar korm\u00e1ny keleti nyit\u00e1s politik\u00e1j\u00e1nak is k\u00f6sz\u00f6nhet\u0151. A napelempark Kaposv\u00e1r \u00fajraiparos\u00edt\u00e1s\u00e1t, valamint ipari parkok, gy\u00e1rak, \u00fczemek l\u00e9tes\u00edt\u00e9s\u00e9t is el\u0151seg\u00edtette a v\u00e1rosban. Az \u00fajraiparos\u00edt\u00e1shoz energia, tov\u00e1bb\u00e1 \u2013 a fenntarthat\u00f3s\u00e1got szem el\u0151tt tartva \u2013 meg\u00fajul\u00f3 energia kell. A napelempark k\u00ednai \u00e9p\u00edt\u0151i a v\u00e1ros strat\u00e9giai c\u00e9ljait el\u0151seg\u00edt\u0151 beruh\u00e1z\u00e1st hajtottak v\u00e9gre \u2013 fogalmazott Kaposv\u00e1r polg\u00e1rmestere. A polg\u00e1rmester azon rem\u00e9ny\u00e9nek adott hangot, hogy 2030-ra a v\u00e1ros el\u00e9rje a lehet\u0151 legnagyobb energiaf\u00fcggetlens\u00e9get, \u00edgy a dr\u00e1ga g\u00e1z \u00e9s villany helyett meg\u00fajul\u00f3 energi\u00e1t haszn\u00e1ljon.<\/p>\n\n\n\n<figure class=\"wp-block-image\"><img decoding=\"async\" src=\"https:\/\/hirpest.hu\/wp-content\/uploads\/2023\/03\/0316-3-1024x683.jpg\" alt=\"\" class=\"wp-image-16137\"\/><figcaption class=\"wp-element-caption\"><strong><em>A \u201eK\u00f6z\u00f6s sorsunk a nehez\u00edt\u0151 gondok t\u00fckr\u00e9ben\u201d c\u00edm\u0171 k\u00ednai\u2013magyar p\u00e1rbesz\u00e9d helysz\u00edne<\/em><\/strong><\/figcaption><\/figure>\n\n\n\n<p>Az orosz\u2013ukr\u00e1n konfliktusr\u00f3l Dr. R\u00e1cz Lajos ny. ezredes, volt pekingi katonai attas\u00e9 kifejtette, hogy K\u00edna a saj\u00e1t \u00e9rdekei szempontj\u00e1b\u00f3l nem \u00edt\u00e9li el teljesen Oroszorsz\u00e1got, \u00e1mde nyilv\u00e1nval\u00f3an ellenzi az orsz\u00e1gok k\u00f6z\u00f6tti konfliktusok fegyveres er\u0151vel val\u00f3 eld\u00f6nt\u00e9s\u00e9t, ugyanakkor Peking nem \u00e1llhat sem az Egyes\u00fclt \u00c1llamok, sem a NATO mell\u00e9 ebben a konfliktusban, konkr\u00e9t taktikai \u00e9s strat\u00e9giai megfontol\u00e1saib\u00f3l. Dr. R\u00e1cz Lajos semmi el\u0151jel\u00e9t nem l\u00e1tja annak, hogy K\u00edna b\u00e1rmilyen m\u00f3don fontolgatn\u00e1 a katonai seg\u00edts\u00e9gny\u00fajt\u00e1st Oroszorsz\u00e1g sz\u00e1m\u00e1ra, hiszen azzal \u201ebetenn\u00e9 a kaput\u201d az Ukrajn\u00e1val fenntartott j\u00f3 viszony\u00e1nak, \u00e9pp\u00fagy, mint a konfliktus majdani b\u00e9k\u00e9s rendez\u00e9s\u00e9ben j\u00e1tszott esetleges k\u00f6zvet\u00edt\u0151 szerep\u00e9nek.<\/p>\n\n\n\n<p>Besz\u00e9d\u00e9ben r\u00e1mutatott, hogy a Magyarorsz\u00e1g \u00e9s K\u00edna k\u00f6z\u00f6tti \u201e\u00e1tfog\u00f3 strat\u00e9giai partners\u00e9g\u201d nem jelent strat\u00e9giai sz\u00f6vets\u00e9get. Egyes magyar politikai vezet\u0151k nyelvbotl\u00e1sb\u00f3l K\u00edn\u00e1t strat\u00e9giai sz\u00f6vets\u00e9ges\u00fcknek nevezt\u00e9k, az effajta t\u00e9ved\u00e9s sz\u00fcks\u00e9gtelen politikai kock\u00e1zatokkal terheli az egy\u00e9bk\u00e9nt k\u00f6lcs\u00f6n\u00f6sen el\u0151ny\u00f6s gazdas\u00e1gi, technol\u00f3giai, politikai, kultur\u00e1lis \u00e9s egy\u00e9b egy\u00fcttm\u0171k\u00f6d\u00e9seket, ami Pekingnek sem \u00e1ll \u00e9rdek\u00e9ben, nemhogy Budapestnek.<\/p>\n\n\n\n<figure class=\"wp-block-image\"><img decoding=\"async\" src=\"https:\/\/hirpest.hu\/wp-content\/uploads\/2023\/03\/0316-4-1024x683.jpg\" alt=\"\" class=\"wp-image-16138\"\/><figcaption class=\"wp-element-caption\"><strong><em>Dr. R\u00e1cz Lajos ny. ezredes, volt pekingi katonai attas\u00e9<\/em><\/strong><\/figcaption><\/figure>\n\n\n\n<p>Dr. Gyene P\u00e1l, a Budapesti Gazdas\u00e1gi Egyetem docense szerint, az amerikai korm\u00e1nyzat bizonyos k\u00f6rei ki akarj\u00e1k v\u00e9reztetni Putyint, aminek az \u00e1r\u00e1t Eur\u00f3pa fizeti meg \u00e9s a strat\u00e9giai nyeres\u00e9g \u2013 ha Moszkva kudarcot vall \u2013 az Egyes\u00fclt \u00c1llamokat illetn\u00e9 meg.<\/p>\n\n\n\n<p>A kl\u00edmav\u00e1ltoz\u00e1ssal kapcsolatban Dzsou Csinfeng, a K\u00ednai Biodiverzit\u00e1si \u00e9s Z\u00f6ld Fejleszt\u00e9si Alap f\u0151titk\u00e1ra r\u00e1mutatott, hogy a k\u00ednai z\u00f6ld szervezetek a Kunming\u2013Montre\u00e1l Glob\u00e1lis Biodiverzit\u00e1si Keretegyezm\u00e9ny szellem\u00e9t \u00e9s l\u00e9nyeg\u00e9t \u00e1tadj\u00e1k a k\u00ednaiaknak. A f\u0151titk\u00e1r kifejtette, hogy a kl\u00edmav\u00e1ltoz\u00e1s ellen sokat tettek a k\u00ednaiak: az \u00fajrahasznos\u00edt\u00e1st p\u00e9ld\u00e1ul nagyon megszigor\u00edtott\u00e1k az orsz\u00e1gban, \u00e9s t\u00f6bb\u00e9 nem c\u00e9l az, hogy minden csal\u00e1dnak legyen saj\u00e1t aut\u00f3ja, hiszen els\u0151sorban a ker\u00e9kp\u00e1rokat \u00e9s t\u00f6megk\u00f6zleked\u00e9si eszk\u00f6z\u00f6ket t\u00e1mogatj\u00e1k. \u201ePr\u00f3b\u00e1lj\u00e1k cs\u00f6kkenteni az elektromos \u00e1ram haszn\u00e1lat\u00e1t, a tiszta energi\u00e1t pedig napelemek \u00e1ll\u00edtj\u00e1k el\u0151\u201d \u2013 fogalmazott a f\u0151titk\u00e1r.<\/p>\n\n\n\n<figure class=\"wp-block-image\"><img decoding=\"async\" src=\"https:\/\/hirpest.hu\/wp-content\/uploads\/2023\/03\/0316-5-1024x568.png\" alt=\"\" class=\"wp-image-16139\"\/><figcaption class=\"wp-element-caption\"><strong><em>Dzsou Csinfeng, a K\u00ednai Biodiverzit\u00e1si \u00e9s Z\u00f6ld Fejleszt\u00e9si Alap f\u0151titk\u00e1ra<\/em><\/strong><\/figcaption><\/figure>\n\n\n\n<p>Magyarorsz\u00e1g \u00e9s K\u00edna k\u00f6zeg\u00e9szs\u00e9g\u00fcgyi egy\u00fcttm\u0171k\u00f6d\u00e9s\u00e9vel kapcsolatban Dr. Szl\u00e1vik J\u00e1nos infektol\u00f3gus szakorvos besz\u00e9d\u00e9ben kiemelte, Magyarorsz\u00e1gon eleinte nem volt el\u00e9g v\u00e9d\u0151felszerel\u00e9s a Covid-j\u00e1rv\u00e1ny kezdet\u00e9n, de K\u00edna seg\u00edts\u00e9g\u00fcl rengeteg v\u00e9d\u0151felszerel\u00e9st adom\u00e1nyozott Magyarorsz\u00e1gnak. Amikor nem \u00e1llt rendelkez\u00e9sre el\u00e9g v\u00e9d\u0151olt\u00e1s Eur\u00f3p\u00e1ban, Magyarorsz\u00e1g K\u00edn\u00e1t\u00f3l k\u00e9rt \u00e9s kapott hat\u00e9kony, biztons\u00e1gos k\u00ednai v\u00e9d\u0151olt\u00e1st, melynek k\u00f6vetkezt\u00e9ben t\u00f6bb ezer ember hal\u00e1l\u00e1t, t\u00f6bb t\u00edzezer ember k\u00f3rh\u00e1zba ker\u00fcl\u00e9s\u00e9t akad\u00e1lyozt\u00e1k meg. A j\u00e1rv\u00e1ny ideje alatt sokat seg\u00edtett a Magyarorsz\u00e1gon \u00e9l\u0151 k\u00ednai k\u00f6z\u00f6ss\u00e9g \u2013 eml\u00e9keztetett r\u00e1 Szl\u00e1vik. Az infektol\u00f3gus a Covid j\u00e1rv\u00e1ny tanuls\u00e1gak\u00e9pp, a k\u00f6z\u00f6s munka \u00e9s az \u00f6sszefog\u00e1s sz\u00fcks\u00e9gess\u00e9g\u00e9t hangs\u00falyozta.<\/p>\n\n\n\n<p><strong>2023. m\u00e1rcius 16.<\/strong><\/p>\n\n\n\n<p><strong><em>(China Media Group)<\/em><\/strong><\/p>\n\n\n\n<p><strong>(x)<\/strong><\/p>\n","protected":false},"excerpt":{"rendered":"<p>M\u00e1rcius 16-\u00e1n cs\u00fct\u00f6rt\u00f6k\u00f6n \u201eK\u00f6z\u00f6s sorsunk a nehez\u00edt\u0151 gondok t\u00fckr\u00e9ben\u201d c\u00edmmel, a China Media Group szervez\u00e9s\u00e9ben k\u00ednai\u2013magyar p\u00e1rbesz\u00e9det rendeztek Budapesten. A besz\u00e9lget\u00e9sen azokr\u00f3l, a mindannyiunk sors\u00e1t \u00e9rint\u0151 t\u00e9m\u00e1kr\u00f3l volt sz\u00f3, melyek a vil\u00e1gban instabilit\u00e1st okoznak: t\u00f6bbek k\u00f6z\u00f6tt a geopolitikai konfliktusok, a kl\u00edmav\u00e1ltoz\u00e1s \u00e9s a gazdas\u00e1gi stagn\u00e1l\u00e1s. Dr. Horv\u00e1th Levente, az Eur\u00e1zsia K\u00f6zpont igazgat\u00f3ja, volt sanghaji f\u0151konzul, [&hellip;]<\/p>\n","protected":false},"author":2,"featured_media":16721,"comment_status":"closed","ping_status":"closed","sticky":false,"template":"","format":"standard","meta":{"footnotes":""},"categories":[45],"tags":[124,2129,1418,788,1551],"class_list":["post-16718","post","type-post","status-publish","format-standard","has-post-thumbnail","hentry","category-hirek","tag-budapest","tag-kinai-magyar-parbeszed","tag-megujulo-energia","tag-orosz-ukran-konfliktus-2","tag-strategiai-partnerseg"],"yoast_head":"<!-- This site is optimized with the Yoast SEO plugin v23.7 - https:\/\/yoast.com\/wordpress\/plugins\/seo\/ -->\n<title>\u201eK\u00f6z\u00f6s sorsunk\u201d c\u00edmmel k\u00ednai\u2013magyar p\u00e1rbesz\u00e9dre ker\u00fclt sor Budapesten - kinaikaleidoszkop.hu<\/title>\n<meta name=\"robots\" content=\"index, follow, max-snippet:-1, max-image-preview:large, max-video-preview:-1\" \/>\n<link rel=\"canonical\" href=\"https:\/\/kinaikaleidoszkop.hu\/index.php\/2023\/03\/16\/kozos-sorsunk-cimmel-kinai-magyar-parbeszedre-kerult-sor-budapesten\/\" \/>\n<meta property=\"og:locale\" content=\"hu_HU\" \/>\n<meta property=\"og:type\" content=\"article\" \/>\n<meta property=\"og:title\" content=\"\u201eK\u00f6z\u00f6s sorsunk\u201d c\u00edmmel k\u00ednai\u2013magyar p\u00e1rbesz\u00e9dre ker\u00fclt sor Budapesten - kinaikaleidoszkop.hu\" \/>\n<meta property=\"og:description\" content=\"M\u00e1rcius 16-\u00e1n cs\u00fct\u00f6rt\u00f6k\u00f6n \u201eK\u00f6z\u00f6s sorsunk a nehez\u00edt\u0151 gondok t\u00fckr\u00e9ben\u201d c\u00edmmel, a China Media Group szervez\u00e9s\u00e9ben k\u00ednai\u2013magyar p\u00e1rbesz\u00e9det rendeztek Budapesten. A besz\u00e9lget\u00e9sen azokr\u00f3l, a mindannyiunk sors\u00e1t \u00e9rint\u0151 t\u00e9m\u00e1kr\u00f3l volt sz\u00f3, melyek a vil\u00e1gban instabilit\u00e1st okoznak: t\u00f6bbek k\u00f6z\u00f6tt a geopolitikai konfliktusok, a kl\u00edmav\u00e1ltoz\u00e1s \u00e9s a gazdas\u00e1gi stagn\u00e1l\u00e1s. Dr. Horv\u00e1th Levente, az Eur\u00e1zsia K\u00f6zpont igazgat\u00f3ja, volt sanghaji f\u0151konzul, [&hellip;]\" \/>\n<meta property=\"og:url\" content=\"https:\/\/kinaikaleidoszkop.hu\/index.php\/2023\/03\/16\/kozos-sorsunk-cimmel-kinai-magyar-parbeszedre-kerult-sor-budapesten\/\" \/>\n<meta property=\"og:site_name\" content=\"kinaikaleidoszkop.hu\" \/>\n<meta property=\"article:published_time\" content=\"2023-03-16T15:35:25+00:00\" \/>\n<meta property=\"article:modified_time\" content=\"2023-03-16T15:36:27+00:00\" \/>\n<meta property=\"og:image\" content=\"https:\/\/kinaikaleidoszkop.hu\/wp-content\/uploads\/2023\/03\/0316-3.jpg\" \/>\n\t<meta property=\"og:image:width\" content=\"1200\" \/>\n\t<meta property=\"og:image:height\" content=\"800\" \/>\n\t<meta property=\"og:image:type\" content=\"image\/jpeg\" \/>\n<meta name=\"author\" content=\"admin-szabolcs\" \/>\n<meta name=\"twitter:card\" content=\"summary_large_image\" \/>\n<meta name=\"twitter:label1\" content=\"Szerz\u0151:\" \/>\n\t<meta name=\"twitter:data1\" content=\"admin-szabolcs\" \/>\n\t<meta name=\"twitter:label2\" content=\"Becs\u00fclt olvas\u00e1si id\u0151\" \/>\n\t<meta name=\"twitter:data2\" content=\"5 perc\" \/>\n<script type=\"application\/ld+json\" class=\"yoast-schema-graph\">{\"@context\":\"https:\/\/schema.org\",\"@graph\":[{\"@type\":\"WebPage\",\"@id\":\"https:\/\/kinaikaleidoszkop.hu\/index.php\/2023\/03\/16\/kozos-sorsunk-cimmel-kinai-magyar-parbeszedre-kerult-sor-budapesten\/\",\"url\":\"https:\/\/kinaikaleidoszkop.hu\/index.php\/2023\/03\/16\/kozos-sorsunk-cimmel-kinai-magyar-parbeszedre-kerult-sor-budapesten\/\",\"name\":\"\u201eK\u00f6z\u00f6s sorsunk\u201d c\u00edmmel k\u00ednai\u2013magyar p\u00e1rbesz\u00e9dre ker\u00fclt sor Budapesten - kinaikaleidoszkop.hu\",\"isPartOf\":{\"@id\":\"https:\/\/kinaikaleidoszkop.hu\/#website\"},\"primaryImageOfPage\":{\"@id\":\"https:\/\/kinaikaleidoszkop.hu\/index.php\/2023\/03\/16\/kozos-sorsunk-cimmel-kinai-magyar-parbeszedre-kerult-sor-budapesten\/#primaryimage\"},\"image\":{\"@id\":\"https:\/\/kinaikaleidoszkop.hu\/index.php\/2023\/03\/16\/kozos-sorsunk-cimmel-kinai-magyar-parbeszedre-kerult-sor-budapesten\/#primaryimage\"},\"thumbnailUrl\":\"https:\/\/kinaikaleidoszkop.hu\/wp-content\/uploads\/2023\/03\/0316-3.jpg\",\"datePublished\":\"2023-03-16T15:35:25+00:00\",\"dateModified\":\"2023-03-16T15:36:27+00:00\",\"author\":{\"@id\":\"https:\/\/kinaikaleidoszkop.hu\/#\/schema\/person\/b9e2febe742edd540c1197716ec02bf7\"},\"breadcrumb\":{\"@id\":\"https:\/\/kinaikaleidoszkop.hu\/index.php\/2023\/03\/16\/kozos-sorsunk-cimmel-kinai-magyar-parbeszedre-kerult-sor-budapesten\/#breadcrumb\"},\"inLanguage\":\"hu\",\"potentialAction\":[{\"@type\":\"ReadAction\",\"target\":[\"https:\/\/kinaikaleidoszkop.hu\/index.php\/2023\/03\/16\/kozos-sorsunk-cimmel-kinai-magyar-parbeszedre-kerult-sor-budapesten\/\"]}]},{\"@type\":\"ImageObject\",\"inLanguage\":\"hu\",\"@id\":\"https:\/\/kinaikaleidoszkop.hu\/index.php\/2023\/03\/16\/kozos-sorsunk-cimmel-kinai-magyar-parbeszedre-kerult-sor-budapesten\/#primaryimage\",\"url\":\"https:\/\/kinaikaleidoszkop.hu\/wp-content\/uploads\/2023\/03\/0316-3.jpg\",\"contentUrl\":\"https:\/\/kinaikaleidoszkop.hu\/wp-content\/uploads\/2023\/03\/0316-3.jpg\",\"width\":1200,\"height\":800},{\"@type\":\"BreadcrumbList\",\"@id\":\"https:\/\/kinaikaleidoszkop.hu\/index.php\/2023\/03\/16\/kozos-sorsunk-cimmel-kinai-magyar-parbeszedre-kerult-sor-budapesten\/#breadcrumb\",\"itemListElement\":[{\"@type\":\"ListItem\",\"position\":1,\"name\":\"Kezd\u0151lap\",\"item\":\"https:\/\/kinaikaleidoszkop.hu\/\"},{\"@type\":\"ListItem\",\"position\":2,\"name\":\"\u201eK\u00f6z\u00f6s sorsunk\u201d c\u00edmmel k\u00ednai\u2013magyar p\u00e1rbesz\u00e9dre ker\u00fclt sor Budapesten\"}]},{\"@type\":\"WebSite\",\"@id\":\"https:\/\/kinaikaleidoszkop.hu\/#website\",\"url\":\"https:\/\/kinaikaleidoszkop.hu\/\",\"name\":\"kinaikaleidoszkop.hu\",\"description\":\"\",\"potentialAction\":[{\"@type\":\"SearchAction\",\"target\":{\"@type\":\"EntryPoint\",\"urlTemplate\":\"https:\/\/kinaikaleidoszkop.hu\/?s={search_term_string}\"},\"query-input\":{\"@type\":\"PropertyValueSpecification\",\"valueRequired\":true,\"valueName\":\"search_term_string\"}}],\"inLanguage\":\"hu\"},{\"@type\":\"Person\",\"@id\":\"https:\/\/kinaikaleidoszkop.hu\/#\/schema\/person\/b9e2febe742edd540c1197716ec02bf7\",\"name\":\"admin-szabolcs\",\"image\":{\"@type\":\"ImageObject\",\"inLanguage\":\"hu\",\"@id\":\"https:\/\/kinaikaleidoszkop.hu\/#\/schema\/person\/image\/\",\"url\":\"https:\/\/secure.gravatar.com\/avatar\/154f262492794df2a6cb5d5349227b18ef8f85ab462fbb32625fc42406483d21?s=96&d=mm&r=g\",\"contentUrl\":\"https:\/\/secure.gravatar.com\/avatar\/154f262492794df2a6cb5d5349227b18ef8f85ab462fbb32625fc42406483d21?s=96&d=mm&r=g\",\"caption\":\"admin-szabolcs\"},\"url\":\"https:\/\/kinaikaleidoszkop.hu\/index.php\/author\/admin-szabolcs\/\"}]}<\/script>\n<!-- \/ Yoast SEO plugin. -->","yoast_head_json":{"title":"\u201eK\u00f6z\u00f6s sorsunk\u201d c\u00edmmel k\u00ednai\u2013magyar p\u00e1rbesz\u00e9dre ker\u00fclt sor Budapesten - kinaikaleidoszkop.hu","robots":{"index":"index","follow":"follow","max-snippet":"max-snippet:-1","max-image-preview":"max-image-preview:large","max-video-preview":"max-video-preview:-1"},"canonical":"https:\/\/kinaikaleidoszkop.hu\/index.php\/2023\/03\/16\/kozos-sorsunk-cimmel-kinai-magyar-parbeszedre-kerult-sor-budapesten\/","og_locale":"hu_HU","og_type":"article","og_title":"\u201eK\u00f6z\u00f6s sorsunk\u201d c\u00edmmel k\u00ednai\u2013magyar p\u00e1rbesz\u00e9dre ker\u00fclt sor Budapesten - kinaikaleidoszkop.hu","og_description":"M\u00e1rcius 16-\u00e1n cs\u00fct\u00f6rt\u00f6k\u00f6n \u201eK\u00f6z\u00f6s sorsunk a nehez\u00edt\u0151 gondok t\u00fckr\u00e9ben\u201d c\u00edmmel, a China Media Group szervez\u00e9s\u00e9ben k\u00ednai\u2013magyar p\u00e1rbesz\u00e9det rendeztek Budapesten. A besz\u00e9lget\u00e9sen azokr\u00f3l, a mindannyiunk sors\u00e1t \u00e9rint\u0151 t\u00e9m\u00e1kr\u00f3l volt sz\u00f3, melyek a vil\u00e1gban instabilit\u00e1st okoznak: t\u00f6bbek k\u00f6z\u00f6tt a geopolitikai konfliktusok, a kl\u00edmav\u00e1ltoz\u00e1s \u00e9s a gazdas\u00e1gi stagn\u00e1l\u00e1s. Dr. Horv\u00e1th Levente, az Eur\u00e1zsia K\u00f6zpont igazgat\u00f3ja, volt sanghaji f\u0151konzul, [&hellip;]","og_url":"https:\/\/kinaikaleidoszkop.hu\/index.php\/2023\/03\/16\/kozos-sorsunk-cimmel-kinai-magyar-parbeszedre-kerult-sor-budapesten\/","og_site_name":"kinaikaleidoszkop.hu","article_published_time":"2023-03-16T15:35:25+00:00","article_modified_time":"2023-03-16T15:36:27+00:00","og_image":[{"width":1200,"height":800,"url":"https:\/\/kinaikaleidoszkop.hu\/wp-content\/uploads\/2023\/03\/0316-3.jpg","type":"image\/jpeg"}],"author":"admin-szabolcs","twitter_card":"summary_large_image","twitter_misc":{"Szerz\u0151:":"admin-szabolcs","Becs\u00fclt olvas\u00e1si id\u0151":"5 perc"},"schema":{"@context":"https:\/\/schema.org","@graph":[{"@type":"WebPage","@id":"https:\/\/kinaikaleidoszkop.hu\/index.php\/2023\/03\/16\/kozos-sorsunk-cimmel-kinai-magyar-parbeszedre-kerult-sor-budapesten\/","url":"https:\/\/kinaikaleidoszkop.hu\/index.php\/2023\/03\/16\/kozos-sorsunk-cimmel-kinai-magyar-parbeszedre-kerult-sor-budapesten\/","name":"\u201eK\u00f6z\u00f6s sorsunk\u201d c\u00edmmel k\u00ednai\u2013magyar p\u00e1rbesz\u00e9dre ker\u00fclt sor Budapesten - kinaikaleidoszkop.hu","isPartOf":{"@id":"https:\/\/kinaikaleidoszkop.hu\/#website"},"primaryImageOfPage":{"@id":"https:\/\/kinaikaleidoszkop.hu\/index.php\/2023\/03\/16\/kozos-sorsunk-cimmel-kinai-magyar-parbeszedre-kerult-sor-budapesten\/#primaryimage"},"image":{"@id":"https:\/\/kinaikaleidoszkop.hu\/index.php\/2023\/03\/16\/kozos-sorsunk-cimmel-kinai-magyar-parbeszedre-kerult-sor-budapesten\/#primaryimage"},"thumbnailUrl":"https:\/\/kinaikaleidoszkop.hu\/wp-content\/uploads\/2023\/03\/0316-3.jpg","datePublished":"2023-03-16T15:35:25+00:00","dateModified":"2023-03-16T15:36:27+00:00","author":{"@id":"https:\/\/kinaikaleidoszkop.hu\/#\/schema\/person\/b9e2febe742edd540c1197716ec02bf7"},"breadcrumb":{"@id":"https:\/\/kinaikaleidoszkop.hu\/index.php\/2023\/03\/16\/kozos-sorsunk-cimmel-kinai-magyar-parbeszedre-kerult-sor-budapesten\/#breadcrumb"},"inLanguage":"hu","potentialAction":[{"@type":"ReadAction","target":["https:\/\/kinaikaleidoszkop.hu\/index.php\/2023\/03\/16\/kozos-sorsunk-cimmel-kinai-magyar-parbeszedre-kerult-sor-budapesten\/"]}]},{"@type":"ImageObject","inLanguage":"hu","@id":"https:\/\/kinaikaleidoszkop.hu\/index.php\/2023\/03\/16\/kozos-sorsunk-cimmel-kinai-magyar-parbeszedre-kerult-sor-budapesten\/#primaryimage","url":"https:\/\/kinaikaleidoszkop.hu\/wp-content\/uploads\/2023\/03\/0316-3.jpg","contentUrl":"https:\/\/kinaikaleidoszkop.hu\/wp-content\/uploads\/2023\/03\/0316-3.jpg","width":1200,"height":800},{"@type":"BreadcrumbList","@id":"https:\/\/kinaikaleidoszkop.hu\/index.php\/2023\/03\/16\/kozos-sorsunk-cimmel-kinai-magyar-parbeszedre-kerult-sor-budapesten\/#breadcrumb","itemListElement":[{"@type":"ListItem","position":1,"name":"Kezd\u0151lap","item":"https:\/\/kinaikaleidoszkop.hu\/"},{"@type":"ListItem","position":2,"name":"\u201eK\u00f6z\u00f6s sorsunk\u201d c\u00edmmel k\u00ednai\u2013magyar p\u00e1rbesz\u00e9dre ker\u00fclt sor Budapesten"}]},{"@type":"WebSite","@id":"https:\/\/kinaikaleidoszkop.hu\/#website","url":"https:\/\/kinaikaleidoszkop.hu\/","name":"kinaikaleidoszkop.hu","description":"","potentialAction":[{"@type":"SearchAction","target":{"@type":"EntryPoint","urlTemplate":"https:\/\/kinaikaleidoszkop.hu\/?s={search_term_string}"},"query-input":{"@type":"PropertyValueSpecification","valueRequired":true,"valueName":"search_term_string"}}],"inLanguage":"hu"},{"@type":"Person","@id":"https:\/\/kinaikaleidoszkop.hu\/#\/schema\/person\/b9e2febe742edd540c1197716ec02bf7","name":"admin-szabolcs","image":{"@type":"ImageObject","inLanguage":"hu","@id":"https:\/\/kinaikaleidoszkop.hu\/#\/schema\/person\/image\/","url":"https:\/\/secure.gravatar.com\/avatar\/154f262492794df2a6cb5d5349227b18ef8f85ab462fbb32625fc42406483d21?s=96&d=mm&r=g","contentUrl":"https:\/\/secure.gravatar.com\/avatar\/154f262492794df2a6cb5d5349227b18ef8f85ab462fbb32625fc42406483d21?s=96&d=mm&r=g","caption":"admin-szabolcs"},"url":"https:\/\/kinaikaleidoszkop.hu\/index.php\/author\/admin-szabolcs\/"}]}},"views":285,"distributor_meta":false,"distributor_terms":false,"distributor_media":false,"distributor_original_site_name":"kinaikaleidoszkop.hu","distributor_original_site_url":"https:\/\/kinaikaleidoszkop.hu","push-errors":false,"_links":{"self":[{"href":"https:\/\/kinaikaleidoszkop.hu\/index.php\/wp-json\/wp\/v2\/posts\/16718","targetHints":{"allow":["GET"]}}],"collection":[{"href":"https:\/\/kinaikaleidoszkop.hu\/index.php\/wp-json\/wp\/v2\/posts"}],"about":[{"href":"https:\/\/kinaikaleidoszkop.hu\/index.php\/wp-json\/wp\/v2\/types\/post"}],"author":[{"embeddable":true,"href":"https:\/\/kinaikaleidoszkop.hu\/index.php\/wp-json\/wp\/v2\/users\/2"}],"replies":[{"embeddable":true,"href":"https:\/\/kinaikaleidoszkop.hu\/index.php\/wp-json\/wp\/v2\/comments?post=16718"}],"version-history":[{"count":1,"href":"https:\/\/kinaikaleidoszkop.hu\/index.php\/wp-json\/wp\/v2\/posts\/16718\/revisions"}],"predecessor-version":[{"id":16722,"href":"https:\/\/kinaikaleidoszkop.hu\/index.php\/wp-json\/wp\/v2\/posts\/16718\/revisions\/16722"}],"wp:featuredmedia":[{"embeddable":true,"href":"https:\/\/kinaikaleidoszkop.hu\/index.php\/wp-json\/wp\/v2\/media\/16721"}],"wp:attachment":[{"href":"https:\/\/kinaikaleidoszkop.hu\/index.php\/wp-json\/wp\/v2\/media?parent=16718"}],"wp:term":[{"taxonomy":"category","embeddable":true,"href":"https:\/\/kinaikaleidoszkop.hu\/index.php\/wp-json\/wp\/v2\/categories?post=16718"},{"taxonomy":"post_tag","embeddable":true,"href":"https:\/\/kinaikaleidoszkop.hu\/index.php\/wp-json\/wp\/v2\/tags?post=16718"}],"curies":[{"name":"wp","href":"https:\/\/api.w.org\/{rel}","templated":true}]}}