{"id":16732,"date":"2023-03-17T12:36:42","date_gmt":"2023-03-17T11:36:42","guid":{"rendered":"https:\/\/kinaikaleidoszkop.hu\/?p=16732"},"modified":"2023-03-17T12:36:43","modified_gmt":"2023-03-17T11:36:43","slug":"dr-szlavik-janos-tobb-ezer-ember-halalat-tobb-tizezer-ember-korhazba-keruleset-akadalyoztak-meg-a-kinai-vedooltasok","status":"publish","type":"post","link":"https:\/\/kinaikaleidoszkop.hu\/index.php\/2023\/03\/17\/dr-szlavik-janos-tobb-ezer-ember-halalat-tobb-tizezer-ember-korhazba-keruleset-akadalyoztak-meg-a-kinai-vedooltasok\/","title":{"rendered":"Dr. Szl\u00e1vik J\u00e1nos: T\u00f6bb ezer ember hal\u00e1l\u00e1t, t\u00f6bb t\u00edzezer ember k\u00f3rh\u00e1zba ker\u00fcl\u00e9s\u00e9t akad\u00e1lyozt\u00e1k meg a k\u00ednai v\u00e9d\u0151olt\u00e1sok"},"content":{"rendered":"\n<p><strong>Cs\u00fct\u00f6rt\u00f6k\u00f6n rendezt\u00e9k meg a \u201eK\u00f6z\u00f6s sorsunk a nehez\u00edt\u0151 gondok t\u00fckr\u00e9ben\u201d c\u00edm\u0171 k\u00ednai\u2013magyar p\u00e1rbesz\u00e9det, amelyen Magyarorsz\u00e1g \u00e9s K\u00edna k\u00f6zeg\u00e9szs\u00e9g\u00fcgyi egy\u00fcttm\u0171k\u00f6d\u00e9se kapcs\u00e1n Dr. Szl\u00e1vik J\u00e1nos infektol\u00f3gus szakorvos besz\u00e9det tartott. A szakorvos szerint Magyarorsz\u00e1g K\u00edn\u00e1t\u00f3l hat\u00e9kony, biztons\u00e1gos k\u00ednai v\u00e9d\u0151olt\u00e1st kapott, amelyek t\u00f6bb ezer ember hal\u00e1l\u00e1t, t\u00f6bb t\u00edzezer ember k\u00f3rh\u00e1zba ker\u00fcl\u00e9s\u00e9t akad\u00e1lyozt\u00e1k meg. A j\u00e1rv\u00e1ny idej\u00e9n ugyanakkor sokat seg\u00edtett a Magyarorsz\u00e1gon \u00e9l\u0151 k\u00ednai k\u00f6z\u00f6ss\u00e9g is \u2013 eml\u00e9keztetett r\u00e1 Szl\u00e1vik.<\/strong><\/p>\n\n\n\n<p>A magyar szakorvos a p\u00e1rbesz\u00e9dprogram k\u00f6zben a CMG riporter\u00e9nek is interj\u00fat adott. Dr. Szl\u00e1vik J\u00e1nos rem\u00e9nyei szerint az emberis\u00e9g jobban tud majd v\u00e9dekezni az \u00faj v\u00edrusok, p\u00e9ld\u00e1ul a m\u00e9g csak \u00e1llatokban jelenl\u00e9v\u0151&nbsp;t\u00f6bb ezer v\u00edrus \u00e1ltal okozott j\u00e1rv\u00e1nyok ellen.<\/p>\n\n\n\n<p>A magyar szakorvossal k\u00e9sz\u00edtett interj\u00fa al\u00e1bb tekinthet\u0151 meg.<\/p>\n\n\n\n<figure class=\"wp-block-embed is-type-video is-provider-youtube wp-block-embed-youtube wp-embed-aspect-16-9 wp-has-aspect-ratio\"><div class=\"wp-block-embed__wrapper\">\n<iframe loading=\"lazy\" title=\"Interj\u00fa Dr. Szl\u00e1vik J\u00e1nossal\" width=\"1320\" height=\"743\" src=\"https:\/\/www.youtube.com\/embed\/3u9xUl-xnys?feature=oembed\" frameborder=\"0\" allow=\"accelerometer; autoplay; clipboard-write; encrypted-media; gyroscope; picture-in-picture; web-share\" allowfullscreen><\/iframe>\n<\/div><\/figure>\n\n\n\n<p><strong>2023. m\u00e1rcius 17.<\/strong><\/p>\n\n\n\n<p><strong><em>(China Media Group)<\/em><\/strong><\/p>\n\n\n\n<p><strong>(x)<\/strong><\/p>\n","protected":false},"excerpt":{"rendered":"<p>Cs\u00fct\u00f6rt\u00f6k\u00f6n rendezt\u00e9k meg a \u201eK\u00f6z\u00f6s sorsunk a nehez\u00edt\u0151 gondok t\u00fckr\u00e9ben\u201d c\u00edm\u0171 k\u00ednai\u2013magyar p\u00e1rbesz\u00e9det, amelyen Magyarorsz\u00e1g \u00e9s K\u00edna k\u00f6zeg\u00e9szs\u00e9g\u00fcgyi egy\u00fcttm\u0171k\u00f6d\u00e9se kapcs\u00e1n Dr. Szl\u00e1vik J\u00e1nos infektol\u00f3gus szakorvos besz\u00e9det tartott. A szakorvos szerint Magyarorsz\u00e1g K\u00edn\u00e1t\u00f3l hat\u00e9kony, biztons\u00e1gos k\u00ednai v\u00e9d\u0151olt\u00e1st kapott, amelyek t\u00f6bb ezer ember hal\u00e1l\u00e1t, t\u00f6bb t\u00edzezer ember k\u00f3rh\u00e1zba ker\u00fcl\u00e9s\u00e9t akad\u00e1lyozt\u00e1k meg. A j\u00e1rv\u00e1ny idej\u00e9n ugyanakkor sokat seg\u00edtett [&hellip;]<\/p>\n","protected":false},"author":2,"featured_media":16734,"comment_status":"closed","ping_status":"closed","sticky":false,"template":"","format":"standard","meta":{"footnotes":""},"categories":[91],"tags":[2132,2133,269,2131,2130,2134],"class_list":["post-16732","post","type-post","status-publish","format-standard","has-post-thumbnail","hentry","category-kepek-videok","tag-dr-szlavik-janos","tag-infektologus","tag-interju","tag-kinai-vedooltas","tag-kinai-magyar-parbeszed-2","tag-szakorvos"],"yoast_head":"<!-- This site is optimized with the Yoast SEO plugin v23.7 - https:\/\/yoast.com\/wordpress\/plugins\/seo\/ -->\n<title>Dr. Szl\u00e1vik J\u00e1nos: T\u00f6bb ezer ember hal\u00e1l\u00e1t, t\u00f6bb t\u00edzezer ember k\u00f3rh\u00e1zba ker\u00fcl\u00e9s\u00e9t akad\u00e1lyozt\u00e1k meg a k\u00ednai v\u00e9d\u0151olt\u00e1sok - kinaikaleidoszkop.hu<\/title>\n<meta name=\"robots\" content=\"index, follow, max-snippet:-1, max-image-preview:large, max-video-preview:-1\" \/>\n<link rel=\"canonical\" href=\"https:\/\/kinaikaleidoszkop.hu\/index.php\/2023\/03\/17\/dr-szlavik-janos-tobb-ezer-ember-halalat-tobb-tizezer-ember-korhazba-keruleset-akadalyoztak-meg-a-kinai-vedooltasok\/\" \/>\n<meta property=\"og:locale\" content=\"hu_HU\" \/>\n<meta property=\"og:type\" content=\"article\" \/>\n<meta property=\"og:title\" content=\"Dr. Szl\u00e1vik J\u00e1nos: T\u00f6bb ezer ember hal\u00e1l\u00e1t, t\u00f6bb t\u00edzezer ember k\u00f3rh\u00e1zba ker\u00fcl\u00e9s\u00e9t akad\u00e1lyozt\u00e1k meg a k\u00ednai v\u00e9d\u0151olt\u00e1sok - kinaikaleidoszkop.hu\" \/>\n<meta property=\"og:description\" content=\"Cs\u00fct\u00f6rt\u00f6k\u00f6n rendezt\u00e9k meg a \u201eK\u00f6z\u00f6s sorsunk a nehez\u00edt\u0151 gondok t\u00fckr\u00e9ben\u201d c\u00edm\u0171 k\u00ednai\u2013magyar p\u00e1rbesz\u00e9det, amelyen Magyarorsz\u00e1g \u00e9s K\u00edna k\u00f6zeg\u00e9szs\u00e9g\u00fcgyi egy\u00fcttm\u0171k\u00f6d\u00e9se kapcs\u00e1n Dr. Szl\u00e1vik J\u00e1nos infektol\u00f3gus szakorvos besz\u00e9det tartott. A szakorvos szerint Magyarorsz\u00e1g K\u00edn\u00e1t\u00f3l hat\u00e9kony, biztons\u00e1gos k\u00ednai v\u00e9d\u0151olt\u00e1st kapott, amelyek t\u00f6bb ezer ember hal\u00e1l\u00e1t, t\u00f6bb t\u00edzezer ember k\u00f3rh\u00e1zba ker\u00fcl\u00e9s\u00e9t akad\u00e1lyozt\u00e1k meg. A j\u00e1rv\u00e1ny idej\u00e9n ugyanakkor sokat seg\u00edtett [&hellip;]\" \/>\n<meta property=\"og:url\" content=\"https:\/\/kinaikaleidoszkop.hu\/index.php\/2023\/03\/17\/dr-szlavik-janos-tobb-ezer-ember-halalat-tobb-tizezer-ember-korhazba-keruleset-akadalyoztak-meg-a-kinai-vedooltasok\/\" \/>\n<meta property=\"og:site_name\" content=\"kinaikaleidoszkop.hu\" \/>\n<meta property=\"article:published_time\" content=\"2023-03-17T11:36:42+00:00\" \/>\n<meta property=\"article:modified_time\" content=\"2023-03-17T11:36:43+00:00\" \/>\n<meta property=\"og:image\" content=\"https:\/\/kinaikaleidoszkop.hu\/wp-content\/uploads\/2023\/03\/szlavik-1024x576.png\" \/>\n\t<meta property=\"og:image:width\" content=\"1024\" \/>\n\t<meta property=\"og:image:height\" content=\"576\" \/>\n\t<meta property=\"og:image:type\" content=\"image\/png\" \/>\n<meta name=\"author\" content=\"admin-szabolcs\" \/>\n<meta name=\"twitter:card\" content=\"summary_large_image\" \/>\n<meta name=\"twitter:label1\" content=\"Szerz\u0151:\" \/>\n\t<meta name=\"twitter:data1\" content=\"admin-szabolcs\" \/>\n\t<meta name=\"twitter:label2\" content=\"Becs\u00fclt olvas\u00e1si id\u0151\" \/>\n\t<meta name=\"twitter:data2\" content=\"1 perc\" \/>\n<script type=\"application\/ld+json\" class=\"yoast-schema-graph\">{\"@context\":\"https:\/\/schema.org\",\"@graph\":[{\"@type\":\"WebPage\",\"@id\":\"https:\/\/kinaikaleidoszkop.hu\/index.php\/2023\/03\/17\/dr-szlavik-janos-tobb-ezer-ember-halalat-tobb-tizezer-ember-korhazba-keruleset-akadalyoztak-meg-a-kinai-vedooltasok\/\",\"url\":\"https:\/\/kinaikaleidoszkop.hu\/index.php\/2023\/03\/17\/dr-szlavik-janos-tobb-ezer-ember-halalat-tobb-tizezer-ember-korhazba-keruleset-akadalyoztak-meg-a-kinai-vedooltasok\/\",\"name\":\"Dr. Szl\u00e1vik J\u00e1nos: T\u00f6bb ezer ember hal\u00e1l\u00e1t, t\u00f6bb t\u00edzezer ember k\u00f3rh\u00e1zba ker\u00fcl\u00e9s\u00e9t akad\u00e1lyozt\u00e1k meg a k\u00ednai v\u00e9d\u0151olt\u00e1sok - kinaikaleidoszkop.hu\",\"isPartOf\":{\"@id\":\"https:\/\/kinaikaleidoszkop.hu\/#website\"},\"primaryImageOfPage\":{\"@id\":\"https:\/\/kinaikaleidoszkop.hu\/index.php\/2023\/03\/17\/dr-szlavik-janos-tobb-ezer-ember-halalat-tobb-tizezer-ember-korhazba-keruleset-akadalyoztak-meg-a-kinai-vedooltasok\/#primaryimage\"},\"image\":{\"@id\":\"https:\/\/kinaikaleidoszkop.hu\/index.php\/2023\/03\/17\/dr-szlavik-janos-tobb-ezer-ember-halalat-tobb-tizezer-ember-korhazba-keruleset-akadalyoztak-meg-a-kinai-vedooltasok\/#primaryimage\"},\"thumbnailUrl\":\"https:\/\/kinaikaleidoszkop.hu\/wp-content\/uploads\/2023\/03\/szlavik.png\",\"datePublished\":\"2023-03-17T11:36:42+00:00\",\"dateModified\":\"2023-03-17T11:36:43+00:00\",\"author\":{\"@id\":\"https:\/\/kinaikaleidoszkop.hu\/#\/schema\/person\/b9e2febe742edd540c1197716ec02bf7\"},\"breadcrumb\":{\"@id\":\"https:\/\/kinaikaleidoszkop.hu\/index.php\/2023\/03\/17\/dr-szlavik-janos-tobb-ezer-ember-halalat-tobb-tizezer-ember-korhazba-keruleset-akadalyoztak-meg-a-kinai-vedooltasok\/#breadcrumb\"},\"inLanguage\":\"hu\",\"potentialAction\":[{\"@type\":\"ReadAction\",\"target\":[\"https:\/\/kinaikaleidoszkop.hu\/index.php\/2023\/03\/17\/dr-szlavik-janos-tobb-ezer-ember-halalat-tobb-tizezer-ember-korhazba-keruleset-akadalyoztak-meg-a-kinai-vedooltasok\/\"]}]},{\"@type\":\"ImageObject\",\"inLanguage\":\"hu\",\"@id\":\"https:\/\/kinaikaleidoszkop.hu\/index.php\/2023\/03\/17\/dr-szlavik-janos-tobb-ezer-ember-halalat-tobb-tizezer-ember-korhazba-keruleset-akadalyoztak-meg-a-kinai-vedooltasok\/#primaryimage\",\"url\":\"https:\/\/kinaikaleidoszkop.hu\/wp-content\/uploads\/2023\/03\/szlavik.png\",\"contentUrl\":\"https:\/\/kinaikaleidoszkop.hu\/wp-content\/uploads\/2023\/03\/szlavik.png\",\"width\":1920,\"height\":1080},{\"@type\":\"BreadcrumbList\",\"@id\":\"https:\/\/kinaikaleidoszkop.hu\/index.php\/2023\/03\/17\/dr-szlavik-janos-tobb-ezer-ember-halalat-tobb-tizezer-ember-korhazba-keruleset-akadalyoztak-meg-a-kinai-vedooltasok\/#breadcrumb\",\"itemListElement\":[{\"@type\":\"ListItem\",\"position\":1,\"name\":\"Kezd\u0151lap\",\"item\":\"https:\/\/kinaikaleidoszkop.hu\/\"},{\"@type\":\"ListItem\",\"position\":2,\"name\":\"Dr. Szl\u00e1vik J\u00e1nos: T\u00f6bb ezer ember hal\u00e1l\u00e1t, t\u00f6bb t\u00edzezer ember k\u00f3rh\u00e1zba ker\u00fcl\u00e9s\u00e9t akad\u00e1lyozt\u00e1k meg a k\u00ednai v\u00e9d\u0151olt\u00e1sok\"}]},{\"@type\":\"WebSite\",\"@id\":\"https:\/\/kinaikaleidoszkop.hu\/#website\",\"url\":\"https:\/\/kinaikaleidoszkop.hu\/\",\"name\":\"kinaikaleidoszkop.hu\",\"description\":\"\",\"potentialAction\":[{\"@type\":\"SearchAction\",\"target\":{\"@type\":\"EntryPoint\",\"urlTemplate\":\"https:\/\/kinaikaleidoszkop.hu\/?s={search_term_string}\"},\"query-input\":{\"@type\":\"PropertyValueSpecification\",\"valueRequired\":true,\"valueName\":\"search_term_string\"}}],\"inLanguage\":\"hu\"},{\"@type\":\"Person\",\"@id\":\"https:\/\/kinaikaleidoszkop.hu\/#\/schema\/person\/b9e2febe742edd540c1197716ec02bf7\",\"name\":\"admin-szabolcs\",\"image\":{\"@type\":\"ImageObject\",\"inLanguage\":\"hu\",\"@id\":\"https:\/\/kinaikaleidoszkop.hu\/#\/schema\/person\/image\/\",\"url\":\"https:\/\/secure.gravatar.com\/avatar\/154f262492794df2a6cb5d5349227b18ef8f85ab462fbb32625fc42406483d21?s=96&d=mm&r=g\",\"contentUrl\":\"https:\/\/secure.gravatar.com\/avatar\/154f262492794df2a6cb5d5349227b18ef8f85ab462fbb32625fc42406483d21?s=96&d=mm&r=g\",\"caption\":\"admin-szabolcs\"},\"url\":\"https:\/\/kinaikaleidoszkop.hu\/index.php\/author\/admin-szabolcs\/\"}]}<\/script>\n<!-- \/ Yoast SEO plugin. -->","yoast_head_json":{"title":"Dr. Szl\u00e1vik J\u00e1nos: T\u00f6bb ezer ember hal\u00e1l\u00e1t, t\u00f6bb t\u00edzezer ember k\u00f3rh\u00e1zba ker\u00fcl\u00e9s\u00e9t akad\u00e1lyozt\u00e1k meg a k\u00ednai v\u00e9d\u0151olt\u00e1sok - kinaikaleidoszkop.hu","robots":{"index":"index","follow":"follow","max-snippet":"max-snippet:-1","max-image-preview":"max-image-preview:large","max-video-preview":"max-video-preview:-1"},"canonical":"https:\/\/kinaikaleidoszkop.hu\/index.php\/2023\/03\/17\/dr-szlavik-janos-tobb-ezer-ember-halalat-tobb-tizezer-ember-korhazba-keruleset-akadalyoztak-meg-a-kinai-vedooltasok\/","og_locale":"hu_HU","og_type":"article","og_title":"Dr. Szl\u00e1vik J\u00e1nos: T\u00f6bb ezer ember hal\u00e1l\u00e1t, t\u00f6bb t\u00edzezer ember k\u00f3rh\u00e1zba ker\u00fcl\u00e9s\u00e9t akad\u00e1lyozt\u00e1k meg a k\u00ednai v\u00e9d\u0151olt\u00e1sok - kinaikaleidoszkop.hu","og_description":"Cs\u00fct\u00f6rt\u00f6k\u00f6n rendezt\u00e9k meg a \u201eK\u00f6z\u00f6s sorsunk a nehez\u00edt\u0151 gondok t\u00fckr\u00e9ben\u201d c\u00edm\u0171 k\u00ednai\u2013magyar p\u00e1rbesz\u00e9det, amelyen Magyarorsz\u00e1g \u00e9s K\u00edna k\u00f6zeg\u00e9szs\u00e9g\u00fcgyi egy\u00fcttm\u0171k\u00f6d\u00e9se kapcs\u00e1n Dr. Szl\u00e1vik J\u00e1nos infektol\u00f3gus szakorvos besz\u00e9det tartott. A szakorvos szerint Magyarorsz\u00e1g K\u00edn\u00e1t\u00f3l hat\u00e9kony, biztons\u00e1gos k\u00ednai v\u00e9d\u0151olt\u00e1st kapott, amelyek t\u00f6bb ezer ember hal\u00e1l\u00e1t, t\u00f6bb t\u00edzezer ember k\u00f3rh\u00e1zba ker\u00fcl\u00e9s\u00e9t akad\u00e1lyozt\u00e1k meg. A j\u00e1rv\u00e1ny idej\u00e9n ugyanakkor sokat seg\u00edtett [&hellip;]","og_url":"https:\/\/kinaikaleidoszkop.hu\/index.php\/2023\/03\/17\/dr-szlavik-janos-tobb-ezer-ember-halalat-tobb-tizezer-ember-korhazba-keruleset-akadalyoztak-meg-a-kinai-vedooltasok\/","og_site_name":"kinaikaleidoszkop.hu","article_published_time":"2023-03-17T11:36:42+00:00","article_modified_time":"2023-03-17T11:36:43+00:00","og_image":[{"width":1024,"height":576,"url":"https:\/\/kinaikaleidoszkop.hu\/wp-content\/uploads\/2023\/03\/szlavik-1024x576.png","type":"image\/png"}],"author":"admin-szabolcs","twitter_card":"summary_large_image","twitter_misc":{"Szerz\u0151:":"admin-szabolcs","Becs\u00fclt olvas\u00e1si id\u0151":"1 perc"},"schema":{"@context":"https:\/\/schema.org","@graph":[{"@type":"WebPage","@id":"https:\/\/kinaikaleidoszkop.hu\/index.php\/2023\/03\/17\/dr-szlavik-janos-tobb-ezer-ember-halalat-tobb-tizezer-ember-korhazba-keruleset-akadalyoztak-meg-a-kinai-vedooltasok\/","url":"https:\/\/kinaikaleidoszkop.hu\/index.php\/2023\/03\/17\/dr-szlavik-janos-tobb-ezer-ember-halalat-tobb-tizezer-ember-korhazba-keruleset-akadalyoztak-meg-a-kinai-vedooltasok\/","name":"Dr. Szl\u00e1vik J\u00e1nos: T\u00f6bb ezer ember hal\u00e1l\u00e1t, t\u00f6bb t\u00edzezer ember k\u00f3rh\u00e1zba ker\u00fcl\u00e9s\u00e9t akad\u00e1lyozt\u00e1k meg a k\u00ednai v\u00e9d\u0151olt\u00e1sok - kinaikaleidoszkop.hu","isPartOf":{"@id":"https:\/\/kinaikaleidoszkop.hu\/#website"},"primaryImageOfPage":{"@id":"https:\/\/kinaikaleidoszkop.hu\/index.php\/2023\/03\/17\/dr-szlavik-janos-tobb-ezer-ember-halalat-tobb-tizezer-ember-korhazba-keruleset-akadalyoztak-meg-a-kinai-vedooltasok\/#primaryimage"},"image":{"@id":"https:\/\/kinaikaleidoszkop.hu\/index.php\/2023\/03\/17\/dr-szlavik-janos-tobb-ezer-ember-halalat-tobb-tizezer-ember-korhazba-keruleset-akadalyoztak-meg-a-kinai-vedooltasok\/#primaryimage"},"thumbnailUrl":"https:\/\/kinaikaleidoszkop.hu\/wp-content\/uploads\/2023\/03\/szlavik.png","datePublished":"2023-03-17T11:36:42+00:00","dateModified":"2023-03-17T11:36:43+00:00","author":{"@id":"https:\/\/kinaikaleidoszkop.hu\/#\/schema\/person\/b9e2febe742edd540c1197716ec02bf7"},"breadcrumb":{"@id":"https:\/\/kinaikaleidoszkop.hu\/index.php\/2023\/03\/17\/dr-szlavik-janos-tobb-ezer-ember-halalat-tobb-tizezer-ember-korhazba-keruleset-akadalyoztak-meg-a-kinai-vedooltasok\/#breadcrumb"},"inLanguage":"hu","potentialAction":[{"@type":"ReadAction","target":["https:\/\/kinaikaleidoszkop.hu\/index.php\/2023\/03\/17\/dr-szlavik-janos-tobb-ezer-ember-halalat-tobb-tizezer-ember-korhazba-keruleset-akadalyoztak-meg-a-kinai-vedooltasok\/"]}]},{"@type":"ImageObject","inLanguage":"hu","@id":"https:\/\/kinaikaleidoszkop.hu\/index.php\/2023\/03\/17\/dr-szlavik-janos-tobb-ezer-ember-halalat-tobb-tizezer-ember-korhazba-keruleset-akadalyoztak-meg-a-kinai-vedooltasok\/#primaryimage","url":"https:\/\/kinaikaleidoszkop.hu\/wp-content\/uploads\/2023\/03\/szlavik.png","contentUrl":"https:\/\/kinaikaleidoszkop.hu\/wp-content\/uploads\/2023\/03\/szlavik.png","width":1920,"height":1080},{"@type":"BreadcrumbList","@id":"https:\/\/kinaikaleidoszkop.hu\/index.php\/2023\/03\/17\/dr-szlavik-janos-tobb-ezer-ember-halalat-tobb-tizezer-ember-korhazba-keruleset-akadalyoztak-meg-a-kinai-vedooltasok\/#breadcrumb","itemListElement":[{"@type":"ListItem","position":1,"name":"Kezd\u0151lap","item":"https:\/\/kinaikaleidoszkop.hu\/"},{"@type":"ListItem","position":2,"name":"Dr. Szl\u00e1vik J\u00e1nos: T\u00f6bb ezer ember hal\u00e1l\u00e1t, t\u00f6bb t\u00edzezer ember k\u00f3rh\u00e1zba ker\u00fcl\u00e9s\u00e9t akad\u00e1lyozt\u00e1k meg a k\u00ednai v\u00e9d\u0151olt\u00e1sok"}]},{"@type":"WebSite","@id":"https:\/\/kinaikaleidoszkop.hu\/#website","url":"https:\/\/kinaikaleidoszkop.hu\/","name":"kinaikaleidoszkop.hu","description":"","potentialAction":[{"@type":"SearchAction","target":{"@type":"EntryPoint","urlTemplate":"https:\/\/kinaikaleidoszkop.hu\/?s={search_term_string}"},"query-input":{"@type":"PropertyValueSpecification","valueRequired":true,"valueName":"search_term_string"}}],"inLanguage":"hu"},{"@type":"Person","@id":"https:\/\/kinaikaleidoszkop.hu\/#\/schema\/person\/b9e2febe742edd540c1197716ec02bf7","name":"admin-szabolcs","image":{"@type":"ImageObject","inLanguage":"hu","@id":"https:\/\/kinaikaleidoszkop.hu\/#\/schema\/person\/image\/","url":"https:\/\/secure.gravatar.com\/avatar\/154f262492794df2a6cb5d5349227b18ef8f85ab462fbb32625fc42406483d21?s=96&d=mm&r=g","contentUrl":"https:\/\/secure.gravatar.com\/avatar\/154f262492794df2a6cb5d5349227b18ef8f85ab462fbb32625fc42406483d21?s=96&d=mm&r=g","caption":"admin-szabolcs"},"url":"https:\/\/kinaikaleidoszkop.hu\/index.php\/author\/admin-szabolcs\/"}]}},"views":294,"distributor_meta":false,"distributor_terms":false,"distributor_media":false,"distributor_original_site_name":"kinaikaleidoszkop.hu","distributor_original_site_url":"https:\/\/kinaikaleidoszkop.hu","push-errors":false,"_links":{"self":[{"href":"https:\/\/kinaikaleidoszkop.hu\/index.php\/wp-json\/wp\/v2\/posts\/16732","targetHints":{"allow":["GET"]}}],"collection":[{"href":"https:\/\/kinaikaleidoszkop.hu\/index.php\/wp-json\/wp\/v2\/posts"}],"about":[{"href":"https:\/\/kinaikaleidoszkop.hu\/index.php\/wp-json\/wp\/v2\/types\/post"}],"author":[{"embeddable":true,"href":"https:\/\/kinaikaleidoszkop.hu\/index.php\/wp-json\/wp\/v2\/users\/2"}],"replies":[{"embeddable":true,"href":"https:\/\/kinaikaleidoszkop.hu\/index.php\/wp-json\/wp\/v2\/comments?post=16732"}],"version-history":[{"count":1,"href":"https:\/\/kinaikaleidoszkop.hu\/index.php\/wp-json\/wp\/v2\/posts\/16732\/revisions"}],"predecessor-version":[{"id":16735,"href":"https:\/\/kinaikaleidoszkop.hu\/index.php\/wp-json\/wp\/v2\/posts\/16732\/revisions\/16735"}],"wp:featuredmedia":[{"embeddable":true,"href":"https:\/\/kinaikaleidoszkop.hu\/index.php\/wp-json\/wp\/v2\/media\/16734"}],"wp:attachment":[{"href":"https:\/\/kinaikaleidoszkop.hu\/index.php\/wp-json\/wp\/v2\/media?parent=16732"}],"wp:term":[{"taxonomy":"category","embeddable":true,"href":"https:\/\/kinaikaleidoszkop.hu\/index.php\/wp-json\/wp\/v2\/categories?post=16732"},{"taxonomy":"post_tag","embeddable":true,"href":"https:\/\/kinaikaleidoszkop.hu\/index.php\/wp-json\/wp\/v2\/tags?post=16732"}],"curies":[{"name":"wp","href":"https:\/\/api.w.org\/{rel}","templated":true}]}}