{"id":16830,"date":"2023-03-24T14:46:13","date_gmt":"2023-03-24T13:46:13","guid":{"rendered":"https:\/\/kinaikaleidoszkop.hu\/?p=16830"},"modified":"2023-03-24T15:01:59","modified_gmt":"2023-03-24T14:01:59","slug":"pekingben-most-zajlik-a-demokracia-kozos-ertekek-az-egesz-emberiseg-szamara-cimu-nemzetkozi-forum","status":"publish","type":"post","link":"https:\/\/kinaikaleidoszkop.hu\/index.php\/2023\/03\/24\/pekingben-most-zajlik-a-demokracia-kozos-ertekek-az-egesz-emberiseg-szamara-cimu-nemzetkozi-forum\/","title":{"rendered":"Pekingben most zajlik a Demokr\u00e1cia: K\u00f6z\u00f6s \u00e9rt\u00e9kek az eg\u00e9sz emberis\u00e9g sz\u00e1m\u00e1ra c\u00edm\u0171 nemzetk\u00f6zi f\u00f3rum"},"content":{"rendered":"\n<p><strong>Most tartj\u00e1k Pekingben a m\u00e1sodik Demokr\u00e1cia: K\u00f6z\u00f6s \u00e9rt\u00e9kek az eg\u00e9sz emberis\u00e9g sz\u00e1m\u00e1ra c\u00edm\u0171 nemzetk\u00f6zi f\u00f3rumot, amelyen t\u00f6bb mint 100 orsz\u00e1gb\u00f3l \u00e9s ter\u00fcletr\u0151l t\u00f6bb mint 300 vend\u00e9g vesz r\u00e9szt online \u00e9s offline kombin\u00e1ci\u00f3ban.<\/strong><\/p>\n\n\n\n<p>T\u00f6bb orsz\u00e1g egykori politikusai, nemzetk\u00f6zi szervezetek k\u00e9pvisel\u0151i \u00e9s szak\u00e9rt\u0151k a \u201eDemokr\u00e1cia \u00e9s glob\u00e1lis korm\u00e1nyz\u00e1s\u201d, \u201eDemokr\u00e1cia \u00e9s a civiliz\u00e1ci\u00f3k sokf\u00e9les\u00e9ge\u201d, \u201eDemokr\u00e1cia \u00e9s a moderniz\u00e1ci\u00f3hoz vezet\u0151 \u00fat\u201d t\u00e9m\u00e1kr\u00f3l folytatnak megbesz\u00e9l\u00e9seket.<\/p>\n\n\n\n<p>\u201eK\u00edn\u00e1ban a demokr\u00e1cia modellj\u00e9nek kialak\u00edt\u00e1sa nem v\u00e1laszthat\u00f3 el a k\u00ednai saj\u00e1toss\u00e1g\u00fa szocializmus \u00e9p\u00edt\u00e9s\u00e9t\u0151l, amely a n\u00e9pet helyezi minden politika k\u00f6zpontj\u00e1ba\u201d \u2013 mondta Jos\u00e9 Luis Centella, a Spanyol Kommunista P\u00e1rt eln\u00f6ke.<\/p>\n\n\n\n<p>\u201eAki nem tiszteli m\u00e1sok m\u00e9lt\u00f3s\u00e1g\u00e1t, aki nem tiszteli az orsz\u00e1gok szuverenit\u00e1s\u00e1t, nem nevezheti mag\u00e1t a demokr\u00e1cia v\u00e9delmez\u0151j\u00e9nek\u201d \u2013 mondta Fred Mmembe, a Zambiai Szocialista P\u00e1rt eln\u00f6ke.<\/p>\n\n\n\n<figure class=\"wp-block-image size-full\"><img loading=\"lazy\" decoding=\"async\" width=\"1023\" height=\"646\" src=\"https:\/\/kinaikaleidoszkop.hu\/wp-content\/uploads\/2023\/03\/032401.jpg\" alt=\"\" class=\"wp-image-16832\" srcset=\"https:\/\/kinaikaleidoszkop.hu\/wp-content\/uploads\/2023\/03\/032401.jpg 1023w, https:\/\/kinaikaleidoszkop.hu\/wp-content\/uploads\/2023\/03\/032401-300x189.jpg 300w, https:\/\/kinaikaleidoszkop.hu\/wp-content\/uploads\/2023\/03\/032401-768x485.jpg 768w, https:\/\/kinaikaleidoszkop.hu\/wp-content\/uploads\/2023\/03\/032401-990x625.jpg 990w\" sizes=\"auto, (max-width: 1023px) 100vw, 1023px\" \/><\/figure>\n\n\n\n<p>Zheng Yongnian, a Hongkongi K\u00ednai Nyelv\u0171 Egyetem (Shenzhen) professzora elmondta: \u201eK\u00edna megtal\u00e1lta \u00e9s kifejleszti saj\u00e1t form\u00e1j\u00fa demokr\u00e1ci\u00e1t, amely illeszkedik maga civiliz\u00e1ci\u00f3j\u00e1hoz, kult\u00far\u00e1j\u00e1hoz \u00e9s adotts\u00e1gaihoz.\u201d<\/p>\n\n\n\n<p>Jeffrey D. Sachs, az amerikai Columbia Egyetem professzora azt mondta, hogy a j\u00f3 korm\u00e1nyz\u00e1snak m\u00e9ly b\u00f6lcsess\u00e9g\u0171 hagyom\u00e1nyokon, a hossz\u00fa t\u00f6rt\u00e9nelm\u0171 k\u00f6zigazgat\u00e1s tapasztalatain \u00e9s a nemzeti kult\u00far\u00e1k t\u00f6rt\u00e9net\u00e9n kell alapulnia, illetve a k\u00f6z\u00f6s \u00e9rdekeket \u00e9s a nemzetk\u00f6zi egy\u00fcttm\u0171k\u00f6d\u00e9seket kell c\u00e9lul kit\u0171znie.<\/p>\n\n\n\n<p>\u201eA vil\u00e1g mai z\u0171rzavar\u00e1nak oka az \u00e9rt\u00e9kkonfliktus\u201d &#8211; mondta Yukio Hatoyama volt jap\u00e1n minisztereln\u00f6k, \u00e9s kifejtette, hogy \u201ea diplom\u00e1cia az \u00e9rt\u00e9kk\u00fcl\u00f6nbs\u00e9gek lek\u00fczd\u00e9s\u00e9r\u0151l sz\u00f3l\u201d, illetve k\u00f6lcs\u00f6n\u00f6s tisztelettel, k\u00f6lcs\u00f6n\u00f6s meg\u00e9rt\u00e9ssel, k\u00f6lcs\u00f6n\u00f6s seg\u00edts\u00e9gny\u00fajt\u00e1ssal, \u00f6nell\u00e1t\u00e1ssal \u00e9s a testv\u00e9ris\u00e9g szellem\u00e9vel k\u00fczdeni kell a mai vil\u00e1g instabilit\u00e1sa ellen.<\/p>\n\n\n\n<p>Abhisit Vejjajiva volt thaif\u00f6ldi minisztereln\u00f6k kifejtette, hogy t\u00f6bboldal\u00fa meg\u00e1llapod\u00e1sb\u00f3l sz\u00fcletett demokr\u00e1ciai norm\u00e1kat \u00e9s ide\u00e1lokat kell megval\u00f3s\u00edtaniuk az orsz\u00e1goknak, aminek \u00f6szt\u00f6nz\u00e9s\u00e9ben a nemzetk\u00f6zi szervezetek struktur\u00e1lis szerepet j\u00e1tszanak.<\/p>\n\n\n\n<p>Mushahid Hussain Sayed, a pakiszt\u00e1ni szen\u00e1tus v\u00e9delmi bizotts\u00e1g\u00e1nak eln\u00f6ke az emberek \u00e9let\u00e9nek \u00e9s meg\u00e9lhet\u00e9s\u00e9nek jav\u00edt\u00e1s\u00e1ra sz\u00f3l\u00edtotta fel az orsz\u00e1gokat, hogy szebb j\u00f6v\u0151t \u00e9p\u00edtsenek fel.<\/p>\n\n\n\n<p>George Galloway, a brit Munk\u00e1sp\u00e1rt vezet\u0151je, egykori parlamenti k\u00e9pvisel\u0151 megosztotta felfog\u00e1s\u00e1t a demokr\u00e1ci\u00e1r\u00f3l, \u00e9s kifejtette, hogy a demokr\u00e1cia form\u00e1ja ki\u00fcr\u00fclt a nyugati orsz\u00e1gokban.<\/p>\n\n\n\n<p><strong>2023. 03. 24.<\/strong><\/p>\n\n\n\n<p><strong><em>(China Media Group)<\/em><\/strong><\/p>\n\n\n\n<p><strong>(x)<\/strong><\/p>\n","protected":false},"excerpt":{"rendered":"<p>Most tartj\u00e1k Pekingben a m\u00e1sodik Demokr\u00e1cia: K\u00f6z\u00f6s \u00e9rt\u00e9kek az eg\u00e9sz emberis\u00e9g sz\u00e1m\u00e1ra c\u00edm\u0171 nemzetk\u00f6zi f\u00f3rumot, amelyen t\u00f6bb mint 100 orsz\u00e1gb\u00f3l \u00e9s ter\u00fcletr\u0151l t\u00f6bb mint 300 vend\u00e9g vesz r\u00e9szt online \u00e9s offline kombin\u00e1ci\u00f3ban. T\u00f6bb orsz\u00e1g egykori politikusai, nemzetk\u00f6zi szervezetek k\u00e9pvisel\u0151i \u00e9s szak\u00e9rt\u0151k a \u201eDemokr\u00e1cia \u00e9s glob\u00e1lis korm\u00e1nyz\u00e1s\u201d, \u201eDemokr\u00e1cia \u00e9s a civiliz\u00e1ci\u00f3k sokf\u00e9les\u00e9ge\u201d, \u201eDemokr\u00e1cia \u00e9s a moderniz\u00e1ci\u00f3hoz [&hellip;]<\/p>\n","protected":false},"author":6,"featured_media":16832,"comment_status":"open","ping_status":"open","sticky":false,"template":"","format":"standard","meta":{"footnotes":""},"categories":[45],"tags":[430,2176,1167,141],"class_list":["post-16830","post","type-post","status-publish","format-standard","has-post-thumbnail","hentry","category-hirek","tag-demokracia","tag-demokracia-kozos-ertekek-az-egesz-emberiseg-szamara","tag-forum","tag-peking"],"yoast_head":"<!-- This site is optimized with the Yoast SEO plugin v23.7 - https:\/\/yoast.com\/wordpress\/plugins\/seo\/ -->\n<title>Pekingben most zajlik a Demokr\u00e1cia: K\u00f6z\u00f6s \u00e9rt\u00e9kek az eg\u00e9sz emberis\u00e9g sz\u00e1m\u00e1ra c\u00edm\u0171 nemzetk\u00f6zi f\u00f3rum - kinaikaleidoszkop.hu<\/title>\n<meta name=\"robots\" content=\"index, follow, max-snippet:-1, max-image-preview:large, max-video-preview:-1\" \/>\n<link rel=\"canonical\" href=\"https:\/\/kinaikaleidoszkop.hu\/index.php\/2023\/03\/24\/pekingben-most-zajlik-a-demokracia-kozos-ertekek-az-egesz-emberiseg-szamara-cimu-nemzetkozi-forum\/\" \/>\n<meta property=\"og:locale\" content=\"hu_HU\" \/>\n<meta property=\"og:type\" content=\"article\" \/>\n<meta property=\"og:title\" content=\"Pekingben most zajlik a Demokr\u00e1cia: K\u00f6z\u00f6s \u00e9rt\u00e9kek az eg\u00e9sz emberis\u00e9g sz\u00e1m\u00e1ra c\u00edm\u0171 nemzetk\u00f6zi f\u00f3rum - kinaikaleidoszkop.hu\" \/>\n<meta property=\"og:description\" content=\"Most tartj\u00e1k Pekingben a m\u00e1sodik Demokr\u00e1cia: K\u00f6z\u00f6s \u00e9rt\u00e9kek az eg\u00e9sz emberis\u00e9g sz\u00e1m\u00e1ra c\u00edm\u0171 nemzetk\u00f6zi f\u00f3rumot, amelyen t\u00f6bb mint 100 orsz\u00e1gb\u00f3l \u00e9s ter\u00fcletr\u0151l t\u00f6bb mint 300 vend\u00e9g vesz r\u00e9szt online \u00e9s offline kombin\u00e1ci\u00f3ban. T\u00f6bb orsz\u00e1g egykori politikusai, nemzetk\u00f6zi szervezetek k\u00e9pvisel\u0151i \u00e9s szak\u00e9rt\u0151k a \u201eDemokr\u00e1cia \u00e9s glob\u00e1lis korm\u00e1nyz\u00e1s\u201d, \u201eDemokr\u00e1cia \u00e9s a civiliz\u00e1ci\u00f3k sokf\u00e9les\u00e9ge\u201d, \u201eDemokr\u00e1cia \u00e9s a moderniz\u00e1ci\u00f3hoz [&hellip;]\" \/>\n<meta property=\"og:url\" content=\"https:\/\/kinaikaleidoszkop.hu\/index.php\/2023\/03\/24\/pekingben-most-zajlik-a-demokracia-kozos-ertekek-az-egesz-emberiseg-szamara-cimu-nemzetkozi-forum\/\" \/>\n<meta property=\"og:site_name\" content=\"kinaikaleidoszkop.hu\" \/>\n<meta property=\"article:published_time\" content=\"2023-03-24T13:46:13+00:00\" \/>\n<meta property=\"article:modified_time\" content=\"2023-03-24T14:01:59+00:00\" \/>\n<meta property=\"og:image\" content=\"https:\/\/kinaikaleidoszkop.hu\/wp-content\/uploads\/2023\/03\/032401.jpg\" \/>\n\t<meta property=\"og:image:width\" content=\"1023\" \/>\n\t<meta property=\"og:image:height\" content=\"646\" \/>\n\t<meta property=\"og:image:type\" content=\"image\/jpeg\" \/>\n<meta name=\"author\" content=\"admin-sebi\" \/>\n<meta name=\"twitter:card\" content=\"summary_large_image\" \/>\n<meta name=\"twitter:label1\" content=\"Szerz\u0151:\" \/>\n\t<meta name=\"twitter:data1\" content=\"admin-sebi\" \/>\n\t<meta name=\"twitter:label2\" content=\"Becs\u00fclt olvas\u00e1si id\u0151\" \/>\n\t<meta name=\"twitter:data2\" content=\"2 perc\" \/>\n<script type=\"application\/ld+json\" class=\"yoast-schema-graph\">{\"@context\":\"https:\/\/schema.org\",\"@graph\":[{\"@type\":\"WebPage\",\"@id\":\"https:\/\/kinaikaleidoszkop.hu\/index.php\/2023\/03\/24\/pekingben-most-zajlik-a-demokracia-kozos-ertekek-az-egesz-emberiseg-szamara-cimu-nemzetkozi-forum\/\",\"url\":\"https:\/\/kinaikaleidoszkop.hu\/index.php\/2023\/03\/24\/pekingben-most-zajlik-a-demokracia-kozos-ertekek-az-egesz-emberiseg-szamara-cimu-nemzetkozi-forum\/\",\"name\":\"Pekingben most zajlik a Demokr\u00e1cia: K\u00f6z\u00f6s \u00e9rt\u00e9kek az eg\u00e9sz emberis\u00e9g sz\u00e1m\u00e1ra c\u00edm\u0171 nemzetk\u00f6zi f\u00f3rum - kinaikaleidoszkop.hu\",\"isPartOf\":{\"@id\":\"https:\/\/kinaikaleidoszkop.hu\/#website\"},\"primaryImageOfPage\":{\"@id\":\"https:\/\/kinaikaleidoszkop.hu\/index.php\/2023\/03\/24\/pekingben-most-zajlik-a-demokracia-kozos-ertekek-az-egesz-emberiseg-szamara-cimu-nemzetkozi-forum\/#primaryimage\"},\"image\":{\"@id\":\"https:\/\/kinaikaleidoszkop.hu\/index.php\/2023\/03\/24\/pekingben-most-zajlik-a-demokracia-kozos-ertekek-az-egesz-emberiseg-szamara-cimu-nemzetkozi-forum\/#primaryimage\"},\"thumbnailUrl\":\"https:\/\/kinaikaleidoszkop.hu\/wp-content\/uploads\/2023\/03\/032401.jpg\",\"datePublished\":\"2023-03-24T13:46:13+00:00\",\"dateModified\":\"2023-03-24T14:01:59+00:00\",\"author\":{\"@id\":\"https:\/\/kinaikaleidoszkop.hu\/#\/schema\/person\/fd215d3a8bab54daeb796ae166f99ea5\"},\"breadcrumb\":{\"@id\":\"https:\/\/kinaikaleidoszkop.hu\/index.php\/2023\/03\/24\/pekingben-most-zajlik-a-demokracia-kozos-ertekek-az-egesz-emberiseg-szamara-cimu-nemzetkozi-forum\/#breadcrumb\"},\"inLanguage\":\"hu\",\"potentialAction\":[{\"@type\":\"ReadAction\",\"target\":[\"https:\/\/kinaikaleidoszkop.hu\/index.php\/2023\/03\/24\/pekingben-most-zajlik-a-demokracia-kozos-ertekek-az-egesz-emberiseg-szamara-cimu-nemzetkozi-forum\/\"]}]},{\"@type\":\"ImageObject\",\"inLanguage\":\"hu\",\"@id\":\"https:\/\/kinaikaleidoszkop.hu\/index.php\/2023\/03\/24\/pekingben-most-zajlik-a-demokracia-kozos-ertekek-az-egesz-emberiseg-szamara-cimu-nemzetkozi-forum\/#primaryimage\",\"url\":\"https:\/\/kinaikaleidoszkop.hu\/wp-content\/uploads\/2023\/03\/032401.jpg\",\"contentUrl\":\"https:\/\/kinaikaleidoszkop.hu\/wp-content\/uploads\/2023\/03\/032401.jpg\",\"width\":1023,\"height\":646},{\"@type\":\"BreadcrumbList\",\"@id\":\"https:\/\/kinaikaleidoszkop.hu\/index.php\/2023\/03\/24\/pekingben-most-zajlik-a-demokracia-kozos-ertekek-az-egesz-emberiseg-szamara-cimu-nemzetkozi-forum\/#breadcrumb\",\"itemListElement\":[{\"@type\":\"ListItem\",\"position\":1,\"name\":\"Kezd\u0151lap\",\"item\":\"https:\/\/kinaikaleidoszkop.hu\/\"},{\"@type\":\"ListItem\",\"position\":2,\"name\":\"Pekingben most zajlik a Demokr\u00e1cia: K\u00f6z\u00f6s \u00e9rt\u00e9kek az eg\u00e9sz emberis\u00e9g sz\u00e1m\u00e1ra c\u00edm\u0171 nemzetk\u00f6zi f\u00f3rum\"}]},{\"@type\":\"WebSite\",\"@id\":\"https:\/\/kinaikaleidoszkop.hu\/#website\",\"url\":\"https:\/\/kinaikaleidoszkop.hu\/\",\"name\":\"kinaikaleidoszkop.hu\",\"description\":\"\",\"potentialAction\":[{\"@type\":\"SearchAction\",\"target\":{\"@type\":\"EntryPoint\",\"urlTemplate\":\"https:\/\/kinaikaleidoszkop.hu\/?s={search_term_string}\"},\"query-input\":{\"@type\":\"PropertyValueSpecification\",\"valueRequired\":true,\"valueName\":\"search_term_string\"}}],\"inLanguage\":\"hu\"},{\"@type\":\"Person\",\"@id\":\"https:\/\/kinaikaleidoszkop.hu\/#\/schema\/person\/fd215d3a8bab54daeb796ae166f99ea5\",\"name\":\"admin-sebi\",\"image\":{\"@type\":\"ImageObject\",\"inLanguage\":\"hu\",\"@id\":\"https:\/\/kinaikaleidoszkop.hu\/#\/schema\/person\/image\/\",\"url\":\"https:\/\/secure.gravatar.com\/avatar\/b1498042bc4969020b4951f204f963e97c3d7d199f3790c1071adf67c61d0aa5?s=96&d=mm&r=g\",\"contentUrl\":\"https:\/\/secure.gravatar.com\/avatar\/b1498042bc4969020b4951f204f963e97c3d7d199f3790c1071adf67c61d0aa5?s=96&d=mm&r=g\",\"caption\":\"admin-sebi\"},\"url\":\"https:\/\/kinaikaleidoszkop.hu\/index.php\/author\/admin-sebi\/\"}]}<\/script>\n<!-- \/ Yoast SEO plugin. -->","yoast_head_json":{"title":"Pekingben most zajlik a Demokr\u00e1cia: K\u00f6z\u00f6s \u00e9rt\u00e9kek az eg\u00e9sz emberis\u00e9g sz\u00e1m\u00e1ra c\u00edm\u0171 nemzetk\u00f6zi f\u00f3rum - kinaikaleidoszkop.hu","robots":{"index":"index","follow":"follow","max-snippet":"max-snippet:-1","max-image-preview":"max-image-preview:large","max-video-preview":"max-video-preview:-1"},"canonical":"https:\/\/kinaikaleidoszkop.hu\/index.php\/2023\/03\/24\/pekingben-most-zajlik-a-demokracia-kozos-ertekek-az-egesz-emberiseg-szamara-cimu-nemzetkozi-forum\/","og_locale":"hu_HU","og_type":"article","og_title":"Pekingben most zajlik a Demokr\u00e1cia: K\u00f6z\u00f6s \u00e9rt\u00e9kek az eg\u00e9sz emberis\u00e9g sz\u00e1m\u00e1ra c\u00edm\u0171 nemzetk\u00f6zi f\u00f3rum - kinaikaleidoszkop.hu","og_description":"Most tartj\u00e1k Pekingben a m\u00e1sodik Demokr\u00e1cia: K\u00f6z\u00f6s \u00e9rt\u00e9kek az eg\u00e9sz emberis\u00e9g sz\u00e1m\u00e1ra c\u00edm\u0171 nemzetk\u00f6zi f\u00f3rumot, amelyen t\u00f6bb mint 100 orsz\u00e1gb\u00f3l \u00e9s ter\u00fcletr\u0151l t\u00f6bb mint 300 vend\u00e9g vesz r\u00e9szt online \u00e9s offline kombin\u00e1ci\u00f3ban. T\u00f6bb orsz\u00e1g egykori politikusai, nemzetk\u00f6zi szervezetek k\u00e9pvisel\u0151i \u00e9s szak\u00e9rt\u0151k a \u201eDemokr\u00e1cia \u00e9s glob\u00e1lis korm\u00e1nyz\u00e1s\u201d, \u201eDemokr\u00e1cia \u00e9s a civiliz\u00e1ci\u00f3k sokf\u00e9les\u00e9ge\u201d, \u201eDemokr\u00e1cia \u00e9s a moderniz\u00e1ci\u00f3hoz [&hellip;]","og_url":"https:\/\/kinaikaleidoszkop.hu\/index.php\/2023\/03\/24\/pekingben-most-zajlik-a-demokracia-kozos-ertekek-az-egesz-emberiseg-szamara-cimu-nemzetkozi-forum\/","og_site_name":"kinaikaleidoszkop.hu","article_published_time":"2023-03-24T13:46:13+00:00","article_modified_time":"2023-03-24T14:01:59+00:00","og_image":[{"width":1023,"height":646,"url":"https:\/\/kinaikaleidoszkop.hu\/wp-content\/uploads\/2023\/03\/032401.jpg","type":"image\/jpeg"}],"author":"admin-sebi","twitter_card":"summary_large_image","twitter_misc":{"Szerz\u0151:":"admin-sebi","Becs\u00fclt olvas\u00e1si id\u0151":"2 perc"},"schema":{"@context":"https:\/\/schema.org","@graph":[{"@type":"WebPage","@id":"https:\/\/kinaikaleidoszkop.hu\/index.php\/2023\/03\/24\/pekingben-most-zajlik-a-demokracia-kozos-ertekek-az-egesz-emberiseg-szamara-cimu-nemzetkozi-forum\/","url":"https:\/\/kinaikaleidoszkop.hu\/index.php\/2023\/03\/24\/pekingben-most-zajlik-a-demokracia-kozos-ertekek-az-egesz-emberiseg-szamara-cimu-nemzetkozi-forum\/","name":"Pekingben most zajlik a Demokr\u00e1cia: K\u00f6z\u00f6s \u00e9rt\u00e9kek az eg\u00e9sz emberis\u00e9g sz\u00e1m\u00e1ra c\u00edm\u0171 nemzetk\u00f6zi f\u00f3rum - kinaikaleidoszkop.hu","isPartOf":{"@id":"https:\/\/kinaikaleidoszkop.hu\/#website"},"primaryImageOfPage":{"@id":"https:\/\/kinaikaleidoszkop.hu\/index.php\/2023\/03\/24\/pekingben-most-zajlik-a-demokracia-kozos-ertekek-az-egesz-emberiseg-szamara-cimu-nemzetkozi-forum\/#primaryimage"},"image":{"@id":"https:\/\/kinaikaleidoszkop.hu\/index.php\/2023\/03\/24\/pekingben-most-zajlik-a-demokracia-kozos-ertekek-az-egesz-emberiseg-szamara-cimu-nemzetkozi-forum\/#primaryimage"},"thumbnailUrl":"https:\/\/kinaikaleidoszkop.hu\/wp-content\/uploads\/2023\/03\/032401.jpg","datePublished":"2023-03-24T13:46:13+00:00","dateModified":"2023-03-24T14:01:59+00:00","author":{"@id":"https:\/\/kinaikaleidoszkop.hu\/#\/schema\/person\/fd215d3a8bab54daeb796ae166f99ea5"},"breadcrumb":{"@id":"https:\/\/kinaikaleidoszkop.hu\/index.php\/2023\/03\/24\/pekingben-most-zajlik-a-demokracia-kozos-ertekek-az-egesz-emberiseg-szamara-cimu-nemzetkozi-forum\/#breadcrumb"},"inLanguage":"hu","potentialAction":[{"@type":"ReadAction","target":["https:\/\/kinaikaleidoszkop.hu\/index.php\/2023\/03\/24\/pekingben-most-zajlik-a-demokracia-kozos-ertekek-az-egesz-emberiseg-szamara-cimu-nemzetkozi-forum\/"]}]},{"@type":"ImageObject","inLanguage":"hu","@id":"https:\/\/kinaikaleidoszkop.hu\/index.php\/2023\/03\/24\/pekingben-most-zajlik-a-demokracia-kozos-ertekek-az-egesz-emberiseg-szamara-cimu-nemzetkozi-forum\/#primaryimage","url":"https:\/\/kinaikaleidoszkop.hu\/wp-content\/uploads\/2023\/03\/032401.jpg","contentUrl":"https:\/\/kinaikaleidoszkop.hu\/wp-content\/uploads\/2023\/03\/032401.jpg","width":1023,"height":646},{"@type":"BreadcrumbList","@id":"https:\/\/kinaikaleidoszkop.hu\/index.php\/2023\/03\/24\/pekingben-most-zajlik-a-demokracia-kozos-ertekek-az-egesz-emberiseg-szamara-cimu-nemzetkozi-forum\/#breadcrumb","itemListElement":[{"@type":"ListItem","position":1,"name":"Kezd\u0151lap","item":"https:\/\/kinaikaleidoszkop.hu\/"},{"@type":"ListItem","position":2,"name":"Pekingben most zajlik a Demokr\u00e1cia: K\u00f6z\u00f6s \u00e9rt\u00e9kek az eg\u00e9sz emberis\u00e9g sz\u00e1m\u00e1ra c\u00edm\u0171 nemzetk\u00f6zi f\u00f3rum"}]},{"@type":"WebSite","@id":"https:\/\/kinaikaleidoszkop.hu\/#website","url":"https:\/\/kinaikaleidoszkop.hu\/","name":"kinaikaleidoszkop.hu","description":"","potentialAction":[{"@type":"SearchAction","target":{"@type":"EntryPoint","urlTemplate":"https:\/\/kinaikaleidoszkop.hu\/?s={search_term_string}"},"query-input":{"@type":"PropertyValueSpecification","valueRequired":true,"valueName":"search_term_string"}}],"inLanguage":"hu"},{"@type":"Person","@id":"https:\/\/kinaikaleidoszkop.hu\/#\/schema\/person\/fd215d3a8bab54daeb796ae166f99ea5","name":"admin-sebi","image":{"@type":"ImageObject","inLanguage":"hu","@id":"https:\/\/kinaikaleidoszkop.hu\/#\/schema\/person\/image\/","url":"https:\/\/secure.gravatar.com\/avatar\/b1498042bc4969020b4951f204f963e97c3d7d199f3790c1071adf67c61d0aa5?s=96&d=mm&r=g","contentUrl":"https:\/\/secure.gravatar.com\/avatar\/b1498042bc4969020b4951f204f963e97c3d7d199f3790c1071adf67c61d0aa5?s=96&d=mm&r=g","caption":"admin-sebi"},"url":"https:\/\/kinaikaleidoszkop.hu\/index.php\/author\/admin-sebi\/"}]}},"views":296,"distributor_meta":false,"distributor_terms":false,"distributor_media":false,"distributor_original_site_name":"kinaikaleidoszkop.hu","distributor_original_site_url":"https:\/\/kinaikaleidoszkop.hu","push-errors":false,"_links":{"self":[{"href":"https:\/\/kinaikaleidoszkop.hu\/index.php\/wp-json\/wp\/v2\/posts\/16830","targetHints":{"allow":["GET"]}}],"collection":[{"href":"https:\/\/kinaikaleidoszkop.hu\/index.php\/wp-json\/wp\/v2\/posts"}],"about":[{"href":"https:\/\/kinaikaleidoszkop.hu\/index.php\/wp-json\/wp\/v2\/types\/post"}],"author":[{"embeddable":true,"href":"https:\/\/kinaikaleidoszkop.hu\/index.php\/wp-json\/wp\/v2\/users\/6"}],"replies":[{"embeddable":true,"href":"https:\/\/kinaikaleidoszkop.hu\/index.php\/wp-json\/wp\/v2\/comments?post=16830"}],"version-history":[{"count":2,"href":"https:\/\/kinaikaleidoszkop.hu\/index.php\/wp-json\/wp\/v2\/posts\/16830\/revisions"}],"predecessor-version":[{"id":16835,"href":"https:\/\/kinaikaleidoszkop.hu\/index.php\/wp-json\/wp\/v2\/posts\/16830\/revisions\/16835"}],"wp:featuredmedia":[{"embeddable":true,"href":"https:\/\/kinaikaleidoszkop.hu\/index.php\/wp-json\/wp\/v2\/media\/16832"}],"wp:attachment":[{"href":"https:\/\/kinaikaleidoszkop.hu\/index.php\/wp-json\/wp\/v2\/media?parent=16830"}],"wp:term":[{"taxonomy":"category","embeddable":true,"href":"https:\/\/kinaikaleidoszkop.hu\/index.php\/wp-json\/wp\/v2\/categories?post=16830"},{"taxonomy":"post_tag","embeddable":true,"href":"https:\/\/kinaikaleidoszkop.hu\/index.php\/wp-json\/wp\/v2\/tags?post=16830"}],"curies":[{"name":"wp","href":"https:\/\/api.w.org\/{rel}","templated":true}]}}