{"id":16879,"date":"2023-03-29T10:01:00","date_gmt":"2023-03-29T08:01:00","guid":{"rendered":"https:\/\/kinaikaleidoszkop.hu\/?p=16879"},"modified":"2023-03-28T12:55:48","modified_gmt":"2023-03-28T10:55:48","slug":"kina-szerint-jelentosen-romlott-az-emberi-jogok-helyzete-az-egyesult-allamokban","status":"publish","type":"post","link":"https:\/\/kinaikaleidoszkop.hu\/index.php\/2023\/03\/29\/kina-szerint-jelentosen-romlott-az-emberi-jogok-helyzete-az-egyesult-allamokban\/","title":{"rendered":"K\u00edna szerint jelent\u0151sen romlott az emberi jogok helyzete az Egyes\u00fclt \u00c1llamokban"},"content":{"rendered":"\n<h2 class=\"wp-block-heading\">Az elm\u00falt \u00e9v jelent\u0151s m\u00e9rf\u00f6ldk\u0151nek sz\u00e1m\u00edt az amerikai emberi jogok visszaes\u00e9s\u00e9ben, &#8220;az amerikai demokr\u00e1cia hanyatlik&#8221; &#8211; \u00e1llap\u00edtja meg egyebek mellett a\u00a0k\u00ednai \u00e1llamtan\u00e1cs kedden k\u00f6zreadott jelent\u00e9se az Egyes\u00fclt \u00c1llamokban tapasztalhat\u00f3 emberi jogi jogs\u00e9rt\u00e9sekr\u0151l, az ottani demokr\u00e1cia \u00e1llapot\u00e1r\u00f3l.<\/h2>\n\n\n<div class=\"wp-block-image\">\n<figure class=\"aligncenter size-large\"><img loading=\"lazy\" decoding=\"async\" width=\"1024\" height=\"575\" src=\"https:\/\/kinaikaleidoszkop.hu\/wp-content\/uploads\/2023\/03\/pexels-bruce-hickey-10980181-1024x575.jpg\" alt=\"\" class=\"wp-image-16881\" srcset=\"https:\/\/kinaikaleidoszkop.hu\/wp-content\/uploads\/2023\/03\/pexels-bruce-hickey-10980181-1024x575.jpg 1024w, https:\/\/kinaikaleidoszkop.hu\/wp-content\/uploads\/2023\/03\/pexels-bruce-hickey-10980181-300x168.jpg 300w, https:\/\/kinaikaleidoszkop.hu\/wp-content\/uploads\/2023\/03\/pexels-bruce-hickey-10980181-768x431.jpg 768w, https:\/\/kinaikaleidoszkop.hu\/wp-content\/uploads\/2023\/03\/pexels-bruce-hickey-10980181-990x556.jpg 990w, https:\/\/kinaikaleidoszkop.hu\/wp-content\/uploads\/2023\/03\/pexels-bruce-hickey-10980181-470x264.jpg 470w, https:\/\/kinaikaleidoszkop.hu\/wp-content\/uploads\/2023\/03\/pexels-bruce-hickey-10980181-640x360.jpg 640w, https:\/\/kinaikaleidoszkop.hu\/wp-content\/uploads\/2023\/03\/pexels-bruce-hickey-10980181-215x120.jpg 215w, https:\/\/kinaikaleidoszkop.hu\/wp-content\/uploads\/2023\/03\/pexels-bruce-hickey-10980181-414x232.jpg 414w, https:\/\/kinaikaleidoszkop.hu\/wp-content\/uploads\/2023\/03\/pexels-bruce-hickey-10980181.jpg 1280w\" sizes=\"auto, (max-width: 1024px) 100vw, 1024px\" \/><\/figure>\n<\/div>\n\n\n<p>A\u00a0k\u00ednai korm\u00e1ny nyilv\u00e1nosan hozz\u00e1f\u00e9rhet\u0151 adatokat, t\u00e9nyeket, szak\u00e9rt\u0151i v\u00e9lem\u00e9nyeket felhaszn\u00e1lva 1998 \u00f3ta \u00e9vente k\u00e9sz\u00edti el jelent\u00e9s\u00e9t az amerikai demokr\u00e1ci\u00e1r\u00f3l, mintegy v\u00e1laszul az Egyes\u00fclt \u00c1llamok k\u00fcl\u00fcgyminiszt\u00e9rium\u00e1nak a k\u00fcl\u00f6nb\u00f6z\u0151 orsz\u00e1gokat min\u0151s\u00edt\u0151 emberi jogi jelent\u00e9s\u00e9re.<\/p>\n\n\n\n<p>A mostani \u00f6ssze\u00e1ll\u00edt\u00e1s szerz\u0151i \u00fagy fogalmaznak, hogy a n\u00f6vekv\u0151 bels\u0151 probl\u00e9m\u00e1k ellen\u00e9re az Egyes\u00fclt \u00c1llamok tov\u00e1bbra is fels\u0151bbrend\u0171nek t\u00fcnteti fel mag\u00e1t, &#8220;ujjal mutogat&#8221; m\u00e1sokra, a &#8220;demokr\u00e1cia tan\u00edt\u00f3mester\u00e9nek&#8221; szerep\u00e9t j\u00e1tssza, \u00e9s a &#8220;demokr\u00e1cia kontra tekint\u00e9lyelv\u0171s\u00e9g&#8221; hamis narrat\u00edv\u00e1j\u00e1t terjeszti.<\/p>\n\n\n\n<p>Szerint\u00fck az Egyes\u00fclt \u00c1llamok kiz\u00e1r\u00f3lag saj\u00e1t \u00e9rdekeit szolg\u00e1lva a vil\u00e1got k\u00e9t t\u00e1borra, saj\u00e1t meg\u00edt\u00e9l\u00e9se szerinti &#8220;demokr\u00e1ci\u00e1kra&#8221; \u00e9s &#8220;nem demokr\u00e1ci\u00e1kra&#8221; igyekszik osztani, s e &#8220;t\u00f6mb\u00f6s\u00edt\u00e9ssel&#8221;, illetve a demokr\u00e1cia fogalmi meghat\u00e1roz\u00e1s\u00e1nak kisaj\u00e1t\u00edt\u00e1s\u00e1val is &#8211; mik\u00f6zben konfront\u00e1ci\u00f3t sz\u00edt &#8211; hegem\u00f3ni\u00e1j\u00e1nak fenntart\u00e1sa a c\u00e9lja.<\/p>\n\n\n\n<p>A mag\u00e1t az &#8220;emberi jogok v\u00e9delmez\u0151jek\u00e9nt&#8221; be\u00e1ll\u00edt\u00f3 Egyes\u00fclt \u00c1llamokban olyan &#8220;kr\u00f3nikus betegs\u00e9gek&#8221; terjednek, mint a p\u00e9nz szerepe a politik\u00e1ban, a faji megk\u00fcl\u00f6nb\u00f6ztet\u00e9s, a fegyveres \u00e9s rend\u0151ri er\u0151szak vagy a vagyoni polariz\u00e1ci\u00f3 &#8211; olvashat\u00f3 a jelent\u00e9sben.<\/p>\n\n\n\n<p>Hozz\u00e1teszik: az Egyes\u00fclt \u00c1llamok sz\u00e1nd\u00e9kosan megs\u00e9rti m\u00e1s orsz\u00e1gokban az emberi jogokat, mik\u00f6zben otthon az emberi jogi t\u00f6rv\u00e9nyhoz\u00e1sban \u00e9s az igazs\u00e1gszolg\u00e1ltat\u00e1sban tapasztalhat\u00f3 negat\u00edv jelens\u00e9gek al\u00e1\u00e1ss\u00e1k az amerikai n\u00e9p alapvet\u0151 jogait \u00e9s szabads\u00e1gjogait. A polg\u00e1ri jogv\u00e9delem rendszere nem m\u0171k\u00f6dik &#8211; \u00e1ll a jelent\u00e9sben.<br>A szerz\u0151k kiemelik, hogy jelent\u0151s a visszal\u00e9p\u00e9s a n\u0151k \u00e9s gyermekek jogainak v\u00e9delme ter\u00e9n. A meg\u00e9lhet\u00e9si v\u00e1ls\u00e1g a t\u00e1rsadalom als\u00f3bb r\u00e9tegeiben egyre s\u00falyosbodik.<\/p>\n\n\n\n<p>A jelent\u00e9s szerint az Egyes\u00fclt \u00c1llamok \u00e1llamainak csaknem a fele enyh\u00edtett a fegyvertart\u00e1si korl\u00e1toz\u00e1sokon, mik\u00f6zben a fegyvertart\u00e1s \u00e9s a fegyveres er\u0151szak, valamint a l\u00f6v\u00f6ld\u00f6z\u00e9sek tekintet\u00e9ben az Egyes\u00fclt \u00c1llamok vezet a vil\u00e1gon. Tavaly t\u00f6bb mint 80 000 ember vesztette \u00e9let\u00e9t vagy sebes\u00fclt meg fegyveres er\u0151szak k\u00f6vetkezt\u00e9ben. Az elm\u00falt \u00e9vben t\u00f6bb mint 600 l\u00f6v\u00f6ld\u00f6z\u00e9s t\u00f6rt\u00e9nt az orsz\u00e1gban.<\/p>\n\n\n\n<p>A szerz\u0151k kit\u00e9rnek a t\u00falzs\u00fafolt amerikai b\u00f6rt\u00f6n\u00f6kre is, ahol &#8211; megfogalmaz\u00e1suk szerint &#8211; mindennapos a k\u00e9nyszermunka \u00e9s a szexu\u00e1lis kizs\u00e1km\u00e1nyol\u00e1s. Az Egyes\u00fclt \u00c1llamokban a legmagasabb a beb\u00f6rt\u00f6nz\u00f6ttek ar\u00e1nya a vil\u00e1gon, \u00e9s a b\u00f6rt\u00f6nk\u00f6r\u00fclm\u00e9nyek nagyon rosszak.<\/p>\n\n\n\n<p>A dokumentumban id\u00e9zik az ENSZ faji diszkrimin\u00e1ci\u00f3 felsz\u00e1mol\u00e1s\u00e1val foglalkoz\u00f3 bizotts\u00e1g\u00e1nak 2022. szeptember 21-i jelent\u00e9s\u00e9t is, amely szerint a gyarmatos\u00edt\u00e1s \u00e9s a rabszolgas\u00e1g elh\u00faz\u00f3d\u00f3 \u00f6r\u00f6ks\u00e9ge tov\u00e1bbra is t\u00e1pl\u00e1lja a rasszizmust \u00e9s a faji megk\u00fcl\u00f6nb\u00f6ztet\u00e9st az orsz\u00e1gban. Az amerikai t\u00edpus\u00fa v\u00e1laszt\u00e1si demokr\u00e1cia folyamatosan elveszti a t\u00e1rsadalom t\u00e1mogat\u00e1s\u00e1t &#8211; fogalmazott a\u00a0k\u00ednai \u00e1llamtan\u00e1cs.<\/p>\n\n\n\n<p><strong><em>2023. M\u00e1rcius 29.<\/em><\/strong><\/p>\n\n\n\n<p><strong>(MTI)<\/strong><\/p>\n","protected":false},"excerpt":{"rendered":"<p>Az elm\u00falt \u00e9v jelent\u0151s m\u00e9rf\u00f6ldk\u0151nek sz\u00e1m\u00edt az amerikai emberi jogok visszaes\u00e9s\u00e9ben, &#8220;az amerikai demokr\u00e1cia hanyatlik&#8221; &#8211; \u00e1llap\u00edtja meg egyebek mellett a\u00a0k\u00ednai \u00e1llamtan\u00e1cs kedden k\u00f6zreadott jelent\u00e9se az Egyes\u00fclt \u00c1llamokban tapasztalhat\u00f3 emberi jogi jogs\u00e9rt\u00e9sekr\u0151l, az ottani demokr\u00e1cia \u00e1llapot\u00e1r\u00f3l. A\u00a0k\u00ednai korm\u00e1ny nyilv\u00e1nosan hozz\u00e1f\u00e9rhet\u0151 adatokat, t\u00e9nyeket, szak\u00e9rt\u0151i v\u00e9lem\u00e9nyeket felhaszn\u00e1lva 1998 \u00f3ta \u00e9vente k\u00e9sz\u00edti el jelent\u00e9s\u00e9t az amerikai demokr\u00e1ci\u00e1r\u00f3l, mintegy [&hellip;]<\/p>\n","protected":false},"author":8,"featured_media":16881,"comment_status":"closed","ping_status":"closed","sticky":false,"template":"","format":"standard","meta":{"footnotes":""},"categories":[45],"tags":[430,503,500],"class_list":["post-16879","post","type-post","status-publish","format-standard","has-post-thumbnail","hentry","category-hirek","tag-demokracia","tag-emberi-jogok","tag-politika"],"yoast_head":"<!-- This site is optimized with the Yoast SEO plugin v23.7 - https:\/\/yoast.com\/wordpress\/plugins\/seo\/ -->\n<title>K\u00edna szerint jelent\u0151sen romlott az emberi jogok helyzete az Egyes\u00fclt \u00c1llamokban - kinaikaleidoszkop.hu<\/title>\n<meta name=\"robots\" content=\"index, follow, max-snippet:-1, max-image-preview:large, max-video-preview:-1\" \/>\n<link rel=\"canonical\" href=\"https:\/\/kinaikaleidoszkop.hu\/index.php\/2023\/03\/29\/kina-szerint-jelentosen-romlott-az-emberi-jogok-helyzete-az-egyesult-allamokban\/\" \/>\n<meta property=\"og:locale\" content=\"hu_HU\" \/>\n<meta property=\"og:type\" content=\"article\" \/>\n<meta property=\"og:title\" content=\"K\u00edna szerint jelent\u0151sen romlott az emberi jogok helyzete az Egyes\u00fclt \u00c1llamokban - kinaikaleidoszkop.hu\" \/>\n<meta property=\"og:description\" content=\"Az elm\u00falt \u00e9v jelent\u0151s m\u00e9rf\u00f6ldk\u0151nek sz\u00e1m\u00edt az amerikai emberi jogok visszaes\u00e9s\u00e9ben, &#8220;az amerikai demokr\u00e1cia hanyatlik&#8221; &#8211; \u00e1llap\u00edtja meg egyebek mellett a\u00a0k\u00ednai \u00e1llamtan\u00e1cs kedden k\u00f6zreadott jelent\u00e9se az Egyes\u00fclt \u00c1llamokban tapasztalhat\u00f3 emberi jogi jogs\u00e9rt\u00e9sekr\u0151l, az ottani demokr\u00e1cia \u00e1llapot\u00e1r\u00f3l. A\u00a0k\u00ednai korm\u00e1ny nyilv\u00e1nosan hozz\u00e1f\u00e9rhet\u0151 adatokat, t\u00e9nyeket, szak\u00e9rt\u0151i v\u00e9lem\u00e9nyeket felhaszn\u00e1lva 1998 \u00f3ta \u00e9vente k\u00e9sz\u00edti el jelent\u00e9s\u00e9t az amerikai demokr\u00e1ci\u00e1r\u00f3l, mintegy [&hellip;]\" \/>\n<meta property=\"og:url\" content=\"https:\/\/kinaikaleidoszkop.hu\/index.php\/2023\/03\/29\/kina-szerint-jelentosen-romlott-az-emberi-jogok-helyzete-az-egyesult-allamokban\/\" \/>\n<meta property=\"og:site_name\" content=\"kinaikaleidoszkop.hu\" \/>\n<meta property=\"article:published_time\" content=\"2023-03-29T08:01:00+00:00\" \/>\n<meta property=\"article:modified_time\" content=\"2023-03-28T10:55:48+00:00\" \/>\n<meta property=\"og:image\" content=\"https:\/\/kinaikaleidoszkop.hu\/wp-content\/uploads\/2023\/03\/pexels-bruce-hickey-10980181.jpg\" \/>\n\t<meta property=\"og:image:width\" content=\"1280\" \/>\n\t<meta property=\"og:image:height\" content=\"719\" \/>\n\t<meta property=\"og:image:type\" content=\"image\/jpeg\" \/>\n<meta name=\"author\" content=\"szerk01\" \/>\n<meta name=\"twitter:card\" content=\"summary_large_image\" \/>\n<meta name=\"twitter:label1\" content=\"Szerz\u0151:\" \/>\n\t<meta name=\"twitter:data1\" content=\"szerk01\" \/>\n\t<meta name=\"twitter:label2\" content=\"Becs\u00fclt olvas\u00e1si id\u0151\" \/>\n\t<meta name=\"twitter:data2\" content=\"3 perc\" \/>\n<script type=\"application\/ld+json\" class=\"yoast-schema-graph\">{\"@context\":\"https:\/\/schema.org\",\"@graph\":[{\"@type\":\"WebPage\",\"@id\":\"https:\/\/kinaikaleidoszkop.hu\/index.php\/2023\/03\/29\/kina-szerint-jelentosen-romlott-az-emberi-jogok-helyzete-az-egyesult-allamokban\/\",\"url\":\"https:\/\/kinaikaleidoszkop.hu\/index.php\/2023\/03\/29\/kina-szerint-jelentosen-romlott-az-emberi-jogok-helyzete-az-egyesult-allamokban\/\",\"name\":\"K\u00edna szerint jelent\u0151sen romlott az emberi jogok helyzete az Egyes\u00fclt \u00c1llamokban - kinaikaleidoszkop.hu\",\"isPartOf\":{\"@id\":\"https:\/\/kinaikaleidoszkop.hu\/#website\"},\"primaryImageOfPage\":{\"@id\":\"https:\/\/kinaikaleidoszkop.hu\/index.php\/2023\/03\/29\/kina-szerint-jelentosen-romlott-az-emberi-jogok-helyzete-az-egyesult-allamokban\/#primaryimage\"},\"image\":{\"@id\":\"https:\/\/kinaikaleidoszkop.hu\/index.php\/2023\/03\/29\/kina-szerint-jelentosen-romlott-az-emberi-jogok-helyzete-az-egyesult-allamokban\/#primaryimage\"},\"thumbnailUrl\":\"https:\/\/kinaikaleidoszkop.hu\/wp-content\/uploads\/2023\/03\/pexels-bruce-hickey-10980181.jpg\",\"datePublished\":\"2023-03-29T08:01:00+00:00\",\"dateModified\":\"2023-03-28T10:55:48+00:00\",\"author\":{\"@id\":\"https:\/\/kinaikaleidoszkop.hu\/#\/schema\/person\/cf38b01b34e88459ab98b1c7c13b629d\"},\"breadcrumb\":{\"@id\":\"https:\/\/kinaikaleidoszkop.hu\/index.php\/2023\/03\/29\/kina-szerint-jelentosen-romlott-az-emberi-jogok-helyzete-az-egyesult-allamokban\/#breadcrumb\"},\"inLanguage\":\"hu\",\"potentialAction\":[{\"@type\":\"ReadAction\",\"target\":[\"https:\/\/kinaikaleidoszkop.hu\/index.php\/2023\/03\/29\/kina-szerint-jelentosen-romlott-az-emberi-jogok-helyzete-az-egyesult-allamokban\/\"]}]},{\"@type\":\"ImageObject\",\"inLanguage\":\"hu\",\"@id\":\"https:\/\/kinaikaleidoszkop.hu\/index.php\/2023\/03\/29\/kina-szerint-jelentosen-romlott-az-emberi-jogok-helyzete-az-egyesult-allamokban\/#primaryimage\",\"url\":\"https:\/\/kinaikaleidoszkop.hu\/wp-content\/uploads\/2023\/03\/pexels-bruce-hickey-10980181.jpg\",\"contentUrl\":\"https:\/\/kinaikaleidoszkop.hu\/wp-content\/uploads\/2023\/03\/pexels-bruce-hickey-10980181.jpg\",\"width\":1280,\"height\":719},{\"@type\":\"BreadcrumbList\",\"@id\":\"https:\/\/kinaikaleidoszkop.hu\/index.php\/2023\/03\/29\/kina-szerint-jelentosen-romlott-az-emberi-jogok-helyzete-az-egyesult-allamokban\/#breadcrumb\",\"itemListElement\":[{\"@type\":\"ListItem\",\"position\":1,\"name\":\"Kezd\u0151lap\",\"item\":\"https:\/\/kinaikaleidoszkop.hu\/\"},{\"@type\":\"ListItem\",\"position\":2,\"name\":\"K\u00edna szerint jelent\u0151sen romlott az emberi jogok helyzete az Egyes\u00fclt \u00c1llamokban\"}]},{\"@type\":\"WebSite\",\"@id\":\"https:\/\/kinaikaleidoszkop.hu\/#website\",\"url\":\"https:\/\/kinaikaleidoszkop.hu\/\",\"name\":\"kinaikaleidoszkop.hu\",\"description\":\"\",\"potentialAction\":[{\"@type\":\"SearchAction\",\"target\":{\"@type\":\"EntryPoint\",\"urlTemplate\":\"https:\/\/kinaikaleidoszkop.hu\/?s={search_term_string}\"},\"query-input\":{\"@type\":\"PropertyValueSpecification\",\"valueRequired\":true,\"valueName\":\"search_term_string\"}}],\"inLanguage\":\"hu\"},{\"@type\":\"Person\",\"@id\":\"https:\/\/kinaikaleidoszkop.hu\/#\/schema\/person\/cf38b01b34e88459ab98b1c7c13b629d\",\"name\":\"szerk01\",\"image\":{\"@type\":\"ImageObject\",\"inLanguage\":\"hu\",\"@id\":\"https:\/\/kinaikaleidoszkop.hu\/#\/schema\/person\/image\/\",\"url\":\"https:\/\/secure.gravatar.com\/avatar\/7afb4741ac3b72a4d9d543b2bcdfe4b1b3ddc4fefd4ab8f732b518bc7528877c?s=96&d=mm&r=g\",\"contentUrl\":\"https:\/\/secure.gravatar.com\/avatar\/7afb4741ac3b72a4d9d543b2bcdfe4b1b3ddc4fefd4ab8f732b518bc7528877c?s=96&d=mm&r=g\",\"caption\":\"szerk01\"},\"url\":\"https:\/\/kinaikaleidoszkop.hu\/index.php\/author\/szerk01\/\"}]}<\/script>\n<!-- \/ Yoast SEO plugin. -->","yoast_head_json":{"title":"K\u00edna szerint jelent\u0151sen romlott az emberi jogok helyzete az Egyes\u00fclt \u00c1llamokban - kinaikaleidoszkop.hu","robots":{"index":"index","follow":"follow","max-snippet":"max-snippet:-1","max-image-preview":"max-image-preview:large","max-video-preview":"max-video-preview:-1"},"canonical":"https:\/\/kinaikaleidoszkop.hu\/index.php\/2023\/03\/29\/kina-szerint-jelentosen-romlott-az-emberi-jogok-helyzete-az-egyesult-allamokban\/","og_locale":"hu_HU","og_type":"article","og_title":"K\u00edna szerint jelent\u0151sen romlott az emberi jogok helyzete az Egyes\u00fclt \u00c1llamokban - kinaikaleidoszkop.hu","og_description":"Az elm\u00falt \u00e9v jelent\u0151s m\u00e9rf\u00f6ldk\u0151nek sz\u00e1m\u00edt az amerikai emberi jogok visszaes\u00e9s\u00e9ben, &#8220;az amerikai demokr\u00e1cia hanyatlik&#8221; &#8211; \u00e1llap\u00edtja meg egyebek mellett a\u00a0k\u00ednai \u00e1llamtan\u00e1cs kedden k\u00f6zreadott jelent\u00e9se az Egyes\u00fclt \u00c1llamokban tapasztalhat\u00f3 emberi jogi jogs\u00e9rt\u00e9sekr\u0151l, az ottani demokr\u00e1cia \u00e1llapot\u00e1r\u00f3l. A\u00a0k\u00ednai korm\u00e1ny nyilv\u00e1nosan hozz\u00e1f\u00e9rhet\u0151 adatokat, t\u00e9nyeket, szak\u00e9rt\u0151i v\u00e9lem\u00e9nyeket felhaszn\u00e1lva 1998 \u00f3ta \u00e9vente k\u00e9sz\u00edti el jelent\u00e9s\u00e9t az amerikai demokr\u00e1ci\u00e1r\u00f3l, mintegy [&hellip;]","og_url":"https:\/\/kinaikaleidoszkop.hu\/index.php\/2023\/03\/29\/kina-szerint-jelentosen-romlott-az-emberi-jogok-helyzete-az-egyesult-allamokban\/","og_site_name":"kinaikaleidoszkop.hu","article_published_time":"2023-03-29T08:01:00+00:00","article_modified_time":"2023-03-28T10:55:48+00:00","og_image":[{"width":1280,"height":719,"url":"https:\/\/kinaikaleidoszkop.hu\/wp-content\/uploads\/2023\/03\/pexels-bruce-hickey-10980181.jpg","type":"image\/jpeg"}],"author":"szerk01","twitter_card":"summary_large_image","twitter_misc":{"Szerz\u0151:":"szerk01","Becs\u00fclt olvas\u00e1si id\u0151":"3 perc"},"schema":{"@context":"https:\/\/schema.org","@graph":[{"@type":"WebPage","@id":"https:\/\/kinaikaleidoszkop.hu\/index.php\/2023\/03\/29\/kina-szerint-jelentosen-romlott-az-emberi-jogok-helyzete-az-egyesult-allamokban\/","url":"https:\/\/kinaikaleidoszkop.hu\/index.php\/2023\/03\/29\/kina-szerint-jelentosen-romlott-az-emberi-jogok-helyzete-az-egyesult-allamokban\/","name":"K\u00edna szerint jelent\u0151sen romlott az emberi jogok helyzete az Egyes\u00fclt \u00c1llamokban - kinaikaleidoszkop.hu","isPartOf":{"@id":"https:\/\/kinaikaleidoszkop.hu\/#website"},"primaryImageOfPage":{"@id":"https:\/\/kinaikaleidoszkop.hu\/index.php\/2023\/03\/29\/kina-szerint-jelentosen-romlott-az-emberi-jogok-helyzete-az-egyesult-allamokban\/#primaryimage"},"image":{"@id":"https:\/\/kinaikaleidoszkop.hu\/index.php\/2023\/03\/29\/kina-szerint-jelentosen-romlott-az-emberi-jogok-helyzete-az-egyesult-allamokban\/#primaryimage"},"thumbnailUrl":"https:\/\/kinaikaleidoszkop.hu\/wp-content\/uploads\/2023\/03\/pexels-bruce-hickey-10980181.jpg","datePublished":"2023-03-29T08:01:00+00:00","dateModified":"2023-03-28T10:55:48+00:00","author":{"@id":"https:\/\/kinaikaleidoszkop.hu\/#\/schema\/person\/cf38b01b34e88459ab98b1c7c13b629d"},"breadcrumb":{"@id":"https:\/\/kinaikaleidoszkop.hu\/index.php\/2023\/03\/29\/kina-szerint-jelentosen-romlott-az-emberi-jogok-helyzete-az-egyesult-allamokban\/#breadcrumb"},"inLanguage":"hu","potentialAction":[{"@type":"ReadAction","target":["https:\/\/kinaikaleidoszkop.hu\/index.php\/2023\/03\/29\/kina-szerint-jelentosen-romlott-az-emberi-jogok-helyzete-az-egyesult-allamokban\/"]}]},{"@type":"ImageObject","inLanguage":"hu","@id":"https:\/\/kinaikaleidoszkop.hu\/index.php\/2023\/03\/29\/kina-szerint-jelentosen-romlott-az-emberi-jogok-helyzete-az-egyesult-allamokban\/#primaryimage","url":"https:\/\/kinaikaleidoszkop.hu\/wp-content\/uploads\/2023\/03\/pexels-bruce-hickey-10980181.jpg","contentUrl":"https:\/\/kinaikaleidoszkop.hu\/wp-content\/uploads\/2023\/03\/pexels-bruce-hickey-10980181.jpg","width":1280,"height":719},{"@type":"BreadcrumbList","@id":"https:\/\/kinaikaleidoszkop.hu\/index.php\/2023\/03\/29\/kina-szerint-jelentosen-romlott-az-emberi-jogok-helyzete-az-egyesult-allamokban\/#breadcrumb","itemListElement":[{"@type":"ListItem","position":1,"name":"Kezd\u0151lap","item":"https:\/\/kinaikaleidoszkop.hu\/"},{"@type":"ListItem","position":2,"name":"K\u00edna szerint jelent\u0151sen romlott az emberi jogok helyzete az Egyes\u00fclt \u00c1llamokban"}]},{"@type":"WebSite","@id":"https:\/\/kinaikaleidoszkop.hu\/#website","url":"https:\/\/kinaikaleidoszkop.hu\/","name":"kinaikaleidoszkop.hu","description":"","potentialAction":[{"@type":"SearchAction","target":{"@type":"EntryPoint","urlTemplate":"https:\/\/kinaikaleidoszkop.hu\/?s={search_term_string}"},"query-input":{"@type":"PropertyValueSpecification","valueRequired":true,"valueName":"search_term_string"}}],"inLanguage":"hu"},{"@type":"Person","@id":"https:\/\/kinaikaleidoszkop.hu\/#\/schema\/person\/cf38b01b34e88459ab98b1c7c13b629d","name":"szerk01","image":{"@type":"ImageObject","inLanguage":"hu","@id":"https:\/\/kinaikaleidoszkop.hu\/#\/schema\/person\/image\/","url":"https:\/\/secure.gravatar.com\/avatar\/7afb4741ac3b72a4d9d543b2bcdfe4b1b3ddc4fefd4ab8f732b518bc7528877c?s=96&d=mm&r=g","contentUrl":"https:\/\/secure.gravatar.com\/avatar\/7afb4741ac3b72a4d9d543b2bcdfe4b1b3ddc4fefd4ab8f732b518bc7528877c?s=96&d=mm&r=g","caption":"szerk01"},"url":"https:\/\/kinaikaleidoszkop.hu\/index.php\/author\/szerk01\/"}]}},"views":237,"distributor_meta":false,"distributor_terms":false,"distributor_media":false,"distributor_original_site_name":"kinaikaleidoszkop.hu","distributor_original_site_url":"https:\/\/kinaikaleidoszkop.hu","push-errors":false,"_links":{"self":[{"href":"https:\/\/kinaikaleidoszkop.hu\/index.php\/wp-json\/wp\/v2\/posts\/16879","targetHints":{"allow":["GET"]}}],"collection":[{"href":"https:\/\/kinaikaleidoszkop.hu\/index.php\/wp-json\/wp\/v2\/posts"}],"about":[{"href":"https:\/\/kinaikaleidoszkop.hu\/index.php\/wp-json\/wp\/v2\/types\/post"}],"author":[{"embeddable":true,"href":"https:\/\/kinaikaleidoszkop.hu\/index.php\/wp-json\/wp\/v2\/users\/8"}],"replies":[{"embeddable":true,"href":"https:\/\/kinaikaleidoszkop.hu\/index.php\/wp-json\/wp\/v2\/comments?post=16879"}],"version-history":[{"count":2,"href":"https:\/\/kinaikaleidoszkop.hu\/index.php\/wp-json\/wp\/v2\/posts\/16879\/revisions"}],"predecessor-version":[{"id":16883,"href":"https:\/\/kinaikaleidoszkop.hu\/index.php\/wp-json\/wp\/v2\/posts\/16879\/revisions\/16883"}],"wp:featuredmedia":[{"embeddable":true,"href":"https:\/\/kinaikaleidoszkop.hu\/index.php\/wp-json\/wp\/v2\/media\/16881"}],"wp:attachment":[{"href":"https:\/\/kinaikaleidoszkop.hu\/index.php\/wp-json\/wp\/v2\/media?parent=16879"}],"wp:term":[{"taxonomy":"category","embeddable":true,"href":"https:\/\/kinaikaleidoszkop.hu\/index.php\/wp-json\/wp\/v2\/categories?post=16879"},{"taxonomy":"post_tag","embeddable":true,"href":"https:\/\/kinaikaleidoszkop.hu\/index.php\/wp-json\/wp\/v2\/tags?post=16879"}],"curies":[{"name":"wp","href":"https:\/\/api.w.org\/{rel}","templated":true}]}}