{"id":16884,"date":"2023-03-28T11:00:00","date_gmt":"2023-03-28T09:00:00","guid":{"rendered":"https:\/\/kinaikaleidoszkop.hu\/?p=16884"},"modified":"2023-03-28T13:58:45","modified_gmt":"2023-03-28T11:58:45","slug":"kina-tartos-lenduletet-ad-a-vilaggazdasag-helyreallitasahoz-es-novekedesehez","status":"publish","type":"post","link":"https:\/\/kinaikaleidoszkop.hu\/index.php\/2023\/03\/28\/kina-tartos-lenduletet-ad-a-vilaggazdasag-helyreallitasahoz-es-novekedesehez\/","title":{"rendered":"K\u00edna tart\u00f3s lend\u00fcletet ad a vil\u00e1ggazdas\u00e1g helyre\u00e1ll\u00edt\u00e1s\u00e1hoz \u00e9s n\u00f6veked\u00e9s\u00e9hez"},"content":{"rendered":"\n<p><strong>\u201eHszi Csin-ping \u00e1llameln\u00f6k \u00fcdv\u00f6zl\u0151 level\u00e9ben K\u00edna nyit\u00e1s\u00e1r\u00f3l besz\u00e9lt, ami egy er\u0151s jelz\u00e9s. Hisz\u00fcnk abban, hogy a mai vil\u00e1gban csak a nyitott kereskedelem \u00e9s a m\u00e9lt\u00e1nyos versenyk\u00f6rnyezet seg\u00edthet v\u00e1laszt adni a kih\u00edv\u00e1sokra, \u00e9s K\u00edna kezdem\u00e9nyez\u00e9se hozz\u00e1j\u00e1rulhat a probl\u00e9m\u00e1k megold\u00e1s\u00e1hoz\u201d \u2013 mondta Oliver Zipse, a BMW Group eln\u00f6ke a Pekingben jelenleg is zajl\u00f3 2023-as K\u00ednai Fejleszt\u00e9si F\u00f3rumon.<\/strong><\/p>\n\n\n\n<p>Hszi a f\u00f3rumnak k\u00fcld\u00f6tt \u00fczenet\u00e9ben eml\u00edt\u00e9st tett arr\u00f3l, hogy K\u00edna tov\u00e1bbra is ragaszkodik a k\u00fclf\u00f6ld fel\u00e9 val\u00f3 nyit\u00e1shoz, partnereivel a k\u00f6lcs\u00f6n\u00f6sen el\u0151ny\u00f6s strat\u00e9gi\u00e1t k\u00f6veti, s \u00faj fejleszt\u00e9seivel tov\u00e1bbra is lehet\u0151s\u00e9geket k\u00edn\u00e1l a vil\u00e1gnak.<\/p>\n\n\n\n<p>A f\u00f3rumon r\u00e9sztvev\u0151k elmondt\u00e1k, hogy K\u00edna tart\u00f3s lend\u00fcletet ad a vil\u00e1ggazdas\u00e1gi fellend\u00fcl\u00e9snek \u00e9s n\u00f6veked\u00e9snek. Mark Schneider, a Nestl\u00e9 Csoport vez\u00e9rigazgat\u00f3ja kijelentette, hogy Hszi Csin-ping szavai b\u00e1tor\u00edt\u00f3an hatottak, K\u00edna gazdas\u00e1gi n\u00f6veked\u00e9st c\u00e9lz\u00f3 politik\u00e1ja is bizalmat v\u00e1lt ki az emberekb\u0151l \u00e9s motiv\u00e1ci\u00f3t jelent. Hangs\u00falyozta, hogy a Nestl\u00e9 Csoport az elm\u00falt h\u00e1rom \u00e9vben jelent\u0151s beruh\u00e1z\u00e1sokat hajtott v\u00e9gre K\u00edn\u00e1ban, \u00e9s a j\u00f6v\u0151ben is t\u00f6rekszik tov\u00e1bbi fejleszt\u00e9sekre a k\u00ednai piacon.<\/p>\n\n\n\n<figure class=\"wp-block-image\"><img decoding=\"async\" src=\"https:\/\/hirpest.hu\/wp-content\/uploads\/2023\/03\/\u5b9d\u9a6c\u603b\u88c1.png\" alt=\"\" class=\"wp-image-16312\"\/><\/figure>\n\n\n\n<p>A f\u00f3rumon r\u00e9sztvev\u0151k \u00fagy v\u00e9lt\u00e9k, hogy a vil\u00e1g m\u00e1sodik legnagyobb gazdas\u00e1gak\u00e9nt K\u00edna fejl\u0151d\u00e9se nagy jelent\u0151s\u00e9ggel b\u00edr a vil\u00e1g sz\u00e1m\u00e1ra, \u00e9s a moderniz\u00e1ci\u00f3 k\u00ednai modellje \u00faj lehet\u0151s\u00e9geket k\u00edn\u00e1l az emberis\u00e9g sz\u00e1m\u00e1ra a glob\u00e1lis moderniz\u00e1ci\u00f3 el\u00e9r\u00e9s\u00e9hez, el\u0151seg\u00edti a k\u00f6z\u00f6s j\u00f3l\u00e9t megteremt\u00e9s\u00e9t.<\/p>\n\n\n\n<p>Axel van Trotsenburg, a Vil\u00e1gbank aleln\u00f6ke elmondta, hogy a felgyorsul\u00f3 k\u00ednai gazdas\u00e1gi helyre\u00e1ll\u00e1s nemcsak K\u00edna, hanem a vil\u00e1ggazdas\u00e1g sz\u00e1m\u00e1ra is j\u00f3 h\u00edr, hiszen a Vil\u00e1gbank becsl\u00e9se szerint K\u00edna gazdas\u00e1gi n\u00f6veked\u00e9se a vil\u00e1ggazdas\u00e1gi n\u00f6veked\u00e9s egyharmad\u00e1t teszi ki. Hangs\u00falyozta, hogy a K\u00edna \u00e1ltal javasolt glob\u00e1lis fejleszt\u00e9si kezdem\u00e9nyez\u00e9st a Vil\u00e1gbank is \u00fcdv\u00f6zli.<\/p>\n\n\n\n<p><strong>2023. m\u00e1rcius 28.<\/strong><\/p>\n\n\n\n<p><strong><em>(China Media Group)<\/em><\/strong><\/p>\n\n\n\n<p><strong>(x)<\/strong><\/p>\n","protected":false},"excerpt":{"rendered":"<p>\u201eHszi Csin-ping \u00e1llameln\u00f6k \u00fcdv\u00f6zl\u0151 level\u00e9ben K\u00edna nyit\u00e1s\u00e1r\u00f3l besz\u00e9lt, ami egy er\u0151s jelz\u00e9s. Hisz\u00fcnk abban, hogy a mai vil\u00e1gban csak a nyitott kereskedelem \u00e9s a m\u00e9lt\u00e1nyos versenyk\u00f6rnyezet seg\u00edthet v\u00e1laszt adni a kih\u00edv\u00e1sokra, \u00e9s K\u00edna kezdem\u00e9nyez\u00e9se hozz\u00e1j\u00e1rulhat a probl\u00e9m\u00e1k megold\u00e1s\u00e1hoz\u201d \u2013 mondta Oliver Zipse, a BMW Group eln\u00f6ke a Pekingben jelenleg is zajl\u00f3 2023-as K\u00ednai Fejleszt\u00e9si F\u00f3rumon. [&hellip;]<\/p>\n","protected":false},"author":2,"featured_media":16886,"comment_status":"closed","ping_status":"closed","sticky":false,"template":"","format":"standard","meta":{"footnotes":""},"categories":[45],"tags":[2198,349,702,305,326,2199],"class_list":["post-16884","post","type-post","status-publish","format-standard","has-post-thumbnail","hentry","category-hirek","tag-2023-as-kinai-fejlesztesi-forum","tag-fejlesztes","tag-gazdasagi-novekedes","tag-hszi-csin-ping","tag-kinai-allamelnok","tag-udvozlo-level"],"yoast_head":"<!-- This site is optimized with the Yoast SEO plugin v23.7 - https:\/\/yoast.com\/wordpress\/plugins\/seo\/ -->\n<title>K\u00edna tart\u00f3s lend\u00fcletet ad a vil\u00e1ggazdas\u00e1g helyre\u00e1ll\u00edt\u00e1s\u00e1hoz \u00e9s n\u00f6veked\u00e9s\u00e9hez - kinaikaleidoszkop.hu<\/title>\n<meta name=\"robots\" content=\"index, follow, max-snippet:-1, max-image-preview:large, max-video-preview:-1\" \/>\n<link rel=\"canonical\" href=\"https:\/\/kinaikaleidoszkop.hu\/index.php\/2023\/03\/28\/kina-tartos-lenduletet-ad-a-vilaggazdasag-helyreallitasahoz-es-novekedesehez\/\" \/>\n<meta property=\"og:locale\" content=\"hu_HU\" \/>\n<meta property=\"og:type\" content=\"article\" \/>\n<meta property=\"og:title\" content=\"K\u00edna tart\u00f3s lend\u00fcletet ad a vil\u00e1ggazdas\u00e1g helyre\u00e1ll\u00edt\u00e1s\u00e1hoz \u00e9s n\u00f6veked\u00e9s\u00e9hez - kinaikaleidoszkop.hu\" \/>\n<meta property=\"og:description\" content=\"\u201eHszi Csin-ping \u00e1llameln\u00f6k \u00fcdv\u00f6zl\u0151 level\u00e9ben K\u00edna nyit\u00e1s\u00e1r\u00f3l besz\u00e9lt, ami egy er\u0151s jelz\u00e9s. Hisz\u00fcnk abban, hogy a mai vil\u00e1gban csak a nyitott kereskedelem \u00e9s a m\u00e9lt\u00e1nyos versenyk\u00f6rnyezet seg\u00edthet v\u00e1laszt adni a kih\u00edv\u00e1sokra, \u00e9s K\u00edna kezdem\u00e9nyez\u00e9se hozz\u00e1j\u00e1rulhat a probl\u00e9m\u00e1k megold\u00e1s\u00e1hoz\u201d \u2013 mondta Oliver Zipse, a BMW Group eln\u00f6ke a Pekingben jelenleg is zajl\u00f3 2023-as K\u00ednai Fejleszt\u00e9si F\u00f3rumon. [&hellip;]\" \/>\n<meta property=\"og:url\" content=\"https:\/\/kinaikaleidoszkop.hu\/index.php\/2023\/03\/28\/kina-tartos-lenduletet-ad-a-vilaggazdasag-helyreallitasahoz-es-novekedesehez\/\" \/>\n<meta property=\"og:site_name\" content=\"kinaikaleidoszkop.hu\" \/>\n<meta property=\"article:published_time\" content=\"2023-03-28T09:00:00+00:00\" \/>\n<meta property=\"article:modified_time\" content=\"2023-03-28T11:58:45+00:00\" \/>\n<meta property=\"og:image\" content=\"https:\/\/kinaikaleidoszkop.hu\/wp-content\/uploads\/2023\/03\/\u5b9d\u9a6c\u603b\u88c1.png\" \/>\n\t<meta property=\"og:image:width\" content=\"1280\" \/>\n\t<meta property=\"og:image:height\" content=\"720\" \/>\n\t<meta property=\"og:image:type\" content=\"image\/png\" \/>\n<meta name=\"author\" content=\"admin-szabolcs\" \/>\n<meta name=\"twitter:card\" content=\"summary_large_image\" \/>\n<meta name=\"twitter:label1\" content=\"Szerz\u0151:\" \/>\n\t<meta name=\"twitter:data1\" content=\"admin-szabolcs\" \/>\n\t<meta name=\"twitter:label2\" content=\"Becs\u00fclt olvas\u00e1si id\u0151\" \/>\n\t<meta name=\"twitter:data2\" content=\"2 perc\" \/>\n<script type=\"application\/ld+json\" class=\"yoast-schema-graph\">{\"@context\":\"https:\/\/schema.org\",\"@graph\":[{\"@type\":\"WebPage\",\"@id\":\"https:\/\/kinaikaleidoszkop.hu\/index.php\/2023\/03\/28\/kina-tartos-lenduletet-ad-a-vilaggazdasag-helyreallitasahoz-es-novekedesehez\/\",\"url\":\"https:\/\/kinaikaleidoszkop.hu\/index.php\/2023\/03\/28\/kina-tartos-lenduletet-ad-a-vilaggazdasag-helyreallitasahoz-es-novekedesehez\/\",\"name\":\"K\u00edna tart\u00f3s lend\u00fcletet ad a vil\u00e1ggazdas\u00e1g helyre\u00e1ll\u00edt\u00e1s\u00e1hoz \u00e9s n\u00f6veked\u00e9s\u00e9hez - kinaikaleidoszkop.hu\",\"isPartOf\":{\"@id\":\"https:\/\/kinaikaleidoszkop.hu\/#website\"},\"primaryImageOfPage\":{\"@id\":\"https:\/\/kinaikaleidoszkop.hu\/index.php\/2023\/03\/28\/kina-tartos-lenduletet-ad-a-vilaggazdasag-helyreallitasahoz-es-novekedesehez\/#primaryimage\"},\"image\":{\"@id\":\"https:\/\/kinaikaleidoszkop.hu\/index.php\/2023\/03\/28\/kina-tartos-lenduletet-ad-a-vilaggazdasag-helyreallitasahoz-es-novekedesehez\/#primaryimage\"},\"thumbnailUrl\":\"https:\/\/kinaikaleidoszkop.hu\/wp-content\/uploads\/2023\/03\/\u5b9d\u9a6c\u603b\u88c1.png\",\"datePublished\":\"2023-03-28T09:00:00+00:00\",\"dateModified\":\"2023-03-28T11:58:45+00:00\",\"author\":{\"@id\":\"https:\/\/kinaikaleidoszkop.hu\/#\/schema\/person\/b9e2febe742edd540c1197716ec02bf7\"},\"breadcrumb\":{\"@id\":\"https:\/\/kinaikaleidoszkop.hu\/index.php\/2023\/03\/28\/kina-tartos-lenduletet-ad-a-vilaggazdasag-helyreallitasahoz-es-novekedesehez\/#breadcrumb\"},\"inLanguage\":\"hu\",\"potentialAction\":[{\"@type\":\"ReadAction\",\"target\":[\"https:\/\/kinaikaleidoszkop.hu\/index.php\/2023\/03\/28\/kina-tartos-lenduletet-ad-a-vilaggazdasag-helyreallitasahoz-es-novekedesehez\/\"]}]},{\"@type\":\"ImageObject\",\"inLanguage\":\"hu\",\"@id\":\"https:\/\/kinaikaleidoszkop.hu\/index.php\/2023\/03\/28\/kina-tartos-lenduletet-ad-a-vilaggazdasag-helyreallitasahoz-es-novekedesehez\/#primaryimage\",\"url\":\"https:\/\/kinaikaleidoszkop.hu\/wp-content\/uploads\/2023\/03\/\u5b9d\u9a6c\u603b\u88c1.png\",\"contentUrl\":\"https:\/\/kinaikaleidoszkop.hu\/wp-content\/uploads\/2023\/03\/\u5b9d\u9a6c\u603b\u88c1.png\",\"width\":1280,\"height\":720},{\"@type\":\"BreadcrumbList\",\"@id\":\"https:\/\/kinaikaleidoszkop.hu\/index.php\/2023\/03\/28\/kina-tartos-lenduletet-ad-a-vilaggazdasag-helyreallitasahoz-es-novekedesehez\/#breadcrumb\",\"itemListElement\":[{\"@type\":\"ListItem\",\"position\":1,\"name\":\"Kezd\u0151lap\",\"item\":\"https:\/\/kinaikaleidoszkop.hu\/\"},{\"@type\":\"ListItem\",\"position\":2,\"name\":\"K\u00edna tart\u00f3s lend\u00fcletet ad a vil\u00e1ggazdas\u00e1g helyre\u00e1ll\u00edt\u00e1s\u00e1hoz \u00e9s n\u00f6veked\u00e9s\u00e9hez\"}]},{\"@type\":\"WebSite\",\"@id\":\"https:\/\/kinaikaleidoszkop.hu\/#website\",\"url\":\"https:\/\/kinaikaleidoszkop.hu\/\",\"name\":\"kinaikaleidoszkop.hu\",\"description\":\"\",\"potentialAction\":[{\"@type\":\"SearchAction\",\"target\":{\"@type\":\"EntryPoint\",\"urlTemplate\":\"https:\/\/kinaikaleidoszkop.hu\/?s={search_term_string}\"},\"query-input\":{\"@type\":\"PropertyValueSpecification\",\"valueRequired\":true,\"valueName\":\"search_term_string\"}}],\"inLanguage\":\"hu\"},{\"@type\":\"Person\",\"@id\":\"https:\/\/kinaikaleidoszkop.hu\/#\/schema\/person\/b9e2febe742edd540c1197716ec02bf7\",\"name\":\"admin-szabolcs\",\"image\":{\"@type\":\"ImageObject\",\"inLanguage\":\"hu\",\"@id\":\"https:\/\/kinaikaleidoszkop.hu\/#\/schema\/person\/image\/\",\"url\":\"https:\/\/secure.gravatar.com\/avatar\/154f262492794df2a6cb5d5349227b18ef8f85ab462fbb32625fc42406483d21?s=96&d=mm&r=g\",\"contentUrl\":\"https:\/\/secure.gravatar.com\/avatar\/154f262492794df2a6cb5d5349227b18ef8f85ab462fbb32625fc42406483d21?s=96&d=mm&r=g\",\"caption\":\"admin-szabolcs\"},\"url\":\"https:\/\/kinaikaleidoszkop.hu\/index.php\/author\/admin-szabolcs\/\"}]}<\/script>\n<!-- \/ Yoast SEO plugin. -->","yoast_head_json":{"title":"K\u00edna tart\u00f3s lend\u00fcletet ad a vil\u00e1ggazdas\u00e1g helyre\u00e1ll\u00edt\u00e1s\u00e1hoz \u00e9s n\u00f6veked\u00e9s\u00e9hez - kinaikaleidoszkop.hu","robots":{"index":"index","follow":"follow","max-snippet":"max-snippet:-1","max-image-preview":"max-image-preview:large","max-video-preview":"max-video-preview:-1"},"canonical":"https:\/\/kinaikaleidoszkop.hu\/index.php\/2023\/03\/28\/kina-tartos-lenduletet-ad-a-vilaggazdasag-helyreallitasahoz-es-novekedesehez\/","og_locale":"hu_HU","og_type":"article","og_title":"K\u00edna tart\u00f3s lend\u00fcletet ad a vil\u00e1ggazdas\u00e1g helyre\u00e1ll\u00edt\u00e1s\u00e1hoz \u00e9s n\u00f6veked\u00e9s\u00e9hez - kinaikaleidoszkop.hu","og_description":"\u201eHszi Csin-ping \u00e1llameln\u00f6k \u00fcdv\u00f6zl\u0151 level\u00e9ben K\u00edna nyit\u00e1s\u00e1r\u00f3l besz\u00e9lt, ami egy er\u0151s jelz\u00e9s. Hisz\u00fcnk abban, hogy a mai vil\u00e1gban csak a nyitott kereskedelem \u00e9s a m\u00e9lt\u00e1nyos versenyk\u00f6rnyezet seg\u00edthet v\u00e1laszt adni a kih\u00edv\u00e1sokra, \u00e9s K\u00edna kezdem\u00e9nyez\u00e9se hozz\u00e1j\u00e1rulhat a probl\u00e9m\u00e1k megold\u00e1s\u00e1hoz\u201d \u2013 mondta Oliver Zipse, a BMW Group eln\u00f6ke a Pekingben jelenleg is zajl\u00f3 2023-as K\u00ednai Fejleszt\u00e9si F\u00f3rumon. [&hellip;]","og_url":"https:\/\/kinaikaleidoszkop.hu\/index.php\/2023\/03\/28\/kina-tartos-lenduletet-ad-a-vilaggazdasag-helyreallitasahoz-es-novekedesehez\/","og_site_name":"kinaikaleidoszkop.hu","article_published_time":"2023-03-28T09:00:00+00:00","article_modified_time":"2023-03-28T11:58:45+00:00","og_image":[{"width":1280,"height":720,"url":"https:\/\/kinaikaleidoszkop.hu\/wp-content\/uploads\/2023\/03\/\u5b9d\u9a6c\u603b\u88c1.png","type":"image\/png"}],"author":"admin-szabolcs","twitter_card":"summary_large_image","twitter_misc":{"Szerz\u0151:":"admin-szabolcs","Becs\u00fclt olvas\u00e1si id\u0151":"2 perc"},"schema":{"@context":"https:\/\/schema.org","@graph":[{"@type":"WebPage","@id":"https:\/\/kinaikaleidoszkop.hu\/index.php\/2023\/03\/28\/kina-tartos-lenduletet-ad-a-vilaggazdasag-helyreallitasahoz-es-novekedesehez\/","url":"https:\/\/kinaikaleidoszkop.hu\/index.php\/2023\/03\/28\/kina-tartos-lenduletet-ad-a-vilaggazdasag-helyreallitasahoz-es-novekedesehez\/","name":"K\u00edna tart\u00f3s lend\u00fcletet ad a vil\u00e1ggazdas\u00e1g helyre\u00e1ll\u00edt\u00e1s\u00e1hoz \u00e9s n\u00f6veked\u00e9s\u00e9hez - kinaikaleidoszkop.hu","isPartOf":{"@id":"https:\/\/kinaikaleidoszkop.hu\/#website"},"primaryImageOfPage":{"@id":"https:\/\/kinaikaleidoszkop.hu\/index.php\/2023\/03\/28\/kina-tartos-lenduletet-ad-a-vilaggazdasag-helyreallitasahoz-es-novekedesehez\/#primaryimage"},"image":{"@id":"https:\/\/kinaikaleidoszkop.hu\/index.php\/2023\/03\/28\/kina-tartos-lenduletet-ad-a-vilaggazdasag-helyreallitasahoz-es-novekedesehez\/#primaryimage"},"thumbnailUrl":"https:\/\/kinaikaleidoszkop.hu\/wp-content\/uploads\/2023\/03\/\u5b9d\u9a6c\u603b\u88c1.png","datePublished":"2023-03-28T09:00:00+00:00","dateModified":"2023-03-28T11:58:45+00:00","author":{"@id":"https:\/\/kinaikaleidoszkop.hu\/#\/schema\/person\/b9e2febe742edd540c1197716ec02bf7"},"breadcrumb":{"@id":"https:\/\/kinaikaleidoszkop.hu\/index.php\/2023\/03\/28\/kina-tartos-lenduletet-ad-a-vilaggazdasag-helyreallitasahoz-es-novekedesehez\/#breadcrumb"},"inLanguage":"hu","potentialAction":[{"@type":"ReadAction","target":["https:\/\/kinaikaleidoszkop.hu\/index.php\/2023\/03\/28\/kina-tartos-lenduletet-ad-a-vilaggazdasag-helyreallitasahoz-es-novekedesehez\/"]}]},{"@type":"ImageObject","inLanguage":"hu","@id":"https:\/\/kinaikaleidoszkop.hu\/index.php\/2023\/03\/28\/kina-tartos-lenduletet-ad-a-vilaggazdasag-helyreallitasahoz-es-novekedesehez\/#primaryimage","url":"https:\/\/kinaikaleidoszkop.hu\/wp-content\/uploads\/2023\/03\/\u5b9d\u9a6c\u603b\u88c1.png","contentUrl":"https:\/\/kinaikaleidoszkop.hu\/wp-content\/uploads\/2023\/03\/\u5b9d\u9a6c\u603b\u88c1.png","width":1280,"height":720},{"@type":"BreadcrumbList","@id":"https:\/\/kinaikaleidoszkop.hu\/index.php\/2023\/03\/28\/kina-tartos-lenduletet-ad-a-vilaggazdasag-helyreallitasahoz-es-novekedesehez\/#breadcrumb","itemListElement":[{"@type":"ListItem","position":1,"name":"Kezd\u0151lap","item":"https:\/\/kinaikaleidoszkop.hu\/"},{"@type":"ListItem","position":2,"name":"K\u00edna tart\u00f3s lend\u00fcletet ad a vil\u00e1ggazdas\u00e1g helyre\u00e1ll\u00edt\u00e1s\u00e1hoz \u00e9s n\u00f6veked\u00e9s\u00e9hez"}]},{"@type":"WebSite","@id":"https:\/\/kinaikaleidoszkop.hu\/#website","url":"https:\/\/kinaikaleidoszkop.hu\/","name":"kinaikaleidoszkop.hu","description":"","potentialAction":[{"@type":"SearchAction","target":{"@type":"EntryPoint","urlTemplate":"https:\/\/kinaikaleidoszkop.hu\/?s={search_term_string}"},"query-input":{"@type":"PropertyValueSpecification","valueRequired":true,"valueName":"search_term_string"}}],"inLanguage":"hu"},{"@type":"Person","@id":"https:\/\/kinaikaleidoszkop.hu\/#\/schema\/person\/b9e2febe742edd540c1197716ec02bf7","name":"admin-szabolcs","image":{"@type":"ImageObject","inLanguage":"hu","@id":"https:\/\/kinaikaleidoszkop.hu\/#\/schema\/person\/image\/","url":"https:\/\/secure.gravatar.com\/avatar\/154f262492794df2a6cb5d5349227b18ef8f85ab462fbb32625fc42406483d21?s=96&d=mm&r=g","contentUrl":"https:\/\/secure.gravatar.com\/avatar\/154f262492794df2a6cb5d5349227b18ef8f85ab462fbb32625fc42406483d21?s=96&d=mm&r=g","caption":"admin-szabolcs"},"url":"https:\/\/kinaikaleidoszkop.hu\/index.php\/author\/admin-szabolcs\/"}]}},"views":243,"distributor_meta":false,"distributor_terms":false,"distributor_media":false,"distributor_original_site_name":"kinaikaleidoszkop.hu","distributor_original_site_url":"https:\/\/kinaikaleidoszkop.hu","push-errors":false,"_links":{"self":[{"href":"https:\/\/kinaikaleidoszkop.hu\/index.php\/wp-json\/wp\/v2\/posts\/16884","targetHints":{"allow":["GET"]}}],"collection":[{"href":"https:\/\/kinaikaleidoszkop.hu\/index.php\/wp-json\/wp\/v2\/posts"}],"about":[{"href":"https:\/\/kinaikaleidoszkop.hu\/index.php\/wp-json\/wp\/v2\/types\/post"}],"author":[{"embeddable":true,"href":"https:\/\/kinaikaleidoszkop.hu\/index.php\/wp-json\/wp\/v2\/users\/2"}],"replies":[{"embeddable":true,"href":"https:\/\/kinaikaleidoszkop.hu\/index.php\/wp-json\/wp\/v2\/comments?post=16884"}],"version-history":[{"count":1,"href":"https:\/\/kinaikaleidoszkop.hu\/index.php\/wp-json\/wp\/v2\/posts\/16884\/revisions"}],"predecessor-version":[{"id":16887,"href":"https:\/\/kinaikaleidoszkop.hu\/index.php\/wp-json\/wp\/v2\/posts\/16884\/revisions\/16887"}],"wp:featuredmedia":[{"embeddable":true,"href":"https:\/\/kinaikaleidoszkop.hu\/index.php\/wp-json\/wp\/v2\/media\/16886"}],"wp:attachment":[{"href":"https:\/\/kinaikaleidoszkop.hu\/index.php\/wp-json\/wp\/v2\/media?parent=16884"}],"wp:term":[{"taxonomy":"category","embeddable":true,"href":"https:\/\/kinaikaleidoszkop.hu\/index.php\/wp-json\/wp\/v2\/categories?post=16884"},{"taxonomy":"post_tag","embeddable":true,"href":"https:\/\/kinaikaleidoszkop.hu\/index.php\/wp-json\/wp\/v2\/tags?post=16884"}],"curies":[{"name":"wp","href":"https:\/\/api.w.org\/{rel}","templated":true}]}}