{"id":16897,"date":"2023-03-28T13:15:00","date_gmt":"2023-03-28T11:15:00","guid":{"rendered":"https:\/\/kinaikaleidoszkop.hu\/?p=16897"},"modified":"2023-03-28T14:57:17","modified_gmt":"2023-03-28T12:57:17","slug":"pakisztani-elnok-a-pakisztani-nep-nagyon-elegedett-az-ovezet-es-ut-eredmenyeivel","status":"publish","type":"post","link":"https:\/\/kinaikaleidoszkop.hu\/index.php\/2023\/03\/28\/pakisztani-elnok-a-pakisztani-nep-nagyon-elegedett-az-ovezet-es-ut-eredmenyeivel\/","title":{"rendered":"Pakiszt\u00e1ni eln\u00f6k: A pakiszt\u00e1ni n\u00e9p nagyon el\u00e9gedett az \u201e\u00d6vezet \u00e9s \u00dat\u201d eredm\u00e9nyeivel"},"content":{"rendered":"\n<p class=\"wp-block-paragraph\"><strong>A China Media Group \u201eVezet\u0151k besz\u00e9lgetnek\u201d c\u00edm\u0171, hetente jelentkez\u0151 interj\u00fas m\u0171sor\u00e1ban Arif Alvi pakiszt\u00e1ni eln\u00f6kkel k\u00e9sz\u00edtettek a napokban interj\u00fat. Az eln\u00f6k ebben egyebek mellett elmondta, hogy a pakiszt\u00e1ni n\u00e9p nagyon el\u00e9gedett az \u201e\u00d6vezet \u00e9s \u00dat\u201d kezdem\u00e9nyez\u00e9s eredm\u00e9nyeivel. Ebb\u0151l id\u00e9z\u00fcnk.<\/strong><\/p>\n\n\n\n<p class=\"wp-block-paragraph\"><em>Arif Alvi pakiszt\u00e1ni eln\u00f6k:<\/em><\/p>\n\n\n\n<blockquote class=\"wp-block-quote is-layout-flow wp-block-quote-is-layout-flow\">\n<p class=\"wp-block-paragraph\">\u201e\u00dagy gondolom, hogy a pakiszt\u00e1ni n\u00e9p nagyon el\u00e9gedett az \u201e\u00d6vezet \u00e9s \u00dat\u201d egy\u00fcttm\u0171k\u00f6d\u00e9s eredm\u00e9nyeivel. K\u00edna elvitte a projektet Afrik\u00e1ba, a K\u00f6zel-Keletre \u00e9s m\u00e1s helyekre is. Szeretn\u00e9m hangs\u00falyozni, hogy a K\u00edna-Pakiszt\u00e1n Gazdas\u00e1gi Folyos\u00f3 (CPEC) nemcsak a k\u00e9t orsz\u00e1g k\u00f6z\u00f6tti egy\u00fcttm\u0171k\u00f6d\u00e9st seg\u00edti, hanem a region\u00e1lis egy\u00fcttm\u0171k\u00f6d\u00e9st is szolg\u00e1lja, v\u00e1rja a vil\u00e1g k\u00fcl\u00f6nb\u00f6z\u0151 orsz\u00e1gainak befektet\u00e9seit. Pakiszt\u00e1nnak k\u00e9t fontos megoldand\u00f3 feladata van: a foglalkoztat\u00e1s \u00e9s a piac. Egy hatalmas, 220 milli\u00f3 f\u0151s piacr\u00f3l, egy 220 milli\u00f3s munkaer\u0151-er\u0151forr\u00e1sr\u00f3l van sz\u00f3. Ha Pakiszt\u00e1n hat\u00e9konyan r\u00e9szt tud venni a glob\u00e1lis munkamegoszt\u00e1sban \u00e9s egy\u00fcttm\u0171k\u00f6d\u00e9sben, abb\u00f3l mind K\u00edna, mind Pakiszt\u00e1n profit\u00e1lhat.\u201d<\/p>\n<\/blockquote>\n\n\n\n<figure class=\"wp-block-embed is-type-video is-provider-youtube wp-block-embed-youtube wp-embed-aspect-16-9 wp-has-aspect-ratio\"><div class=\"wp-block-embed__wrapper\">\n<iframe loading=\"lazy\" title=\"Interj\u00fa Arif Alvi pakiszt\u00e1ni eln\u00f6kkel\" width=\"1320\" height=\"743\" src=\"https:\/\/www.youtube.com\/embed\/SJ0ZyOE_wdI?feature=oembed\" frameborder=\"0\" allow=\"accelerometer; autoplay; clipboard-write; encrypted-media; gyroscope; picture-in-picture; web-share\" allowfullscreen><\/iframe>\n<\/div><\/figure>\n\n\n\n<p class=\"wp-block-paragraph\"><strong>2023. m\u00e1rcius 28.<\/strong><\/p>\n\n\n\n<p class=\"wp-block-paragraph\"><strong><em>(China Media Group)<\/em><\/strong><\/p>\n\n\n\n<p class=\"wp-block-paragraph\"><strong>(x)<\/strong><\/p>\n","protected":false},"excerpt":{"rendered":"<p>A China Media Group \u201eVezet\u0151k besz\u00e9lgetnek\u201d c\u00edm\u0171, hetente jelentkez\u0151 interj\u00fas m\u0171sor\u00e1ban Arif Alvi pakiszt\u00e1ni eln\u00f6kkel k\u00e9sz\u00edtettek a napokban interj\u00fat. Az eln\u00f6k ebben egyebek mellett elmondta, hogy a pakiszt\u00e1ni n\u00e9p nagyon el\u00e9gedett az \u201e\u00d6vezet \u00e9s \u00dat\u201d kezdem\u00e9nyez\u00e9s eredm\u00e9nyeivel. Ebb\u0151l id\u00e9z\u00fcnk. Arif Alvi pakiszt\u00e1ni eln\u00f6k: \u201e\u00dagy gondolom, hogy a pakiszt\u00e1ni n\u00e9p nagyon el\u00e9gedett az \u201e\u00d6vezet \u00e9s \u00dat\u201d [&hellip;]<\/p>\n","protected":false},"author":2,"featured_media":16903,"comment_status":"closed","ping_status":"closed","sticky":false,"template":"","format":"standard","meta":{"footnotes":""},"categories":[45],"tags":[2207,512,273,393,269,415,2206,2208],"class_list":["post-16897","post","type-post","status-publish","format-standard","has-post-thumbnail","hentry","category-hirek","tag-arif-alvi","tag-china-media-group","tag-egyuttmukodes","tag-eredmeny","tag-interju","tag-ovezet-es-ut-kezdemenyezes","tag-pakisztan","tag-pakisztani-elnok"],"yoast_head":"<!-- This site is optimized with the Yoast SEO plugin v23.7 - https:\/\/yoast.com\/wordpress\/plugins\/seo\/ -->\n<title>Pakiszt\u00e1ni eln\u00f6k: A pakiszt\u00e1ni n\u00e9p nagyon el\u00e9gedett az \u201e\u00d6vezet \u00e9s \u00dat\u201d eredm\u00e9nyeivel - kinaikaleidoszkop.hu<\/title>\n<meta name=\"robots\" content=\"index, follow, max-snippet:-1, max-image-preview:large, max-video-preview:-1\" \/>\n<link rel=\"canonical\" href=\"https:\/\/kinaikaleidoszkop.hu\/index.php\/2023\/03\/28\/pakisztani-elnok-a-pakisztani-nep-nagyon-elegedett-az-ovezet-es-ut-eredmenyeivel\/\" \/>\n<meta property=\"og:locale\" content=\"hu_HU\" \/>\n<meta property=\"og:type\" content=\"article\" \/>\n<meta property=\"og:title\" content=\"Pakiszt\u00e1ni eln\u00f6k: A pakiszt\u00e1ni n\u00e9p nagyon el\u00e9gedett az \u201e\u00d6vezet \u00e9s \u00dat\u201d eredm\u00e9nyeivel - kinaikaleidoszkop.hu\" \/>\n<meta property=\"og:description\" content=\"A China Media Group \u201eVezet\u0151k besz\u00e9lgetnek\u201d c\u00edm\u0171, hetente jelentkez\u0151 interj\u00fas m\u0171sor\u00e1ban Arif Alvi pakiszt\u00e1ni eln\u00f6kkel k\u00e9sz\u00edtettek a napokban interj\u00fat. Az eln\u00f6k ebben egyebek mellett elmondta, hogy a pakiszt\u00e1ni n\u00e9p nagyon el\u00e9gedett az \u201e\u00d6vezet \u00e9s \u00dat\u201d kezdem\u00e9nyez\u00e9s eredm\u00e9nyeivel. Ebb\u0151l id\u00e9z\u00fcnk. Arif Alvi pakiszt\u00e1ni eln\u00f6k: \u201e\u00dagy gondolom, hogy a pakiszt\u00e1ni n\u00e9p nagyon el\u00e9gedett az \u201e\u00d6vezet \u00e9s \u00dat\u201d [&hellip;]\" \/>\n<meta property=\"og:url\" content=\"https:\/\/kinaikaleidoszkop.hu\/index.php\/2023\/03\/28\/pakisztani-elnok-a-pakisztani-nep-nagyon-elegedett-az-ovezet-es-ut-eredmenyeivel\/\" \/>\n<meta property=\"og:site_name\" content=\"kinaikaleidoszkop.hu\" \/>\n<meta property=\"article:published_time\" content=\"2023-03-28T11:15:00+00:00\" \/>\n<meta property=\"article:modified_time\" content=\"2023-03-28T12:57:17+00:00\" \/>\n<meta property=\"og:image\" content=\"https:\/\/kinaikaleidoszkop.hu\/wp-content\/uploads\/2023\/03\/pakisztani_elnok.jpg\" \/>\n\t<meta property=\"og:image:width\" content=\"1920\" \/>\n\t<meta property=\"og:image:height\" content=\"1080\" \/>\n\t<meta property=\"og:image:type\" content=\"image\/jpeg\" \/>\n<meta name=\"author\" content=\"admin-szabolcs\" \/>\n<meta name=\"twitter:card\" content=\"summary_large_image\" \/>\n<meta name=\"twitter:label1\" content=\"Szerz\u0151:\" \/>\n\t<meta name=\"twitter:data1\" content=\"admin-szabolcs\" \/>\n\t<meta name=\"twitter:label2\" content=\"Becs\u00fclt olvas\u00e1si id\u0151\" \/>\n\t<meta name=\"twitter:data2\" content=\"1 perc\" \/>\n<script type=\"application\/ld+json\" class=\"yoast-schema-graph\">{\"@context\":\"https:\/\/schema.org\",\"@graph\":[{\"@type\":\"WebPage\",\"@id\":\"https:\/\/kinaikaleidoszkop.hu\/index.php\/2023\/03\/28\/pakisztani-elnok-a-pakisztani-nep-nagyon-elegedett-az-ovezet-es-ut-eredmenyeivel\/\",\"url\":\"https:\/\/kinaikaleidoszkop.hu\/index.php\/2023\/03\/28\/pakisztani-elnok-a-pakisztani-nep-nagyon-elegedett-az-ovezet-es-ut-eredmenyeivel\/\",\"name\":\"Pakiszt\u00e1ni eln\u00f6k: A pakiszt\u00e1ni n\u00e9p nagyon el\u00e9gedett az \u201e\u00d6vezet \u00e9s \u00dat\u201d eredm\u00e9nyeivel - kinaikaleidoszkop.hu\",\"isPartOf\":{\"@id\":\"https:\/\/kinaikaleidoszkop.hu\/#website\"},\"primaryImageOfPage\":{\"@id\":\"https:\/\/kinaikaleidoszkop.hu\/index.php\/2023\/03\/28\/pakisztani-elnok-a-pakisztani-nep-nagyon-elegedett-az-ovezet-es-ut-eredmenyeivel\/#primaryimage\"},\"image\":{\"@id\":\"https:\/\/kinaikaleidoszkop.hu\/index.php\/2023\/03\/28\/pakisztani-elnok-a-pakisztani-nep-nagyon-elegedett-az-ovezet-es-ut-eredmenyeivel\/#primaryimage\"},\"thumbnailUrl\":\"https:\/\/kinaikaleidoszkop.hu\/wp-content\/uploads\/2023\/03\/pakisztani_elnok.jpg\",\"datePublished\":\"2023-03-28T11:15:00+00:00\",\"dateModified\":\"2023-03-28T12:57:17+00:00\",\"author\":{\"@id\":\"https:\/\/kinaikaleidoszkop.hu\/#\/schema\/person\/b9e2febe742edd540c1197716ec02bf7\"},\"breadcrumb\":{\"@id\":\"https:\/\/kinaikaleidoszkop.hu\/index.php\/2023\/03\/28\/pakisztani-elnok-a-pakisztani-nep-nagyon-elegedett-az-ovezet-es-ut-eredmenyeivel\/#breadcrumb\"},\"inLanguage\":\"hu\",\"potentialAction\":[{\"@type\":\"ReadAction\",\"target\":[\"https:\/\/kinaikaleidoszkop.hu\/index.php\/2023\/03\/28\/pakisztani-elnok-a-pakisztani-nep-nagyon-elegedett-az-ovezet-es-ut-eredmenyeivel\/\"]}]},{\"@type\":\"ImageObject\",\"inLanguage\":\"hu\",\"@id\":\"https:\/\/kinaikaleidoszkop.hu\/index.php\/2023\/03\/28\/pakisztani-elnok-a-pakisztani-nep-nagyon-elegedett-az-ovezet-es-ut-eredmenyeivel\/#primaryimage\",\"url\":\"https:\/\/kinaikaleidoszkop.hu\/wp-content\/uploads\/2023\/03\/pakisztani_elnok.jpg\",\"contentUrl\":\"https:\/\/kinaikaleidoszkop.hu\/wp-content\/uploads\/2023\/03\/pakisztani_elnok.jpg\",\"width\":1920,\"height\":1080},{\"@type\":\"BreadcrumbList\",\"@id\":\"https:\/\/kinaikaleidoszkop.hu\/index.php\/2023\/03\/28\/pakisztani-elnok-a-pakisztani-nep-nagyon-elegedett-az-ovezet-es-ut-eredmenyeivel\/#breadcrumb\",\"itemListElement\":[{\"@type\":\"ListItem\",\"position\":1,\"name\":\"Kezd\u0151lap\",\"item\":\"https:\/\/kinaikaleidoszkop.hu\/\"},{\"@type\":\"ListItem\",\"position\":2,\"name\":\"Pakiszt\u00e1ni eln\u00f6k: A pakiszt\u00e1ni n\u00e9p nagyon el\u00e9gedett az \u201e\u00d6vezet \u00e9s \u00dat\u201d eredm\u00e9nyeivel\"}]},{\"@type\":\"WebSite\",\"@id\":\"https:\/\/kinaikaleidoszkop.hu\/#website\",\"url\":\"https:\/\/kinaikaleidoszkop.hu\/\",\"name\":\"kinaikaleidoszkop.hu\",\"description\":\"\",\"potentialAction\":[{\"@type\":\"SearchAction\",\"target\":{\"@type\":\"EntryPoint\",\"urlTemplate\":\"https:\/\/kinaikaleidoszkop.hu\/?s={search_term_string}\"},\"query-input\":{\"@type\":\"PropertyValueSpecification\",\"valueRequired\":true,\"valueName\":\"search_term_string\"}}],\"inLanguage\":\"hu\"},{\"@type\":\"Person\",\"@id\":\"https:\/\/kinaikaleidoszkop.hu\/#\/schema\/person\/b9e2febe742edd540c1197716ec02bf7\",\"name\":\"admin-szabolcs\",\"image\":{\"@type\":\"ImageObject\",\"inLanguage\":\"hu\",\"@id\":\"https:\/\/kinaikaleidoszkop.hu\/#\/schema\/person\/image\/\",\"url\":\"https:\/\/secure.gravatar.com\/avatar\/154f262492794df2a6cb5d5349227b18ef8f85ab462fbb32625fc42406483d21?s=96&d=mm&r=g\",\"contentUrl\":\"https:\/\/secure.gravatar.com\/avatar\/154f262492794df2a6cb5d5349227b18ef8f85ab462fbb32625fc42406483d21?s=96&d=mm&r=g\",\"caption\":\"admin-szabolcs\"},\"url\":\"https:\/\/kinaikaleidoszkop.hu\/index.php\/author\/admin-szabolcs\/\"}]}<\/script>\n<!-- \/ Yoast SEO plugin. -->","yoast_head_json":{"title":"Pakiszt\u00e1ni eln\u00f6k: A pakiszt\u00e1ni n\u00e9p nagyon el\u00e9gedett az \u201e\u00d6vezet \u00e9s \u00dat\u201d eredm\u00e9nyeivel - kinaikaleidoszkop.hu","robots":{"index":"index","follow":"follow","max-snippet":"max-snippet:-1","max-image-preview":"max-image-preview:large","max-video-preview":"max-video-preview:-1"},"canonical":"https:\/\/kinaikaleidoszkop.hu\/index.php\/2023\/03\/28\/pakisztani-elnok-a-pakisztani-nep-nagyon-elegedett-az-ovezet-es-ut-eredmenyeivel\/","og_locale":"hu_HU","og_type":"article","og_title":"Pakiszt\u00e1ni eln\u00f6k: A pakiszt\u00e1ni n\u00e9p nagyon el\u00e9gedett az \u201e\u00d6vezet \u00e9s \u00dat\u201d eredm\u00e9nyeivel - kinaikaleidoszkop.hu","og_description":"A China Media Group \u201eVezet\u0151k besz\u00e9lgetnek\u201d c\u00edm\u0171, hetente jelentkez\u0151 interj\u00fas m\u0171sor\u00e1ban Arif Alvi pakiszt\u00e1ni eln\u00f6kkel k\u00e9sz\u00edtettek a napokban interj\u00fat. Az eln\u00f6k ebben egyebek mellett elmondta, hogy a pakiszt\u00e1ni n\u00e9p nagyon el\u00e9gedett az \u201e\u00d6vezet \u00e9s \u00dat\u201d kezdem\u00e9nyez\u00e9s eredm\u00e9nyeivel. Ebb\u0151l id\u00e9z\u00fcnk. Arif Alvi pakiszt\u00e1ni eln\u00f6k: \u201e\u00dagy gondolom, hogy a pakiszt\u00e1ni n\u00e9p nagyon el\u00e9gedett az \u201e\u00d6vezet \u00e9s \u00dat\u201d [&hellip;]","og_url":"https:\/\/kinaikaleidoszkop.hu\/index.php\/2023\/03\/28\/pakisztani-elnok-a-pakisztani-nep-nagyon-elegedett-az-ovezet-es-ut-eredmenyeivel\/","og_site_name":"kinaikaleidoszkop.hu","article_published_time":"2023-03-28T11:15:00+00:00","article_modified_time":"2023-03-28T12:57:17+00:00","og_image":[{"width":1920,"height":1080,"url":"https:\/\/kinaikaleidoszkop.hu\/wp-content\/uploads\/2023\/03\/pakisztani_elnok.jpg","type":"image\/jpeg"}],"author":"admin-szabolcs","twitter_card":"summary_large_image","twitter_misc":{"Szerz\u0151:":"admin-szabolcs","Becs\u00fclt olvas\u00e1si id\u0151":"1 perc"},"schema":{"@context":"https:\/\/schema.org","@graph":[{"@type":"WebPage","@id":"https:\/\/kinaikaleidoszkop.hu\/index.php\/2023\/03\/28\/pakisztani-elnok-a-pakisztani-nep-nagyon-elegedett-az-ovezet-es-ut-eredmenyeivel\/","url":"https:\/\/kinaikaleidoszkop.hu\/index.php\/2023\/03\/28\/pakisztani-elnok-a-pakisztani-nep-nagyon-elegedett-az-ovezet-es-ut-eredmenyeivel\/","name":"Pakiszt\u00e1ni eln\u00f6k: A pakiszt\u00e1ni n\u00e9p nagyon el\u00e9gedett az \u201e\u00d6vezet \u00e9s \u00dat\u201d eredm\u00e9nyeivel - kinaikaleidoszkop.hu","isPartOf":{"@id":"https:\/\/kinaikaleidoszkop.hu\/#website"},"primaryImageOfPage":{"@id":"https:\/\/kinaikaleidoszkop.hu\/index.php\/2023\/03\/28\/pakisztani-elnok-a-pakisztani-nep-nagyon-elegedett-az-ovezet-es-ut-eredmenyeivel\/#primaryimage"},"image":{"@id":"https:\/\/kinaikaleidoszkop.hu\/index.php\/2023\/03\/28\/pakisztani-elnok-a-pakisztani-nep-nagyon-elegedett-az-ovezet-es-ut-eredmenyeivel\/#primaryimage"},"thumbnailUrl":"https:\/\/kinaikaleidoszkop.hu\/wp-content\/uploads\/2023\/03\/pakisztani_elnok.jpg","datePublished":"2023-03-28T11:15:00+00:00","dateModified":"2023-03-28T12:57:17+00:00","author":{"@id":"https:\/\/kinaikaleidoszkop.hu\/#\/schema\/person\/b9e2febe742edd540c1197716ec02bf7"},"breadcrumb":{"@id":"https:\/\/kinaikaleidoszkop.hu\/index.php\/2023\/03\/28\/pakisztani-elnok-a-pakisztani-nep-nagyon-elegedett-az-ovezet-es-ut-eredmenyeivel\/#breadcrumb"},"inLanguage":"hu","potentialAction":[{"@type":"ReadAction","target":["https:\/\/kinaikaleidoszkop.hu\/index.php\/2023\/03\/28\/pakisztani-elnok-a-pakisztani-nep-nagyon-elegedett-az-ovezet-es-ut-eredmenyeivel\/"]}]},{"@type":"ImageObject","inLanguage":"hu","@id":"https:\/\/kinaikaleidoszkop.hu\/index.php\/2023\/03\/28\/pakisztani-elnok-a-pakisztani-nep-nagyon-elegedett-az-ovezet-es-ut-eredmenyeivel\/#primaryimage","url":"https:\/\/kinaikaleidoszkop.hu\/wp-content\/uploads\/2023\/03\/pakisztani_elnok.jpg","contentUrl":"https:\/\/kinaikaleidoszkop.hu\/wp-content\/uploads\/2023\/03\/pakisztani_elnok.jpg","width":1920,"height":1080},{"@type":"BreadcrumbList","@id":"https:\/\/kinaikaleidoszkop.hu\/index.php\/2023\/03\/28\/pakisztani-elnok-a-pakisztani-nep-nagyon-elegedett-az-ovezet-es-ut-eredmenyeivel\/#breadcrumb","itemListElement":[{"@type":"ListItem","position":1,"name":"Kezd\u0151lap","item":"https:\/\/kinaikaleidoszkop.hu\/"},{"@type":"ListItem","position":2,"name":"Pakiszt\u00e1ni eln\u00f6k: A pakiszt\u00e1ni n\u00e9p nagyon el\u00e9gedett az \u201e\u00d6vezet \u00e9s \u00dat\u201d eredm\u00e9nyeivel"}]},{"@type":"WebSite","@id":"https:\/\/kinaikaleidoszkop.hu\/#website","url":"https:\/\/kinaikaleidoszkop.hu\/","name":"kinaikaleidoszkop.hu","description":"","potentialAction":[{"@type":"SearchAction","target":{"@type":"EntryPoint","urlTemplate":"https:\/\/kinaikaleidoszkop.hu\/?s={search_term_string}"},"query-input":{"@type":"PropertyValueSpecification","valueRequired":true,"valueName":"search_term_string"}}],"inLanguage":"hu"},{"@type":"Person","@id":"https:\/\/kinaikaleidoszkop.hu\/#\/schema\/person\/b9e2febe742edd540c1197716ec02bf7","name":"admin-szabolcs","image":{"@type":"ImageObject","inLanguage":"hu","@id":"https:\/\/kinaikaleidoszkop.hu\/#\/schema\/person\/image\/","url":"https:\/\/secure.gravatar.com\/avatar\/154f262492794df2a6cb5d5349227b18ef8f85ab462fbb32625fc42406483d21?s=96&d=mm&r=g","contentUrl":"https:\/\/secure.gravatar.com\/avatar\/154f262492794df2a6cb5d5349227b18ef8f85ab462fbb32625fc42406483d21?s=96&d=mm&r=g","caption":"admin-szabolcs"},"url":"https:\/\/kinaikaleidoszkop.hu\/index.php\/author\/admin-szabolcs\/"}]}},"views":276,"distributor_meta":false,"distributor_terms":false,"distributor_media":false,"distributor_original_site_name":"kinaikaleidoszkop.hu","distributor_original_site_url":"https:\/\/kinaikaleidoszkop.hu","push-errors":false,"_links":{"self":[{"href":"https:\/\/kinaikaleidoszkop.hu\/index.php\/wp-json\/wp\/v2\/posts\/16897","targetHints":{"allow":["GET"]}}],"collection":[{"href":"https:\/\/kinaikaleidoszkop.hu\/index.php\/wp-json\/wp\/v2\/posts"}],"about":[{"href":"https:\/\/kinaikaleidoszkop.hu\/index.php\/wp-json\/wp\/v2\/types\/post"}],"author":[{"embeddable":true,"href":"https:\/\/kinaikaleidoszkop.hu\/index.php\/wp-json\/wp\/v2\/users\/2"}],"replies":[{"embeddable":true,"href":"https:\/\/kinaikaleidoszkop.hu\/index.php\/wp-json\/wp\/v2\/comments?post=16897"}],"version-history":[{"count":1,"href":"https:\/\/kinaikaleidoszkop.hu\/index.php\/wp-json\/wp\/v2\/posts\/16897\/revisions"}],"predecessor-version":[{"id":16904,"href":"https:\/\/kinaikaleidoszkop.hu\/index.php\/wp-json\/wp\/v2\/posts\/16897\/revisions\/16904"}],"wp:featuredmedia":[{"embeddable":true,"href":"https:\/\/kinaikaleidoszkop.hu\/index.php\/wp-json\/wp\/v2\/media\/16903"}],"wp:attachment":[{"href":"https:\/\/kinaikaleidoszkop.hu\/index.php\/wp-json\/wp\/v2\/media?parent=16897"}],"wp:term":[{"taxonomy":"category","embeddable":true,"href":"https:\/\/kinaikaleidoszkop.hu\/index.php\/wp-json\/wp\/v2\/categories?post=16897"},{"taxonomy":"post_tag","embeddable":true,"href":"https:\/\/kinaikaleidoszkop.hu\/index.php\/wp-json\/wp\/v2\/tags?post=16897"}],"curies":[{"name":"wp","href":"https:\/\/api.w.org\/{rel}","templated":true}]}}