{"id":16915,"date":"2023-03-28T16:00:00","date_gmt":"2023-03-28T14:00:00","guid":{"rendered":"https:\/\/kinaikaleidoszkop.hu\/?p=16915"},"modified":"2023-03-28T16:29:17","modified_gmt":"2023-03-28T14:29:17","slug":"a-kina-es-magyarorszag-kozotti-gazdasagi-es-kereskedelmi-kapcsolatok","status":"publish","type":"post","link":"https:\/\/kinaikaleidoszkop.hu\/index.php\/2023\/03\/28\/a-kina-es-magyarorszag-kozotti-gazdasagi-es-kereskedelmi-kapcsolatok\/","title":{"rendered":"A K\u00edna \u00e9s Magyarorsz\u00e1g k\u00f6z\u00f6tti gazdas\u00e1gi \u00e9s kereskedelmi kapcsolatok"},"content":{"rendered":"\n<p><strong>Egyesek azt mondt\u00e1k, hogy a Covid-j\u00e1rv\u00e1ny h\u00e1rom \u00e9ve a glob\u00e1lis gazdas\u00e1g \u201eelveszett h\u00e1rom \u00e9ve\u201d. Az elm\u00falt h\u00e1rom \u00e9vben a glob\u00e1lis ell\u00e1t\u00e1si l\u00e1nc megszakadt, a nemzetk\u00f6zi kereskedelem jelent\u0151sen cs\u00f6kkent, az orsz\u00e1gok k\u00f6z\u00f6tti gazdas\u00e1gi \u00e9s kereskedelmi kapcsolatok \u201eszenvedtek\u201d. A K\u00edna \u00e9s Magyarorsz\u00e1g k\u00f6z\u00f6tti kapcsolatokra viszont ez nem igaz, a k\u00e9t f\u00e9l k\u00f6z\u00f6tt l\u00e9v\u0151 szil\u00e1rd, k\u00f6lcs\u00f6n\u00f6s politikai bizalom alapj\u00e1n a K\u00edna \u00e9s Magyarorsz\u00e1g k\u00f6z\u00f6tti gazdas\u00e1gi \u00e9s kereskedelmi kapcsolatok lek\u00fczd\u00f6tt\u00e9k a neh\u00e9zs\u00e9geket, \u00e9s az \u00e1ltal\u00e1nos tendenci\u00e1val szemben n\u00f6veked\u00e9st \u00e9rtek el.&nbsp;<\/strong><\/p>\n\n\n\n<p>A k\u00ednai statisztik\u00e1k szerint a K\u00edna \u00e9s Magyarorsz\u00e1g k\u00f6z\u00f6tti k\u00e9toldal\u00fa kereskedelem volumene 2022-ben 51%-kal n\u0151tt a j\u00e1rv\u00e1ny el\u0151tti 2019-es szinthez k\u00e9pest, \u00e9s az \u00e1tlagos \u00e9ves n\u00f6veked\u00e9si \u00fctem h\u00e1rom \u00e9v alatt el\u00e9rte a 15%-ot, j\u00f3val meghaladva a K\u00edna \u00e9s az EU-tagorsz\u00e1gok k\u00f6z\u00f6tti kereskedelem \u00e1tlagos \u00e9ves n\u00f6veked\u00e9si \u00fctem\u00e9t.<\/p>\n\n\n\n<p>A magyar statisztik\u00e1k szerint a j\u00e1rv\u00e1ny idej\u00e9n K\u00edna poz\u00edci\u00f3ja a Magyarorsz\u00e1g kereskedelmi partnerei k\u00f6z\u00f6tti rangsorban nem gyeng\u00fclt, hanem er\u0151s\u00f6d\u00f6tt. 2019-ben K\u00edna volt Magyarorsz\u00e1g nyolcadik legnagyobb k\u00fclkereskedelmi partnere, 2020 \u00e9s 2022 k\u00f6z\u00f6tt pedig sorrendben a harmadik, a hatodik \u00e9s az \u00f6t\u00f6dik legnagyobb kereskedelmi partnere lett. Hossz\u00fa ideje Magyarorsz\u00e1g EU-n k\u00edv\u00fcli legnagyobb kereskedelmi partnere K\u00edna, \u00e9s a vil\u00e1gon a m\u00e1sodik legnagyobb importforr\u00e1sa is egyben.<\/p>\n\n\n\n<figure class=\"wp-block-embed is-type-video is-provider-youtube wp-block-embed-youtube wp-embed-aspect-16-9 wp-has-aspect-ratio\"><div class=\"wp-block-embed__wrapper\">\n<iframe loading=\"lazy\" title=\"A K\u00edna \u00e9s Magyarorsz\u00e1g k\u00f6z\u00f6tti gazdas\u00e1gi \u00e9s kereskedelmi kapcsolatok\" width=\"1320\" height=\"743\" src=\"https:\/\/www.youtube.com\/embed\/GRJkFtzOT8I?feature=oembed\" frameborder=\"0\" allow=\"accelerometer; autoplay; clipboard-write; encrypted-media; gyroscope; picture-in-picture; web-share\" allowfullscreen><\/iframe>\n<\/div><\/figure>\n\n\n\n<p><strong>2023. m\u00e1rcius 28.<\/strong><\/p>\n\n\n\n<p><strong><em>(China Media Group)<\/em><\/strong><\/p>\n\n\n\n<p><strong>(x)<\/strong><\/p>\n","protected":false},"excerpt":{"rendered":"<p>Egyesek azt mondt\u00e1k, hogy a Covid-j\u00e1rv\u00e1ny h\u00e1rom \u00e9ve a glob\u00e1lis gazdas\u00e1g \u201eelveszett h\u00e1rom \u00e9ve\u201d. Az elm\u00falt h\u00e1rom \u00e9vben a glob\u00e1lis ell\u00e1t\u00e1si l\u00e1nc megszakadt, a nemzetk\u00f6zi kereskedelem jelent\u0151sen cs\u00f6kkent, az orsz\u00e1gok k\u00f6z\u00f6tti gazdas\u00e1gi \u00e9s kereskedelmi kapcsolatok \u201eszenvedtek\u201d. A K\u00edna \u00e9s Magyarorsz\u00e1g k\u00f6z\u00f6tti kapcsolatokra viszont ez nem igaz, a k\u00e9t f\u00e9l k\u00f6z\u00f6tt l\u00e9v\u0151 szil\u00e1rd, k\u00f6lcs\u00f6n\u00f6s politikai bizalom [&hellip;]<\/p>\n","protected":false},"author":2,"featured_media":16918,"comment_status":"closed","ping_status":"closed","sticky":false,"template":"","format":"standard","meta":{"footnotes":""},"categories":[91],"tags":[2217,191,2218,419,885,65,2219],"class_list":["post-16915","post","type-post","status-publish","format-standard","has-post-thumbnail","hentry","category-kepek-videok","tag-gazdasagi-kapcsolatok","tag-jarvany","tag-kereskedelmi-kapcsolatok","tag-magyarorszag","tag-novekedesi-utem","tag-statisztika","tag-volumen"],"yoast_head":"<!-- This site is optimized with the Yoast SEO plugin v23.7 - https:\/\/yoast.com\/wordpress\/plugins\/seo\/ -->\n<title>A K\u00edna \u00e9s Magyarorsz\u00e1g k\u00f6z\u00f6tti gazdas\u00e1gi \u00e9s kereskedelmi kapcsolatok - kinaikaleidoszkop.hu<\/title>\n<meta name=\"robots\" content=\"index, follow, max-snippet:-1, max-image-preview:large, max-video-preview:-1\" \/>\n<link rel=\"canonical\" href=\"https:\/\/kinaikaleidoszkop.hu\/index.php\/2023\/03\/28\/a-kina-es-magyarorszag-kozotti-gazdasagi-es-kereskedelmi-kapcsolatok\/\" \/>\n<meta property=\"og:locale\" content=\"hu_HU\" \/>\n<meta property=\"og:type\" content=\"article\" \/>\n<meta property=\"og:title\" content=\"A K\u00edna \u00e9s Magyarorsz\u00e1g k\u00f6z\u00f6tti gazdas\u00e1gi \u00e9s kereskedelmi kapcsolatok - kinaikaleidoszkop.hu\" \/>\n<meta property=\"og:description\" content=\"Egyesek azt mondt\u00e1k, hogy a Covid-j\u00e1rv\u00e1ny h\u00e1rom \u00e9ve a glob\u00e1lis gazdas\u00e1g \u201eelveszett h\u00e1rom \u00e9ve\u201d. Az elm\u00falt h\u00e1rom \u00e9vben a glob\u00e1lis ell\u00e1t\u00e1si l\u00e1nc megszakadt, a nemzetk\u00f6zi kereskedelem jelent\u0151sen cs\u00f6kkent, az orsz\u00e1gok k\u00f6z\u00f6tti gazdas\u00e1gi \u00e9s kereskedelmi kapcsolatok \u201eszenvedtek\u201d. A K\u00edna \u00e9s Magyarorsz\u00e1g k\u00f6z\u00f6tti kapcsolatokra viszont ez nem igaz, a k\u00e9t f\u00e9l k\u00f6z\u00f6tt l\u00e9v\u0151 szil\u00e1rd, k\u00f6lcs\u00f6n\u00f6s politikai bizalom [&hellip;]\" \/>\n<meta property=\"og:url\" content=\"https:\/\/kinaikaleidoszkop.hu\/index.php\/2023\/03\/28\/a-kina-es-magyarorszag-kozotti-gazdasagi-es-kereskedelmi-kapcsolatok\/\" \/>\n<meta property=\"og:site_name\" content=\"kinaikaleidoszkop.hu\" \/>\n<meta property=\"article:published_time\" content=\"2023-03-28T14:00:00+00:00\" \/>\n<meta property=\"article:modified_time\" content=\"2023-03-28T14:29:17+00:00\" \/>\n<meta property=\"og:image\" content=\"https:\/\/kinaikaleidoszkop.hu\/wp-content\/uploads\/2023\/03\/magyarkinai0328.jpg\" \/>\n\t<meta property=\"og:image:width\" content=\"1920\" \/>\n\t<meta property=\"og:image:height\" content=\"1080\" \/>\n\t<meta property=\"og:image:type\" content=\"image\/jpeg\" \/>\n<meta name=\"author\" content=\"admin-szabolcs\" \/>\n<meta name=\"twitter:card\" content=\"summary_large_image\" \/>\n<meta name=\"twitter:label1\" content=\"Szerz\u0151:\" \/>\n\t<meta name=\"twitter:data1\" content=\"admin-szabolcs\" \/>\n\t<meta name=\"twitter:label2\" content=\"Becs\u00fclt olvas\u00e1si id\u0151\" \/>\n\t<meta name=\"twitter:data2\" content=\"2 perc\" \/>\n<script type=\"application\/ld+json\" class=\"yoast-schema-graph\">{\"@context\":\"https:\/\/schema.org\",\"@graph\":[{\"@type\":\"WebPage\",\"@id\":\"https:\/\/kinaikaleidoszkop.hu\/index.php\/2023\/03\/28\/a-kina-es-magyarorszag-kozotti-gazdasagi-es-kereskedelmi-kapcsolatok\/\",\"url\":\"https:\/\/kinaikaleidoszkop.hu\/index.php\/2023\/03\/28\/a-kina-es-magyarorszag-kozotti-gazdasagi-es-kereskedelmi-kapcsolatok\/\",\"name\":\"A K\u00edna \u00e9s Magyarorsz\u00e1g k\u00f6z\u00f6tti gazdas\u00e1gi \u00e9s kereskedelmi kapcsolatok - kinaikaleidoszkop.hu\",\"isPartOf\":{\"@id\":\"https:\/\/kinaikaleidoszkop.hu\/#website\"},\"primaryImageOfPage\":{\"@id\":\"https:\/\/kinaikaleidoszkop.hu\/index.php\/2023\/03\/28\/a-kina-es-magyarorszag-kozotti-gazdasagi-es-kereskedelmi-kapcsolatok\/#primaryimage\"},\"image\":{\"@id\":\"https:\/\/kinaikaleidoszkop.hu\/index.php\/2023\/03\/28\/a-kina-es-magyarorszag-kozotti-gazdasagi-es-kereskedelmi-kapcsolatok\/#primaryimage\"},\"thumbnailUrl\":\"https:\/\/kinaikaleidoszkop.hu\/wp-content\/uploads\/2023\/03\/magyarkinai0328.jpg\",\"datePublished\":\"2023-03-28T14:00:00+00:00\",\"dateModified\":\"2023-03-28T14:29:17+00:00\",\"author\":{\"@id\":\"https:\/\/kinaikaleidoszkop.hu\/#\/schema\/person\/b9e2febe742edd540c1197716ec02bf7\"},\"breadcrumb\":{\"@id\":\"https:\/\/kinaikaleidoszkop.hu\/index.php\/2023\/03\/28\/a-kina-es-magyarorszag-kozotti-gazdasagi-es-kereskedelmi-kapcsolatok\/#breadcrumb\"},\"inLanguage\":\"hu\",\"potentialAction\":[{\"@type\":\"ReadAction\",\"target\":[\"https:\/\/kinaikaleidoszkop.hu\/index.php\/2023\/03\/28\/a-kina-es-magyarorszag-kozotti-gazdasagi-es-kereskedelmi-kapcsolatok\/\"]}]},{\"@type\":\"ImageObject\",\"inLanguage\":\"hu\",\"@id\":\"https:\/\/kinaikaleidoszkop.hu\/index.php\/2023\/03\/28\/a-kina-es-magyarorszag-kozotti-gazdasagi-es-kereskedelmi-kapcsolatok\/#primaryimage\",\"url\":\"https:\/\/kinaikaleidoszkop.hu\/wp-content\/uploads\/2023\/03\/magyarkinai0328.jpg\",\"contentUrl\":\"https:\/\/kinaikaleidoszkop.hu\/wp-content\/uploads\/2023\/03\/magyarkinai0328.jpg\",\"width\":1920,\"height\":1080},{\"@type\":\"BreadcrumbList\",\"@id\":\"https:\/\/kinaikaleidoszkop.hu\/index.php\/2023\/03\/28\/a-kina-es-magyarorszag-kozotti-gazdasagi-es-kereskedelmi-kapcsolatok\/#breadcrumb\",\"itemListElement\":[{\"@type\":\"ListItem\",\"position\":1,\"name\":\"Kezd\u0151lap\",\"item\":\"https:\/\/kinaikaleidoszkop.hu\/\"},{\"@type\":\"ListItem\",\"position\":2,\"name\":\"A K\u00edna \u00e9s Magyarorsz\u00e1g k\u00f6z\u00f6tti gazdas\u00e1gi \u00e9s kereskedelmi kapcsolatok\"}]},{\"@type\":\"WebSite\",\"@id\":\"https:\/\/kinaikaleidoszkop.hu\/#website\",\"url\":\"https:\/\/kinaikaleidoszkop.hu\/\",\"name\":\"kinaikaleidoszkop.hu\",\"description\":\"\",\"potentialAction\":[{\"@type\":\"SearchAction\",\"target\":{\"@type\":\"EntryPoint\",\"urlTemplate\":\"https:\/\/kinaikaleidoszkop.hu\/?s={search_term_string}\"},\"query-input\":{\"@type\":\"PropertyValueSpecification\",\"valueRequired\":true,\"valueName\":\"search_term_string\"}}],\"inLanguage\":\"hu\"},{\"@type\":\"Person\",\"@id\":\"https:\/\/kinaikaleidoszkop.hu\/#\/schema\/person\/b9e2febe742edd540c1197716ec02bf7\",\"name\":\"admin-szabolcs\",\"image\":{\"@type\":\"ImageObject\",\"inLanguage\":\"hu\",\"@id\":\"https:\/\/kinaikaleidoszkop.hu\/#\/schema\/person\/image\/\",\"url\":\"https:\/\/secure.gravatar.com\/avatar\/154f262492794df2a6cb5d5349227b18ef8f85ab462fbb32625fc42406483d21?s=96&d=mm&r=g\",\"contentUrl\":\"https:\/\/secure.gravatar.com\/avatar\/154f262492794df2a6cb5d5349227b18ef8f85ab462fbb32625fc42406483d21?s=96&d=mm&r=g\",\"caption\":\"admin-szabolcs\"},\"url\":\"https:\/\/kinaikaleidoszkop.hu\/index.php\/author\/admin-szabolcs\/\"}]}<\/script>\n<!-- \/ Yoast SEO plugin. -->","yoast_head_json":{"title":"A K\u00edna \u00e9s Magyarorsz\u00e1g k\u00f6z\u00f6tti gazdas\u00e1gi \u00e9s kereskedelmi kapcsolatok - kinaikaleidoszkop.hu","robots":{"index":"index","follow":"follow","max-snippet":"max-snippet:-1","max-image-preview":"max-image-preview:large","max-video-preview":"max-video-preview:-1"},"canonical":"https:\/\/kinaikaleidoszkop.hu\/index.php\/2023\/03\/28\/a-kina-es-magyarorszag-kozotti-gazdasagi-es-kereskedelmi-kapcsolatok\/","og_locale":"hu_HU","og_type":"article","og_title":"A K\u00edna \u00e9s Magyarorsz\u00e1g k\u00f6z\u00f6tti gazdas\u00e1gi \u00e9s kereskedelmi kapcsolatok - kinaikaleidoszkop.hu","og_description":"Egyesek azt mondt\u00e1k, hogy a Covid-j\u00e1rv\u00e1ny h\u00e1rom \u00e9ve a glob\u00e1lis gazdas\u00e1g \u201eelveszett h\u00e1rom \u00e9ve\u201d. Az elm\u00falt h\u00e1rom \u00e9vben a glob\u00e1lis ell\u00e1t\u00e1si l\u00e1nc megszakadt, a nemzetk\u00f6zi kereskedelem jelent\u0151sen cs\u00f6kkent, az orsz\u00e1gok k\u00f6z\u00f6tti gazdas\u00e1gi \u00e9s kereskedelmi kapcsolatok \u201eszenvedtek\u201d. A K\u00edna \u00e9s Magyarorsz\u00e1g k\u00f6z\u00f6tti kapcsolatokra viszont ez nem igaz, a k\u00e9t f\u00e9l k\u00f6z\u00f6tt l\u00e9v\u0151 szil\u00e1rd, k\u00f6lcs\u00f6n\u00f6s politikai bizalom [&hellip;]","og_url":"https:\/\/kinaikaleidoszkop.hu\/index.php\/2023\/03\/28\/a-kina-es-magyarorszag-kozotti-gazdasagi-es-kereskedelmi-kapcsolatok\/","og_site_name":"kinaikaleidoszkop.hu","article_published_time":"2023-03-28T14:00:00+00:00","article_modified_time":"2023-03-28T14:29:17+00:00","og_image":[{"width":1920,"height":1080,"url":"https:\/\/kinaikaleidoszkop.hu\/wp-content\/uploads\/2023\/03\/magyarkinai0328.jpg","type":"image\/jpeg"}],"author":"admin-szabolcs","twitter_card":"summary_large_image","twitter_misc":{"Szerz\u0151:":"admin-szabolcs","Becs\u00fclt olvas\u00e1si id\u0151":"2 perc"},"schema":{"@context":"https:\/\/schema.org","@graph":[{"@type":"WebPage","@id":"https:\/\/kinaikaleidoszkop.hu\/index.php\/2023\/03\/28\/a-kina-es-magyarorszag-kozotti-gazdasagi-es-kereskedelmi-kapcsolatok\/","url":"https:\/\/kinaikaleidoszkop.hu\/index.php\/2023\/03\/28\/a-kina-es-magyarorszag-kozotti-gazdasagi-es-kereskedelmi-kapcsolatok\/","name":"A K\u00edna \u00e9s Magyarorsz\u00e1g k\u00f6z\u00f6tti gazdas\u00e1gi \u00e9s kereskedelmi kapcsolatok - kinaikaleidoszkop.hu","isPartOf":{"@id":"https:\/\/kinaikaleidoszkop.hu\/#website"},"primaryImageOfPage":{"@id":"https:\/\/kinaikaleidoszkop.hu\/index.php\/2023\/03\/28\/a-kina-es-magyarorszag-kozotti-gazdasagi-es-kereskedelmi-kapcsolatok\/#primaryimage"},"image":{"@id":"https:\/\/kinaikaleidoszkop.hu\/index.php\/2023\/03\/28\/a-kina-es-magyarorszag-kozotti-gazdasagi-es-kereskedelmi-kapcsolatok\/#primaryimage"},"thumbnailUrl":"https:\/\/kinaikaleidoszkop.hu\/wp-content\/uploads\/2023\/03\/magyarkinai0328.jpg","datePublished":"2023-03-28T14:00:00+00:00","dateModified":"2023-03-28T14:29:17+00:00","author":{"@id":"https:\/\/kinaikaleidoszkop.hu\/#\/schema\/person\/b9e2febe742edd540c1197716ec02bf7"},"breadcrumb":{"@id":"https:\/\/kinaikaleidoszkop.hu\/index.php\/2023\/03\/28\/a-kina-es-magyarorszag-kozotti-gazdasagi-es-kereskedelmi-kapcsolatok\/#breadcrumb"},"inLanguage":"hu","potentialAction":[{"@type":"ReadAction","target":["https:\/\/kinaikaleidoszkop.hu\/index.php\/2023\/03\/28\/a-kina-es-magyarorszag-kozotti-gazdasagi-es-kereskedelmi-kapcsolatok\/"]}]},{"@type":"ImageObject","inLanguage":"hu","@id":"https:\/\/kinaikaleidoszkop.hu\/index.php\/2023\/03\/28\/a-kina-es-magyarorszag-kozotti-gazdasagi-es-kereskedelmi-kapcsolatok\/#primaryimage","url":"https:\/\/kinaikaleidoszkop.hu\/wp-content\/uploads\/2023\/03\/magyarkinai0328.jpg","contentUrl":"https:\/\/kinaikaleidoszkop.hu\/wp-content\/uploads\/2023\/03\/magyarkinai0328.jpg","width":1920,"height":1080},{"@type":"BreadcrumbList","@id":"https:\/\/kinaikaleidoszkop.hu\/index.php\/2023\/03\/28\/a-kina-es-magyarorszag-kozotti-gazdasagi-es-kereskedelmi-kapcsolatok\/#breadcrumb","itemListElement":[{"@type":"ListItem","position":1,"name":"Kezd\u0151lap","item":"https:\/\/kinaikaleidoszkop.hu\/"},{"@type":"ListItem","position":2,"name":"A K\u00edna \u00e9s Magyarorsz\u00e1g k\u00f6z\u00f6tti gazdas\u00e1gi \u00e9s kereskedelmi kapcsolatok"}]},{"@type":"WebSite","@id":"https:\/\/kinaikaleidoszkop.hu\/#website","url":"https:\/\/kinaikaleidoszkop.hu\/","name":"kinaikaleidoszkop.hu","description":"","potentialAction":[{"@type":"SearchAction","target":{"@type":"EntryPoint","urlTemplate":"https:\/\/kinaikaleidoszkop.hu\/?s={search_term_string}"},"query-input":{"@type":"PropertyValueSpecification","valueRequired":true,"valueName":"search_term_string"}}],"inLanguage":"hu"},{"@type":"Person","@id":"https:\/\/kinaikaleidoszkop.hu\/#\/schema\/person\/b9e2febe742edd540c1197716ec02bf7","name":"admin-szabolcs","image":{"@type":"ImageObject","inLanguage":"hu","@id":"https:\/\/kinaikaleidoszkop.hu\/#\/schema\/person\/image\/","url":"https:\/\/secure.gravatar.com\/avatar\/154f262492794df2a6cb5d5349227b18ef8f85ab462fbb32625fc42406483d21?s=96&d=mm&r=g","contentUrl":"https:\/\/secure.gravatar.com\/avatar\/154f262492794df2a6cb5d5349227b18ef8f85ab462fbb32625fc42406483d21?s=96&d=mm&r=g","caption":"admin-szabolcs"},"url":"https:\/\/kinaikaleidoszkop.hu\/index.php\/author\/admin-szabolcs\/"}]}},"views":337,"distributor_meta":false,"distributor_terms":false,"distributor_media":false,"distributor_original_site_name":"kinaikaleidoszkop.hu","distributor_original_site_url":"https:\/\/kinaikaleidoszkop.hu","push-errors":false,"_links":{"self":[{"href":"https:\/\/kinaikaleidoszkop.hu\/index.php\/wp-json\/wp\/v2\/posts\/16915","targetHints":{"allow":["GET"]}}],"collection":[{"href":"https:\/\/kinaikaleidoszkop.hu\/index.php\/wp-json\/wp\/v2\/posts"}],"about":[{"href":"https:\/\/kinaikaleidoszkop.hu\/index.php\/wp-json\/wp\/v2\/types\/post"}],"author":[{"embeddable":true,"href":"https:\/\/kinaikaleidoszkop.hu\/index.php\/wp-json\/wp\/v2\/users\/2"}],"replies":[{"embeddable":true,"href":"https:\/\/kinaikaleidoszkop.hu\/index.php\/wp-json\/wp\/v2\/comments?post=16915"}],"version-history":[{"count":1,"href":"https:\/\/kinaikaleidoszkop.hu\/index.php\/wp-json\/wp\/v2\/posts\/16915\/revisions"}],"predecessor-version":[{"id":16919,"href":"https:\/\/kinaikaleidoszkop.hu\/index.php\/wp-json\/wp\/v2\/posts\/16915\/revisions\/16919"}],"wp:featuredmedia":[{"embeddable":true,"href":"https:\/\/kinaikaleidoszkop.hu\/index.php\/wp-json\/wp\/v2\/media\/16918"}],"wp:attachment":[{"href":"https:\/\/kinaikaleidoszkop.hu\/index.php\/wp-json\/wp\/v2\/media?parent=16915"}],"wp:term":[{"taxonomy":"category","embeddable":true,"href":"https:\/\/kinaikaleidoszkop.hu\/index.php\/wp-json\/wp\/v2\/categories?post=16915"},{"taxonomy":"post_tag","embeddable":true,"href":"https:\/\/kinaikaleidoszkop.hu\/index.php\/wp-json\/wp\/v2\/tags?post=16915"}],"curies":[{"name":"wp","href":"https:\/\/api.w.org\/{rel}","templated":true}]}}