{"id":16935,"date":"2023-03-30T09:22:39","date_gmt":"2023-03-30T07:22:39","guid":{"rendered":"https:\/\/kinaikaleidoszkop.hu\/?p=16935"},"modified":"2023-03-30T09:22:46","modified_gmt":"2023-03-30T07:22:46","slug":"a-china-media-group-megnyitotta-hondurasban-a-sajtoirodajat","status":"publish","type":"post","link":"https:\/\/kinaikaleidoszkop.hu\/index.php\/2023\/03\/30\/a-china-media-group-megnyitotta-hondurasban-a-sajtoirodajat\/","title":{"rendered":"A China Media Group megnyitotta Hondurasban a sajt\u00f3irod\u00e1j\u00e1t"},"content":{"rendered":"\n<p><strong>A k\u00ednai \u00e9s a hondurasi korm\u00e1ny k\u00f6z\u00f6s j\u00f3v\u00e1hagy\u00e1s\u00e1val a China Media Group (CMG) megtartotta tegucigalpai sajt\u00f3irod\u00e1j\u00e1nak avat\u00f3 \u00fcnneps\u00e9g\u00e9t a hondurasi eln\u00f6ki rezidenci\u00e1n. Ez a CMG 191. tud\u00f3s\u00edt\u00f3i \u00e1llom\u00e1sa a sz\u00e1razf\u00f6ldi K\u00edn\u00e1n k\u00edv\u00fcl.<\/strong><\/p>\n\n\n\n<p>Az \u00fcnneps\u00e9gen k\u00f6zel 100 vend\u00e9g, k\u00f6zt\u00fck a kultur\u00e1lis t\u00e1rca vezet\u0151je, a hondurasi eln\u00f6ki hivatal sajt\u00f3irod\u00e1j\u00e1nak igazgat\u00f3ja, a m\u00e9dia \u00e9s a kultur\u00e1lis k\u00f6r\u00f6k k\u00e9pvisel\u0151i vettek r\u00e9szt.<\/p>\n\n\n\n<p>A hondurasi eln\u00f6ki hivatal sajt\u00f3irod\u00e1ja \u00fcdv\u00f6zl\u0151 level\u00e9ben \u0151szint\u00e9n gratul\u00e1lt \u201ea t\u00f6rt\u00e9nelmi pillanathoz, amely f\u00e9nyesebb j\u00f6v\u0151h\u00f6z vezeti a k\u00e9t n\u00e9p k\u00f6z\u00f6tti bar\u00e1ts\u00e1got&#8221;. Hozz\u00e1tett\u00e9k, hogy az iroda l\u00e9trehoz\u00e1sa minden bizonnyal hidat \u00e9p\u00edt Honduras \u00e9s K\u00edna n\u00e9pe k\u00f6z\u00f6tt.<\/p>\n\n\n\n<figure class=\"wp-block-image size-full\"><img loading=\"lazy\" decoding=\"async\" width=\"2000\" height=\"1312\" src=\"https:\/\/kinaikaleidoszkop.hu\/wp-content\/uploads\/2023\/03\/\u603b\u53f0\u8bb0\u8005\u7ad9222.jpg\" alt=\"\" class=\"wp-image-16937\" srcset=\"https:\/\/kinaikaleidoszkop.hu\/wp-content\/uploads\/2023\/03\/\u603b\u53f0\u8bb0\u8005\u7ad9222.jpg 2000w, https:\/\/kinaikaleidoszkop.hu\/wp-content\/uploads\/2023\/03\/\u603b\u53f0\u8bb0\u8005\u7ad9222-300x197.jpg 300w, https:\/\/kinaikaleidoszkop.hu\/wp-content\/uploads\/2023\/03\/\u603b\u53f0\u8bb0\u8005\u7ad9222-1024x672.jpg 1024w, https:\/\/kinaikaleidoszkop.hu\/wp-content\/uploads\/2023\/03\/\u603b\u53f0\u8bb0\u8005\u7ad9222-768x504.jpg 768w, https:\/\/kinaikaleidoszkop.hu\/wp-content\/uploads\/2023\/03\/\u603b\u53f0\u8bb0\u8005\u7ad9222-1536x1008.jpg 1536w, https:\/\/kinaikaleidoszkop.hu\/wp-content\/uploads\/2023\/03\/\u603b\u53f0\u8bb0\u8005\u7ad9222-130x86.jpg 130w, https:\/\/kinaikaleidoszkop.hu\/wp-content\/uploads\/2023\/03\/\u603b\u53f0\u8bb0\u8005\u7ad9222-187x124.jpg 187w, https:\/\/kinaikaleidoszkop.hu\/wp-content\/uploads\/2023\/03\/\u603b\u53f0\u8bb0\u8005\u7ad9222-990x649.jpg 990w, https:\/\/kinaikaleidoszkop.hu\/wp-content\/uploads\/2023\/03\/\u603b\u53f0\u8bb0\u8005\u7ad9222-1320x866.jpg 1320w\" sizes=\"auto, (max-width: 2000px) 100vw, 2000px\" \/><\/figure>\n\n\n\n<p>Annarella V\u00e9lez hondurasi kultur\u00e1lis miniszter besz\u00e9d\u00e9ben elismer\u00e9ssel sz\u00f3lt K\u00edna eredm\u00e9nyeir\u0151l a gazdas\u00e1g, a kult\u00fara \u00e9s a m\u0171v\u00e9szet ter\u00fclet\u00e9n. Elmondta, hogy K\u00edna csod\u00e1latos kult\u00far\u00e1ja m\u00e9ly hat\u00e1st gyakorol Hondurasra, s utalt r\u00e1, a CMG tegucigalpai sajt\u00f3irod\u00e1j\u00e1nak l\u00e9trehoz\u00e1sa fontos platformot k\u00e9pez a k\u00e9t orsz\u00e1g k\u00f6z\u00f6tti cserekapcsolatok \u00e9s egy\u00fcttm\u0171k\u00f6d\u00e9s fejleszt\u00e9s\u00e9hez a kult\u00fara \u00e9s a m\u0171v\u00e9szet ter\u00fclet\u00e9n.<\/p>\n\n\n\n<p>Az avat\u00f3 \u00fcnneps\u00e9gen a hondurasi \u00e1llami r\u00e1di\u00f3- \u00e9s telev\u00edzi\u00f3 \u00e9s a CMG egy\u00fcttm\u0171k\u00f6d\u00e9si sz\u00e1nd\u00e9knyilatkozatot \u00edrt al\u00e1, amely a k\u00e9t orsz\u00e1g k\u00f6z\u00f6tti els\u0151 egy\u00fcttm\u0171k\u00f6d\u00e9si meg\u00e1llapod\u00e1s a m\u00e9dia ter\u00fclet\u00e9n a k\u00e9toldal\u00fa diplom\u00e1ciai kapcsolatok idei m\u00e1rcius 26-ai felv\u00e9tele \u00f3ta.<\/p>\n\n\n\n<p><strong>2023. 03. 30.<\/strong><\/p>\n\n\n\n<p><strong><em>(China Media Group)<\/em><\/strong><\/p>\n\n\n\n<p>(x)<\/p>\n","protected":false},"excerpt":{"rendered":"<p>A k\u00ednai \u00e9s a hondurasi korm\u00e1ny k\u00f6z\u00f6s j\u00f3v\u00e1hagy\u00e1s\u00e1val a China Media Group (CMG) megtartotta tegucigalpai sajt\u00f3irod\u00e1j\u00e1nak avat\u00f3 \u00fcnneps\u00e9g\u00e9t a hondurasi eln\u00f6ki rezidenci\u00e1n. Ez a CMG 191. tud\u00f3s\u00edt\u00f3i \u00e1llom\u00e1sa a sz\u00e1razf\u00f6ldi K\u00edn\u00e1n k\u00edv\u00fcl. Az \u00fcnneps\u00e9gen k\u00f6zel 100 vend\u00e9g, k\u00f6zt\u00fck a kultur\u00e1lis t\u00e1rca vezet\u0151je, a hondurasi eln\u00f6ki hivatal sajt\u00f3irod\u00e1j\u00e1nak igazgat\u00f3ja, a m\u00e9dia \u00e9s a kultur\u00e1lis k\u00f6r\u00f6k k\u00e9pvisel\u0151i [&hellip;]<\/p>\n","protected":false},"author":6,"featured_media":16937,"comment_status":"open","ping_status":"open","sticky":false,"template":"","format":"standard","meta":{"footnotes":""},"categories":[45],"tags":[512,363,2228],"class_list":["post-16935","post","type-post","status-publish","format-standard","has-post-thumbnail","hentry","category-hirek","tag-china-media-group","tag-cmg","tag-sajtoiroda"],"yoast_head":"<!-- This site is optimized with the Yoast SEO plugin v23.7 - https:\/\/yoast.com\/wordpress\/plugins\/seo\/ -->\n<title>A China Media Group megnyitotta Hondurasban a sajt\u00f3irod\u00e1j\u00e1t - kinaikaleidoszkop.hu<\/title>\n<meta name=\"robots\" content=\"index, follow, max-snippet:-1, max-image-preview:large, max-video-preview:-1\" \/>\n<link rel=\"canonical\" href=\"https:\/\/kinaikaleidoszkop.hu\/index.php\/2023\/03\/30\/a-china-media-group-megnyitotta-hondurasban-a-sajtoirodajat\/\" \/>\n<meta property=\"og:locale\" content=\"hu_HU\" \/>\n<meta property=\"og:type\" content=\"article\" \/>\n<meta property=\"og:title\" content=\"A China Media Group megnyitotta Hondurasban a sajt\u00f3irod\u00e1j\u00e1t - kinaikaleidoszkop.hu\" \/>\n<meta property=\"og:description\" content=\"A k\u00ednai \u00e9s a hondurasi korm\u00e1ny k\u00f6z\u00f6s j\u00f3v\u00e1hagy\u00e1s\u00e1val a China Media Group (CMG) megtartotta tegucigalpai sajt\u00f3irod\u00e1j\u00e1nak avat\u00f3 \u00fcnneps\u00e9g\u00e9t a hondurasi eln\u00f6ki rezidenci\u00e1n. Ez a CMG 191. tud\u00f3s\u00edt\u00f3i \u00e1llom\u00e1sa a sz\u00e1razf\u00f6ldi K\u00edn\u00e1n k\u00edv\u00fcl. Az \u00fcnneps\u00e9gen k\u00f6zel 100 vend\u00e9g, k\u00f6zt\u00fck a kultur\u00e1lis t\u00e1rca vezet\u0151je, a hondurasi eln\u00f6ki hivatal sajt\u00f3irod\u00e1j\u00e1nak igazgat\u00f3ja, a m\u00e9dia \u00e9s a kultur\u00e1lis k\u00f6r\u00f6k k\u00e9pvisel\u0151i [&hellip;]\" \/>\n<meta property=\"og:url\" content=\"https:\/\/kinaikaleidoszkop.hu\/index.php\/2023\/03\/30\/a-china-media-group-megnyitotta-hondurasban-a-sajtoirodajat\/\" \/>\n<meta property=\"og:site_name\" content=\"kinaikaleidoszkop.hu\" \/>\n<meta property=\"article:published_time\" content=\"2023-03-30T07:22:39+00:00\" \/>\n<meta property=\"article:modified_time\" content=\"2023-03-30T07:22:46+00:00\" \/>\n<meta property=\"og:image\" content=\"https:\/\/kinaikaleidoszkop.hu\/wp-content\/uploads\/2023\/03\/\u603b\u53f0\u8bb0\u8005\u7ad9222.jpg\" \/>\n\t<meta property=\"og:image:width\" content=\"2000\" \/>\n\t<meta property=\"og:image:height\" content=\"1312\" \/>\n\t<meta property=\"og:image:type\" content=\"image\/jpeg\" \/>\n<meta name=\"author\" content=\"admin-sebi\" \/>\n<meta name=\"twitter:card\" content=\"summary_large_image\" \/>\n<meta name=\"twitter:label1\" content=\"Szerz\u0151:\" \/>\n\t<meta name=\"twitter:data1\" content=\"admin-sebi\" \/>\n\t<meta name=\"twitter:label2\" content=\"Becs\u00fclt olvas\u00e1si id\u0151\" \/>\n\t<meta name=\"twitter:data2\" content=\"2 perc\" \/>\n<script type=\"application\/ld+json\" class=\"yoast-schema-graph\">{\"@context\":\"https:\/\/schema.org\",\"@graph\":[{\"@type\":\"WebPage\",\"@id\":\"https:\/\/kinaikaleidoszkop.hu\/index.php\/2023\/03\/30\/a-china-media-group-megnyitotta-hondurasban-a-sajtoirodajat\/\",\"url\":\"https:\/\/kinaikaleidoszkop.hu\/index.php\/2023\/03\/30\/a-china-media-group-megnyitotta-hondurasban-a-sajtoirodajat\/\",\"name\":\"A China Media Group megnyitotta Hondurasban a sajt\u00f3irod\u00e1j\u00e1t - kinaikaleidoszkop.hu\",\"isPartOf\":{\"@id\":\"https:\/\/kinaikaleidoszkop.hu\/#website\"},\"primaryImageOfPage\":{\"@id\":\"https:\/\/kinaikaleidoszkop.hu\/index.php\/2023\/03\/30\/a-china-media-group-megnyitotta-hondurasban-a-sajtoirodajat\/#primaryimage\"},\"image\":{\"@id\":\"https:\/\/kinaikaleidoszkop.hu\/index.php\/2023\/03\/30\/a-china-media-group-megnyitotta-hondurasban-a-sajtoirodajat\/#primaryimage\"},\"thumbnailUrl\":\"https:\/\/kinaikaleidoszkop.hu\/wp-content\/uploads\/2023\/03\/\u603b\u53f0\u8bb0\u8005\u7ad9222.jpg\",\"datePublished\":\"2023-03-30T07:22:39+00:00\",\"dateModified\":\"2023-03-30T07:22:46+00:00\",\"author\":{\"@id\":\"https:\/\/kinaikaleidoszkop.hu\/#\/schema\/person\/fd215d3a8bab54daeb796ae166f99ea5\"},\"breadcrumb\":{\"@id\":\"https:\/\/kinaikaleidoszkop.hu\/index.php\/2023\/03\/30\/a-china-media-group-megnyitotta-hondurasban-a-sajtoirodajat\/#breadcrumb\"},\"inLanguage\":\"hu\",\"potentialAction\":[{\"@type\":\"ReadAction\",\"target\":[\"https:\/\/kinaikaleidoszkop.hu\/index.php\/2023\/03\/30\/a-china-media-group-megnyitotta-hondurasban-a-sajtoirodajat\/\"]}]},{\"@type\":\"ImageObject\",\"inLanguage\":\"hu\",\"@id\":\"https:\/\/kinaikaleidoszkop.hu\/index.php\/2023\/03\/30\/a-china-media-group-megnyitotta-hondurasban-a-sajtoirodajat\/#primaryimage\",\"url\":\"https:\/\/kinaikaleidoszkop.hu\/wp-content\/uploads\/2023\/03\/\u603b\u53f0\u8bb0\u8005\u7ad9222.jpg\",\"contentUrl\":\"https:\/\/kinaikaleidoszkop.hu\/wp-content\/uploads\/2023\/03\/\u603b\u53f0\u8bb0\u8005\u7ad9222.jpg\",\"width\":2000,\"height\":1312},{\"@type\":\"BreadcrumbList\",\"@id\":\"https:\/\/kinaikaleidoszkop.hu\/index.php\/2023\/03\/30\/a-china-media-group-megnyitotta-hondurasban-a-sajtoirodajat\/#breadcrumb\",\"itemListElement\":[{\"@type\":\"ListItem\",\"position\":1,\"name\":\"Kezd\u0151lap\",\"item\":\"https:\/\/kinaikaleidoszkop.hu\/\"},{\"@type\":\"ListItem\",\"position\":2,\"name\":\"A China Media Group megnyitotta Hondurasban a sajt\u00f3irod\u00e1j\u00e1t\"}]},{\"@type\":\"WebSite\",\"@id\":\"https:\/\/kinaikaleidoszkop.hu\/#website\",\"url\":\"https:\/\/kinaikaleidoszkop.hu\/\",\"name\":\"kinaikaleidoszkop.hu\",\"description\":\"\",\"potentialAction\":[{\"@type\":\"SearchAction\",\"target\":{\"@type\":\"EntryPoint\",\"urlTemplate\":\"https:\/\/kinaikaleidoszkop.hu\/?s={search_term_string}\"},\"query-input\":{\"@type\":\"PropertyValueSpecification\",\"valueRequired\":true,\"valueName\":\"search_term_string\"}}],\"inLanguage\":\"hu\"},{\"@type\":\"Person\",\"@id\":\"https:\/\/kinaikaleidoszkop.hu\/#\/schema\/person\/fd215d3a8bab54daeb796ae166f99ea5\",\"name\":\"admin-sebi\",\"image\":{\"@type\":\"ImageObject\",\"inLanguage\":\"hu\",\"@id\":\"https:\/\/kinaikaleidoszkop.hu\/#\/schema\/person\/image\/\",\"url\":\"https:\/\/secure.gravatar.com\/avatar\/b1498042bc4969020b4951f204f963e97c3d7d199f3790c1071adf67c61d0aa5?s=96&d=mm&r=g\",\"contentUrl\":\"https:\/\/secure.gravatar.com\/avatar\/b1498042bc4969020b4951f204f963e97c3d7d199f3790c1071adf67c61d0aa5?s=96&d=mm&r=g\",\"caption\":\"admin-sebi\"},\"url\":\"https:\/\/kinaikaleidoszkop.hu\/index.php\/author\/admin-sebi\/\"}]}<\/script>\n<!-- \/ Yoast SEO plugin. -->","yoast_head_json":{"title":"A China Media Group megnyitotta Hondurasban a sajt\u00f3irod\u00e1j\u00e1t - kinaikaleidoszkop.hu","robots":{"index":"index","follow":"follow","max-snippet":"max-snippet:-1","max-image-preview":"max-image-preview:large","max-video-preview":"max-video-preview:-1"},"canonical":"https:\/\/kinaikaleidoszkop.hu\/index.php\/2023\/03\/30\/a-china-media-group-megnyitotta-hondurasban-a-sajtoirodajat\/","og_locale":"hu_HU","og_type":"article","og_title":"A China Media Group megnyitotta Hondurasban a sajt\u00f3irod\u00e1j\u00e1t - kinaikaleidoszkop.hu","og_description":"A k\u00ednai \u00e9s a hondurasi korm\u00e1ny k\u00f6z\u00f6s j\u00f3v\u00e1hagy\u00e1s\u00e1val a China Media Group (CMG) megtartotta tegucigalpai sajt\u00f3irod\u00e1j\u00e1nak avat\u00f3 \u00fcnneps\u00e9g\u00e9t a hondurasi eln\u00f6ki rezidenci\u00e1n. Ez a CMG 191. tud\u00f3s\u00edt\u00f3i \u00e1llom\u00e1sa a sz\u00e1razf\u00f6ldi K\u00edn\u00e1n k\u00edv\u00fcl. Az \u00fcnneps\u00e9gen k\u00f6zel 100 vend\u00e9g, k\u00f6zt\u00fck a kultur\u00e1lis t\u00e1rca vezet\u0151je, a hondurasi eln\u00f6ki hivatal sajt\u00f3irod\u00e1j\u00e1nak igazgat\u00f3ja, a m\u00e9dia \u00e9s a kultur\u00e1lis k\u00f6r\u00f6k k\u00e9pvisel\u0151i [&hellip;]","og_url":"https:\/\/kinaikaleidoszkop.hu\/index.php\/2023\/03\/30\/a-china-media-group-megnyitotta-hondurasban-a-sajtoirodajat\/","og_site_name":"kinaikaleidoszkop.hu","article_published_time":"2023-03-30T07:22:39+00:00","article_modified_time":"2023-03-30T07:22:46+00:00","og_image":[{"width":2000,"height":1312,"url":"https:\/\/kinaikaleidoszkop.hu\/wp-content\/uploads\/2023\/03\/\u603b\u53f0\u8bb0\u8005\u7ad9222.jpg","type":"image\/jpeg"}],"author":"admin-sebi","twitter_card":"summary_large_image","twitter_misc":{"Szerz\u0151:":"admin-sebi","Becs\u00fclt olvas\u00e1si id\u0151":"2 perc"},"schema":{"@context":"https:\/\/schema.org","@graph":[{"@type":"WebPage","@id":"https:\/\/kinaikaleidoszkop.hu\/index.php\/2023\/03\/30\/a-china-media-group-megnyitotta-hondurasban-a-sajtoirodajat\/","url":"https:\/\/kinaikaleidoszkop.hu\/index.php\/2023\/03\/30\/a-china-media-group-megnyitotta-hondurasban-a-sajtoirodajat\/","name":"A China Media Group megnyitotta Hondurasban a sajt\u00f3irod\u00e1j\u00e1t - kinaikaleidoszkop.hu","isPartOf":{"@id":"https:\/\/kinaikaleidoszkop.hu\/#website"},"primaryImageOfPage":{"@id":"https:\/\/kinaikaleidoszkop.hu\/index.php\/2023\/03\/30\/a-china-media-group-megnyitotta-hondurasban-a-sajtoirodajat\/#primaryimage"},"image":{"@id":"https:\/\/kinaikaleidoszkop.hu\/index.php\/2023\/03\/30\/a-china-media-group-megnyitotta-hondurasban-a-sajtoirodajat\/#primaryimage"},"thumbnailUrl":"https:\/\/kinaikaleidoszkop.hu\/wp-content\/uploads\/2023\/03\/\u603b\u53f0\u8bb0\u8005\u7ad9222.jpg","datePublished":"2023-03-30T07:22:39+00:00","dateModified":"2023-03-30T07:22:46+00:00","author":{"@id":"https:\/\/kinaikaleidoszkop.hu\/#\/schema\/person\/fd215d3a8bab54daeb796ae166f99ea5"},"breadcrumb":{"@id":"https:\/\/kinaikaleidoszkop.hu\/index.php\/2023\/03\/30\/a-china-media-group-megnyitotta-hondurasban-a-sajtoirodajat\/#breadcrumb"},"inLanguage":"hu","potentialAction":[{"@type":"ReadAction","target":["https:\/\/kinaikaleidoszkop.hu\/index.php\/2023\/03\/30\/a-china-media-group-megnyitotta-hondurasban-a-sajtoirodajat\/"]}]},{"@type":"ImageObject","inLanguage":"hu","@id":"https:\/\/kinaikaleidoszkop.hu\/index.php\/2023\/03\/30\/a-china-media-group-megnyitotta-hondurasban-a-sajtoirodajat\/#primaryimage","url":"https:\/\/kinaikaleidoszkop.hu\/wp-content\/uploads\/2023\/03\/\u603b\u53f0\u8bb0\u8005\u7ad9222.jpg","contentUrl":"https:\/\/kinaikaleidoszkop.hu\/wp-content\/uploads\/2023\/03\/\u603b\u53f0\u8bb0\u8005\u7ad9222.jpg","width":2000,"height":1312},{"@type":"BreadcrumbList","@id":"https:\/\/kinaikaleidoszkop.hu\/index.php\/2023\/03\/30\/a-china-media-group-megnyitotta-hondurasban-a-sajtoirodajat\/#breadcrumb","itemListElement":[{"@type":"ListItem","position":1,"name":"Kezd\u0151lap","item":"https:\/\/kinaikaleidoszkop.hu\/"},{"@type":"ListItem","position":2,"name":"A China Media Group megnyitotta Hondurasban a sajt\u00f3irod\u00e1j\u00e1t"}]},{"@type":"WebSite","@id":"https:\/\/kinaikaleidoszkop.hu\/#website","url":"https:\/\/kinaikaleidoszkop.hu\/","name":"kinaikaleidoszkop.hu","description":"","potentialAction":[{"@type":"SearchAction","target":{"@type":"EntryPoint","urlTemplate":"https:\/\/kinaikaleidoszkop.hu\/?s={search_term_string}"},"query-input":{"@type":"PropertyValueSpecification","valueRequired":true,"valueName":"search_term_string"}}],"inLanguage":"hu"},{"@type":"Person","@id":"https:\/\/kinaikaleidoszkop.hu\/#\/schema\/person\/fd215d3a8bab54daeb796ae166f99ea5","name":"admin-sebi","image":{"@type":"ImageObject","inLanguage":"hu","@id":"https:\/\/kinaikaleidoszkop.hu\/#\/schema\/person\/image\/","url":"https:\/\/secure.gravatar.com\/avatar\/b1498042bc4969020b4951f204f963e97c3d7d199f3790c1071adf67c61d0aa5?s=96&d=mm&r=g","contentUrl":"https:\/\/secure.gravatar.com\/avatar\/b1498042bc4969020b4951f204f963e97c3d7d199f3790c1071adf67c61d0aa5?s=96&d=mm&r=g","caption":"admin-sebi"},"url":"https:\/\/kinaikaleidoszkop.hu\/index.php\/author\/admin-sebi\/"}]}},"views":253,"distributor_meta":false,"distributor_terms":false,"distributor_media":false,"distributor_original_site_name":"kinaikaleidoszkop.hu","distributor_original_site_url":"https:\/\/kinaikaleidoszkop.hu","push-errors":false,"_links":{"self":[{"href":"https:\/\/kinaikaleidoszkop.hu\/index.php\/wp-json\/wp\/v2\/posts\/16935","targetHints":{"allow":["GET"]}}],"collection":[{"href":"https:\/\/kinaikaleidoszkop.hu\/index.php\/wp-json\/wp\/v2\/posts"}],"about":[{"href":"https:\/\/kinaikaleidoszkop.hu\/index.php\/wp-json\/wp\/v2\/types\/post"}],"author":[{"embeddable":true,"href":"https:\/\/kinaikaleidoszkop.hu\/index.php\/wp-json\/wp\/v2\/users\/6"}],"replies":[{"embeddable":true,"href":"https:\/\/kinaikaleidoszkop.hu\/index.php\/wp-json\/wp\/v2\/comments?post=16935"}],"version-history":[{"count":1,"href":"https:\/\/kinaikaleidoszkop.hu\/index.php\/wp-json\/wp\/v2\/posts\/16935\/revisions"}],"predecessor-version":[{"id":16938,"href":"https:\/\/kinaikaleidoszkop.hu\/index.php\/wp-json\/wp\/v2\/posts\/16935\/revisions\/16938"}],"wp:featuredmedia":[{"embeddable":true,"href":"https:\/\/kinaikaleidoszkop.hu\/index.php\/wp-json\/wp\/v2\/media\/16937"}],"wp:attachment":[{"href":"https:\/\/kinaikaleidoszkop.hu\/index.php\/wp-json\/wp\/v2\/media?parent=16935"}],"wp:term":[{"taxonomy":"category","embeddable":true,"href":"https:\/\/kinaikaleidoszkop.hu\/index.php\/wp-json\/wp\/v2\/categories?post=16935"},{"taxonomy":"post_tag","embeddable":true,"href":"https:\/\/kinaikaleidoszkop.hu\/index.php\/wp-json\/wp\/v2\/tags?post=16935"}],"curies":[{"name":"wp","href":"https:\/\/api.w.org\/{rel}","templated":true}]}}