{"id":16949,"date":"2023-03-30T12:23:05","date_gmt":"2023-03-30T10:23:05","guid":{"rendered":"https:\/\/kinaikaleidoszkop.hu\/?p=16949"},"modified":"2023-03-30T12:23:11","modified_gmt":"2023-03-30T10:23:11","slug":"a-kina-es-honduras-kozti-diplomaciai-kapcsolatfelvetel-ujra-bebizonyitja-hogy-az-egy-kina-elv-betartasa-megfelel-a-nemzetkozi-erdeknek","status":"publish","type":"post","link":"https:\/\/kinaikaleidoszkop.hu\/index.php\/2023\/03\/30\/a-kina-es-honduras-kozti-diplomaciai-kapcsolatfelvetel-ujra-bebizonyitja-hogy-az-egy-kina-elv-betartasa-megfelel-a-nemzetkozi-erdeknek\/","title":{"rendered":"A K\u00edna \u00e9s Honduras k\u00f6zti diplom\u00e1ciai kapcsolatfelv\u00e9tel \u00fajra bebizony\u00edtja, hogy az \u201eegy K\u00edna\u201d elv betart\u00e1sa megfelel a nemzetk\u00f6zi \u00e9rdeknek"},"content":{"rendered":"\n<p><strong>Miut\u00e1n Honduras m\u00e1rcius 25-\u00e9n bejelentette a diplom\u00e1ciai kapcsolatok megsz\u00fcntet\u00e9s\u00e9t Tajvannal, a K\u00ednai N\u00e9pk\u00f6zt\u00e1rsas\u00e1g m\u00e1rcius 26-\u00e1n felvette a diplom\u00e1ciai kapcsolatokat Hondurassal.<\/strong><\/p>\n\n\n\n<p>Eddig m\u00e1r 182 orsz\u00e1g l\u00e9tes\u00edtett diplom\u00e1ciai kapcsolatot K\u00edn\u00e1val, Tajvannak pedig csak 13 diplom\u00e1ciai sz\u00f6vets\u00e9gese maradt. A hatalmas ellent\u00e9t azt bizony\u00edtja, hogy az \u201eegy K\u00edna\u201d elv nemzetk\u00f6zi konszenzus. Honduras d\u00f6nt\u00e9se megfelel a nemzetk\u00f6zi tendenci\u00e1nak \u00e9s \u00f6sszhangban van a n\u00e9pek \u00e9rdekeivel.<\/p>\n\n\n\n<figure class=\"wp-block-image size-full\"><img loading=\"lazy\" decoding=\"async\" width=\"2000\" height=\"1040\" src=\"https:\/\/kinaikaleidoszkop.hu\/wp-content\/uploads\/2023\/03\/Kina-Honduras.jpg\" alt=\"\" class=\"wp-image-16951\" srcset=\"https:\/\/kinaikaleidoszkop.hu\/wp-content\/uploads\/2023\/03\/Kina-Honduras.jpg 2000w, https:\/\/kinaikaleidoszkop.hu\/wp-content\/uploads\/2023\/03\/Kina-Honduras-300x156.jpg 300w, https:\/\/kinaikaleidoszkop.hu\/wp-content\/uploads\/2023\/03\/Kina-Honduras-1024x532.jpg 1024w, https:\/\/kinaikaleidoszkop.hu\/wp-content\/uploads\/2023\/03\/Kina-Honduras-768x399.jpg 768w, https:\/\/kinaikaleidoszkop.hu\/wp-content\/uploads\/2023\/03\/Kina-Honduras-1536x799.jpg 1536w, https:\/\/kinaikaleidoszkop.hu\/wp-content\/uploads\/2023\/03\/Kina-Honduras-990x515.jpg 990w, https:\/\/kinaikaleidoszkop.hu\/wp-content\/uploads\/2023\/03\/Kina-Honduras-1320x686.jpg 1320w\" sizes=\"auto, (max-width: 2000px) 100vw, 2000px\" \/><\/figure>\n\n\n\n<p>Csak egy K\u00edna van a vil\u00e1gon, a k\u00ednai korm\u00e1ny az egyetlen legitim korm\u00e1ny, amely eg\u00e9sz K\u00edn\u00e1t k\u00e9pviseli. Tajvan a k\u00ednai ter\u00fclet elk\u00fcl\u00f6n\u00edthetetlen r\u00e9sze. 1971-ben az ENSZ K\u00f6zgy\u0171l\u00e9s\u00e9nek 2758. sz\u00e1m\u00fa hat\u00e1rozata meger\u0151s\u00edtette az \u201eegy K\u00edna\u201d elvet. Az ut\u00f3bbi \u00e9vekben Panam\u00e1t\u00f3l Salvadoron \u00e1t Nicaragu\u00e1ig \u00e9s Hondurasig mind megsz\u00fcntett\u00e9k a diplom\u00e1ciai kapcsolatokat Tajvannal \u00e9s felvett\u00e9k vagy \u00fajra felvett\u00e9k a diplom\u00e1ciai kapcsolatokat K\u00edn\u00e1val, ami az \u201eegy K\u00edna\u201d elv alapj\u00e1n tett politikai hat\u00e1rozat volt. Ahogy a hondurasi k\u00fcl\u00fcgyminiszter is mondta, \u201eA diplom\u00e1ciai kapcsolatfelv\u00e9tel K\u00edn\u00e1val politikai d\u00f6nt\u00e9s. A vil\u00e1g is ebbe az ir\u00e1nyba halad\u201d.<\/p>\n\n\n\n<p>Tajvan elk\u00fcl\u00f6n\u00edthetetlen r\u00e9sze K\u00edn\u00e1nak, az \u201eegy K\u00edna\u201d elv betart\u00e1sa megfelel a nemzetk\u00f6zi \u00e9rdeknek. A tajvani szeparatist\u00e1k k\u00eds\u00e9rletei kudarcra vannak \u00edt\u00e9lve. Senkinek sem szabad alul\u00e9rt\u00e9kelnie a k\u00ednai nemzet elsz\u00e1nts\u00e1g\u00e1t, akarat\u00e1t \u00e9s k\u00e9pess\u00e9g\u00e9t a szuverenit\u00e1s \u00e9s a ter\u00fcleti integrit\u00e1s fenntart\u00e1s\u00e1ra. A t\u00e9nyek bizony\u00edtj\u00e1k, hogy egyre t\u00f6bb orsz\u00e1g fog a helyes oldalon \u00e1llni.<\/p>\n\n\n\n<p><strong>2023. 03. 30.<\/strong><\/p>\n\n\n\n<p><strong><em>(China Media Group)<\/em><\/strong><\/p>\n\n\n\n<p><strong>(x)<\/strong><\/p>\n","protected":false},"excerpt":{"rendered":"<p>Miut\u00e1n Honduras m\u00e1rcius 25-\u00e9n bejelentette a diplom\u00e1ciai kapcsolatok megsz\u00fcntet\u00e9s\u00e9t Tajvannal, a K\u00ednai N\u00e9pk\u00f6zt\u00e1rsas\u00e1g m\u00e1rcius 26-\u00e1n felvette a diplom\u00e1ciai kapcsolatokat Hondurassal. Eddig m\u00e1r 182 orsz\u00e1g l\u00e9tes\u00edtett diplom\u00e1ciai kapcsolatot K\u00edn\u00e1val, Tajvannak pedig csak 13 diplom\u00e1ciai sz\u00f6vets\u00e9gese maradt. A hatalmas ellent\u00e9t azt bizony\u00edtja, hogy az \u201eegy K\u00edna\u201d elv nemzetk\u00f6zi konszenzus. Honduras d\u00f6nt\u00e9se megfelel a nemzetk\u00f6zi tendenci\u00e1nak \u00e9s \u00f6sszhangban [&hellip;]<\/p>\n","protected":false},"author":6,"featured_media":16951,"comment_status":"open","ping_status":"open","sticky":false,"template":"","format":"standard","meta":{"footnotes":""},"categories":[45],"tags":[637,2232,2193,172],"class_list":["post-16949","post","type-post","status-publish","format-standard","has-post-thumbnail","hentry","category-hirek","tag-diplomacia","tag-diplomaciai-kapcsolat","tag-honduras","tag-tajvan"],"yoast_head":"<!-- This site is optimized with the Yoast SEO plugin v23.7 - https:\/\/yoast.com\/wordpress\/plugins\/seo\/ -->\n<title>A K\u00edna \u00e9s Honduras k\u00f6zti diplom\u00e1ciai kapcsolatfelv\u00e9tel \u00fajra bebizony\u00edtja, hogy az \u201eegy K\u00edna\u201d elv betart\u00e1sa megfelel a nemzetk\u00f6zi \u00e9rdeknek - kinaikaleidoszkop.hu<\/title>\n<meta name=\"robots\" content=\"index, follow, max-snippet:-1, max-image-preview:large, max-video-preview:-1\" \/>\n<link rel=\"canonical\" href=\"https:\/\/kinaikaleidoszkop.hu\/index.php\/2023\/03\/30\/a-kina-es-honduras-kozti-diplomaciai-kapcsolatfelvetel-ujra-bebizonyitja-hogy-az-egy-kina-elv-betartasa-megfelel-a-nemzetkozi-erdeknek\/\" \/>\n<meta property=\"og:locale\" content=\"hu_HU\" \/>\n<meta property=\"og:type\" content=\"article\" \/>\n<meta property=\"og:title\" content=\"A K\u00edna \u00e9s Honduras k\u00f6zti diplom\u00e1ciai kapcsolatfelv\u00e9tel \u00fajra bebizony\u00edtja, hogy az \u201eegy K\u00edna\u201d elv betart\u00e1sa megfelel a nemzetk\u00f6zi \u00e9rdeknek - kinaikaleidoszkop.hu\" \/>\n<meta property=\"og:description\" content=\"Miut\u00e1n Honduras m\u00e1rcius 25-\u00e9n bejelentette a diplom\u00e1ciai kapcsolatok megsz\u00fcntet\u00e9s\u00e9t Tajvannal, a K\u00ednai N\u00e9pk\u00f6zt\u00e1rsas\u00e1g m\u00e1rcius 26-\u00e1n felvette a diplom\u00e1ciai kapcsolatokat Hondurassal. Eddig m\u00e1r 182 orsz\u00e1g l\u00e9tes\u00edtett diplom\u00e1ciai kapcsolatot K\u00edn\u00e1val, Tajvannak pedig csak 13 diplom\u00e1ciai sz\u00f6vets\u00e9gese maradt. A hatalmas ellent\u00e9t azt bizony\u00edtja, hogy az \u201eegy K\u00edna\u201d elv nemzetk\u00f6zi konszenzus. Honduras d\u00f6nt\u00e9se megfelel a nemzetk\u00f6zi tendenci\u00e1nak \u00e9s \u00f6sszhangban [&hellip;]\" \/>\n<meta property=\"og:url\" content=\"https:\/\/kinaikaleidoszkop.hu\/index.php\/2023\/03\/30\/a-kina-es-honduras-kozti-diplomaciai-kapcsolatfelvetel-ujra-bebizonyitja-hogy-az-egy-kina-elv-betartasa-megfelel-a-nemzetkozi-erdeknek\/\" \/>\n<meta property=\"og:site_name\" content=\"kinaikaleidoszkop.hu\" \/>\n<meta property=\"article:published_time\" content=\"2023-03-30T10:23:05+00:00\" \/>\n<meta property=\"article:modified_time\" content=\"2023-03-30T10:23:11+00:00\" \/>\n<meta property=\"og:image\" content=\"https:\/\/kinaikaleidoszkop.hu\/wp-content\/uploads\/2023\/03\/Kina-Honduras.jpg\" \/>\n\t<meta property=\"og:image:width\" content=\"2000\" \/>\n\t<meta property=\"og:image:height\" content=\"1040\" \/>\n\t<meta property=\"og:image:type\" content=\"image\/jpeg\" \/>\n<meta name=\"author\" content=\"admin-sebi\" \/>\n<meta name=\"twitter:card\" content=\"summary_large_image\" \/>\n<meta name=\"twitter:label1\" content=\"Szerz\u0151:\" \/>\n\t<meta name=\"twitter:data1\" content=\"admin-sebi\" \/>\n\t<meta name=\"twitter:label2\" content=\"Becs\u00fclt olvas\u00e1si id\u0151\" \/>\n\t<meta name=\"twitter:data2\" content=\"2 perc\" \/>\n<script type=\"application\/ld+json\" class=\"yoast-schema-graph\">{\"@context\":\"https:\/\/schema.org\",\"@graph\":[{\"@type\":\"WebPage\",\"@id\":\"https:\/\/kinaikaleidoszkop.hu\/index.php\/2023\/03\/30\/a-kina-es-honduras-kozti-diplomaciai-kapcsolatfelvetel-ujra-bebizonyitja-hogy-az-egy-kina-elv-betartasa-megfelel-a-nemzetkozi-erdeknek\/\",\"url\":\"https:\/\/kinaikaleidoszkop.hu\/index.php\/2023\/03\/30\/a-kina-es-honduras-kozti-diplomaciai-kapcsolatfelvetel-ujra-bebizonyitja-hogy-az-egy-kina-elv-betartasa-megfelel-a-nemzetkozi-erdeknek\/\",\"name\":\"A K\u00edna \u00e9s Honduras k\u00f6zti diplom\u00e1ciai kapcsolatfelv\u00e9tel \u00fajra bebizony\u00edtja, hogy az \u201eegy K\u00edna\u201d elv betart\u00e1sa megfelel a nemzetk\u00f6zi \u00e9rdeknek - kinaikaleidoszkop.hu\",\"isPartOf\":{\"@id\":\"https:\/\/kinaikaleidoszkop.hu\/#website\"},\"primaryImageOfPage\":{\"@id\":\"https:\/\/kinaikaleidoszkop.hu\/index.php\/2023\/03\/30\/a-kina-es-honduras-kozti-diplomaciai-kapcsolatfelvetel-ujra-bebizonyitja-hogy-az-egy-kina-elv-betartasa-megfelel-a-nemzetkozi-erdeknek\/#primaryimage\"},\"image\":{\"@id\":\"https:\/\/kinaikaleidoszkop.hu\/index.php\/2023\/03\/30\/a-kina-es-honduras-kozti-diplomaciai-kapcsolatfelvetel-ujra-bebizonyitja-hogy-az-egy-kina-elv-betartasa-megfelel-a-nemzetkozi-erdeknek\/#primaryimage\"},\"thumbnailUrl\":\"https:\/\/kinaikaleidoszkop.hu\/wp-content\/uploads\/2023\/03\/Kina-Honduras.jpg\",\"datePublished\":\"2023-03-30T10:23:05+00:00\",\"dateModified\":\"2023-03-30T10:23:11+00:00\",\"author\":{\"@id\":\"https:\/\/kinaikaleidoszkop.hu\/#\/schema\/person\/fd215d3a8bab54daeb796ae166f99ea5\"},\"breadcrumb\":{\"@id\":\"https:\/\/kinaikaleidoszkop.hu\/index.php\/2023\/03\/30\/a-kina-es-honduras-kozti-diplomaciai-kapcsolatfelvetel-ujra-bebizonyitja-hogy-az-egy-kina-elv-betartasa-megfelel-a-nemzetkozi-erdeknek\/#breadcrumb\"},\"inLanguage\":\"hu\",\"potentialAction\":[{\"@type\":\"ReadAction\",\"target\":[\"https:\/\/kinaikaleidoszkop.hu\/index.php\/2023\/03\/30\/a-kina-es-honduras-kozti-diplomaciai-kapcsolatfelvetel-ujra-bebizonyitja-hogy-az-egy-kina-elv-betartasa-megfelel-a-nemzetkozi-erdeknek\/\"]}]},{\"@type\":\"ImageObject\",\"inLanguage\":\"hu\",\"@id\":\"https:\/\/kinaikaleidoszkop.hu\/index.php\/2023\/03\/30\/a-kina-es-honduras-kozti-diplomaciai-kapcsolatfelvetel-ujra-bebizonyitja-hogy-az-egy-kina-elv-betartasa-megfelel-a-nemzetkozi-erdeknek\/#primaryimage\",\"url\":\"https:\/\/kinaikaleidoszkop.hu\/wp-content\/uploads\/2023\/03\/Kina-Honduras.jpg\",\"contentUrl\":\"https:\/\/kinaikaleidoszkop.hu\/wp-content\/uploads\/2023\/03\/Kina-Honduras.jpg\",\"width\":2000,\"height\":1040},{\"@type\":\"BreadcrumbList\",\"@id\":\"https:\/\/kinaikaleidoszkop.hu\/index.php\/2023\/03\/30\/a-kina-es-honduras-kozti-diplomaciai-kapcsolatfelvetel-ujra-bebizonyitja-hogy-az-egy-kina-elv-betartasa-megfelel-a-nemzetkozi-erdeknek\/#breadcrumb\",\"itemListElement\":[{\"@type\":\"ListItem\",\"position\":1,\"name\":\"Kezd\u0151lap\",\"item\":\"https:\/\/kinaikaleidoszkop.hu\/\"},{\"@type\":\"ListItem\",\"position\":2,\"name\":\"A K\u00edna \u00e9s Honduras k\u00f6zti diplom\u00e1ciai kapcsolatfelv\u00e9tel \u00fajra bebizony\u00edtja, hogy az \u201eegy K\u00edna\u201d elv betart\u00e1sa megfelel a nemzetk\u00f6zi \u00e9rdeknek\"}]},{\"@type\":\"WebSite\",\"@id\":\"https:\/\/kinaikaleidoszkop.hu\/#website\",\"url\":\"https:\/\/kinaikaleidoszkop.hu\/\",\"name\":\"kinaikaleidoszkop.hu\",\"description\":\"\",\"potentialAction\":[{\"@type\":\"SearchAction\",\"target\":{\"@type\":\"EntryPoint\",\"urlTemplate\":\"https:\/\/kinaikaleidoszkop.hu\/?s={search_term_string}\"},\"query-input\":{\"@type\":\"PropertyValueSpecification\",\"valueRequired\":true,\"valueName\":\"search_term_string\"}}],\"inLanguage\":\"hu\"},{\"@type\":\"Person\",\"@id\":\"https:\/\/kinaikaleidoszkop.hu\/#\/schema\/person\/fd215d3a8bab54daeb796ae166f99ea5\",\"name\":\"admin-sebi\",\"image\":{\"@type\":\"ImageObject\",\"inLanguage\":\"hu\",\"@id\":\"https:\/\/kinaikaleidoszkop.hu\/#\/schema\/person\/image\/\",\"url\":\"https:\/\/secure.gravatar.com\/avatar\/b1498042bc4969020b4951f204f963e97c3d7d199f3790c1071adf67c61d0aa5?s=96&d=mm&r=g\",\"contentUrl\":\"https:\/\/secure.gravatar.com\/avatar\/b1498042bc4969020b4951f204f963e97c3d7d199f3790c1071adf67c61d0aa5?s=96&d=mm&r=g\",\"caption\":\"admin-sebi\"},\"url\":\"https:\/\/kinaikaleidoszkop.hu\/index.php\/author\/admin-sebi\/\"}]}<\/script>\n<!-- \/ Yoast SEO plugin. -->","yoast_head_json":{"title":"A K\u00edna \u00e9s Honduras k\u00f6zti diplom\u00e1ciai kapcsolatfelv\u00e9tel \u00fajra bebizony\u00edtja, hogy az \u201eegy K\u00edna\u201d elv betart\u00e1sa megfelel a nemzetk\u00f6zi \u00e9rdeknek - kinaikaleidoszkop.hu","robots":{"index":"index","follow":"follow","max-snippet":"max-snippet:-1","max-image-preview":"max-image-preview:large","max-video-preview":"max-video-preview:-1"},"canonical":"https:\/\/kinaikaleidoszkop.hu\/index.php\/2023\/03\/30\/a-kina-es-honduras-kozti-diplomaciai-kapcsolatfelvetel-ujra-bebizonyitja-hogy-az-egy-kina-elv-betartasa-megfelel-a-nemzetkozi-erdeknek\/","og_locale":"hu_HU","og_type":"article","og_title":"A K\u00edna \u00e9s Honduras k\u00f6zti diplom\u00e1ciai kapcsolatfelv\u00e9tel \u00fajra bebizony\u00edtja, hogy az \u201eegy K\u00edna\u201d elv betart\u00e1sa megfelel a nemzetk\u00f6zi \u00e9rdeknek - kinaikaleidoszkop.hu","og_description":"Miut\u00e1n Honduras m\u00e1rcius 25-\u00e9n bejelentette a diplom\u00e1ciai kapcsolatok megsz\u00fcntet\u00e9s\u00e9t Tajvannal, a K\u00ednai N\u00e9pk\u00f6zt\u00e1rsas\u00e1g m\u00e1rcius 26-\u00e1n felvette a diplom\u00e1ciai kapcsolatokat Hondurassal. Eddig m\u00e1r 182 orsz\u00e1g l\u00e9tes\u00edtett diplom\u00e1ciai kapcsolatot K\u00edn\u00e1val, Tajvannak pedig csak 13 diplom\u00e1ciai sz\u00f6vets\u00e9gese maradt. A hatalmas ellent\u00e9t azt bizony\u00edtja, hogy az \u201eegy K\u00edna\u201d elv nemzetk\u00f6zi konszenzus. Honduras d\u00f6nt\u00e9se megfelel a nemzetk\u00f6zi tendenci\u00e1nak \u00e9s \u00f6sszhangban [&hellip;]","og_url":"https:\/\/kinaikaleidoszkop.hu\/index.php\/2023\/03\/30\/a-kina-es-honduras-kozti-diplomaciai-kapcsolatfelvetel-ujra-bebizonyitja-hogy-az-egy-kina-elv-betartasa-megfelel-a-nemzetkozi-erdeknek\/","og_site_name":"kinaikaleidoszkop.hu","article_published_time":"2023-03-30T10:23:05+00:00","article_modified_time":"2023-03-30T10:23:11+00:00","og_image":[{"width":2000,"height":1040,"url":"https:\/\/kinaikaleidoszkop.hu\/wp-content\/uploads\/2023\/03\/Kina-Honduras.jpg","type":"image\/jpeg"}],"author":"admin-sebi","twitter_card":"summary_large_image","twitter_misc":{"Szerz\u0151:":"admin-sebi","Becs\u00fclt olvas\u00e1si id\u0151":"2 perc"},"schema":{"@context":"https:\/\/schema.org","@graph":[{"@type":"WebPage","@id":"https:\/\/kinaikaleidoszkop.hu\/index.php\/2023\/03\/30\/a-kina-es-honduras-kozti-diplomaciai-kapcsolatfelvetel-ujra-bebizonyitja-hogy-az-egy-kina-elv-betartasa-megfelel-a-nemzetkozi-erdeknek\/","url":"https:\/\/kinaikaleidoszkop.hu\/index.php\/2023\/03\/30\/a-kina-es-honduras-kozti-diplomaciai-kapcsolatfelvetel-ujra-bebizonyitja-hogy-az-egy-kina-elv-betartasa-megfelel-a-nemzetkozi-erdeknek\/","name":"A K\u00edna \u00e9s Honduras k\u00f6zti diplom\u00e1ciai kapcsolatfelv\u00e9tel \u00fajra bebizony\u00edtja, hogy az \u201eegy K\u00edna\u201d elv betart\u00e1sa megfelel a nemzetk\u00f6zi \u00e9rdeknek - kinaikaleidoszkop.hu","isPartOf":{"@id":"https:\/\/kinaikaleidoszkop.hu\/#website"},"primaryImageOfPage":{"@id":"https:\/\/kinaikaleidoszkop.hu\/index.php\/2023\/03\/30\/a-kina-es-honduras-kozti-diplomaciai-kapcsolatfelvetel-ujra-bebizonyitja-hogy-az-egy-kina-elv-betartasa-megfelel-a-nemzetkozi-erdeknek\/#primaryimage"},"image":{"@id":"https:\/\/kinaikaleidoszkop.hu\/index.php\/2023\/03\/30\/a-kina-es-honduras-kozti-diplomaciai-kapcsolatfelvetel-ujra-bebizonyitja-hogy-az-egy-kina-elv-betartasa-megfelel-a-nemzetkozi-erdeknek\/#primaryimage"},"thumbnailUrl":"https:\/\/kinaikaleidoszkop.hu\/wp-content\/uploads\/2023\/03\/Kina-Honduras.jpg","datePublished":"2023-03-30T10:23:05+00:00","dateModified":"2023-03-30T10:23:11+00:00","author":{"@id":"https:\/\/kinaikaleidoszkop.hu\/#\/schema\/person\/fd215d3a8bab54daeb796ae166f99ea5"},"breadcrumb":{"@id":"https:\/\/kinaikaleidoszkop.hu\/index.php\/2023\/03\/30\/a-kina-es-honduras-kozti-diplomaciai-kapcsolatfelvetel-ujra-bebizonyitja-hogy-az-egy-kina-elv-betartasa-megfelel-a-nemzetkozi-erdeknek\/#breadcrumb"},"inLanguage":"hu","potentialAction":[{"@type":"ReadAction","target":["https:\/\/kinaikaleidoszkop.hu\/index.php\/2023\/03\/30\/a-kina-es-honduras-kozti-diplomaciai-kapcsolatfelvetel-ujra-bebizonyitja-hogy-az-egy-kina-elv-betartasa-megfelel-a-nemzetkozi-erdeknek\/"]}]},{"@type":"ImageObject","inLanguage":"hu","@id":"https:\/\/kinaikaleidoszkop.hu\/index.php\/2023\/03\/30\/a-kina-es-honduras-kozti-diplomaciai-kapcsolatfelvetel-ujra-bebizonyitja-hogy-az-egy-kina-elv-betartasa-megfelel-a-nemzetkozi-erdeknek\/#primaryimage","url":"https:\/\/kinaikaleidoszkop.hu\/wp-content\/uploads\/2023\/03\/Kina-Honduras.jpg","contentUrl":"https:\/\/kinaikaleidoszkop.hu\/wp-content\/uploads\/2023\/03\/Kina-Honduras.jpg","width":2000,"height":1040},{"@type":"BreadcrumbList","@id":"https:\/\/kinaikaleidoszkop.hu\/index.php\/2023\/03\/30\/a-kina-es-honduras-kozti-diplomaciai-kapcsolatfelvetel-ujra-bebizonyitja-hogy-az-egy-kina-elv-betartasa-megfelel-a-nemzetkozi-erdeknek\/#breadcrumb","itemListElement":[{"@type":"ListItem","position":1,"name":"Kezd\u0151lap","item":"https:\/\/kinaikaleidoszkop.hu\/"},{"@type":"ListItem","position":2,"name":"A K\u00edna \u00e9s Honduras k\u00f6zti diplom\u00e1ciai kapcsolatfelv\u00e9tel \u00fajra bebizony\u00edtja, hogy az \u201eegy K\u00edna\u201d elv betart\u00e1sa megfelel a nemzetk\u00f6zi \u00e9rdeknek"}]},{"@type":"WebSite","@id":"https:\/\/kinaikaleidoszkop.hu\/#website","url":"https:\/\/kinaikaleidoszkop.hu\/","name":"kinaikaleidoszkop.hu","description":"","potentialAction":[{"@type":"SearchAction","target":{"@type":"EntryPoint","urlTemplate":"https:\/\/kinaikaleidoszkop.hu\/?s={search_term_string}"},"query-input":{"@type":"PropertyValueSpecification","valueRequired":true,"valueName":"search_term_string"}}],"inLanguage":"hu"},{"@type":"Person","@id":"https:\/\/kinaikaleidoszkop.hu\/#\/schema\/person\/fd215d3a8bab54daeb796ae166f99ea5","name":"admin-sebi","image":{"@type":"ImageObject","inLanguage":"hu","@id":"https:\/\/kinaikaleidoszkop.hu\/#\/schema\/person\/image\/","url":"https:\/\/secure.gravatar.com\/avatar\/b1498042bc4969020b4951f204f963e97c3d7d199f3790c1071adf67c61d0aa5?s=96&d=mm&r=g","contentUrl":"https:\/\/secure.gravatar.com\/avatar\/b1498042bc4969020b4951f204f963e97c3d7d199f3790c1071adf67c61d0aa5?s=96&d=mm&r=g","caption":"admin-sebi"},"url":"https:\/\/kinaikaleidoszkop.hu\/index.php\/author\/admin-sebi\/"}]}},"views":228,"distributor_meta":false,"distributor_terms":false,"distributor_media":false,"distributor_original_site_name":"kinaikaleidoszkop.hu","distributor_original_site_url":"https:\/\/kinaikaleidoszkop.hu","push-errors":false,"_links":{"self":[{"href":"https:\/\/kinaikaleidoszkop.hu\/index.php\/wp-json\/wp\/v2\/posts\/16949","targetHints":{"allow":["GET"]}}],"collection":[{"href":"https:\/\/kinaikaleidoszkop.hu\/index.php\/wp-json\/wp\/v2\/posts"}],"about":[{"href":"https:\/\/kinaikaleidoszkop.hu\/index.php\/wp-json\/wp\/v2\/types\/post"}],"author":[{"embeddable":true,"href":"https:\/\/kinaikaleidoszkop.hu\/index.php\/wp-json\/wp\/v2\/users\/6"}],"replies":[{"embeddable":true,"href":"https:\/\/kinaikaleidoszkop.hu\/index.php\/wp-json\/wp\/v2\/comments?post=16949"}],"version-history":[{"count":1,"href":"https:\/\/kinaikaleidoszkop.hu\/index.php\/wp-json\/wp\/v2\/posts\/16949\/revisions"}],"predecessor-version":[{"id":16952,"href":"https:\/\/kinaikaleidoszkop.hu\/index.php\/wp-json\/wp\/v2\/posts\/16949\/revisions\/16952"}],"wp:featuredmedia":[{"embeddable":true,"href":"https:\/\/kinaikaleidoszkop.hu\/index.php\/wp-json\/wp\/v2\/media\/16951"}],"wp:attachment":[{"href":"https:\/\/kinaikaleidoszkop.hu\/index.php\/wp-json\/wp\/v2\/media?parent=16949"}],"wp:term":[{"taxonomy":"category","embeddable":true,"href":"https:\/\/kinaikaleidoszkop.hu\/index.php\/wp-json\/wp\/v2\/categories?post=16949"},{"taxonomy":"post_tag","embeddable":true,"href":"https:\/\/kinaikaleidoszkop.hu\/index.php\/wp-json\/wp\/v2\/tags?post=16949"}],"curies":[{"name":"wp","href":"https:\/\/api.w.org\/{rel}","templated":true}]}}