{"id":16953,"date":"2023-03-30T12:42:35","date_gmt":"2023-03-30T10:42:35","guid":{"rendered":"https:\/\/kinaikaleidoszkop.hu\/?p=16953"},"modified":"2023-03-30T13:21:22","modified_gmt":"2023-03-30T11:21:22","slug":"peking-felszolitotta-az-egyesult-allamokat-hogy-a-kepviselohazanak-elnoke-ne-talalkozzon-caj-jing-vennel","status":"publish","type":"post","link":"https:\/\/kinaikaleidoszkop.hu\/index.php\/2023\/03\/30\/peking-felszolitotta-az-egyesult-allamokat-hogy-a-kepviselohazanak-elnoke-ne-talalkozzon-caj-jing-vennel\/","title":{"rendered":"Peking felsz\u00f3l\u00edtotta az Egyes\u00fclt \u00c1llamokat, hogy a k\u00e9pvisel\u0151h\u00e1z\u00e1nak eln\u00f6ke ne tal\u00e1lkozzon Caj Jing-vennel"},"content":{"rendered":"\n<p><strong>M\u00e1rcius 29-\u00e9n Csu Fenglien, a K\u00ednai \u00c1llamtan\u00e1cs Tajvani \u00dcgyek Irod\u00e1j\u00e1nak sz\u00f3viv\u0151je a tud\u00f3s\u00edt\u00f3k k\u00e9rd\u00e9seire v\u00e1laszolt a sajt\u00f3t\u00e1j\u00e9koztat\u00f3n Caj Jing-ven tajvani \u201eeln\u00f6knek\u201d az Egyes\u00fclt \u00c1llamokban t\u00f6rt\u00e9n\u0151 tranzit\u00fatj\u00e1val kapcsolatban.<\/strong><\/p>\n\n\n\n<p>A sz\u00f3viv\u0151 elmondta, hogy a Demokratikus Progressz\u00edv P\u00e1rt hat\u00f3s\u00e1gai k\u00fcl\u00f6nf\u00e9le kifog\u00e1sokat teremtettek, \u00e9s k\u00fcl\u00f6nf\u00e9le lehet\u0151s\u00e9geket haszn\u00e1ltak fel f\u00fcggetlens\u00e9gi tev\u00e9kenys\u00e9gek v\u00e9gz\u00e9s\u00e9re politikai \u00f6n\u00e9rdek keres\u00e9se \u00e9rdek\u00e9ben. A tajvani hat\u00f3s\u00e1gok vezet\u0151inek \u00fagynevezett tranzit\u00fatja l\u00e9nyeg\u00e9ben provokat\u00edv cselekm\u00e9ny a f\u00fcggetlens\u00e9g\u00e9rt az Egyes\u00fclt \u00c1llamokra t\u00e1maszkodva. C\u00e9lja, hogy \u201eegy K\u00edna, egy Tajvan\u201d vagy \u201ek\u00e9t K\u00edna\u201d esem\u00e9nyt teremtsenek a tajvani f\u00fcggetlens\u00e9g eszm\u00e9j\u00e9nek nemzetk\u00f6zi szinten t\u00f6rt\u00e9n\u0151 elfogad\u00e1sra \u00e9s az amerikai K\u00edna-ellenes er\u0151k t\u00e1mogat\u00e1s\u00e1ra.<\/p>\n\n\n\n<p>\u201eHa a tajvani vezet\u0151 kapcsolatba l\u00e9p McCarthy-val, az amerikai K\u00e9pvisel\u0151h\u00e1z eln\u00f6k\u00e9vel az Egyes\u00fclt \u00c1llamokban val\u00f3 tranzit\u00fatja sor\u00e1n, akkor ez egy k\u00f6vetkez\u0151 provok\u00e1ci\u00f3 lesz, amely s\u00falyosan s\u00e9rti az egy K\u00edna elvet, K\u00edna szuverenit\u00e1s\u00e1t \u00e9s ter\u00fcleti \u00e9ps\u00e9g\u00e9t, \u00e9s t\u00f6nkreteszi a b\u00e9k\u00e9t \u00e9s a stabilit\u00e1st a Tajvani-szorosn\u00e1l. Hat\u00e1rozottan ellenezz\u00fck ezt, \u00e9s ellenint\u00e9zked\u00e9seket fogunk tenni a visszav\u00e1g\u00e1s \u00e9rdek\u00e9ben\u201d \u2013 mondta a sz\u00f3viv\u0151, s\u00fcrgetve az amerikai felet, hogy tartsa be a K\u00edna \u00e9s az Egyes\u00fclt \u00c1llamok k\u00f6z\u00f6tti h\u00e1rom k\u00f6z\u00f6s nyilatkozatban foglaltakat.<\/p>\n\n\n\n<p>Amit a Tajvanra vonatkoz\u00f3 amerikai t\u00f6rv\u00e9nytervezet illeti, Csu Fenglien kifejtette, hogy csak egy K\u00edna van a vil\u00e1gon, \u00e9s Tajvan K\u00edna r\u00e9sze. A Tajvanra vonatkoz\u00f3 amerikai t\u00f6rv\u00e9nytervezet, melynek a l\u00e9trehoz\u00e1s\u00e1t az amerikai Kongresszus egyes tisztvisel\u0151i el\u0151seg\u00edtik, s\u00falyosan megs\u00e9rti a nemzetk\u00f6zi k\u00f6z\u00f6ss\u00e9g konszenzus\u00e1t \u00e9s a nemzetk\u00f6zi kapcsolatok szab\u00e1lyait, valamint provok\u00e1ci\u00f3 a k\u00ednai szuverenit\u00e1s \u00e9s ter\u00fcleti integrit\u00e1s ellen. K\u00edna s\u00fcrgeti az amerikai Kongresszust, hogy tartsa be az \u00edg\u00e9ret\u00e9t, hogy nem t\u00e1mogatja Tajvan f\u00fcggetlens\u00e9g\u00e9t, \u00e9s azonnal hagyja abba a t\u00f6rv\u00e9nytervezet megvitat\u00e1s\u00e1t.&nbsp;<\/p>\n\n\n\n<p><strong>2023. 03. 30.<\/strong><\/p>\n\n\n\n<p><strong><em>(China Media Group)<\/em><\/strong><\/p>\n\n\n\n<p><strong>(x)<\/strong><\/p>\n","protected":false},"excerpt":{"rendered":"<p>M\u00e1rcius 29-\u00e9n Csu Fenglien, a K\u00ednai \u00c1llamtan\u00e1cs Tajvani \u00dcgyek Irod\u00e1j\u00e1nak sz\u00f3viv\u0151je a tud\u00f3s\u00edt\u00f3k k\u00e9rd\u00e9seire v\u00e1laszolt a sajt\u00f3t\u00e1j\u00e9koztat\u00f3n Caj Jing-ven tajvani \u201eeln\u00f6knek\u201d az Egyes\u00fclt \u00c1llamokban t\u00f6rt\u00e9n\u0151 tranzit\u00fatj\u00e1val kapcsolatban. A sz\u00f3viv\u0151 elmondta, hogy a Demokratikus Progressz\u00edv P\u00e1rt hat\u00f3s\u00e1gai k\u00fcl\u00f6nf\u00e9le kifog\u00e1sokat teremtettek, \u00e9s k\u00fcl\u00f6nf\u00e9le lehet\u0151s\u00e9geket haszn\u00e1ltak fel f\u00fcggetlens\u00e9gi tev\u00e9kenys\u00e9gek v\u00e9gz\u00e9s\u00e9re politikai \u00f6n\u00e9rdek keres\u00e9se \u00e9rdek\u00e9ben. A tajvani hat\u00f3s\u00e1gok vezet\u0151inek [&hellip;]<\/p>\n","protected":false},"author":6,"featured_media":16958,"comment_status":"open","ping_status":"open","sticky":false,"template":"","format":"standard","meta":{"footnotes":""},"categories":[45],"tags":[637,131,172],"class_list":["post-16953","post","type-post","status-publish","format-standard","has-post-thumbnail","hentry","category-hirek","tag-diplomacia","tag-egyesult-allamok","tag-tajvan"],"yoast_head":"<!-- This site is optimized with the Yoast SEO plugin v23.7 - https:\/\/yoast.com\/wordpress\/plugins\/seo\/ -->\n<title>Peking felsz\u00f3l\u00edtotta az Egyes\u00fclt \u00c1llamokat, hogy a k\u00e9pvisel\u0151h\u00e1z\u00e1nak eln\u00f6ke ne tal\u00e1lkozzon Caj Jing-vennel - kinaikaleidoszkop.hu<\/title>\n<meta name=\"robots\" content=\"index, follow, max-snippet:-1, max-image-preview:large, max-video-preview:-1\" \/>\n<link rel=\"canonical\" href=\"https:\/\/kinaikaleidoszkop.hu\/index.php\/2023\/03\/30\/peking-felszolitotta-az-egyesult-allamokat-hogy-a-kepviselohazanak-elnoke-ne-talalkozzon-caj-jing-vennel\/\" \/>\n<meta property=\"og:locale\" content=\"hu_HU\" \/>\n<meta property=\"og:type\" content=\"article\" \/>\n<meta property=\"og:title\" content=\"Peking felsz\u00f3l\u00edtotta az Egyes\u00fclt \u00c1llamokat, hogy a k\u00e9pvisel\u0151h\u00e1z\u00e1nak eln\u00f6ke ne tal\u00e1lkozzon Caj Jing-vennel - kinaikaleidoszkop.hu\" \/>\n<meta property=\"og:description\" content=\"M\u00e1rcius 29-\u00e9n Csu Fenglien, a K\u00ednai \u00c1llamtan\u00e1cs Tajvani \u00dcgyek Irod\u00e1j\u00e1nak sz\u00f3viv\u0151je a tud\u00f3s\u00edt\u00f3k k\u00e9rd\u00e9seire v\u00e1laszolt a sajt\u00f3t\u00e1j\u00e9koztat\u00f3n Caj Jing-ven tajvani \u201eeln\u00f6knek\u201d az Egyes\u00fclt \u00c1llamokban t\u00f6rt\u00e9n\u0151 tranzit\u00fatj\u00e1val kapcsolatban. A sz\u00f3viv\u0151 elmondta, hogy a Demokratikus Progressz\u00edv P\u00e1rt hat\u00f3s\u00e1gai k\u00fcl\u00f6nf\u00e9le kifog\u00e1sokat teremtettek, \u00e9s k\u00fcl\u00f6nf\u00e9le lehet\u0151s\u00e9geket haszn\u00e1ltak fel f\u00fcggetlens\u00e9gi tev\u00e9kenys\u00e9gek v\u00e9gz\u00e9s\u00e9re politikai \u00f6n\u00e9rdek keres\u00e9se \u00e9rdek\u00e9ben. A tajvani hat\u00f3s\u00e1gok vezet\u0151inek [&hellip;]\" \/>\n<meta property=\"og:url\" content=\"https:\/\/kinaikaleidoszkop.hu\/index.php\/2023\/03\/30\/peking-felszolitotta-az-egyesult-allamokat-hogy-a-kepviselohazanak-elnoke-ne-talalkozzon-caj-jing-vennel\/\" \/>\n<meta property=\"og:site_name\" content=\"kinaikaleidoszkop.hu\" \/>\n<meta property=\"article:published_time\" content=\"2023-03-30T10:42:35+00:00\" \/>\n<meta property=\"article:modified_time\" content=\"2023-03-30T11:21:22+00:00\" \/>\n<meta property=\"og:image\" content=\"https:\/\/kinaikaleidoszkop.hu\/wp-content\/uploads\/2023\/03\/pexels-brett-sayles-4751421.jpg\" \/>\n\t<meta property=\"og:image:width\" content=\"1280\" \/>\n\t<meta property=\"og:image:height\" content=\"852\" \/>\n\t<meta property=\"og:image:type\" content=\"image\/jpeg\" \/>\n<meta name=\"author\" content=\"admin-sebi\" \/>\n<meta name=\"twitter:card\" content=\"summary_large_image\" \/>\n<meta name=\"twitter:label1\" content=\"Szerz\u0151:\" \/>\n\t<meta name=\"twitter:data1\" content=\"admin-sebi\" \/>\n\t<meta name=\"twitter:label2\" content=\"Becs\u00fclt olvas\u00e1si id\u0151\" \/>\n\t<meta name=\"twitter:data2\" content=\"2 perc\" \/>\n<script type=\"application\/ld+json\" class=\"yoast-schema-graph\">{\"@context\":\"https:\/\/schema.org\",\"@graph\":[{\"@type\":\"WebPage\",\"@id\":\"https:\/\/kinaikaleidoszkop.hu\/index.php\/2023\/03\/30\/peking-felszolitotta-az-egyesult-allamokat-hogy-a-kepviselohazanak-elnoke-ne-talalkozzon-caj-jing-vennel\/\",\"url\":\"https:\/\/kinaikaleidoszkop.hu\/index.php\/2023\/03\/30\/peking-felszolitotta-az-egyesult-allamokat-hogy-a-kepviselohazanak-elnoke-ne-talalkozzon-caj-jing-vennel\/\",\"name\":\"Peking felsz\u00f3l\u00edtotta az Egyes\u00fclt \u00c1llamokat, hogy a k\u00e9pvisel\u0151h\u00e1z\u00e1nak eln\u00f6ke ne tal\u00e1lkozzon Caj Jing-vennel - kinaikaleidoszkop.hu\",\"isPartOf\":{\"@id\":\"https:\/\/kinaikaleidoszkop.hu\/#website\"},\"primaryImageOfPage\":{\"@id\":\"https:\/\/kinaikaleidoszkop.hu\/index.php\/2023\/03\/30\/peking-felszolitotta-az-egyesult-allamokat-hogy-a-kepviselohazanak-elnoke-ne-talalkozzon-caj-jing-vennel\/#primaryimage\"},\"image\":{\"@id\":\"https:\/\/kinaikaleidoszkop.hu\/index.php\/2023\/03\/30\/peking-felszolitotta-az-egyesult-allamokat-hogy-a-kepviselohazanak-elnoke-ne-talalkozzon-caj-jing-vennel\/#primaryimage\"},\"thumbnailUrl\":\"https:\/\/kinaikaleidoszkop.hu\/wp-content\/uploads\/2023\/03\/pexels-brett-sayles-4751421.jpg\",\"datePublished\":\"2023-03-30T10:42:35+00:00\",\"dateModified\":\"2023-03-30T11:21:22+00:00\",\"author\":{\"@id\":\"https:\/\/kinaikaleidoszkop.hu\/#\/schema\/person\/fd215d3a8bab54daeb796ae166f99ea5\"},\"breadcrumb\":{\"@id\":\"https:\/\/kinaikaleidoszkop.hu\/index.php\/2023\/03\/30\/peking-felszolitotta-az-egyesult-allamokat-hogy-a-kepviselohazanak-elnoke-ne-talalkozzon-caj-jing-vennel\/#breadcrumb\"},\"inLanguage\":\"hu\",\"potentialAction\":[{\"@type\":\"ReadAction\",\"target\":[\"https:\/\/kinaikaleidoszkop.hu\/index.php\/2023\/03\/30\/peking-felszolitotta-az-egyesult-allamokat-hogy-a-kepviselohazanak-elnoke-ne-talalkozzon-caj-jing-vennel\/\"]}]},{\"@type\":\"ImageObject\",\"inLanguage\":\"hu\",\"@id\":\"https:\/\/kinaikaleidoszkop.hu\/index.php\/2023\/03\/30\/peking-felszolitotta-az-egyesult-allamokat-hogy-a-kepviselohazanak-elnoke-ne-talalkozzon-caj-jing-vennel\/#primaryimage\",\"url\":\"https:\/\/kinaikaleidoszkop.hu\/wp-content\/uploads\/2023\/03\/pexels-brett-sayles-4751421.jpg\",\"contentUrl\":\"https:\/\/kinaikaleidoszkop.hu\/wp-content\/uploads\/2023\/03\/pexels-brett-sayles-4751421.jpg\",\"width\":1280,\"height\":852},{\"@type\":\"BreadcrumbList\",\"@id\":\"https:\/\/kinaikaleidoszkop.hu\/index.php\/2023\/03\/30\/peking-felszolitotta-az-egyesult-allamokat-hogy-a-kepviselohazanak-elnoke-ne-talalkozzon-caj-jing-vennel\/#breadcrumb\",\"itemListElement\":[{\"@type\":\"ListItem\",\"position\":1,\"name\":\"Kezd\u0151lap\",\"item\":\"https:\/\/kinaikaleidoszkop.hu\/\"},{\"@type\":\"ListItem\",\"position\":2,\"name\":\"Peking felsz\u00f3l\u00edtotta az Egyes\u00fclt \u00c1llamokat, hogy a k\u00e9pvisel\u0151h\u00e1z\u00e1nak eln\u00f6ke ne tal\u00e1lkozzon Caj Jing-vennel\"}]},{\"@type\":\"WebSite\",\"@id\":\"https:\/\/kinaikaleidoszkop.hu\/#website\",\"url\":\"https:\/\/kinaikaleidoszkop.hu\/\",\"name\":\"kinaikaleidoszkop.hu\",\"description\":\"\",\"potentialAction\":[{\"@type\":\"SearchAction\",\"target\":{\"@type\":\"EntryPoint\",\"urlTemplate\":\"https:\/\/kinaikaleidoszkop.hu\/?s={search_term_string}\"},\"query-input\":{\"@type\":\"PropertyValueSpecification\",\"valueRequired\":true,\"valueName\":\"search_term_string\"}}],\"inLanguage\":\"hu\"},{\"@type\":\"Person\",\"@id\":\"https:\/\/kinaikaleidoszkop.hu\/#\/schema\/person\/fd215d3a8bab54daeb796ae166f99ea5\",\"name\":\"admin-sebi\",\"image\":{\"@type\":\"ImageObject\",\"inLanguage\":\"hu\",\"@id\":\"https:\/\/kinaikaleidoszkop.hu\/#\/schema\/person\/image\/\",\"url\":\"https:\/\/secure.gravatar.com\/avatar\/b1498042bc4969020b4951f204f963e97c3d7d199f3790c1071adf67c61d0aa5?s=96&d=mm&r=g\",\"contentUrl\":\"https:\/\/secure.gravatar.com\/avatar\/b1498042bc4969020b4951f204f963e97c3d7d199f3790c1071adf67c61d0aa5?s=96&d=mm&r=g\",\"caption\":\"admin-sebi\"},\"url\":\"https:\/\/kinaikaleidoszkop.hu\/index.php\/author\/admin-sebi\/\"}]}<\/script>\n<!-- \/ Yoast SEO plugin. -->","yoast_head_json":{"title":"Peking felsz\u00f3l\u00edtotta az Egyes\u00fclt \u00c1llamokat, hogy a k\u00e9pvisel\u0151h\u00e1z\u00e1nak eln\u00f6ke ne tal\u00e1lkozzon Caj Jing-vennel - kinaikaleidoszkop.hu","robots":{"index":"index","follow":"follow","max-snippet":"max-snippet:-1","max-image-preview":"max-image-preview:large","max-video-preview":"max-video-preview:-1"},"canonical":"https:\/\/kinaikaleidoszkop.hu\/index.php\/2023\/03\/30\/peking-felszolitotta-az-egyesult-allamokat-hogy-a-kepviselohazanak-elnoke-ne-talalkozzon-caj-jing-vennel\/","og_locale":"hu_HU","og_type":"article","og_title":"Peking felsz\u00f3l\u00edtotta az Egyes\u00fclt \u00c1llamokat, hogy a k\u00e9pvisel\u0151h\u00e1z\u00e1nak eln\u00f6ke ne tal\u00e1lkozzon Caj Jing-vennel - kinaikaleidoszkop.hu","og_description":"M\u00e1rcius 29-\u00e9n Csu Fenglien, a K\u00ednai \u00c1llamtan\u00e1cs Tajvani \u00dcgyek Irod\u00e1j\u00e1nak sz\u00f3viv\u0151je a tud\u00f3s\u00edt\u00f3k k\u00e9rd\u00e9seire v\u00e1laszolt a sajt\u00f3t\u00e1j\u00e9koztat\u00f3n Caj Jing-ven tajvani \u201eeln\u00f6knek\u201d az Egyes\u00fclt \u00c1llamokban t\u00f6rt\u00e9n\u0151 tranzit\u00fatj\u00e1val kapcsolatban. A sz\u00f3viv\u0151 elmondta, hogy a Demokratikus Progressz\u00edv P\u00e1rt hat\u00f3s\u00e1gai k\u00fcl\u00f6nf\u00e9le kifog\u00e1sokat teremtettek, \u00e9s k\u00fcl\u00f6nf\u00e9le lehet\u0151s\u00e9geket haszn\u00e1ltak fel f\u00fcggetlens\u00e9gi tev\u00e9kenys\u00e9gek v\u00e9gz\u00e9s\u00e9re politikai \u00f6n\u00e9rdek keres\u00e9se \u00e9rdek\u00e9ben. A tajvani hat\u00f3s\u00e1gok vezet\u0151inek [&hellip;]","og_url":"https:\/\/kinaikaleidoszkop.hu\/index.php\/2023\/03\/30\/peking-felszolitotta-az-egyesult-allamokat-hogy-a-kepviselohazanak-elnoke-ne-talalkozzon-caj-jing-vennel\/","og_site_name":"kinaikaleidoszkop.hu","article_published_time":"2023-03-30T10:42:35+00:00","article_modified_time":"2023-03-30T11:21:22+00:00","og_image":[{"width":1280,"height":852,"url":"https:\/\/kinaikaleidoszkop.hu\/wp-content\/uploads\/2023\/03\/pexels-brett-sayles-4751421.jpg","type":"image\/jpeg"}],"author":"admin-sebi","twitter_card":"summary_large_image","twitter_misc":{"Szerz\u0151:":"admin-sebi","Becs\u00fclt olvas\u00e1si id\u0151":"2 perc"},"schema":{"@context":"https:\/\/schema.org","@graph":[{"@type":"WebPage","@id":"https:\/\/kinaikaleidoszkop.hu\/index.php\/2023\/03\/30\/peking-felszolitotta-az-egyesult-allamokat-hogy-a-kepviselohazanak-elnoke-ne-talalkozzon-caj-jing-vennel\/","url":"https:\/\/kinaikaleidoszkop.hu\/index.php\/2023\/03\/30\/peking-felszolitotta-az-egyesult-allamokat-hogy-a-kepviselohazanak-elnoke-ne-talalkozzon-caj-jing-vennel\/","name":"Peking felsz\u00f3l\u00edtotta az Egyes\u00fclt \u00c1llamokat, hogy a k\u00e9pvisel\u0151h\u00e1z\u00e1nak eln\u00f6ke ne tal\u00e1lkozzon Caj Jing-vennel - kinaikaleidoszkop.hu","isPartOf":{"@id":"https:\/\/kinaikaleidoszkop.hu\/#website"},"primaryImageOfPage":{"@id":"https:\/\/kinaikaleidoszkop.hu\/index.php\/2023\/03\/30\/peking-felszolitotta-az-egyesult-allamokat-hogy-a-kepviselohazanak-elnoke-ne-talalkozzon-caj-jing-vennel\/#primaryimage"},"image":{"@id":"https:\/\/kinaikaleidoszkop.hu\/index.php\/2023\/03\/30\/peking-felszolitotta-az-egyesult-allamokat-hogy-a-kepviselohazanak-elnoke-ne-talalkozzon-caj-jing-vennel\/#primaryimage"},"thumbnailUrl":"https:\/\/kinaikaleidoszkop.hu\/wp-content\/uploads\/2023\/03\/pexels-brett-sayles-4751421.jpg","datePublished":"2023-03-30T10:42:35+00:00","dateModified":"2023-03-30T11:21:22+00:00","author":{"@id":"https:\/\/kinaikaleidoszkop.hu\/#\/schema\/person\/fd215d3a8bab54daeb796ae166f99ea5"},"breadcrumb":{"@id":"https:\/\/kinaikaleidoszkop.hu\/index.php\/2023\/03\/30\/peking-felszolitotta-az-egyesult-allamokat-hogy-a-kepviselohazanak-elnoke-ne-talalkozzon-caj-jing-vennel\/#breadcrumb"},"inLanguage":"hu","potentialAction":[{"@type":"ReadAction","target":["https:\/\/kinaikaleidoszkop.hu\/index.php\/2023\/03\/30\/peking-felszolitotta-az-egyesult-allamokat-hogy-a-kepviselohazanak-elnoke-ne-talalkozzon-caj-jing-vennel\/"]}]},{"@type":"ImageObject","inLanguage":"hu","@id":"https:\/\/kinaikaleidoszkop.hu\/index.php\/2023\/03\/30\/peking-felszolitotta-az-egyesult-allamokat-hogy-a-kepviselohazanak-elnoke-ne-talalkozzon-caj-jing-vennel\/#primaryimage","url":"https:\/\/kinaikaleidoszkop.hu\/wp-content\/uploads\/2023\/03\/pexels-brett-sayles-4751421.jpg","contentUrl":"https:\/\/kinaikaleidoszkop.hu\/wp-content\/uploads\/2023\/03\/pexels-brett-sayles-4751421.jpg","width":1280,"height":852},{"@type":"BreadcrumbList","@id":"https:\/\/kinaikaleidoszkop.hu\/index.php\/2023\/03\/30\/peking-felszolitotta-az-egyesult-allamokat-hogy-a-kepviselohazanak-elnoke-ne-talalkozzon-caj-jing-vennel\/#breadcrumb","itemListElement":[{"@type":"ListItem","position":1,"name":"Kezd\u0151lap","item":"https:\/\/kinaikaleidoszkop.hu\/"},{"@type":"ListItem","position":2,"name":"Peking felsz\u00f3l\u00edtotta az Egyes\u00fclt \u00c1llamokat, hogy a k\u00e9pvisel\u0151h\u00e1z\u00e1nak eln\u00f6ke ne tal\u00e1lkozzon Caj Jing-vennel"}]},{"@type":"WebSite","@id":"https:\/\/kinaikaleidoszkop.hu\/#website","url":"https:\/\/kinaikaleidoszkop.hu\/","name":"kinaikaleidoszkop.hu","description":"","potentialAction":[{"@type":"SearchAction","target":{"@type":"EntryPoint","urlTemplate":"https:\/\/kinaikaleidoszkop.hu\/?s={search_term_string}"},"query-input":{"@type":"PropertyValueSpecification","valueRequired":true,"valueName":"search_term_string"}}],"inLanguage":"hu"},{"@type":"Person","@id":"https:\/\/kinaikaleidoszkop.hu\/#\/schema\/person\/fd215d3a8bab54daeb796ae166f99ea5","name":"admin-sebi","image":{"@type":"ImageObject","inLanguage":"hu","@id":"https:\/\/kinaikaleidoszkop.hu\/#\/schema\/person\/image\/","url":"https:\/\/secure.gravatar.com\/avatar\/b1498042bc4969020b4951f204f963e97c3d7d199f3790c1071adf67c61d0aa5?s=96&d=mm&r=g","contentUrl":"https:\/\/secure.gravatar.com\/avatar\/b1498042bc4969020b4951f204f963e97c3d7d199f3790c1071adf67c61d0aa5?s=96&d=mm&r=g","caption":"admin-sebi"},"url":"https:\/\/kinaikaleidoszkop.hu\/index.php\/author\/admin-sebi\/"}]}},"views":255,"distributor_meta":false,"distributor_terms":false,"distributor_media":false,"distributor_original_site_name":"kinaikaleidoszkop.hu","distributor_original_site_url":"https:\/\/kinaikaleidoszkop.hu","push-errors":false,"_links":{"self":[{"href":"https:\/\/kinaikaleidoszkop.hu\/index.php\/wp-json\/wp\/v2\/posts\/16953","targetHints":{"allow":["GET"]}}],"collection":[{"href":"https:\/\/kinaikaleidoszkop.hu\/index.php\/wp-json\/wp\/v2\/posts"}],"about":[{"href":"https:\/\/kinaikaleidoszkop.hu\/index.php\/wp-json\/wp\/v2\/types\/post"}],"author":[{"embeddable":true,"href":"https:\/\/kinaikaleidoszkop.hu\/index.php\/wp-json\/wp\/v2\/users\/6"}],"replies":[{"embeddable":true,"href":"https:\/\/kinaikaleidoszkop.hu\/index.php\/wp-json\/wp\/v2\/comments?post=16953"}],"version-history":[{"count":2,"href":"https:\/\/kinaikaleidoszkop.hu\/index.php\/wp-json\/wp\/v2\/posts\/16953\/revisions"}],"predecessor-version":[{"id":16962,"href":"https:\/\/kinaikaleidoszkop.hu\/index.php\/wp-json\/wp\/v2\/posts\/16953\/revisions\/16962"}],"wp:featuredmedia":[{"embeddable":true,"href":"https:\/\/kinaikaleidoszkop.hu\/index.php\/wp-json\/wp\/v2\/media\/16958"}],"wp:attachment":[{"href":"https:\/\/kinaikaleidoszkop.hu\/index.php\/wp-json\/wp\/v2\/media?parent=16953"}],"wp:term":[{"taxonomy":"category","embeddable":true,"href":"https:\/\/kinaikaleidoszkop.hu\/index.php\/wp-json\/wp\/v2\/categories?post=16953"},{"taxonomy":"post_tag","embeddable":true,"href":"https:\/\/kinaikaleidoszkop.hu\/index.php\/wp-json\/wp\/v2\/tags?post=16953"}],"curies":[{"name":"wp","href":"https:\/\/api.w.org\/{rel}","templated":true}]}}