{"id":16986,"date":"2023-03-31T14:35:15","date_gmt":"2023-03-31T12:35:15","guid":{"rendered":"https:\/\/kinaikaleidoszkop.hu\/?p=16986"},"modified":"2023-03-31T15:34:55","modified_gmt":"2023-03-31T13:34:55","slug":"mediarendezveny-sorozat-unnepli-a-kina-es-spanyolorszag-kozotti-diplomaciai-kapcsolatok-50-evfordulojat","status":"publish","type":"post","link":"https:\/\/kinaikaleidoszkop.hu\/index.php\/2023\/03\/31\/mediarendezveny-sorozat-unnepli-a-kina-es-spanyolorszag-kozotti-diplomaciai-kapcsolatok-50-evfordulojat\/","title":{"rendered":"M\u00e9diarendezv\u00e9ny-sorozat \u00fcnnepli a K\u00edna \u00e9s Spanyolorsz\u00e1g k\u00f6z\u00f6tti diplom\u00e1ciai kapcsolatok 50. \u00e9vfordul\u00f3j\u00e1t"},"content":{"rendered":"\n<p><strong>M\u00e1rcius 30-\u00e1n hivatalosan is elindult a CMG \u00e9s a spanyol kultur\u00e1lis \u00e9s sportminiszt\u00e9rium \u00e1ltal a K\u00edna \u00e9s Spanyolorsz\u00e1g k\u00f6z\u00f6tti diplom\u00e1ciai kapcsolatok felv\u00e9tel\u00e9nek 50. \u00e9vfordul\u00f3ja alkalm\u00e1b\u00f3l szervezett tematikus rendezv\u00e9ny.<\/strong><\/p>\n\n\n\n<p>A rendezv\u00e9ny t\u00e9m\u00e1ja: \u201ek\u00ednai \u00e9s spanyol kultur\u00e1lis utaz\u00e1s\u201d. Shen Haixiong, a CMG eln\u00f6ke, Miquel Iceta spanyol kultur\u00e1lis \u00e9s sportminiszter, Wu Haitao K\u00edna spanyolorsz\u00e1gi nagyk\u00f6vete \u00e9s Rafael Dezcallar Spanyolorsz\u00e1g k\u00ednai nagyk\u00f6vete is r\u00e9szt vett az online megnyit\u00f3\u00fcnneps\u00e9gen, \u00e9s besz\u00e9det is mondtak.<\/p>\n\n\n\n<p>Shen Haixiong arr\u00f3l besz\u00e9lt, hogy a K\u00edna \u00e9s Spanyolorsz\u00e1g k\u00f6z\u00f6tti k\u00fcl\u00f6nf\u00e9le ter\u00fcleteken foly\u00f3 eszmecser\u00e9k m\u00e9ly alapja a folyamatos \u00e9s hat\u00e9kony kultur\u00e1lis csereprogram. A mostani \u201ek\u00ednai \u00e9s spanyol kultur\u00e1lis utaz\u00e1s\u201d t\u00e9m\u00e1j\u00fa nagyszab\u00e1s\u00fa integr\u00e1lt m\u00e9diaesem\u00e9ny dokumentumfilmeken kereszt\u00fcl \u00e1tfog\u00f3an \u00e1ttekinti a k\u00ednai\u2013spanyol eszmecser\u00e9k t\u00f6rt\u00e9net\u00e9t.<\/p>\n\n\n\n<figure class=\"wp-block-image size-large\"><img loading=\"lazy\" decoding=\"async\" width=\"1024\" height=\"697\" src=\"https:\/\/kinaikaleidoszkop.hu\/wp-content\/uploads\/2023\/03\/0330-1-1024x697.jpg\" alt=\"\" class=\"wp-image-16988\" srcset=\"https:\/\/kinaikaleidoszkop.hu\/wp-content\/uploads\/2023\/03\/0330-1-1024x697.jpg 1024w, https:\/\/kinaikaleidoszkop.hu\/wp-content\/uploads\/2023\/03\/0330-1-300x204.jpg 300w, https:\/\/kinaikaleidoszkop.hu\/wp-content\/uploads\/2023\/03\/0330-1-768x523.jpg 768w, https:\/\/kinaikaleidoszkop.hu\/wp-content\/uploads\/2023\/03\/0330-1-1536x1046.jpg 1536w, https:\/\/kinaikaleidoszkop.hu\/wp-content\/uploads\/2023\/03\/0330-1-2048x1395.jpg 2048w, https:\/\/kinaikaleidoszkop.hu\/wp-content\/uploads\/2023\/03\/0330-1-990x674.jpg 990w, https:\/\/kinaikaleidoszkop.hu\/wp-content\/uploads\/2023\/03\/0330-1-1320x899.jpg 1320w, https:\/\/kinaikaleidoszkop.hu\/wp-content\/uploads\/2023\/03\/0330-1-379x259.jpg 379w\" sizes=\"auto, (max-width: 1024px) 100vw, 1024px\" \/><figcaption class=\"wp-element-caption\">Shen Haixiong, a CMG eln\u00f6ke.<\/figcaption><\/figure>\n\n\n\n<p>Miquel Iceta spanyol kultur\u00e1lis \u00e9s sportminiszter video\u00fczenetben gratul\u00e1lt az esem\u00e9nyhez, \u00e9s elmondta, hogy a kult\u00fara a k\u00e9tir\u00e1ny\u00fa kommunik\u00e1ci\u00f3 h\u00eddja, valamint Spanyolorsz\u00e1got \u00e9s K\u00edn\u00e1t \u00f6sszek\u00f6t\u0151 h\u00edd. Rem\u00e9lhet\u0151leg ez az esem\u00e9ny bemutathatja a spanyol kult\u00far\u00e1t a k\u00ednaiaknak, \u00e9s egy\u00fattal el\u0151seg\u00edti a spanyolok k\u00ednai kult\u00far\u00e1val kapcsolatos meg\u00e9rt\u00e9s\u00e9t, fogalmazott a miniszter, aki egy\u00fattal meggy\u0151z\u0151d\u00e9s\u00e9nek adott hangot, hogy a j\u00f6v\u0151ben tov\u00e1bb er\u0151s\u00f6dik \u00e9s fejl\u0151dik a k\u00e9t f\u00e9l k\u00f6z\u00f6tti k\u00f6t\u0151d\u00e9s.<\/p>\n\n\n\n<figure class=\"wp-block-image size-full\"><img decoding=\"async\" src=\"https:\/\/regionyugat.hu\/wp-content\/uploads\/2023\/03\/0330-2.jpg\" alt=\"\" class=\"wp-image-14775\"\/><figcaption class=\"wp-element-caption\">Miquel Iceta spanyol kultur\u00e1lis \u00e9s sportminiszter.<\/figcaption><\/figure>\n\n\n\n<p>Wu Haitao, K\u00edna spanyolorsz\u00e1gi nagyk\u00f6vete elmondta, hogy az elm\u00falt 50 \u00e9vben a K\u00edna \u00e9s Spanyolorsz\u00e1g k\u00f6zti kapcsolatok eg\u00e9szs\u00e9gesen \u00e9s z\u00f6kken\u0151mentesen fejl\u0151dtek, \u00e9s a k\u00e9t orsz\u00e1g k\u00f6z\u00f6tti bar\u00e1ts\u00e1g tov\u00e1bb m\u00e9ly\u00fclt. A \u201ek\u00ednai \u00e9s spanyol kultur\u00e1lis utaz\u00e1s\u201d t\u00e9m\u00e1j\u00fa m\u00e9diaesem\u00e9ny megrendez\u00e9se nagy jelent\u0151s\u00e9g\u0171, \u00e9s el\u0151seg\u00edti a k\u00e9t orsz\u00e1g lakoss\u00e1ga k\u00f6z\u00f6tti k\u00f6lcs\u00f6n\u00f6s meg\u00e9rt\u00e9s tov\u00e1bbi er\u0151s\u00f6d\u00e9s\u00e9t, valamint el\u0151seg\u00edti a k\u00e9t orsz\u00e1g k\u00f6z\u00f6tti kultur\u00e1lis cser\u00e9ket.<\/p>\n\n\n\n<p>Rafael Dezcallar, Spanyolorsz\u00e1g pekingi nagyk\u00f6vete gratul\u00e1lt a rendezv\u00e9ny siker\u00e9hez, mondv\u00e1n, hogy az esem\u00e9ny nagyban el\u0151seg\u00edti a k\u00f6lcs\u00f6n\u00f6s meg\u00e9rt\u00e9st Spanyolorsz\u00e1g \u00e9s K\u00edna lakoss\u00e1ga k\u00f6z\u00f6tt, k\u00fcl\u00f6n\u00f6sen a fiatalok k\u00f6z\u00f6tt.<\/p>\n\n\n\n<p><strong>2023. 03. 31.<\/strong><\/p>\n\n\n\n<p><strong>K\u00e9pek forr\u00e1sa: China Media Group<\/strong><\/p>\n\n\n\n<p><strong><em>(China Media Group)<\/em><\/strong><\/p>\n\n\n\n<p><strong>(x)<\/strong><\/p>\n","protected":false},"excerpt":{"rendered":"<p>M\u00e1rcius 30-\u00e1n hivatalosan is elindult a CMG \u00e9s a spanyol kultur\u00e1lis \u00e9s sportminiszt\u00e9rium \u00e1ltal a K\u00edna \u00e9s Spanyolorsz\u00e1g k\u00f6z\u00f6tti diplom\u00e1ciai kapcsolatok felv\u00e9tel\u00e9nek 50. \u00e9vfordul\u00f3ja alkalm\u00e1b\u00f3l szervezett tematikus rendezv\u00e9ny. A rendezv\u00e9ny t\u00e9m\u00e1ja: \u201ek\u00ednai \u00e9s spanyol kultur\u00e1lis utaz\u00e1s\u201d. Shen Haixiong, a CMG eln\u00f6ke, Miquel Iceta spanyol kultur\u00e1lis \u00e9s sportminiszter, Wu Haitao K\u00edna spanyolorsz\u00e1gi nagyk\u00f6vete \u00e9s Rafael Dezcallar [&hellip;]<\/p>\n","protected":false},"author":6,"featured_media":16988,"comment_status":"open","ping_status":"open","sticky":false,"template":"","format":"standard","meta":{"footnotes":""},"categories":[45],"tags":[637,576,292,2242,2243],"class_list":["post-16986","post","type-post","status-publish","format-standard","has-post-thumbnail","hentry","category-hirek","tag-diplomacia","tag-diplomaciai-kapcsolatok","tag-evfordulo","tag-mediarendezveny-sorozat","tag-spanyolorszag"],"yoast_head":"<!-- This site is optimized with the Yoast SEO plugin v23.7 - https:\/\/yoast.com\/wordpress\/plugins\/seo\/ -->\n<title>M\u00e9diarendezv\u00e9ny-sorozat \u00fcnnepli a K\u00edna \u00e9s Spanyolorsz\u00e1g k\u00f6z\u00f6tti diplom\u00e1ciai kapcsolatok 50. \u00e9vfordul\u00f3j\u00e1t - kinaikaleidoszkop.hu<\/title>\n<meta name=\"robots\" content=\"index, follow, max-snippet:-1, max-image-preview:large, max-video-preview:-1\" \/>\n<link rel=\"canonical\" href=\"https:\/\/kinaikaleidoszkop.hu\/index.php\/2023\/03\/31\/mediarendezveny-sorozat-unnepli-a-kina-es-spanyolorszag-kozotti-diplomaciai-kapcsolatok-50-evfordulojat\/\" \/>\n<meta property=\"og:locale\" content=\"hu_HU\" \/>\n<meta property=\"og:type\" content=\"article\" \/>\n<meta property=\"og:title\" content=\"M\u00e9diarendezv\u00e9ny-sorozat \u00fcnnepli a K\u00edna \u00e9s Spanyolorsz\u00e1g k\u00f6z\u00f6tti diplom\u00e1ciai kapcsolatok 50. \u00e9vfordul\u00f3j\u00e1t - kinaikaleidoszkop.hu\" \/>\n<meta property=\"og:description\" content=\"M\u00e1rcius 30-\u00e1n hivatalosan is elindult a CMG \u00e9s a spanyol kultur\u00e1lis \u00e9s sportminiszt\u00e9rium \u00e1ltal a K\u00edna \u00e9s Spanyolorsz\u00e1g k\u00f6z\u00f6tti diplom\u00e1ciai kapcsolatok felv\u00e9tel\u00e9nek 50. \u00e9vfordul\u00f3ja alkalm\u00e1b\u00f3l szervezett tematikus rendezv\u00e9ny. A rendezv\u00e9ny t\u00e9m\u00e1ja: \u201ek\u00ednai \u00e9s spanyol kultur\u00e1lis utaz\u00e1s\u201d. Shen Haixiong, a CMG eln\u00f6ke, Miquel Iceta spanyol kultur\u00e1lis \u00e9s sportminiszter, Wu Haitao K\u00edna spanyolorsz\u00e1gi nagyk\u00f6vete \u00e9s Rafael Dezcallar [&hellip;]\" \/>\n<meta property=\"og:url\" content=\"https:\/\/kinaikaleidoszkop.hu\/index.php\/2023\/03\/31\/mediarendezveny-sorozat-unnepli-a-kina-es-spanyolorszag-kozotti-diplomaciai-kapcsolatok-50-evfordulojat\/\" \/>\n<meta property=\"og:site_name\" content=\"kinaikaleidoszkop.hu\" \/>\n<meta property=\"article:published_time\" content=\"2023-03-31T12:35:15+00:00\" \/>\n<meta property=\"article:modified_time\" content=\"2023-03-31T13:34:55+00:00\" \/>\n<meta property=\"og:image\" content=\"https:\/\/kinaikaleidoszkop.hu\/wp-content\/uploads\/2023\/03\/0330-1-scaled.jpg\" \/>\n\t<meta property=\"og:image:width\" content=\"2560\" \/>\n\t<meta property=\"og:image:height\" content=\"1743\" \/>\n\t<meta property=\"og:image:type\" content=\"image\/jpeg\" \/>\n<meta name=\"author\" content=\"admin-sebi\" \/>\n<meta name=\"twitter:card\" content=\"summary_large_image\" \/>\n<meta name=\"twitter:label1\" content=\"Szerz\u0151:\" \/>\n\t<meta name=\"twitter:data1\" content=\"admin-sebi\" \/>\n\t<meta name=\"twitter:label2\" content=\"Becs\u00fclt olvas\u00e1si id\u0151\" \/>\n\t<meta name=\"twitter:data2\" content=\"2 perc\" \/>\n<script type=\"application\/ld+json\" class=\"yoast-schema-graph\">{\"@context\":\"https:\/\/schema.org\",\"@graph\":[{\"@type\":\"WebPage\",\"@id\":\"https:\/\/kinaikaleidoszkop.hu\/index.php\/2023\/03\/31\/mediarendezveny-sorozat-unnepli-a-kina-es-spanyolorszag-kozotti-diplomaciai-kapcsolatok-50-evfordulojat\/\",\"url\":\"https:\/\/kinaikaleidoszkop.hu\/index.php\/2023\/03\/31\/mediarendezveny-sorozat-unnepli-a-kina-es-spanyolorszag-kozotti-diplomaciai-kapcsolatok-50-evfordulojat\/\",\"name\":\"M\u00e9diarendezv\u00e9ny-sorozat \u00fcnnepli a K\u00edna \u00e9s Spanyolorsz\u00e1g k\u00f6z\u00f6tti diplom\u00e1ciai kapcsolatok 50. \u00e9vfordul\u00f3j\u00e1t - kinaikaleidoszkop.hu\",\"isPartOf\":{\"@id\":\"https:\/\/kinaikaleidoszkop.hu\/#website\"},\"primaryImageOfPage\":{\"@id\":\"https:\/\/kinaikaleidoszkop.hu\/index.php\/2023\/03\/31\/mediarendezveny-sorozat-unnepli-a-kina-es-spanyolorszag-kozotti-diplomaciai-kapcsolatok-50-evfordulojat\/#primaryimage\"},\"image\":{\"@id\":\"https:\/\/kinaikaleidoszkop.hu\/index.php\/2023\/03\/31\/mediarendezveny-sorozat-unnepli-a-kina-es-spanyolorszag-kozotti-diplomaciai-kapcsolatok-50-evfordulojat\/#primaryimage\"},\"thumbnailUrl\":\"https:\/\/kinaikaleidoszkop.hu\/wp-content\/uploads\/2023\/03\/0330-1-scaled.jpg\",\"datePublished\":\"2023-03-31T12:35:15+00:00\",\"dateModified\":\"2023-03-31T13:34:55+00:00\",\"author\":{\"@id\":\"https:\/\/kinaikaleidoszkop.hu\/#\/schema\/person\/fd215d3a8bab54daeb796ae166f99ea5\"},\"breadcrumb\":{\"@id\":\"https:\/\/kinaikaleidoszkop.hu\/index.php\/2023\/03\/31\/mediarendezveny-sorozat-unnepli-a-kina-es-spanyolorszag-kozotti-diplomaciai-kapcsolatok-50-evfordulojat\/#breadcrumb\"},\"inLanguage\":\"hu\",\"potentialAction\":[{\"@type\":\"ReadAction\",\"target\":[\"https:\/\/kinaikaleidoszkop.hu\/index.php\/2023\/03\/31\/mediarendezveny-sorozat-unnepli-a-kina-es-spanyolorszag-kozotti-diplomaciai-kapcsolatok-50-evfordulojat\/\"]}]},{\"@type\":\"ImageObject\",\"inLanguage\":\"hu\",\"@id\":\"https:\/\/kinaikaleidoszkop.hu\/index.php\/2023\/03\/31\/mediarendezveny-sorozat-unnepli-a-kina-es-spanyolorszag-kozotti-diplomaciai-kapcsolatok-50-evfordulojat\/#primaryimage\",\"url\":\"https:\/\/kinaikaleidoszkop.hu\/wp-content\/uploads\/2023\/03\/0330-1-scaled.jpg\",\"contentUrl\":\"https:\/\/kinaikaleidoszkop.hu\/wp-content\/uploads\/2023\/03\/0330-1-scaled.jpg\",\"width\":2560,\"height\":1743},{\"@type\":\"BreadcrumbList\",\"@id\":\"https:\/\/kinaikaleidoszkop.hu\/index.php\/2023\/03\/31\/mediarendezveny-sorozat-unnepli-a-kina-es-spanyolorszag-kozotti-diplomaciai-kapcsolatok-50-evfordulojat\/#breadcrumb\",\"itemListElement\":[{\"@type\":\"ListItem\",\"position\":1,\"name\":\"Kezd\u0151lap\",\"item\":\"https:\/\/kinaikaleidoszkop.hu\/\"},{\"@type\":\"ListItem\",\"position\":2,\"name\":\"M\u00e9diarendezv\u00e9ny-sorozat \u00fcnnepli a K\u00edna \u00e9s Spanyolorsz\u00e1g k\u00f6z\u00f6tti diplom\u00e1ciai kapcsolatok 50. \u00e9vfordul\u00f3j\u00e1t\"}]},{\"@type\":\"WebSite\",\"@id\":\"https:\/\/kinaikaleidoszkop.hu\/#website\",\"url\":\"https:\/\/kinaikaleidoszkop.hu\/\",\"name\":\"kinaikaleidoszkop.hu\",\"description\":\"\",\"potentialAction\":[{\"@type\":\"SearchAction\",\"target\":{\"@type\":\"EntryPoint\",\"urlTemplate\":\"https:\/\/kinaikaleidoszkop.hu\/?s={search_term_string}\"},\"query-input\":{\"@type\":\"PropertyValueSpecification\",\"valueRequired\":true,\"valueName\":\"search_term_string\"}}],\"inLanguage\":\"hu\"},{\"@type\":\"Person\",\"@id\":\"https:\/\/kinaikaleidoszkop.hu\/#\/schema\/person\/fd215d3a8bab54daeb796ae166f99ea5\",\"name\":\"admin-sebi\",\"image\":{\"@type\":\"ImageObject\",\"inLanguage\":\"hu\",\"@id\":\"https:\/\/kinaikaleidoszkop.hu\/#\/schema\/person\/image\/\",\"url\":\"https:\/\/secure.gravatar.com\/avatar\/b1498042bc4969020b4951f204f963e97c3d7d199f3790c1071adf67c61d0aa5?s=96&d=mm&r=g\",\"contentUrl\":\"https:\/\/secure.gravatar.com\/avatar\/b1498042bc4969020b4951f204f963e97c3d7d199f3790c1071adf67c61d0aa5?s=96&d=mm&r=g\",\"caption\":\"admin-sebi\"},\"url\":\"https:\/\/kinaikaleidoszkop.hu\/index.php\/author\/admin-sebi\/\"}]}<\/script>\n<!-- \/ Yoast SEO plugin. -->","yoast_head_json":{"title":"M\u00e9diarendezv\u00e9ny-sorozat \u00fcnnepli a K\u00edna \u00e9s Spanyolorsz\u00e1g k\u00f6z\u00f6tti diplom\u00e1ciai kapcsolatok 50. \u00e9vfordul\u00f3j\u00e1t - kinaikaleidoszkop.hu","robots":{"index":"index","follow":"follow","max-snippet":"max-snippet:-1","max-image-preview":"max-image-preview:large","max-video-preview":"max-video-preview:-1"},"canonical":"https:\/\/kinaikaleidoszkop.hu\/index.php\/2023\/03\/31\/mediarendezveny-sorozat-unnepli-a-kina-es-spanyolorszag-kozotti-diplomaciai-kapcsolatok-50-evfordulojat\/","og_locale":"hu_HU","og_type":"article","og_title":"M\u00e9diarendezv\u00e9ny-sorozat \u00fcnnepli a K\u00edna \u00e9s Spanyolorsz\u00e1g k\u00f6z\u00f6tti diplom\u00e1ciai kapcsolatok 50. \u00e9vfordul\u00f3j\u00e1t - kinaikaleidoszkop.hu","og_description":"M\u00e1rcius 30-\u00e1n hivatalosan is elindult a CMG \u00e9s a spanyol kultur\u00e1lis \u00e9s sportminiszt\u00e9rium \u00e1ltal a K\u00edna \u00e9s Spanyolorsz\u00e1g k\u00f6z\u00f6tti diplom\u00e1ciai kapcsolatok felv\u00e9tel\u00e9nek 50. \u00e9vfordul\u00f3ja alkalm\u00e1b\u00f3l szervezett tematikus rendezv\u00e9ny. A rendezv\u00e9ny t\u00e9m\u00e1ja: \u201ek\u00ednai \u00e9s spanyol kultur\u00e1lis utaz\u00e1s\u201d. Shen Haixiong, a CMG eln\u00f6ke, Miquel Iceta spanyol kultur\u00e1lis \u00e9s sportminiszter, Wu Haitao K\u00edna spanyolorsz\u00e1gi nagyk\u00f6vete \u00e9s Rafael Dezcallar [&hellip;]","og_url":"https:\/\/kinaikaleidoszkop.hu\/index.php\/2023\/03\/31\/mediarendezveny-sorozat-unnepli-a-kina-es-spanyolorszag-kozotti-diplomaciai-kapcsolatok-50-evfordulojat\/","og_site_name":"kinaikaleidoszkop.hu","article_published_time":"2023-03-31T12:35:15+00:00","article_modified_time":"2023-03-31T13:34:55+00:00","og_image":[{"width":2560,"height":1743,"url":"https:\/\/kinaikaleidoszkop.hu\/wp-content\/uploads\/2023\/03\/0330-1-scaled.jpg","type":"image\/jpeg"}],"author":"admin-sebi","twitter_card":"summary_large_image","twitter_misc":{"Szerz\u0151:":"admin-sebi","Becs\u00fclt olvas\u00e1si id\u0151":"2 perc"},"schema":{"@context":"https:\/\/schema.org","@graph":[{"@type":"WebPage","@id":"https:\/\/kinaikaleidoszkop.hu\/index.php\/2023\/03\/31\/mediarendezveny-sorozat-unnepli-a-kina-es-spanyolorszag-kozotti-diplomaciai-kapcsolatok-50-evfordulojat\/","url":"https:\/\/kinaikaleidoszkop.hu\/index.php\/2023\/03\/31\/mediarendezveny-sorozat-unnepli-a-kina-es-spanyolorszag-kozotti-diplomaciai-kapcsolatok-50-evfordulojat\/","name":"M\u00e9diarendezv\u00e9ny-sorozat \u00fcnnepli a K\u00edna \u00e9s Spanyolorsz\u00e1g k\u00f6z\u00f6tti diplom\u00e1ciai kapcsolatok 50. \u00e9vfordul\u00f3j\u00e1t - kinaikaleidoszkop.hu","isPartOf":{"@id":"https:\/\/kinaikaleidoszkop.hu\/#website"},"primaryImageOfPage":{"@id":"https:\/\/kinaikaleidoszkop.hu\/index.php\/2023\/03\/31\/mediarendezveny-sorozat-unnepli-a-kina-es-spanyolorszag-kozotti-diplomaciai-kapcsolatok-50-evfordulojat\/#primaryimage"},"image":{"@id":"https:\/\/kinaikaleidoszkop.hu\/index.php\/2023\/03\/31\/mediarendezveny-sorozat-unnepli-a-kina-es-spanyolorszag-kozotti-diplomaciai-kapcsolatok-50-evfordulojat\/#primaryimage"},"thumbnailUrl":"https:\/\/kinaikaleidoszkop.hu\/wp-content\/uploads\/2023\/03\/0330-1-scaled.jpg","datePublished":"2023-03-31T12:35:15+00:00","dateModified":"2023-03-31T13:34:55+00:00","author":{"@id":"https:\/\/kinaikaleidoszkop.hu\/#\/schema\/person\/fd215d3a8bab54daeb796ae166f99ea5"},"breadcrumb":{"@id":"https:\/\/kinaikaleidoszkop.hu\/index.php\/2023\/03\/31\/mediarendezveny-sorozat-unnepli-a-kina-es-spanyolorszag-kozotti-diplomaciai-kapcsolatok-50-evfordulojat\/#breadcrumb"},"inLanguage":"hu","potentialAction":[{"@type":"ReadAction","target":["https:\/\/kinaikaleidoszkop.hu\/index.php\/2023\/03\/31\/mediarendezveny-sorozat-unnepli-a-kina-es-spanyolorszag-kozotti-diplomaciai-kapcsolatok-50-evfordulojat\/"]}]},{"@type":"ImageObject","inLanguage":"hu","@id":"https:\/\/kinaikaleidoszkop.hu\/index.php\/2023\/03\/31\/mediarendezveny-sorozat-unnepli-a-kina-es-spanyolorszag-kozotti-diplomaciai-kapcsolatok-50-evfordulojat\/#primaryimage","url":"https:\/\/kinaikaleidoszkop.hu\/wp-content\/uploads\/2023\/03\/0330-1-scaled.jpg","contentUrl":"https:\/\/kinaikaleidoszkop.hu\/wp-content\/uploads\/2023\/03\/0330-1-scaled.jpg","width":2560,"height":1743},{"@type":"BreadcrumbList","@id":"https:\/\/kinaikaleidoszkop.hu\/index.php\/2023\/03\/31\/mediarendezveny-sorozat-unnepli-a-kina-es-spanyolorszag-kozotti-diplomaciai-kapcsolatok-50-evfordulojat\/#breadcrumb","itemListElement":[{"@type":"ListItem","position":1,"name":"Kezd\u0151lap","item":"https:\/\/kinaikaleidoszkop.hu\/"},{"@type":"ListItem","position":2,"name":"M\u00e9diarendezv\u00e9ny-sorozat \u00fcnnepli a K\u00edna \u00e9s Spanyolorsz\u00e1g k\u00f6z\u00f6tti diplom\u00e1ciai kapcsolatok 50. \u00e9vfordul\u00f3j\u00e1t"}]},{"@type":"WebSite","@id":"https:\/\/kinaikaleidoszkop.hu\/#website","url":"https:\/\/kinaikaleidoszkop.hu\/","name":"kinaikaleidoszkop.hu","description":"","potentialAction":[{"@type":"SearchAction","target":{"@type":"EntryPoint","urlTemplate":"https:\/\/kinaikaleidoszkop.hu\/?s={search_term_string}"},"query-input":{"@type":"PropertyValueSpecification","valueRequired":true,"valueName":"search_term_string"}}],"inLanguage":"hu"},{"@type":"Person","@id":"https:\/\/kinaikaleidoszkop.hu\/#\/schema\/person\/fd215d3a8bab54daeb796ae166f99ea5","name":"admin-sebi","image":{"@type":"ImageObject","inLanguage":"hu","@id":"https:\/\/kinaikaleidoszkop.hu\/#\/schema\/person\/image\/","url":"https:\/\/secure.gravatar.com\/avatar\/b1498042bc4969020b4951f204f963e97c3d7d199f3790c1071adf67c61d0aa5?s=96&d=mm&r=g","contentUrl":"https:\/\/secure.gravatar.com\/avatar\/b1498042bc4969020b4951f204f963e97c3d7d199f3790c1071adf67c61d0aa5?s=96&d=mm&r=g","caption":"admin-sebi"},"url":"https:\/\/kinaikaleidoszkop.hu\/index.php\/author\/admin-sebi\/"}]}},"views":240,"distributor_meta":false,"distributor_terms":false,"distributor_media":false,"distributor_original_site_name":"kinaikaleidoszkop.hu","distributor_original_site_url":"https:\/\/kinaikaleidoszkop.hu","push-errors":false,"_links":{"self":[{"href":"https:\/\/kinaikaleidoszkop.hu\/index.php\/wp-json\/wp\/v2\/posts\/16986","targetHints":{"allow":["GET"]}}],"collection":[{"href":"https:\/\/kinaikaleidoszkop.hu\/index.php\/wp-json\/wp\/v2\/posts"}],"about":[{"href":"https:\/\/kinaikaleidoszkop.hu\/index.php\/wp-json\/wp\/v2\/types\/post"}],"author":[{"embeddable":true,"href":"https:\/\/kinaikaleidoszkop.hu\/index.php\/wp-json\/wp\/v2\/users\/6"}],"replies":[{"embeddable":true,"href":"https:\/\/kinaikaleidoszkop.hu\/index.php\/wp-json\/wp\/v2\/comments?post=16986"}],"version-history":[{"count":2,"href":"https:\/\/kinaikaleidoszkop.hu\/index.php\/wp-json\/wp\/v2\/posts\/16986\/revisions"}],"predecessor-version":[{"id":16994,"href":"https:\/\/kinaikaleidoszkop.hu\/index.php\/wp-json\/wp\/v2\/posts\/16986\/revisions\/16994"}],"wp:featuredmedia":[{"embeddable":true,"href":"https:\/\/kinaikaleidoszkop.hu\/index.php\/wp-json\/wp\/v2\/media\/16988"}],"wp:attachment":[{"href":"https:\/\/kinaikaleidoszkop.hu\/index.php\/wp-json\/wp\/v2\/media?parent=16986"}],"wp:term":[{"taxonomy":"category","embeddable":true,"href":"https:\/\/kinaikaleidoszkop.hu\/index.php\/wp-json\/wp\/v2\/categories?post=16986"},{"taxonomy":"post_tag","embeddable":true,"href":"https:\/\/kinaikaleidoszkop.hu\/index.php\/wp-json\/wp\/v2\/tags?post=16986"}],"curies":[{"name":"wp","href":"https:\/\/api.w.org\/{rel}","templated":true}]}}