{"id":17048,"date":"2023-04-05T09:30:00","date_gmt":"2023-04-05T07:30:00","guid":{"rendered":"https:\/\/kinaikaleidoszkop.hu\/?p=17048"},"modified":"2023-04-04T14:07:28","modified_gmt":"2023-04-04T12:07:28","slug":"kina-a-vilag-masodik-legnagyobb-digitalis-gazdasaga-es-tovabbi-novekedest-tervez","status":"publish","type":"post","link":"https:\/\/kinaikaleidoszkop.hu\/index.php\/2023\/04\/05\/kina-a-vilag-masodik-legnagyobb-digitalis-gazdasaga-es-tovabbi-novekedest-tervez\/","title":{"rendered":"K\u00edna a vil\u00e1g m\u00e1sodik legnagyobb digit\u00e1lis gazdas\u00e1ga, \u00e9s tov\u00e1bbi n\u00f6veked\u00e9st tervez"},"content":{"rendered":"\n<h2 class=\"wp-block-heading\">K\u00edna fokozni fogja az alapvet\u0151 adatrendszerek ki\u00e9p\u00edt\u00e9s\u00e9re ir\u00e1nyul\u00f3 er\u0151fesz\u00edt\u00e9seket, m\u00e9rs\u00e9kelten proakt\u00edv megk\u00f6zel\u00edt\u00e9ssel t\u00e1mogatja a digit\u00e1lis infrastrukt\u00fara ki\u00e9p\u00edt\u00e9s\u00e9t, \u00e9s felgyors\u00edtja a v\u00e1llalkoz\u00e1sok digit\u00e1lis \u00e1talakul\u00e1s\u00e1t &#8211; k\u00f6z\u00f6lt\u00e9k h\u00e9tf\u0151n korm\u00e1nyzati tisztvisel\u0151k.&nbsp;<\/h2>\n\n\n\n<figure class=\"wp-block-image size-large\"><img loading=\"lazy\" decoding=\"async\" width=\"1024\" height=\"683\" src=\"https:\/\/kinaikaleidoszkop.hu\/wp-content\/uploads\/2023\/04\/pexels-negative-space-97077-1024x683.jpg\" alt=\"\" class=\"wp-image-17050\" srcset=\"https:\/\/kinaikaleidoszkop.hu\/wp-content\/uploads\/2023\/04\/pexels-negative-space-97077-1024x683.jpg 1024w, https:\/\/kinaikaleidoszkop.hu\/wp-content\/uploads\/2023\/04\/pexels-negative-space-97077-300x200.jpg 300w, https:\/\/kinaikaleidoszkop.hu\/wp-content\/uploads\/2023\/04\/pexels-negative-space-97077-768x512.jpg 768w, https:\/\/kinaikaleidoszkop.hu\/wp-content\/uploads\/2023\/04\/pexels-negative-space-97077-1536x1024.jpg 1536w, https:\/\/kinaikaleidoszkop.hu\/wp-content\/uploads\/2023\/04\/pexels-negative-space-97077-2048x1365.jpg 2048w, https:\/\/kinaikaleidoszkop.hu\/wp-content\/uploads\/2023\/04\/pexels-negative-space-97077-414x276.jpg 414w, https:\/\/kinaikaleidoszkop.hu\/wp-content\/uploads\/2023\/04\/pexels-negative-space-97077-470x313.jpg 470w, https:\/\/kinaikaleidoszkop.hu\/wp-content\/uploads\/2023\/04\/pexels-negative-space-97077-640x426.jpg 640w, https:\/\/kinaikaleidoszkop.hu\/wp-content\/uploads\/2023\/04\/pexels-negative-space-97077-130x86.jpg 130w, https:\/\/kinaikaleidoszkop.hu\/wp-content\/uploads\/2023\/04\/pexels-negative-space-97077-187x124.jpg 187w, https:\/\/kinaikaleidoszkop.hu\/wp-content\/uploads\/2023\/04\/pexels-negative-space-97077-990x660.jpg 990w, https:\/\/kinaikaleidoszkop.hu\/wp-content\/uploads\/2023\/04\/pexels-negative-space-97077-1320x880.jpg 1320w\" sizes=\"auto, (max-width: 1024px) 100vw, 1024px\" \/><\/figure>\n\n\n\n<p>&nbsp;Sun Wei, a Nemzeti Fejleszt\u00e9si \u00e9s Reformbizotts\u00e1g innov\u00e1ci\u00f3s \u00e9s cs\u00facstechnol\u00f3giai fejleszt\u00e9si oszt\u00e1ly\u00e1nak igazgat\u00f3helyettese elmondta, hogy gyors\u00edtott l\u00e9p\u00e9seket tesznek az adatelemek piaci rendszer\u00e9nek ki\u00e9p\u00edt\u00e9s\u00e9re, a szupergyors 5G technol\u00f3gia nagyszab\u00e1s\u00fa kereskedelmi alkalmaz\u00e1s\u00e1nak felgyors\u00edt\u00e1s\u00e1ra, a glob\u00e1lis versenyk\u00e9pess\u00e9g\u0171 digit\u00e1lis ipari klaszterek kialak\u00edt\u00e1s\u00e1ra \u00e9s a nemzetk\u00f6zi egy\u00fcttm\u0171k\u00f6d\u00e9s elm\u00e9ly\u00edt\u00e9s\u00e9re a digit\u00e1lis gazdas\u00e1gi \u00e1gazatban.&nbsp;<\/p>\n\n\n\n<p>\u00a0Sun a megjegyz\u00e9seket a <strong>hatodik Digit\u00e1lis K\u00edna cs\u00facstal\u00e1lkoz\u00f3<\/strong> sajt\u00f3t\u00e1j\u00e9koztat\u00f3j\u00e1n tette, amelyet a tervek szerint <strong>\u00e1prilis 27-28.<\/strong> k\u00f6z\u00f6tt tartanak a Fujian tartom\u00e1nybeli Fuzhou-ban.\u00a0<\/p>\n\n\n\n<p>\u00a0A cs\u00facstal\u00e1lkoz\u00f3 t\u00f6bb szekci\u00f3b\u00f3l \u00e1ll majd, k\u00f6zt\u00fck egy f\u0151 f\u00f3rumb\u00f3l, 20 alf\u00f3rumb\u00f3l olyan \u00e9get\u0151 t\u00e9m\u00e1kr\u00f3l, mint az<strong> adatforr\u00e1sok<\/strong>, a<strong> mesters\u00e9ges intelligencia<\/strong> \u00e9s a <strong>digit\u00e1lis korm\u00e1nyzat<\/strong>, k\u00e9t ki\u00e1ll\u00edt\u00e1sb\u00f3l \u00e9s egy<strong> innov\u00e1ci\u00f3s versenyb\u0151l<\/strong>.\u00a0<\/p>\n\n\n\n<p>\u00a0Cao Shumin, a k\u00ednai kibert\u00e9r-fel\u00fcgyelet helyettes vezet\u0151je elmondta, hogy K\u00edna 5G b\u00e1zis\u00e1llom\u00e1sainak sz\u00e1ma 2022 v\u00e9g\u00e9re el\u00e9rte a <strong>2,31 milli\u00f3t<\/strong>, \u00e9s az orsz\u00e1g b\u00fcszk\u00e9lkedhet azzal, hogy t\u00f6bb mint 500 milli\u00f3 h\u00e1ztart\u00e1st k\u00e9pes gigabites optikai h\u00e1l\u00f3zattal \u00f6sszekapcsolni.\u00a0<\/p>\n\n\n\n<p>Cao kiemelte, hogy a digit\u00e1lis gazdas\u00e1g a gazdas\u00e1gi n\u00f6veked\u00e9s egyik f\u0151 motorja, \u00e9s az orsz\u00e1g <strong>elektronikus inform\u00e1ci\u00f3gy\u00e1rt\u00f3 \u00e1gazata<\/strong> tavaly stabil n\u00f6veked\u00e9st k\u00f6nyvelhetett el, m\u0171k\u00f6d\u00e9si bev\u00e9telei <strong>15,4 milli\u00e1rd\u00a0j\u00fcan<\/strong>t (795,8 milli\u00e1rd forint) tettek ki.\u00a0<\/p>\n\n\n\n<p>&nbsp;A k\u00ednai digit\u00e1lis gazdas\u00e1g m\u00e9rete 2021-ben el\u00e9rte a 45,5 billi\u00f3 j\u00fcant, ami a m\u00e1sodik helyet jelenti a vil\u00e1gon, \u00e9s az orsz\u00e1g GDP-j\u00e9nek 39,8 sz\u00e1zal\u00e9k\u00e1t teszi ki &#8211; \u00e1ll a K\u00ednai Inform\u00e1ci\u00f3s \u00e9s Kommunik\u00e1ci\u00f3s Technol\u00f3giai Akad\u00e9mia \u00e1ltal kiadott feh\u00e9r k\u00f6nyvben.&nbsp;<\/p>\n\n\n\n<p>\u00a0A K\u00ednai Kommunista P\u00e1rt K\u00f6zponti Bizotts\u00e1ga \u00e9s az \u00c1llamtan\u00e1cs &#8211; a k\u00ednai kabinet &#8211; \u00e1ltal febru\u00e1rban k\u00f6z\u00f6sen kiadott terv szerint <strong>K\u00edna l\u00e9p\u00e9seket tesz a digit\u00e1lis infrastrukt\u00fara \u00e9s az adatforr\u00e1s-rendszerek ki\u00e9p\u00edt\u00e9s\u00e9re.\u00a0<\/strong><\/p>\n\n\n\n<p>\u00a0A terv szerint<strong> 2025-re hatalmas\u00a0el\u0151rel\u00e9p\u00e9s t\u00f6rt\u00e9nik a digit\u00e1lis K\u00edna ki\u00e9p\u00edt\u00e9s\u00e9ben<\/strong>, a digit\u00e1lis infrastrukt\u00fara hat\u00e9kony \u00f6sszekapcsolhat\u00f3s\u00e1g\u00e1val, a digit\u00e1lis gazdas\u00e1g jelent\u0151s javul\u00e1s\u00e1val \u00e9s a digit\u00e1lis technol\u00f3giai innov\u00e1ci\u00f3ban el\u00e9rt \u00faj \u00e1tt\u00f6r\u00e9sekkel.\u00a0<\/p>\n\n\n\n<p>\u00a0Guo Ningning, Fujian tartom\u00e1ny korm\u00e1nyz\u00f3helyettese elmondta, hogy a digit\u00e1lis technol\u00f3gi\u00e1k sz\u00e9les k\u00f6r\u0171 alkalmaz\u00e1sra tal\u00e1lnak a tartom\u00e1ny k\u00fcl\u00f6nb\u00f6z\u0151 ipar\u00e1gaiban, hozz\u00e1t\u00e9ve, hogy <strong>Fujian digit\u00e1lis gazdas\u00e1g\u00e1nak hozz\u00e1adott \u00e9rt\u00e9ke 2022-ben meghaladja a 2,6 billi\u00f3 j\u00fcant,<\/strong> ami a tartom\u00e1ny GDP-j\u00e9nek k\u00f6zel 50 sz\u00e1zal\u00e9k\u00e1t teszi ki.\u00a0<\/p>\n\n\n\n<p>\u00a0K\u00edna decemberben 20 kulcsfontoss\u00e1g\u00fa int\u00e9zked\u00e9st mutatott be az adatok alaprendszereinek ki\u00e9p\u00edt\u00e9se \u00e9s az adatforr\u00e1sok jobb kihaszn\u00e1l\u00e1sa \u00e9rdek\u00e9ben. Az orsz\u00e1g alapvet\u0151 adatrendszerei magukban foglalj\u00e1k az adatok tulajdonjogi rendszer\u00e9nek, a forgalmi \u00e9s kereskedelmi rendszernek, a bev\u00e9telek eloszt\u00e1si rendszer\u00e9nek \u00e9s a biztons\u00e1gir\u00e1ny\u00edt\u00e1si rendszernek a l\u00e9trehoz\u00e1s\u00e1t.\u00a0<\/p>\n\n\n\n<p><strong><em>2023. \u00c1prilis 4.<\/em><\/strong><\/p>\n\n\n\n<p>(<strong> ChinaDaily<\/strong> )<\/p>\n","protected":false},"excerpt":{"rendered":"<p>K\u00edna fokozni fogja az alapvet\u0151 adatrendszerek ki\u00e9p\u00edt\u00e9s\u00e9re ir\u00e1nyul\u00f3 er\u0151fesz\u00edt\u00e9seket, m\u00e9rs\u00e9kelten proakt\u00edv megk\u00f6zel\u00edt\u00e9ssel t\u00e1mogatja a digit\u00e1lis infrastrukt\u00fara ki\u00e9p\u00edt\u00e9s\u00e9t, \u00e9s felgyors\u00edtja a v\u00e1llalkoz\u00e1sok digit\u00e1lis \u00e1talakul\u00e1s\u00e1t &#8211; k\u00f6z\u00f6lt\u00e9k h\u00e9tf\u0151n korm\u00e1nyzati tisztvisel\u0151k.&nbsp; &nbsp;Sun Wei, a Nemzeti Fejleszt\u00e9si \u00e9s Reformbizotts\u00e1g innov\u00e1ci\u00f3s \u00e9s cs\u00facstechnol\u00f3giai fejleszt\u00e9si oszt\u00e1ly\u00e1nak igazgat\u00f3helyettese elmondta, hogy gyors\u00edtott l\u00e9p\u00e9seket tesznek az adatelemek piaci rendszer\u00e9nek ki\u00e9p\u00edt\u00e9s\u00e9re, a szupergyors 5G technol\u00f3gia [&hellip;]<\/p>\n","protected":false},"author":8,"featured_media":17050,"comment_status":"closed","ping_status":"closed","sticky":false,"template":"","format":"standard","meta":{"footnotes":""},"categories":[62],"tags":[2269,1894,66],"class_list":["post-17048","post","type-post","status-publish","format-standard","has-post-thumbnail","hentry","category-informaciok","tag-digitalis-kinai-csucstalalkozo","tag-digitalizacio","tag-gazdasag"],"yoast_head":"<!-- This site is optimized with the Yoast SEO plugin v23.7 - https:\/\/yoast.com\/wordpress\/plugins\/seo\/ -->\n<title>K\u00edna a vil\u00e1g m\u00e1sodik legnagyobb digit\u00e1lis gazdas\u00e1ga, \u00e9s tov\u00e1bbi n\u00f6veked\u00e9st tervez - kinaikaleidoszkop.hu<\/title>\n<meta name=\"robots\" content=\"index, follow, max-snippet:-1, max-image-preview:large, max-video-preview:-1\" \/>\n<link rel=\"canonical\" href=\"https:\/\/kinaikaleidoszkop.hu\/index.php\/2023\/04\/05\/kina-a-vilag-masodik-legnagyobb-digitalis-gazdasaga-es-tovabbi-novekedest-tervez\/\" \/>\n<meta property=\"og:locale\" content=\"hu_HU\" \/>\n<meta property=\"og:type\" content=\"article\" \/>\n<meta property=\"og:title\" content=\"K\u00edna a vil\u00e1g m\u00e1sodik legnagyobb digit\u00e1lis gazdas\u00e1ga, \u00e9s tov\u00e1bbi n\u00f6veked\u00e9st tervez - kinaikaleidoszkop.hu\" \/>\n<meta property=\"og:description\" content=\"K\u00edna fokozni fogja az alapvet\u0151 adatrendszerek ki\u00e9p\u00edt\u00e9s\u00e9re ir\u00e1nyul\u00f3 er\u0151fesz\u00edt\u00e9seket, m\u00e9rs\u00e9kelten proakt\u00edv megk\u00f6zel\u00edt\u00e9ssel t\u00e1mogatja a digit\u00e1lis infrastrukt\u00fara ki\u00e9p\u00edt\u00e9s\u00e9t, \u00e9s felgyors\u00edtja a v\u00e1llalkoz\u00e1sok digit\u00e1lis \u00e1talakul\u00e1s\u00e1t &#8211; k\u00f6z\u00f6lt\u00e9k h\u00e9tf\u0151n korm\u00e1nyzati tisztvisel\u0151k.&nbsp; &nbsp;Sun Wei, a Nemzeti Fejleszt\u00e9si \u00e9s Reformbizotts\u00e1g innov\u00e1ci\u00f3s \u00e9s cs\u00facstechnol\u00f3giai fejleszt\u00e9si oszt\u00e1ly\u00e1nak igazgat\u00f3helyettese elmondta, hogy gyors\u00edtott l\u00e9p\u00e9seket tesznek az adatelemek piaci rendszer\u00e9nek ki\u00e9p\u00edt\u00e9s\u00e9re, a szupergyors 5G technol\u00f3gia [&hellip;]\" \/>\n<meta property=\"og:url\" content=\"https:\/\/kinaikaleidoszkop.hu\/index.php\/2023\/04\/05\/kina-a-vilag-masodik-legnagyobb-digitalis-gazdasaga-es-tovabbi-novekedest-tervez\/\" \/>\n<meta property=\"og:site_name\" content=\"kinaikaleidoszkop.hu\" \/>\n<meta property=\"article:published_time\" content=\"2023-04-05T07:30:00+00:00\" \/>\n<meta property=\"article:modified_time\" content=\"2023-04-04T12:07:28+00:00\" \/>\n<meta property=\"og:image\" content=\"https:\/\/kinaikaleidoszkop.hu\/wp-content\/uploads\/2023\/04\/pexels-negative-space-97077-scaled.jpg\" \/>\n\t<meta property=\"og:image:width\" content=\"2560\" \/>\n\t<meta property=\"og:image:height\" content=\"1707\" \/>\n\t<meta property=\"og:image:type\" content=\"image\/jpeg\" \/>\n<meta name=\"author\" content=\"szerk01\" \/>\n<meta name=\"twitter:card\" content=\"summary_large_image\" \/>\n<meta name=\"twitter:label1\" content=\"Szerz\u0151:\" \/>\n\t<meta name=\"twitter:data1\" content=\"szerk01\" \/>\n\t<meta name=\"twitter:label2\" content=\"Becs\u00fclt olvas\u00e1si id\u0151\" \/>\n\t<meta name=\"twitter:data2\" content=\"3 perc\" \/>\n<script type=\"application\/ld+json\" class=\"yoast-schema-graph\">{\"@context\":\"https:\/\/schema.org\",\"@graph\":[{\"@type\":\"WebPage\",\"@id\":\"https:\/\/kinaikaleidoszkop.hu\/index.php\/2023\/04\/05\/kina-a-vilag-masodik-legnagyobb-digitalis-gazdasaga-es-tovabbi-novekedest-tervez\/\",\"url\":\"https:\/\/kinaikaleidoszkop.hu\/index.php\/2023\/04\/05\/kina-a-vilag-masodik-legnagyobb-digitalis-gazdasaga-es-tovabbi-novekedest-tervez\/\",\"name\":\"K\u00edna a vil\u00e1g m\u00e1sodik legnagyobb digit\u00e1lis gazdas\u00e1ga, \u00e9s tov\u00e1bbi n\u00f6veked\u00e9st tervez - kinaikaleidoszkop.hu\",\"isPartOf\":{\"@id\":\"https:\/\/kinaikaleidoszkop.hu\/#website\"},\"primaryImageOfPage\":{\"@id\":\"https:\/\/kinaikaleidoszkop.hu\/index.php\/2023\/04\/05\/kina-a-vilag-masodik-legnagyobb-digitalis-gazdasaga-es-tovabbi-novekedest-tervez\/#primaryimage\"},\"image\":{\"@id\":\"https:\/\/kinaikaleidoszkop.hu\/index.php\/2023\/04\/05\/kina-a-vilag-masodik-legnagyobb-digitalis-gazdasaga-es-tovabbi-novekedest-tervez\/#primaryimage\"},\"thumbnailUrl\":\"https:\/\/kinaikaleidoszkop.hu\/wp-content\/uploads\/2023\/04\/pexels-negative-space-97077-scaled.jpg\",\"datePublished\":\"2023-04-05T07:30:00+00:00\",\"dateModified\":\"2023-04-04T12:07:28+00:00\",\"author\":{\"@id\":\"https:\/\/kinaikaleidoszkop.hu\/#\/schema\/person\/cf38b01b34e88459ab98b1c7c13b629d\"},\"breadcrumb\":{\"@id\":\"https:\/\/kinaikaleidoszkop.hu\/index.php\/2023\/04\/05\/kina-a-vilag-masodik-legnagyobb-digitalis-gazdasaga-es-tovabbi-novekedest-tervez\/#breadcrumb\"},\"inLanguage\":\"hu\",\"potentialAction\":[{\"@type\":\"ReadAction\",\"target\":[\"https:\/\/kinaikaleidoszkop.hu\/index.php\/2023\/04\/05\/kina-a-vilag-masodik-legnagyobb-digitalis-gazdasaga-es-tovabbi-novekedest-tervez\/\"]}]},{\"@type\":\"ImageObject\",\"inLanguage\":\"hu\",\"@id\":\"https:\/\/kinaikaleidoszkop.hu\/index.php\/2023\/04\/05\/kina-a-vilag-masodik-legnagyobb-digitalis-gazdasaga-es-tovabbi-novekedest-tervez\/#primaryimage\",\"url\":\"https:\/\/kinaikaleidoszkop.hu\/wp-content\/uploads\/2023\/04\/pexels-negative-space-97077-scaled.jpg\",\"contentUrl\":\"https:\/\/kinaikaleidoszkop.hu\/wp-content\/uploads\/2023\/04\/pexels-negative-space-97077-scaled.jpg\",\"width\":2560,\"height\":1707},{\"@type\":\"BreadcrumbList\",\"@id\":\"https:\/\/kinaikaleidoszkop.hu\/index.php\/2023\/04\/05\/kina-a-vilag-masodik-legnagyobb-digitalis-gazdasaga-es-tovabbi-novekedest-tervez\/#breadcrumb\",\"itemListElement\":[{\"@type\":\"ListItem\",\"position\":1,\"name\":\"Kezd\u0151lap\",\"item\":\"https:\/\/kinaikaleidoszkop.hu\/\"},{\"@type\":\"ListItem\",\"position\":2,\"name\":\"K\u00edna a vil\u00e1g m\u00e1sodik legnagyobb digit\u00e1lis gazdas\u00e1ga, \u00e9s tov\u00e1bbi n\u00f6veked\u00e9st tervez\"}]},{\"@type\":\"WebSite\",\"@id\":\"https:\/\/kinaikaleidoszkop.hu\/#website\",\"url\":\"https:\/\/kinaikaleidoszkop.hu\/\",\"name\":\"kinaikaleidoszkop.hu\",\"description\":\"\",\"potentialAction\":[{\"@type\":\"SearchAction\",\"target\":{\"@type\":\"EntryPoint\",\"urlTemplate\":\"https:\/\/kinaikaleidoszkop.hu\/?s={search_term_string}\"},\"query-input\":{\"@type\":\"PropertyValueSpecification\",\"valueRequired\":true,\"valueName\":\"search_term_string\"}}],\"inLanguage\":\"hu\"},{\"@type\":\"Person\",\"@id\":\"https:\/\/kinaikaleidoszkop.hu\/#\/schema\/person\/cf38b01b34e88459ab98b1c7c13b629d\",\"name\":\"szerk01\",\"image\":{\"@type\":\"ImageObject\",\"inLanguage\":\"hu\",\"@id\":\"https:\/\/kinaikaleidoszkop.hu\/#\/schema\/person\/image\/\",\"url\":\"https:\/\/secure.gravatar.com\/avatar\/7afb4741ac3b72a4d9d543b2bcdfe4b1b3ddc4fefd4ab8f732b518bc7528877c?s=96&d=mm&r=g\",\"contentUrl\":\"https:\/\/secure.gravatar.com\/avatar\/7afb4741ac3b72a4d9d543b2bcdfe4b1b3ddc4fefd4ab8f732b518bc7528877c?s=96&d=mm&r=g\",\"caption\":\"szerk01\"},\"url\":\"https:\/\/kinaikaleidoszkop.hu\/index.php\/author\/szerk01\/\"}]}<\/script>\n<!-- \/ Yoast SEO plugin. -->","yoast_head_json":{"title":"K\u00edna a vil\u00e1g m\u00e1sodik legnagyobb digit\u00e1lis gazdas\u00e1ga, \u00e9s tov\u00e1bbi n\u00f6veked\u00e9st tervez - kinaikaleidoszkop.hu","robots":{"index":"index","follow":"follow","max-snippet":"max-snippet:-1","max-image-preview":"max-image-preview:large","max-video-preview":"max-video-preview:-1"},"canonical":"https:\/\/kinaikaleidoszkop.hu\/index.php\/2023\/04\/05\/kina-a-vilag-masodik-legnagyobb-digitalis-gazdasaga-es-tovabbi-novekedest-tervez\/","og_locale":"hu_HU","og_type":"article","og_title":"K\u00edna a vil\u00e1g m\u00e1sodik legnagyobb digit\u00e1lis gazdas\u00e1ga, \u00e9s tov\u00e1bbi n\u00f6veked\u00e9st tervez - kinaikaleidoszkop.hu","og_description":"K\u00edna fokozni fogja az alapvet\u0151 adatrendszerek ki\u00e9p\u00edt\u00e9s\u00e9re ir\u00e1nyul\u00f3 er\u0151fesz\u00edt\u00e9seket, m\u00e9rs\u00e9kelten proakt\u00edv megk\u00f6zel\u00edt\u00e9ssel t\u00e1mogatja a digit\u00e1lis infrastrukt\u00fara ki\u00e9p\u00edt\u00e9s\u00e9t, \u00e9s felgyors\u00edtja a v\u00e1llalkoz\u00e1sok digit\u00e1lis \u00e1talakul\u00e1s\u00e1t &#8211; k\u00f6z\u00f6lt\u00e9k h\u00e9tf\u0151n korm\u00e1nyzati tisztvisel\u0151k.&nbsp; &nbsp;Sun Wei, a Nemzeti Fejleszt\u00e9si \u00e9s Reformbizotts\u00e1g innov\u00e1ci\u00f3s \u00e9s cs\u00facstechnol\u00f3giai fejleszt\u00e9si oszt\u00e1ly\u00e1nak igazgat\u00f3helyettese elmondta, hogy gyors\u00edtott l\u00e9p\u00e9seket tesznek az adatelemek piaci rendszer\u00e9nek ki\u00e9p\u00edt\u00e9s\u00e9re, a szupergyors 5G technol\u00f3gia [&hellip;]","og_url":"https:\/\/kinaikaleidoszkop.hu\/index.php\/2023\/04\/05\/kina-a-vilag-masodik-legnagyobb-digitalis-gazdasaga-es-tovabbi-novekedest-tervez\/","og_site_name":"kinaikaleidoszkop.hu","article_published_time":"2023-04-05T07:30:00+00:00","article_modified_time":"2023-04-04T12:07:28+00:00","og_image":[{"width":2560,"height":1707,"url":"https:\/\/kinaikaleidoszkop.hu\/wp-content\/uploads\/2023\/04\/pexels-negative-space-97077-scaled.jpg","type":"image\/jpeg"}],"author":"szerk01","twitter_card":"summary_large_image","twitter_misc":{"Szerz\u0151:":"szerk01","Becs\u00fclt olvas\u00e1si id\u0151":"3 perc"},"schema":{"@context":"https:\/\/schema.org","@graph":[{"@type":"WebPage","@id":"https:\/\/kinaikaleidoszkop.hu\/index.php\/2023\/04\/05\/kina-a-vilag-masodik-legnagyobb-digitalis-gazdasaga-es-tovabbi-novekedest-tervez\/","url":"https:\/\/kinaikaleidoszkop.hu\/index.php\/2023\/04\/05\/kina-a-vilag-masodik-legnagyobb-digitalis-gazdasaga-es-tovabbi-novekedest-tervez\/","name":"K\u00edna a vil\u00e1g m\u00e1sodik legnagyobb digit\u00e1lis gazdas\u00e1ga, \u00e9s tov\u00e1bbi n\u00f6veked\u00e9st tervez - kinaikaleidoszkop.hu","isPartOf":{"@id":"https:\/\/kinaikaleidoszkop.hu\/#website"},"primaryImageOfPage":{"@id":"https:\/\/kinaikaleidoszkop.hu\/index.php\/2023\/04\/05\/kina-a-vilag-masodik-legnagyobb-digitalis-gazdasaga-es-tovabbi-novekedest-tervez\/#primaryimage"},"image":{"@id":"https:\/\/kinaikaleidoszkop.hu\/index.php\/2023\/04\/05\/kina-a-vilag-masodik-legnagyobb-digitalis-gazdasaga-es-tovabbi-novekedest-tervez\/#primaryimage"},"thumbnailUrl":"https:\/\/kinaikaleidoszkop.hu\/wp-content\/uploads\/2023\/04\/pexels-negative-space-97077-scaled.jpg","datePublished":"2023-04-05T07:30:00+00:00","dateModified":"2023-04-04T12:07:28+00:00","author":{"@id":"https:\/\/kinaikaleidoszkop.hu\/#\/schema\/person\/cf38b01b34e88459ab98b1c7c13b629d"},"breadcrumb":{"@id":"https:\/\/kinaikaleidoszkop.hu\/index.php\/2023\/04\/05\/kina-a-vilag-masodik-legnagyobb-digitalis-gazdasaga-es-tovabbi-novekedest-tervez\/#breadcrumb"},"inLanguage":"hu","potentialAction":[{"@type":"ReadAction","target":["https:\/\/kinaikaleidoszkop.hu\/index.php\/2023\/04\/05\/kina-a-vilag-masodik-legnagyobb-digitalis-gazdasaga-es-tovabbi-novekedest-tervez\/"]}]},{"@type":"ImageObject","inLanguage":"hu","@id":"https:\/\/kinaikaleidoszkop.hu\/index.php\/2023\/04\/05\/kina-a-vilag-masodik-legnagyobb-digitalis-gazdasaga-es-tovabbi-novekedest-tervez\/#primaryimage","url":"https:\/\/kinaikaleidoszkop.hu\/wp-content\/uploads\/2023\/04\/pexels-negative-space-97077-scaled.jpg","contentUrl":"https:\/\/kinaikaleidoszkop.hu\/wp-content\/uploads\/2023\/04\/pexels-negative-space-97077-scaled.jpg","width":2560,"height":1707},{"@type":"BreadcrumbList","@id":"https:\/\/kinaikaleidoszkop.hu\/index.php\/2023\/04\/05\/kina-a-vilag-masodik-legnagyobb-digitalis-gazdasaga-es-tovabbi-novekedest-tervez\/#breadcrumb","itemListElement":[{"@type":"ListItem","position":1,"name":"Kezd\u0151lap","item":"https:\/\/kinaikaleidoszkop.hu\/"},{"@type":"ListItem","position":2,"name":"K\u00edna a vil\u00e1g m\u00e1sodik legnagyobb digit\u00e1lis gazdas\u00e1ga, \u00e9s tov\u00e1bbi n\u00f6veked\u00e9st tervez"}]},{"@type":"WebSite","@id":"https:\/\/kinaikaleidoszkop.hu\/#website","url":"https:\/\/kinaikaleidoszkop.hu\/","name":"kinaikaleidoszkop.hu","description":"","potentialAction":[{"@type":"SearchAction","target":{"@type":"EntryPoint","urlTemplate":"https:\/\/kinaikaleidoszkop.hu\/?s={search_term_string}"},"query-input":{"@type":"PropertyValueSpecification","valueRequired":true,"valueName":"search_term_string"}}],"inLanguage":"hu"},{"@type":"Person","@id":"https:\/\/kinaikaleidoszkop.hu\/#\/schema\/person\/cf38b01b34e88459ab98b1c7c13b629d","name":"szerk01","image":{"@type":"ImageObject","inLanguage":"hu","@id":"https:\/\/kinaikaleidoszkop.hu\/#\/schema\/person\/image\/","url":"https:\/\/secure.gravatar.com\/avatar\/7afb4741ac3b72a4d9d543b2bcdfe4b1b3ddc4fefd4ab8f732b518bc7528877c?s=96&d=mm&r=g","contentUrl":"https:\/\/secure.gravatar.com\/avatar\/7afb4741ac3b72a4d9d543b2bcdfe4b1b3ddc4fefd4ab8f732b518bc7528877c?s=96&d=mm&r=g","caption":"szerk01"},"url":"https:\/\/kinaikaleidoszkop.hu\/index.php\/author\/szerk01\/"}]}},"views":675,"distributor_meta":false,"distributor_terms":false,"distributor_media":false,"distributor_original_site_name":"kinaikaleidoszkop.hu","distributor_original_site_url":"https:\/\/kinaikaleidoszkop.hu","push-errors":false,"_links":{"self":[{"href":"https:\/\/kinaikaleidoszkop.hu\/index.php\/wp-json\/wp\/v2\/posts\/17048","targetHints":{"allow":["GET"]}}],"collection":[{"href":"https:\/\/kinaikaleidoszkop.hu\/index.php\/wp-json\/wp\/v2\/posts"}],"about":[{"href":"https:\/\/kinaikaleidoszkop.hu\/index.php\/wp-json\/wp\/v2\/types\/post"}],"author":[{"embeddable":true,"href":"https:\/\/kinaikaleidoszkop.hu\/index.php\/wp-json\/wp\/v2\/users\/8"}],"replies":[{"embeddable":true,"href":"https:\/\/kinaikaleidoszkop.hu\/index.php\/wp-json\/wp\/v2\/comments?post=17048"}],"version-history":[{"count":1,"href":"https:\/\/kinaikaleidoszkop.hu\/index.php\/wp-json\/wp\/v2\/posts\/17048\/revisions"}],"predecessor-version":[{"id":17051,"href":"https:\/\/kinaikaleidoszkop.hu\/index.php\/wp-json\/wp\/v2\/posts\/17048\/revisions\/17051"}],"wp:featuredmedia":[{"embeddable":true,"href":"https:\/\/kinaikaleidoszkop.hu\/index.php\/wp-json\/wp\/v2\/media\/17050"}],"wp:attachment":[{"href":"https:\/\/kinaikaleidoszkop.hu\/index.php\/wp-json\/wp\/v2\/media?parent=17048"}],"wp:term":[{"taxonomy":"category","embeddable":true,"href":"https:\/\/kinaikaleidoszkop.hu\/index.php\/wp-json\/wp\/v2\/categories?post=17048"},{"taxonomy":"post_tag","embeddable":true,"href":"https:\/\/kinaikaleidoszkop.hu\/index.php\/wp-json\/wp\/v2\/tags?post=17048"}],"curies":[{"name":"wp","href":"https:\/\/api.w.org\/{rel}","templated":true}]}}