{"id":17103,"date":"2023-04-11T13:00:22","date_gmt":"2023-04-11T11:00:22","guid":{"rendered":"https:\/\/kinaikaleidoszkop.hu\/?p=17103"},"modified":"2023-04-11T13:00:27","modified_gmt":"2023-04-11T11:00:27","slug":"cmg-kommentar-a-vilagnak-nincs-szuksege-egy-provokacios-demokraciacsucsra","status":"publish","type":"post","link":"https:\/\/kinaikaleidoszkop.hu\/index.php\/2023\/04\/11\/cmg-kommentar-a-vilagnak-nincs-szuksege-egy-provokacios-demokraciacsucsra\/","title":{"rendered":"CMG-komment\u00e1r: A vil\u00e1gnak nincs sz\u00fcks\u00e9ge egy provok\u00e1ci\u00f3s demokr\u00e1ciacs\u00facsra"},"content":{"rendered":"\n<p><strong>M\u00e1rcius 29-\u00e9n \u00e9s 30-\u00e1n volt a m\u00e1sodik Egyes\u00fclt \u00c1llamok \u00e1ltal szervezett \u201eSummit for Democracy\u201d, amelynek az els\u0151 tal\u00e1lkoz\u00f3ja ellen az amerikai t\u00fcntet\u0151k a \u201edemokr\u00e1cia temet\u00e9s\u00e9vel\u201d tiltakoztak.<\/strong><\/p>\n\n\n\n<figure class=\"wp-block-image size-full\"><img loading=\"lazy\" decoding=\"async\" width=\"720\" height=\"379\" src=\"https:\/\/kinaikaleidoszkop.hu\/wp-content\/uploads\/2023\/04\/640.jpg\" alt=\"\" class=\"wp-image-17105\" srcset=\"https:\/\/kinaikaleidoszkop.hu\/wp-content\/uploads\/2023\/04\/640.jpg 720w, https:\/\/kinaikaleidoszkop.hu\/wp-content\/uploads\/2023\/04\/640-300x158.jpg 300w\" sizes=\"auto, (max-width: 720px) 100vw, 720px\" \/><\/figure>\n\n\n\n<p>Mostan\u00e1ban az amerikai korm\u00e1ny a bels\u0151 \u00e9s k\u00fcls\u0151 ellenz\u00e9k\u00e9vel szemben \u00fajra politikai show-t tart. A rendezv\u00e9ny a demokr\u00e1cia jelmez\u00e9ben politikai sz\u00f6vets\u00e9get \u00e9s konfront\u00e1ci\u00f3t sz\u00e1nd\u00e9kozik v\u00e9grehajtani. Maga a \u201eSummit for Democracy\u201d tart\u00e1sa c\u00e1folja a demokr\u00e1cia szellem\u00e9t, nincs sz\u00fcks\u00e9g egy provok\u00e1ci\u00f3s demokr\u00e1ciacs\u00facsra a vil\u00e1gon.<\/p>\n\n\n\n<p>A 2021 december\u00e9ben tartott els\u0151 \u201eSummit for Democracy\u201d-t a nemzetk\u00f6zi k\u00f6z\u00f6ss\u00e9g sokat b\u00edr\u00e1lta. B\u00e1r m\u00e1sik n\u00e9gy orsz\u00e1ggal k\u00f6z\u00f6sen tartj\u00e1k a \u201ecs\u00facstal\u00e1lkoz\u00f3t\u201d, \u00e1m e kis tr\u00fckk\u00f6t mindenki ismeri, a rendezv\u00e9nyt val\u00f3j\u00e1ban mindig az Egyes\u00fclt \u00c1llamok vezet\u00e9s\u00e9vel tartj\u00e1k, \u00e9s a l\u00e9nyege az, hogy a demokr\u00e1cia nev\u00e9t kihaszn\u00e1lva az Egyes\u00fclt \u00c1llamok hegem\u00f3ni\u00e1t tartson fenn.<\/p>\n\n\n\n<p>Mindenki tudja, hogy az Egyes\u00fclt \u00c1llamok lehallgat\u00e1sban \u201enagyhatalom\u201d, a PRISM \u00e9s m\u00e1s k\u00e9mprogramokat az eg\u00e9sz vil\u00e1gban bevetett\u00e9k. Ennek ellen\u00e9re azt tervezt\u00e9k, hogy a \u201eSummit for Democracy\u201d idej\u00e9n t\u00e1rgyalnak a \u201edemokr\u00e1ci\u00e1t el\u0151seg\u00edt\u0151 technik\u00e1kr\u00f3l\u201d.<\/p>\n\n\n\n<p>Az Egyes\u00fclt \u00c1llamok \u00e9vek \u00f3ta export\u00e1l demokr\u00e1ci\u00e1t a vil\u00e1gba, sok orsz\u00e1gban \u00e9s ter\u00fcleten \u201esz\u00ednes forradalmakat\u201d ind\u00edtott, amelyek az adott helyeken zavarg\u00e1sokat okoztak.<\/p>\n\n\n\n<p>A demokr\u00e1cia az emberis\u00e9g k\u00f6z\u00f6s gondolata, az Egyes\u00fclt \u00c1llamoknak nincs joga azt kisaj\u00e1t\u00edtani, nem mondhatja meg, hogy mi a demokr\u00e1cia, vagy melyik orsz\u00e1g demokratikus orsz\u00e1g.<\/p>\n\n\n\n<p><strong>2023. 04. 11.<\/strong><\/p>\n\n\n\n<p><strong><em>(China Media Group)<\/em><\/strong><\/p>\n\n\n\n<p><strong>(x)<\/strong><\/p>\n","protected":false},"excerpt":{"rendered":"<p>M\u00e1rcius 29-\u00e9n \u00e9s 30-\u00e1n volt a m\u00e1sodik Egyes\u00fclt \u00c1llamok \u00e1ltal szervezett \u201eSummit for Democracy\u201d, amelynek az els\u0151 tal\u00e1lkoz\u00f3ja ellen az amerikai t\u00fcntet\u0151k a \u201edemokr\u00e1cia temet\u00e9s\u00e9vel\u201d tiltakoztak. Mostan\u00e1ban az amerikai korm\u00e1ny a bels\u0151 \u00e9s k\u00fcls\u0151 ellenz\u00e9k\u00e9vel szemben \u00fajra politikai show-t tart. A rendezv\u00e9ny a demokr\u00e1cia jelmez\u00e9ben politikai sz\u00f6vets\u00e9get \u00e9s konfront\u00e1ci\u00f3t sz\u00e1nd\u00e9kozik v\u00e9grehajtani. Maga a \u201eSummit for [&hellip;]<\/p>\n","protected":false},"author":6,"featured_media":17105,"comment_status":"closed","ping_status":"closed","sticky":false,"template":"","format":"standard","meta":{"footnotes":""},"categories":[45],"tags":[363,2293,2294],"class_list":["post-17103","post","type-post","status-publish","format-standard","has-post-thumbnail","hentry","category-hirek","tag-cmg","tag-cmg-kommentarja","tag-demokraciacsucs"],"yoast_head":"<!-- This site is optimized with the Yoast SEO plugin v23.7 - https:\/\/yoast.com\/wordpress\/plugins\/seo\/ -->\n<title>CMG-komment\u00e1r: A vil\u00e1gnak nincs sz\u00fcks\u00e9ge egy provok\u00e1ci\u00f3s demokr\u00e1ciacs\u00facsra - kinaikaleidoszkop.hu<\/title>\n<meta name=\"robots\" content=\"index, follow, max-snippet:-1, max-image-preview:large, max-video-preview:-1\" \/>\n<link rel=\"canonical\" href=\"https:\/\/kinaikaleidoszkop.hu\/index.php\/2023\/04\/11\/cmg-kommentar-a-vilagnak-nincs-szuksege-egy-provokacios-demokraciacsucsra\/\" \/>\n<meta property=\"og:locale\" content=\"hu_HU\" \/>\n<meta property=\"og:type\" content=\"article\" \/>\n<meta property=\"og:title\" content=\"CMG-komment\u00e1r: A vil\u00e1gnak nincs sz\u00fcks\u00e9ge egy provok\u00e1ci\u00f3s demokr\u00e1ciacs\u00facsra - kinaikaleidoszkop.hu\" \/>\n<meta property=\"og:description\" content=\"M\u00e1rcius 29-\u00e9n \u00e9s 30-\u00e1n volt a m\u00e1sodik Egyes\u00fclt \u00c1llamok \u00e1ltal szervezett \u201eSummit for Democracy\u201d, amelynek az els\u0151 tal\u00e1lkoz\u00f3ja ellen az amerikai t\u00fcntet\u0151k a \u201edemokr\u00e1cia temet\u00e9s\u00e9vel\u201d tiltakoztak. Mostan\u00e1ban az amerikai korm\u00e1ny a bels\u0151 \u00e9s k\u00fcls\u0151 ellenz\u00e9k\u00e9vel szemben \u00fajra politikai show-t tart. A rendezv\u00e9ny a demokr\u00e1cia jelmez\u00e9ben politikai sz\u00f6vets\u00e9get \u00e9s konfront\u00e1ci\u00f3t sz\u00e1nd\u00e9kozik v\u00e9grehajtani. Maga a \u201eSummit for [&hellip;]\" \/>\n<meta property=\"og:url\" content=\"https:\/\/kinaikaleidoszkop.hu\/index.php\/2023\/04\/11\/cmg-kommentar-a-vilagnak-nincs-szuksege-egy-provokacios-demokraciacsucsra\/\" \/>\n<meta property=\"og:site_name\" content=\"kinaikaleidoszkop.hu\" \/>\n<meta property=\"article:published_time\" content=\"2023-04-11T11:00:22+00:00\" \/>\n<meta property=\"article:modified_time\" content=\"2023-04-11T11:00:27+00:00\" \/>\n<meta property=\"og:image\" content=\"https:\/\/kinaikaleidoszkop.hu\/wp-content\/uploads\/2023\/04\/640.jpg\" \/>\n\t<meta property=\"og:image:width\" content=\"720\" \/>\n\t<meta property=\"og:image:height\" content=\"379\" \/>\n\t<meta property=\"og:image:type\" content=\"image\/jpeg\" \/>\n<meta name=\"author\" content=\"admin-sebi\" \/>\n<meta name=\"twitter:card\" content=\"summary_large_image\" \/>\n<meta name=\"twitter:label1\" content=\"Szerz\u0151:\" \/>\n\t<meta name=\"twitter:data1\" content=\"admin-sebi\" \/>\n\t<meta name=\"twitter:label2\" content=\"Becs\u00fclt olvas\u00e1si id\u0151\" \/>\n\t<meta name=\"twitter:data2\" content=\"2 perc\" \/>\n<script type=\"application\/ld+json\" class=\"yoast-schema-graph\">{\"@context\":\"https:\/\/schema.org\",\"@graph\":[{\"@type\":\"WebPage\",\"@id\":\"https:\/\/kinaikaleidoszkop.hu\/index.php\/2023\/04\/11\/cmg-kommentar-a-vilagnak-nincs-szuksege-egy-provokacios-demokraciacsucsra\/\",\"url\":\"https:\/\/kinaikaleidoszkop.hu\/index.php\/2023\/04\/11\/cmg-kommentar-a-vilagnak-nincs-szuksege-egy-provokacios-demokraciacsucsra\/\",\"name\":\"CMG-komment\u00e1r: A vil\u00e1gnak nincs sz\u00fcks\u00e9ge egy provok\u00e1ci\u00f3s demokr\u00e1ciacs\u00facsra - kinaikaleidoszkop.hu\",\"isPartOf\":{\"@id\":\"https:\/\/kinaikaleidoszkop.hu\/#website\"},\"primaryImageOfPage\":{\"@id\":\"https:\/\/kinaikaleidoszkop.hu\/index.php\/2023\/04\/11\/cmg-kommentar-a-vilagnak-nincs-szuksege-egy-provokacios-demokraciacsucsra\/#primaryimage\"},\"image\":{\"@id\":\"https:\/\/kinaikaleidoszkop.hu\/index.php\/2023\/04\/11\/cmg-kommentar-a-vilagnak-nincs-szuksege-egy-provokacios-demokraciacsucsra\/#primaryimage\"},\"thumbnailUrl\":\"https:\/\/kinaikaleidoszkop.hu\/wp-content\/uploads\/2023\/04\/640.jpg\",\"datePublished\":\"2023-04-11T11:00:22+00:00\",\"dateModified\":\"2023-04-11T11:00:27+00:00\",\"author\":{\"@id\":\"https:\/\/kinaikaleidoszkop.hu\/#\/schema\/person\/fd215d3a8bab54daeb796ae166f99ea5\"},\"breadcrumb\":{\"@id\":\"https:\/\/kinaikaleidoszkop.hu\/index.php\/2023\/04\/11\/cmg-kommentar-a-vilagnak-nincs-szuksege-egy-provokacios-demokraciacsucsra\/#breadcrumb\"},\"inLanguage\":\"hu\",\"potentialAction\":[{\"@type\":\"ReadAction\",\"target\":[\"https:\/\/kinaikaleidoszkop.hu\/index.php\/2023\/04\/11\/cmg-kommentar-a-vilagnak-nincs-szuksege-egy-provokacios-demokraciacsucsra\/\"]}]},{\"@type\":\"ImageObject\",\"inLanguage\":\"hu\",\"@id\":\"https:\/\/kinaikaleidoszkop.hu\/index.php\/2023\/04\/11\/cmg-kommentar-a-vilagnak-nincs-szuksege-egy-provokacios-demokraciacsucsra\/#primaryimage\",\"url\":\"https:\/\/kinaikaleidoszkop.hu\/wp-content\/uploads\/2023\/04\/640.jpg\",\"contentUrl\":\"https:\/\/kinaikaleidoszkop.hu\/wp-content\/uploads\/2023\/04\/640.jpg\",\"width\":720,\"height\":379},{\"@type\":\"BreadcrumbList\",\"@id\":\"https:\/\/kinaikaleidoszkop.hu\/index.php\/2023\/04\/11\/cmg-kommentar-a-vilagnak-nincs-szuksege-egy-provokacios-demokraciacsucsra\/#breadcrumb\",\"itemListElement\":[{\"@type\":\"ListItem\",\"position\":1,\"name\":\"Kezd\u0151lap\",\"item\":\"https:\/\/kinaikaleidoszkop.hu\/\"},{\"@type\":\"ListItem\",\"position\":2,\"name\":\"CMG-komment\u00e1r: A vil\u00e1gnak nincs sz\u00fcks\u00e9ge egy provok\u00e1ci\u00f3s demokr\u00e1ciacs\u00facsra\"}]},{\"@type\":\"WebSite\",\"@id\":\"https:\/\/kinaikaleidoszkop.hu\/#website\",\"url\":\"https:\/\/kinaikaleidoszkop.hu\/\",\"name\":\"kinaikaleidoszkop.hu\",\"description\":\"\",\"potentialAction\":[{\"@type\":\"SearchAction\",\"target\":{\"@type\":\"EntryPoint\",\"urlTemplate\":\"https:\/\/kinaikaleidoszkop.hu\/?s={search_term_string}\"},\"query-input\":{\"@type\":\"PropertyValueSpecification\",\"valueRequired\":true,\"valueName\":\"search_term_string\"}}],\"inLanguage\":\"hu\"},{\"@type\":\"Person\",\"@id\":\"https:\/\/kinaikaleidoszkop.hu\/#\/schema\/person\/fd215d3a8bab54daeb796ae166f99ea5\",\"name\":\"admin-sebi\",\"image\":{\"@type\":\"ImageObject\",\"inLanguage\":\"hu\",\"@id\":\"https:\/\/kinaikaleidoszkop.hu\/#\/schema\/person\/image\/\",\"url\":\"https:\/\/secure.gravatar.com\/avatar\/b1498042bc4969020b4951f204f963e97c3d7d199f3790c1071adf67c61d0aa5?s=96&d=mm&r=g\",\"contentUrl\":\"https:\/\/secure.gravatar.com\/avatar\/b1498042bc4969020b4951f204f963e97c3d7d199f3790c1071adf67c61d0aa5?s=96&d=mm&r=g\",\"caption\":\"admin-sebi\"},\"url\":\"https:\/\/kinaikaleidoszkop.hu\/index.php\/author\/admin-sebi\/\"}]}<\/script>\n<!-- \/ Yoast SEO plugin. -->","yoast_head_json":{"title":"CMG-komment\u00e1r: A vil\u00e1gnak nincs sz\u00fcks\u00e9ge egy provok\u00e1ci\u00f3s demokr\u00e1ciacs\u00facsra - kinaikaleidoszkop.hu","robots":{"index":"index","follow":"follow","max-snippet":"max-snippet:-1","max-image-preview":"max-image-preview:large","max-video-preview":"max-video-preview:-1"},"canonical":"https:\/\/kinaikaleidoszkop.hu\/index.php\/2023\/04\/11\/cmg-kommentar-a-vilagnak-nincs-szuksege-egy-provokacios-demokraciacsucsra\/","og_locale":"hu_HU","og_type":"article","og_title":"CMG-komment\u00e1r: A vil\u00e1gnak nincs sz\u00fcks\u00e9ge egy provok\u00e1ci\u00f3s demokr\u00e1ciacs\u00facsra - kinaikaleidoszkop.hu","og_description":"M\u00e1rcius 29-\u00e9n \u00e9s 30-\u00e1n volt a m\u00e1sodik Egyes\u00fclt \u00c1llamok \u00e1ltal szervezett \u201eSummit for Democracy\u201d, amelynek az els\u0151 tal\u00e1lkoz\u00f3ja ellen az amerikai t\u00fcntet\u0151k a \u201edemokr\u00e1cia temet\u00e9s\u00e9vel\u201d tiltakoztak. Mostan\u00e1ban az amerikai korm\u00e1ny a bels\u0151 \u00e9s k\u00fcls\u0151 ellenz\u00e9k\u00e9vel szemben \u00fajra politikai show-t tart. A rendezv\u00e9ny a demokr\u00e1cia jelmez\u00e9ben politikai sz\u00f6vets\u00e9get \u00e9s konfront\u00e1ci\u00f3t sz\u00e1nd\u00e9kozik v\u00e9grehajtani. Maga a \u201eSummit for [&hellip;]","og_url":"https:\/\/kinaikaleidoszkop.hu\/index.php\/2023\/04\/11\/cmg-kommentar-a-vilagnak-nincs-szuksege-egy-provokacios-demokraciacsucsra\/","og_site_name":"kinaikaleidoszkop.hu","article_published_time":"2023-04-11T11:00:22+00:00","article_modified_time":"2023-04-11T11:00:27+00:00","og_image":[{"width":720,"height":379,"url":"https:\/\/kinaikaleidoszkop.hu\/wp-content\/uploads\/2023\/04\/640.jpg","type":"image\/jpeg"}],"author":"admin-sebi","twitter_card":"summary_large_image","twitter_misc":{"Szerz\u0151:":"admin-sebi","Becs\u00fclt olvas\u00e1si id\u0151":"2 perc"},"schema":{"@context":"https:\/\/schema.org","@graph":[{"@type":"WebPage","@id":"https:\/\/kinaikaleidoszkop.hu\/index.php\/2023\/04\/11\/cmg-kommentar-a-vilagnak-nincs-szuksege-egy-provokacios-demokraciacsucsra\/","url":"https:\/\/kinaikaleidoszkop.hu\/index.php\/2023\/04\/11\/cmg-kommentar-a-vilagnak-nincs-szuksege-egy-provokacios-demokraciacsucsra\/","name":"CMG-komment\u00e1r: A vil\u00e1gnak nincs sz\u00fcks\u00e9ge egy provok\u00e1ci\u00f3s demokr\u00e1ciacs\u00facsra - kinaikaleidoszkop.hu","isPartOf":{"@id":"https:\/\/kinaikaleidoszkop.hu\/#website"},"primaryImageOfPage":{"@id":"https:\/\/kinaikaleidoszkop.hu\/index.php\/2023\/04\/11\/cmg-kommentar-a-vilagnak-nincs-szuksege-egy-provokacios-demokraciacsucsra\/#primaryimage"},"image":{"@id":"https:\/\/kinaikaleidoszkop.hu\/index.php\/2023\/04\/11\/cmg-kommentar-a-vilagnak-nincs-szuksege-egy-provokacios-demokraciacsucsra\/#primaryimage"},"thumbnailUrl":"https:\/\/kinaikaleidoszkop.hu\/wp-content\/uploads\/2023\/04\/640.jpg","datePublished":"2023-04-11T11:00:22+00:00","dateModified":"2023-04-11T11:00:27+00:00","author":{"@id":"https:\/\/kinaikaleidoszkop.hu\/#\/schema\/person\/fd215d3a8bab54daeb796ae166f99ea5"},"breadcrumb":{"@id":"https:\/\/kinaikaleidoszkop.hu\/index.php\/2023\/04\/11\/cmg-kommentar-a-vilagnak-nincs-szuksege-egy-provokacios-demokraciacsucsra\/#breadcrumb"},"inLanguage":"hu","potentialAction":[{"@type":"ReadAction","target":["https:\/\/kinaikaleidoszkop.hu\/index.php\/2023\/04\/11\/cmg-kommentar-a-vilagnak-nincs-szuksege-egy-provokacios-demokraciacsucsra\/"]}]},{"@type":"ImageObject","inLanguage":"hu","@id":"https:\/\/kinaikaleidoszkop.hu\/index.php\/2023\/04\/11\/cmg-kommentar-a-vilagnak-nincs-szuksege-egy-provokacios-demokraciacsucsra\/#primaryimage","url":"https:\/\/kinaikaleidoszkop.hu\/wp-content\/uploads\/2023\/04\/640.jpg","contentUrl":"https:\/\/kinaikaleidoszkop.hu\/wp-content\/uploads\/2023\/04\/640.jpg","width":720,"height":379},{"@type":"BreadcrumbList","@id":"https:\/\/kinaikaleidoszkop.hu\/index.php\/2023\/04\/11\/cmg-kommentar-a-vilagnak-nincs-szuksege-egy-provokacios-demokraciacsucsra\/#breadcrumb","itemListElement":[{"@type":"ListItem","position":1,"name":"Kezd\u0151lap","item":"https:\/\/kinaikaleidoszkop.hu\/"},{"@type":"ListItem","position":2,"name":"CMG-komment\u00e1r: A vil\u00e1gnak nincs sz\u00fcks\u00e9ge egy provok\u00e1ci\u00f3s demokr\u00e1ciacs\u00facsra"}]},{"@type":"WebSite","@id":"https:\/\/kinaikaleidoszkop.hu\/#website","url":"https:\/\/kinaikaleidoszkop.hu\/","name":"kinaikaleidoszkop.hu","description":"","potentialAction":[{"@type":"SearchAction","target":{"@type":"EntryPoint","urlTemplate":"https:\/\/kinaikaleidoszkop.hu\/?s={search_term_string}"},"query-input":{"@type":"PropertyValueSpecification","valueRequired":true,"valueName":"search_term_string"}}],"inLanguage":"hu"},{"@type":"Person","@id":"https:\/\/kinaikaleidoszkop.hu\/#\/schema\/person\/fd215d3a8bab54daeb796ae166f99ea5","name":"admin-sebi","image":{"@type":"ImageObject","inLanguage":"hu","@id":"https:\/\/kinaikaleidoszkop.hu\/#\/schema\/person\/image\/","url":"https:\/\/secure.gravatar.com\/avatar\/b1498042bc4969020b4951f204f963e97c3d7d199f3790c1071adf67c61d0aa5?s=96&d=mm&r=g","contentUrl":"https:\/\/secure.gravatar.com\/avatar\/b1498042bc4969020b4951f204f963e97c3d7d199f3790c1071adf67c61d0aa5?s=96&d=mm&r=g","caption":"admin-sebi"},"url":"https:\/\/kinaikaleidoszkop.hu\/index.php\/author\/admin-sebi\/"}]}},"views":272,"distributor_meta":false,"distributor_terms":false,"distributor_media":false,"distributor_original_site_name":"kinaikaleidoszkop.hu","distributor_original_site_url":"https:\/\/kinaikaleidoszkop.hu","push-errors":false,"_links":{"self":[{"href":"https:\/\/kinaikaleidoszkop.hu\/index.php\/wp-json\/wp\/v2\/posts\/17103","targetHints":{"allow":["GET"]}}],"collection":[{"href":"https:\/\/kinaikaleidoszkop.hu\/index.php\/wp-json\/wp\/v2\/posts"}],"about":[{"href":"https:\/\/kinaikaleidoszkop.hu\/index.php\/wp-json\/wp\/v2\/types\/post"}],"author":[{"embeddable":true,"href":"https:\/\/kinaikaleidoszkop.hu\/index.php\/wp-json\/wp\/v2\/users\/6"}],"replies":[{"embeddable":true,"href":"https:\/\/kinaikaleidoszkop.hu\/index.php\/wp-json\/wp\/v2\/comments?post=17103"}],"version-history":[{"count":1,"href":"https:\/\/kinaikaleidoszkop.hu\/index.php\/wp-json\/wp\/v2\/posts\/17103\/revisions"}],"predecessor-version":[{"id":17106,"href":"https:\/\/kinaikaleidoszkop.hu\/index.php\/wp-json\/wp\/v2\/posts\/17103\/revisions\/17106"}],"wp:featuredmedia":[{"embeddable":true,"href":"https:\/\/kinaikaleidoszkop.hu\/index.php\/wp-json\/wp\/v2\/media\/17105"}],"wp:attachment":[{"href":"https:\/\/kinaikaleidoszkop.hu\/index.php\/wp-json\/wp\/v2\/media?parent=17103"}],"wp:term":[{"taxonomy":"category","embeddable":true,"href":"https:\/\/kinaikaleidoszkop.hu\/index.php\/wp-json\/wp\/v2\/categories?post=17103"},{"taxonomy":"post_tag","embeddable":true,"href":"https:\/\/kinaikaleidoszkop.hu\/index.php\/wp-json\/wp\/v2\/tags?post=17103"}],"curies":[{"name":"wp","href":"https:\/\/api.w.org\/{rel}","templated":true}]}}