{"id":17108,"date":"2023-04-12T10:05:36","date_gmt":"2023-04-12T08:05:36","guid":{"rendered":"https:\/\/kinaikaleidoszkop.hu\/?p=17108"},"modified":"2023-04-12T10:05:42","modified_gmt":"2023-04-12T08:05:42","slug":"caj-jing-ven-amerikai-latogatasa-egy-politikai-show-amelyben-az-egyesult-allamok-es-tajvan-osszejatszik-2","status":"publish","type":"post","link":"https:\/\/kinaikaleidoszkop.hu\/index.php\/2023\/04\/12\/caj-jing-ven-amerikai-latogatasa-egy-politikai-show-amelyben-az-egyesult-allamok-es-tajvan-osszejatszik-2\/","title":{"rendered":"Caj Jing-ven amerikai l\u00e1togat\u00e1sa egy politikai show, amelyben az Egyes\u00fclt \u00c1llamok \u00e9s Tajvan \u00f6sszej\u00e1tszik"},"content":{"rendered":"\n<p><strong>Cs\u00fct\u00f6rt\u00f6k\u00f6n az Egyes\u00fclt \u00c1llamokban tett l\u00e1togat\u00e1sa sor\u00e1n Caj Jing-ven tal\u00e1lkozott Kevin McCarthyval, az Egyes\u00fclt \u00c1llamok k\u00e9pvisle\u0151h\u00e1z\u00e1nak eln\u00f6k\u00e9vel. Ez az Egyes\u00fclt \u00c1llamok \u00e9s Tajvan k\u00f6z\u00f6tti \u201c\u00f6sszej\u00e1tsz\u00e1s\u201d \u00fajabb politikai incidense Nancy Pelosi tavalyi tajvani l\u00e1togat\u00e1sa ut\u00e1n.<\/strong><\/p>\n\n\n\n<p>A&nbsp; l\u00e9p\u00e9s s\u00falyosan s\u00e9rti az \u201cegy K\u00edna\u201d elv\u00e9t \u00e9s a h\u00e1rom k\u00ednai-amerikai k\u00f6z\u00f6s k\u00f6zlem\u00e9nyben foglaltakat, s\u00falyosan s\u00e9rti K\u00edna szuverenit\u00e1s\u00e1t \u00e9s ter\u00fcleti integrit\u00e1s\u00e1t, \u00e9s a Tajvani-szorosban tapasztalhat\u00f3 fesz\u00fclts\u00e9g fokoz\u00f3d\u00e1s\u00e1nak egyik meghat\u00e1roz\u00f3 oka.<\/p>\n\n\n\n<p>A tajvani k\u00e9rd\u00e9s K\u00edna alapvet\u0151 \u00e9rdekeit \u00e9rint\u0151 alapk\u00e9rd\u00e9s, a k\u00ednai-amerikai kapcsolatok politikai b\u00e1zisa, \u00e9s a k\u00ednai-amerikai kapcsolatok els\u0151 \u00e1thidalhatatlan v\u00f6r\u00f6s vonala. A tajvani k\u00e9rd\u00e9s megfelel\u0151 kezel\u00e9s\u00e9ben a legfontosabb az \u201cegy K\u00edna\u201d elv\u00e9hez t\u00f6rt\u00e9n\u0151 ragaszkod\u00e1s. Jelenleg a vil\u00e1g 182 orsz\u00e1ga, k\u00f6zt\u00fck az Egyes\u00fclt \u00c1llamok is ezen elv alapj\u00e1n diplom\u00e1ciai kapcsolatban \u00e1ll a K\u00ednai N\u00e9pk\u00f6zt\u00e1rsas\u00e1ggal. Az Egyes\u00fclt \u00c1llamok tettei \u00e9s nyilatkozatai azonban ism\u00e9telten szembeker\u00fcltek egym\u00e1ssal, folyamatosan al\u00e1\u00e1sva az \u201cegy K\u00edna\u201d elv\u00e9t.<\/p>\n\n\n\n<figure class=\"wp-block-image size-full\"><img loading=\"lazy\" decoding=\"async\" width=\"600\" height=\"400\" src=\"https:\/\/kinaikaleidoszkop.hu\/wp-content\/uploads\/2023\/04\/0406Caj-Ying-ven.jpg\" alt=\"\" class=\"wp-image-17110\" srcset=\"https:\/\/kinaikaleidoszkop.hu\/wp-content\/uploads\/2023\/04\/0406Caj-Ying-ven.jpg 600w, https:\/\/kinaikaleidoszkop.hu\/wp-content\/uploads\/2023\/04\/0406Caj-Ying-ven-300x200.jpg 300w, https:\/\/kinaikaleidoszkop.hu\/wp-content\/uploads\/2023\/04\/0406Caj-Ying-ven-414x276.jpg 414w, https:\/\/kinaikaleidoszkop.hu\/wp-content\/uploads\/2023\/04\/0406Caj-Ying-ven-470x313.jpg 470w, https:\/\/kinaikaleidoszkop.hu\/wp-content\/uploads\/2023\/04\/0406Caj-Ying-ven-130x86.jpg 130w, https:\/\/kinaikaleidoszkop.hu\/wp-content\/uploads\/2023\/04\/0406Caj-Ying-ven-187x124.jpg 187w\" sizes=\"auto, (max-width: 600px) 100vw, 600px\" \/><figcaption class=\"wp-element-caption\">Fot\u00f3 forr\u00e1sa: cfp.cn<\/figcaption><\/figure>\n\n\n\n<p>Val\u00f3j\u00e1ban a tal\u00e1lkoz\u00f3 m\u00f6g\u00f6tt mindk\u00e9t f\u00e9l saj\u00e1t politikai \u00e9rdekei h\u00faz\u00f3dnak meg. Jelenleg a \u201eK\u00edna-k\u00e9rd\u00e9s\u201d a k\u00e9t p\u00e1rt k\u00f6z\u00f6tti politikai harc eszk\u00f6z\u00e9v\u00e9 v\u00e1lt az Egyes\u00fclt \u00c1llamokban. A Republik\u00e1nus P\u00e1rt k\u00e9pviselet\u00e9ben Kevin McCarthy politikai haszonszerz\u00e9sre k\u00edv\u00e1nja felhaszn\u00e1lni Tajvant, \u00e9s a demokrata korm\u00e1nyra akar nyom\u00e1st gyakorolni.<\/p>\n\n\n\n<p>A tajvani hat\u00f3s\u00e1gok szemsz\u00f6g\u00e9b\u0151l Caj Jing-ven amerikai l\u00e1togat\u00e1s\u00e1val egyr\u00e9szt meg akarja ragadni az alkalmat, hogy fokozza a Demokratikus Progressz\u00edv P\u00e1rt (DPP) n\u00e9pszer\u0171s\u00e9g\u00e9t, m\u00e1sr\u00e9szt \u00fagynevezett k\u00fcls\u0151 biztons\u00e1gi garanci\u00e1kat keres, hogy meger\u0151s\u00edtse \u201eTajvan f\u00fcggetlens\u00e9g\u00e9t\u201d.<\/p>\n\n\n\n<p>L\u00e1that\u00f3, hogy McCarthy \u00e9s Caj tal\u00e1lkoz\u00e1sa ink\u00e1bb egy k\u00f6lcs\u00f6n\u00f6s hasznot rem\u00e9l\u0151 politikai show. Washington \u00fagy tekint Tajvanra, mint az amerikai fegyverkeresked\u0151k \u201ep\u00e9nzautomat\u00e1j\u00e1ra\u201d, \u00e9s \u201eb\u00e1bnak\u201d tekinti a sz\u00e1razf\u00f6ldi K\u00edna fejl\u0151d\u00e9s\u00e9nek \u00e9s halad\u00e1s\u00e1nak megf\u00e9kez\u00e9s\u00e9hez. Mindez nem a tajvani n\u00e9p \u00e9rdekeit szolg\u00e1lja.<\/p>\n\n\n\n<p>Tajvan \u201cK\u00edna Tajvanja\u201d, \u00e9s a tajvani k\u00e9rd\u00e9s megold\u00e1sa a k\u00ednaiak dolga. K\u00edna hat\u00e1rozottan ellenzi az Egyes\u00fclt \u00c1llamok \u00e9s Tajvan k\u00f6z\u00f6tti \u00f6sszej\u00e1tsz\u00e1st, egy\u00fattal int\u00e9zked\u00e9seket fog tenni a hat\u00e1rozott v\u00e1laszl\u00e9p\u00e9sre.<\/p>\n\n\n\n<p><strong>2023. 04. 12.<\/strong><\/p>\n\n\n\n<p><strong><em>(China Media Group)<\/em><\/strong><\/p>\n\n\n\n<p><strong>(x)<\/strong><\/p>\n","protected":false},"excerpt":{"rendered":"<p>Cs\u00fct\u00f6rt\u00f6k\u00f6n az Egyes\u00fclt \u00c1llamokban tett l\u00e1togat\u00e1sa sor\u00e1n Caj Jing-ven tal\u00e1lkozott Kevin McCarthyval, az Egyes\u00fclt \u00c1llamok k\u00e9pvisle\u0151h\u00e1z\u00e1nak eln\u00f6k\u00e9vel. Ez az Egyes\u00fclt \u00c1llamok \u00e9s Tajvan k\u00f6z\u00f6tti \u201c\u00f6sszej\u00e1tsz\u00e1s\u201d \u00fajabb politikai incidense Nancy Pelosi tavalyi tajvani l\u00e1togat\u00e1sa ut\u00e1n. A&nbsp; l\u00e9p\u00e9s s\u00falyosan s\u00e9rti az \u201cegy K\u00edna\u201d elv\u00e9t \u00e9s a h\u00e1rom k\u00ednai-amerikai k\u00f6z\u00f6s k\u00f6zlem\u00e9nyben foglaltakat, s\u00falyosan s\u00e9rti K\u00edna szuverenit\u00e1s\u00e1t \u00e9s ter\u00fcleti [&hellip;]<\/p>\n","protected":false},"author":6,"featured_media":17110,"comment_status":"closed","ping_status":"closed","sticky":false,"template":"","format":"standard","meta":{"footnotes":""},"categories":[45],"tags":[2284,131,172],"class_list":["post-17108","post","type-post","status-publish","format-standard","has-post-thumbnail","hentry","category-hirek","tag-caj-jing-ven","tag-egyesult-allamok","tag-tajvan"],"yoast_head":"<!-- This site is optimized with the Yoast SEO plugin v23.7 - https:\/\/yoast.com\/wordpress\/plugins\/seo\/ -->\n<title>Caj Jing-ven amerikai l\u00e1togat\u00e1sa egy politikai show, amelyben az Egyes\u00fclt \u00c1llamok \u00e9s Tajvan \u00f6sszej\u00e1tszik - kinaikaleidoszkop.hu<\/title>\n<meta name=\"robots\" content=\"index, follow, max-snippet:-1, max-image-preview:large, max-video-preview:-1\" \/>\n<link rel=\"canonical\" href=\"https:\/\/kinaikaleidoszkop.hu\/index.php\/2023\/04\/12\/caj-jing-ven-amerikai-latogatasa-egy-politikai-show-amelyben-az-egyesult-allamok-es-tajvan-osszejatszik-2\/\" \/>\n<meta property=\"og:locale\" content=\"hu_HU\" \/>\n<meta property=\"og:type\" content=\"article\" \/>\n<meta property=\"og:title\" content=\"Caj Jing-ven amerikai l\u00e1togat\u00e1sa egy politikai show, amelyben az Egyes\u00fclt \u00c1llamok \u00e9s Tajvan \u00f6sszej\u00e1tszik - kinaikaleidoszkop.hu\" \/>\n<meta property=\"og:description\" content=\"Cs\u00fct\u00f6rt\u00f6k\u00f6n az Egyes\u00fclt \u00c1llamokban tett l\u00e1togat\u00e1sa sor\u00e1n Caj Jing-ven tal\u00e1lkozott Kevin McCarthyval, az Egyes\u00fclt \u00c1llamok k\u00e9pvisle\u0151h\u00e1z\u00e1nak eln\u00f6k\u00e9vel. Ez az Egyes\u00fclt \u00c1llamok \u00e9s Tajvan k\u00f6z\u00f6tti \u201c\u00f6sszej\u00e1tsz\u00e1s\u201d \u00fajabb politikai incidense Nancy Pelosi tavalyi tajvani l\u00e1togat\u00e1sa ut\u00e1n. A&nbsp; l\u00e9p\u00e9s s\u00falyosan s\u00e9rti az \u201cegy K\u00edna\u201d elv\u00e9t \u00e9s a h\u00e1rom k\u00ednai-amerikai k\u00f6z\u00f6s k\u00f6zlem\u00e9nyben foglaltakat, s\u00falyosan s\u00e9rti K\u00edna szuverenit\u00e1s\u00e1t \u00e9s ter\u00fcleti [&hellip;]\" \/>\n<meta property=\"og:url\" content=\"https:\/\/kinaikaleidoszkop.hu\/index.php\/2023\/04\/12\/caj-jing-ven-amerikai-latogatasa-egy-politikai-show-amelyben-az-egyesult-allamok-es-tajvan-osszejatszik-2\/\" \/>\n<meta property=\"og:site_name\" content=\"kinaikaleidoszkop.hu\" \/>\n<meta property=\"article:published_time\" content=\"2023-04-12T08:05:36+00:00\" \/>\n<meta property=\"article:modified_time\" content=\"2023-04-12T08:05:42+00:00\" \/>\n<meta property=\"og:image\" content=\"https:\/\/kinaikaleidoszkop.hu\/wp-content\/uploads\/2023\/04\/0406Caj-Ying-ven.jpg\" \/>\n\t<meta property=\"og:image:width\" content=\"600\" \/>\n\t<meta property=\"og:image:height\" content=\"400\" \/>\n\t<meta property=\"og:image:type\" content=\"image\/jpeg\" \/>\n<meta name=\"author\" content=\"admin-sebi\" \/>\n<meta name=\"twitter:card\" content=\"summary_large_image\" \/>\n<meta name=\"twitter:label1\" content=\"Szerz\u0151:\" \/>\n\t<meta name=\"twitter:data1\" content=\"admin-sebi\" \/>\n\t<meta name=\"twitter:label2\" content=\"Becs\u00fclt olvas\u00e1si id\u0151\" \/>\n\t<meta name=\"twitter:data2\" content=\"2 perc\" \/>\n<script type=\"application\/ld+json\" class=\"yoast-schema-graph\">{\"@context\":\"https:\/\/schema.org\",\"@graph\":[{\"@type\":\"WebPage\",\"@id\":\"https:\/\/kinaikaleidoszkop.hu\/index.php\/2023\/04\/12\/caj-jing-ven-amerikai-latogatasa-egy-politikai-show-amelyben-az-egyesult-allamok-es-tajvan-osszejatszik-2\/\",\"url\":\"https:\/\/kinaikaleidoszkop.hu\/index.php\/2023\/04\/12\/caj-jing-ven-amerikai-latogatasa-egy-politikai-show-amelyben-az-egyesult-allamok-es-tajvan-osszejatszik-2\/\",\"name\":\"Caj Jing-ven amerikai l\u00e1togat\u00e1sa egy politikai show, amelyben az Egyes\u00fclt \u00c1llamok \u00e9s Tajvan \u00f6sszej\u00e1tszik - kinaikaleidoszkop.hu\",\"isPartOf\":{\"@id\":\"https:\/\/kinaikaleidoszkop.hu\/#website\"},\"primaryImageOfPage\":{\"@id\":\"https:\/\/kinaikaleidoszkop.hu\/index.php\/2023\/04\/12\/caj-jing-ven-amerikai-latogatasa-egy-politikai-show-amelyben-az-egyesult-allamok-es-tajvan-osszejatszik-2\/#primaryimage\"},\"image\":{\"@id\":\"https:\/\/kinaikaleidoszkop.hu\/index.php\/2023\/04\/12\/caj-jing-ven-amerikai-latogatasa-egy-politikai-show-amelyben-az-egyesult-allamok-es-tajvan-osszejatszik-2\/#primaryimage\"},\"thumbnailUrl\":\"https:\/\/kinaikaleidoszkop.hu\/wp-content\/uploads\/2023\/04\/0406Caj-Ying-ven.jpg\",\"datePublished\":\"2023-04-12T08:05:36+00:00\",\"dateModified\":\"2023-04-12T08:05:42+00:00\",\"author\":{\"@id\":\"https:\/\/kinaikaleidoszkop.hu\/#\/schema\/person\/fd215d3a8bab54daeb796ae166f99ea5\"},\"breadcrumb\":{\"@id\":\"https:\/\/kinaikaleidoszkop.hu\/index.php\/2023\/04\/12\/caj-jing-ven-amerikai-latogatasa-egy-politikai-show-amelyben-az-egyesult-allamok-es-tajvan-osszejatszik-2\/#breadcrumb\"},\"inLanguage\":\"hu\",\"potentialAction\":[{\"@type\":\"ReadAction\",\"target\":[\"https:\/\/kinaikaleidoszkop.hu\/index.php\/2023\/04\/12\/caj-jing-ven-amerikai-latogatasa-egy-politikai-show-amelyben-az-egyesult-allamok-es-tajvan-osszejatszik-2\/\"]}]},{\"@type\":\"ImageObject\",\"inLanguage\":\"hu\",\"@id\":\"https:\/\/kinaikaleidoszkop.hu\/index.php\/2023\/04\/12\/caj-jing-ven-amerikai-latogatasa-egy-politikai-show-amelyben-az-egyesult-allamok-es-tajvan-osszejatszik-2\/#primaryimage\",\"url\":\"https:\/\/kinaikaleidoszkop.hu\/wp-content\/uploads\/2023\/04\/0406Caj-Ying-ven.jpg\",\"contentUrl\":\"https:\/\/kinaikaleidoszkop.hu\/wp-content\/uploads\/2023\/04\/0406Caj-Ying-ven.jpg\",\"width\":600,\"height\":400,\"caption\":\"Fot\u00f3 forr\u00e1sa: cfp.cn\"},{\"@type\":\"BreadcrumbList\",\"@id\":\"https:\/\/kinaikaleidoszkop.hu\/index.php\/2023\/04\/12\/caj-jing-ven-amerikai-latogatasa-egy-politikai-show-amelyben-az-egyesult-allamok-es-tajvan-osszejatszik-2\/#breadcrumb\",\"itemListElement\":[{\"@type\":\"ListItem\",\"position\":1,\"name\":\"Kezd\u0151lap\",\"item\":\"https:\/\/kinaikaleidoszkop.hu\/\"},{\"@type\":\"ListItem\",\"position\":2,\"name\":\"Caj Jing-ven amerikai l\u00e1togat\u00e1sa egy politikai show, amelyben az Egyes\u00fclt \u00c1llamok \u00e9s Tajvan \u00f6sszej\u00e1tszik\"}]},{\"@type\":\"WebSite\",\"@id\":\"https:\/\/kinaikaleidoszkop.hu\/#website\",\"url\":\"https:\/\/kinaikaleidoszkop.hu\/\",\"name\":\"kinaikaleidoszkop.hu\",\"description\":\"\",\"potentialAction\":[{\"@type\":\"SearchAction\",\"target\":{\"@type\":\"EntryPoint\",\"urlTemplate\":\"https:\/\/kinaikaleidoszkop.hu\/?s={search_term_string}\"},\"query-input\":{\"@type\":\"PropertyValueSpecification\",\"valueRequired\":true,\"valueName\":\"search_term_string\"}}],\"inLanguage\":\"hu\"},{\"@type\":\"Person\",\"@id\":\"https:\/\/kinaikaleidoszkop.hu\/#\/schema\/person\/fd215d3a8bab54daeb796ae166f99ea5\",\"name\":\"admin-sebi\",\"image\":{\"@type\":\"ImageObject\",\"inLanguage\":\"hu\",\"@id\":\"https:\/\/kinaikaleidoszkop.hu\/#\/schema\/person\/image\/\",\"url\":\"https:\/\/secure.gravatar.com\/avatar\/b1498042bc4969020b4951f204f963e97c3d7d199f3790c1071adf67c61d0aa5?s=96&d=mm&r=g\",\"contentUrl\":\"https:\/\/secure.gravatar.com\/avatar\/b1498042bc4969020b4951f204f963e97c3d7d199f3790c1071adf67c61d0aa5?s=96&d=mm&r=g\",\"caption\":\"admin-sebi\"},\"url\":\"https:\/\/kinaikaleidoszkop.hu\/index.php\/author\/admin-sebi\/\"}]}<\/script>\n<!-- \/ Yoast SEO plugin. -->","yoast_head_json":{"title":"Caj Jing-ven amerikai l\u00e1togat\u00e1sa egy politikai show, amelyben az Egyes\u00fclt \u00c1llamok \u00e9s Tajvan \u00f6sszej\u00e1tszik - kinaikaleidoszkop.hu","robots":{"index":"index","follow":"follow","max-snippet":"max-snippet:-1","max-image-preview":"max-image-preview:large","max-video-preview":"max-video-preview:-1"},"canonical":"https:\/\/kinaikaleidoszkop.hu\/index.php\/2023\/04\/12\/caj-jing-ven-amerikai-latogatasa-egy-politikai-show-amelyben-az-egyesult-allamok-es-tajvan-osszejatszik-2\/","og_locale":"hu_HU","og_type":"article","og_title":"Caj Jing-ven amerikai l\u00e1togat\u00e1sa egy politikai show, amelyben az Egyes\u00fclt \u00c1llamok \u00e9s Tajvan \u00f6sszej\u00e1tszik - kinaikaleidoszkop.hu","og_description":"Cs\u00fct\u00f6rt\u00f6k\u00f6n az Egyes\u00fclt \u00c1llamokban tett l\u00e1togat\u00e1sa sor\u00e1n Caj Jing-ven tal\u00e1lkozott Kevin McCarthyval, az Egyes\u00fclt \u00c1llamok k\u00e9pvisle\u0151h\u00e1z\u00e1nak eln\u00f6k\u00e9vel. Ez az Egyes\u00fclt \u00c1llamok \u00e9s Tajvan k\u00f6z\u00f6tti \u201c\u00f6sszej\u00e1tsz\u00e1s\u201d \u00fajabb politikai incidense Nancy Pelosi tavalyi tajvani l\u00e1togat\u00e1sa ut\u00e1n. A&nbsp; l\u00e9p\u00e9s s\u00falyosan s\u00e9rti az \u201cegy K\u00edna\u201d elv\u00e9t \u00e9s a h\u00e1rom k\u00ednai-amerikai k\u00f6z\u00f6s k\u00f6zlem\u00e9nyben foglaltakat, s\u00falyosan s\u00e9rti K\u00edna szuverenit\u00e1s\u00e1t \u00e9s ter\u00fcleti [&hellip;]","og_url":"https:\/\/kinaikaleidoszkop.hu\/index.php\/2023\/04\/12\/caj-jing-ven-amerikai-latogatasa-egy-politikai-show-amelyben-az-egyesult-allamok-es-tajvan-osszejatszik-2\/","og_site_name":"kinaikaleidoszkop.hu","article_published_time":"2023-04-12T08:05:36+00:00","article_modified_time":"2023-04-12T08:05:42+00:00","og_image":[{"width":600,"height":400,"url":"https:\/\/kinaikaleidoszkop.hu\/wp-content\/uploads\/2023\/04\/0406Caj-Ying-ven.jpg","type":"image\/jpeg"}],"author":"admin-sebi","twitter_card":"summary_large_image","twitter_misc":{"Szerz\u0151:":"admin-sebi","Becs\u00fclt olvas\u00e1si id\u0151":"2 perc"},"schema":{"@context":"https:\/\/schema.org","@graph":[{"@type":"WebPage","@id":"https:\/\/kinaikaleidoszkop.hu\/index.php\/2023\/04\/12\/caj-jing-ven-amerikai-latogatasa-egy-politikai-show-amelyben-az-egyesult-allamok-es-tajvan-osszejatszik-2\/","url":"https:\/\/kinaikaleidoszkop.hu\/index.php\/2023\/04\/12\/caj-jing-ven-amerikai-latogatasa-egy-politikai-show-amelyben-az-egyesult-allamok-es-tajvan-osszejatszik-2\/","name":"Caj Jing-ven amerikai l\u00e1togat\u00e1sa egy politikai show, amelyben az Egyes\u00fclt \u00c1llamok \u00e9s Tajvan \u00f6sszej\u00e1tszik - kinaikaleidoszkop.hu","isPartOf":{"@id":"https:\/\/kinaikaleidoszkop.hu\/#website"},"primaryImageOfPage":{"@id":"https:\/\/kinaikaleidoszkop.hu\/index.php\/2023\/04\/12\/caj-jing-ven-amerikai-latogatasa-egy-politikai-show-amelyben-az-egyesult-allamok-es-tajvan-osszejatszik-2\/#primaryimage"},"image":{"@id":"https:\/\/kinaikaleidoszkop.hu\/index.php\/2023\/04\/12\/caj-jing-ven-amerikai-latogatasa-egy-politikai-show-amelyben-az-egyesult-allamok-es-tajvan-osszejatszik-2\/#primaryimage"},"thumbnailUrl":"https:\/\/kinaikaleidoszkop.hu\/wp-content\/uploads\/2023\/04\/0406Caj-Ying-ven.jpg","datePublished":"2023-04-12T08:05:36+00:00","dateModified":"2023-04-12T08:05:42+00:00","author":{"@id":"https:\/\/kinaikaleidoszkop.hu\/#\/schema\/person\/fd215d3a8bab54daeb796ae166f99ea5"},"breadcrumb":{"@id":"https:\/\/kinaikaleidoszkop.hu\/index.php\/2023\/04\/12\/caj-jing-ven-amerikai-latogatasa-egy-politikai-show-amelyben-az-egyesult-allamok-es-tajvan-osszejatszik-2\/#breadcrumb"},"inLanguage":"hu","potentialAction":[{"@type":"ReadAction","target":["https:\/\/kinaikaleidoszkop.hu\/index.php\/2023\/04\/12\/caj-jing-ven-amerikai-latogatasa-egy-politikai-show-amelyben-az-egyesult-allamok-es-tajvan-osszejatszik-2\/"]}]},{"@type":"ImageObject","inLanguage":"hu","@id":"https:\/\/kinaikaleidoszkop.hu\/index.php\/2023\/04\/12\/caj-jing-ven-amerikai-latogatasa-egy-politikai-show-amelyben-az-egyesult-allamok-es-tajvan-osszejatszik-2\/#primaryimage","url":"https:\/\/kinaikaleidoszkop.hu\/wp-content\/uploads\/2023\/04\/0406Caj-Ying-ven.jpg","contentUrl":"https:\/\/kinaikaleidoszkop.hu\/wp-content\/uploads\/2023\/04\/0406Caj-Ying-ven.jpg","width":600,"height":400,"caption":"Fot\u00f3 forr\u00e1sa: cfp.cn"},{"@type":"BreadcrumbList","@id":"https:\/\/kinaikaleidoszkop.hu\/index.php\/2023\/04\/12\/caj-jing-ven-amerikai-latogatasa-egy-politikai-show-amelyben-az-egyesult-allamok-es-tajvan-osszejatszik-2\/#breadcrumb","itemListElement":[{"@type":"ListItem","position":1,"name":"Kezd\u0151lap","item":"https:\/\/kinaikaleidoszkop.hu\/"},{"@type":"ListItem","position":2,"name":"Caj Jing-ven amerikai l\u00e1togat\u00e1sa egy politikai show, amelyben az Egyes\u00fclt \u00c1llamok \u00e9s Tajvan \u00f6sszej\u00e1tszik"}]},{"@type":"WebSite","@id":"https:\/\/kinaikaleidoszkop.hu\/#website","url":"https:\/\/kinaikaleidoszkop.hu\/","name":"kinaikaleidoszkop.hu","description":"","potentialAction":[{"@type":"SearchAction","target":{"@type":"EntryPoint","urlTemplate":"https:\/\/kinaikaleidoszkop.hu\/?s={search_term_string}"},"query-input":{"@type":"PropertyValueSpecification","valueRequired":true,"valueName":"search_term_string"}}],"inLanguage":"hu"},{"@type":"Person","@id":"https:\/\/kinaikaleidoszkop.hu\/#\/schema\/person\/fd215d3a8bab54daeb796ae166f99ea5","name":"admin-sebi","image":{"@type":"ImageObject","inLanguage":"hu","@id":"https:\/\/kinaikaleidoszkop.hu\/#\/schema\/person\/image\/","url":"https:\/\/secure.gravatar.com\/avatar\/b1498042bc4969020b4951f204f963e97c3d7d199f3790c1071adf67c61d0aa5?s=96&d=mm&r=g","contentUrl":"https:\/\/secure.gravatar.com\/avatar\/b1498042bc4969020b4951f204f963e97c3d7d199f3790c1071adf67c61d0aa5?s=96&d=mm&r=g","caption":"admin-sebi"},"url":"https:\/\/kinaikaleidoszkop.hu\/index.php\/author\/admin-sebi\/"}]}},"views":243,"distributor_meta":false,"distributor_terms":false,"distributor_media":false,"distributor_original_site_name":"kinaikaleidoszkop.hu","distributor_original_site_url":"https:\/\/kinaikaleidoszkop.hu","push-errors":false,"_links":{"self":[{"href":"https:\/\/kinaikaleidoszkop.hu\/index.php\/wp-json\/wp\/v2\/posts\/17108","targetHints":{"allow":["GET"]}}],"collection":[{"href":"https:\/\/kinaikaleidoszkop.hu\/index.php\/wp-json\/wp\/v2\/posts"}],"about":[{"href":"https:\/\/kinaikaleidoszkop.hu\/index.php\/wp-json\/wp\/v2\/types\/post"}],"author":[{"embeddable":true,"href":"https:\/\/kinaikaleidoszkop.hu\/index.php\/wp-json\/wp\/v2\/users\/6"}],"replies":[{"embeddable":true,"href":"https:\/\/kinaikaleidoszkop.hu\/index.php\/wp-json\/wp\/v2\/comments?post=17108"}],"version-history":[{"count":1,"href":"https:\/\/kinaikaleidoszkop.hu\/index.php\/wp-json\/wp\/v2\/posts\/17108\/revisions"}],"predecessor-version":[{"id":17111,"href":"https:\/\/kinaikaleidoszkop.hu\/index.php\/wp-json\/wp\/v2\/posts\/17108\/revisions\/17111"}],"wp:featuredmedia":[{"embeddable":true,"href":"https:\/\/kinaikaleidoszkop.hu\/index.php\/wp-json\/wp\/v2\/media\/17110"}],"wp:attachment":[{"href":"https:\/\/kinaikaleidoszkop.hu\/index.php\/wp-json\/wp\/v2\/media?parent=17108"}],"wp:term":[{"taxonomy":"category","embeddable":true,"href":"https:\/\/kinaikaleidoszkop.hu\/index.php\/wp-json\/wp\/v2\/categories?post=17108"},{"taxonomy":"post_tag","embeddable":true,"href":"https:\/\/kinaikaleidoszkop.hu\/index.php\/wp-json\/wp\/v2\/tags?post=17108"}],"curies":[{"name":"wp","href":"https:\/\/api.w.org\/{rel}","templated":true}]}}