{"id":17145,"date":"2023-04-17T13:23:29","date_gmt":"2023-04-17T11:23:29","guid":{"rendered":"https:\/\/kinaikaleidoszkop.hu\/?p=17145"},"modified":"2023-04-17T13:23:30","modified_gmt":"2023-04-17T11:23:30","slug":"a-kinai-jegybank-elnoke-szerint-teljesitheto-a-kormany-novekedesi-celkituzese","status":"publish","type":"post","link":"https:\/\/kinaikaleidoszkop.hu\/index.php\/2023\/04\/17\/a-kinai-jegybank-elnoke-szerint-teljesitheto-a-kormany-novekedesi-celkituzese\/","title":{"rendered":"A\u00a0k\u00ednai jegybank eln\u00f6ke szerint teljes\u00edthet\u0151 a korm\u00e1ny n\u00f6veked\u00e9si c\u00e9lkit\u0171z\u00e9se"},"content":{"rendered":"\n<h3 class=\"wp-block-heading\">K\u00edna\u00a0idei gazdas\u00e1gi n\u00f6veked\u00e9se v\u00e1rhat\u00f3an el\u00e9ri a korm\u00e1ny \u00e1ltal kit\u0171z\u00f6tt 5 sz\u00e1zal\u00e9kos c\u00e9lt &#8211; jelentette ki a\u00a0k\u00ednai jegybank eln\u00f6ke.<\/h3>\n\n\n\n<figure class=\"wp-block-image size-large\"><img loading=\"lazy\" decoding=\"async\" width=\"1024\" height=\"601\" src=\"https:\/\/kinaikaleidoszkop.hu\/wp-content\/uploads\/2023\/04\/pexels-monstera-5849577-1024x601.jpg\" alt=\"\" class=\"wp-image-17147\" srcset=\"https:\/\/kinaikaleidoszkop.hu\/wp-content\/uploads\/2023\/04\/pexels-monstera-5849577-1024x601.jpg 1024w, https:\/\/kinaikaleidoszkop.hu\/wp-content\/uploads\/2023\/04\/pexels-monstera-5849577-300x176.jpg 300w, https:\/\/kinaikaleidoszkop.hu\/wp-content\/uploads\/2023\/04\/pexels-monstera-5849577-768x451.jpg 768w, https:\/\/kinaikaleidoszkop.hu\/wp-content\/uploads\/2023\/04\/pexels-monstera-5849577-990x581.jpg 990w, https:\/\/kinaikaleidoszkop.hu\/wp-content\/uploads\/2023\/04\/pexels-monstera-5849577.jpg 1280w\" sizes=\"auto, (max-width: 1024px) 100vw, 1024px\" \/><\/figure>\n\n\n\n<p>Ji Kang a G20-orsz\u00e1gok jegybanki vezet\u0151inek washingtoni tal\u00e1lkoz\u00f3j\u00e1n sz\u00f3lalt fel.<\/p>\n\n\n\n<p>A\u00a0k\u00ednai k\u00f6zponti bank p\u00e9nteki k\u00f6zlem\u00e9nye szerint a\u00a0k\u00ednai jegybank vezet\u0151je egyebek k\u00f6z\u00f6tt elmondta: a\u00a0k\u00ednai gazdas\u00e1g stabiliz\u00e1l\u00f3dik \u00e9s folyik a talpra \u00e1ll\u00e1sa, az infl\u00e1ci\u00f3 tov\u00e1bbra is alacsony, az ingatlanpiac pedig pozit\u00edv v\u00e1ltoz\u00e1sokat mutat.<\/p>\n\n\n\n<p>A k\u00f6zlem\u00e9ny szerint Ji Kang Washingtonban tal\u00e1lkozott Jerome Powell-lel, az amerikai jegybank szerep\u00e9t bet\u00f6lt\u0151 Fed vezet\u0151j\u00e9vel, akivel a k\u00e9t orsz\u00e1g gazdas\u00e1gi \u00e9s p\u00e9nz\u00fcgyi helyzet\u00e9r\u0151l t\u00e1rgyaltak.<\/p>\n\n\n\n<p>K\u00edna\u00a0hazai \u00f6sszterm\u00e9ke (GDP) tavaly 3 sz\u00e1zal\u00e9kkal n\u0151tt. A Nemzetk\u00f6zi Valutaalap (IMF) kedden ismertetett legfrissebb el\u0151rejelz\u00e9s\u00e9ben 5,2 sz\u00e1zal\u00e9kos idei gazdas\u00e1gi n\u00f6veked\u00e9st val\u00f3sz\u00edn\u0171s\u00edt.<\/p>\n\n\n\n<p>(<strong>MTI<\/strong>)<\/p>\n","protected":false},"excerpt":{"rendered":"<p>K\u00edna\u00a0idei gazdas\u00e1gi n\u00f6veked\u00e9se v\u00e1rhat\u00f3an el\u00e9ri a korm\u00e1ny \u00e1ltal kit\u0171z\u00f6tt 5 sz\u00e1zal\u00e9kos c\u00e9lt &#8211; jelentette ki a\u00a0k\u00ednai jegybank eln\u00f6ke. Ji Kang a G20-orsz\u00e1gok jegybanki vezet\u0151inek washingtoni tal\u00e1lkoz\u00f3j\u00e1n sz\u00f3lalt fel. A\u00a0k\u00ednai k\u00f6zponti bank p\u00e9nteki k\u00f6zlem\u00e9nye szerint a\u00a0k\u00ednai jegybank vezet\u0151je egyebek k\u00f6z\u00f6tt elmondta: a\u00a0k\u00ednai gazdas\u00e1g stabiliz\u00e1l\u00f3dik \u00e9s folyik a talpra \u00e1ll\u00e1sa, az infl\u00e1ci\u00f3 tov\u00e1bbra is alacsony, az ingatlanpiac [&hellip;]<\/p>\n","protected":false},"author":8,"featured_media":17147,"comment_status":"closed","ping_status":"closed","sticky":false,"template":"","format":"standard","meta":{"footnotes":""},"categories":[62],"tags":[2315,66,1803],"class_list":["post-17145","post","type-post","status-publish","format-standard","has-post-thumbnail","hentry","category-informaciok","tag-g20","tag-gazdasag","tag-kinai-jegybank"],"yoast_head":"<!-- This site is optimized with the Yoast SEO plugin v23.7 - https:\/\/yoast.com\/wordpress\/plugins\/seo\/ -->\n<title>A\u00a0k\u00ednai jegybank eln\u00f6ke szerint teljes\u00edthet\u0151 a korm\u00e1ny n\u00f6veked\u00e9si c\u00e9lkit\u0171z\u00e9se - kinaikaleidoszkop.hu<\/title>\n<meta name=\"robots\" content=\"index, follow, max-snippet:-1, max-image-preview:large, max-video-preview:-1\" \/>\n<link rel=\"canonical\" href=\"https:\/\/kinaikaleidoszkop.hu\/index.php\/2023\/04\/17\/a-kinai-jegybank-elnoke-szerint-teljesitheto-a-kormany-novekedesi-celkituzese\/\" \/>\n<meta property=\"og:locale\" content=\"hu_HU\" \/>\n<meta property=\"og:type\" content=\"article\" \/>\n<meta property=\"og:title\" content=\"A\u00a0k\u00ednai jegybank eln\u00f6ke szerint teljes\u00edthet\u0151 a korm\u00e1ny n\u00f6veked\u00e9si c\u00e9lkit\u0171z\u00e9se - kinaikaleidoszkop.hu\" \/>\n<meta property=\"og:description\" content=\"K\u00edna\u00a0idei gazdas\u00e1gi n\u00f6veked\u00e9se v\u00e1rhat\u00f3an el\u00e9ri a korm\u00e1ny \u00e1ltal kit\u0171z\u00f6tt 5 sz\u00e1zal\u00e9kos c\u00e9lt &#8211; jelentette ki a\u00a0k\u00ednai jegybank eln\u00f6ke. Ji Kang a G20-orsz\u00e1gok jegybanki vezet\u0151inek washingtoni tal\u00e1lkoz\u00f3j\u00e1n sz\u00f3lalt fel. A\u00a0k\u00ednai k\u00f6zponti bank p\u00e9nteki k\u00f6zlem\u00e9nye szerint a\u00a0k\u00ednai jegybank vezet\u0151je egyebek k\u00f6z\u00f6tt elmondta: a\u00a0k\u00ednai gazdas\u00e1g stabiliz\u00e1l\u00f3dik \u00e9s folyik a talpra \u00e1ll\u00e1sa, az infl\u00e1ci\u00f3 tov\u00e1bbra is alacsony, az ingatlanpiac [&hellip;]\" \/>\n<meta property=\"og:url\" content=\"https:\/\/kinaikaleidoszkop.hu\/index.php\/2023\/04\/17\/a-kinai-jegybank-elnoke-szerint-teljesitheto-a-kormany-novekedesi-celkituzese\/\" \/>\n<meta property=\"og:site_name\" content=\"kinaikaleidoszkop.hu\" \/>\n<meta property=\"article:published_time\" content=\"2023-04-17T11:23:29+00:00\" \/>\n<meta property=\"article:modified_time\" content=\"2023-04-17T11:23:30+00:00\" \/>\n<meta property=\"og:image\" content=\"https:\/\/kinaikaleidoszkop.hu\/wp-content\/uploads\/2023\/04\/pexels-monstera-5849577.jpg\" \/>\n\t<meta property=\"og:image:width\" content=\"1280\" \/>\n\t<meta property=\"og:image:height\" content=\"751\" \/>\n\t<meta property=\"og:image:type\" content=\"image\/jpeg\" \/>\n<meta name=\"author\" content=\"szerk01\" \/>\n<meta name=\"twitter:card\" content=\"summary_large_image\" \/>\n<meta name=\"twitter:label1\" content=\"Szerz\u0151:\" \/>\n\t<meta name=\"twitter:data1\" content=\"szerk01\" \/>\n\t<meta name=\"twitter:label2\" content=\"Becs\u00fclt olvas\u00e1si id\u0151\" \/>\n\t<meta name=\"twitter:data2\" content=\"1 perc\" \/>\n<script type=\"application\/ld+json\" class=\"yoast-schema-graph\">{\"@context\":\"https:\/\/schema.org\",\"@graph\":[{\"@type\":\"WebPage\",\"@id\":\"https:\/\/kinaikaleidoszkop.hu\/index.php\/2023\/04\/17\/a-kinai-jegybank-elnoke-szerint-teljesitheto-a-kormany-novekedesi-celkituzese\/\",\"url\":\"https:\/\/kinaikaleidoszkop.hu\/index.php\/2023\/04\/17\/a-kinai-jegybank-elnoke-szerint-teljesitheto-a-kormany-novekedesi-celkituzese\/\",\"name\":\"A\u00a0k\u00ednai jegybank eln\u00f6ke szerint teljes\u00edthet\u0151 a korm\u00e1ny n\u00f6veked\u00e9si c\u00e9lkit\u0171z\u00e9se - kinaikaleidoszkop.hu\",\"isPartOf\":{\"@id\":\"https:\/\/kinaikaleidoszkop.hu\/#website\"},\"primaryImageOfPage\":{\"@id\":\"https:\/\/kinaikaleidoszkop.hu\/index.php\/2023\/04\/17\/a-kinai-jegybank-elnoke-szerint-teljesitheto-a-kormany-novekedesi-celkituzese\/#primaryimage\"},\"image\":{\"@id\":\"https:\/\/kinaikaleidoszkop.hu\/index.php\/2023\/04\/17\/a-kinai-jegybank-elnoke-szerint-teljesitheto-a-kormany-novekedesi-celkituzese\/#primaryimage\"},\"thumbnailUrl\":\"https:\/\/kinaikaleidoszkop.hu\/wp-content\/uploads\/2023\/04\/pexels-monstera-5849577.jpg\",\"datePublished\":\"2023-04-17T11:23:29+00:00\",\"dateModified\":\"2023-04-17T11:23:30+00:00\",\"author\":{\"@id\":\"https:\/\/kinaikaleidoszkop.hu\/#\/schema\/person\/cf38b01b34e88459ab98b1c7c13b629d\"},\"breadcrumb\":{\"@id\":\"https:\/\/kinaikaleidoszkop.hu\/index.php\/2023\/04\/17\/a-kinai-jegybank-elnoke-szerint-teljesitheto-a-kormany-novekedesi-celkituzese\/#breadcrumb\"},\"inLanguage\":\"hu\",\"potentialAction\":[{\"@type\":\"ReadAction\",\"target\":[\"https:\/\/kinaikaleidoszkop.hu\/index.php\/2023\/04\/17\/a-kinai-jegybank-elnoke-szerint-teljesitheto-a-kormany-novekedesi-celkituzese\/\"]}]},{\"@type\":\"ImageObject\",\"inLanguage\":\"hu\",\"@id\":\"https:\/\/kinaikaleidoszkop.hu\/index.php\/2023\/04\/17\/a-kinai-jegybank-elnoke-szerint-teljesitheto-a-kormany-novekedesi-celkituzese\/#primaryimage\",\"url\":\"https:\/\/kinaikaleidoszkop.hu\/wp-content\/uploads\/2023\/04\/pexels-monstera-5849577.jpg\",\"contentUrl\":\"https:\/\/kinaikaleidoszkop.hu\/wp-content\/uploads\/2023\/04\/pexels-monstera-5849577.jpg\",\"width\":1280,\"height\":751},{\"@type\":\"BreadcrumbList\",\"@id\":\"https:\/\/kinaikaleidoszkop.hu\/index.php\/2023\/04\/17\/a-kinai-jegybank-elnoke-szerint-teljesitheto-a-kormany-novekedesi-celkituzese\/#breadcrumb\",\"itemListElement\":[{\"@type\":\"ListItem\",\"position\":1,\"name\":\"Kezd\u0151lap\",\"item\":\"https:\/\/kinaikaleidoszkop.hu\/\"},{\"@type\":\"ListItem\",\"position\":2,\"name\":\"A\u00a0k\u00ednai jegybank eln\u00f6ke szerint teljes\u00edthet\u0151 a korm\u00e1ny n\u00f6veked\u00e9si c\u00e9lkit\u0171z\u00e9se\"}]},{\"@type\":\"WebSite\",\"@id\":\"https:\/\/kinaikaleidoszkop.hu\/#website\",\"url\":\"https:\/\/kinaikaleidoszkop.hu\/\",\"name\":\"kinaikaleidoszkop.hu\",\"description\":\"\",\"potentialAction\":[{\"@type\":\"SearchAction\",\"target\":{\"@type\":\"EntryPoint\",\"urlTemplate\":\"https:\/\/kinaikaleidoszkop.hu\/?s={search_term_string}\"},\"query-input\":{\"@type\":\"PropertyValueSpecification\",\"valueRequired\":true,\"valueName\":\"search_term_string\"}}],\"inLanguage\":\"hu\"},{\"@type\":\"Person\",\"@id\":\"https:\/\/kinaikaleidoszkop.hu\/#\/schema\/person\/cf38b01b34e88459ab98b1c7c13b629d\",\"name\":\"szerk01\",\"image\":{\"@type\":\"ImageObject\",\"inLanguage\":\"hu\",\"@id\":\"https:\/\/kinaikaleidoszkop.hu\/#\/schema\/person\/image\/\",\"url\":\"https:\/\/secure.gravatar.com\/avatar\/7afb4741ac3b72a4d9d543b2bcdfe4b1b3ddc4fefd4ab8f732b518bc7528877c?s=96&d=mm&r=g\",\"contentUrl\":\"https:\/\/secure.gravatar.com\/avatar\/7afb4741ac3b72a4d9d543b2bcdfe4b1b3ddc4fefd4ab8f732b518bc7528877c?s=96&d=mm&r=g\",\"caption\":\"szerk01\"},\"url\":\"https:\/\/kinaikaleidoszkop.hu\/index.php\/author\/szerk01\/\"}]}<\/script>\n<!-- \/ Yoast SEO plugin. -->","yoast_head_json":{"title":"A\u00a0k\u00ednai jegybank eln\u00f6ke szerint teljes\u00edthet\u0151 a korm\u00e1ny n\u00f6veked\u00e9si c\u00e9lkit\u0171z\u00e9se - kinaikaleidoszkop.hu","robots":{"index":"index","follow":"follow","max-snippet":"max-snippet:-1","max-image-preview":"max-image-preview:large","max-video-preview":"max-video-preview:-1"},"canonical":"https:\/\/kinaikaleidoszkop.hu\/index.php\/2023\/04\/17\/a-kinai-jegybank-elnoke-szerint-teljesitheto-a-kormany-novekedesi-celkituzese\/","og_locale":"hu_HU","og_type":"article","og_title":"A\u00a0k\u00ednai jegybank eln\u00f6ke szerint teljes\u00edthet\u0151 a korm\u00e1ny n\u00f6veked\u00e9si c\u00e9lkit\u0171z\u00e9se - kinaikaleidoszkop.hu","og_description":"K\u00edna\u00a0idei gazdas\u00e1gi n\u00f6veked\u00e9se v\u00e1rhat\u00f3an el\u00e9ri a korm\u00e1ny \u00e1ltal kit\u0171z\u00f6tt 5 sz\u00e1zal\u00e9kos c\u00e9lt &#8211; jelentette ki a\u00a0k\u00ednai jegybank eln\u00f6ke. Ji Kang a G20-orsz\u00e1gok jegybanki vezet\u0151inek washingtoni tal\u00e1lkoz\u00f3j\u00e1n sz\u00f3lalt fel. A\u00a0k\u00ednai k\u00f6zponti bank p\u00e9nteki k\u00f6zlem\u00e9nye szerint a\u00a0k\u00ednai jegybank vezet\u0151je egyebek k\u00f6z\u00f6tt elmondta: a\u00a0k\u00ednai gazdas\u00e1g stabiliz\u00e1l\u00f3dik \u00e9s folyik a talpra \u00e1ll\u00e1sa, az infl\u00e1ci\u00f3 tov\u00e1bbra is alacsony, az ingatlanpiac [&hellip;]","og_url":"https:\/\/kinaikaleidoszkop.hu\/index.php\/2023\/04\/17\/a-kinai-jegybank-elnoke-szerint-teljesitheto-a-kormany-novekedesi-celkituzese\/","og_site_name":"kinaikaleidoszkop.hu","article_published_time":"2023-04-17T11:23:29+00:00","article_modified_time":"2023-04-17T11:23:30+00:00","og_image":[{"width":1280,"height":751,"url":"https:\/\/kinaikaleidoszkop.hu\/wp-content\/uploads\/2023\/04\/pexels-monstera-5849577.jpg","type":"image\/jpeg"}],"author":"szerk01","twitter_card":"summary_large_image","twitter_misc":{"Szerz\u0151:":"szerk01","Becs\u00fclt olvas\u00e1si id\u0151":"1 perc"},"schema":{"@context":"https:\/\/schema.org","@graph":[{"@type":"WebPage","@id":"https:\/\/kinaikaleidoszkop.hu\/index.php\/2023\/04\/17\/a-kinai-jegybank-elnoke-szerint-teljesitheto-a-kormany-novekedesi-celkituzese\/","url":"https:\/\/kinaikaleidoszkop.hu\/index.php\/2023\/04\/17\/a-kinai-jegybank-elnoke-szerint-teljesitheto-a-kormany-novekedesi-celkituzese\/","name":"A\u00a0k\u00ednai jegybank eln\u00f6ke szerint teljes\u00edthet\u0151 a korm\u00e1ny n\u00f6veked\u00e9si c\u00e9lkit\u0171z\u00e9se - kinaikaleidoszkop.hu","isPartOf":{"@id":"https:\/\/kinaikaleidoszkop.hu\/#website"},"primaryImageOfPage":{"@id":"https:\/\/kinaikaleidoszkop.hu\/index.php\/2023\/04\/17\/a-kinai-jegybank-elnoke-szerint-teljesitheto-a-kormany-novekedesi-celkituzese\/#primaryimage"},"image":{"@id":"https:\/\/kinaikaleidoszkop.hu\/index.php\/2023\/04\/17\/a-kinai-jegybank-elnoke-szerint-teljesitheto-a-kormany-novekedesi-celkituzese\/#primaryimage"},"thumbnailUrl":"https:\/\/kinaikaleidoszkop.hu\/wp-content\/uploads\/2023\/04\/pexels-monstera-5849577.jpg","datePublished":"2023-04-17T11:23:29+00:00","dateModified":"2023-04-17T11:23:30+00:00","author":{"@id":"https:\/\/kinaikaleidoszkop.hu\/#\/schema\/person\/cf38b01b34e88459ab98b1c7c13b629d"},"breadcrumb":{"@id":"https:\/\/kinaikaleidoszkop.hu\/index.php\/2023\/04\/17\/a-kinai-jegybank-elnoke-szerint-teljesitheto-a-kormany-novekedesi-celkituzese\/#breadcrumb"},"inLanguage":"hu","potentialAction":[{"@type":"ReadAction","target":["https:\/\/kinaikaleidoszkop.hu\/index.php\/2023\/04\/17\/a-kinai-jegybank-elnoke-szerint-teljesitheto-a-kormany-novekedesi-celkituzese\/"]}]},{"@type":"ImageObject","inLanguage":"hu","@id":"https:\/\/kinaikaleidoszkop.hu\/index.php\/2023\/04\/17\/a-kinai-jegybank-elnoke-szerint-teljesitheto-a-kormany-novekedesi-celkituzese\/#primaryimage","url":"https:\/\/kinaikaleidoszkop.hu\/wp-content\/uploads\/2023\/04\/pexels-monstera-5849577.jpg","contentUrl":"https:\/\/kinaikaleidoszkop.hu\/wp-content\/uploads\/2023\/04\/pexels-monstera-5849577.jpg","width":1280,"height":751},{"@type":"BreadcrumbList","@id":"https:\/\/kinaikaleidoszkop.hu\/index.php\/2023\/04\/17\/a-kinai-jegybank-elnoke-szerint-teljesitheto-a-kormany-novekedesi-celkituzese\/#breadcrumb","itemListElement":[{"@type":"ListItem","position":1,"name":"Kezd\u0151lap","item":"https:\/\/kinaikaleidoszkop.hu\/"},{"@type":"ListItem","position":2,"name":"A\u00a0k\u00ednai jegybank eln\u00f6ke szerint teljes\u00edthet\u0151 a korm\u00e1ny n\u00f6veked\u00e9si c\u00e9lkit\u0171z\u00e9se"}]},{"@type":"WebSite","@id":"https:\/\/kinaikaleidoszkop.hu\/#website","url":"https:\/\/kinaikaleidoszkop.hu\/","name":"kinaikaleidoszkop.hu","description":"","potentialAction":[{"@type":"SearchAction","target":{"@type":"EntryPoint","urlTemplate":"https:\/\/kinaikaleidoszkop.hu\/?s={search_term_string}"},"query-input":{"@type":"PropertyValueSpecification","valueRequired":true,"valueName":"search_term_string"}}],"inLanguage":"hu"},{"@type":"Person","@id":"https:\/\/kinaikaleidoszkop.hu\/#\/schema\/person\/cf38b01b34e88459ab98b1c7c13b629d","name":"szerk01","image":{"@type":"ImageObject","inLanguage":"hu","@id":"https:\/\/kinaikaleidoszkop.hu\/#\/schema\/person\/image\/","url":"https:\/\/secure.gravatar.com\/avatar\/7afb4741ac3b72a4d9d543b2bcdfe4b1b3ddc4fefd4ab8f732b518bc7528877c?s=96&d=mm&r=g","contentUrl":"https:\/\/secure.gravatar.com\/avatar\/7afb4741ac3b72a4d9d543b2bcdfe4b1b3ddc4fefd4ab8f732b518bc7528877c?s=96&d=mm&r=g","caption":"szerk01"},"url":"https:\/\/kinaikaleidoszkop.hu\/index.php\/author\/szerk01\/"}]}},"views":239,"distributor_meta":false,"distributor_terms":false,"distributor_media":false,"distributor_original_site_name":"kinaikaleidoszkop.hu","distributor_original_site_url":"https:\/\/kinaikaleidoszkop.hu","push-errors":false,"_links":{"self":[{"href":"https:\/\/kinaikaleidoszkop.hu\/index.php\/wp-json\/wp\/v2\/posts\/17145","targetHints":{"allow":["GET"]}}],"collection":[{"href":"https:\/\/kinaikaleidoszkop.hu\/index.php\/wp-json\/wp\/v2\/posts"}],"about":[{"href":"https:\/\/kinaikaleidoszkop.hu\/index.php\/wp-json\/wp\/v2\/types\/post"}],"author":[{"embeddable":true,"href":"https:\/\/kinaikaleidoszkop.hu\/index.php\/wp-json\/wp\/v2\/users\/8"}],"replies":[{"embeddable":true,"href":"https:\/\/kinaikaleidoszkop.hu\/index.php\/wp-json\/wp\/v2\/comments?post=17145"}],"version-history":[{"count":1,"href":"https:\/\/kinaikaleidoszkop.hu\/index.php\/wp-json\/wp\/v2\/posts\/17145\/revisions"}],"predecessor-version":[{"id":17148,"href":"https:\/\/kinaikaleidoszkop.hu\/index.php\/wp-json\/wp\/v2\/posts\/17145\/revisions\/17148"}],"wp:featuredmedia":[{"embeddable":true,"href":"https:\/\/kinaikaleidoszkop.hu\/index.php\/wp-json\/wp\/v2\/media\/17147"}],"wp:attachment":[{"href":"https:\/\/kinaikaleidoszkop.hu\/index.php\/wp-json\/wp\/v2\/media?parent=17145"}],"wp:term":[{"taxonomy":"category","embeddable":true,"href":"https:\/\/kinaikaleidoszkop.hu\/index.php\/wp-json\/wp\/v2\/categories?post=17145"},{"taxonomy":"post_tag","embeddable":true,"href":"https:\/\/kinaikaleidoszkop.hu\/index.php\/wp-json\/wp\/v2\/tags?post=17145"}],"curies":[{"name":"wp","href":"https:\/\/api.w.org\/{rel}","templated":true}]}}