{"id":17154,"date":"2023-04-17T14:07:44","date_gmt":"2023-04-17T12:07:44","guid":{"rendered":"https:\/\/kinaikaleidoszkop.hu\/?p=17154"},"modified":"2023-04-17T14:07:45","modified_gmt":"2023-04-17T12:07:45","slug":"a-kinai-luxuspiac-lassu-de-biztos-fellendulese","status":"publish","type":"post","link":"https:\/\/kinaikaleidoszkop.hu\/index.php\/2023\/04\/17\/a-kinai-luxuspiac-lassu-de-biztos-fellendulese\/","title":{"rendered":"A k\u00ednai luxuspiac lass\u00fa, de biztos fellend\u00fcl\u00e9se"},"content":{"rendered":"\n<p><strong>A 2022-ben bek\u00f6vetkezett megtorpan\u00e1s ut\u00e1n a k\u00ednai luxus \u00e9s fogyaszt\u00e1si cikkek \u00e1gazata a fellend\u00fcl\u00e9s korai jeleit mutatja- \u00edrja az <a href=\"https:\/\/www.businessinsider.com\/china-luxury-market-comeback-pandemic-bofa-2023-4?_gl=1*pxvy8j*_ga*MTI5NTM5MTA2MS4xNjgxNzMwOTEz*_ga_E21CV80ZCZ*MTY4MTczMDkxMy4xLjEuMTY4MTczMDkyNC40OS4wLjA.\">Insider<\/a><\/strong>.<\/p>\n\n\n\n<p>A luxus \u00e9s a cs\u00facskateg\u00f3ri\u00e1s fogyaszt\u00e1s tekintet\u00e9ben &#8220;el\u00e9g er\u0151s fellend\u00fcl\u00e9st l\u00e1tunk&#8221; &#8211; mondta a Bank of America vezet\u0151 k\u00ednai r\u00e9szv\u00e9nystrat\u00e9g\u00e1ja, Winnie Wu a CNBC-nek kedden.<\/p>\n\n\n\n<figure class=\"wp-block-embed is-type-video is-provider-youtube wp-block-embed-youtube wp-embed-aspect-16-9 wp-has-aspect-ratio\"><div class=\"wp-block-embed__wrapper\">\n<iframe loading=\"lazy\" title=\"Retail sales in China aren&#039;t good enough, strategist says\" width=\"1320\" height=\"743\" src=\"https:\/\/www.youtube.com\/embed\/2D7Dq5fwDHg?feature=oembed\" frameborder=\"0\" allow=\"accelerometer; autoplay; clipboard-write; encrypted-media; gyroscope; picture-in-picture; web-share\" allowfullscreen><\/iframe>\n<\/div><\/figure>\n\n\n\n<p>K\u00edna fontos luxusfogyaszt\u00f3. Egy 2020 febru\u00e1rj\u00e1ban k\u00f6zz\u00e9tett jelent\u00e9s\u00e9ben a Bain &amp; Co. tan\u00e1csad\u00f3 c\u00e9g azt \u00e1ll\u00edtotta, hogy a k\u00ednai fogyaszt\u00f3k v\u00e1rhat\u00f3an 2025-re a glob\u00e1lis luxuspiac k\u00f6zel fel\u00e9t &#8211; azaz 46%-\u00e1t &#8211; teszik majd ki, szemben a 2019-es 35%-kal.<\/p>\n\n\n\n<p>A COVID-19 \u00e9vek \u00f3ta tart\u00f3 lez\u00e1r\u00e1sok miatt azonban a Nikkei szerint a k\u00ednai szem\u00e9lyes luxus\u00e9rt\u00e9kes\u00edt\u00e9s 2022-ben \u00e9ves szinten 10%-kal 425 milli\u00e1rd j\u00fcanra, azaz 5,2 milli\u00e1rd doll\u00e1rra esett vissza. Ezzel v\u00e9get \u00e9rt egy \u00f6t\u00e9ves exponenci\u00e1lis n\u00f6veked\u00e9si sorozat, a Bain &amp; Co. febru\u00e1r 7-\u00e9n k\u00f6zz\u00e9tett k\u00fcl\u00f6n jelent\u00e9se szerint.<\/p>\n\n\n\n<p>A Nikkei febru\u00e1ri jelent\u00e9se szerint 2022-ben m\u00e9g a k\u00ednai bev\u00e1s\u00e1rl\u00f3k\u00f6zpontok forgalma is 30-35%-kal cs\u00f6kkent.<\/p>\n\n\n\n<p>Wu megjegyz\u00e9sei azonban visszhangozz\u00e1k a Bain &amp; Co.  pozit\u00edv kil\u00e1t\u00e1sait a k\u00ednai luxuspiacra vonatkoz\u00f3an.<\/p>\n\n\n\n<p>&#8220;A luxusfogyaszt\u00e1s a Covid enyh\u00fcl\u00e9s\u00e9vel, a bev\u00e1s\u00e1rl\u00f3k\u00f6zpontok forgalm\u00e1nak javul\u00e1s\u00e1val \u00e9s a fogyaszt\u00f3i hangulat helyre\u00e1ll\u00e1s\u00e1val kezd visszat\u00e9rni. Arra sz\u00e1m\u00edtunk, hogy valamikor 2023 els\u0151 \u00e9s m\u00e1sodik fele k\u00f6z\u00f6tt el\u00e9rj\u00fck a 2021-es \u00e9rt\u00e9kes\u00edt\u00e9si szintet&#8221; &#8211; mondta Weiwei Xing, a Bain &amp; Company hongkongi partnere a tan\u00e1csad\u00f3 c\u00e9g febru\u00e1ri jelent\u00e9s\u00e9ben.<\/p>\n\n\n\n<p>A luxuspiacra vonatkoz\u00f3 der\u0171s el\u0151rejelz\u00e9s nem terjed ki a k\u00ednai gazdas\u00e1g t\u00f6bbi r\u00e9sz\u00e9re.<\/p>\n\n\n\n<p>A k\u00ednai fogyaszt\u00f3i \u00e1rindex (China\u2019s Consumer Price Index- CPI) &#8211; a fogyaszt\u00f3k \u00e1ltal fizetett \u00e1rak havi v\u00e1ltoz\u00e1sa &#8211; m\u00e1rciusi adatai bor\u00fasak voltak.<\/p>\n\n\n\n<p>Az index \u00e9ves szinten mind\u00f6ssze 0,7%-kal emelkedett, ami 2021 szeptembere \u00f3ta a leglassabb \u00fctem, \u00e9s gyeng\u00e9bb a 2022 m\u00e1rcius\u00e1ban tapasztalt 1,5%-os n\u00f6veked\u00e9sn\u00e9l &#8211; der\u00fcl ki a K\u00ednai Nemzeti Statisztikai Hivatal kedden k\u00f6zz\u00e9tett adataib\u00f3l. A havi CPI-n\u00f6veked\u00e9s is elmaradt egy <a href=\"https:\/\/www.bloomberg.com\/news\/articles\/2023-04-11\/china-s-consumer-inflation-slows-producer-prices-fall-further?leadSource=uverify%20wall\">Bloomberg cikkben<\/a> megk\u00e9rdezett elemz\u0151k \u00e1ltal prognosztiz\u00e1lt 1%-os n\u00f6veked\u00e9si v\u00e1rakoz\u00e1sokt\u00f3l.<\/p>\n\n\n\n<p>Ez lehet az oka annak, hogy Wu a CNBC-nek azt nyilatkozta, hogy a k\u00ednai fogyaszt\u00f3i szektorban m\u00e9g nem l\u00e1tszik er\u0151s fellend\u00fcl\u00e9s.<\/p>\n\n\n\n<p>&#8220;Eddig vegyes jeleket l\u00e1tunk. A kiskereskedelmi forgalom nem el\u00e9g j\u00f3&#8221; &#8211; mondta.<\/p>\n\n\n\n<p><strong><em>2023. \u00c1prilis 17<\/em><\/strong>.<\/p>\n","protected":false},"excerpt":{"rendered":"<p>A 2022-ben bek\u00f6vetkezett megtorpan\u00e1s ut\u00e1n a k\u00ednai luxus \u00e9s fogyaszt\u00e1si cikkek \u00e1gazata a fellend\u00fcl\u00e9s korai jeleit mutatja- \u00edrja az Insider. A luxus \u00e9s a cs\u00facskateg\u00f3ri\u00e1s fogyaszt\u00e1s tekintet\u00e9ben &#8220;el\u00e9g er\u0151s fellend\u00fcl\u00e9st l\u00e1tunk&#8221; &#8211; mondta a Bank of America vezet\u0151 k\u00ednai r\u00e9szv\u00e9nystrat\u00e9g\u00e1ja, Winnie Wu a CNBC-nek kedden. K\u00edna fontos luxusfogyaszt\u00f3. Egy 2020 febru\u00e1rj\u00e1ban k\u00f6zz\u00e9tett jelent\u00e9s\u00e9ben a Bain [&hellip;]<\/p>\n","protected":false},"author":8,"featured_media":17157,"comment_status":"closed","ping_status":"closed","sticky":false,"template":"","format":"standard","meta":{"footnotes":""},"categories":[62],"tags":[701,66,2063],"class_list":["post-17154","post","type-post","status-publish","format-standard","has-post-thumbnail","hentry","category-informaciok","tag-fogyasztas","tag-gazdasag","tag-luxuspiac"],"yoast_head":"<!-- This site is optimized with the Yoast SEO plugin v23.7 - https:\/\/yoast.com\/wordpress\/plugins\/seo\/ -->\n<title>A k\u00ednai luxuspiac lass\u00fa, de biztos fellend\u00fcl\u00e9se - kinaikaleidoszkop.hu<\/title>\n<meta name=\"robots\" content=\"index, follow, max-snippet:-1, max-image-preview:large, max-video-preview:-1\" \/>\n<link rel=\"canonical\" href=\"https:\/\/kinaikaleidoszkop.hu\/index.php\/2023\/04\/17\/a-kinai-luxuspiac-lassu-de-biztos-fellendulese\/\" \/>\n<meta property=\"og:locale\" content=\"hu_HU\" \/>\n<meta property=\"og:type\" content=\"article\" \/>\n<meta property=\"og:title\" content=\"A k\u00ednai luxuspiac lass\u00fa, de biztos fellend\u00fcl\u00e9se - kinaikaleidoszkop.hu\" \/>\n<meta property=\"og:description\" content=\"A 2022-ben bek\u00f6vetkezett megtorpan\u00e1s ut\u00e1n a k\u00ednai luxus \u00e9s fogyaszt\u00e1si cikkek \u00e1gazata a fellend\u00fcl\u00e9s korai jeleit mutatja- \u00edrja az Insider. A luxus \u00e9s a cs\u00facskateg\u00f3ri\u00e1s fogyaszt\u00e1s tekintet\u00e9ben &#8220;el\u00e9g er\u0151s fellend\u00fcl\u00e9st l\u00e1tunk&#8221; &#8211; mondta a Bank of America vezet\u0151 k\u00ednai r\u00e9szv\u00e9nystrat\u00e9g\u00e1ja, Winnie Wu a CNBC-nek kedden. K\u00edna fontos luxusfogyaszt\u00f3. Egy 2020 febru\u00e1rj\u00e1ban k\u00f6zz\u00e9tett jelent\u00e9s\u00e9ben a Bain [&hellip;]\" \/>\n<meta property=\"og:url\" content=\"https:\/\/kinaikaleidoszkop.hu\/index.php\/2023\/04\/17\/a-kinai-luxuspiac-lassu-de-biztos-fellendulese\/\" \/>\n<meta property=\"og:site_name\" content=\"kinaikaleidoszkop.hu\" \/>\n<meta property=\"article:published_time\" content=\"2023-04-17T12:07:44+00:00\" \/>\n<meta property=\"article:modified_time\" content=\"2023-04-17T12:07:45+00:00\" \/>\n<meta property=\"og:image\" content=\"https:\/\/kinaikaleidoszkop.hu\/wp-content\/uploads\/2023\/04\/pexels-magda-ehlers-2861656.jpg\" \/>\n\t<meta property=\"og:image:width\" content=\"1279\" \/>\n\t<meta property=\"og:image:height\" content=\"720\" \/>\n\t<meta property=\"og:image:type\" content=\"image\/jpeg\" \/>\n<meta name=\"author\" content=\"szerk01\" \/>\n<meta name=\"twitter:card\" content=\"summary_large_image\" \/>\n<meta name=\"twitter:label1\" content=\"Szerz\u0151:\" \/>\n\t<meta name=\"twitter:data1\" content=\"szerk01\" \/>\n\t<meta name=\"twitter:label2\" content=\"Becs\u00fclt olvas\u00e1si id\u0151\" \/>\n\t<meta name=\"twitter:data2\" content=\"2 perc\" \/>\n<script type=\"application\/ld+json\" class=\"yoast-schema-graph\">{\"@context\":\"https:\/\/schema.org\",\"@graph\":[{\"@type\":\"WebPage\",\"@id\":\"https:\/\/kinaikaleidoszkop.hu\/index.php\/2023\/04\/17\/a-kinai-luxuspiac-lassu-de-biztos-fellendulese\/\",\"url\":\"https:\/\/kinaikaleidoszkop.hu\/index.php\/2023\/04\/17\/a-kinai-luxuspiac-lassu-de-biztos-fellendulese\/\",\"name\":\"A k\u00ednai luxuspiac lass\u00fa, de biztos fellend\u00fcl\u00e9se - kinaikaleidoszkop.hu\",\"isPartOf\":{\"@id\":\"https:\/\/kinaikaleidoszkop.hu\/#website\"},\"primaryImageOfPage\":{\"@id\":\"https:\/\/kinaikaleidoszkop.hu\/index.php\/2023\/04\/17\/a-kinai-luxuspiac-lassu-de-biztos-fellendulese\/#primaryimage\"},\"image\":{\"@id\":\"https:\/\/kinaikaleidoszkop.hu\/index.php\/2023\/04\/17\/a-kinai-luxuspiac-lassu-de-biztos-fellendulese\/#primaryimage\"},\"thumbnailUrl\":\"https:\/\/kinaikaleidoszkop.hu\/wp-content\/uploads\/2023\/04\/pexels-magda-ehlers-2861656.jpg\",\"datePublished\":\"2023-04-17T12:07:44+00:00\",\"dateModified\":\"2023-04-17T12:07:45+00:00\",\"author\":{\"@id\":\"https:\/\/kinaikaleidoszkop.hu\/#\/schema\/person\/cf38b01b34e88459ab98b1c7c13b629d\"},\"breadcrumb\":{\"@id\":\"https:\/\/kinaikaleidoszkop.hu\/index.php\/2023\/04\/17\/a-kinai-luxuspiac-lassu-de-biztos-fellendulese\/#breadcrumb\"},\"inLanguage\":\"hu\",\"potentialAction\":[{\"@type\":\"ReadAction\",\"target\":[\"https:\/\/kinaikaleidoszkop.hu\/index.php\/2023\/04\/17\/a-kinai-luxuspiac-lassu-de-biztos-fellendulese\/\"]}]},{\"@type\":\"ImageObject\",\"inLanguage\":\"hu\",\"@id\":\"https:\/\/kinaikaleidoszkop.hu\/index.php\/2023\/04\/17\/a-kinai-luxuspiac-lassu-de-biztos-fellendulese\/#primaryimage\",\"url\":\"https:\/\/kinaikaleidoszkop.hu\/wp-content\/uploads\/2023\/04\/pexels-magda-ehlers-2861656.jpg\",\"contentUrl\":\"https:\/\/kinaikaleidoszkop.hu\/wp-content\/uploads\/2023\/04\/pexels-magda-ehlers-2861656.jpg\",\"width\":1279,\"height\":720},{\"@type\":\"BreadcrumbList\",\"@id\":\"https:\/\/kinaikaleidoszkop.hu\/index.php\/2023\/04\/17\/a-kinai-luxuspiac-lassu-de-biztos-fellendulese\/#breadcrumb\",\"itemListElement\":[{\"@type\":\"ListItem\",\"position\":1,\"name\":\"Kezd\u0151lap\",\"item\":\"https:\/\/kinaikaleidoszkop.hu\/\"},{\"@type\":\"ListItem\",\"position\":2,\"name\":\"A k\u00ednai luxuspiac lass\u00fa, de biztos fellend\u00fcl\u00e9se\"}]},{\"@type\":\"WebSite\",\"@id\":\"https:\/\/kinaikaleidoszkop.hu\/#website\",\"url\":\"https:\/\/kinaikaleidoszkop.hu\/\",\"name\":\"kinaikaleidoszkop.hu\",\"description\":\"\",\"potentialAction\":[{\"@type\":\"SearchAction\",\"target\":{\"@type\":\"EntryPoint\",\"urlTemplate\":\"https:\/\/kinaikaleidoszkop.hu\/?s={search_term_string}\"},\"query-input\":{\"@type\":\"PropertyValueSpecification\",\"valueRequired\":true,\"valueName\":\"search_term_string\"}}],\"inLanguage\":\"hu\"},{\"@type\":\"Person\",\"@id\":\"https:\/\/kinaikaleidoszkop.hu\/#\/schema\/person\/cf38b01b34e88459ab98b1c7c13b629d\",\"name\":\"szerk01\",\"image\":{\"@type\":\"ImageObject\",\"inLanguage\":\"hu\",\"@id\":\"https:\/\/kinaikaleidoszkop.hu\/#\/schema\/person\/image\/\",\"url\":\"https:\/\/secure.gravatar.com\/avatar\/7afb4741ac3b72a4d9d543b2bcdfe4b1b3ddc4fefd4ab8f732b518bc7528877c?s=96&d=mm&r=g\",\"contentUrl\":\"https:\/\/secure.gravatar.com\/avatar\/7afb4741ac3b72a4d9d543b2bcdfe4b1b3ddc4fefd4ab8f732b518bc7528877c?s=96&d=mm&r=g\",\"caption\":\"szerk01\"},\"url\":\"https:\/\/kinaikaleidoszkop.hu\/index.php\/author\/szerk01\/\"}]}<\/script>\n<!-- \/ Yoast SEO plugin. -->","yoast_head_json":{"title":"A k\u00ednai luxuspiac lass\u00fa, de biztos fellend\u00fcl\u00e9se - kinaikaleidoszkop.hu","robots":{"index":"index","follow":"follow","max-snippet":"max-snippet:-1","max-image-preview":"max-image-preview:large","max-video-preview":"max-video-preview:-1"},"canonical":"https:\/\/kinaikaleidoszkop.hu\/index.php\/2023\/04\/17\/a-kinai-luxuspiac-lassu-de-biztos-fellendulese\/","og_locale":"hu_HU","og_type":"article","og_title":"A k\u00ednai luxuspiac lass\u00fa, de biztos fellend\u00fcl\u00e9se - kinaikaleidoszkop.hu","og_description":"A 2022-ben bek\u00f6vetkezett megtorpan\u00e1s ut\u00e1n a k\u00ednai luxus \u00e9s fogyaszt\u00e1si cikkek \u00e1gazata a fellend\u00fcl\u00e9s korai jeleit mutatja- \u00edrja az Insider. A luxus \u00e9s a cs\u00facskateg\u00f3ri\u00e1s fogyaszt\u00e1s tekintet\u00e9ben &#8220;el\u00e9g er\u0151s fellend\u00fcl\u00e9st l\u00e1tunk&#8221; &#8211; mondta a Bank of America vezet\u0151 k\u00ednai r\u00e9szv\u00e9nystrat\u00e9g\u00e1ja, Winnie Wu a CNBC-nek kedden. K\u00edna fontos luxusfogyaszt\u00f3. Egy 2020 febru\u00e1rj\u00e1ban k\u00f6zz\u00e9tett jelent\u00e9s\u00e9ben a Bain [&hellip;]","og_url":"https:\/\/kinaikaleidoszkop.hu\/index.php\/2023\/04\/17\/a-kinai-luxuspiac-lassu-de-biztos-fellendulese\/","og_site_name":"kinaikaleidoszkop.hu","article_published_time":"2023-04-17T12:07:44+00:00","article_modified_time":"2023-04-17T12:07:45+00:00","og_image":[{"width":1279,"height":720,"url":"https:\/\/kinaikaleidoszkop.hu\/wp-content\/uploads\/2023\/04\/pexels-magda-ehlers-2861656.jpg","type":"image\/jpeg"}],"author":"szerk01","twitter_card":"summary_large_image","twitter_misc":{"Szerz\u0151:":"szerk01","Becs\u00fclt olvas\u00e1si id\u0151":"2 perc"},"schema":{"@context":"https:\/\/schema.org","@graph":[{"@type":"WebPage","@id":"https:\/\/kinaikaleidoszkop.hu\/index.php\/2023\/04\/17\/a-kinai-luxuspiac-lassu-de-biztos-fellendulese\/","url":"https:\/\/kinaikaleidoszkop.hu\/index.php\/2023\/04\/17\/a-kinai-luxuspiac-lassu-de-biztos-fellendulese\/","name":"A k\u00ednai luxuspiac lass\u00fa, de biztos fellend\u00fcl\u00e9se - kinaikaleidoszkop.hu","isPartOf":{"@id":"https:\/\/kinaikaleidoszkop.hu\/#website"},"primaryImageOfPage":{"@id":"https:\/\/kinaikaleidoszkop.hu\/index.php\/2023\/04\/17\/a-kinai-luxuspiac-lassu-de-biztos-fellendulese\/#primaryimage"},"image":{"@id":"https:\/\/kinaikaleidoszkop.hu\/index.php\/2023\/04\/17\/a-kinai-luxuspiac-lassu-de-biztos-fellendulese\/#primaryimage"},"thumbnailUrl":"https:\/\/kinaikaleidoszkop.hu\/wp-content\/uploads\/2023\/04\/pexels-magda-ehlers-2861656.jpg","datePublished":"2023-04-17T12:07:44+00:00","dateModified":"2023-04-17T12:07:45+00:00","author":{"@id":"https:\/\/kinaikaleidoszkop.hu\/#\/schema\/person\/cf38b01b34e88459ab98b1c7c13b629d"},"breadcrumb":{"@id":"https:\/\/kinaikaleidoszkop.hu\/index.php\/2023\/04\/17\/a-kinai-luxuspiac-lassu-de-biztos-fellendulese\/#breadcrumb"},"inLanguage":"hu","potentialAction":[{"@type":"ReadAction","target":["https:\/\/kinaikaleidoszkop.hu\/index.php\/2023\/04\/17\/a-kinai-luxuspiac-lassu-de-biztos-fellendulese\/"]}]},{"@type":"ImageObject","inLanguage":"hu","@id":"https:\/\/kinaikaleidoszkop.hu\/index.php\/2023\/04\/17\/a-kinai-luxuspiac-lassu-de-biztos-fellendulese\/#primaryimage","url":"https:\/\/kinaikaleidoszkop.hu\/wp-content\/uploads\/2023\/04\/pexels-magda-ehlers-2861656.jpg","contentUrl":"https:\/\/kinaikaleidoszkop.hu\/wp-content\/uploads\/2023\/04\/pexels-magda-ehlers-2861656.jpg","width":1279,"height":720},{"@type":"BreadcrumbList","@id":"https:\/\/kinaikaleidoszkop.hu\/index.php\/2023\/04\/17\/a-kinai-luxuspiac-lassu-de-biztos-fellendulese\/#breadcrumb","itemListElement":[{"@type":"ListItem","position":1,"name":"Kezd\u0151lap","item":"https:\/\/kinaikaleidoszkop.hu\/"},{"@type":"ListItem","position":2,"name":"A k\u00ednai luxuspiac lass\u00fa, de biztos fellend\u00fcl\u00e9se"}]},{"@type":"WebSite","@id":"https:\/\/kinaikaleidoszkop.hu\/#website","url":"https:\/\/kinaikaleidoszkop.hu\/","name":"kinaikaleidoszkop.hu","description":"","potentialAction":[{"@type":"SearchAction","target":{"@type":"EntryPoint","urlTemplate":"https:\/\/kinaikaleidoszkop.hu\/?s={search_term_string}"},"query-input":{"@type":"PropertyValueSpecification","valueRequired":true,"valueName":"search_term_string"}}],"inLanguage":"hu"},{"@type":"Person","@id":"https:\/\/kinaikaleidoszkop.hu\/#\/schema\/person\/cf38b01b34e88459ab98b1c7c13b629d","name":"szerk01","image":{"@type":"ImageObject","inLanguage":"hu","@id":"https:\/\/kinaikaleidoszkop.hu\/#\/schema\/person\/image\/","url":"https:\/\/secure.gravatar.com\/avatar\/7afb4741ac3b72a4d9d543b2bcdfe4b1b3ddc4fefd4ab8f732b518bc7528877c?s=96&d=mm&r=g","contentUrl":"https:\/\/secure.gravatar.com\/avatar\/7afb4741ac3b72a4d9d543b2bcdfe4b1b3ddc4fefd4ab8f732b518bc7528877c?s=96&d=mm&r=g","caption":"szerk01"},"url":"https:\/\/kinaikaleidoszkop.hu\/index.php\/author\/szerk01\/"}]}},"views":297,"distributor_meta":false,"distributor_terms":false,"distributor_media":false,"distributor_original_site_name":"kinaikaleidoszkop.hu","distributor_original_site_url":"https:\/\/kinaikaleidoszkop.hu","push-errors":false,"_links":{"self":[{"href":"https:\/\/kinaikaleidoszkop.hu\/index.php\/wp-json\/wp\/v2\/posts\/17154","targetHints":{"allow":["GET"]}}],"collection":[{"href":"https:\/\/kinaikaleidoszkop.hu\/index.php\/wp-json\/wp\/v2\/posts"}],"about":[{"href":"https:\/\/kinaikaleidoszkop.hu\/index.php\/wp-json\/wp\/v2\/types\/post"}],"author":[{"embeddable":true,"href":"https:\/\/kinaikaleidoszkop.hu\/index.php\/wp-json\/wp\/v2\/users\/8"}],"replies":[{"embeddable":true,"href":"https:\/\/kinaikaleidoszkop.hu\/index.php\/wp-json\/wp\/v2\/comments?post=17154"}],"version-history":[{"count":1,"href":"https:\/\/kinaikaleidoszkop.hu\/index.php\/wp-json\/wp\/v2\/posts\/17154\/revisions"}],"predecessor-version":[{"id":17158,"href":"https:\/\/kinaikaleidoszkop.hu\/index.php\/wp-json\/wp\/v2\/posts\/17154\/revisions\/17158"}],"wp:featuredmedia":[{"embeddable":true,"href":"https:\/\/kinaikaleidoszkop.hu\/index.php\/wp-json\/wp\/v2\/media\/17157"}],"wp:attachment":[{"href":"https:\/\/kinaikaleidoszkop.hu\/index.php\/wp-json\/wp\/v2\/media?parent=17154"}],"wp:term":[{"taxonomy":"category","embeddable":true,"href":"https:\/\/kinaikaleidoszkop.hu\/index.php\/wp-json\/wp\/v2\/categories?post=17154"},{"taxonomy":"post_tag","embeddable":true,"href":"https:\/\/kinaikaleidoszkop.hu\/index.php\/wp-json\/wp\/v2\/tags?post=17154"}],"curies":[{"name":"wp","href":"https:\/\/api.w.org\/{rel}","templated":true}]}}