{"id":17189,"date":"2023-04-20T09:44:16","date_gmt":"2023-04-20T07:44:16","guid":{"rendered":"https:\/\/kinaikaleidoszkop.hu\/?p=17189"},"modified":"2023-04-20T09:46:20","modified_gmt":"2023-04-20T07:46:20","slug":"miert-haladta-meg-a-varakozasokat-a-kinai-gazdasag-teljesitmenye-az-elso-negyedevben","status":"publish","type":"post","link":"https:\/\/kinaikaleidoszkop.hu\/index.php\/2023\/04\/20\/miert-haladta-meg-a-varakozasokat-a-kinai-gazdasag-teljesitmenye-az-elso-negyedevben\/","title":{"rendered":"Mi\u00e9rt haladta meg a v\u00e1rakoz\u00e1sokat a k\u00ednai gazdas\u00e1g teljes\u00edtm\u00e9nye az els\u0151 negyed\u00e9vben?"},"content":{"rendered":"\n<p><strong>&#8220;Az els\u0151 negyed\u00e9ves GDP-n\u00f6veked\u00e9s meghaladta az el\u0151z\u0151 \u00e9rt\u00e9ket \u00e9s a v\u00e1rakoz\u00e1sokat&#8221;, &#8220;K\u00edna gazdas\u00e1gi fellend\u00fcl\u00e9se gyorsul&#8221;, &#8220;J\u00f3l indul a k\u00ednai gazdas\u00e1g&#8221;&#8230; ilyen \u00e9s hasonl\u00f3 c\u00edmekkel jelentek meg h\u00edrad\u00e1sok a k\u00ednai m\u00e9di\u00e1ban, miut\u00e1n K\u00edna kedden k\u00f6zz\u00e9tette a 2023-as els\u0151 negyed\u00e9ves nemzetgazdas\u00e1gi adatokat.<\/strong><\/p>\n\n\n\n<p>Az el\u0151zetes sz\u00e1m\u00edt\u00e1sok szerint K\u00edna GDP-je az els\u0151 negyed\u00e9vben 28 499,7 milli\u00e1rd j\u00fcan (3 778,3 milli\u00e1rd eur\u00f3) volt, ami v\u00e1ltozatlan \u00e1ron 4,5%-os \u00e9ves n\u00f6veked\u00e9st jelent. A megjel\u00f6lt m\u00e9ret feletti ipar\u00e1gak hozz\u00e1adott \u00e9rt\u00e9ke 3,0%-kal, a nemzeti \u00e1ll\u00f3eszk\u00f6zberuh\u00e1z\u00e1s 5,1%-kal, a szoci\u00e1lis fogyaszt\u00e1si cikkek teljes kiskereskedelmi forgalma 5,8%-kal, a teljes \u00e1ruimport \u00e9s -export pedig 4,8%-kal n\u0151tt az el\u0151z\u0151 \u00e9v azonos id\u0151szak\u00e1hoz k\u00e9pest&#8230; Ezek mind azt mutatj\u00e1k, hogy gazdas\u00e1g stabiliz\u00e1l\u00f3dott \u00e9s talpra \u00e1llt.<\/p>\n\n\n\n<p>Az \u00e9v eleje \u00f3ta K\u00edna t\u00f6bb v\u00e1ros\u00e1ban mindent megtesznek annak \u00e9rdek\u00e9ben, hogy el\u0151seg\u00edts\u00e9k a gazdas\u00e1g m\u0171k\u00f6d\u00e9s\u00e9nek \u00e1ltal\u00e1nos javul\u00e1s\u00e1t. A proakt\u00edv fisk\u00e1lis politika, a k\u00f6r\u00fcltekint\u0151 monet\u00e1ris politika, valamint a n\u00f6veked\u00e9s, a foglalkoztat\u00e1s \u00e9s az \u00e1rak stabiliz\u00e1l\u00e1s\u00e1t c\u00e9lz\u00f3 k\u00fcl\u00f6nf\u00e9le int\u00e9zked\u00e9sek ugyancsak a gazdas\u00e1g javul\u00e1s\u00e1t seg\u00edtik.<\/p>\n\n\n\n<figure class=\"wp-block-image size-full\"><img loading=\"lazy\" decoding=\"async\" width=\"800\" height=\"533\" src=\"https:\/\/kinaikaleidoszkop.hu\/wp-content\/uploads\/2023\/04\/0419-3.jpg\" alt=\"\" class=\"wp-image-17191\" srcset=\"https:\/\/kinaikaleidoszkop.hu\/wp-content\/uploads\/2023\/04\/0419-3.jpg 800w, https:\/\/kinaikaleidoszkop.hu\/wp-content\/uploads\/2023\/04\/0419-3-300x200.jpg 300w, https:\/\/kinaikaleidoszkop.hu\/wp-content\/uploads\/2023\/04\/0419-3-768x512.jpg 768w, https:\/\/kinaikaleidoszkop.hu\/wp-content\/uploads\/2023\/04\/0419-3-414x276.jpg 414w, https:\/\/kinaikaleidoszkop.hu\/wp-content\/uploads\/2023\/04\/0419-3-470x313.jpg 470w, https:\/\/kinaikaleidoszkop.hu\/wp-content\/uploads\/2023\/04\/0419-3-640x426.jpg 640w, https:\/\/kinaikaleidoszkop.hu\/wp-content\/uploads\/2023\/04\/0419-3-130x86.jpg 130w, https:\/\/kinaikaleidoszkop.hu\/wp-content\/uploads\/2023\/04\/0419-3-187x124.jpg 187w\" sizes=\"auto, (max-width: 800px) 100vw, 800px\" \/><figcaption class=\"wp-element-caption\">Fot\u00f3 forr\u00e1sa: cfp.cn<\/figcaption><\/figure>\n\n\n\n<p>Ebben az id\u0151szakban az RMB-hitelek 10,6 billi\u00f3 j\u00fcannal n\u0151ttek, ami 2,27 billi\u00f3 j\u00fcanos emelked\u00e9st jelent az el\u0151z\u0151 \u00e9v azonos id\u0151szak\u00e1hoz k\u00e9pest. Az elemz\u0151k r\u00e1mutattak, hogy a p\u00e9nzint\u00e9zetek hitelny\u00fajt\u00e1sa felgyors\u00edtotta a v\u00e1llalkoz\u00e1sokn\u00e1l a termel\u00e9s \u00fajraind\u00edt\u00e1s\u00e1t.<\/p>\n\n\n\n<p>A fogyaszt\u00e1s gyors \u00e9l\u00e9nk\u00fcl\u00e9se volt a k\u00ednai gazdas\u00e1g kiemelked\u0151 esem\u00e9nye az els\u0151 negyed\u00e9vben. Az adatok azt mutatj\u00e1k, hogy a fogyaszt\u00e1si cikkek \u00f6ssz\u00e9rt\u00e9kes\u00edt\u00e9se az els\u0151 negyed\u00e9vben 5,8%-kal n\u0151tt az el\u0151z\u0151 \u00e9v azonos id\u0151szak\u00e1hoz k\u00e9pest, ami jelent\u0151s javul\u00e1s a tavalyi negyedik negyed\u00e9vi 2,7%-os visszaes\u00e9shez k\u00e9pest.<\/p>\n\n\n\n<p>A nyit\u00e1s folyamatos el\u0151seg\u00edt\u00e9se ugyanakkor \u00e9leter\u0151t hozott a gazdas\u00e1gi n\u00f6veked\u00e9sbe. Az \u00e9v elej\u00e9n K\u00edna m\u00f3dos\u00edtotta j\u00e1rv\u00e1nymegel\u0151z\u00e9si \u00e9s -ellen\u0151rz\u00e9si politik\u00e1j\u00e1t, \u00e9s \u00fajranyitott. A K\u00ednai Fejleszt\u00e9si F\u00f3rum, a Boao \u00c1zsiai F\u00f3rum, a K\u00ednai Nemzetk\u00f6zi Fogyaszt\u00e1si Cikkek V\u00e1s\u00e1ra , a K\u00ednai Import \u00e9s Export V\u00e1s\u00e1r mind-mind tengerent\u00fali v\u00e1llalatokat \u00e9s \u00fczletembereket vonzott az orsz\u00e1gba, amelyek folytatni szeretn\u00e9k az \u00fczleti egy\u00fcttm\u0171k\u00f6d\u00e9st k\u00ednai partnereikkel, illetve b\u0151v\u00edtik a befektet\u00e9seiket K\u00edn\u00e1ban.<\/p>\n\n\n\n<p><strong>2023. 04. 20.<\/strong><\/p>\n\n\n\n<p><strong><em>(China Media Group)<\/em><\/strong><\/p>\n\n\n\n<p><strong>(x)<\/strong><\/p>\n","protected":false},"excerpt":{"rendered":"<p>&#8220;Az els\u0151 negyed\u00e9ves GDP-n\u00f6veked\u00e9s meghaladta az el\u0151z\u0151 \u00e9rt\u00e9ket \u00e9s a v\u00e1rakoz\u00e1sokat&#8221;, &#8220;K\u00edna gazdas\u00e1gi fellend\u00fcl\u00e9se gyorsul&#8221;, &#8220;J\u00f3l indul a k\u00ednai gazdas\u00e1g&#8221;&#8230; ilyen \u00e9s hasonl\u00f3 c\u00edmekkel jelentek meg h\u00edrad\u00e1sok a k\u00ednai m\u00e9di\u00e1ban, miut\u00e1n K\u00edna kedden k\u00f6zz\u00e9tette a 2023-as els\u0151 negyed\u00e9ves nemzetgazdas\u00e1gi adatokat. Az el\u0151zetes sz\u00e1m\u00edt\u00e1sok szerint K\u00edna GDP-je az els\u0151 negyed\u00e9vben 28 499,7 milli\u00e1rd j\u00fcan (3 778,3 [&hellip;]<\/p>\n","protected":false},"author":6,"featured_media":17191,"comment_status":"closed","ping_status":"closed","sticky":false,"template":"","format":"standard","meta":{"footnotes":""},"categories":[45],"tags":[66,2332,702],"class_list":["post-17189","post","type-post","status-publish","format-standard","has-post-thumbnail","hentry","category-hirek","tag-gazdasag","tag-gazdasag-teljesitmeny","tag-gazdasagi-novekedes"],"yoast_head":"<!-- This site is optimized with the Yoast SEO plugin v23.7 - https:\/\/yoast.com\/wordpress\/plugins\/seo\/ -->\n<title>Mi\u00e9rt haladta meg a v\u00e1rakoz\u00e1sokat a k\u00ednai gazdas\u00e1g teljes\u00edtm\u00e9nye az els\u0151 negyed\u00e9vben? - kinaikaleidoszkop.hu<\/title>\n<meta name=\"robots\" content=\"index, follow, max-snippet:-1, max-image-preview:large, max-video-preview:-1\" \/>\n<link rel=\"canonical\" href=\"https:\/\/kinaikaleidoszkop.hu\/index.php\/2023\/04\/20\/miert-haladta-meg-a-varakozasokat-a-kinai-gazdasag-teljesitmenye-az-elso-negyedevben\/\" \/>\n<meta property=\"og:locale\" content=\"hu_HU\" \/>\n<meta property=\"og:type\" content=\"article\" \/>\n<meta property=\"og:title\" content=\"Mi\u00e9rt haladta meg a v\u00e1rakoz\u00e1sokat a k\u00ednai gazdas\u00e1g teljes\u00edtm\u00e9nye az els\u0151 negyed\u00e9vben? - kinaikaleidoszkop.hu\" \/>\n<meta property=\"og:description\" content=\"&#8220;Az els\u0151 negyed\u00e9ves GDP-n\u00f6veked\u00e9s meghaladta az el\u0151z\u0151 \u00e9rt\u00e9ket \u00e9s a v\u00e1rakoz\u00e1sokat&#8221;, &#8220;K\u00edna gazdas\u00e1gi fellend\u00fcl\u00e9se gyorsul&#8221;, &#8220;J\u00f3l indul a k\u00ednai gazdas\u00e1g&#8221;&#8230; ilyen \u00e9s hasonl\u00f3 c\u00edmekkel jelentek meg h\u00edrad\u00e1sok a k\u00ednai m\u00e9di\u00e1ban, miut\u00e1n K\u00edna kedden k\u00f6zz\u00e9tette a 2023-as els\u0151 negyed\u00e9ves nemzetgazdas\u00e1gi adatokat. Az el\u0151zetes sz\u00e1m\u00edt\u00e1sok szerint K\u00edna GDP-je az els\u0151 negyed\u00e9vben 28 499,7 milli\u00e1rd j\u00fcan (3 778,3 [&hellip;]\" \/>\n<meta property=\"og:url\" content=\"https:\/\/kinaikaleidoszkop.hu\/index.php\/2023\/04\/20\/miert-haladta-meg-a-varakozasokat-a-kinai-gazdasag-teljesitmenye-az-elso-negyedevben\/\" \/>\n<meta property=\"og:site_name\" content=\"kinaikaleidoszkop.hu\" \/>\n<meta property=\"article:published_time\" content=\"2023-04-20T07:44:16+00:00\" \/>\n<meta property=\"article:modified_time\" content=\"2023-04-20T07:46:20+00:00\" \/>\n<meta property=\"og:image\" content=\"https:\/\/kinaikaleidoszkop.hu\/wp-content\/uploads\/2023\/04\/0419-3.jpg\" \/>\n\t<meta property=\"og:image:width\" content=\"800\" \/>\n\t<meta property=\"og:image:height\" content=\"533\" \/>\n\t<meta property=\"og:image:type\" content=\"image\/jpeg\" \/>\n<meta name=\"author\" content=\"admin-sebi\" \/>\n<meta name=\"twitter:card\" content=\"summary_large_image\" \/>\n<meta name=\"twitter:label1\" content=\"Szerz\u0151:\" \/>\n\t<meta name=\"twitter:data1\" content=\"admin-sebi\" \/>\n\t<meta name=\"twitter:label2\" content=\"Becs\u00fclt olvas\u00e1si id\u0151\" \/>\n\t<meta name=\"twitter:data2\" content=\"2 perc\" \/>\n<script type=\"application\/ld+json\" class=\"yoast-schema-graph\">{\"@context\":\"https:\/\/schema.org\",\"@graph\":[{\"@type\":\"WebPage\",\"@id\":\"https:\/\/kinaikaleidoszkop.hu\/index.php\/2023\/04\/20\/miert-haladta-meg-a-varakozasokat-a-kinai-gazdasag-teljesitmenye-az-elso-negyedevben\/\",\"url\":\"https:\/\/kinaikaleidoszkop.hu\/index.php\/2023\/04\/20\/miert-haladta-meg-a-varakozasokat-a-kinai-gazdasag-teljesitmenye-az-elso-negyedevben\/\",\"name\":\"Mi\u00e9rt haladta meg a v\u00e1rakoz\u00e1sokat a k\u00ednai gazdas\u00e1g teljes\u00edtm\u00e9nye az els\u0151 negyed\u00e9vben? - kinaikaleidoszkop.hu\",\"isPartOf\":{\"@id\":\"https:\/\/kinaikaleidoszkop.hu\/#website\"},\"primaryImageOfPage\":{\"@id\":\"https:\/\/kinaikaleidoszkop.hu\/index.php\/2023\/04\/20\/miert-haladta-meg-a-varakozasokat-a-kinai-gazdasag-teljesitmenye-az-elso-negyedevben\/#primaryimage\"},\"image\":{\"@id\":\"https:\/\/kinaikaleidoszkop.hu\/index.php\/2023\/04\/20\/miert-haladta-meg-a-varakozasokat-a-kinai-gazdasag-teljesitmenye-az-elso-negyedevben\/#primaryimage\"},\"thumbnailUrl\":\"https:\/\/kinaikaleidoszkop.hu\/wp-content\/uploads\/2023\/04\/0419-3.jpg\",\"datePublished\":\"2023-04-20T07:44:16+00:00\",\"dateModified\":\"2023-04-20T07:46:20+00:00\",\"author\":{\"@id\":\"https:\/\/kinaikaleidoszkop.hu\/#\/schema\/person\/fd215d3a8bab54daeb796ae166f99ea5\"},\"breadcrumb\":{\"@id\":\"https:\/\/kinaikaleidoszkop.hu\/index.php\/2023\/04\/20\/miert-haladta-meg-a-varakozasokat-a-kinai-gazdasag-teljesitmenye-az-elso-negyedevben\/#breadcrumb\"},\"inLanguage\":\"hu\",\"potentialAction\":[{\"@type\":\"ReadAction\",\"target\":[\"https:\/\/kinaikaleidoszkop.hu\/index.php\/2023\/04\/20\/miert-haladta-meg-a-varakozasokat-a-kinai-gazdasag-teljesitmenye-az-elso-negyedevben\/\"]}]},{\"@type\":\"ImageObject\",\"inLanguage\":\"hu\",\"@id\":\"https:\/\/kinaikaleidoszkop.hu\/index.php\/2023\/04\/20\/miert-haladta-meg-a-varakozasokat-a-kinai-gazdasag-teljesitmenye-az-elso-negyedevben\/#primaryimage\",\"url\":\"https:\/\/kinaikaleidoszkop.hu\/wp-content\/uploads\/2023\/04\/0419-3.jpg\",\"contentUrl\":\"https:\/\/kinaikaleidoszkop.hu\/wp-content\/uploads\/2023\/04\/0419-3.jpg\",\"width\":800,\"height\":533,\"caption\":\"Fot\u00f3 forr\u00e1sa: cfp.cn\"},{\"@type\":\"BreadcrumbList\",\"@id\":\"https:\/\/kinaikaleidoszkop.hu\/index.php\/2023\/04\/20\/miert-haladta-meg-a-varakozasokat-a-kinai-gazdasag-teljesitmenye-az-elso-negyedevben\/#breadcrumb\",\"itemListElement\":[{\"@type\":\"ListItem\",\"position\":1,\"name\":\"Kezd\u0151lap\",\"item\":\"https:\/\/kinaikaleidoszkop.hu\/\"},{\"@type\":\"ListItem\",\"position\":2,\"name\":\"Mi\u00e9rt haladta meg a v\u00e1rakoz\u00e1sokat a k\u00ednai gazdas\u00e1g teljes\u00edtm\u00e9nye az els\u0151 negyed\u00e9vben?\"}]},{\"@type\":\"WebSite\",\"@id\":\"https:\/\/kinaikaleidoszkop.hu\/#website\",\"url\":\"https:\/\/kinaikaleidoszkop.hu\/\",\"name\":\"kinaikaleidoszkop.hu\",\"description\":\"\",\"potentialAction\":[{\"@type\":\"SearchAction\",\"target\":{\"@type\":\"EntryPoint\",\"urlTemplate\":\"https:\/\/kinaikaleidoszkop.hu\/?s={search_term_string}\"},\"query-input\":{\"@type\":\"PropertyValueSpecification\",\"valueRequired\":true,\"valueName\":\"search_term_string\"}}],\"inLanguage\":\"hu\"},{\"@type\":\"Person\",\"@id\":\"https:\/\/kinaikaleidoszkop.hu\/#\/schema\/person\/fd215d3a8bab54daeb796ae166f99ea5\",\"name\":\"admin-sebi\",\"image\":{\"@type\":\"ImageObject\",\"inLanguage\":\"hu\",\"@id\":\"https:\/\/kinaikaleidoszkop.hu\/#\/schema\/person\/image\/\",\"url\":\"https:\/\/secure.gravatar.com\/avatar\/b1498042bc4969020b4951f204f963e97c3d7d199f3790c1071adf67c61d0aa5?s=96&d=mm&r=g\",\"contentUrl\":\"https:\/\/secure.gravatar.com\/avatar\/b1498042bc4969020b4951f204f963e97c3d7d199f3790c1071adf67c61d0aa5?s=96&d=mm&r=g\",\"caption\":\"admin-sebi\"},\"url\":\"https:\/\/kinaikaleidoszkop.hu\/index.php\/author\/admin-sebi\/\"}]}<\/script>\n<!-- \/ Yoast SEO plugin. -->","yoast_head_json":{"title":"Mi\u00e9rt haladta meg a v\u00e1rakoz\u00e1sokat a k\u00ednai gazdas\u00e1g teljes\u00edtm\u00e9nye az els\u0151 negyed\u00e9vben? - kinaikaleidoszkop.hu","robots":{"index":"index","follow":"follow","max-snippet":"max-snippet:-1","max-image-preview":"max-image-preview:large","max-video-preview":"max-video-preview:-1"},"canonical":"https:\/\/kinaikaleidoszkop.hu\/index.php\/2023\/04\/20\/miert-haladta-meg-a-varakozasokat-a-kinai-gazdasag-teljesitmenye-az-elso-negyedevben\/","og_locale":"hu_HU","og_type":"article","og_title":"Mi\u00e9rt haladta meg a v\u00e1rakoz\u00e1sokat a k\u00ednai gazdas\u00e1g teljes\u00edtm\u00e9nye az els\u0151 negyed\u00e9vben? - kinaikaleidoszkop.hu","og_description":"&#8220;Az els\u0151 negyed\u00e9ves GDP-n\u00f6veked\u00e9s meghaladta az el\u0151z\u0151 \u00e9rt\u00e9ket \u00e9s a v\u00e1rakoz\u00e1sokat&#8221;, &#8220;K\u00edna gazdas\u00e1gi fellend\u00fcl\u00e9se gyorsul&#8221;, &#8220;J\u00f3l indul a k\u00ednai gazdas\u00e1g&#8221;&#8230; ilyen \u00e9s hasonl\u00f3 c\u00edmekkel jelentek meg h\u00edrad\u00e1sok a k\u00ednai m\u00e9di\u00e1ban, miut\u00e1n K\u00edna kedden k\u00f6zz\u00e9tette a 2023-as els\u0151 negyed\u00e9ves nemzetgazdas\u00e1gi adatokat. Az el\u0151zetes sz\u00e1m\u00edt\u00e1sok szerint K\u00edna GDP-je az els\u0151 negyed\u00e9vben 28 499,7 milli\u00e1rd j\u00fcan (3 778,3 [&hellip;]","og_url":"https:\/\/kinaikaleidoszkop.hu\/index.php\/2023\/04\/20\/miert-haladta-meg-a-varakozasokat-a-kinai-gazdasag-teljesitmenye-az-elso-negyedevben\/","og_site_name":"kinaikaleidoszkop.hu","article_published_time":"2023-04-20T07:44:16+00:00","article_modified_time":"2023-04-20T07:46:20+00:00","og_image":[{"width":800,"height":533,"url":"https:\/\/kinaikaleidoszkop.hu\/wp-content\/uploads\/2023\/04\/0419-3.jpg","type":"image\/jpeg"}],"author":"admin-sebi","twitter_card":"summary_large_image","twitter_misc":{"Szerz\u0151:":"admin-sebi","Becs\u00fclt olvas\u00e1si id\u0151":"2 perc"},"schema":{"@context":"https:\/\/schema.org","@graph":[{"@type":"WebPage","@id":"https:\/\/kinaikaleidoszkop.hu\/index.php\/2023\/04\/20\/miert-haladta-meg-a-varakozasokat-a-kinai-gazdasag-teljesitmenye-az-elso-negyedevben\/","url":"https:\/\/kinaikaleidoszkop.hu\/index.php\/2023\/04\/20\/miert-haladta-meg-a-varakozasokat-a-kinai-gazdasag-teljesitmenye-az-elso-negyedevben\/","name":"Mi\u00e9rt haladta meg a v\u00e1rakoz\u00e1sokat a k\u00ednai gazdas\u00e1g teljes\u00edtm\u00e9nye az els\u0151 negyed\u00e9vben? - kinaikaleidoszkop.hu","isPartOf":{"@id":"https:\/\/kinaikaleidoszkop.hu\/#website"},"primaryImageOfPage":{"@id":"https:\/\/kinaikaleidoszkop.hu\/index.php\/2023\/04\/20\/miert-haladta-meg-a-varakozasokat-a-kinai-gazdasag-teljesitmenye-az-elso-negyedevben\/#primaryimage"},"image":{"@id":"https:\/\/kinaikaleidoszkop.hu\/index.php\/2023\/04\/20\/miert-haladta-meg-a-varakozasokat-a-kinai-gazdasag-teljesitmenye-az-elso-negyedevben\/#primaryimage"},"thumbnailUrl":"https:\/\/kinaikaleidoszkop.hu\/wp-content\/uploads\/2023\/04\/0419-3.jpg","datePublished":"2023-04-20T07:44:16+00:00","dateModified":"2023-04-20T07:46:20+00:00","author":{"@id":"https:\/\/kinaikaleidoszkop.hu\/#\/schema\/person\/fd215d3a8bab54daeb796ae166f99ea5"},"breadcrumb":{"@id":"https:\/\/kinaikaleidoszkop.hu\/index.php\/2023\/04\/20\/miert-haladta-meg-a-varakozasokat-a-kinai-gazdasag-teljesitmenye-az-elso-negyedevben\/#breadcrumb"},"inLanguage":"hu","potentialAction":[{"@type":"ReadAction","target":["https:\/\/kinaikaleidoszkop.hu\/index.php\/2023\/04\/20\/miert-haladta-meg-a-varakozasokat-a-kinai-gazdasag-teljesitmenye-az-elso-negyedevben\/"]}]},{"@type":"ImageObject","inLanguage":"hu","@id":"https:\/\/kinaikaleidoszkop.hu\/index.php\/2023\/04\/20\/miert-haladta-meg-a-varakozasokat-a-kinai-gazdasag-teljesitmenye-az-elso-negyedevben\/#primaryimage","url":"https:\/\/kinaikaleidoszkop.hu\/wp-content\/uploads\/2023\/04\/0419-3.jpg","contentUrl":"https:\/\/kinaikaleidoszkop.hu\/wp-content\/uploads\/2023\/04\/0419-3.jpg","width":800,"height":533,"caption":"Fot\u00f3 forr\u00e1sa: cfp.cn"},{"@type":"BreadcrumbList","@id":"https:\/\/kinaikaleidoszkop.hu\/index.php\/2023\/04\/20\/miert-haladta-meg-a-varakozasokat-a-kinai-gazdasag-teljesitmenye-az-elso-negyedevben\/#breadcrumb","itemListElement":[{"@type":"ListItem","position":1,"name":"Kezd\u0151lap","item":"https:\/\/kinaikaleidoszkop.hu\/"},{"@type":"ListItem","position":2,"name":"Mi\u00e9rt haladta meg a v\u00e1rakoz\u00e1sokat a k\u00ednai gazdas\u00e1g teljes\u00edtm\u00e9nye az els\u0151 negyed\u00e9vben?"}]},{"@type":"WebSite","@id":"https:\/\/kinaikaleidoszkop.hu\/#website","url":"https:\/\/kinaikaleidoszkop.hu\/","name":"kinaikaleidoszkop.hu","description":"","potentialAction":[{"@type":"SearchAction","target":{"@type":"EntryPoint","urlTemplate":"https:\/\/kinaikaleidoszkop.hu\/?s={search_term_string}"},"query-input":{"@type":"PropertyValueSpecification","valueRequired":true,"valueName":"search_term_string"}}],"inLanguage":"hu"},{"@type":"Person","@id":"https:\/\/kinaikaleidoszkop.hu\/#\/schema\/person\/fd215d3a8bab54daeb796ae166f99ea5","name":"admin-sebi","image":{"@type":"ImageObject","inLanguage":"hu","@id":"https:\/\/kinaikaleidoszkop.hu\/#\/schema\/person\/image\/","url":"https:\/\/secure.gravatar.com\/avatar\/b1498042bc4969020b4951f204f963e97c3d7d199f3790c1071adf67c61d0aa5?s=96&d=mm&r=g","contentUrl":"https:\/\/secure.gravatar.com\/avatar\/b1498042bc4969020b4951f204f963e97c3d7d199f3790c1071adf67c61d0aa5?s=96&d=mm&r=g","caption":"admin-sebi"},"url":"https:\/\/kinaikaleidoszkop.hu\/index.php\/author\/admin-sebi\/"}]}},"views":253,"distributor_meta":false,"distributor_terms":false,"distributor_media":false,"distributor_original_site_name":"kinaikaleidoszkop.hu","distributor_original_site_url":"https:\/\/kinaikaleidoszkop.hu","push-errors":false,"_links":{"self":[{"href":"https:\/\/kinaikaleidoszkop.hu\/index.php\/wp-json\/wp\/v2\/posts\/17189","targetHints":{"allow":["GET"]}}],"collection":[{"href":"https:\/\/kinaikaleidoszkop.hu\/index.php\/wp-json\/wp\/v2\/posts"}],"about":[{"href":"https:\/\/kinaikaleidoszkop.hu\/index.php\/wp-json\/wp\/v2\/types\/post"}],"author":[{"embeddable":true,"href":"https:\/\/kinaikaleidoszkop.hu\/index.php\/wp-json\/wp\/v2\/users\/6"}],"replies":[{"embeddable":true,"href":"https:\/\/kinaikaleidoszkop.hu\/index.php\/wp-json\/wp\/v2\/comments?post=17189"}],"version-history":[{"count":1,"href":"https:\/\/kinaikaleidoszkop.hu\/index.php\/wp-json\/wp\/v2\/posts\/17189\/revisions"}],"predecessor-version":[{"id":17192,"href":"https:\/\/kinaikaleidoszkop.hu\/index.php\/wp-json\/wp\/v2\/posts\/17189\/revisions\/17192"}],"wp:featuredmedia":[{"embeddable":true,"href":"https:\/\/kinaikaleidoszkop.hu\/index.php\/wp-json\/wp\/v2\/media\/17191"}],"wp:attachment":[{"href":"https:\/\/kinaikaleidoszkop.hu\/index.php\/wp-json\/wp\/v2\/media?parent=17189"}],"wp:term":[{"taxonomy":"category","embeddable":true,"href":"https:\/\/kinaikaleidoszkop.hu\/index.php\/wp-json\/wp\/v2\/categories?post=17189"},{"taxonomy":"post_tag","embeddable":true,"href":"https:\/\/kinaikaleidoszkop.hu\/index.php\/wp-json\/wp\/v2\/tags?post=17189"}],"curies":[{"name":"wp","href":"https:\/\/api.w.org\/{rel}","templated":true}]}}