{"id":17203,"date":"2023-04-21T11:01:00","date_gmt":"2023-04-21T09:01:00","guid":{"rendered":"https:\/\/kinaikaleidoszkop.hu\/?p=17203"},"modified":"2023-04-20T18:11:42","modified_gmt":"2023-04-20T16:11:42","slug":"kinai-jarattal-bovult-a-budapest-liszt-ferenc-nemzetkozi-repuloter-teherforgalma","status":"publish","type":"post","link":"https:\/\/kinaikaleidoszkop.hu\/index.php\/2023\/04\/21\/kinai-jarattal-bovult-a-budapest-liszt-ferenc-nemzetkozi-repuloter-teherforgalma\/","title":{"rendered":"K\u00ednai j\u00e1rattal b\u0151v\u00fclt a Budapest Liszt Ferenc Nemzetk\u00f6zi Rep\u00fcl\u0151t\u00e9r teherforgalma"},"content":{"rendered":"\n<p><strong>K\u00ednai j\u00e1rattal b\u0151v\u00fclt a Budapest Liszt Ferenc Nemzetk\u00f6zi Rep\u00fcl\u0151t\u00e9r teherforgalma, a Sichuan Airlines g\u00e9pe cs\u00fct\u00f6rt\u00f6k\u00f6n sz\u00e1llt le el\u0151sz\u00f6r Budapesten.<\/strong><\/p>\n\n\n<div class=\"wp-block-image\">\n<figure class=\"aligncenter size-full\"><img loading=\"lazy\" decoding=\"async\" width=\"800\" height=\"450\" src=\"https:\/\/kinaikaleidoszkop.hu\/wp-content\/uploads\/2023\/04\/B-5960_-_Sichuan_Airlines_Changhong_Livery_-_Airbus_A330-343_-_1579_-_VGHS.jpg\" alt=\"\" class=\"wp-image-17205\" srcset=\"https:\/\/kinaikaleidoszkop.hu\/wp-content\/uploads\/2023\/04\/B-5960_-_Sichuan_Airlines_Changhong_Livery_-_Airbus_A330-343_-_1579_-_VGHS.jpg 800w, https:\/\/kinaikaleidoszkop.hu\/wp-content\/uploads\/2023\/04\/B-5960_-_Sichuan_Airlines_Changhong_Livery_-_Airbus_A330-343_-_1579_-_VGHS-300x168.jpg 300w, https:\/\/kinaikaleidoszkop.hu\/wp-content\/uploads\/2023\/04\/B-5960_-_Sichuan_Airlines_Changhong_Livery_-_Airbus_A330-343_-_1579_-_VGHS-768x432.jpg 768w, https:\/\/kinaikaleidoszkop.hu\/wp-content\/uploads\/2023\/04\/B-5960_-_Sichuan_Airlines_Changhong_Livery_-_Airbus_A330-343_-_1579_-_VGHS-470x264.jpg 470w, https:\/\/kinaikaleidoszkop.hu\/wp-content\/uploads\/2023\/04\/B-5960_-_Sichuan_Airlines_Changhong_Livery_-_Airbus_A330-343_-_1579_-_VGHS-640x360.jpg 640w, https:\/\/kinaikaleidoszkop.hu\/wp-content\/uploads\/2023\/04\/B-5960_-_Sichuan_Airlines_Changhong_Livery_-_Airbus_A330-343_-_1579_-_VGHS-215x120.jpg 215w, https:\/\/kinaikaleidoszkop.hu\/wp-content\/uploads\/2023\/04\/B-5960_-_Sichuan_Airlines_Changhong_Livery_-_Airbus_A330-343_-_1579_-_VGHS-414x232.jpg 414w\" sizes=\"auto, (max-width: 800px) 100vw, 800px\" \/><\/figure>\n<\/div>\n\n\n<p>A nyugat-k\u00ednai Csengdu-Suangliu Nemzetk\u00f6zi Rep\u00fcl\u0151t\u00e9rr\u0151l ind\u00edtott tehersz\u00e1ll\u00edt\u00f3 j\u00e1ratot a Budapest Airport k\u00e9pviselet\u00e9ben Ren\u00e9 Droese fogadta. A t\u00e1rsas\u00e1g fejleszt\u00e9si vez\u00e9rigazgat\u00f3-helyettese abban b\u00edzik, hogy hamarosan Magyarorsz\u00e1g lehet Nyugat-K\u00edna\u00a0vezet\u0151 l\u00e9git\u00e1rsas\u00e1g\u00e1nak legfontosabb eur\u00f3pai c\u00e9lpontja.<\/p>\n\n\n\n<p>A budapesti rep\u00fcl\u0151t\u00e9r \u00fczemeltet\u0151je a fejleszt\u00e9seivel szeretne hozz\u00e1j\u00e1rulni a forgalom b\u0151v\u00fcl\u00e9s\u00e9hez, mik\u00e9nt eddig is arra t\u00f6rekedett, hogy a l\u00e9gikik\u00f6t\u0151 \u00f6sszek\u00f6t\u0151 legyen kelet fel\u00e9 &#8211; hangs\u00falyozta a vez\u00e9rigazgat\u00f3-helyettes. Ennek \u00e9rdek\u00e9ben b\u0151v\u00edtik egyebek k\u00f6z\u00f6tt az 50 milli\u00f3 eur\u00f3s (mintegy 20 milli\u00e1rd forintos) beruh\u00e1z\u00e1st k\u00f6vet\u0151en 2020-ban \u00e1tadott Cargo City rakt\u00e1roz\u00e1si kapacit\u00e1sait &#8211; indokolta a rept\u00e9ri beruh\u00e1z\u00e1sokat Ren\u00e9 Droese.<\/p>\n\n\n\n<p>Terveik szerint Nyugat-Eur\u00f3p\u00e1ba \u00e9s a transzatlanti t\u00e9rs\u00e9g fel\u00e9 is b\u0151v\u00fclhetnek a tehersz\u00e1ll\u00edt\u00e1si kapcsolatok, emellett a szem\u00e9lysz\u00e1ll\u00edt\u00e1st kiszolg\u00e1l\u00f3 fejleszt\u00e9seket is folytatj\u00e1k. \u00a0\u00a0\u00a0\u00a0A\u00a0k\u00ednai l\u00e9git\u00e1rsas\u00e1g nev\u00e9ben Peter Hsz\u00fc (Xu) \u00e1rusz\u00e1ll\u00edt\u00e1si vezet\u0151 k\u00f6z\u00f6lte, hogy r\u00e9g\u00f3ta tervezt\u00e9k az eur\u00f3pai j\u00e1ratb\u0151v\u00edt\u00e9st, \u00edgy lett a magyar f\u0151v\u00e1ros a Sichuan Airlines m\u00e1sodik itteni c\u00e9lpontja Br\u00fcsszelt k\u00f6vet\u0151en. A budapesti rep\u00fcl\u0151t\u00e9r k\u00e9pes biztos\u00edtani a felt\u00e9teleket ahhoz, hogy az \u00f6sszek\u00f6ttet\u00e9s j\u00f3l m\u0171k\u00f6dj\u00f6n, er\u0151s\u00edtse a\u00a0k\u00ednai-magyar kapcsolatokat \u00e9s a kereskedelmet &#8211; tette hozz\u00e1. <\/p>\n\n\n\n<p>A Sichuan Airlines g\u00e9pei mostant\u00f3l hetente h\u00e1romszor rep\u00fclnek Szecsuan tartom\u00e1ny \u00e9s Budapest k\u00f6z\u00f6tt. A j\u00e1rat az \u00e1ltal\u00e1nos import-export term\u00e9kek sz\u00e1ll\u00edt\u00e1sa mellett az e-kereskedelmet is kiszolg\u00e1lja &#8211; k\u00f6z\u00f6lte a bejelent\u00e9st k\u00f6vet\u0151en a Budapest Airport, hozz\u00e1t\u00e9ve, hogy az \u00faj kapcsolat mind Magyarorsz\u00e1g, mind\u00a0K\u00edna\u00a0sz\u00e1m\u00e1ra j\u00f6vedelmez\u0151 lehet.<\/p>\n\n\n\n<p>K\u00f6zlem\u00e9ny\u00fck szerint a rep\u00fcl\u0151t\u00e9ren a l\u00e9gi\u00e1ru mennyis\u00e9ge 2022 v\u00e9g\u00e9re minden kor\u00e1bbin\u00e1l nagyobb mennyis\u00e9get \u00e9rt el, meghaladva a 194 ezer tonn\u00e1t. 2021-hez k\u00e9pest az emelked\u00e9s 5,8 sz\u00e1zal\u00e9kos. Az id\u00e9n m\u00e1rciusban 4,3 sz\u00e1zal\u00e9kkal volt magasabb a tavalyi azonos id\u0151szakhoz viszony\u00edtva, amely majdnem 20 ezer tonn\u00e1s \u00e1ruforgalommal 2022 leger\u0151sebb h\u00f3napja volt a budapesti rep\u00fcl\u0151t\u00e9ren.<\/p>\n\n\n\n<p><strong><em>2023. \u00c1prilis 21.<\/em><\/strong><\/p>\n\n\n\n<p>(MTI)<\/p>\n","protected":false},"excerpt":{"rendered":"<p>K\u00ednai j\u00e1rattal b\u0151v\u00fclt a Budapest Liszt Ferenc Nemzetk\u00f6zi Rep\u00fcl\u0151t\u00e9r teherforgalma, a Sichuan Airlines g\u00e9pe cs\u00fct\u00f6rt\u00f6k\u00f6n sz\u00e1llt le el\u0151sz\u00f6r Budapesten. A nyugat-k\u00ednai Csengdu-Suangliu Nemzetk\u00f6zi Rep\u00fcl\u0151t\u00e9rr\u0151l ind\u00edtott tehersz\u00e1ll\u00edt\u00f3 j\u00e1ratot a Budapest Airport k\u00e9pviselet\u00e9ben Ren\u00e9 Droese fogadta. A t\u00e1rsas\u00e1g fejleszt\u00e9si vez\u00e9rigazgat\u00f3-helyettese abban b\u00edzik, hogy hamarosan Magyarorsz\u00e1g lehet Nyugat-K\u00edna\u00a0vezet\u0151 l\u00e9git\u00e1rsas\u00e1g\u00e1nak legfontosabb eur\u00f3pai c\u00e9lpontja. A budapesti rep\u00fcl\u0151t\u00e9r \u00fczemeltet\u0151je a fejleszt\u00e9seivel [&hellip;]<\/p>\n","protected":false},"author":8,"featured_media":17206,"comment_status":"closed","ping_status":"closed","sticky":false,"template":"","format":"standard","meta":{"footnotes":""},"categories":[62],"tags":[2338,419,2340,2339],"class_list":["post-17203","post","type-post","status-publish","format-standard","has-post-thumbnail","hentry","category-informaciok","tag-liszt-ferenc-repuloter","tag-magyarorszag","tag-sichuan-airlines","tag-teherforgalom"],"yoast_head":"<!-- This site is optimized with the Yoast SEO plugin v23.7 - https:\/\/yoast.com\/wordpress\/plugins\/seo\/ -->\n<title>K\u00ednai j\u00e1rattal b\u0151v\u00fclt a Budapest Liszt Ferenc Nemzetk\u00f6zi Rep\u00fcl\u0151t\u00e9r teherforgalma - kinaikaleidoszkop.hu<\/title>\n<meta name=\"robots\" content=\"index, follow, max-snippet:-1, max-image-preview:large, max-video-preview:-1\" \/>\n<link rel=\"canonical\" href=\"https:\/\/kinaikaleidoszkop.hu\/index.php\/2023\/04\/21\/kinai-jarattal-bovult-a-budapest-liszt-ferenc-nemzetkozi-repuloter-teherforgalma\/\" \/>\n<meta property=\"og:locale\" content=\"hu_HU\" \/>\n<meta property=\"og:type\" content=\"article\" \/>\n<meta property=\"og:title\" content=\"K\u00ednai j\u00e1rattal b\u0151v\u00fclt a Budapest Liszt Ferenc Nemzetk\u00f6zi Rep\u00fcl\u0151t\u00e9r teherforgalma - kinaikaleidoszkop.hu\" \/>\n<meta property=\"og:description\" content=\"K\u00ednai j\u00e1rattal b\u0151v\u00fclt a Budapest Liszt Ferenc Nemzetk\u00f6zi Rep\u00fcl\u0151t\u00e9r teherforgalma, a Sichuan Airlines g\u00e9pe cs\u00fct\u00f6rt\u00f6k\u00f6n sz\u00e1llt le el\u0151sz\u00f6r Budapesten. A nyugat-k\u00ednai Csengdu-Suangliu Nemzetk\u00f6zi Rep\u00fcl\u0151t\u00e9rr\u0151l ind\u00edtott tehersz\u00e1ll\u00edt\u00f3 j\u00e1ratot a Budapest Airport k\u00e9pviselet\u00e9ben Ren\u00e9 Droese fogadta. A t\u00e1rsas\u00e1g fejleszt\u00e9si vez\u00e9rigazgat\u00f3-helyettese abban b\u00edzik, hogy hamarosan Magyarorsz\u00e1g lehet Nyugat-K\u00edna\u00a0vezet\u0151 l\u00e9git\u00e1rsas\u00e1g\u00e1nak legfontosabb eur\u00f3pai c\u00e9lpontja. A budapesti rep\u00fcl\u0151t\u00e9r \u00fczemeltet\u0151je a fejleszt\u00e9seivel [&hellip;]\" \/>\n<meta property=\"og:url\" content=\"https:\/\/kinaikaleidoszkop.hu\/index.php\/2023\/04\/21\/kinai-jarattal-bovult-a-budapest-liszt-ferenc-nemzetkozi-repuloter-teherforgalma\/\" \/>\n<meta property=\"og:site_name\" content=\"kinaikaleidoszkop.hu\" \/>\n<meta property=\"article:published_time\" content=\"2023-04-21T09:01:00+00:00\" \/>\n<meta property=\"article:modified_time\" content=\"2023-04-20T16:11:42+00:00\" \/>\n<meta property=\"og:image\" content=\"https:\/\/kinaikaleidoszkop.hu\/wp-content\/uploads\/2023\/04\/B-5960_-_Sichuan_Airlines_Changhong_Livery_-_Airbus_A330-343_-_1579_-_VGHS-1.jpg\" \/>\n\t<meta property=\"og:image:width\" content=\"640\" \/>\n\t<meta property=\"og:image:height\" content=\"360\" \/>\n\t<meta property=\"og:image:type\" content=\"image\/jpeg\" \/>\n<meta name=\"author\" content=\"szerk01\" \/>\n<meta name=\"twitter:card\" content=\"summary_large_image\" \/>\n<meta name=\"twitter:label1\" content=\"Szerz\u0151:\" \/>\n\t<meta name=\"twitter:data1\" content=\"szerk01\" \/>\n\t<meta name=\"twitter:label2\" content=\"Becs\u00fclt olvas\u00e1si id\u0151\" \/>\n\t<meta name=\"twitter:data2\" content=\"2 perc\" \/>\n<script type=\"application\/ld+json\" class=\"yoast-schema-graph\">{\"@context\":\"https:\/\/schema.org\",\"@graph\":[{\"@type\":\"WebPage\",\"@id\":\"https:\/\/kinaikaleidoszkop.hu\/index.php\/2023\/04\/21\/kinai-jarattal-bovult-a-budapest-liszt-ferenc-nemzetkozi-repuloter-teherforgalma\/\",\"url\":\"https:\/\/kinaikaleidoszkop.hu\/index.php\/2023\/04\/21\/kinai-jarattal-bovult-a-budapest-liszt-ferenc-nemzetkozi-repuloter-teherforgalma\/\",\"name\":\"K\u00ednai j\u00e1rattal b\u0151v\u00fclt a Budapest Liszt Ferenc Nemzetk\u00f6zi Rep\u00fcl\u0151t\u00e9r teherforgalma - kinaikaleidoszkop.hu\",\"isPartOf\":{\"@id\":\"https:\/\/kinaikaleidoszkop.hu\/#website\"},\"primaryImageOfPage\":{\"@id\":\"https:\/\/kinaikaleidoszkop.hu\/index.php\/2023\/04\/21\/kinai-jarattal-bovult-a-budapest-liszt-ferenc-nemzetkozi-repuloter-teherforgalma\/#primaryimage\"},\"image\":{\"@id\":\"https:\/\/kinaikaleidoszkop.hu\/index.php\/2023\/04\/21\/kinai-jarattal-bovult-a-budapest-liszt-ferenc-nemzetkozi-repuloter-teherforgalma\/#primaryimage\"},\"thumbnailUrl\":\"https:\/\/kinaikaleidoszkop.hu\/wp-content\/uploads\/2023\/04\/B-5960_-_Sichuan_Airlines_Changhong_Livery_-_Airbus_A330-343_-_1579_-_VGHS-1.jpg\",\"datePublished\":\"2023-04-21T09:01:00+00:00\",\"dateModified\":\"2023-04-20T16:11:42+00:00\",\"author\":{\"@id\":\"https:\/\/kinaikaleidoszkop.hu\/#\/schema\/person\/cf38b01b34e88459ab98b1c7c13b629d\"},\"breadcrumb\":{\"@id\":\"https:\/\/kinaikaleidoszkop.hu\/index.php\/2023\/04\/21\/kinai-jarattal-bovult-a-budapest-liszt-ferenc-nemzetkozi-repuloter-teherforgalma\/#breadcrumb\"},\"inLanguage\":\"hu\",\"potentialAction\":[{\"@type\":\"ReadAction\",\"target\":[\"https:\/\/kinaikaleidoszkop.hu\/index.php\/2023\/04\/21\/kinai-jarattal-bovult-a-budapest-liszt-ferenc-nemzetkozi-repuloter-teherforgalma\/\"]}]},{\"@type\":\"ImageObject\",\"inLanguage\":\"hu\",\"@id\":\"https:\/\/kinaikaleidoszkop.hu\/index.php\/2023\/04\/21\/kinai-jarattal-bovult-a-budapest-liszt-ferenc-nemzetkozi-repuloter-teherforgalma\/#primaryimage\",\"url\":\"https:\/\/kinaikaleidoszkop.hu\/wp-content\/uploads\/2023\/04\/B-5960_-_Sichuan_Airlines_Changhong_Livery_-_Airbus_A330-343_-_1579_-_VGHS-1.jpg\",\"contentUrl\":\"https:\/\/kinaikaleidoszkop.hu\/wp-content\/uploads\/2023\/04\/B-5960_-_Sichuan_Airlines_Changhong_Livery_-_Airbus_A330-343_-_1579_-_VGHS-1.jpg\",\"width\":640,\"height\":360},{\"@type\":\"BreadcrumbList\",\"@id\":\"https:\/\/kinaikaleidoszkop.hu\/index.php\/2023\/04\/21\/kinai-jarattal-bovult-a-budapest-liszt-ferenc-nemzetkozi-repuloter-teherforgalma\/#breadcrumb\",\"itemListElement\":[{\"@type\":\"ListItem\",\"position\":1,\"name\":\"Kezd\u0151lap\",\"item\":\"https:\/\/kinaikaleidoszkop.hu\/\"},{\"@type\":\"ListItem\",\"position\":2,\"name\":\"K\u00ednai j\u00e1rattal b\u0151v\u00fclt a Budapest Liszt Ferenc Nemzetk\u00f6zi Rep\u00fcl\u0151t\u00e9r teherforgalma\"}]},{\"@type\":\"WebSite\",\"@id\":\"https:\/\/kinaikaleidoszkop.hu\/#website\",\"url\":\"https:\/\/kinaikaleidoszkop.hu\/\",\"name\":\"kinaikaleidoszkop.hu\",\"description\":\"\",\"potentialAction\":[{\"@type\":\"SearchAction\",\"target\":{\"@type\":\"EntryPoint\",\"urlTemplate\":\"https:\/\/kinaikaleidoszkop.hu\/?s={search_term_string}\"},\"query-input\":{\"@type\":\"PropertyValueSpecification\",\"valueRequired\":true,\"valueName\":\"search_term_string\"}}],\"inLanguage\":\"hu\"},{\"@type\":\"Person\",\"@id\":\"https:\/\/kinaikaleidoszkop.hu\/#\/schema\/person\/cf38b01b34e88459ab98b1c7c13b629d\",\"name\":\"szerk01\",\"image\":{\"@type\":\"ImageObject\",\"inLanguage\":\"hu\",\"@id\":\"https:\/\/kinaikaleidoszkop.hu\/#\/schema\/person\/image\/\",\"url\":\"https:\/\/secure.gravatar.com\/avatar\/7afb4741ac3b72a4d9d543b2bcdfe4b1b3ddc4fefd4ab8f732b518bc7528877c?s=96&d=mm&r=g\",\"contentUrl\":\"https:\/\/secure.gravatar.com\/avatar\/7afb4741ac3b72a4d9d543b2bcdfe4b1b3ddc4fefd4ab8f732b518bc7528877c?s=96&d=mm&r=g\",\"caption\":\"szerk01\"},\"url\":\"https:\/\/kinaikaleidoszkop.hu\/index.php\/author\/szerk01\/\"}]}<\/script>\n<!-- \/ Yoast SEO plugin. -->","yoast_head_json":{"title":"K\u00ednai j\u00e1rattal b\u0151v\u00fclt a Budapest Liszt Ferenc Nemzetk\u00f6zi Rep\u00fcl\u0151t\u00e9r teherforgalma - kinaikaleidoszkop.hu","robots":{"index":"index","follow":"follow","max-snippet":"max-snippet:-1","max-image-preview":"max-image-preview:large","max-video-preview":"max-video-preview:-1"},"canonical":"https:\/\/kinaikaleidoszkop.hu\/index.php\/2023\/04\/21\/kinai-jarattal-bovult-a-budapest-liszt-ferenc-nemzetkozi-repuloter-teherforgalma\/","og_locale":"hu_HU","og_type":"article","og_title":"K\u00ednai j\u00e1rattal b\u0151v\u00fclt a Budapest Liszt Ferenc Nemzetk\u00f6zi Rep\u00fcl\u0151t\u00e9r teherforgalma - kinaikaleidoszkop.hu","og_description":"K\u00ednai j\u00e1rattal b\u0151v\u00fclt a Budapest Liszt Ferenc Nemzetk\u00f6zi Rep\u00fcl\u0151t\u00e9r teherforgalma, a Sichuan Airlines g\u00e9pe cs\u00fct\u00f6rt\u00f6k\u00f6n sz\u00e1llt le el\u0151sz\u00f6r Budapesten. A nyugat-k\u00ednai Csengdu-Suangliu Nemzetk\u00f6zi Rep\u00fcl\u0151t\u00e9rr\u0151l ind\u00edtott tehersz\u00e1ll\u00edt\u00f3 j\u00e1ratot a Budapest Airport k\u00e9pviselet\u00e9ben Ren\u00e9 Droese fogadta. A t\u00e1rsas\u00e1g fejleszt\u00e9si vez\u00e9rigazgat\u00f3-helyettese abban b\u00edzik, hogy hamarosan Magyarorsz\u00e1g lehet Nyugat-K\u00edna\u00a0vezet\u0151 l\u00e9git\u00e1rsas\u00e1g\u00e1nak legfontosabb eur\u00f3pai c\u00e9lpontja. A budapesti rep\u00fcl\u0151t\u00e9r \u00fczemeltet\u0151je a fejleszt\u00e9seivel [&hellip;]","og_url":"https:\/\/kinaikaleidoszkop.hu\/index.php\/2023\/04\/21\/kinai-jarattal-bovult-a-budapest-liszt-ferenc-nemzetkozi-repuloter-teherforgalma\/","og_site_name":"kinaikaleidoszkop.hu","article_published_time":"2023-04-21T09:01:00+00:00","article_modified_time":"2023-04-20T16:11:42+00:00","og_image":[{"width":640,"height":360,"url":"https:\/\/kinaikaleidoszkop.hu\/wp-content\/uploads\/2023\/04\/B-5960_-_Sichuan_Airlines_Changhong_Livery_-_Airbus_A330-343_-_1579_-_VGHS-1.jpg","type":"image\/jpeg"}],"author":"szerk01","twitter_card":"summary_large_image","twitter_misc":{"Szerz\u0151:":"szerk01","Becs\u00fclt olvas\u00e1si id\u0151":"2 perc"},"schema":{"@context":"https:\/\/schema.org","@graph":[{"@type":"WebPage","@id":"https:\/\/kinaikaleidoszkop.hu\/index.php\/2023\/04\/21\/kinai-jarattal-bovult-a-budapest-liszt-ferenc-nemzetkozi-repuloter-teherforgalma\/","url":"https:\/\/kinaikaleidoszkop.hu\/index.php\/2023\/04\/21\/kinai-jarattal-bovult-a-budapest-liszt-ferenc-nemzetkozi-repuloter-teherforgalma\/","name":"K\u00ednai j\u00e1rattal b\u0151v\u00fclt a Budapest Liszt Ferenc Nemzetk\u00f6zi Rep\u00fcl\u0151t\u00e9r teherforgalma - kinaikaleidoszkop.hu","isPartOf":{"@id":"https:\/\/kinaikaleidoszkop.hu\/#website"},"primaryImageOfPage":{"@id":"https:\/\/kinaikaleidoszkop.hu\/index.php\/2023\/04\/21\/kinai-jarattal-bovult-a-budapest-liszt-ferenc-nemzetkozi-repuloter-teherforgalma\/#primaryimage"},"image":{"@id":"https:\/\/kinaikaleidoszkop.hu\/index.php\/2023\/04\/21\/kinai-jarattal-bovult-a-budapest-liszt-ferenc-nemzetkozi-repuloter-teherforgalma\/#primaryimage"},"thumbnailUrl":"https:\/\/kinaikaleidoszkop.hu\/wp-content\/uploads\/2023\/04\/B-5960_-_Sichuan_Airlines_Changhong_Livery_-_Airbus_A330-343_-_1579_-_VGHS-1.jpg","datePublished":"2023-04-21T09:01:00+00:00","dateModified":"2023-04-20T16:11:42+00:00","author":{"@id":"https:\/\/kinaikaleidoszkop.hu\/#\/schema\/person\/cf38b01b34e88459ab98b1c7c13b629d"},"breadcrumb":{"@id":"https:\/\/kinaikaleidoszkop.hu\/index.php\/2023\/04\/21\/kinai-jarattal-bovult-a-budapest-liszt-ferenc-nemzetkozi-repuloter-teherforgalma\/#breadcrumb"},"inLanguage":"hu","potentialAction":[{"@type":"ReadAction","target":["https:\/\/kinaikaleidoszkop.hu\/index.php\/2023\/04\/21\/kinai-jarattal-bovult-a-budapest-liszt-ferenc-nemzetkozi-repuloter-teherforgalma\/"]}]},{"@type":"ImageObject","inLanguage":"hu","@id":"https:\/\/kinaikaleidoszkop.hu\/index.php\/2023\/04\/21\/kinai-jarattal-bovult-a-budapest-liszt-ferenc-nemzetkozi-repuloter-teherforgalma\/#primaryimage","url":"https:\/\/kinaikaleidoszkop.hu\/wp-content\/uploads\/2023\/04\/B-5960_-_Sichuan_Airlines_Changhong_Livery_-_Airbus_A330-343_-_1579_-_VGHS-1.jpg","contentUrl":"https:\/\/kinaikaleidoszkop.hu\/wp-content\/uploads\/2023\/04\/B-5960_-_Sichuan_Airlines_Changhong_Livery_-_Airbus_A330-343_-_1579_-_VGHS-1.jpg","width":640,"height":360},{"@type":"BreadcrumbList","@id":"https:\/\/kinaikaleidoszkop.hu\/index.php\/2023\/04\/21\/kinai-jarattal-bovult-a-budapest-liszt-ferenc-nemzetkozi-repuloter-teherforgalma\/#breadcrumb","itemListElement":[{"@type":"ListItem","position":1,"name":"Kezd\u0151lap","item":"https:\/\/kinaikaleidoszkop.hu\/"},{"@type":"ListItem","position":2,"name":"K\u00ednai j\u00e1rattal b\u0151v\u00fclt a Budapest Liszt Ferenc Nemzetk\u00f6zi Rep\u00fcl\u0151t\u00e9r teherforgalma"}]},{"@type":"WebSite","@id":"https:\/\/kinaikaleidoszkop.hu\/#website","url":"https:\/\/kinaikaleidoszkop.hu\/","name":"kinaikaleidoszkop.hu","description":"","potentialAction":[{"@type":"SearchAction","target":{"@type":"EntryPoint","urlTemplate":"https:\/\/kinaikaleidoszkop.hu\/?s={search_term_string}"},"query-input":{"@type":"PropertyValueSpecification","valueRequired":true,"valueName":"search_term_string"}}],"inLanguage":"hu"},{"@type":"Person","@id":"https:\/\/kinaikaleidoszkop.hu\/#\/schema\/person\/cf38b01b34e88459ab98b1c7c13b629d","name":"szerk01","image":{"@type":"ImageObject","inLanguage":"hu","@id":"https:\/\/kinaikaleidoszkop.hu\/#\/schema\/person\/image\/","url":"https:\/\/secure.gravatar.com\/avatar\/7afb4741ac3b72a4d9d543b2bcdfe4b1b3ddc4fefd4ab8f732b518bc7528877c?s=96&d=mm&r=g","contentUrl":"https:\/\/secure.gravatar.com\/avatar\/7afb4741ac3b72a4d9d543b2bcdfe4b1b3ddc4fefd4ab8f732b518bc7528877c?s=96&d=mm&r=g","caption":"szerk01"},"url":"https:\/\/kinaikaleidoszkop.hu\/index.php\/author\/szerk01\/"}]}},"views":646,"distributor_meta":false,"distributor_terms":false,"distributor_media":false,"distributor_original_site_name":"kinaikaleidoszkop.hu","distributor_original_site_url":"https:\/\/kinaikaleidoszkop.hu","push-errors":false,"_links":{"self":[{"href":"https:\/\/kinaikaleidoszkop.hu\/index.php\/wp-json\/wp\/v2\/posts\/17203","targetHints":{"allow":["GET"]}}],"collection":[{"href":"https:\/\/kinaikaleidoszkop.hu\/index.php\/wp-json\/wp\/v2\/posts"}],"about":[{"href":"https:\/\/kinaikaleidoszkop.hu\/index.php\/wp-json\/wp\/v2\/types\/post"}],"author":[{"embeddable":true,"href":"https:\/\/kinaikaleidoszkop.hu\/index.php\/wp-json\/wp\/v2\/users\/8"}],"replies":[{"embeddable":true,"href":"https:\/\/kinaikaleidoszkop.hu\/index.php\/wp-json\/wp\/v2\/comments?post=17203"}],"version-history":[{"count":1,"href":"https:\/\/kinaikaleidoszkop.hu\/index.php\/wp-json\/wp\/v2\/posts\/17203\/revisions"}],"predecessor-version":[{"id":17207,"href":"https:\/\/kinaikaleidoszkop.hu\/index.php\/wp-json\/wp\/v2\/posts\/17203\/revisions\/17207"}],"wp:featuredmedia":[{"embeddable":true,"href":"https:\/\/kinaikaleidoszkop.hu\/index.php\/wp-json\/wp\/v2\/media\/17206"}],"wp:attachment":[{"href":"https:\/\/kinaikaleidoszkop.hu\/index.php\/wp-json\/wp\/v2\/media?parent=17203"}],"wp:term":[{"taxonomy":"category","embeddable":true,"href":"https:\/\/kinaikaleidoszkop.hu\/index.php\/wp-json\/wp\/v2\/categories?post=17203"},{"taxonomy":"post_tag","embeddable":true,"href":"https:\/\/kinaikaleidoszkop.hu\/index.php\/wp-json\/wp\/v2\/tags?post=17203"}],"curies":[{"name":"wp","href":"https:\/\/api.w.org\/{rel}","templated":true}]}}