{"id":17245,"date":"2023-04-26T17:48:24","date_gmt":"2023-04-26T15:48:24","guid":{"rendered":"https:\/\/kinaikaleidoszkop.hu\/?p=17245"},"modified":"2023-04-26T17:48:25","modified_gmt":"2023-04-26T15:48:25","slug":"hszi-csin-ping-telefonbeszelgetest-folytatott-volodimir-zelenszkij-ukran-elnokkel","status":"publish","type":"post","link":"https:\/\/kinaikaleidoszkop.hu\/index.php\/2023\/04\/26\/hszi-csin-ping-telefonbeszelgetest-folytatott-volodimir-zelenszkij-ukran-elnokkel\/","title":{"rendered":"Hszi Csin-ping telefonbesz\u00e9lget\u00e9st folytatott Volodimir Zelenszkij ukr\u00e1n eln\u00f6kkel"},"content":{"rendered":"\n<p><strong>\u00c1prilis 26-\u00e1n Hszi Csin-ping k\u00ednai \u00e1llameln\u00f6k telefonbesz\u00e9lget\u00e9st folytatott Volodimir Zelenszkij ukr\u00e1n eln\u00f6kkel. A k\u00e9t f\u00e9l v\u00e9lem\u00e9nyt cser\u00e9lt K\u00edna \u00e9s Ukrajna kapcsolat\u00e1r\u00f3l, valamint az ukr\u00e1n v\u00e1ls\u00e1gr\u00f3l.<\/strong><\/p>\n\n\n\n<p>Hszi Csin-ping r\u00e1mutatott, hogy az ukr\u00e1n v\u00e1ls\u00e1g komplexit\u00e1sa jelent\u0151s hat\u00e1ssal van a nemzetk\u00f6zi helyzetre. Az ukr\u00e1n v\u00e1ls\u00e1g k\u00e9rd\u00e9s\u00e9ben K\u00edna mindig a b\u00e9ke oldal\u00e1n \u00e1llt, \u00e9s alapvet\u0151 \u00e1ll\u00e1spontja a b\u00e9ke \u00e9s a t\u00e1rgyal\u00e1sok el\u0151mozd\u00edt\u00e1sa. Egym\u00e1st k\u00f6vet\u0151en t\u00f6bb javaslatot tett, amelyek alapj\u00e1n K\u00edna kiadta a \u201eK\u00edna \u00e1ll\u00e1spontja az ukr\u00e1n v\u00e1ls\u00e1g politikai megold\u00e1s\u00e1r\u00f3l\u201d c\u00edm\u0171 dokumentumot is.<\/p>\n\n\n\n<p>K\u00edna nem az ukr\u00e1n v\u00e1ls\u00e1g l\u00e9trehoz\u00f3ja vagy r\u00e9szese. A p\u00e1rbesz\u00e9d \u00e9s a t\u00e1rgyal\u00e1s az egyetlen megval\u00f3s\u00edthat\u00f3 ki\u00fat \u2013 hangoztatta Hszi. Egy nukle\u00e1ris h\u00e1bor\u00fanak nincsenek gy\u0151ztesei \u2013 tette hozz\u00e1. Amikor nukle\u00e1ris vesz\u00e9ly \u00e1ll fenn, minden \u00e9rintett f\u00e9lnek nyugalmat \u00e9s visszafogotts\u00e1got kell tan\u00fas\u00edtania, \u00f6nmag\u00e1nak \u00e9s az eg\u00e9sz emberis\u00e9gnek a j\u00f6v\u0151j\u00e9re \u00e9s sors\u00e1ra kell \u00f6sszpontos\u00edtania, \u00e9s m\u00e1sokkal k\u00f6z\u00f6sen kell kezelnie a v\u00e1ls\u00e1got.<\/p>\n\n\n\n<p>A racion\u00e1lis gondolkod\u00e1s \u00e9s a hang szerepe n\u00f6vekszik, \u00e9s meg kell ragadni a lehet\u0151s\u00e9get, hogy kedvez\u0151 felt\u00e9teleket teremts\u00fcnk a v\u00e1ls\u00e1g politikai megold\u00e1s\u00e1hoz \u2013 fogalmazott Hszi. Mint mondta, b\u00edzik benne, hogy valamennyi f\u00e9l m\u00e9lyen \u00e1tgondolja a v\u00e1ls\u00e1got, \u00e9s p\u00e1rbesz\u00e9den kereszt\u00fcl egy\u00fcttm\u0171k\u00f6dik annak \u00e9rdek\u00e9ben, hogy hossz\u00fat\u00e1v\u00fa b\u00e9k\u00e9t \u00e9s stabilit\u00e1st teremtsen Eur\u00f3p\u00e1ban. K\u00edna tov\u00e1bbra is t\u00e1mogatni fogja a b\u00e9k\u00e9t \u00e9s a t\u00e1rgyal\u00e1sokat, \u00e9s megteszi a maga er\u0151fesz\u00edt\u00e9seit a h\u00e1bor\u00fa meg\u00e1ll\u00edt\u00e1sa, a t\u0171zsz\u00fcnet \u00e9s a b\u00e9ke miel\u0151bbi helyre\u00e1ll\u00edt\u00e1sa \u00e9rdek\u00e9ben.<\/p>\n\n\n\n<p>K\u00edna a korm\u00e1nya eur\u00e1zsiai \u00fcgyek\u00e9rt felel\u0151s k\u00fcl\u00f6nmegb\u00edzottj\u00e1t k\u00fcldi Ukrajn\u00e1ba \u00e9s m\u00e1s orsz\u00e1gokba, hogy m\u00e9lyrehat\u00f3 kommunik\u00e1ci\u00f3t folytasson valamennyi f\u00e9llel az ukr\u00e1n v\u00e1ls\u00e1g politikai megold\u00e1s\u00e1r\u00f3l. K\u00edna t\u00f6bb \u00edzben ny\u00fajtott humanit\u00e1rius seg\u00edts\u00e9get Ukrajn\u00e1nak, \u00e9s k\u00e9sz a tov\u00e1bbiakban is rendelkez\u00e9sre \u00e1llni.<\/p>\n\n\n\n<figure class=\"wp-block-image\"><img decoding=\"async\" src=\"https:\/\/hirpest.hu\/wp-content\/uploads\/2023\/04\/6.png\" alt=\"\" class=\"wp-image-16688\"\/><\/figure>\n\n\n\n<p>Zelenszkij kijelentette, hogy Ukrajna fenntartja az \u201eegy K\u00edna\u201d politik\u00e1j\u00e1t, \u00e9s rem\u00e9li, hogy \u00e1tfog\u00f3 egy\u00fcttm\u0171k\u00f6d\u00e9st alak\u00edthat ki K\u00edn\u00e1val, egy\u00fattal \u00faj fejezetet nyithat Ukrajna \u00e9s K\u00edna kapcsolat\u00e1ban, tov\u00e1bb\u00e1 egy\u00fcttm\u0171k\u00f6dhetnek a vil\u00e1gb\u00e9ke \u00e9s stabilit\u00e1s fenntart\u00e1sa \u00e9rdek\u00e9ben. Zelenszkij ismertette v\u00e9lem\u00e9ny\u00e9t a jelenlegi ukrajnai v\u00e1ls\u00e1gr\u00f3l, k\u00f6sz\u00f6netet mondott K\u00edn\u00e1nak, hogy humanit\u00e1rius seg\u00edts\u00e9get ny\u00fajtott Ukrajn\u00e1nak, \u00e9s \u00fcdv\u00f6z\u00f6lte K\u00edna fontos szerep\u00e9t a b\u00e9ke helyre\u00e1ll\u00edt\u00e1s\u00e1ban \u00e9s a v\u00e1ls\u00e1g diplom\u00e1ciai eszk\u00f6z\u00f6kkel t\u00f6rt\u00e9n\u0151 megold\u00e1s\u00e1ban.<\/p>\n\n\n\n<p><strong>2023. \u00e1prilis 26.<\/strong><\/p>\n\n\n\n<p><strong><em>(China Media Group)<\/em><\/strong><\/p>\n\n\n\n<p><strong>(x)<\/strong><\/p>\n","protected":false},"excerpt":{"rendered":"<p>\u00c1prilis 26-\u00e1n Hszi Csin-ping k\u00ednai \u00e1llameln\u00f6k telefonbesz\u00e9lget\u00e9st folytatott Volodimir Zelenszkij ukr\u00e1n eln\u00f6kkel. A k\u00e9t f\u00e9l v\u00e9lem\u00e9nyt cser\u00e9lt K\u00edna \u00e9s Ukrajna kapcsolat\u00e1r\u00f3l, valamint az ukr\u00e1n v\u00e1ls\u00e1gr\u00f3l. Hszi Csin-ping r\u00e1mutatott, hogy az ukr\u00e1n v\u00e1ls\u00e1g komplexit\u00e1sa jelent\u0151s hat\u00e1ssal van a nemzetk\u00f6zi helyzetre. Az ukr\u00e1n v\u00e1ls\u00e1g k\u00e9rd\u00e9s\u00e9ben K\u00edna mindig a b\u00e9ke oldal\u00e1n \u00e1llt, \u00e9s alapvet\u0151 \u00e1ll\u00e1spontja a b\u00e9ke \u00e9s [&hellip;]<\/p>\n","protected":false},"author":2,"featured_media":17248,"comment_status":"closed","ping_status":"closed","sticky":false,"template":"","format":"standard","meta":{"footnotes":""},"categories":[45],"tags":[273,305,326,590,636,1934,674,1935],"class_list":["post-17245","post","type-post","status-publish","format-standard","has-post-thumbnail","hentry","category-hirek","tag-egyuttmukodes","tag-hszi-csin-ping","tag-kinai-allamelnok","tag-telefonbeszelgetes","tag-ukrajna","tag-ukran-elnok","tag-ukran-valsag","tag-volodimir-zelenszkij"],"yoast_head":"<!-- This site is optimized with the Yoast SEO plugin v23.7 - https:\/\/yoast.com\/wordpress\/plugins\/seo\/ -->\n<title>Hszi Csin-ping telefonbesz\u00e9lget\u00e9st folytatott Volodimir Zelenszkij ukr\u00e1n eln\u00f6kkel - kinaikaleidoszkop.hu<\/title>\n<meta name=\"robots\" content=\"index, follow, max-snippet:-1, max-image-preview:large, max-video-preview:-1\" \/>\n<link rel=\"canonical\" href=\"https:\/\/kinaikaleidoszkop.hu\/index.php\/2023\/04\/26\/hszi-csin-ping-telefonbeszelgetest-folytatott-volodimir-zelenszkij-ukran-elnokkel\/\" \/>\n<meta property=\"og:locale\" content=\"hu_HU\" \/>\n<meta property=\"og:type\" content=\"article\" \/>\n<meta property=\"og:title\" content=\"Hszi Csin-ping telefonbesz\u00e9lget\u00e9st folytatott Volodimir Zelenszkij ukr\u00e1n eln\u00f6kkel - kinaikaleidoszkop.hu\" \/>\n<meta property=\"og:description\" content=\"\u00c1prilis 26-\u00e1n Hszi Csin-ping k\u00ednai \u00e1llameln\u00f6k telefonbesz\u00e9lget\u00e9st folytatott Volodimir Zelenszkij ukr\u00e1n eln\u00f6kkel. A k\u00e9t f\u00e9l v\u00e9lem\u00e9nyt cser\u00e9lt K\u00edna \u00e9s Ukrajna kapcsolat\u00e1r\u00f3l, valamint az ukr\u00e1n v\u00e1ls\u00e1gr\u00f3l. Hszi Csin-ping r\u00e1mutatott, hogy az ukr\u00e1n v\u00e1ls\u00e1g komplexit\u00e1sa jelent\u0151s hat\u00e1ssal van a nemzetk\u00f6zi helyzetre. Az ukr\u00e1n v\u00e1ls\u00e1g k\u00e9rd\u00e9s\u00e9ben K\u00edna mindig a b\u00e9ke oldal\u00e1n \u00e1llt, \u00e9s alapvet\u0151 \u00e1ll\u00e1spontja a b\u00e9ke \u00e9s [&hellip;]\" \/>\n<meta property=\"og:url\" content=\"https:\/\/kinaikaleidoszkop.hu\/index.php\/2023\/04\/26\/hszi-csin-ping-telefonbeszelgetest-folytatott-volodimir-zelenszkij-ukran-elnokkel\/\" \/>\n<meta property=\"og:site_name\" content=\"kinaikaleidoszkop.hu\" \/>\n<meta property=\"article:published_time\" content=\"2023-04-26T15:48:24+00:00\" \/>\n<meta property=\"article:modified_time\" content=\"2023-04-26T15:48:25+00:00\" \/>\n<meta property=\"og:image\" content=\"https:\/\/kinaikaleidoszkop.hu\/wp-content\/uploads\/2023\/04\/6.png\" \/>\n\t<meta property=\"og:image:width\" content=\"958\" \/>\n\t<meta property=\"og:image:height\" content=\"485\" \/>\n\t<meta property=\"og:image:type\" content=\"image\/png\" \/>\n<meta name=\"author\" content=\"admin-szabolcs\" \/>\n<meta name=\"twitter:card\" content=\"summary_large_image\" \/>\n<meta name=\"twitter:label1\" content=\"Szerz\u0151:\" \/>\n\t<meta name=\"twitter:data1\" content=\"admin-szabolcs\" \/>\n\t<meta name=\"twitter:label2\" content=\"Becs\u00fclt olvas\u00e1si id\u0151\" \/>\n\t<meta name=\"twitter:data2\" content=\"2 perc\" \/>\n<script type=\"application\/ld+json\" class=\"yoast-schema-graph\">{\"@context\":\"https:\/\/schema.org\",\"@graph\":[{\"@type\":\"WebPage\",\"@id\":\"https:\/\/kinaikaleidoszkop.hu\/index.php\/2023\/04\/26\/hszi-csin-ping-telefonbeszelgetest-folytatott-volodimir-zelenszkij-ukran-elnokkel\/\",\"url\":\"https:\/\/kinaikaleidoszkop.hu\/index.php\/2023\/04\/26\/hszi-csin-ping-telefonbeszelgetest-folytatott-volodimir-zelenszkij-ukran-elnokkel\/\",\"name\":\"Hszi Csin-ping telefonbesz\u00e9lget\u00e9st folytatott Volodimir Zelenszkij ukr\u00e1n eln\u00f6kkel - kinaikaleidoszkop.hu\",\"isPartOf\":{\"@id\":\"https:\/\/kinaikaleidoszkop.hu\/#website\"},\"primaryImageOfPage\":{\"@id\":\"https:\/\/kinaikaleidoszkop.hu\/index.php\/2023\/04\/26\/hszi-csin-ping-telefonbeszelgetest-folytatott-volodimir-zelenszkij-ukran-elnokkel\/#primaryimage\"},\"image\":{\"@id\":\"https:\/\/kinaikaleidoszkop.hu\/index.php\/2023\/04\/26\/hszi-csin-ping-telefonbeszelgetest-folytatott-volodimir-zelenszkij-ukran-elnokkel\/#primaryimage\"},\"thumbnailUrl\":\"https:\/\/kinaikaleidoszkop.hu\/wp-content\/uploads\/2023\/04\/6.png\",\"datePublished\":\"2023-04-26T15:48:24+00:00\",\"dateModified\":\"2023-04-26T15:48:25+00:00\",\"author\":{\"@id\":\"https:\/\/kinaikaleidoszkop.hu\/#\/schema\/person\/b9e2febe742edd540c1197716ec02bf7\"},\"breadcrumb\":{\"@id\":\"https:\/\/kinaikaleidoszkop.hu\/index.php\/2023\/04\/26\/hszi-csin-ping-telefonbeszelgetest-folytatott-volodimir-zelenszkij-ukran-elnokkel\/#breadcrumb\"},\"inLanguage\":\"hu\",\"potentialAction\":[{\"@type\":\"ReadAction\",\"target\":[\"https:\/\/kinaikaleidoszkop.hu\/index.php\/2023\/04\/26\/hszi-csin-ping-telefonbeszelgetest-folytatott-volodimir-zelenszkij-ukran-elnokkel\/\"]}]},{\"@type\":\"ImageObject\",\"inLanguage\":\"hu\",\"@id\":\"https:\/\/kinaikaleidoszkop.hu\/index.php\/2023\/04\/26\/hszi-csin-ping-telefonbeszelgetest-folytatott-volodimir-zelenszkij-ukran-elnokkel\/#primaryimage\",\"url\":\"https:\/\/kinaikaleidoszkop.hu\/wp-content\/uploads\/2023\/04\/6.png\",\"contentUrl\":\"https:\/\/kinaikaleidoszkop.hu\/wp-content\/uploads\/2023\/04\/6.png\",\"width\":958,\"height\":485},{\"@type\":\"BreadcrumbList\",\"@id\":\"https:\/\/kinaikaleidoszkop.hu\/index.php\/2023\/04\/26\/hszi-csin-ping-telefonbeszelgetest-folytatott-volodimir-zelenszkij-ukran-elnokkel\/#breadcrumb\",\"itemListElement\":[{\"@type\":\"ListItem\",\"position\":1,\"name\":\"Kezd\u0151lap\",\"item\":\"https:\/\/kinaikaleidoszkop.hu\/\"},{\"@type\":\"ListItem\",\"position\":2,\"name\":\"Hszi Csin-ping telefonbesz\u00e9lget\u00e9st folytatott Volodimir Zelenszkij ukr\u00e1n eln\u00f6kkel\"}]},{\"@type\":\"WebSite\",\"@id\":\"https:\/\/kinaikaleidoszkop.hu\/#website\",\"url\":\"https:\/\/kinaikaleidoszkop.hu\/\",\"name\":\"kinaikaleidoszkop.hu\",\"description\":\"\",\"potentialAction\":[{\"@type\":\"SearchAction\",\"target\":{\"@type\":\"EntryPoint\",\"urlTemplate\":\"https:\/\/kinaikaleidoszkop.hu\/?s={search_term_string}\"},\"query-input\":{\"@type\":\"PropertyValueSpecification\",\"valueRequired\":true,\"valueName\":\"search_term_string\"}}],\"inLanguage\":\"hu\"},{\"@type\":\"Person\",\"@id\":\"https:\/\/kinaikaleidoszkop.hu\/#\/schema\/person\/b9e2febe742edd540c1197716ec02bf7\",\"name\":\"admin-szabolcs\",\"image\":{\"@type\":\"ImageObject\",\"inLanguage\":\"hu\",\"@id\":\"https:\/\/kinaikaleidoszkop.hu\/#\/schema\/person\/image\/\",\"url\":\"https:\/\/secure.gravatar.com\/avatar\/154f262492794df2a6cb5d5349227b18ef8f85ab462fbb32625fc42406483d21?s=96&d=mm&r=g\",\"contentUrl\":\"https:\/\/secure.gravatar.com\/avatar\/154f262492794df2a6cb5d5349227b18ef8f85ab462fbb32625fc42406483d21?s=96&d=mm&r=g\",\"caption\":\"admin-szabolcs\"},\"url\":\"https:\/\/kinaikaleidoszkop.hu\/index.php\/author\/admin-szabolcs\/\"}]}<\/script>\n<!-- \/ Yoast SEO plugin. -->","yoast_head_json":{"title":"Hszi Csin-ping telefonbesz\u00e9lget\u00e9st folytatott Volodimir Zelenszkij ukr\u00e1n eln\u00f6kkel - kinaikaleidoszkop.hu","robots":{"index":"index","follow":"follow","max-snippet":"max-snippet:-1","max-image-preview":"max-image-preview:large","max-video-preview":"max-video-preview:-1"},"canonical":"https:\/\/kinaikaleidoszkop.hu\/index.php\/2023\/04\/26\/hszi-csin-ping-telefonbeszelgetest-folytatott-volodimir-zelenszkij-ukran-elnokkel\/","og_locale":"hu_HU","og_type":"article","og_title":"Hszi Csin-ping telefonbesz\u00e9lget\u00e9st folytatott Volodimir Zelenszkij ukr\u00e1n eln\u00f6kkel - kinaikaleidoszkop.hu","og_description":"\u00c1prilis 26-\u00e1n Hszi Csin-ping k\u00ednai \u00e1llameln\u00f6k telefonbesz\u00e9lget\u00e9st folytatott Volodimir Zelenszkij ukr\u00e1n eln\u00f6kkel. A k\u00e9t f\u00e9l v\u00e9lem\u00e9nyt cser\u00e9lt K\u00edna \u00e9s Ukrajna kapcsolat\u00e1r\u00f3l, valamint az ukr\u00e1n v\u00e1ls\u00e1gr\u00f3l. Hszi Csin-ping r\u00e1mutatott, hogy az ukr\u00e1n v\u00e1ls\u00e1g komplexit\u00e1sa jelent\u0151s hat\u00e1ssal van a nemzetk\u00f6zi helyzetre. Az ukr\u00e1n v\u00e1ls\u00e1g k\u00e9rd\u00e9s\u00e9ben K\u00edna mindig a b\u00e9ke oldal\u00e1n \u00e1llt, \u00e9s alapvet\u0151 \u00e1ll\u00e1spontja a b\u00e9ke \u00e9s [&hellip;]","og_url":"https:\/\/kinaikaleidoszkop.hu\/index.php\/2023\/04\/26\/hszi-csin-ping-telefonbeszelgetest-folytatott-volodimir-zelenszkij-ukran-elnokkel\/","og_site_name":"kinaikaleidoszkop.hu","article_published_time":"2023-04-26T15:48:24+00:00","article_modified_time":"2023-04-26T15:48:25+00:00","og_image":[{"width":958,"height":485,"url":"https:\/\/kinaikaleidoszkop.hu\/wp-content\/uploads\/2023\/04\/6.png","type":"image\/png"}],"author":"admin-szabolcs","twitter_card":"summary_large_image","twitter_misc":{"Szerz\u0151:":"admin-szabolcs","Becs\u00fclt olvas\u00e1si id\u0151":"2 perc"},"schema":{"@context":"https:\/\/schema.org","@graph":[{"@type":"WebPage","@id":"https:\/\/kinaikaleidoszkop.hu\/index.php\/2023\/04\/26\/hszi-csin-ping-telefonbeszelgetest-folytatott-volodimir-zelenszkij-ukran-elnokkel\/","url":"https:\/\/kinaikaleidoszkop.hu\/index.php\/2023\/04\/26\/hszi-csin-ping-telefonbeszelgetest-folytatott-volodimir-zelenszkij-ukran-elnokkel\/","name":"Hszi Csin-ping telefonbesz\u00e9lget\u00e9st folytatott Volodimir Zelenszkij ukr\u00e1n eln\u00f6kkel - kinaikaleidoszkop.hu","isPartOf":{"@id":"https:\/\/kinaikaleidoszkop.hu\/#website"},"primaryImageOfPage":{"@id":"https:\/\/kinaikaleidoszkop.hu\/index.php\/2023\/04\/26\/hszi-csin-ping-telefonbeszelgetest-folytatott-volodimir-zelenszkij-ukran-elnokkel\/#primaryimage"},"image":{"@id":"https:\/\/kinaikaleidoszkop.hu\/index.php\/2023\/04\/26\/hszi-csin-ping-telefonbeszelgetest-folytatott-volodimir-zelenszkij-ukran-elnokkel\/#primaryimage"},"thumbnailUrl":"https:\/\/kinaikaleidoszkop.hu\/wp-content\/uploads\/2023\/04\/6.png","datePublished":"2023-04-26T15:48:24+00:00","dateModified":"2023-04-26T15:48:25+00:00","author":{"@id":"https:\/\/kinaikaleidoszkop.hu\/#\/schema\/person\/b9e2febe742edd540c1197716ec02bf7"},"breadcrumb":{"@id":"https:\/\/kinaikaleidoszkop.hu\/index.php\/2023\/04\/26\/hszi-csin-ping-telefonbeszelgetest-folytatott-volodimir-zelenszkij-ukran-elnokkel\/#breadcrumb"},"inLanguage":"hu","potentialAction":[{"@type":"ReadAction","target":["https:\/\/kinaikaleidoszkop.hu\/index.php\/2023\/04\/26\/hszi-csin-ping-telefonbeszelgetest-folytatott-volodimir-zelenszkij-ukran-elnokkel\/"]}]},{"@type":"ImageObject","inLanguage":"hu","@id":"https:\/\/kinaikaleidoszkop.hu\/index.php\/2023\/04\/26\/hszi-csin-ping-telefonbeszelgetest-folytatott-volodimir-zelenszkij-ukran-elnokkel\/#primaryimage","url":"https:\/\/kinaikaleidoszkop.hu\/wp-content\/uploads\/2023\/04\/6.png","contentUrl":"https:\/\/kinaikaleidoszkop.hu\/wp-content\/uploads\/2023\/04\/6.png","width":958,"height":485},{"@type":"BreadcrumbList","@id":"https:\/\/kinaikaleidoszkop.hu\/index.php\/2023\/04\/26\/hszi-csin-ping-telefonbeszelgetest-folytatott-volodimir-zelenszkij-ukran-elnokkel\/#breadcrumb","itemListElement":[{"@type":"ListItem","position":1,"name":"Kezd\u0151lap","item":"https:\/\/kinaikaleidoszkop.hu\/"},{"@type":"ListItem","position":2,"name":"Hszi Csin-ping telefonbesz\u00e9lget\u00e9st folytatott Volodimir Zelenszkij ukr\u00e1n eln\u00f6kkel"}]},{"@type":"WebSite","@id":"https:\/\/kinaikaleidoszkop.hu\/#website","url":"https:\/\/kinaikaleidoszkop.hu\/","name":"kinaikaleidoszkop.hu","description":"","potentialAction":[{"@type":"SearchAction","target":{"@type":"EntryPoint","urlTemplate":"https:\/\/kinaikaleidoszkop.hu\/?s={search_term_string}"},"query-input":{"@type":"PropertyValueSpecification","valueRequired":true,"valueName":"search_term_string"}}],"inLanguage":"hu"},{"@type":"Person","@id":"https:\/\/kinaikaleidoszkop.hu\/#\/schema\/person\/b9e2febe742edd540c1197716ec02bf7","name":"admin-szabolcs","image":{"@type":"ImageObject","inLanguage":"hu","@id":"https:\/\/kinaikaleidoszkop.hu\/#\/schema\/person\/image\/","url":"https:\/\/secure.gravatar.com\/avatar\/154f262492794df2a6cb5d5349227b18ef8f85ab462fbb32625fc42406483d21?s=96&d=mm&r=g","contentUrl":"https:\/\/secure.gravatar.com\/avatar\/154f262492794df2a6cb5d5349227b18ef8f85ab462fbb32625fc42406483d21?s=96&d=mm&r=g","caption":"admin-szabolcs"},"url":"https:\/\/kinaikaleidoszkop.hu\/index.php\/author\/admin-szabolcs\/"}]}},"views":248,"distributor_meta":false,"distributor_terms":false,"distributor_media":false,"distributor_original_site_name":"kinaikaleidoszkop.hu","distributor_original_site_url":"https:\/\/kinaikaleidoszkop.hu","push-errors":false,"_links":{"self":[{"href":"https:\/\/kinaikaleidoszkop.hu\/index.php\/wp-json\/wp\/v2\/posts\/17245","targetHints":{"allow":["GET"]}}],"collection":[{"href":"https:\/\/kinaikaleidoszkop.hu\/index.php\/wp-json\/wp\/v2\/posts"}],"about":[{"href":"https:\/\/kinaikaleidoszkop.hu\/index.php\/wp-json\/wp\/v2\/types\/post"}],"author":[{"embeddable":true,"href":"https:\/\/kinaikaleidoszkop.hu\/index.php\/wp-json\/wp\/v2\/users\/2"}],"replies":[{"embeddable":true,"href":"https:\/\/kinaikaleidoszkop.hu\/index.php\/wp-json\/wp\/v2\/comments?post=17245"}],"version-history":[{"count":1,"href":"https:\/\/kinaikaleidoszkop.hu\/index.php\/wp-json\/wp\/v2\/posts\/17245\/revisions"}],"predecessor-version":[{"id":17249,"href":"https:\/\/kinaikaleidoszkop.hu\/index.php\/wp-json\/wp\/v2\/posts\/17245\/revisions\/17249"}],"wp:featuredmedia":[{"embeddable":true,"href":"https:\/\/kinaikaleidoszkop.hu\/index.php\/wp-json\/wp\/v2\/media\/17248"}],"wp:attachment":[{"href":"https:\/\/kinaikaleidoszkop.hu\/index.php\/wp-json\/wp\/v2\/media?parent=17245"}],"wp:term":[{"taxonomy":"category","embeddable":true,"href":"https:\/\/kinaikaleidoszkop.hu\/index.php\/wp-json\/wp\/v2\/categories?post=17245"},{"taxonomy":"post_tag","embeddable":true,"href":"https:\/\/kinaikaleidoszkop.hu\/index.php\/wp-json\/wp\/v2\/tags?post=17245"}],"curies":[{"name":"wp","href":"https:\/\/api.w.org\/{rel}","templated":true}]}}