{"id":17250,"date":"2023-04-27T15:19:43","date_gmt":"2023-04-27T13:19:43","guid":{"rendered":"https:\/\/kinaikaleidoszkop.hu\/?p=17250"},"modified":"2023-04-27T15:19:44","modified_gmt":"2023-04-27T13:19:44","slug":"a-salvadori-alelnok-az-ovezet-es-ut-kezdemenyezes-kereteben-folytatott-egyuttmukodesekrol","status":"publish","type":"post","link":"https:\/\/kinaikaleidoszkop.hu\/index.php\/2023\/04\/27\/a-salvadori-alelnok-az-ovezet-es-ut-kezdemenyezes-kereteben-folytatott-egyuttmukodesekrol\/","title":{"rendered":"A salvadori aleln\u00f6k az \u201e\u00d6vezet \u00e9s \u00dat&#8221; kezdem\u00e9nyez\u00e9s keret\u00e9ben folytatott egy\u00fcttm\u0171k\u00f6d\u00e9sekr\u0151l"},"content":{"rendered":"\n<p><strong>2018 augusztus\u00e1ban Salvador megszak\u00edtotta az \u00fan. diplom\u00e1ciai kapcsolatait Tajvannal \u00e9s k\u00f6zlem\u00e9nyt \u00edrt al\u00e1 K\u00edn\u00e1val a diplom\u00e1ciai kapcsolatok felv\u00e9tel\u00e9r\u0151l.<\/strong><\/p>\n\n\n\n<p>F\u00e9lix Ulloa, Salvador aleln\u00f6ke h\u00e1rom sz\u00f3val \u2013 az egy\u00fcttm\u0171k\u00f6d\u00e9ssel, az egys\u00e9ggel \u00e9s a bar\u00e1ts\u00e1ggal \u2013 jellemzi a salvadori\u2013k\u00ednai kapcsolatokat. Az ut\u00f3bbi napokban F\u00e9lix Ulloa aleln\u00f6k exkluz\u00edv interj\u00fat adott a CMG-nek, \u00e9s t\u00f6bbek k\u00f6z\u00f6tt az \u201e\u00d6vezet \u00e9s \u00dat\u201d kezdem\u00e9nyez\u00e9s keret\u00e9ben folytatott egy\u00fcttm\u0171k\u00f6d\u00e9sekr\u0151l is besz\u00e9lt.<\/p>\n\n\n\n<p><strong>Wang Guan, a CMG m\u0171sorvezet\u0151je:<\/strong><\/p>\n\n\n\n<blockquote class=\"wp-block-quote is-layout-flow wp-block-quote-is-layout-flow\">\n<p>Amennyire \u00e9n tudom, K\u00edna sz\u00e1mos infrastruktur\u00e1lis \u00e9p\u00edt\u00e9si projektben egy\u00fcttm\u0171k\u00f6dik az \u00d6n orsz\u00e1g\u00e1val, k\u00f6zt\u00fck van p\u00e9ld\u00e1ul k\u00f6nyvt\u00e1r, futballstadion stb. Hogy alakulnak a projektek, aleln\u00f6k \u00far?<\/p>\n<\/blockquote>\n\n\n\n<p><strong>F\u00e9lix Ulloa, salvadori aleln\u00f6k:<\/strong><\/p>\n\n\n\n<blockquote class=\"wp-block-quote is-layout-flow wp-block-quote-is-layout-flow\">\n<p>Eddig minden j\u00f3l megy, de emellett minden v\u00edzkezel\u00e9ssel kapcsolatos projekt \u2013 amely a legfontosabb projektek egyike \u2013 hozz\u00e1j\u00e1rul az idegenforgalmunk fejl\u0151d\u00e9s\u00e9hez. Ez azt jelenti, hogy a strandok k\u00f6rny\u00e9k\u00e9n a turizmus vonz\u00f3v\u00e1 v\u00e1lt, mert n\u00e1lunk vannak a legjobb sz\u00f6rf\u00f6z\u0151 helyek, egyebek mellett otthont adunk a nemzetk\u00f6zi sz\u00f6rfbajnoks\u00e1gnak is, de a v\u00edzkezel\u00e9s \u00e9s a strand fenntart\u00e1sa az egyik f\u0151 kih\u00edv\u00e1s. K\u00edna beleegyezett abba, hogy t\u00e1mogat minket, \u00e9s biztos\u00edtja, hogy a tervek megfelel\u0151en lesznek kivitelezve. Ezt nagyra \u00e9rt\u00e9kelj\u00fck, \u00e9s egy\u00fattal k\u00f6sz\u00f6netet mondunk a k\u00ednai korm\u00e1nynak \u00e9s a k\u00ednai n\u00e9pnek a t\u00e1mogat\u00e1suk\u00e9rt, ez k\u00e9ts\u00e9gtelen\u00fcl lend\u00fcletet ad a gazdas\u00e1gi fejl\u0151d\u00e9s\u00fcnknek.<\/p>\n<\/blockquote>\n\n\n\n<figure class=\"wp-block-embed is-type-video is-provider-youtube wp-block-embed-youtube wp-embed-aspect-16-9 wp-has-aspect-ratio\"><div class=\"wp-block-embed__wrapper\">\n<iframe loading=\"lazy\" title=\"A salvadori aleln\u00f6k az \u201e\u00d6vezet \u00e9s \u00dat&quot; kezdem\u00e9nyez\u00e9s keret\u00e9ben folytatott egy\u00fcttm\u0171k\u00f6d\u00e9sekr\u0151l\" width=\"1320\" height=\"743\" src=\"https:\/\/www.youtube.com\/embed\/IPhCZzeV9NM?feature=oembed\" frameborder=\"0\" allow=\"accelerometer; autoplay; clipboard-write; encrypted-media; gyroscope; picture-in-picture; web-share\" allowfullscreen><\/iframe>\n<\/div><\/figure>\n\n\n\n<p><strong>2023. \u00e1prilis 27.<\/strong><\/p>\n\n\n\n<p><strong><em>(China Media Group)<\/em><\/strong><\/p>\n\n\n\n<p><strong>(x)<\/strong><\/p>\n","protected":false},"excerpt":{"rendered":"<p>2018 augusztus\u00e1ban Salvador megszak\u00edtotta az \u00fan. diplom\u00e1ciai kapcsolatait Tajvannal \u00e9s k\u00f6zlem\u00e9nyt \u00edrt al\u00e1 K\u00edn\u00e1val a diplom\u00e1ciai kapcsolatok felv\u00e9tel\u00e9r\u0151l. F\u00e9lix Ulloa, Salvador aleln\u00f6ke h\u00e1rom sz\u00f3val \u2013 az egy\u00fcttm\u0171k\u00f6d\u00e9ssel, az egys\u00e9ggel \u00e9s a bar\u00e1ts\u00e1ggal \u2013 jellemzi a salvadori\u2013k\u00ednai kapcsolatokat. Az ut\u00f3bbi napokban F\u00e9lix Ulloa aleln\u00f6k exkluz\u00edv interj\u00fat adott a CMG-nek, \u00e9s t\u00f6bbek k\u00f6z\u00f6tt az \u201e\u00d6vezet \u00e9s \u00dat\u201d [&hellip;]<\/p>\n","protected":false},"author":2,"featured_media":17253,"comment_status":"closed","ping_status":"closed","sticky":false,"template":"","format":"standard","meta":{"footnotes":""},"categories":[45],"tags":[576,273,593,2350,415,2351,2352],"class_list":["post-17250","post","type-post","status-publish","format-standard","has-post-thumbnail","hentry","category-hirek","tag-diplomaciai-kapcsolatok","tag-egyuttmukodes","tag-exkluziv-interju","tag-felix-ulloa","tag-ovezet-es-ut-kezdemenyezes","tag-salvador","tag-salvadori-alelnok"],"yoast_head":"<!-- This site is optimized with the Yoast SEO plugin v23.7 - https:\/\/yoast.com\/wordpress\/plugins\/seo\/ -->\n<title>A salvadori aleln\u00f6k az \u201e\u00d6vezet \u00e9s \u00dat&quot; kezdem\u00e9nyez\u00e9s keret\u00e9ben folytatott egy\u00fcttm\u0171k\u00f6d\u00e9sekr\u0151l - kinaikaleidoszkop.hu<\/title>\n<meta name=\"robots\" content=\"index, follow, max-snippet:-1, max-image-preview:large, max-video-preview:-1\" \/>\n<link rel=\"canonical\" href=\"https:\/\/kinaikaleidoszkop.hu\/index.php\/2023\/04\/27\/a-salvadori-alelnok-az-ovezet-es-ut-kezdemenyezes-kereteben-folytatott-egyuttmukodesekrol\/\" \/>\n<meta property=\"og:locale\" content=\"hu_HU\" \/>\n<meta property=\"og:type\" content=\"article\" \/>\n<meta property=\"og:title\" content=\"A salvadori aleln\u00f6k az \u201e\u00d6vezet \u00e9s \u00dat&quot; kezdem\u00e9nyez\u00e9s keret\u00e9ben folytatott egy\u00fcttm\u0171k\u00f6d\u00e9sekr\u0151l - kinaikaleidoszkop.hu\" \/>\n<meta property=\"og:description\" content=\"2018 augusztus\u00e1ban Salvador megszak\u00edtotta az \u00fan. diplom\u00e1ciai kapcsolatait Tajvannal \u00e9s k\u00f6zlem\u00e9nyt \u00edrt al\u00e1 K\u00edn\u00e1val a diplom\u00e1ciai kapcsolatok felv\u00e9tel\u00e9r\u0151l. F\u00e9lix Ulloa, Salvador aleln\u00f6ke h\u00e1rom sz\u00f3val \u2013 az egy\u00fcttm\u0171k\u00f6d\u00e9ssel, az egys\u00e9ggel \u00e9s a bar\u00e1ts\u00e1ggal \u2013 jellemzi a salvadori\u2013k\u00ednai kapcsolatokat. Az ut\u00f3bbi napokban F\u00e9lix Ulloa aleln\u00f6k exkluz\u00edv interj\u00fat adott a CMG-nek, \u00e9s t\u00f6bbek k\u00f6z\u00f6tt az \u201e\u00d6vezet \u00e9s \u00dat\u201d [&hellip;]\" \/>\n<meta property=\"og:url\" content=\"https:\/\/kinaikaleidoszkop.hu\/index.php\/2023\/04\/27\/a-salvadori-alelnok-az-ovezet-es-ut-kezdemenyezes-kereteben-folytatott-egyuttmukodesekrol\/\" \/>\n<meta property=\"og:site_name\" content=\"kinaikaleidoszkop.hu\" \/>\n<meta property=\"article:published_time\" content=\"2023-04-27T13:19:43+00:00\" \/>\n<meta property=\"article:modified_time\" content=\"2023-04-27T13:19:44+00:00\" \/>\n<meta property=\"og:image\" content=\"https:\/\/kinaikaleidoszkop.hu\/wp-content\/uploads\/2023\/04\/cmg0427_2-1024x576.png\" \/>\n\t<meta property=\"og:image:width\" content=\"1024\" \/>\n\t<meta property=\"og:image:height\" content=\"576\" \/>\n\t<meta property=\"og:image:type\" content=\"image\/png\" \/>\n<meta name=\"author\" content=\"admin-szabolcs\" \/>\n<meta name=\"twitter:card\" content=\"summary_large_image\" \/>\n<meta name=\"twitter:label1\" content=\"Szerz\u0151:\" \/>\n\t<meta name=\"twitter:data1\" content=\"admin-szabolcs\" \/>\n\t<meta name=\"twitter:label2\" content=\"Becs\u00fclt olvas\u00e1si id\u0151\" \/>\n\t<meta name=\"twitter:data2\" content=\"2 perc\" \/>\n<script type=\"application\/ld+json\" class=\"yoast-schema-graph\">{\"@context\":\"https:\/\/schema.org\",\"@graph\":[{\"@type\":\"WebPage\",\"@id\":\"https:\/\/kinaikaleidoszkop.hu\/index.php\/2023\/04\/27\/a-salvadori-alelnok-az-ovezet-es-ut-kezdemenyezes-kereteben-folytatott-egyuttmukodesekrol\/\",\"url\":\"https:\/\/kinaikaleidoszkop.hu\/index.php\/2023\/04\/27\/a-salvadori-alelnok-az-ovezet-es-ut-kezdemenyezes-kereteben-folytatott-egyuttmukodesekrol\/\",\"name\":\"A salvadori aleln\u00f6k az \u201e\u00d6vezet \u00e9s \u00dat\\\" kezdem\u00e9nyez\u00e9s keret\u00e9ben folytatott egy\u00fcttm\u0171k\u00f6d\u00e9sekr\u0151l - kinaikaleidoszkop.hu\",\"isPartOf\":{\"@id\":\"https:\/\/kinaikaleidoszkop.hu\/#website\"},\"primaryImageOfPage\":{\"@id\":\"https:\/\/kinaikaleidoszkop.hu\/index.php\/2023\/04\/27\/a-salvadori-alelnok-az-ovezet-es-ut-kezdemenyezes-kereteben-folytatott-egyuttmukodesekrol\/#primaryimage\"},\"image\":{\"@id\":\"https:\/\/kinaikaleidoszkop.hu\/index.php\/2023\/04\/27\/a-salvadori-alelnok-az-ovezet-es-ut-kezdemenyezes-kereteben-folytatott-egyuttmukodesekrol\/#primaryimage\"},\"thumbnailUrl\":\"https:\/\/kinaikaleidoszkop.hu\/wp-content\/uploads\/2023\/04\/cmg0427_2.png\",\"datePublished\":\"2023-04-27T13:19:43+00:00\",\"dateModified\":\"2023-04-27T13:19:44+00:00\",\"author\":{\"@id\":\"https:\/\/kinaikaleidoszkop.hu\/#\/schema\/person\/b9e2febe742edd540c1197716ec02bf7\"},\"breadcrumb\":{\"@id\":\"https:\/\/kinaikaleidoszkop.hu\/index.php\/2023\/04\/27\/a-salvadori-alelnok-az-ovezet-es-ut-kezdemenyezes-kereteben-folytatott-egyuttmukodesekrol\/#breadcrumb\"},\"inLanguage\":\"hu\",\"potentialAction\":[{\"@type\":\"ReadAction\",\"target\":[\"https:\/\/kinaikaleidoszkop.hu\/index.php\/2023\/04\/27\/a-salvadori-alelnok-az-ovezet-es-ut-kezdemenyezes-kereteben-folytatott-egyuttmukodesekrol\/\"]}]},{\"@type\":\"ImageObject\",\"inLanguage\":\"hu\",\"@id\":\"https:\/\/kinaikaleidoszkop.hu\/index.php\/2023\/04\/27\/a-salvadori-alelnok-az-ovezet-es-ut-kezdemenyezes-kereteben-folytatott-egyuttmukodesekrol\/#primaryimage\",\"url\":\"https:\/\/kinaikaleidoszkop.hu\/wp-content\/uploads\/2023\/04\/cmg0427_2.png\",\"contentUrl\":\"https:\/\/kinaikaleidoszkop.hu\/wp-content\/uploads\/2023\/04\/cmg0427_2.png\",\"width\":1920,\"height\":1080},{\"@type\":\"BreadcrumbList\",\"@id\":\"https:\/\/kinaikaleidoszkop.hu\/index.php\/2023\/04\/27\/a-salvadori-alelnok-az-ovezet-es-ut-kezdemenyezes-kereteben-folytatott-egyuttmukodesekrol\/#breadcrumb\",\"itemListElement\":[{\"@type\":\"ListItem\",\"position\":1,\"name\":\"Kezd\u0151lap\",\"item\":\"https:\/\/kinaikaleidoszkop.hu\/\"},{\"@type\":\"ListItem\",\"position\":2,\"name\":\"A salvadori aleln\u00f6k az \u201e\u00d6vezet \u00e9s \u00dat&#8221; kezdem\u00e9nyez\u00e9s keret\u00e9ben folytatott egy\u00fcttm\u0171k\u00f6d\u00e9sekr\u0151l\"}]},{\"@type\":\"WebSite\",\"@id\":\"https:\/\/kinaikaleidoszkop.hu\/#website\",\"url\":\"https:\/\/kinaikaleidoszkop.hu\/\",\"name\":\"kinaikaleidoszkop.hu\",\"description\":\"\",\"potentialAction\":[{\"@type\":\"SearchAction\",\"target\":{\"@type\":\"EntryPoint\",\"urlTemplate\":\"https:\/\/kinaikaleidoszkop.hu\/?s={search_term_string}\"},\"query-input\":{\"@type\":\"PropertyValueSpecification\",\"valueRequired\":true,\"valueName\":\"search_term_string\"}}],\"inLanguage\":\"hu\"},{\"@type\":\"Person\",\"@id\":\"https:\/\/kinaikaleidoszkop.hu\/#\/schema\/person\/b9e2febe742edd540c1197716ec02bf7\",\"name\":\"admin-szabolcs\",\"image\":{\"@type\":\"ImageObject\",\"inLanguage\":\"hu\",\"@id\":\"https:\/\/kinaikaleidoszkop.hu\/#\/schema\/person\/image\/\",\"url\":\"https:\/\/secure.gravatar.com\/avatar\/154f262492794df2a6cb5d5349227b18ef8f85ab462fbb32625fc42406483d21?s=96&d=mm&r=g\",\"contentUrl\":\"https:\/\/secure.gravatar.com\/avatar\/154f262492794df2a6cb5d5349227b18ef8f85ab462fbb32625fc42406483d21?s=96&d=mm&r=g\",\"caption\":\"admin-szabolcs\"},\"url\":\"https:\/\/kinaikaleidoszkop.hu\/index.php\/author\/admin-szabolcs\/\"}]}<\/script>\n<!-- \/ Yoast SEO plugin. -->","yoast_head_json":{"title":"A salvadori aleln\u00f6k az \u201e\u00d6vezet \u00e9s \u00dat\" kezdem\u00e9nyez\u00e9s keret\u00e9ben folytatott egy\u00fcttm\u0171k\u00f6d\u00e9sekr\u0151l - kinaikaleidoszkop.hu","robots":{"index":"index","follow":"follow","max-snippet":"max-snippet:-1","max-image-preview":"max-image-preview:large","max-video-preview":"max-video-preview:-1"},"canonical":"https:\/\/kinaikaleidoszkop.hu\/index.php\/2023\/04\/27\/a-salvadori-alelnok-az-ovezet-es-ut-kezdemenyezes-kereteben-folytatott-egyuttmukodesekrol\/","og_locale":"hu_HU","og_type":"article","og_title":"A salvadori aleln\u00f6k az \u201e\u00d6vezet \u00e9s \u00dat\" kezdem\u00e9nyez\u00e9s keret\u00e9ben folytatott egy\u00fcttm\u0171k\u00f6d\u00e9sekr\u0151l - kinaikaleidoszkop.hu","og_description":"2018 augusztus\u00e1ban Salvador megszak\u00edtotta az \u00fan. diplom\u00e1ciai kapcsolatait Tajvannal \u00e9s k\u00f6zlem\u00e9nyt \u00edrt al\u00e1 K\u00edn\u00e1val a diplom\u00e1ciai kapcsolatok felv\u00e9tel\u00e9r\u0151l. F\u00e9lix Ulloa, Salvador aleln\u00f6ke h\u00e1rom sz\u00f3val \u2013 az egy\u00fcttm\u0171k\u00f6d\u00e9ssel, az egys\u00e9ggel \u00e9s a bar\u00e1ts\u00e1ggal \u2013 jellemzi a salvadori\u2013k\u00ednai kapcsolatokat. Az ut\u00f3bbi napokban F\u00e9lix Ulloa aleln\u00f6k exkluz\u00edv interj\u00fat adott a CMG-nek, \u00e9s t\u00f6bbek k\u00f6z\u00f6tt az \u201e\u00d6vezet \u00e9s \u00dat\u201d [&hellip;]","og_url":"https:\/\/kinaikaleidoszkop.hu\/index.php\/2023\/04\/27\/a-salvadori-alelnok-az-ovezet-es-ut-kezdemenyezes-kereteben-folytatott-egyuttmukodesekrol\/","og_site_name":"kinaikaleidoszkop.hu","article_published_time":"2023-04-27T13:19:43+00:00","article_modified_time":"2023-04-27T13:19:44+00:00","og_image":[{"width":1024,"height":576,"url":"https:\/\/kinaikaleidoszkop.hu\/wp-content\/uploads\/2023\/04\/cmg0427_2-1024x576.png","type":"image\/png"}],"author":"admin-szabolcs","twitter_card":"summary_large_image","twitter_misc":{"Szerz\u0151:":"admin-szabolcs","Becs\u00fclt olvas\u00e1si id\u0151":"2 perc"},"schema":{"@context":"https:\/\/schema.org","@graph":[{"@type":"WebPage","@id":"https:\/\/kinaikaleidoszkop.hu\/index.php\/2023\/04\/27\/a-salvadori-alelnok-az-ovezet-es-ut-kezdemenyezes-kereteben-folytatott-egyuttmukodesekrol\/","url":"https:\/\/kinaikaleidoszkop.hu\/index.php\/2023\/04\/27\/a-salvadori-alelnok-az-ovezet-es-ut-kezdemenyezes-kereteben-folytatott-egyuttmukodesekrol\/","name":"A salvadori aleln\u00f6k az \u201e\u00d6vezet \u00e9s \u00dat\" kezdem\u00e9nyez\u00e9s keret\u00e9ben folytatott egy\u00fcttm\u0171k\u00f6d\u00e9sekr\u0151l - kinaikaleidoszkop.hu","isPartOf":{"@id":"https:\/\/kinaikaleidoszkop.hu\/#website"},"primaryImageOfPage":{"@id":"https:\/\/kinaikaleidoszkop.hu\/index.php\/2023\/04\/27\/a-salvadori-alelnok-az-ovezet-es-ut-kezdemenyezes-kereteben-folytatott-egyuttmukodesekrol\/#primaryimage"},"image":{"@id":"https:\/\/kinaikaleidoszkop.hu\/index.php\/2023\/04\/27\/a-salvadori-alelnok-az-ovezet-es-ut-kezdemenyezes-kereteben-folytatott-egyuttmukodesekrol\/#primaryimage"},"thumbnailUrl":"https:\/\/kinaikaleidoszkop.hu\/wp-content\/uploads\/2023\/04\/cmg0427_2.png","datePublished":"2023-04-27T13:19:43+00:00","dateModified":"2023-04-27T13:19:44+00:00","author":{"@id":"https:\/\/kinaikaleidoszkop.hu\/#\/schema\/person\/b9e2febe742edd540c1197716ec02bf7"},"breadcrumb":{"@id":"https:\/\/kinaikaleidoszkop.hu\/index.php\/2023\/04\/27\/a-salvadori-alelnok-az-ovezet-es-ut-kezdemenyezes-kereteben-folytatott-egyuttmukodesekrol\/#breadcrumb"},"inLanguage":"hu","potentialAction":[{"@type":"ReadAction","target":["https:\/\/kinaikaleidoszkop.hu\/index.php\/2023\/04\/27\/a-salvadori-alelnok-az-ovezet-es-ut-kezdemenyezes-kereteben-folytatott-egyuttmukodesekrol\/"]}]},{"@type":"ImageObject","inLanguage":"hu","@id":"https:\/\/kinaikaleidoszkop.hu\/index.php\/2023\/04\/27\/a-salvadori-alelnok-az-ovezet-es-ut-kezdemenyezes-kereteben-folytatott-egyuttmukodesekrol\/#primaryimage","url":"https:\/\/kinaikaleidoszkop.hu\/wp-content\/uploads\/2023\/04\/cmg0427_2.png","contentUrl":"https:\/\/kinaikaleidoszkop.hu\/wp-content\/uploads\/2023\/04\/cmg0427_2.png","width":1920,"height":1080},{"@type":"BreadcrumbList","@id":"https:\/\/kinaikaleidoszkop.hu\/index.php\/2023\/04\/27\/a-salvadori-alelnok-az-ovezet-es-ut-kezdemenyezes-kereteben-folytatott-egyuttmukodesekrol\/#breadcrumb","itemListElement":[{"@type":"ListItem","position":1,"name":"Kezd\u0151lap","item":"https:\/\/kinaikaleidoszkop.hu\/"},{"@type":"ListItem","position":2,"name":"A salvadori aleln\u00f6k az \u201e\u00d6vezet \u00e9s \u00dat&#8221; kezdem\u00e9nyez\u00e9s keret\u00e9ben folytatott egy\u00fcttm\u0171k\u00f6d\u00e9sekr\u0151l"}]},{"@type":"WebSite","@id":"https:\/\/kinaikaleidoszkop.hu\/#website","url":"https:\/\/kinaikaleidoszkop.hu\/","name":"kinaikaleidoszkop.hu","description":"","potentialAction":[{"@type":"SearchAction","target":{"@type":"EntryPoint","urlTemplate":"https:\/\/kinaikaleidoszkop.hu\/?s={search_term_string}"},"query-input":{"@type":"PropertyValueSpecification","valueRequired":true,"valueName":"search_term_string"}}],"inLanguage":"hu"},{"@type":"Person","@id":"https:\/\/kinaikaleidoszkop.hu\/#\/schema\/person\/b9e2febe742edd540c1197716ec02bf7","name":"admin-szabolcs","image":{"@type":"ImageObject","inLanguage":"hu","@id":"https:\/\/kinaikaleidoszkop.hu\/#\/schema\/person\/image\/","url":"https:\/\/secure.gravatar.com\/avatar\/154f262492794df2a6cb5d5349227b18ef8f85ab462fbb32625fc42406483d21?s=96&d=mm&r=g","contentUrl":"https:\/\/secure.gravatar.com\/avatar\/154f262492794df2a6cb5d5349227b18ef8f85ab462fbb32625fc42406483d21?s=96&d=mm&r=g","caption":"admin-szabolcs"},"url":"https:\/\/kinaikaleidoszkop.hu\/index.php\/author\/admin-szabolcs\/"}]}},"views":312,"distributor_meta":false,"distributor_terms":false,"distributor_media":false,"distributor_original_site_name":"kinaikaleidoszkop.hu","distributor_original_site_url":"https:\/\/kinaikaleidoszkop.hu","push-errors":false,"_links":{"self":[{"href":"https:\/\/kinaikaleidoszkop.hu\/index.php\/wp-json\/wp\/v2\/posts\/17250","targetHints":{"allow":["GET"]}}],"collection":[{"href":"https:\/\/kinaikaleidoszkop.hu\/index.php\/wp-json\/wp\/v2\/posts"}],"about":[{"href":"https:\/\/kinaikaleidoszkop.hu\/index.php\/wp-json\/wp\/v2\/types\/post"}],"author":[{"embeddable":true,"href":"https:\/\/kinaikaleidoszkop.hu\/index.php\/wp-json\/wp\/v2\/users\/2"}],"replies":[{"embeddable":true,"href":"https:\/\/kinaikaleidoszkop.hu\/index.php\/wp-json\/wp\/v2\/comments?post=17250"}],"version-history":[{"count":1,"href":"https:\/\/kinaikaleidoszkop.hu\/index.php\/wp-json\/wp\/v2\/posts\/17250\/revisions"}],"predecessor-version":[{"id":17254,"href":"https:\/\/kinaikaleidoszkop.hu\/index.php\/wp-json\/wp\/v2\/posts\/17250\/revisions\/17254"}],"wp:featuredmedia":[{"embeddable":true,"href":"https:\/\/kinaikaleidoszkop.hu\/index.php\/wp-json\/wp\/v2\/media\/17253"}],"wp:attachment":[{"href":"https:\/\/kinaikaleidoszkop.hu\/index.php\/wp-json\/wp\/v2\/media?parent=17250"}],"wp:term":[{"taxonomy":"category","embeddable":true,"href":"https:\/\/kinaikaleidoszkop.hu\/index.php\/wp-json\/wp\/v2\/categories?post=17250"},{"taxonomy":"post_tag","embeddable":true,"href":"https:\/\/kinaikaleidoszkop.hu\/index.php\/wp-json\/wp\/v2\/tags?post=17250"}],"curies":[{"name":"wp","href":"https:\/\/api.w.org\/{rel}","templated":true}]}}