{"id":17306,"date":"2023-05-07T23:19:42","date_gmt":"2023-05-07T21:19:42","guid":{"rendered":"https:\/\/kinaikaleidoszkop.hu\/?p=17306"},"modified":"2023-05-07T23:19:43","modified_gmt":"2023-05-07T21:19:43","slug":"kinai-miniszterhelyettes-jelentosen-nottek-kina-befektetesei-kozep-es-kelet-europaban-es-viszont","status":"publish","type":"post","link":"https:\/\/kinaikaleidoszkop.hu\/index.php\/2023\/05\/07\/kinai-miniszterhelyettes-jelentosen-nottek-kina-befektetesei-kozep-es-kelet-europaban-es-viszont\/","title":{"rendered":"K\u00ednai miniszterhelyettes: jelent\u0151sen n\u0151ttek\u00a0K\u00edna\u00a0befektet\u00e9sei K\u00f6z\u00e9p- \u00e9s Kelet-Eur\u00f3p\u00e1ban \u00e9s viszont"},"content":{"rendered":"\n<p><strong>Az elm\u00falt \u00e9vtizedben fellend\u00fcltek a\u00a0K\u00edna\u00a0\u00e9s a k\u00f6z\u00e9p- \u00e9s kelet-eur\u00f3pai orsz\u00e1gok (KKKE) k\u00f6z\u00f6tti kereskedelmi \u00e9s gazdas\u00e1gi kapcsolatok, a k\u00e9tir\u00e1ny\u00fa befektet\u00e9sek m\u00e1r megk\u00f6zel\u00edtett\u00e9k a 20 milli\u00e1rd doll\u00e1rt &#8211; jelentette ki p\u00e9nteki sajt\u00f3t\u00e1j\u00e9koztat\u00f3j\u00e1n Li Fej\u00a0k\u00ednai kereskedelmi miniszterhelyettes.<\/strong><\/p>\n\n\n\n<p>Hozz\u00e1tette, hogy 2023 els\u0151 negyed\u00e9v\u00e9ben\u00a0K\u00edna\u00a0k\u00f6zvetlen befektet\u00e9sei 148 sz\u00e1zal\u00e9kkal n\u0151ttek ezekbe az orsz\u00e1gokba a tavalyi els\u0151 negyed\u00e9vhez k\u00e9pest. K\u00edna\u00a0kereskedelme a k\u00f6z\u00e9p- \u00e9s kelet-eur\u00f3pai orsz\u00e1gokkal 2012 \u00f3ta \u00e9vente \u00e1tlagosan 8,1 sz\u00e1zal\u00e9kkal n\u0151tt,\u00a0K\u00edna\u00a0importja ezekb\u0151l az orsz\u00e1gokb\u00f3l \u00e1tlagosan 9,2 sz\u00e1zal\u00e9kkal emelkedett \u00e9ves szinten.<br>\u00a0\u00a0\u00a0\u00a0<\/p>\n\n\n\n<p><strong>A miniszterhelyettes elmondta, hogy a k\u00e9tir\u00e1ny\u00fa kereskedelem az els\u0151 negyed\u00e9vben el\u00e9rte a 33,3 milli\u00e1rd doll\u00e1rt, 1,6 sz\u00e1zal\u00e9kkal t\u00f6bb volt az egy \u00e9vvel kor\u00e1bbin\u00e1l, ez stabil \u00e9s pozit\u00edv \u00e9vkezdetet mutat. <\/strong>A\u00a0k\u00ednai v\u00e1llalatok sz\u00edvesen fektetnek be ezekben a r\u00e9gi\u00f3kban olyan ter\u00fcleteken, mint az aut\u00f3alkatr\u00e9szek, a h\u00e1ztart\u00e1si g\u00e9pek, a gy\u00f3gyszerek, a logisztika, az energiatermel\u00e9s \u00e9s egyes \u00e1sv\u00e1nyi anyagok kitermel\u00e9se &#8211; tette hozz\u00e1 Li.<br>\u00a0\u00a0\u00a0\u00a0<\/p>\n\n\n\n<p>Hangs\u00falyozta:<strong> Lengyelorsz\u00e1g, Magyarorsz\u00e1g, Szlov\u00e1kia \u00e9s m\u00e1s orsz\u00e1gok fontos c\u00e9l\u00e1llom\u00e1sokk\u00e1 v\u00e1ltak a\u00a0K\u00edna-Eur\u00f3pa \u00fatvonalon k\u00f6zleked\u0151 tehervonatok sz\u00e1m\u00e1ra, melyek sz\u00e1ma 2022-ben 16 ezer volt. <\/strong>Ez 9 sz\u00e1zal\u00e9kos n\u00f6veked\u00e9st jelent az el\u0151z\u0151 \u00e9vhez k\u00e9pest. Li Fej meger\u0151s\u00edtette azt is, hogy m\u00e1jus 16. \u00e9s 20. k\u00f6z\u00f6tt a kelet-k\u00ednai Cs\u00f6csiang tartom\u00e1nyban, Ningb\u00f3ban megrendezik a\u00a0K\u00edna-CEEC Expo \u00e9s Nemzetk\u00f6zi Fogyaszt\u00e1si Cikkek harmadik v\u00e1s\u00e1r\u00e1t.<\/p>\n\n\n\n<p><strong>2023. m\u00e1jus 7.<\/strong><\/p>\n\n\n\n<p><strong><em>(MTI\/Hszinhua)<\/em><\/strong><\/p>\n","protected":false},"excerpt":{"rendered":"<p>Az elm\u00falt \u00e9vtizedben fellend\u00fcltek a\u00a0K\u00edna\u00a0\u00e9s a k\u00f6z\u00e9p- \u00e9s kelet-eur\u00f3pai orsz\u00e1gok (KKKE) k\u00f6z\u00f6tti kereskedelmi \u00e9s gazdas\u00e1gi kapcsolatok, a k\u00e9tir\u00e1ny\u00fa befektet\u00e9sek m\u00e1r megk\u00f6zel\u00edtett\u00e9k a 20 milli\u00e1rd doll\u00e1rt &#8211; jelentette ki p\u00e9nteki sajt\u00f3t\u00e1j\u00e9koztat\u00f3j\u00e1n Li Fej\u00a0k\u00ednai kereskedelmi miniszterhelyettes. Hozz\u00e1tette, hogy 2023 els\u0151 negyed\u00e9v\u00e9ben\u00a0K\u00edna\u00a0k\u00f6zvetlen befektet\u00e9sei 148 sz\u00e1zal\u00e9kkal n\u0151ttek ezekbe az orsz\u00e1gokba a tavalyi els\u0151 negyed\u00e9vhez k\u00e9pest. K\u00edna\u00a0kereskedelme a k\u00f6z\u00e9p- \u00e9s [&hellip;]<\/p>\n","protected":false},"author":7,"featured_media":17308,"comment_status":"closed","ping_status":"closed","sticky":false,"template":"","format":"standard","meta":{"footnotes":""},"categories":[45,7],"tags":[2375,144,66,398],"class_list":["post-17306","post","type-post","status-publish","format-standard","has-post-thumbnail","hentry","category-hirek","category-mind","tag-befektetesek","tag-europa","tag-gazdasag","tag-kapcsolat"],"yoast_head":"<!-- This site is optimized with the Yoast SEO plugin v23.7 - https:\/\/yoast.com\/wordpress\/plugins\/seo\/ -->\n<title>K\u00ednai miniszterhelyettes: jelent\u0151sen n\u0151ttek\u00a0K\u00edna\u00a0befektet\u00e9sei K\u00f6z\u00e9p- \u00e9s Kelet-Eur\u00f3p\u00e1ban \u00e9s viszont - kinaikaleidoszkop.hu<\/title>\n<meta name=\"robots\" content=\"index, follow, max-snippet:-1, max-image-preview:large, max-video-preview:-1\" \/>\n<link rel=\"canonical\" href=\"https:\/\/kinaikaleidoszkop.hu\/index.php\/2023\/05\/07\/kinai-miniszterhelyettes-jelentosen-nottek-kina-befektetesei-kozep-es-kelet-europaban-es-viszont\/\" \/>\n<meta property=\"og:locale\" content=\"hu_HU\" \/>\n<meta property=\"og:type\" content=\"article\" \/>\n<meta property=\"og:title\" content=\"K\u00ednai miniszterhelyettes: jelent\u0151sen n\u0151ttek\u00a0K\u00edna\u00a0befektet\u00e9sei K\u00f6z\u00e9p- \u00e9s Kelet-Eur\u00f3p\u00e1ban \u00e9s viszont - kinaikaleidoszkop.hu\" \/>\n<meta property=\"og:description\" content=\"Az elm\u00falt \u00e9vtizedben fellend\u00fcltek a\u00a0K\u00edna\u00a0\u00e9s a k\u00f6z\u00e9p- \u00e9s kelet-eur\u00f3pai orsz\u00e1gok (KKKE) k\u00f6z\u00f6tti kereskedelmi \u00e9s gazdas\u00e1gi kapcsolatok, a k\u00e9tir\u00e1ny\u00fa befektet\u00e9sek m\u00e1r megk\u00f6zel\u00edtett\u00e9k a 20 milli\u00e1rd doll\u00e1rt &#8211; jelentette ki p\u00e9nteki sajt\u00f3t\u00e1j\u00e9koztat\u00f3j\u00e1n Li Fej\u00a0k\u00ednai kereskedelmi miniszterhelyettes. Hozz\u00e1tette, hogy 2023 els\u0151 negyed\u00e9v\u00e9ben\u00a0K\u00edna\u00a0k\u00f6zvetlen befektet\u00e9sei 148 sz\u00e1zal\u00e9kkal n\u0151ttek ezekbe az orsz\u00e1gokba a tavalyi els\u0151 negyed\u00e9vhez k\u00e9pest. K\u00edna\u00a0kereskedelme a k\u00f6z\u00e9p- \u00e9s [&hellip;]\" \/>\n<meta property=\"og:url\" content=\"https:\/\/kinaikaleidoszkop.hu\/index.php\/2023\/05\/07\/kinai-miniszterhelyettes-jelentosen-nottek-kina-befektetesei-kozep-es-kelet-europaban-es-viszont\/\" \/>\n<meta property=\"og:site_name\" content=\"kinaikaleidoszkop.hu\" \/>\n<meta property=\"article:published_time\" content=\"2023-05-07T21:19:42+00:00\" \/>\n<meta property=\"article:modified_time\" content=\"2023-05-07T21:19:43+00:00\" \/>\n<meta property=\"og:image\" content=\"https:\/\/kinaikaleidoszkop.hu\/wp-content\/uploads\/2023\/05\/China-GDP.jpg\" \/>\n\t<meta property=\"og:image:width\" content=\"650\" \/>\n\t<meta property=\"og:image:height\" content=\"411\" \/>\n\t<meta property=\"og:image:type\" content=\"image\/jpeg\" \/>\n<meta name=\"author\" content=\"Szerk_Erik\" \/>\n<meta name=\"twitter:card\" content=\"summary_large_image\" \/>\n<meta name=\"twitter:label1\" content=\"Szerz\u0151:\" \/>\n\t<meta name=\"twitter:data1\" content=\"Szerk_Erik\" \/>\n\t<meta name=\"twitter:label2\" content=\"Becs\u00fclt olvas\u00e1si id\u0151\" \/>\n\t<meta name=\"twitter:data2\" content=\"2 perc\" \/>\n<script type=\"application\/ld+json\" class=\"yoast-schema-graph\">{\"@context\":\"https:\/\/schema.org\",\"@graph\":[{\"@type\":\"WebPage\",\"@id\":\"https:\/\/kinaikaleidoszkop.hu\/index.php\/2023\/05\/07\/kinai-miniszterhelyettes-jelentosen-nottek-kina-befektetesei-kozep-es-kelet-europaban-es-viszont\/\",\"url\":\"https:\/\/kinaikaleidoszkop.hu\/index.php\/2023\/05\/07\/kinai-miniszterhelyettes-jelentosen-nottek-kina-befektetesei-kozep-es-kelet-europaban-es-viszont\/\",\"name\":\"K\u00ednai miniszterhelyettes: jelent\u0151sen n\u0151ttek\u00a0K\u00edna\u00a0befektet\u00e9sei K\u00f6z\u00e9p- \u00e9s Kelet-Eur\u00f3p\u00e1ban \u00e9s viszont - kinaikaleidoszkop.hu\",\"isPartOf\":{\"@id\":\"https:\/\/kinaikaleidoszkop.hu\/#website\"},\"primaryImageOfPage\":{\"@id\":\"https:\/\/kinaikaleidoszkop.hu\/index.php\/2023\/05\/07\/kinai-miniszterhelyettes-jelentosen-nottek-kina-befektetesei-kozep-es-kelet-europaban-es-viszont\/#primaryimage\"},\"image\":{\"@id\":\"https:\/\/kinaikaleidoszkop.hu\/index.php\/2023\/05\/07\/kinai-miniszterhelyettes-jelentosen-nottek-kina-befektetesei-kozep-es-kelet-europaban-es-viszont\/#primaryimage\"},\"thumbnailUrl\":\"https:\/\/kinaikaleidoszkop.hu\/wp-content\/uploads\/2023\/05\/China-GDP.jpg\",\"datePublished\":\"2023-05-07T21:19:42+00:00\",\"dateModified\":\"2023-05-07T21:19:43+00:00\",\"author\":{\"@id\":\"https:\/\/kinaikaleidoszkop.hu\/#\/schema\/person\/4d69b71e7e70322713b9d9287b610556\"},\"breadcrumb\":{\"@id\":\"https:\/\/kinaikaleidoszkop.hu\/index.php\/2023\/05\/07\/kinai-miniszterhelyettes-jelentosen-nottek-kina-befektetesei-kozep-es-kelet-europaban-es-viszont\/#breadcrumb\"},\"inLanguage\":\"hu\",\"potentialAction\":[{\"@type\":\"ReadAction\",\"target\":[\"https:\/\/kinaikaleidoszkop.hu\/index.php\/2023\/05\/07\/kinai-miniszterhelyettes-jelentosen-nottek-kina-befektetesei-kozep-es-kelet-europaban-es-viszont\/\"]}]},{\"@type\":\"ImageObject\",\"inLanguage\":\"hu\",\"@id\":\"https:\/\/kinaikaleidoszkop.hu\/index.php\/2023\/05\/07\/kinai-miniszterhelyettes-jelentosen-nottek-kina-befektetesei-kozep-es-kelet-europaban-es-viszont\/#primaryimage\",\"url\":\"https:\/\/kinaikaleidoszkop.hu\/wp-content\/uploads\/2023\/05\/China-GDP.jpg\",\"contentUrl\":\"https:\/\/kinaikaleidoszkop.hu\/wp-content\/uploads\/2023\/05\/China-GDP.jpg\",\"width\":650,\"height\":411},{\"@type\":\"BreadcrumbList\",\"@id\":\"https:\/\/kinaikaleidoszkop.hu\/index.php\/2023\/05\/07\/kinai-miniszterhelyettes-jelentosen-nottek-kina-befektetesei-kozep-es-kelet-europaban-es-viszont\/#breadcrumb\",\"itemListElement\":[{\"@type\":\"ListItem\",\"position\":1,\"name\":\"Kezd\u0151lap\",\"item\":\"https:\/\/kinaikaleidoszkop.hu\/\"},{\"@type\":\"ListItem\",\"position\":2,\"name\":\"K\u00ednai miniszterhelyettes: jelent\u0151sen n\u0151ttek\u00a0K\u00edna\u00a0befektet\u00e9sei K\u00f6z\u00e9p- \u00e9s Kelet-Eur\u00f3p\u00e1ban \u00e9s viszont\"}]},{\"@type\":\"WebSite\",\"@id\":\"https:\/\/kinaikaleidoszkop.hu\/#website\",\"url\":\"https:\/\/kinaikaleidoszkop.hu\/\",\"name\":\"kinaikaleidoszkop.hu\",\"description\":\"\",\"potentialAction\":[{\"@type\":\"SearchAction\",\"target\":{\"@type\":\"EntryPoint\",\"urlTemplate\":\"https:\/\/kinaikaleidoszkop.hu\/?s={search_term_string}\"},\"query-input\":{\"@type\":\"PropertyValueSpecification\",\"valueRequired\":true,\"valueName\":\"search_term_string\"}}],\"inLanguage\":\"hu\"},{\"@type\":\"Person\",\"@id\":\"https:\/\/kinaikaleidoszkop.hu\/#\/schema\/person\/4d69b71e7e70322713b9d9287b610556\",\"name\":\"Szerk_Erik\",\"image\":{\"@type\":\"ImageObject\",\"inLanguage\":\"hu\",\"@id\":\"https:\/\/kinaikaleidoszkop.hu\/#\/schema\/person\/image\/\",\"url\":\"https:\/\/secure.gravatar.com\/avatar\/3c1e909a14c0c91d2eaef877aaacb584c667f8e7137de69653aa9561fd0e8062?s=96&d=mm&r=g\",\"contentUrl\":\"https:\/\/secure.gravatar.com\/avatar\/3c1e909a14c0c91d2eaef877aaacb584c667f8e7137de69653aa9561fd0e8062?s=96&d=mm&r=g\",\"caption\":\"Szerk_Erik\"},\"url\":\"https:\/\/kinaikaleidoszkop.hu\/index.php\/author\/szerk_erik\/\"}]}<\/script>\n<!-- \/ Yoast SEO plugin. -->","yoast_head_json":{"title":"K\u00ednai miniszterhelyettes: jelent\u0151sen n\u0151ttek\u00a0K\u00edna\u00a0befektet\u00e9sei K\u00f6z\u00e9p- \u00e9s Kelet-Eur\u00f3p\u00e1ban \u00e9s viszont - kinaikaleidoszkop.hu","robots":{"index":"index","follow":"follow","max-snippet":"max-snippet:-1","max-image-preview":"max-image-preview:large","max-video-preview":"max-video-preview:-1"},"canonical":"https:\/\/kinaikaleidoszkop.hu\/index.php\/2023\/05\/07\/kinai-miniszterhelyettes-jelentosen-nottek-kina-befektetesei-kozep-es-kelet-europaban-es-viszont\/","og_locale":"hu_HU","og_type":"article","og_title":"K\u00ednai miniszterhelyettes: jelent\u0151sen n\u0151ttek\u00a0K\u00edna\u00a0befektet\u00e9sei K\u00f6z\u00e9p- \u00e9s Kelet-Eur\u00f3p\u00e1ban \u00e9s viszont - kinaikaleidoszkop.hu","og_description":"Az elm\u00falt \u00e9vtizedben fellend\u00fcltek a\u00a0K\u00edna\u00a0\u00e9s a k\u00f6z\u00e9p- \u00e9s kelet-eur\u00f3pai orsz\u00e1gok (KKKE) k\u00f6z\u00f6tti kereskedelmi \u00e9s gazdas\u00e1gi kapcsolatok, a k\u00e9tir\u00e1ny\u00fa befektet\u00e9sek m\u00e1r megk\u00f6zel\u00edtett\u00e9k a 20 milli\u00e1rd doll\u00e1rt &#8211; jelentette ki p\u00e9nteki sajt\u00f3t\u00e1j\u00e9koztat\u00f3j\u00e1n Li Fej\u00a0k\u00ednai kereskedelmi miniszterhelyettes. Hozz\u00e1tette, hogy 2023 els\u0151 negyed\u00e9v\u00e9ben\u00a0K\u00edna\u00a0k\u00f6zvetlen befektet\u00e9sei 148 sz\u00e1zal\u00e9kkal n\u0151ttek ezekbe az orsz\u00e1gokba a tavalyi els\u0151 negyed\u00e9vhez k\u00e9pest. K\u00edna\u00a0kereskedelme a k\u00f6z\u00e9p- \u00e9s [&hellip;]","og_url":"https:\/\/kinaikaleidoszkop.hu\/index.php\/2023\/05\/07\/kinai-miniszterhelyettes-jelentosen-nottek-kina-befektetesei-kozep-es-kelet-europaban-es-viszont\/","og_site_name":"kinaikaleidoszkop.hu","article_published_time":"2023-05-07T21:19:42+00:00","article_modified_time":"2023-05-07T21:19:43+00:00","og_image":[{"width":650,"height":411,"url":"https:\/\/kinaikaleidoszkop.hu\/wp-content\/uploads\/2023\/05\/China-GDP.jpg","type":"image\/jpeg"}],"author":"Szerk_Erik","twitter_card":"summary_large_image","twitter_misc":{"Szerz\u0151:":"Szerk_Erik","Becs\u00fclt olvas\u00e1si id\u0151":"2 perc"},"schema":{"@context":"https:\/\/schema.org","@graph":[{"@type":"WebPage","@id":"https:\/\/kinaikaleidoszkop.hu\/index.php\/2023\/05\/07\/kinai-miniszterhelyettes-jelentosen-nottek-kina-befektetesei-kozep-es-kelet-europaban-es-viszont\/","url":"https:\/\/kinaikaleidoszkop.hu\/index.php\/2023\/05\/07\/kinai-miniszterhelyettes-jelentosen-nottek-kina-befektetesei-kozep-es-kelet-europaban-es-viszont\/","name":"K\u00ednai miniszterhelyettes: jelent\u0151sen n\u0151ttek\u00a0K\u00edna\u00a0befektet\u00e9sei K\u00f6z\u00e9p- \u00e9s Kelet-Eur\u00f3p\u00e1ban \u00e9s viszont - kinaikaleidoszkop.hu","isPartOf":{"@id":"https:\/\/kinaikaleidoszkop.hu\/#website"},"primaryImageOfPage":{"@id":"https:\/\/kinaikaleidoszkop.hu\/index.php\/2023\/05\/07\/kinai-miniszterhelyettes-jelentosen-nottek-kina-befektetesei-kozep-es-kelet-europaban-es-viszont\/#primaryimage"},"image":{"@id":"https:\/\/kinaikaleidoszkop.hu\/index.php\/2023\/05\/07\/kinai-miniszterhelyettes-jelentosen-nottek-kina-befektetesei-kozep-es-kelet-europaban-es-viszont\/#primaryimage"},"thumbnailUrl":"https:\/\/kinaikaleidoszkop.hu\/wp-content\/uploads\/2023\/05\/China-GDP.jpg","datePublished":"2023-05-07T21:19:42+00:00","dateModified":"2023-05-07T21:19:43+00:00","author":{"@id":"https:\/\/kinaikaleidoszkop.hu\/#\/schema\/person\/4d69b71e7e70322713b9d9287b610556"},"breadcrumb":{"@id":"https:\/\/kinaikaleidoszkop.hu\/index.php\/2023\/05\/07\/kinai-miniszterhelyettes-jelentosen-nottek-kina-befektetesei-kozep-es-kelet-europaban-es-viszont\/#breadcrumb"},"inLanguage":"hu","potentialAction":[{"@type":"ReadAction","target":["https:\/\/kinaikaleidoszkop.hu\/index.php\/2023\/05\/07\/kinai-miniszterhelyettes-jelentosen-nottek-kina-befektetesei-kozep-es-kelet-europaban-es-viszont\/"]}]},{"@type":"ImageObject","inLanguage":"hu","@id":"https:\/\/kinaikaleidoszkop.hu\/index.php\/2023\/05\/07\/kinai-miniszterhelyettes-jelentosen-nottek-kina-befektetesei-kozep-es-kelet-europaban-es-viszont\/#primaryimage","url":"https:\/\/kinaikaleidoszkop.hu\/wp-content\/uploads\/2023\/05\/China-GDP.jpg","contentUrl":"https:\/\/kinaikaleidoszkop.hu\/wp-content\/uploads\/2023\/05\/China-GDP.jpg","width":650,"height":411},{"@type":"BreadcrumbList","@id":"https:\/\/kinaikaleidoszkop.hu\/index.php\/2023\/05\/07\/kinai-miniszterhelyettes-jelentosen-nottek-kina-befektetesei-kozep-es-kelet-europaban-es-viszont\/#breadcrumb","itemListElement":[{"@type":"ListItem","position":1,"name":"Kezd\u0151lap","item":"https:\/\/kinaikaleidoszkop.hu\/"},{"@type":"ListItem","position":2,"name":"K\u00ednai miniszterhelyettes: jelent\u0151sen n\u0151ttek\u00a0K\u00edna\u00a0befektet\u00e9sei K\u00f6z\u00e9p- \u00e9s Kelet-Eur\u00f3p\u00e1ban \u00e9s viszont"}]},{"@type":"WebSite","@id":"https:\/\/kinaikaleidoszkop.hu\/#website","url":"https:\/\/kinaikaleidoszkop.hu\/","name":"kinaikaleidoszkop.hu","description":"","potentialAction":[{"@type":"SearchAction","target":{"@type":"EntryPoint","urlTemplate":"https:\/\/kinaikaleidoszkop.hu\/?s={search_term_string}"},"query-input":{"@type":"PropertyValueSpecification","valueRequired":true,"valueName":"search_term_string"}}],"inLanguage":"hu"},{"@type":"Person","@id":"https:\/\/kinaikaleidoszkop.hu\/#\/schema\/person\/4d69b71e7e70322713b9d9287b610556","name":"Szerk_Erik","image":{"@type":"ImageObject","inLanguage":"hu","@id":"https:\/\/kinaikaleidoszkop.hu\/#\/schema\/person\/image\/","url":"https:\/\/secure.gravatar.com\/avatar\/3c1e909a14c0c91d2eaef877aaacb584c667f8e7137de69653aa9561fd0e8062?s=96&d=mm&r=g","contentUrl":"https:\/\/secure.gravatar.com\/avatar\/3c1e909a14c0c91d2eaef877aaacb584c667f8e7137de69653aa9561fd0e8062?s=96&d=mm&r=g","caption":"Szerk_Erik"},"url":"https:\/\/kinaikaleidoszkop.hu\/index.php\/author\/szerk_erik\/"}]}},"views":243,"distributor_meta":false,"distributor_terms":false,"distributor_media":false,"distributor_original_site_name":"kinaikaleidoszkop.hu","distributor_original_site_url":"https:\/\/kinaikaleidoszkop.hu","push-errors":false,"_links":{"self":[{"href":"https:\/\/kinaikaleidoszkop.hu\/index.php\/wp-json\/wp\/v2\/posts\/17306","targetHints":{"allow":["GET"]}}],"collection":[{"href":"https:\/\/kinaikaleidoszkop.hu\/index.php\/wp-json\/wp\/v2\/posts"}],"about":[{"href":"https:\/\/kinaikaleidoszkop.hu\/index.php\/wp-json\/wp\/v2\/types\/post"}],"author":[{"embeddable":true,"href":"https:\/\/kinaikaleidoszkop.hu\/index.php\/wp-json\/wp\/v2\/users\/7"}],"replies":[{"embeddable":true,"href":"https:\/\/kinaikaleidoszkop.hu\/index.php\/wp-json\/wp\/v2\/comments?post=17306"}],"version-history":[{"count":1,"href":"https:\/\/kinaikaleidoszkop.hu\/index.php\/wp-json\/wp\/v2\/posts\/17306\/revisions"}],"predecessor-version":[{"id":17309,"href":"https:\/\/kinaikaleidoszkop.hu\/index.php\/wp-json\/wp\/v2\/posts\/17306\/revisions\/17309"}],"wp:featuredmedia":[{"embeddable":true,"href":"https:\/\/kinaikaleidoszkop.hu\/index.php\/wp-json\/wp\/v2\/media\/17308"}],"wp:attachment":[{"href":"https:\/\/kinaikaleidoszkop.hu\/index.php\/wp-json\/wp\/v2\/media?parent=17306"}],"wp:term":[{"taxonomy":"category","embeddable":true,"href":"https:\/\/kinaikaleidoszkop.hu\/index.php\/wp-json\/wp\/v2\/categories?post=17306"},{"taxonomy":"post_tag","embeddable":true,"href":"https:\/\/kinaikaleidoszkop.hu\/index.php\/wp-json\/wp\/v2\/tags?post=17306"}],"curies":[{"name":"wp","href":"https:\/\/api.w.org\/{rel}","templated":true}]}}