{"id":17310,"date":"2023-05-08T12:30:00","date_gmt":"2023-05-08T10:30:00","guid":{"rendered":"https:\/\/kinaikaleidoszkop.hu\/?p=17310"},"modified":"2023-05-08T17:00:10","modified_gmt":"2023-05-08T15:00:10","slug":"peking-valaszintezkedeseket-helyezett-kilatasba-ha-az-eu-kinai-vallalatokat-szankcionalna","status":"publish","type":"post","link":"https:\/\/kinaikaleidoszkop.hu\/index.php\/2023\/05\/08\/peking-valaszintezkedeseket-helyezett-kilatasba-ha-az-eu-kinai-vallalatokat-szankcionalna\/","title":{"rendered":"Peking v\u00e1laszint\u00e9zked\u00e9seket helyezett kil\u00e1t\u00e1sba, ha az EU k\u00ednai v\u00e1llalatokat szankcion\u00e1lna"},"content":{"rendered":"\n<p><strong>A k\u00ednai k\u00fcl\u00fcgyi sz\u00f3viv\u0151 h\u00e9tf\u0151n v\u00e1laszint\u00e9zked\u00e9seket helyezett kil\u00e1t\u00e1sba, \u00e9s \u00e9les hangon tiltakozott amiatt, hogy az Eur\u00f3pai Uni\u00f3 (EU) szankcion\u00e1lni k\u00edv\u00e1nja azokat a k\u00ednai v\u00e1llalatokat, amelyek \u00fczleti kapcsolatban \u00e1llnak Oroszorsz\u00e1ggal.<\/strong><\/p>\n\n\n\n<p><strong>&#8220;Figyelmeztetj\u00fck az Eur\u00f3pai Uni\u00f3t, hogy ne induljon el ezen a rossz \u00faton. Ellenkez\u0151 esetben K\u00edna hat\u00e1rozott l\u00e9p\u00e9seket fog tenni, hogy megv\u00e9dje t\u00f6rv\u00e9nyes jogait \u00e9s jogos \u00e9rdekeit&#8221; &#8211; h\u00fazta al\u00e1 Vang Ven-pin szok\u00e1sos sajt\u00f3t\u00e1j\u00e9koztat\u00f3j\u00e1n.<\/strong><\/p>\n\n\n\n<p>Vang arra a Financial Times c\u00edm\u0171 lapban megjelent cikkre reag\u00e1lt, amely szerint az Eur\u00f3pai Bizotts\u00e1g olyan szankci\u00f3s javaslatot terjesztett el\u0151, amelyben h\u00e9t k\u00ednai v\u00e1llalat is \u00e9rintett. A v\u00e1llalatok \u00e1ll\u00edt\u00f3lag olyan term\u00e9keket sz\u00e1ll\u00edtottak Oroszorsz\u00e1gnak, amelyek fegyverek el\u0151\u00e1ll\u00edt\u00e1s\u00e1hoz is felhaszn\u00e1lhat\u00f3k.<\/p>\n\n\n\n<p>Az uni\u00f3s dokumentumtervezet szerint a szankci\u00f3kat elektronikai alkatr\u00e9szek fejleszt\u00e9s\u00e9ben, gy\u00e1rt\u00e1s\u00e1ban \u00e9s sz\u00e1ll\u00edt\u00e1s\u00e1ban r\u00e9szt vev\u0151 harmadik orsz\u00e1gbeli v\u00e1llalatokra vetn\u00e9k ki.<\/p>\n\n\n\n<p>A lap \u00fagy tudja, hogy a h\u00e9t c\u00e9g a 3HC Semiconductors, a King-Pai Technology, a Sinno Electronics, a Sigma Technology, az Asia Pacific Links, a Tordan Industry \u00e9s az Alpha Trading Investments. Valamennyi v\u00e1llalat f\u00e9lvezet\u0151k, chipek \u00e9s elektronika fejleszt\u00e9s\u00e9re szakosodott. A 27 EU-tag\u00e1llam a tervek szerint szerd\u00e1n t\u00e1rgyal az \u00faj szankci\u00f3s csomag el\u0151k\u00e9sz\u00edt\u00e9s\u00e9r\u0151l Br\u00fcsszelben.<\/p>\n\n\n\n<p><strong>Pekingben ugyancsak h\u00e9tf\u0151n jelentett\u00e9k be, hogy Csin Kang k\u00ednai k\u00fcl\u00fcgyminiszter h\u00e9tf\u0151t\u0151l eur\u00f3pai k\u00f6r\u00fatra indult, amelynek sor\u00e1n felkeresi N\u00e9metorsz\u00e1got, Franciaorsz\u00e1got \u00e9s Norv\u00e9gi\u00e1t.<\/strong><\/p>\n\n\n\n<p><strong>2023. m\u00e1jus 8.<\/strong><\/p>\n\n\n\n<p><strong><em>(MTI)<\/em><\/strong><\/p>\n","protected":false},"excerpt":{"rendered":"<p>A k\u00ednai k\u00fcl\u00fcgyi sz\u00f3viv\u0151 h\u00e9tf\u0151n v\u00e1laszint\u00e9zked\u00e9seket helyezett kil\u00e1t\u00e1sba, \u00e9s \u00e9les hangon tiltakozott amiatt, hogy az Eur\u00f3pai Uni\u00f3 (EU) szankcion\u00e1lni k\u00edv\u00e1nja azokat a k\u00ednai v\u00e1llalatokat, amelyek \u00fczleti kapcsolatban \u00e1llnak Oroszorsz\u00e1ggal. &#8220;Figyelmeztetj\u00fck az Eur\u00f3pai Uni\u00f3t, hogy ne induljon el ezen a rossz \u00faton. Ellenkez\u0151 esetben K\u00edna hat\u00e1rozott l\u00e9p\u00e9seket fog tenni, hogy megv\u00e9dje t\u00f6rv\u00e9nyes jogait \u00e9s jogos \u00e9rdekeit&#8221; [&hellip;]<\/p>\n","protected":false},"author":7,"featured_media":17312,"comment_status":"closed","ping_status":"closed","sticky":false,"template":"","format":"standard","meta":{"footnotes":""},"categories":[45,7],"tags":[144,2376,742,789],"class_list":["post-17310","post","type-post","status-publish","format-standard","has-post-thumbnail","hentry","category-hirek","category-mind","tag-europa","tag-figyelmeztetes","tag-konfliktus","tag-szankciok"],"yoast_head":"<!-- This site is optimized with the Yoast SEO plugin v23.7 - https:\/\/yoast.com\/wordpress\/plugins\/seo\/ -->\n<title>Peking v\u00e1laszint\u00e9zked\u00e9seket helyezett kil\u00e1t\u00e1sba, ha az EU k\u00ednai v\u00e1llalatokat szankcion\u00e1lna - kinaikaleidoszkop.hu<\/title>\n<meta name=\"robots\" content=\"index, follow, max-snippet:-1, max-image-preview:large, max-video-preview:-1\" \/>\n<link rel=\"canonical\" href=\"https:\/\/kinaikaleidoszkop.hu\/index.php\/2023\/05\/08\/peking-valaszintezkedeseket-helyezett-kilatasba-ha-az-eu-kinai-vallalatokat-szankcionalna\/\" \/>\n<meta property=\"og:locale\" content=\"hu_HU\" \/>\n<meta property=\"og:type\" content=\"article\" \/>\n<meta property=\"og:title\" content=\"Peking v\u00e1laszint\u00e9zked\u00e9seket helyezett kil\u00e1t\u00e1sba, ha az EU k\u00ednai v\u00e1llalatokat szankcion\u00e1lna - kinaikaleidoszkop.hu\" \/>\n<meta property=\"og:description\" content=\"A k\u00ednai k\u00fcl\u00fcgyi sz\u00f3viv\u0151 h\u00e9tf\u0151n v\u00e1laszint\u00e9zked\u00e9seket helyezett kil\u00e1t\u00e1sba, \u00e9s \u00e9les hangon tiltakozott amiatt, hogy az Eur\u00f3pai Uni\u00f3 (EU) szankcion\u00e1lni k\u00edv\u00e1nja azokat a k\u00ednai v\u00e1llalatokat, amelyek \u00fczleti kapcsolatban \u00e1llnak Oroszorsz\u00e1ggal. &#8220;Figyelmeztetj\u00fck az Eur\u00f3pai Uni\u00f3t, hogy ne induljon el ezen a rossz \u00faton. Ellenkez\u0151 esetben K\u00edna hat\u00e1rozott l\u00e9p\u00e9seket fog tenni, hogy megv\u00e9dje t\u00f6rv\u00e9nyes jogait \u00e9s jogos \u00e9rdekeit&#8221; [&hellip;]\" \/>\n<meta property=\"og:url\" content=\"https:\/\/kinaikaleidoszkop.hu\/index.php\/2023\/05\/08\/peking-valaszintezkedeseket-helyezett-kilatasba-ha-az-eu-kinai-vallalatokat-szankcionalna\/\" \/>\n<meta property=\"og:site_name\" content=\"kinaikaleidoszkop.hu\" \/>\n<meta property=\"article:published_time\" content=\"2023-05-08T10:30:00+00:00\" \/>\n<meta property=\"article:modified_time\" content=\"2023-05-08T15:00:10+00:00\" \/>\n<meta property=\"og:image\" content=\"https:\/\/kinaikaleidoszkop.hu\/wp-content\/uploads\/2023\/05\/Huawei_IFA_2018_Berlin_P1070188.jpg\" \/>\n\t<meta property=\"og:image:width\" content=\"1250\" \/>\n\t<meta property=\"og:image:height\" content=\"938\" \/>\n\t<meta property=\"og:image:type\" content=\"image\/jpeg\" \/>\n<meta name=\"author\" content=\"Szerk_Erik\" \/>\n<meta name=\"twitter:card\" content=\"summary_large_image\" \/>\n<meta name=\"twitter:label1\" content=\"Szerz\u0151:\" \/>\n\t<meta name=\"twitter:data1\" content=\"Szerk_Erik\" \/>\n\t<meta name=\"twitter:label2\" content=\"Becs\u00fclt olvas\u00e1si id\u0151\" \/>\n\t<meta name=\"twitter:data2\" content=\"2 perc\" \/>\n<script type=\"application\/ld+json\" class=\"yoast-schema-graph\">{\"@context\":\"https:\/\/schema.org\",\"@graph\":[{\"@type\":\"WebPage\",\"@id\":\"https:\/\/kinaikaleidoszkop.hu\/index.php\/2023\/05\/08\/peking-valaszintezkedeseket-helyezett-kilatasba-ha-az-eu-kinai-vallalatokat-szankcionalna\/\",\"url\":\"https:\/\/kinaikaleidoszkop.hu\/index.php\/2023\/05\/08\/peking-valaszintezkedeseket-helyezett-kilatasba-ha-az-eu-kinai-vallalatokat-szankcionalna\/\",\"name\":\"Peking v\u00e1laszint\u00e9zked\u00e9seket helyezett kil\u00e1t\u00e1sba, ha az EU k\u00ednai v\u00e1llalatokat szankcion\u00e1lna - kinaikaleidoszkop.hu\",\"isPartOf\":{\"@id\":\"https:\/\/kinaikaleidoszkop.hu\/#website\"},\"primaryImageOfPage\":{\"@id\":\"https:\/\/kinaikaleidoszkop.hu\/index.php\/2023\/05\/08\/peking-valaszintezkedeseket-helyezett-kilatasba-ha-az-eu-kinai-vallalatokat-szankcionalna\/#primaryimage\"},\"image\":{\"@id\":\"https:\/\/kinaikaleidoszkop.hu\/index.php\/2023\/05\/08\/peking-valaszintezkedeseket-helyezett-kilatasba-ha-az-eu-kinai-vallalatokat-szankcionalna\/#primaryimage\"},\"thumbnailUrl\":\"https:\/\/kinaikaleidoszkop.hu\/wp-content\/uploads\/2023\/05\/Huawei_IFA_2018_Berlin_P1070188.jpg\",\"datePublished\":\"2023-05-08T10:30:00+00:00\",\"dateModified\":\"2023-05-08T15:00:10+00:00\",\"author\":{\"@id\":\"https:\/\/kinaikaleidoszkop.hu\/#\/schema\/person\/4d69b71e7e70322713b9d9287b610556\"},\"breadcrumb\":{\"@id\":\"https:\/\/kinaikaleidoszkop.hu\/index.php\/2023\/05\/08\/peking-valaszintezkedeseket-helyezett-kilatasba-ha-az-eu-kinai-vallalatokat-szankcionalna\/#breadcrumb\"},\"inLanguage\":\"hu\",\"potentialAction\":[{\"@type\":\"ReadAction\",\"target\":[\"https:\/\/kinaikaleidoszkop.hu\/index.php\/2023\/05\/08\/peking-valaszintezkedeseket-helyezett-kilatasba-ha-az-eu-kinai-vallalatokat-szankcionalna\/\"]}]},{\"@type\":\"ImageObject\",\"inLanguage\":\"hu\",\"@id\":\"https:\/\/kinaikaleidoszkop.hu\/index.php\/2023\/05\/08\/peking-valaszintezkedeseket-helyezett-kilatasba-ha-az-eu-kinai-vallalatokat-szankcionalna\/#primaryimage\",\"url\":\"https:\/\/kinaikaleidoszkop.hu\/wp-content\/uploads\/2023\/05\/Huawei_IFA_2018_Berlin_P1070188.jpg\",\"contentUrl\":\"https:\/\/kinaikaleidoszkop.hu\/wp-content\/uploads\/2023\/05\/Huawei_IFA_2018_Berlin_P1070188.jpg\",\"width\":1250,\"height\":938},{\"@type\":\"BreadcrumbList\",\"@id\":\"https:\/\/kinaikaleidoszkop.hu\/index.php\/2023\/05\/08\/peking-valaszintezkedeseket-helyezett-kilatasba-ha-az-eu-kinai-vallalatokat-szankcionalna\/#breadcrumb\",\"itemListElement\":[{\"@type\":\"ListItem\",\"position\":1,\"name\":\"Kezd\u0151lap\",\"item\":\"https:\/\/kinaikaleidoszkop.hu\/\"},{\"@type\":\"ListItem\",\"position\":2,\"name\":\"Peking v\u00e1laszint\u00e9zked\u00e9seket helyezett kil\u00e1t\u00e1sba, ha az EU k\u00ednai v\u00e1llalatokat szankcion\u00e1lna\"}]},{\"@type\":\"WebSite\",\"@id\":\"https:\/\/kinaikaleidoszkop.hu\/#website\",\"url\":\"https:\/\/kinaikaleidoszkop.hu\/\",\"name\":\"kinaikaleidoszkop.hu\",\"description\":\"\",\"potentialAction\":[{\"@type\":\"SearchAction\",\"target\":{\"@type\":\"EntryPoint\",\"urlTemplate\":\"https:\/\/kinaikaleidoszkop.hu\/?s={search_term_string}\"},\"query-input\":{\"@type\":\"PropertyValueSpecification\",\"valueRequired\":true,\"valueName\":\"search_term_string\"}}],\"inLanguage\":\"hu\"},{\"@type\":\"Person\",\"@id\":\"https:\/\/kinaikaleidoszkop.hu\/#\/schema\/person\/4d69b71e7e70322713b9d9287b610556\",\"name\":\"Szerk_Erik\",\"image\":{\"@type\":\"ImageObject\",\"inLanguage\":\"hu\",\"@id\":\"https:\/\/kinaikaleidoszkop.hu\/#\/schema\/person\/image\/\",\"url\":\"https:\/\/secure.gravatar.com\/avatar\/3c1e909a14c0c91d2eaef877aaacb584c667f8e7137de69653aa9561fd0e8062?s=96&d=mm&r=g\",\"contentUrl\":\"https:\/\/secure.gravatar.com\/avatar\/3c1e909a14c0c91d2eaef877aaacb584c667f8e7137de69653aa9561fd0e8062?s=96&d=mm&r=g\",\"caption\":\"Szerk_Erik\"},\"url\":\"https:\/\/kinaikaleidoszkop.hu\/index.php\/author\/szerk_erik\/\"}]}<\/script>\n<!-- \/ Yoast SEO plugin. -->","yoast_head_json":{"title":"Peking v\u00e1laszint\u00e9zked\u00e9seket helyezett kil\u00e1t\u00e1sba, ha az EU k\u00ednai v\u00e1llalatokat szankcion\u00e1lna - kinaikaleidoszkop.hu","robots":{"index":"index","follow":"follow","max-snippet":"max-snippet:-1","max-image-preview":"max-image-preview:large","max-video-preview":"max-video-preview:-1"},"canonical":"https:\/\/kinaikaleidoszkop.hu\/index.php\/2023\/05\/08\/peking-valaszintezkedeseket-helyezett-kilatasba-ha-az-eu-kinai-vallalatokat-szankcionalna\/","og_locale":"hu_HU","og_type":"article","og_title":"Peking v\u00e1laszint\u00e9zked\u00e9seket helyezett kil\u00e1t\u00e1sba, ha az EU k\u00ednai v\u00e1llalatokat szankcion\u00e1lna - kinaikaleidoszkop.hu","og_description":"A k\u00ednai k\u00fcl\u00fcgyi sz\u00f3viv\u0151 h\u00e9tf\u0151n v\u00e1laszint\u00e9zked\u00e9seket helyezett kil\u00e1t\u00e1sba, \u00e9s \u00e9les hangon tiltakozott amiatt, hogy az Eur\u00f3pai Uni\u00f3 (EU) szankcion\u00e1lni k\u00edv\u00e1nja azokat a k\u00ednai v\u00e1llalatokat, amelyek \u00fczleti kapcsolatban \u00e1llnak Oroszorsz\u00e1ggal. &#8220;Figyelmeztetj\u00fck az Eur\u00f3pai Uni\u00f3t, hogy ne induljon el ezen a rossz \u00faton. Ellenkez\u0151 esetben K\u00edna hat\u00e1rozott l\u00e9p\u00e9seket fog tenni, hogy megv\u00e9dje t\u00f6rv\u00e9nyes jogait \u00e9s jogos \u00e9rdekeit&#8221; [&hellip;]","og_url":"https:\/\/kinaikaleidoszkop.hu\/index.php\/2023\/05\/08\/peking-valaszintezkedeseket-helyezett-kilatasba-ha-az-eu-kinai-vallalatokat-szankcionalna\/","og_site_name":"kinaikaleidoszkop.hu","article_published_time":"2023-05-08T10:30:00+00:00","article_modified_time":"2023-05-08T15:00:10+00:00","og_image":[{"width":1250,"height":938,"url":"https:\/\/kinaikaleidoszkop.hu\/wp-content\/uploads\/2023\/05\/Huawei_IFA_2018_Berlin_P1070188.jpg","type":"image\/jpeg"}],"author":"Szerk_Erik","twitter_card":"summary_large_image","twitter_misc":{"Szerz\u0151:":"Szerk_Erik","Becs\u00fclt olvas\u00e1si id\u0151":"2 perc"},"schema":{"@context":"https:\/\/schema.org","@graph":[{"@type":"WebPage","@id":"https:\/\/kinaikaleidoszkop.hu\/index.php\/2023\/05\/08\/peking-valaszintezkedeseket-helyezett-kilatasba-ha-az-eu-kinai-vallalatokat-szankcionalna\/","url":"https:\/\/kinaikaleidoszkop.hu\/index.php\/2023\/05\/08\/peking-valaszintezkedeseket-helyezett-kilatasba-ha-az-eu-kinai-vallalatokat-szankcionalna\/","name":"Peking v\u00e1laszint\u00e9zked\u00e9seket helyezett kil\u00e1t\u00e1sba, ha az EU k\u00ednai v\u00e1llalatokat szankcion\u00e1lna - kinaikaleidoszkop.hu","isPartOf":{"@id":"https:\/\/kinaikaleidoszkop.hu\/#website"},"primaryImageOfPage":{"@id":"https:\/\/kinaikaleidoszkop.hu\/index.php\/2023\/05\/08\/peking-valaszintezkedeseket-helyezett-kilatasba-ha-az-eu-kinai-vallalatokat-szankcionalna\/#primaryimage"},"image":{"@id":"https:\/\/kinaikaleidoszkop.hu\/index.php\/2023\/05\/08\/peking-valaszintezkedeseket-helyezett-kilatasba-ha-az-eu-kinai-vallalatokat-szankcionalna\/#primaryimage"},"thumbnailUrl":"https:\/\/kinaikaleidoszkop.hu\/wp-content\/uploads\/2023\/05\/Huawei_IFA_2018_Berlin_P1070188.jpg","datePublished":"2023-05-08T10:30:00+00:00","dateModified":"2023-05-08T15:00:10+00:00","author":{"@id":"https:\/\/kinaikaleidoszkop.hu\/#\/schema\/person\/4d69b71e7e70322713b9d9287b610556"},"breadcrumb":{"@id":"https:\/\/kinaikaleidoszkop.hu\/index.php\/2023\/05\/08\/peking-valaszintezkedeseket-helyezett-kilatasba-ha-az-eu-kinai-vallalatokat-szankcionalna\/#breadcrumb"},"inLanguage":"hu","potentialAction":[{"@type":"ReadAction","target":["https:\/\/kinaikaleidoszkop.hu\/index.php\/2023\/05\/08\/peking-valaszintezkedeseket-helyezett-kilatasba-ha-az-eu-kinai-vallalatokat-szankcionalna\/"]}]},{"@type":"ImageObject","inLanguage":"hu","@id":"https:\/\/kinaikaleidoszkop.hu\/index.php\/2023\/05\/08\/peking-valaszintezkedeseket-helyezett-kilatasba-ha-az-eu-kinai-vallalatokat-szankcionalna\/#primaryimage","url":"https:\/\/kinaikaleidoszkop.hu\/wp-content\/uploads\/2023\/05\/Huawei_IFA_2018_Berlin_P1070188.jpg","contentUrl":"https:\/\/kinaikaleidoszkop.hu\/wp-content\/uploads\/2023\/05\/Huawei_IFA_2018_Berlin_P1070188.jpg","width":1250,"height":938},{"@type":"BreadcrumbList","@id":"https:\/\/kinaikaleidoszkop.hu\/index.php\/2023\/05\/08\/peking-valaszintezkedeseket-helyezett-kilatasba-ha-az-eu-kinai-vallalatokat-szankcionalna\/#breadcrumb","itemListElement":[{"@type":"ListItem","position":1,"name":"Kezd\u0151lap","item":"https:\/\/kinaikaleidoszkop.hu\/"},{"@type":"ListItem","position":2,"name":"Peking v\u00e1laszint\u00e9zked\u00e9seket helyezett kil\u00e1t\u00e1sba, ha az EU k\u00ednai v\u00e1llalatokat szankcion\u00e1lna"}]},{"@type":"WebSite","@id":"https:\/\/kinaikaleidoszkop.hu\/#website","url":"https:\/\/kinaikaleidoszkop.hu\/","name":"kinaikaleidoszkop.hu","description":"","potentialAction":[{"@type":"SearchAction","target":{"@type":"EntryPoint","urlTemplate":"https:\/\/kinaikaleidoszkop.hu\/?s={search_term_string}"},"query-input":{"@type":"PropertyValueSpecification","valueRequired":true,"valueName":"search_term_string"}}],"inLanguage":"hu"},{"@type":"Person","@id":"https:\/\/kinaikaleidoszkop.hu\/#\/schema\/person\/4d69b71e7e70322713b9d9287b610556","name":"Szerk_Erik","image":{"@type":"ImageObject","inLanguage":"hu","@id":"https:\/\/kinaikaleidoszkop.hu\/#\/schema\/person\/image\/","url":"https:\/\/secure.gravatar.com\/avatar\/3c1e909a14c0c91d2eaef877aaacb584c667f8e7137de69653aa9561fd0e8062?s=96&d=mm&r=g","contentUrl":"https:\/\/secure.gravatar.com\/avatar\/3c1e909a14c0c91d2eaef877aaacb584c667f8e7137de69653aa9561fd0e8062?s=96&d=mm&r=g","caption":"Szerk_Erik"},"url":"https:\/\/kinaikaleidoszkop.hu\/index.php\/author\/szerk_erik\/"}]}},"views":268,"distributor_meta":false,"distributor_terms":false,"distributor_media":false,"distributor_original_site_name":"kinaikaleidoszkop.hu","distributor_original_site_url":"https:\/\/kinaikaleidoszkop.hu","push-errors":false,"_links":{"self":[{"href":"https:\/\/kinaikaleidoszkop.hu\/index.php\/wp-json\/wp\/v2\/posts\/17310","targetHints":{"allow":["GET"]}}],"collection":[{"href":"https:\/\/kinaikaleidoszkop.hu\/index.php\/wp-json\/wp\/v2\/posts"}],"about":[{"href":"https:\/\/kinaikaleidoszkop.hu\/index.php\/wp-json\/wp\/v2\/types\/post"}],"author":[{"embeddable":true,"href":"https:\/\/kinaikaleidoszkop.hu\/index.php\/wp-json\/wp\/v2\/users\/7"}],"replies":[{"embeddable":true,"href":"https:\/\/kinaikaleidoszkop.hu\/index.php\/wp-json\/wp\/v2\/comments?post=17310"}],"version-history":[{"count":1,"href":"https:\/\/kinaikaleidoszkop.hu\/index.php\/wp-json\/wp\/v2\/posts\/17310\/revisions"}],"predecessor-version":[{"id":17313,"href":"https:\/\/kinaikaleidoszkop.hu\/index.php\/wp-json\/wp\/v2\/posts\/17310\/revisions\/17313"}],"wp:featuredmedia":[{"embeddable":true,"href":"https:\/\/kinaikaleidoszkop.hu\/index.php\/wp-json\/wp\/v2\/media\/17312"}],"wp:attachment":[{"href":"https:\/\/kinaikaleidoszkop.hu\/index.php\/wp-json\/wp\/v2\/media?parent=17310"}],"wp:term":[{"taxonomy":"category","embeddable":true,"href":"https:\/\/kinaikaleidoszkop.hu\/index.php\/wp-json\/wp\/v2\/categories?post=17310"},{"taxonomy":"post_tag","embeddable":true,"href":"https:\/\/kinaikaleidoszkop.hu\/index.php\/wp-json\/wp\/v2\/tags?post=17310"}],"curies":[{"name":"wp","href":"https:\/\/api.w.org\/{rel}","templated":true}]}}