{"id":17361,"date":"2023-05-15T13:49:33","date_gmt":"2023-05-15T11:49:33","guid":{"rendered":"https:\/\/kinaikaleidoszkop.hu\/?p=17361"},"modified":"2023-05-15T13:49:37","modified_gmt":"2023-05-15T11:49:37","slug":"cmg-kommentar-megnyeri-szovetsegeseit-a-tajvani-kartya-kijatszasara-washington-rosszul-kalkulalt","status":"publish","type":"post","link":"https:\/\/kinaikaleidoszkop.hu\/index.php\/2023\/05\/15\/cmg-kommentar-megnyeri-szovetsegeseit-a-tajvani-kartya-kijatszasara-washington-rosszul-kalkulalt\/","title":{"rendered":"CMG-komment\u00e1r: Megnyeri sz\u00f6vets\u00e9geseit a \u201etajvani k\u00e1rtya&#8221; kij\u00e1tsz\u00e1s\u00e1ra? Washington rosszul kalkul\u00e1lt"},"content":{"rendered":"\n<p><strong>Antony J. Blinken amerikai k\u00fcl\u00fcgyminiszter a minap k\u00f6zlem\u00e9nyt adott ki, amelyben b\u00e1tor\u00edtotta a WHO-t, hogy h\u00edvja meg Tajvant, hogy megfigyel\u0151k\u00e9nt vegyen r\u00e9szt az idei Eg\u00e9szs\u00e9g\u00fcgyi Vil\u00e1gk\u00f6zgy\u0171l\u00e9sen. Sok m\u00e9dium \u00fagy v\u00e9li, hogy az Egyes\u00fclt \u00c1llamok kezdem\u00e9nyez\u00e9s\u00e9re a k\u00f6zelg\u0151 G7-cs\u00facs elt\u00falozza a \u201ek\u00ednai fenyeget\u00e9st\u201d, \u00e9s a tajvani k\u00e9rd\u00e9sr\u0151l v\u00e1rhat\u00f3an \u201egondoskodnak\u201d majd.<\/strong><\/p>\n\n\n\n<p>2022 augusztus\u00e1ban Nancy Pelosi, az amerikai k\u00e9pvisel\u0151h\u00e1z akkori eln\u00f6ke Tajvanra l\u00e1togatott, akkor a G7 k\u00fcl\u00fcgyminiszterei \u00fagynevezett k\u00f6z\u00f6s nyilatkozatot adtak ki, amelyben arra k\u00e9rt\u00e9k K\u00edn\u00e1t, hogy ne v\u00e1ltoztasson egyoldal\u00faan er\u0151szakkal a Tajvani-tengerszoros status qu\u00f3j\u00e1n. Ez hatalmas t\u00e9ved\u00e9s volt r\u00e9sz\u00fckr\u0151l. A Tajvani-tengerszoros b\u00e9k\u00e9je sz\u00e1m\u00e1ra a legnagyobb vesz\u00e9lyeztet\u00e9s \u201eTajvan f\u00fcggetlens\u00e9ge\u201d szeparatist\u00e1k tev\u00e9kenys\u00e9ge, valamint a k\u00fcls\u0151 er\u0151k beleegyez\u00e9se \u00e9s t\u00e1mogat\u00e1sa jelenti, akik meg akarj\u00e1k v\u00e1ltoztatni a Tajvani-tengerszoros mostani helyzet\u00e9t \u00e9s fokozni akarj\u00e1k a fesz\u00fclts\u00e9g\u00e9t.<\/p>\n\n\n\n<p>A tajvani k\u00e9rd\u00e9s K\u00edna alapvet\u0151 \u00e9rdekeinek k\u00f6z\u00e9ppontj\u00e1ban \u00e1ll. Az \u201eegy K\u00edna\u201d elv a nemzetk\u00f6zi k\u00f6z\u00f6ss\u00e9g \u00e1ltal\u00e1nos konszenzusa \u00e9s a nemzetk\u00f6zi kapcsolatok alapvet\u0151 norm\u00e1ja, valamint K\u00edna m\u00e1s orsz\u00e1gokkal val\u00f3 diplom\u00e1ciai kapcsolatainak politikai alapja. Az Egyes\u00fclt \u00c1llamok v\u00e1gy\u00e1lma, hogy megnyeri sz\u00f6vets\u00e9geseit a \u201etajvani k\u00e1rtya\u201d kij\u00e1tsz\u00e1s\u00e1ra, vagy ak\u00e1r valamif\u00e9le \u201ekonszenzust\u201d teremt a nemzetk\u00f6zi sz\u00ednt\u00e9ren.<\/p>\n\n\n\n<figure class=\"wp-block-image size-full\"><img loading=\"lazy\" decoding=\"async\" width=\"1080\" height=\"569\" src=\"https:\/\/kinaikaleidoszkop.hu\/wp-content\/uploads\/2023\/05\/051503-1.png\" alt=\"\" class=\"wp-image-17363\" srcset=\"https:\/\/kinaikaleidoszkop.hu\/wp-content\/uploads\/2023\/05\/051503-1.png 1080w, https:\/\/kinaikaleidoszkop.hu\/wp-content\/uploads\/2023\/05\/051503-1-300x158.png 300w, https:\/\/kinaikaleidoszkop.hu\/wp-content\/uploads\/2023\/05\/051503-1-1024x539.png 1024w, https:\/\/kinaikaleidoszkop.hu\/wp-content\/uploads\/2023\/05\/051503-1-768x405.png 768w, https:\/\/kinaikaleidoszkop.hu\/wp-content\/uploads\/2023\/05\/051503-1-990x522.png 990w\" sizes=\"auto, (max-width: 1080px) 100vw, 1080px\" \/><\/figure>\n\n\n\n<p>Az elm\u00falt \u00e9vekben a felt\u00f6rekv\u0151 piac\u00fa orsz\u00e1gok fellend\u00fcl\u00e9s\u00e9vel a G7-ek jelenl\u00e9te a vil\u00e1gban egyre gyeng\u00e9bb lett, az Egyes\u00fclt \u00c1llamok hegem\u00f3ni\u00e1ja meg\u0151rz\u00e9s\u00e9nek eszk\u00f6z\u00e9v\u00e9 v\u00e1lt, \u00e9s a \u201ekonszenzusa\u201d egy\u00e1ltal\u00e1n nem k\u00e9pviselheti a nemzetk\u00f6zi k\u00f6z\u00f6ss\u00e9get.<\/p>\n\n\n\n<p>Az Egyes\u00fclt \u00c1llamok egyr\u00e9szt azt \u00e1ll\u00edtja, hogy ragaszkodik az \u201eegy K\u00edna\u201d politik\u00e1hoz, \u00e9s nem t\u00e1mogatja \u201eTajvan f\u00fcggetlens\u00e9g\u00e9t\u201d, m\u00e1sr\u00e9szt er\u0151teljesen haszn\u00e1lja Tajvant K\u00edna megf\u00e9kez\u00e9s\u00e9re. Kevin McCarthy, az amerikai k\u00e9pvisel\u0151h\u00e1z eln\u00f6ke tal\u00e1lkozott az Egyes\u00fclt \u00c1llamokon \u00e1thaladt Caj Jing-vennel, az amerikai hadihaj\u00f3 \u201ehaj\u00f3z\u00e1s szabads\u00e1ga\u201d z\u00e1szlaja alatt \u00e1tkelt a Tajvani-tengerszoroson, t\u00f6bb mint 20 amerikai v\u00e9delmi v\u00e1llalkoz\u00f3 Tajvanon megvitatt\u00e1k az USA\u2013tajvani katonai egy\u00fcttm\u0171k\u00f6d\u00e9s el\u0151mozd\u00edt\u00e1s\u00e1t, illetve az amerikai politikusok seg\u00edtenek Tajvan nemzetk\u00f6zi ter\u00e9nek b\u0151v\u00edt\u00e9s\u00e9ben. A glob\u00e1lis k\u00f6z\u00f6ss\u00e9g vil\u00e1gosan l\u00e1thatja, hogy ki besz\u00e9l a b\u00e9ke fenntart\u00e1s\u00e1r\u00f3l a Tajvani-tengerszorosban, de val\u00f3j\u00e1ban felsz\u00edtja a t\u00fczet.<\/p>\n\n\n\n<figure class=\"wp-block-image size-full\"><img loading=\"lazy\" decoding=\"async\" width=\"1080\" height=\"572\" src=\"https:\/\/kinaikaleidoszkop.hu\/wp-content\/uploads\/2023\/05\/051503-2.png\" alt=\"\" class=\"wp-image-17364\" srcset=\"https:\/\/kinaikaleidoszkop.hu\/wp-content\/uploads\/2023\/05\/051503-2.png 1080w, https:\/\/kinaikaleidoszkop.hu\/wp-content\/uploads\/2023\/05\/051503-2-300x159.png 300w, https:\/\/kinaikaleidoszkop.hu\/wp-content\/uploads\/2023\/05\/051503-2-1024x542.png 1024w, https:\/\/kinaikaleidoszkop.hu\/wp-content\/uploads\/2023\/05\/051503-2-768x407.png 768w, https:\/\/kinaikaleidoszkop.hu\/wp-content\/uploads\/2023\/05\/051503-2-990x524.png 990w\" sizes=\"auto, (max-width: 1080px) 100vw, 1080px\" \/><\/figure>\n\n\n\n<p>R\u00e1ad\u00e1sul az idei G7-cs\u00facs fogad\u00f3 orsz\u00e1gak\u00e9nt Jap\u00e1n er\u0151teljesen r\u00e1veszi a k\u00fclf\u00f6ldi er\u0151ket, hogy avatkozzanak be a Tajvani-tengerszorosban, s\u0151t a tajvani k\u00e9rd\u00e9st sz\u00e1nd\u00e9kosan \u00f6sszekapcsolja az ukr\u00e1n helyzettel, \u00e9s elt\u00falozza \u201eK\u00edna fenyeget\u00e9s\u00e9t\u201d, hogy felgyors\u00edtsa katonai erej\u00e9nek b\u0151v\u00edt\u00e9s\u00e9t, \u00e9s ments\u00e9get keres az egy \u00fagynevezett \u201enorm\u00e1lis orsz\u00e1g\u201d c\u00e9lja el\u00e9r\u00e9s\u00e9nek megval\u00f3s\u00edt\u00e1s\u00e1hoz. Az \u00e1zsiai\u2013csendes-\u00f3ce\u00e1ni t\u00e9rs\u00e9g orsz\u00e1gainak t\u00f6bbs\u00e9ge j\u00f3l tudja, hogy ha a Tajvani-tengerszoros helyzete tov\u00e1bb eszkal\u00e1l\u00f3dik, az s\u00falyosan vesz\u00e9lyezteti a region\u00e1lis biztons\u00e1gi \u00e9s fejleszt\u00e9si \u00e9rdekeket. Jap\u00e1n a tajvani k\u00e9rd\u00e9sben val\u00f3 negat\u00edv l\u00e9p\u00e9sei meg\u00e9rdemlik az \u00e1zsiai\u2013csendes-\u00f3ce\u00e1ni orsz\u00e1gok \u00e9bers\u00e9g\u00e9t.<\/p>\n\n\n\n<p><strong>2023. 05. 15.<\/strong><\/p>\n\n\n\n<p><strong><em>(China Media Group)<\/em><\/strong><\/p>\n\n\n\n<p><strong>(x)<\/strong><\/p>\n","protected":false},"excerpt":{"rendered":"<p>Antony J. Blinken amerikai k\u00fcl\u00fcgyminiszter a minap k\u00f6zlem\u00e9nyt adott ki, amelyben b\u00e1tor\u00edtotta a WHO-t, hogy h\u00edvja meg Tajvant, hogy megfigyel\u0151k\u00e9nt vegyen r\u00e9szt az idei Eg\u00e9szs\u00e9g\u00fcgyi Vil\u00e1gk\u00f6zgy\u0171l\u00e9sen. Sok m\u00e9dium \u00fagy v\u00e9li, hogy az Egyes\u00fclt \u00c1llamok kezdem\u00e9nyez\u00e9s\u00e9re a k\u00f6zelg\u0151 G7-cs\u00facs elt\u00falozza a \u201ek\u00ednai fenyeget\u00e9st\u201d, \u00e9s a tajvani k\u00e9rd\u00e9sr\u0151l v\u00e1rhat\u00f3an \u201egondoskodnak\u201d majd. 2022 augusztus\u00e1ban Nancy Pelosi, az amerikai [&hellip;]<\/p>\n","protected":false},"author":6,"featured_media":17363,"comment_status":"closed","ping_status":"closed","sticky":false,"template":"","format":"standard","meta":{"footnotes":""},"categories":[45],"tags":[2390,66,172],"class_list":["post-17361","post","type-post","status-publish","format-standard","has-post-thumbnail","hentry","category-hirek","tag-g7","tag-gazdasag","tag-tajvan"],"yoast_head":"<!-- This site is optimized with the Yoast SEO plugin v23.7 - https:\/\/yoast.com\/wordpress\/plugins\/seo\/ -->\n<title>CMG-komment\u00e1r: Megnyeri sz\u00f6vets\u00e9geseit a \u201etajvani k\u00e1rtya&quot; kij\u00e1tsz\u00e1s\u00e1ra? Washington rosszul kalkul\u00e1lt - kinaikaleidoszkop.hu<\/title>\n<meta name=\"robots\" content=\"index, follow, max-snippet:-1, max-image-preview:large, max-video-preview:-1\" \/>\n<link rel=\"canonical\" href=\"https:\/\/kinaikaleidoszkop.hu\/index.php\/2023\/05\/15\/cmg-kommentar-megnyeri-szovetsegeseit-a-tajvani-kartya-kijatszasara-washington-rosszul-kalkulalt\/\" \/>\n<meta property=\"og:locale\" content=\"hu_HU\" \/>\n<meta property=\"og:type\" content=\"article\" \/>\n<meta property=\"og:title\" content=\"CMG-komment\u00e1r: Megnyeri sz\u00f6vets\u00e9geseit a \u201etajvani k\u00e1rtya&quot; kij\u00e1tsz\u00e1s\u00e1ra? Washington rosszul kalkul\u00e1lt - kinaikaleidoszkop.hu\" \/>\n<meta property=\"og:description\" content=\"Antony J. Blinken amerikai k\u00fcl\u00fcgyminiszter a minap k\u00f6zlem\u00e9nyt adott ki, amelyben b\u00e1tor\u00edtotta a WHO-t, hogy h\u00edvja meg Tajvant, hogy megfigyel\u0151k\u00e9nt vegyen r\u00e9szt az idei Eg\u00e9szs\u00e9g\u00fcgyi Vil\u00e1gk\u00f6zgy\u0171l\u00e9sen. Sok m\u00e9dium \u00fagy v\u00e9li, hogy az Egyes\u00fclt \u00c1llamok kezdem\u00e9nyez\u00e9s\u00e9re a k\u00f6zelg\u0151 G7-cs\u00facs elt\u00falozza a \u201ek\u00ednai fenyeget\u00e9st\u201d, \u00e9s a tajvani k\u00e9rd\u00e9sr\u0151l v\u00e1rhat\u00f3an \u201egondoskodnak\u201d majd. 2022 augusztus\u00e1ban Nancy Pelosi, az amerikai [&hellip;]\" \/>\n<meta property=\"og:url\" content=\"https:\/\/kinaikaleidoszkop.hu\/index.php\/2023\/05\/15\/cmg-kommentar-megnyeri-szovetsegeseit-a-tajvani-kartya-kijatszasara-washington-rosszul-kalkulalt\/\" \/>\n<meta property=\"og:site_name\" content=\"kinaikaleidoszkop.hu\" \/>\n<meta property=\"article:published_time\" content=\"2023-05-15T11:49:33+00:00\" \/>\n<meta property=\"article:modified_time\" content=\"2023-05-15T11:49:37+00:00\" \/>\n<meta property=\"og:image\" content=\"https:\/\/kinaikaleidoszkop.hu\/wp-content\/uploads\/2023\/05\/051503-1.png\" \/>\n\t<meta property=\"og:image:width\" content=\"1080\" \/>\n\t<meta property=\"og:image:height\" content=\"569\" \/>\n\t<meta property=\"og:image:type\" content=\"image\/png\" \/>\n<meta name=\"author\" content=\"admin-sebi\" \/>\n<meta name=\"twitter:card\" content=\"summary_large_image\" \/>\n<meta name=\"twitter:label1\" content=\"Szerz\u0151:\" \/>\n\t<meta name=\"twitter:data1\" content=\"admin-sebi\" \/>\n\t<meta name=\"twitter:label2\" content=\"Becs\u00fclt olvas\u00e1si id\u0151\" \/>\n\t<meta name=\"twitter:data2\" content=\"3 perc\" \/>\n<script type=\"application\/ld+json\" class=\"yoast-schema-graph\">{\"@context\":\"https:\/\/schema.org\",\"@graph\":[{\"@type\":\"WebPage\",\"@id\":\"https:\/\/kinaikaleidoszkop.hu\/index.php\/2023\/05\/15\/cmg-kommentar-megnyeri-szovetsegeseit-a-tajvani-kartya-kijatszasara-washington-rosszul-kalkulalt\/\",\"url\":\"https:\/\/kinaikaleidoszkop.hu\/index.php\/2023\/05\/15\/cmg-kommentar-megnyeri-szovetsegeseit-a-tajvani-kartya-kijatszasara-washington-rosszul-kalkulalt\/\",\"name\":\"CMG-komment\u00e1r: Megnyeri sz\u00f6vets\u00e9geseit a \u201etajvani k\u00e1rtya\\\" kij\u00e1tsz\u00e1s\u00e1ra? Washington rosszul kalkul\u00e1lt - kinaikaleidoszkop.hu\",\"isPartOf\":{\"@id\":\"https:\/\/kinaikaleidoszkop.hu\/#website\"},\"primaryImageOfPage\":{\"@id\":\"https:\/\/kinaikaleidoszkop.hu\/index.php\/2023\/05\/15\/cmg-kommentar-megnyeri-szovetsegeseit-a-tajvani-kartya-kijatszasara-washington-rosszul-kalkulalt\/#primaryimage\"},\"image\":{\"@id\":\"https:\/\/kinaikaleidoszkop.hu\/index.php\/2023\/05\/15\/cmg-kommentar-megnyeri-szovetsegeseit-a-tajvani-kartya-kijatszasara-washington-rosszul-kalkulalt\/#primaryimage\"},\"thumbnailUrl\":\"https:\/\/kinaikaleidoszkop.hu\/wp-content\/uploads\/2023\/05\/051503-1.png\",\"datePublished\":\"2023-05-15T11:49:33+00:00\",\"dateModified\":\"2023-05-15T11:49:37+00:00\",\"author\":{\"@id\":\"https:\/\/kinaikaleidoszkop.hu\/#\/schema\/person\/fd215d3a8bab54daeb796ae166f99ea5\"},\"breadcrumb\":{\"@id\":\"https:\/\/kinaikaleidoszkop.hu\/index.php\/2023\/05\/15\/cmg-kommentar-megnyeri-szovetsegeseit-a-tajvani-kartya-kijatszasara-washington-rosszul-kalkulalt\/#breadcrumb\"},\"inLanguage\":\"hu\",\"potentialAction\":[{\"@type\":\"ReadAction\",\"target\":[\"https:\/\/kinaikaleidoszkop.hu\/index.php\/2023\/05\/15\/cmg-kommentar-megnyeri-szovetsegeseit-a-tajvani-kartya-kijatszasara-washington-rosszul-kalkulalt\/\"]}]},{\"@type\":\"ImageObject\",\"inLanguage\":\"hu\",\"@id\":\"https:\/\/kinaikaleidoszkop.hu\/index.php\/2023\/05\/15\/cmg-kommentar-megnyeri-szovetsegeseit-a-tajvani-kartya-kijatszasara-washington-rosszul-kalkulalt\/#primaryimage\",\"url\":\"https:\/\/kinaikaleidoszkop.hu\/wp-content\/uploads\/2023\/05\/051503-1.png\",\"contentUrl\":\"https:\/\/kinaikaleidoszkop.hu\/wp-content\/uploads\/2023\/05\/051503-1.png\",\"width\":1080,\"height\":569},{\"@type\":\"BreadcrumbList\",\"@id\":\"https:\/\/kinaikaleidoszkop.hu\/index.php\/2023\/05\/15\/cmg-kommentar-megnyeri-szovetsegeseit-a-tajvani-kartya-kijatszasara-washington-rosszul-kalkulalt\/#breadcrumb\",\"itemListElement\":[{\"@type\":\"ListItem\",\"position\":1,\"name\":\"Kezd\u0151lap\",\"item\":\"https:\/\/kinaikaleidoszkop.hu\/\"},{\"@type\":\"ListItem\",\"position\":2,\"name\":\"CMG-komment\u00e1r: Megnyeri sz\u00f6vets\u00e9geseit a \u201etajvani k\u00e1rtya&#8221; kij\u00e1tsz\u00e1s\u00e1ra? Washington rosszul kalkul\u00e1lt\"}]},{\"@type\":\"WebSite\",\"@id\":\"https:\/\/kinaikaleidoszkop.hu\/#website\",\"url\":\"https:\/\/kinaikaleidoszkop.hu\/\",\"name\":\"kinaikaleidoszkop.hu\",\"description\":\"\",\"potentialAction\":[{\"@type\":\"SearchAction\",\"target\":{\"@type\":\"EntryPoint\",\"urlTemplate\":\"https:\/\/kinaikaleidoszkop.hu\/?s={search_term_string}\"},\"query-input\":{\"@type\":\"PropertyValueSpecification\",\"valueRequired\":true,\"valueName\":\"search_term_string\"}}],\"inLanguage\":\"hu\"},{\"@type\":\"Person\",\"@id\":\"https:\/\/kinaikaleidoszkop.hu\/#\/schema\/person\/fd215d3a8bab54daeb796ae166f99ea5\",\"name\":\"admin-sebi\",\"image\":{\"@type\":\"ImageObject\",\"inLanguage\":\"hu\",\"@id\":\"https:\/\/kinaikaleidoszkop.hu\/#\/schema\/person\/image\/\",\"url\":\"https:\/\/secure.gravatar.com\/avatar\/b1498042bc4969020b4951f204f963e97c3d7d199f3790c1071adf67c61d0aa5?s=96&d=mm&r=g\",\"contentUrl\":\"https:\/\/secure.gravatar.com\/avatar\/b1498042bc4969020b4951f204f963e97c3d7d199f3790c1071adf67c61d0aa5?s=96&d=mm&r=g\",\"caption\":\"admin-sebi\"},\"url\":\"https:\/\/kinaikaleidoszkop.hu\/index.php\/author\/admin-sebi\/\"}]}<\/script>\n<!-- \/ Yoast SEO plugin. -->","yoast_head_json":{"title":"CMG-komment\u00e1r: Megnyeri sz\u00f6vets\u00e9geseit a \u201etajvani k\u00e1rtya\" kij\u00e1tsz\u00e1s\u00e1ra? Washington rosszul kalkul\u00e1lt - kinaikaleidoszkop.hu","robots":{"index":"index","follow":"follow","max-snippet":"max-snippet:-1","max-image-preview":"max-image-preview:large","max-video-preview":"max-video-preview:-1"},"canonical":"https:\/\/kinaikaleidoszkop.hu\/index.php\/2023\/05\/15\/cmg-kommentar-megnyeri-szovetsegeseit-a-tajvani-kartya-kijatszasara-washington-rosszul-kalkulalt\/","og_locale":"hu_HU","og_type":"article","og_title":"CMG-komment\u00e1r: Megnyeri sz\u00f6vets\u00e9geseit a \u201etajvani k\u00e1rtya\" kij\u00e1tsz\u00e1s\u00e1ra? Washington rosszul kalkul\u00e1lt - kinaikaleidoszkop.hu","og_description":"Antony J. Blinken amerikai k\u00fcl\u00fcgyminiszter a minap k\u00f6zlem\u00e9nyt adott ki, amelyben b\u00e1tor\u00edtotta a WHO-t, hogy h\u00edvja meg Tajvant, hogy megfigyel\u0151k\u00e9nt vegyen r\u00e9szt az idei Eg\u00e9szs\u00e9g\u00fcgyi Vil\u00e1gk\u00f6zgy\u0171l\u00e9sen. Sok m\u00e9dium \u00fagy v\u00e9li, hogy az Egyes\u00fclt \u00c1llamok kezdem\u00e9nyez\u00e9s\u00e9re a k\u00f6zelg\u0151 G7-cs\u00facs elt\u00falozza a \u201ek\u00ednai fenyeget\u00e9st\u201d, \u00e9s a tajvani k\u00e9rd\u00e9sr\u0151l v\u00e1rhat\u00f3an \u201egondoskodnak\u201d majd. 2022 augusztus\u00e1ban Nancy Pelosi, az amerikai [&hellip;]","og_url":"https:\/\/kinaikaleidoszkop.hu\/index.php\/2023\/05\/15\/cmg-kommentar-megnyeri-szovetsegeseit-a-tajvani-kartya-kijatszasara-washington-rosszul-kalkulalt\/","og_site_name":"kinaikaleidoszkop.hu","article_published_time":"2023-05-15T11:49:33+00:00","article_modified_time":"2023-05-15T11:49:37+00:00","og_image":[{"width":1080,"height":569,"url":"https:\/\/kinaikaleidoszkop.hu\/wp-content\/uploads\/2023\/05\/051503-1.png","type":"image\/png"}],"author":"admin-sebi","twitter_card":"summary_large_image","twitter_misc":{"Szerz\u0151:":"admin-sebi","Becs\u00fclt olvas\u00e1si id\u0151":"3 perc"},"schema":{"@context":"https:\/\/schema.org","@graph":[{"@type":"WebPage","@id":"https:\/\/kinaikaleidoszkop.hu\/index.php\/2023\/05\/15\/cmg-kommentar-megnyeri-szovetsegeseit-a-tajvani-kartya-kijatszasara-washington-rosszul-kalkulalt\/","url":"https:\/\/kinaikaleidoszkop.hu\/index.php\/2023\/05\/15\/cmg-kommentar-megnyeri-szovetsegeseit-a-tajvani-kartya-kijatszasara-washington-rosszul-kalkulalt\/","name":"CMG-komment\u00e1r: Megnyeri sz\u00f6vets\u00e9geseit a \u201etajvani k\u00e1rtya\" kij\u00e1tsz\u00e1s\u00e1ra? Washington rosszul kalkul\u00e1lt - kinaikaleidoszkop.hu","isPartOf":{"@id":"https:\/\/kinaikaleidoszkop.hu\/#website"},"primaryImageOfPage":{"@id":"https:\/\/kinaikaleidoszkop.hu\/index.php\/2023\/05\/15\/cmg-kommentar-megnyeri-szovetsegeseit-a-tajvani-kartya-kijatszasara-washington-rosszul-kalkulalt\/#primaryimage"},"image":{"@id":"https:\/\/kinaikaleidoszkop.hu\/index.php\/2023\/05\/15\/cmg-kommentar-megnyeri-szovetsegeseit-a-tajvani-kartya-kijatszasara-washington-rosszul-kalkulalt\/#primaryimage"},"thumbnailUrl":"https:\/\/kinaikaleidoszkop.hu\/wp-content\/uploads\/2023\/05\/051503-1.png","datePublished":"2023-05-15T11:49:33+00:00","dateModified":"2023-05-15T11:49:37+00:00","author":{"@id":"https:\/\/kinaikaleidoszkop.hu\/#\/schema\/person\/fd215d3a8bab54daeb796ae166f99ea5"},"breadcrumb":{"@id":"https:\/\/kinaikaleidoszkop.hu\/index.php\/2023\/05\/15\/cmg-kommentar-megnyeri-szovetsegeseit-a-tajvani-kartya-kijatszasara-washington-rosszul-kalkulalt\/#breadcrumb"},"inLanguage":"hu","potentialAction":[{"@type":"ReadAction","target":["https:\/\/kinaikaleidoszkop.hu\/index.php\/2023\/05\/15\/cmg-kommentar-megnyeri-szovetsegeseit-a-tajvani-kartya-kijatszasara-washington-rosszul-kalkulalt\/"]}]},{"@type":"ImageObject","inLanguage":"hu","@id":"https:\/\/kinaikaleidoszkop.hu\/index.php\/2023\/05\/15\/cmg-kommentar-megnyeri-szovetsegeseit-a-tajvani-kartya-kijatszasara-washington-rosszul-kalkulalt\/#primaryimage","url":"https:\/\/kinaikaleidoszkop.hu\/wp-content\/uploads\/2023\/05\/051503-1.png","contentUrl":"https:\/\/kinaikaleidoszkop.hu\/wp-content\/uploads\/2023\/05\/051503-1.png","width":1080,"height":569},{"@type":"BreadcrumbList","@id":"https:\/\/kinaikaleidoszkop.hu\/index.php\/2023\/05\/15\/cmg-kommentar-megnyeri-szovetsegeseit-a-tajvani-kartya-kijatszasara-washington-rosszul-kalkulalt\/#breadcrumb","itemListElement":[{"@type":"ListItem","position":1,"name":"Kezd\u0151lap","item":"https:\/\/kinaikaleidoszkop.hu\/"},{"@type":"ListItem","position":2,"name":"CMG-komment\u00e1r: Megnyeri sz\u00f6vets\u00e9geseit a \u201etajvani k\u00e1rtya&#8221; kij\u00e1tsz\u00e1s\u00e1ra? Washington rosszul kalkul\u00e1lt"}]},{"@type":"WebSite","@id":"https:\/\/kinaikaleidoszkop.hu\/#website","url":"https:\/\/kinaikaleidoszkop.hu\/","name":"kinaikaleidoszkop.hu","description":"","potentialAction":[{"@type":"SearchAction","target":{"@type":"EntryPoint","urlTemplate":"https:\/\/kinaikaleidoszkop.hu\/?s={search_term_string}"},"query-input":{"@type":"PropertyValueSpecification","valueRequired":true,"valueName":"search_term_string"}}],"inLanguage":"hu"},{"@type":"Person","@id":"https:\/\/kinaikaleidoszkop.hu\/#\/schema\/person\/fd215d3a8bab54daeb796ae166f99ea5","name":"admin-sebi","image":{"@type":"ImageObject","inLanguage":"hu","@id":"https:\/\/kinaikaleidoszkop.hu\/#\/schema\/person\/image\/","url":"https:\/\/secure.gravatar.com\/avatar\/b1498042bc4969020b4951f204f963e97c3d7d199f3790c1071adf67c61d0aa5?s=96&d=mm&r=g","contentUrl":"https:\/\/secure.gravatar.com\/avatar\/b1498042bc4969020b4951f204f963e97c3d7d199f3790c1071adf67c61d0aa5?s=96&d=mm&r=g","caption":"admin-sebi"},"url":"https:\/\/kinaikaleidoszkop.hu\/index.php\/author\/admin-sebi\/"}]}},"views":216,"distributor_meta":false,"distributor_terms":false,"distributor_media":false,"distributor_original_site_name":"kinaikaleidoszkop.hu","distributor_original_site_url":"https:\/\/kinaikaleidoszkop.hu","push-errors":false,"_links":{"self":[{"href":"https:\/\/kinaikaleidoszkop.hu\/index.php\/wp-json\/wp\/v2\/posts\/17361","targetHints":{"allow":["GET"]}}],"collection":[{"href":"https:\/\/kinaikaleidoszkop.hu\/index.php\/wp-json\/wp\/v2\/posts"}],"about":[{"href":"https:\/\/kinaikaleidoszkop.hu\/index.php\/wp-json\/wp\/v2\/types\/post"}],"author":[{"embeddable":true,"href":"https:\/\/kinaikaleidoszkop.hu\/index.php\/wp-json\/wp\/v2\/users\/6"}],"replies":[{"embeddable":true,"href":"https:\/\/kinaikaleidoszkop.hu\/index.php\/wp-json\/wp\/v2\/comments?post=17361"}],"version-history":[{"count":1,"href":"https:\/\/kinaikaleidoszkop.hu\/index.php\/wp-json\/wp\/v2\/posts\/17361\/revisions"}],"predecessor-version":[{"id":17365,"href":"https:\/\/kinaikaleidoszkop.hu\/index.php\/wp-json\/wp\/v2\/posts\/17361\/revisions\/17365"}],"wp:featuredmedia":[{"embeddable":true,"href":"https:\/\/kinaikaleidoszkop.hu\/index.php\/wp-json\/wp\/v2\/media\/17363"}],"wp:attachment":[{"href":"https:\/\/kinaikaleidoszkop.hu\/index.php\/wp-json\/wp\/v2\/media?parent=17361"}],"wp:term":[{"taxonomy":"category","embeddable":true,"href":"https:\/\/kinaikaleidoszkop.hu\/index.php\/wp-json\/wp\/v2\/categories?post=17361"},{"taxonomy":"post_tag","embeddable":true,"href":"https:\/\/kinaikaleidoszkop.hu\/index.php\/wp-json\/wp\/v2\/tags?post=17361"}],"curies":[{"name":"wp","href":"https:\/\/api.w.org\/{rel}","templated":true}]}}