{"id":17366,"date":"2023-05-15T14:19:50","date_gmt":"2023-05-15T12:19:50","guid":{"rendered":"https:\/\/kinaikaleidoszkop.hu\/?p=17366"},"modified":"2023-05-15T14:19:55","modified_gmt":"2023-05-15T12:19:55","slug":"cmg-kommentar-ki-alkalmaz-gazdasagi-kenyszert-nezze-meg-mit-csinal-az-usa","status":"publish","type":"post","link":"https:\/\/kinaikaleidoszkop.hu\/index.php\/2023\/05\/15\/cmg-kommentar-ki-alkalmaz-gazdasagi-kenyszert-nezze-meg-mit-csinal-az-usa\/","title":{"rendered":"CMG-komment\u00e1r: Ki alkalmaz \u201egazdas\u00e1gi k\u00e9nyszert\u201d? N\u00e9zze meg, mit csin\u00e1l az USA"},"content":{"rendered":"\n<p><strong>Janet Yellen amerikai p\u00e9nz\u00fcgyminiszter a minap \u201e\u00f6sszehangolt fell\u00e9p\u00e9sre\u201d sz\u00f3l\u00edtott fel K\u00edna \u00fagynevezett \u201egazdas\u00e1gi k\u00e9nyszere\u201d ellen, amikor r\u00e9szt vett a G7 p\u00e9nz\u00fcgyminisztereinek \u00e9s jegybankeln\u00f6keinek tal\u00e1lkoz\u00f3j\u00e1n. Vajon ki alkalmaz val\u00f3j\u00e1ban \u201egazdas\u00e1gi k\u00e9nyszert\u201d? Ki az igazi \u00e1ldozat? A t\u00e9nyek mutatj\u00e1k meg legjobban a v\u00e1laszt.<\/strong><\/p>\n\n\n\n<p>Ha m\u00e1r a nemzetk\u00f6zi kapcsolatokban val\u00f3 k\u00e9nyszerr\u0151l besz\u00e9l\u00fcnk, a koncepci\u00f3t az Egyes\u00fclt \u00c1llamok tal\u00e1lta ki, \u00e9s folyamatosan gyakorolja. 1971-ben Alexander George, az amerikai Stanford Egyetem professzora javasolta el\u0151sz\u00f6r a \u201ek\u00e9nyszerdiplom\u00e1cia\u201d fogalm\u00e1t, amelyet az Egyes\u00fclt \u00c1llamok Laosszal, Kub\u00e1val \u00e9s Vietnammal kapcsolatos politik\u00e1j\u00e1nak \u00f6sszefoglal\u00e1s\u00e1ra haszn\u00e1ltak. Ennek a koncepci\u00f3nak l\u00e9nyege, hogy az Egyes\u00fclt \u00c1llamok er\u0151szakos fenyeget\u00e9seket, politikai elszigetel\u0151d\u00e9st, gazdas\u00e1gi szankci\u00f3kat, technol\u00f3giai blok\u00e1dokat alkalmazva k\u00e9nyszer\u00edt m\u00e1s orsz\u00e1gokat, hogy az Egyes\u00fclt \u00c1llamok k\u00f6vetelm\u00e9nyeinek megfelel\u0151 v\u00e1ltoztat\u00e1sokat tegyenek, hogy a legnagyobb m\u00e9rt\u00e9kben meg\u0151rizz\u00e9k az Egyes\u00fclt \u00c1llamok hegem\u00f3ni\u00e1j\u00e1t.<\/p>\n\n\n\n<figure class=\"wp-block-image size-full\"><img loading=\"lazy\" decoding=\"async\" width=\"2000\" height=\"941\" src=\"https:\/\/kinaikaleidoszkop.hu\/wp-content\/uploads\/2023\/05\/051504-1.jpg\" alt=\"\" class=\"wp-image-17368\" srcset=\"https:\/\/kinaikaleidoszkop.hu\/wp-content\/uploads\/2023\/05\/051504-1.jpg 2000w, https:\/\/kinaikaleidoszkop.hu\/wp-content\/uploads\/2023\/05\/051504-1-300x141.jpg 300w, https:\/\/kinaikaleidoszkop.hu\/wp-content\/uploads\/2023\/05\/051504-1-1024x482.jpg 1024w, https:\/\/kinaikaleidoszkop.hu\/wp-content\/uploads\/2023\/05\/051504-1-768x361.jpg 768w, https:\/\/kinaikaleidoszkop.hu\/wp-content\/uploads\/2023\/05\/051504-1-1536x723.jpg 1536w, https:\/\/kinaikaleidoszkop.hu\/wp-content\/uploads\/2023\/05\/051504-1-990x466.jpg 990w, https:\/\/kinaikaleidoszkop.hu\/wp-content\/uploads\/2023\/05\/051504-1-1320x621.jpg 1320w\" sizes=\"auto, (max-width: 2000px) 100vw, 2000px\" \/><\/figure>\n\n\n\n<p>L\u00e1that\u00f3, hogy a \u201egazdas\u00e1gi k\u00e9nyszer\u201d, mint az amerikai \u201ek\u00e9nyszerdiplom\u00e1cia\u201d szerves r\u00e9sze, az Egyes\u00fclt \u00c1llamok szabadalma. K\u00edna mindig is el\u0151mozd\u00edtja a nyitott vil\u00e1ggazdas\u00e1g ki\u00e9p\u00edt\u00e9s\u00e9t, \u00e9s soha nem folytatott, illetve hat\u00e1rozottan ellenzi a \u201egazdas\u00e1gi k\u00e9nyszert\u201d. Nem neh\u00e9z kital\u00e1lni, hogy az Egyes\u00fclt \u00c1llamok mi\u00e9rt akarja ezt a c\u00edmk\u00e9t K\u00edn\u00e1ra akasztani. Amint az elemz\u0151k r\u00e1mutattak, az USA-nak kell egy adu, amellyel a k\u00ednai\u2013amerikai gazdas\u00e1gi, kereskedelmi \u00e9s p\u00e9nz\u00fcgyi egy\u00fcttm\u0171k\u00f6d\u00e9sekben \u00e9s t\u00e1rgyal\u00e1sokon engedm\u00e9nyekre k\u00e9nyszer\u00edti K\u00edn\u00e1t.<\/p>\n\n\n\n<p>Az amerikai m\u00e9dia a k\u00f6zelm\u00faltban t\u00f6bbsz\u00f6r besz\u00e1molt, miszerint az Egyes\u00fclt \u00c1llamok \u201ep\u00e9ld\u00e1tlan\u201d befektet\u00e9si korl\u00e1toz\u00e1sokat fog bevezetni K\u00edn\u00e1val szemben az idei G7-cs\u00facstal\u00e1lkoz\u00f3 el\u0151tt vagy ut\u00e1n, amelyek a f\u00e9lvezet\u0151k, a mesters\u00e9ges intelligencia, a kvantumsz\u00e1m\u00edt\u00e1s \u00e9s m\u00e1s cs\u00facstechnol\u00f3gia ter\u00fcletet \u00e9rintenek. Ha a h\u00edr igaz, akkor ez egy \u00fajabb p\u00e9lda arra, hogy az Egyes\u00fclt \u00c1llamok gazdas\u00e1gi k\u00e9nyszert alkalmaz K\u00edn\u00e1val szemben, \u00e9s korl\u00e1tozza K\u00edna fejl\u0151d\u00e9s\u00e9t.<\/p>\n\n\n\n<p>Emellett az egyoldal\u00fa szankci\u00f3 az USA gyakori gazdas\u00e1gi k\u00e9nyszer\u00e9nek eszk\u00f6ze is. Az Egyes\u00fclt \u00c1llamok k\u00fcl\u00f6nf\u00e9le \u00fcr\u00fcgyeket tal\u00e1lt ki a nemzetk\u00f6zi versenyk\u00e9pess\u00e9ggel rendelkez\u0151 k\u00ednai cs\u00facstechnol\u00f3giai c\u00e9gek visszaszor\u00edt\u00e1s\u00e1ra, \u00e9s t\u00f6bb mint 1000 k\u00ednai v\u00e1llalatot vett fel a szankci\u00f3k list\u00e1j\u00e1ra. Glob\u00e1lis szempontb\u00f3l az Egyes\u00fclt \u00c1llamok eddig a vil\u00e1g csaknem 40 orsz\u00e1g\u00e1val szemben hozott egyoldal\u00fa gazdas\u00e1gi szankci\u00f3kat, amelyek a vil\u00e1g lakoss\u00e1g\u00e1nak csaknem fel\u00e9t \u00e9rintik. 2021-ig t\u00f6bb mint 9400 amerikai szankci\u00f3s int\u00e9zked\u00e9s l\u00e9pett \u00e9rv\u00e9nybe, amely hatalmas humanit\u00e1rius katasztr\u00f3f\u00e1kat okozott. Az amerikai Brookings Int\u00e9zet elemz\u00e9se \u00e9s becsl\u00e9sei szerint Ir\u00e1nban a Covid\u201319 v\u00edrusj\u00e1rv\u00e1ny legrosszabb id\u0151szak\u00e1ban az amerikai szankci\u00f3k ak\u00e1r 13 ezer ember hal\u00e1l\u00e1t is okozhatt\u00e1k.<\/p>\n\n\n\n<figure class=\"wp-block-image size-full\"><img loading=\"lazy\" decoding=\"async\" width=\"2000\" height=\"1038\" src=\"https:\/\/kinaikaleidoszkop.hu\/wp-content\/uploads\/2023\/05\/051504-2.jpg\" alt=\"\" class=\"wp-image-17369\" srcset=\"https:\/\/kinaikaleidoszkop.hu\/wp-content\/uploads\/2023\/05\/051504-2.jpg 2000w, https:\/\/kinaikaleidoszkop.hu\/wp-content\/uploads\/2023\/05\/051504-2-300x156.jpg 300w, https:\/\/kinaikaleidoszkop.hu\/wp-content\/uploads\/2023\/05\/051504-2-1024x531.jpg 1024w, https:\/\/kinaikaleidoszkop.hu\/wp-content\/uploads\/2023\/05\/051504-2-768x399.jpg 768w, https:\/\/kinaikaleidoszkop.hu\/wp-content\/uploads\/2023\/05\/051504-2-1536x797.jpg 1536w, https:\/\/kinaikaleidoszkop.hu\/wp-content\/uploads\/2023\/05\/051504-2-990x514.jpg 990w, https:\/\/kinaikaleidoszkop.hu\/wp-content\/uploads\/2023\/05\/051504-2-1320x685.jpg 1320w\" sizes=\"auto, (max-width: 2000px) 100vw, 2000px\" \/><\/figure>\n\n\n\n<p>T\u00f6rt\u00e9nelmileg a jap\u00e1n Toshiba, a n\u00e9met Siemens, a francia Alstom \u00e9s az USA sz\u00f6vets\u00e9geseinek m\u00e1s v\u00e1llalatai, amelyek megk\u00e9rd\u0151jelezt\u00e9k az Egyes\u00fclt \u00c1llamok \u00e9rdekeit, kiv\u00e9tel n\u00e9lk\u00fcl mind elnyom\u00e1st kaptak az Egyes\u00fclt \u00c1llamokt\u00f3l. F\u0151leg az 1980-as \u00e9vek \u00f3ta az Egyes\u00fclt \u00c1llamok sokszor alkalmaz gazdas\u00e1gi szankci\u00f3kat Jap\u00e1nnal szemben, minden eszk\u00f6zzel visszaszor\u00edtotta a a f\u00e9lvezet\u0151gy\u00e1rt\u00e1st \u00e9s Jap\u00e1n m\u00e1s el\u0151ny\u00f6s ipar\u00e1gait, s\u0151t a jap\u00e1n gazdas\u00e1g nagy szerkezeti jav\u00edt\u00e1s\u00e1t is el\u0151seg\u00edtette, amely a gazdas\u00e1gi k\u00e9nyszer mintap\u00e9ld\u00e1j\u00e1nak nevezhet\u0151.<\/p>\n\n\n\n<p>N\u00e9zz\u00fck meg az Egyes\u00fclt \u00c1llamok jelenlegi infl\u00e1ci\u00f3cs\u00f6kkent\u00e9si t\u00f6rv\u00e9ny\u00e9t. Egyes elemz\u0151k felh\u00edvt\u00e1k a figyelmet arra, hogy az Egyes\u00fclt \u00c1llamok tisztess\u00e9gtelen t\u00e1mogat\u00e1sokkal \u00e9s ad\u00f3j\u00f3v\u00e1\u00edr\u00e1sokkal t\u00e1mogatja a belf\u00f6ld\u00f6n termelt tiszta energiaterm\u00e9keket, hogy k\u00e9nyszer\u00edtse a k\u00fclf\u00f6ldi v\u00e1llalatokat, hogy vagy term\u00e9kei piaci diszkrimin\u00e1ci\u00f3val szembes\u00fclnek, vagy az Egyes\u00fclt \u00c1llamokban fektetnek be. Emmanuel Macron francia eln\u00f6k b\u00edr\u00e1lta, hogy ez a t\u00f6rv\u00e9nyjavaslat \u201erendk\u00edv\u00fcl s\u00e9rt\u0151\u201d az eur\u00f3pai v\u00e1llalatok sz\u00e1m\u00e1ra, \u00e9s az eur\u00f3pai \u00e9rdekeket s\u00e9rt\u0151 m\u00f3don oldja meg az USA saj\u00e1t probl\u00e9m\u00e1it. Az Egyes\u00fclt \u00c1llamok az \u201einfl\u00e1ci\u00f3cs\u00f6kkent\u00e9si t\u00f6rv\u00e9ny\u201d seg\u00edts\u00e9g\u00e9vel k\u00e9nyszer\u00edti az eur\u00f3pai v\u00e1llalatok gy\u00e1rt\u00f3sorainak \u00e1thelyez\u00e9s\u00e9t az Egyes\u00fclt \u00c1llamokba. Ha ez nem gazdas\u00e1gi k\u00e9nyszer, akkor mi az?<\/p>\n\n\n\n<p><strong>2023. 05. 15.<\/strong><\/p>\n\n\n\n<p><strong><em>(China Media Group)<\/em><\/strong><\/p>\n\n\n\n<p><strong>(x)<\/strong><\/p>\n","protected":false},"excerpt":{"rendered":"<p>Janet Yellen amerikai p\u00e9nz\u00fcgyminiszter a minap \u201e\u00f6sszehangolt fell\u00e9p\u00e9sre\u201d sz\u00f3l\u00edtott fel K\u00edna \u00fagynevezett \u201egazdas\u00e1gi k\u00e9nyszere\u201d ellen, amikor r\u00e9szt vett a G7 p\u00e9nz\u00fcgyminisztereinek \u00e9s jegybankeln\u00f6keinek tal\u00e1lkoz\u00f3j\u00e1n. Vajon ki alkalmaz val\u00f3j\u00e1ban \u201egazdas\u00e1gi k\u00e9nyszert\u201d? Ki az igazi \u00e1ldozat? A t\u00e9nyek mutatj\u00e1k meg legjobban a v\u00e1laszt. Ha m\u00e1r a nemzetk\u00f6zi kapcsolatokban val\u00f3 k\u00e9nyszerr\u0151l besz\u00e9l\u00fcnk, a koncepci\u00f3t az Egyes\u00fclt \u00c1llamok tal\u00e1lta [&hellip;]<\/p>\n","protected":false},"author":6,"featured_media":17368,"comment_status":"closed","ping_status":"closed","sticky":false,"template":"","format":"standard","meta":{"footnotes":""},"categories":[45],"tags":[363,2293,66],"class_list":["post-17366","post","type-post","status-publish","format-standard","has-post-thumbnail","hentry","category-hirek","tag-cmg","tag-cmg-kommentarja","tag-gazdasag"],"yoast_head":"<!-- This site is optimized with the Yoast SEO plugin v23.7 - https:\/\/yoast.com\/wordpress\/plugins\/seo\/ -->\n<title>CMG-komment\u00e1r: Ki alkalmaz \u201egazdas\u00e1gi k\u00e9nyszert\u201d? N\u00e9zze meg, mit csin\u00e1l az USA - kinaikaleidoszkop.hu<\/title>\n<meta name=\"robots\" content=\"index, follow, max-snippet:-1, max-image-preview:large, max-video-preview:-1\" \/>\n<link rel=\"canonical\" href=\"https:\/\/kinaikaleidoszkop.hu\/index.php\/2023\/05\/15\/cmg-kommentar-ki-alkalmaz-gazdasagi-kenyszert-nezze-meg-mit-csinal-az-usa\/\" \/>\n<meta property=\"og:locale\" content=\"hu_HU\" \/>\n<meta property=\"og:type\" content=\"article\" \/>\n<meta property=\"og:title\" content=\"CMG-komment\u00e1r: Ki alkalmaz \u201egazdas\u00e1gi k\u00e9nyszert\u201d? N\u00e9zze meg, mit csin\u00e1l az USA - kinaikaleidoszkop.hu\" \/>\n<meta property=\"og:description\" content=\"Janet Yellen amerikai p\u00e9nz\u00fcgyminiszter a minap \u201e\u00f6sszehangolt fell\u00e9p\u00e9sre\u201d sz\u00f3l\u00edtott fel K\u00edna \u00fagynevezett \u201egazdas\u00e1gi k\u00e9nyszere\u201d ellen, amikor r\u00e9szt vett a G7 p\u00e9nz\u00fcgyminisztereinek \u00e9s jegybankeln\u00f6keinek tal\u00e1lkoz\u00f3j\u00e1n. Vajon ki alkalmaz val\u00f3j\u00e1ban \u201egazdas\u00e1gi k\u00e9nyszert\u201d? Ki az igazi \u00e1ldozat? A t\u00e9nyek mutatj\u00e1k meg legjobban a v\u00e1laszt. Ha m\u00e1r a nemzetk\u00f6zi kapcsolatokban val\u00f3 k\u00e9nyszerr\u0151l besz\u00e9l\u00fcnk, a koncepci\u00f3t az Egyes\u00fclt \u00c1llamok tal\u00e1lta [&hellip;]\" \/>\n<meta property=\"og:url\" content=\"https:\/\/kinaikaleidoszkop.hu\/index.php\/2023\/05\/15\/cmg-kommentar-ki-alkalmaz-gazdasagi-kenyszert-nezze-meg-mit-csinal-az-usa\/\" \/>\n<meta property=\"og:site_name\" content=\"kinaikaleidoszkop.hu\" \/>\n<meta property=\"article:published_time\" content=\"2023-05-15T12:19:50+00:00\" \/>\n<meta property=\"article:modified_time\" content=\"2023-05-15T12:19:55+00:00\" \/>\n<meta property=\"og:image\" content=\"https:\/\/kinaikaleidoszkop.hu\/wp-content\/uploads\/2023\/05\/051504-1.jpg\" \/>\n\t<meta property=\"og:image:width\" content=\"2000\" \/>\n\t<meta property=\"og:image:height\" content=\"941\" \/>\n\t<meta property=\"og:image:type\" content=\"image\/jpeg\" \/>\n<meta name=\"author\" content=\"admin-sebi\" \/>\n<meta name=\"twitter:card\" content=\"summary_large_image\" \/>\n<meta name=\"twitter:label1\" content=\"Szerz\u0151:\" \/>\n\t<meta name=\"twitter:data1\" content=\"admin-sebi\" \/>\n\t<meta name=\"twitter:label2\" content=\"Becs\u00fclt olvas\u00e1si id\u0151\" \/>\n\t<meta name=\"twitter:data2\" content=\"4 perc\" \/>\n<script type=\"application\/ld+json\" class=\"yoast-schema-graph\">{\"@context\":\"https:\/\/schema.org\",\"@graph\":[{\"@type\":\"WebPage\",\"@id\":\"https:\/\/kinaikaleidoszkop.hu\/index.php\/2023\/05\/15\/cmg-kommentar-ki-alkalmaz-gazdasagi-kenyszert-nezze-meg-mit-csinal-az-usa\/\",\"url\":\"https:\/\/kinaikaleidoszkop.hu\/index.php\/2023\/05\/15\/cmg-kommentar-ki-alkalmaz-gazdasagi-kenyszert-nezze-meg-mit-csinal-az-usa\/\",\"name\":\"CMG-komment\u00e1r: Ki alkalmaz \u201egazdas\u00e1gi k\u00e9nyszert\u201d? N\u00e9zze meg, mit csin\u00e1l az USA - kinaikaleidoszkop.hu\",\"isPartOf\":{\"@id\":\"https:\/\/kinaikaleidoszkop.hu\/#website\"},\"primaryImageOfPage\":{\"@id\":\"https:\/\/kinaikaleidoszkop.hu\/index.php\/2023\/05\/15\/cmg-kommentar-ki-alkalmaz-gazdasagi-kenyszert-nezze-meg-mit-csinal-az-usa\/#primaryimage\"},\"image\":{\"@id\":\"https:\/\/kinaikaleidoszkop.hu\/index.php\/2023\/05\/15\/cmg-kommentar-ki-alkalmaz-gazdasagi-kenyszert-nezze-meg-mit-csinal-az-usa\/#primaryimage\"},\"thumbnailUrl\":\"https:\/\/kinaikaleidoszkop.hu\/wp-content\/uploads\/2023\/05\/051504-1.jpg\",\"datePublished\":\"2023-05-15T12:19:50+00:00\",\"dateModified\":\"2023-05-15T12:19:55+00:00\",\"author\":{\"@id\":\"https:\/\/kinaikaleidoszkop.hu\/#\/schema\/person\/fd215d3a8bab54daeb796ae166f99ea5\"},\"breadcrumb\":{\"@id\":\"https:\/\/kinaikaleidoszkop.hu\/index.php\/2023\/05\/15\/cmg-kommentar-ki-alkalmaz-gazdasagi-kenyszert-nezze-meg-mit-csinal-az-usa\/#breadcrumb\"},\"inLanguage\":\"hu\",\"potentialAction\":[{\"@type\":\"ReadAction\",\"target\":[\"https:\/\/kinaikaleidoszkop.hu\/index.php\/2023\/05\/15\/cmg-kommentar-ki-alkalmaz-gazdasagi-kenyszert-nezze-meg-mit-csinal-az-usa\/\"]}]},{\"@type\":\"ImageObject\",\"inLanguage\":\"hu\",\"@id\":\"https:\/\/kinaikaleidoszkop.hu\/index.php\/2023\/05\/15\/cmg-kommentar-ki-alkalmaz-gazdasagi-kenyszert-nezze-meg-mit-csinal-az-usa\/#primaryimage\",\"url\":\"https:\/\/kinaikaleidoszkop.hu\/wp-content\/uploads\/2023\/05\/051504-1.jpg\",\"contentUrl\":\"https:\/\/kinaikaleidoszkop.hu\/wp-content\/uploads\/2023\/05\/051504-1.jpg\",\"width\":2000,\"height\":941},{\"@type\":\"BreadcrumbList\",\"@id\":\"https:\/\/kinaikaleidoszkop.hu\/index.php\/2023\/05\/15\/cmg-kommentar-ki-alkalmaz-gazdasagi-kenyszert-nezze-meg-mit-csinal-az-usa\/#breadcrumb\",\"itemListElement\":[{\"@type\":\"ListItem\",\"position\":1,\"name\":\"Kezd\u0151lap\",\"item\":\"https:\/\/kinaikaleidoszkop.hu\/\"},{\"@type\":\"ListItem\",\"position\":2,\"name\":\"CMG-komment\u00e1r: Ki alkalmaz \u201egazdas\u00e1gi k\u00e9nyszert\u201d? N\u00e9zze meg, mit csin\u00e1l az USA\"}]},{\"@type\":\"WebSite\",\"@id\":\"https:\/\/kinaikaleidoszkop.hu\/#website\",\"url\":\"https:\/\/kinaikaleidoszkop.hu\/\",\"name\":\"kinaikaleidoszkop.hu\",\"description\":\"\",\"potentialAction\":[{\"@type\":\"SearchAction\",\"target\":{\"@type\":\"EntryPoint\",\"urlTemplate\":\"https:\/\/kinaikaleidoszkop.hu\/?s={search_term_string}\"},\"query-input\":{\"@type\":\"PropertyValueSpecification\",\"valueRequired\":true,\"valueName\":\"search_term_string\"}}],\"inLanguage\":\"hu\"},{\"@type\":\"Person\",\"@id\":\"https:\/\/kinaikaleidoszkop.hu\/#\/schema\/person\/fd215d3a8bab54daeb796ae166f99ea5\",\"name\":\"admin-sebi\",\"image\":{\"@type\":\"ImageObject\",\"inLanguage\":\"hu\",\"@id\":\"https:\/\/kinaikaleidoszkop.hu\/#\/schema\/person\/image\/\",\"url\":\"https:\/\/secure.gravatar.com\/avatar\/b1498042bc4969020b4951f204f963e97c3d7d199f3790c1071adf67c61d0aa5?s=96&d=mm&r=g\",\"contentUrl\":\"https:\/\/secure.gravatar.com\/avatar\/b1498042bc4969020b4951f204f963e97c3d7d199f3790c1071adf67c61d0aa5?s=96&d=mm&r=g\",\"caption\":\"admin-sebi\"},\"url\":\"https:\/\/kinaikaleidoszkop.hu\/index.php\/author\/admin-sebi\/\"}]}<\/script>\n<!-- \/ Yoast SEO plugin. -->","yoast_head_json":{"title":"CMG-komment\u00e1r: Ki alkalmaz \u201egazdas\u00e1gi k\u00e9nyszert\u201d? N\u00e9zze meg, mit csin\u00e1l az USA - kinaikaleidoszkop.hu","robots":{"index":"index","follow":"follow","max-snippet":"max-snippet:-1","max-image-preview":"max-image-preview:large","max-video-preview":"max-video-preview:-1"},"canonical":"https:\/\/kinaikaleidoszkop.hu\/index.php\/2023\/05\/15\/cmg-kommentar-ki-alkalmaz-gazdasagi-kenyszert-nezze-meg-mit-csinal-az-usa\/","og_locale":"hu_HU","og_type":"article","og_title":"CMG-komment\u00e1r: Ki alkalmaz \u201egazdas\u00e1gi k\u00e9nyszert\u201d? N\u00e9zze meg, mit csin\u00e1l az USA - kinaikaleidoszkop.hu","og_description":"Janet Yellen amerikai p\u00e9nz\u00fcgyminiszter a minap \u201e\u00f6sszehangolt fell\u00e9p\u00e9sre\u201d sz\u00f3l\u00edtott fel K\u00edna \u00fagynevezett \u201egazdas\u00e1gi k\u00e9nyszere\u201d ellen, amikor r\u00e9szt vett a G7 p\u00e9nz\u00fcgyminisztereinek \u00e9s jegybankeln\u00f6keinek tal\u00e1lkoz\u00f3j\u00e1n. Vajon ki alkalmaz val\u00f3j\u00e1ban \u201egazdas\u00e1gi k\u00e9nyszert\u201d? Ki az igazi \u00e1ldozat? A t\u00e9nyek mutatj\u00e1k meg legjobban a v\u00e1laszt. Ha m\u00e1r a nemzetk\u00f6zi kapcsolatokban val\u00f3 k\u00e9nyszerr\u0151l besz\u00e9l\u00fcnk, a koncepci\u00f3t az Egyes\u00fclt \u00c1llamok tal\u00e1lta [&hellip;]","og_url":"https:\/\/kinaikaleidoszkop.hu\/index.php\/2023\/05\/15\/cmg-kommentar-ki-alkalmaz-gazdasagi-kenyszert-nezze-meg-mit-csinal-az-usa\/","og_site_name":"kinaikaleidoszkop.hu","article_published_time":"2023-05-15T12:19:50+00:00","article_modified_time":"2023-05-15T12:19:55+00:00","og_image":[{"width":2000,"height":941,"url":"https:\/\/kinaikaleidoszkop.hu\/wp-content\/uploads\/2023\/05\/051504-1.jpg","type":"image\/jpeg"}],"author":"admin-sebi","twitter_card":"summary_large_image","twitter_misc":{"Szerz\u0151:":"admin-sebi","Becs\u00fclt olvas\u00e1si id\u0151":"4 perc"},"schema":{"@context":"https:\/\/schema.org","@graph":[{"@type":"WebPage","@id":"https:\/\/kinaikaleidoszkop.hu\/index.php\/2023\/05\/15\/cmg-kommentar-ki-alkalmaz-gazdasagi-kenyszert-nezze-meg-mit-csinal-az-usa\/","url":"https:\/\/kinaikaleidoszkop.hu\/index.php\/2023\/05\/15\/cmg-kommentar-ki-alkalmaz-gazdasagi-kenyszert-nezze-meg-mit-csinal-az-usa\/","name":"CMG-komment\u00e1r: Ki alkalmaz \u201egazdas\u00e1gi k\u00e9nyszert\u201d? N\u00e9zze meg, mit csin\u00e1l az USA - kinaikaleidoszkop.hu","isPartOf":{"@id":"https:\/\/kinaikaleidoszkop.hu\/#website"},"primaryImageOfPage":{"@id":"https:\/\/kinaikaleidoszkop.hu\/index.php\/2023\/05\/15\/cmg-kommentar-ki-alkalmaz-gazdasagi-kenyszert-nezze-meg-mit-csinal-az-usa\/#primaryimage"},"image":{"@id":"https:\/\/kinaikaleidoszkop.hu\/index.php\/2023\/05\/15\/cmg-kommentar-ki-alkalmaz-gazdasagi-kenyszert-nezze-meg-mit-csinal-az-usa\/#primaryimage"},"thumbnailUrl":"https:\/\/kinaikaleidoszkop.hu\/wp-content\/uploads\/2023\/05\/051504-1.jpg","datePublished":"2023-05-15T12:19:50+00:00","dateModified":"2023-05-15T12:19:55+00:00","author":{"@id":"https:\/\/kinaikaleidoszkop.hu\/#\/schema\/person\/fd215d3a8bab54daeb796ae166f99ea5"},"breadcrumb":{"@id":"https:\/\/kinaikaleidoszkop.hu\/index.php\/2023\/05\/15\/cmg-kommentar-ki-alkalmaz-gazdasagi-kenyszert-nezze-meg-mit-csinal-az-usa\/#breadcrumb"},"inLanguage":"hu","potentialAction":[{"@type":"ReadAction","target":["https:\/\/kinaikaleidoszkop.hu\/index.php\/2023\/05\/15\/cmg-kommentar-ki-alkalmaz-gazdasagi-kenyszert-nezze-meg-mit-csinal-az-usa\/"]}]},{"@type":"ImageObject","inLanguage":"hu","@id":"https:\/\/kinaikaleidoszkop.hu\/index.php\/2023\/05\/15\/cmg-kommentar-ki-alkalmaz-gazdasagi-kenyszert-nezze-meg-mit-csinal-az-usa\/#primaryimage","url":"https:\/\/kinaikaleidoszkop.hu\/wp-content\/uploads\/2023\/05\/051504-1.jpg","contentUrl":"https:\/\/kinaikaleidoszkop.hu\/wp-content\/uploads\/2023\/05\/051504-1.jpg","width":2000,"height":941},{"@type":"BreadcrumbList","@id":"https:\/\/kinaikaleidoszkop.hu\/index.php\/2023\/05\/15\/cmg-kommentar-ki-alkalmaz-gazdasagi-kenyszert-nezze-meg-mit-csinal-az-usa\/#breadcrumb","itemListElement":[{"@type":"ListItem","position":1,"name":"Kezd\u0151lap","item":"https:\/\/kinaikaleidoszkop.hu\/"},{"@type":"ListItem","position":2,"name":"CMG-komment\u00e1r: Ki alkalmaz \u201egazdas\u00e1gi k\u00e9nyszert\u201d? N\u00e9zze meg, mit csin\u00e1l az USA"}]},{"@type":"WebSite","@id":"https:\/\/kinaikaleidoszkop.hu\/#website","url":"https:\/\/kinaikaleidoszkop.hu\/","name":"kinaikaleidoszkop.hu","description":"","potentialAction":[{"@type":"SearchAction","target":{"@type":"EntryPoint","urlTemplate":"https:\/\/kinaikaleidoszkop.hu\/?s={search_term_string}"},"query-input":{"@type":"PropertyValueSpecification","valueRequired":true,"valueName":"search_term_string"}}],"inLanguage":"hu"},{"@type":"Person","@id":"https:\/\/kinaikaleidoszkop.hu\/#\/schema\/person\/fd215d3a8bab54daeb796ae166f99ea5","name":"admin-sebi","image":{"@type":"ImageObject","inLanguage":"hu","@id":"https:\/\/kinaikaleidoszkop.hu\/#\/schema\/person\/image\/","url":"https:\/\/secure.gravatar.com\/avatar\/b1498042bc4969020b4951f204f963e97c3d7d199f3790c1071adf67c61d0aa5?s=96&d=mm&r=g","contentUrl":"https:\/\/secure.gravatar.com\/avatar\/b1498042bc4969020b4951f204f963e97c3d7d199f3790c1071adf67c61d0aa5?s=96&d=mm&r=g","caption":"admin-sebi"},"url":"https:\/\/kinaikaleidoszkop.hu\/index.php\/author\/admin-sebi\/"}]}},"views":232,"distributor_meta":false,"distributor_terms":false,"distributor_media":false,"distributor_original_site_name":"kinaikaleidoszkop.hu","distributor_original_site_url":"https:\/\/kinaikaleidoszkop.hu","push-errors":false,"_links":{"self":[{"href":"https:\/\/kinaikaleidoszkop.hu\/index.php\/wp-json\/wp\/v2\/posts\/17366","targetHints":{"allow":["GET"]}}],"collection":[{"href":"https:\/\/kinaikaleidoszkop.hu\/index.php\/wp-json\/wp\/v2\/posts"}],"about":[{"href":"https:\/\/kinaikaleidoszkop.hu\/index.php\/wp-json\/wp\/v2\/types\/post"}],"author":[{"embeddable":true,"href":"https:\/\/kinaikaleidoszkop.hu\/index.php\/wp-json\/wp\/v2\/users\/6"}],"replies":[{"embeddable":true,"href":"https:\/\/kinaikaleidoszkop.hu\/index.php\/wp-json\/wp\/v2\/comments?post=17366"}],"version-history":[{"count":1,"href":"https:\/\/kinaikaleidoszkop.hu\/index.php\/wp-json\/wp\/v2\/posts\/17366\/revisions"}],"predecessor-version":[{"id":17370,"href":"https:\/\/kinaikaleidoszkop.hu\/index.php\/wp-json\/wp\/v2\/posts\/17366\/revisions\/17370"}],"wp:featuredmedia":[{"embeddable":true,"href":"https:\/\/kinaikaleidoszkop.hu\/index.php\/wp-json\/wp\/v2\/media\/17368"}],"wp:attachment":[{"href":"https:\/\/kinaikaleidoszkop.hu\/index.php\/wp-json\/wp\/v2\/media?parent=17366"}],"wp:term":[{"taxonomy":"category","embeddable":true,"href":"https:\/\/kinaikaleidoszkop.hu\/index.php\/wp-json\/wp\/v2\/categories?post=17366"},{"taxonomy":"post_tag","embeddable":true,"href":"https:\/\/kinaikaleidoszkop.hu\/index.php\/wp-json\/wp\/v2\/tags?post=17366"}],"curies":[{"name":"wp","href":"https:\/\/api.w.org\/{rel}","templated":true}]}}