{"id":17376,"date":"2023-05-16T16:04:40","date_gmt":"2023-05-16T14:04:40","guid":{"rendered":"https:\/\/kinaikaleidoszkop.hu\/?p=17376"},"modified":"2023-05-16T16:04:42","modified_gmt":"2023-05-16T14:04:42","slug":"ketszeresere-no-a-magyarorszag-es-kina-kozotti-legi-jaratok-szama","status":"publish","type":"post","link":"https:\/\/kinaikaleidoszkop.hu\/index.php\/2023\/05\/16\/ketszeresere-no-a-magyarorszag-es-kina-kozotti-legi-jaratok-szama\/","title":{"rendered":"K\u00e9tszeres\u00e9re n\u0151 a Magyarorsz\u00e1g \u00e9s K\u00edna k\u00f6z\u00f6tti l\u00e9gi j\u00e1ratok sz\u00e1ma"},"content":{"rendered":"\n<p><strong>\u00daj l\u00e9g\u00fcgyi meg\u00e1llapod\u00e1st k\u00f6t\u00f6tt Magyarorsz\u00e1g \u00e9s K\u00edna, amelynek nyom\u00e1n a j\u00f6v\u0151ben ak\u00e1r k\u00e9tszeres\u00e9re, heti 42-re is n\u0151het a k\u00e9t orsz\u00e1g k\u00f6z\u00f6tt \u00fczemel\u0151 j\u00e1ratok sz\u00e1ma &#8211; k\u00f6z\u00f6lte Szijj\u00e1rt\u00f3 P\u00e9ter k\u00fclgazdas\u00e1gi \u00e9s k\u00fcl\u00fcgyminiszter kedden Ningb\u00f3ban.<\/strong><\/p>\n\n\n\n<p>A miniszt\u00e9rium k\u00f6zlem\u00e9nye szerint a t\u00e1rcavezet\u0151 a K\u00edna-K\u00f6z\u00e9p-Eur\u00f3pa kereskedelmi ki\u00e1ll\u00edt\u00e1son \u00fcdv\u00f6z\u00f6lte, hogy az eddigi 21 helyett hetente imm\u00e1r 42 j\u00e1rat k\u00f6zlekedhet ezent\u00fal K\u00edna \u00e9s Magyarorsz\u00e1g k\u00f6z\u00f6tt, ami vonatkozik a szem\u00e9ly- \u00e9s a tehersz\u00e1ll\u00edt\u00e1sra is.<\/p>\n\n\n\n<blockquote class=\"wp-block-quote is-layout-flow wp-block-quote-is-layout-flow\">\n<p>&#8220;A Magyarorsz\u00e1g \u00e9s K\u00edna k\u00f6z\u00f6tti gazdas\u00e1gi-kereskedelmi egy\u00fcttm\u0171k\u00f6d\u00e9s rekordokat d\u00f6nt, sz\u00fcks\u00e9g van az \u00e1rusz\u00e1ll\u00edt\u00e1sok felgyors\u00edt\u00e1s\u00e1ra. M\u00e1r most is a k\u00ednai tehersz\u00e1ll\u00edt\u00e1sok k\u00f6z\u00e9p-eur\u00f3pai bel\u00e9p\u00e9si pontja Magyarorsz\u00e1g&#8221; &#8211; mutatott r\u00e1.<\/p>\n<\/blockquote>\n\n\n\n<p>&#8220;Sz\u00e1mos cargoj\u00e1rat k\u00f6zlekedik a k\u00e9t orsz\u00e1g k\u00f6z\u00f6tt, ezek sz\u00e1ma az elk\u00f6vetkezend\u0151 id\u0151szakban tov\u00e1bb fog n\u0151ni. \u00c9s a jelenlegi n\u00e9gy k\u00ednai v\u00e1roshoz m\u00e9g kett\u0151t a k\u00ednaiak hozz\u00e1 fognak adni, ahonnan k\u00f6zvetlen l\u00e9gi j\u00e1rattal majd el lehet k\u00e9rni Budapestet, illetve ennek a jogi lehet\u0151s\u00e9g\u00e9t biztos\u00edtj\u00e1k, \u00e9s onnan kezdve m\u00e1r a l\u00e9git\u00e1rsas\u00e1gokon m\u00falik ennek a kihaszn\u00e1l\u00e1sa&#8221; &#8211; tette hozz\u00e1.<\/p>\n\n\n\n<p>Szijj\u00e1rt\u00f3 P\u00e9ter lesz\u00f6gezte: a keddi ningb\u00f3i K\u00edna-K\u00f6z\u00e9p-Eur\u00f3pa kereskedelmi ki\u00e1ll\u00edt\u00e1son t\u00e1rgyalnak majd arr\u00f3l, hogy \u00faj l\u00e9git\u00e1rsas\u00e1gok \u00faj desztin\u00e1ci\u00f3kkal jelenjenek meg a magyar piacon.<strong>&nbsp;A miniszter arra is kit\u00e9rt, hogy egyeztet\u00e9sein a felek egyet\u00e9rtettek a Budapest-Belgr\u00e1d vas\u00fatvonal fejleszt\u00e9s\u00e9nek, a 2025-\u00f6s c\u00e9ld\u00e1tum tart\u00e1s\u00e1nak fontoss\u00e1g\u00e1ban is.<\/strong><\/p>\n\n\n\n<p>&#8220;Ez a beruh\u00e1z\u00e1s hozz\u00e1 fog j\u00e1rulni ahhoz, hogy a g\u00f6r\u00f6gorsz\u00e1gi kik\u00f6t\u0151kbe behaj\u00f3zott, egyre n\u00f6vekv\u0151 mennyis\u00e9g\u0171 k\u00ednai \u00e1ru Magyarorsz\u00e1gon kereszt\u00fcl jusson majd el Eur\u00f3pa \u00e9szaki \u00e9s nyugati pontjaira&#8221; &#8211; mondta.<\/p>\n\n\n\n<p><strong>2023. m\u00e1jus 16.<\/strong><\/p>\n","protected":false},"excerpt":{"rendered":"<p>\u00daj l\u00e9g\u00fcgyi meg\u00e1llapod\u00e1st k\u00f6t\u00f6tt Magyarorsz\u00e1g \u00e9s K\u00edna, amelynek nyom\u00e1n a j\u00f6v\u0151ben ak\u00e1r k\u00e9tszeres\u00e9re, heti 42-re is n\u0151het a k\u00e9t orsz\u00e1g k\u00f6z\u00f6tt \u00fczemel\u0151 j\u00e1ratok sz\u00e1ma &#8211; k\u00f6z\u00f6lte Szijj\u00e1rt\u00f3 P\u00e9ter k\u00fclgazdas\u00e1gi \u00e9s k\u00fcl\u00fcgyminiszter kedden Ningb\u00f3ban. A miniszt\u00e9rium k\u00f6zlem\u00e9nye szerint a t\u00e1rcavezet\u0151 a K\u00edna-K\u00f6z\u00e9p-Eur\u00f3pa kereskedelmi ki\u00e1ll\u00edt\u00e1son \u00fcdv\u00f6z\u00f6lte, hogy az eddigi 21 helyett hetente imm\u00e1r 42 j\u00e1rat k\u00f6zlekedhet ezent\u00fal [&hellip;]<\/p>\n","protected":false},"author":7,"featured_media":17378,"comment_status":"closed","ping_status":"closed","sticky":false,"template":"","format":"standard","meta":{"footnotes":""},"categories":[45,7],"tags":[226,483,2394,432],"class_list":["post-17376","post","type-post","status-publish","format-standard","has-post-thumbnail","hentry","category-hirek","category-mind","tag-export","tag-kozlekedes","tag-megegyezes","tag-szijjarto-peter"],"yoast_head":"<!-- This site is optimized with the Yoast SEO plugin v23.7 - https:\/\/yoast.com\/wordpress\/plugins\/seo\/ -->\n<title>K\u00e9tszeres\u00e9re n\u0151 a Magyarorsz\u00e1g \u00e9s K\u00edna k\u00f6z\u00f6tti l\u00e9gi j\u00e1ratok sz\u00e1ma - kinaikaleidoszkop.hu<\/title>\n<meta name=\"robots\" content=\"index, follow, max-snippet:-1, max-image-preview:large, max-video-preview:-1\" \/>\n<link rel=\"canonical\" href=\"https:\/\/kinaikaleidoszkop.hu\/index.php\/2023\/05\/16\/ketszeresere-no-a-magyarorszag-es-kina-kozotti-legi-jaratok-szama\/\" \/>\n<meta property=\"og:locale\" content=\"hu_HU\" \/>\n<meta property=\"og:type\" content=\"article\" \/>\n<meta property=\"og:title\" content=\"K\u00e9tszeres\u00e9re n\u0151 a Magyarorsz\u00e1g \u00e9s K\u00edna k\u00f6z\u00f6tti l\u00e9gi j\u00e1ratok sz\u00e1ma - kinaikaleidoszkop.hu\" \/>\n<meta property=\"og:description\" content=\"\u00daj l\u00e9g\u00fcgyi meg\u00e1llapod\u00e1st k\u00f6t\u00f6tt Magyarorsz\u00e1g \u00e9s K\u00edna, amelynek nyom\u00e1n a j\u00f6v\u0151ben ak\u00e1r k\u00e9tszeres\u00e9re, heti 42-re is n\u0151het a k\u00e9t orsz\u00e1g k\u00f6z\u00f6tt \u00fczemel\u0151 j\u00e1ratok sz\u00e1ma &#8211; k\u00f6z\u00f6lte Szijj\u00e1rt\u00f3 P\u00e9ter k\u00fclgazdas\u00e1gi \u00e9s k\u00fcl\u00fcgyminiszter kedden Ningb\u00f3ban. A miniszt\u00e9rium k\u00f6zlem\u00e9nye szerint a t\u00e1rcavezet\u0151 a K\u00edna-K\u00f6z\u00e9p-Eur\u00f3pa kereskedelmi ki\u00e1ll\u00edt\u00e1son \u00fcdv\u00f6z\u00f6lte, hogy az eddigi 21 helyett hetente imm\u00e1r 42 j\u00e1rat k\u00f6zlekedhet ezent\u00fal [&hellip;]\" \/>\n<meta property=\"og:url\" content=\"https:\/\/kinaikaleidoszkop.hu\/index.php\/2023\/05\/16\/ketszeresere-no-a-magyarorszag-es-kina-kozotti-legi-jaratok-szama\/\" \/>\n<meta property=\"og:site_name\" content=\"kinaikaleidoszkop.hu\" \/>\n<meta property=\"article:published_time\" content=\"2023-05-16T14:04:40+00:00\" \/>\n<meta property=\"article:modified_time\" content=\"2023-05-16T14:04:42+00:00\" \/>\n<meta property=\"og:image\" content=\"https:\/\/kinaikaleidoszkop.hu\/wp-content\/uploads\/2023\/05\/the-chinese-national-flag-1752046_1280.jpg\" \/>\n\t<meta property=\"og:image:width\" content=\"1280\" \/>\n\t<meta property=\"og:image:height\" content=\"854\" \/>\n\t<meta property=\"og:image:type\" content=\"image\/jpeg\" \/>\n<meta name=\"author\" content=\"Szerk_Erik\" \/>\n<meta name=\"twitter:card\" content=\"summary_large_image\" \/>\n<meta name=\"twitter:label1\" content=\"Szerz\u0151:\" \/>\n\t<meta name=\"twitter:data1\" content=\"Szerk_Erik\" \/>\n\t<meta name=\"twitter:label2\" content=\"Becs\u00fclt olvas\u00e1si id\u0151\" \/>\n\t<meta name=\"twitter:data2\" content=\"2 perc\" \/>\n<script type=\"application\/ld+json\" class=\"yoast-schema-graph\">{\"@context\":\"https:\/\/schema.org\",\"@graph\":[{\"@type\":\"WebPage\",\"@id\":\"https:\/\/kinaikaleidoszkop.hu\/index.php\/2023\/05\/16\/ketszeresere-no-a-magyarorszag-es-kina-kozotti-legi-jaratok-szama\/\",\"url\":\"https:\/\/kinaikaleidoszkop.hu\/index.php\/2023\/05\/16\/ketszeresere-no-a-magyarorszag-es-kina-kozotti-legi-jaratok-szama\/\",\"name\":\"K\u00e9tszeres\u00e9re n\u0151 a Magyarorsz\u00e1g \u00e9s K\u00edna k\u00f6z\u00f6tti l\u00e9gi j\u00e1ratok sz\u00e1ma - kinaikaleidoszkop.hu\",\"isPartOf\":{\"@id\":\"https:\/\/kinaikaleidoszkop.hu\/#website\"},\"primaryImageOfPage\":{\"@id\":\"https:\/\/kinaikaleidoszkop.hu\/index.php\/2023\/05\/16\/ketszeresere-no-a-magyarorszag-es-kina-kozotti-legi-jaratok-szama\/#primaryimage\"},\"image\":{\"@id\":\"https:\/\/kinaikaleidoszkop.hu\/index.php\/2023\/05\/16\/ketszeresere-no-a-magyarorszag-es-kina-kozotti-legi-jaratok-szama\/#primaryimage\"},\"thumbnailUrl\":\"https:\/\/kinaikaleidoszkop.hu\/wp-content\/uploads\/2023\/05\/the-chinese-national-flag-1752046_1280.jpg\",\"datePublished\":\"2023-05-16T14:04:40+00:00\",\"dateModified\":\"2023-05-16T14:04:42+00:00\",\"author\":{\"@id\":\"https:\/\/kinaikaleidoszkop.hu\/#\/schema\/person\/4d69b71e7e70322713b9d9287b610556\"},\"breadcrumb\":{\"@id\":\"https:\/\/kinaikaleidoszkop.hu\/index.php\/2023\/05\/16\/ketszeresere-no-a-magyarorszag-es-kina-kozotti-legi-jaratok-szama\/#breadcrumb\"},\"inLanguage\":\"hu\",\"potentialAction\":[{\"@type\":\"ReadAction\",\"target\":[\"https:\/\/kinaikaleidoszkop.hu\/index.php\/2023\/05\/16\/ketszeresere-no-a-magyarorszag-es-kina-kozotti-legi-jaratok-szama\/\"]}]},{\"@type\":\"ImageObject\",\"inLanguage\":\"hu\",\"@id\":\"https:\/\/kinaikaleidoszkop.hu\/index.php\/2023\/05\/16\/ketszeresere-no-a-magyarorszag-es-kina-kozotti-legi-jaratok-szama\/#primaryimage\",\"url\":\"https:\/\/kinaikaleidoszkop.hu\/wp-content\/uploads\/2023\/05\/the-chinese-national-flag-1752046_1280.jpg\",\"contentUrl\":\"https:\/\/kinaikaleidoszkop.hu\/wp-content\/uploads\/2023\/05\/the-chinese-national-flag-1752046_1280.jpg\",\"width\":1280,\"height\":854},{\"@type\":\"BreadcrumbList\",\"@id\":\"https:\/\/kinaikaleidoszkop.hu\/index.php\/2023\/05\/16\/ketszeresere-no-a-magyarorszag-es-kina-kozotti-legi-jaratok-szama\/#breadcrumb\",\"itemListElement\":[{\"@type\":\"ListItem\",\"position\":1,\"name\":\"Kezd\u0151lap\",\"item\":\"https:\/\/kinaikaleidoszkop.hu\/\"},{\"@type\":\"ListItem\",\"position\":2,\"name\":\"K\u00e9tszeres\u00e9re n\u0151 a Magyarorsz\u00e1g \u00e9s K\u00edna k\u00f6z\u00f6tti l\u00e9gi j\u00e1ratok sz\u00e1ma\"}]},{\"@type\":\"WebSite\",\"@id\":\"https:\/\/kinaikaleidoszkop.hu\/#website\",\"url\":\"https:\/\/kinaikaleidoszkop.hu\/\",\"name\":\"kinaikaleidoszkop.hu\",\"description\":\"\",\"potentialAction\":[{\"@type\":\"SearchAction\",\"target\":{\"@type\":\"EntryPoint\",\"urlTemplate\":\"https:\/\/kinaikaleidoszkop.hu\/?s={search_term_string}\"},\"query-input\":{\"@type\":\"PropertyValueSpecification\",\"valueRequired\":true,\"valueName\":\"search_term_string\"}}],\"inLanguage\":\"hu\"},{\"@type\":\"Person\",\"@id\":\"https:\/\/kinaikaleidoszkop.hu\/#\/schema\/person\/4d69b71e7e70322713b9d9287b610556\",\"name\":\"Szerk_Erik\",\"image\":{\"@type\":\"ImageObject\",\"inLanguage\":\"hu\",\"@id\":\"https:\/\/kinaikaleidoszkop.hu\/#\/schema\/person\/image\/\",\"url\":\"https:\/\/secure.gravatar.com\/avatar\/3c1e909a14c0c91d2eaef877aaacb584c667f8e7137de69653aa9561fd0e8062?s=96&d=mm&r=g\",\"contentUrl\":\"https:\/\/secure.gravatar.com\/avatar\/3c1e909a14c0c91d2eaef877aaacb584c667f8e7137de69653aa9561fd0e8062?s=96&d=mm&r=g\",\"caption\":\"Szerk_Erik\"},\"url\":\"https:\/\/kinaikaleidoszkop.hu\/index.php\/author\/szerk_erik\/\"}]}<\/script>\n<!-- \/ Yoast SEO plugin. -->","yoast_head_json":{"title":"K\u00e9tszeres\u00e9re n\u0151 a Magyarorsz\u00e1g \u00e9s K\u00edna k\u00f6z\u00f6tti l\u00e9gi j\u00e1ratok sz\u00e1ma - kinaikaleidoszkop.hu","robots":{"index":"index","follow":"follow","max-snippet":"max-snippet:-1","max-image-preview":"max-image-preview:large","max-video-preview":"max-video-preview:-1"},"canonical":"https:\/\/kinaikaleidoszkop.hu\/index.php\/2023\/05\/16\/ketszeresere-no-a-magyarorszag-es-kina-kozotti-legi-jaratok-szama\/","og_locale":"hu_HU","og_type":"article","og_title":"K\u00e9tszeres\u00e9re n\u0151 a Magyarorsz\u00e1g \u00e9s K\u00edna k\u00f6z\u00f6tti l\u00e9gi j\u00e1ratok sz\u00e1ma - kinaikaleidoszkop.hu","og_description":"\u00daj l\u00e9g\u00fcgyi meg\u00e1llapod\u00e1st k\u00f6t\u00f6tt Magyarorsz\u00e1g \u00e9s K\u00edna, amelynek nyom\u00e1n a j\u00f6v\u0151ben ak\u00e1r k\u00e9tszeres\u00e9re, heti 42-re is n\u0151het a k\u00e9t orsz\u00e1g k\u00f6z\u00f6tt \u00fczemel\u0151 j\u00e1ratok sz\u00e1ma &#8211; k\u00f6z\u00f6lte Szijj\u00e1rt\u00f3 P\u00e9ter k\u00fclgazdas\u00e1gi \u00e9s k\u00fcl\u00fcgyminiszter kedden Ningb\u00f3ban. A miniszt\u00e9rium k\u00f6zlem\u00e9nye szerint a t\u00e1rcavezet\u0151 a K\u00edna-K\u00f6z\u00e9p-Eur\u00f3pa kereskedelmi ki\u00e1ll\u00edt\u00e1son \u00fcdv\u00f6z\u00f6lte, hogy az eddigi 21 helyett hetente imm\u00e1r 42 j\u00e1rat k\u00f6zlekedhet ezent\u00fal [&hellip;]","og_url":"https:\/\/kinaikaleidoszkop.hu\/index.php\/2023\/05\/16\/ketszeresere-no-a-magyarorszag-es-kina-kozotti-legi-jaratok-szama\/","og_site_name":"kinaikaleidoszkop.hu","article_published_time":"2023-05-16T14:04:40+00:00","article_modified_time":"2023-05-16T14:04:42+00:00","og_image":[{"width":1280,"height":854,"url":"https:\/\/kinaikaleidoszkop.hu\/wp-content\/uploads\/2023\/05\/the-chinese-national-flag-1752046_1280.jpg","type":"image\/jpeg"}],"author":"Szerk_Erik","twitter_card":"summary_large_image","twitter_misc":{"Szerz\u0151:":"Szerk_Erik","Becs\u00fclt olvas\u00e1si id\u0151":"2 perc"},"schema":{"@context":"https:\/\/schema.org","@graph":[{"@type":"WebPage","@id":"https:\/\/kinaikaleidoszkop.hu\/index.php\/2023\/05\/16\/ketszeresere-no-a-magyarorszag-es-kina-kozotti-legi-jaratok-szama\/","url":"https:\/\/kinaikaleidoszkop.hu\/index.php\/2023\/05\/16\/ketszeresere-no-a-magyarorszag-es-kina-kozotti-legi-jaratok-szama\/","name":"K\u00e9tszeres\u00e9re n\u0151 a Magyarorsz\u00e1g \u00e9s K\u00edna k\u00f6z\u00f6tti l\u00e9gi j\u00e1ratok sz\u00e1ma - kinaikaleidoszkop.hu","isPartOf":{"@id":"https:\/\/kinaikaleidoszkop.hu\/#website"},"primaryImageOfPage":{"@id":"https:\/\/kinaikaleidoszkop.hu\/index.php\/2023\/05\/16\/ketszeresere-no-a-magyarorszag-es-kina-kozotti-legi-jaratok-szama\/#primaryimage"},"image":{"@id":"https:\/\/kinaikaleidoszkop.hu\/index.php\/2023\/05\/16\/ketszeresere-no-a-magyarorszag-es-kina-kozotti-legi-jaratok-szama\/#primaryimage"},"thumbnailUrl":"https:\/\/kinaikaleidoszkop.hu\/wp-content\/uploads\/2023\/05\/the-chinese-national-flag-1752046_1280.jpg","datePublished":"2023-05-16T14:04:40+00:00","dateModified":"2023-05-16T14:04:42+00:00","author":{"@id":"https:\/\/kinaikaleidoszkop.hu\/#\/schema\/person\/4d69b71e7e70322713b9d9287b610556"},"breadcrumb":{"@id":"https:\/\/kinaikaleidoszkop.hu\/index.php\/2023\/05\/16\/ketszeresere-no-a-magyarorszag-es-kina-kozotti-legi-jaratok-szama\/#breadcrumb"},"inLanguage":"hu","potentialAction":[{"@type":"ReadAction","target":["https:\/\/kinaikaleidoszkop.hu\/index.php\/2023\/05\/16\/ketszeresere-no-a-magyarorszag-es-kina-kozotti-legi-jaratok-szama\/"]}]},{"@type":"ImageObject","inLanguage":"hu","@id":"https:\/\/kinaikaleidoszkop.hu\/index.php\/2023\/05\/16\/ketszeresere-no-a-magyarorszag-es-kina-kozotti-legi-jaratok-szama\/#primaryimage","url":"https:\/\/kinaikaleidoszkop.hu\/wp-content\/uploads\/2023\/05\/the-chinese-national-flag-1752046_1280.jpg","contentUrl":"https:\/\/kinaikaleidoszkop.hu\/wp-content\/uploads\/2023\/05\/the-chinese-national-flag-1752046_1280.jpg","width":1280,"height":854},{"@type":"BreadcrumbList","@id":"https:\/\/kinaikaleidoszkop.hu\/index.php\/2023\/05\/16\/ketszeresere-no-a-magyarorszag-es-kina-kozotti-legi-jaratok-szama\/#breadcrumb","itemListElement":[{"@type":"ListItem","position":1,"name":"Kezd\u0151lap","item":"https:\/\/kinaikaleidoszkop.hu\/"},{"@type":"ListItem","position":2,"name":"K\u00e9tszeres\u00e9re n\u0151 a Magyarorsz\u00e1g \u00e9s K\u00edna k\u00f6z\u00f6tti l\u00e9gi j\u00e1ratok sz\u00e1ma"}]},{"@type":"WebSite","@id":"https:\/\/kinaikaleidoszkop.hu\/#website","url":"https:\/\/kinaikaleidoszkop.hu\/","name":"kinaikaleidoszkop.hu","description":"","potentialAction":[{"@type":"SearchAction","target":{"@type":"EntryPoint","urlTemplate":"https:\/\/kinaikaleidoszkop.hu\/?s={search_term_string}"},"query-input":{"@type":"PropertyValueSpecification","valueRequired":true,"valueName":"search_term_string"}}],"inLanguage":"hu"},{"@type":"Person","@id":"https:\/\/kinaikaleidoszkop.hu\/#\/schema\/person\/4d69b71e7e70322713b9d9287b610556","name":"Szerk_Erik","image":{"@type":"ImageObject","inLanguage":"hu","@id":"https:\/\/kinaikaleidoszkop.hu\/#\/schema\/person\/image\/","url":"https:\/\/secure.gravatar.com\/avatar\/3c1e909a14c0c91d2eaef877aaacb584c667f8e7137de69653aa9561fd0e8062?s=96&d=mm&r=g","contentUrl":"https:\/\/secure.gravatar.com\/avatar\/3c1e909a14c0c91d2eaef877aaacb584c667f8e7137de69653aa9561fd0e8062?s=96&d=mm&r=g","caption":"Szerk_Erik"},"url":"https:\/\/kinaikaleidoszkop.hu\/index.php\/author\/szerk_erik\/"}]}},"views":286,"distributor_meta":false,"distributor_terms":false,"distributor_media":false,"distributor_original_site_name":"kinaikaleidoszkop.hu","distributor_original_site_url":"https:\/\/kinaikaleidoszkop.hu","push-errors":false,"_links":{"self":[{"href":"https:\/\/kinaikaleidoszkop.hu\/index.php\/wp-json\/wp\/v2\/posts\/17376","targetHints":{"allow":["GET"]}}],"collection":[{"href":"https:\/\/kinaikaleidoszkop.hu\/index.php\/wp-json\/wp\/v2\/posts"}],"about":[{"href":"https:\/\/kinaikaleidoszkop.hu\/index.php\/wp-json\/wp\/v2\/types\/post"}],"author":[{"embeddable":true,"href":"https:\/\/kinaikaleidoszkop.hu\/index.php\/wp-json\/wp\/v2\/users\/7"}],"replies":[{"embeddable":true,"href":"https:\/\/kinaikaleidoszkop.hu\/index.php\/wp-json\/wp\/v2\/comments?post=17376"}],"version-history":[{"count":1,"href":"https:\/\/kinaikaleidoszkop.hu\/index.php\/wp-json\/wp\/v2\/posts\/17376\/revisions"}],"predecessor-version":[{"id":17379,"href":"https:\/\/kinaikaleidoszkop.hu\/index.php\/wp-json\/wp\/v2\/posts\/17376\/revisions\/17379"}],"wp:featuredmedia":[{"embeddable":true,"href":"https:\/\/kinaikaleidoszkop.hu\/index.php\/wp-json\/wp\/v2\/media\/17378"}],"wp:attachment":[{"href":"https:\/\/kinaikaleidoszkop.hu\/index.php\/wp-json\/wp\/v2\/media?parent=17376"}],"wp:term":[{"taxonomy":"category","embeddable":true,"href":"https:\/\/kinaikaleidoszkop.hu\/index.php\/wp-json\/wp\/v2\/categories?post=17376"},{"taxonomy":"post_tag","embeddable":true,"href":"https:\/\/kinaikaleidoszkop.hu\/index.php\/wp-json\/wp\/v2\/tags?post=17376"}],"curies":[{"name":"wp","href":"https:\/\/api.w.org\/{rel}","templated":true}]}}