{"id":17473,"date":"2023-05-22T14:43:40","date_gmt":"2023-05-22T12:43:40","guid":{"rendered":"https:\/\/kinaikaleidoszkop.hu\/?p=17473"},"modified":"2023-05-22T14:43:41","modified_gmt":"2023-05-22T12:43:41","slug":"a-madarvedelem-fejlodese-kinaban","status":"publish","type":"post","link":"https:\/\/kinaikaleidoszkop.hu\/index.php\/2023\/05\/22\/a-madarvedelem-fejlodese-kinaban\/","title":{"rendered":"A mad\u00e1rv\u00e9delem fejl\u0151d\u00e9se K\u00edn\u00e1ban"},"content":{"rendered":"\n<p><strong>M\u00e1jus 22-\u00e9n van a biol\u00f3giai sokf\u00e9les\u00e9g 23. nemzetk\u00f6zi napja, amelynek idei jelmondata: \u201eA meg\u00e1llapod\u00e1st\u00f3l az egy\u00fcttm\u0171k\u00f6d\u00e9sig: a biodiverzit\u00e1s helyre\u00e1ll\u00edt\u00e1sa\u201d.<\/strong><\/p>\n\n\n\n<figure class=\"wp-block-image\"><img decoding=\"async\" src=\"https:\/\/hirpest.hu\/wp-content\/uploads\/2023\/05\/052202-7.jpg\" alt=\"\" class=\"wp-image-17016\"\/><\/figure>\n\n\n\n<p>Peking, mint K\u00edna f\u0151v\u00e1rosa a biodiverzit\u00e1s helyre\u00e1ll\u00edt\u00e1s\u00e1ban j\u00f3 p\u00e9ld\u00e1t mutatott, a f\u0151v\u00e1rosban \u00e9l\u0151 mad\u00e1rfajok sz\u00e1ma m\u00e1ra el\u00e9rte az 515-\u00f6t. Ezzel az eredm\u00e9nnyel a G20-orsz\u00e1gok f\u0151v\u00e1rosainak rangsor\u00e1ban a m\u00e1sodik helyet foglalja el.<\/p>\n\n\n\n<p>A v\u00e1ros a Jensan \u00e9s a Tajhang-hegy tal\u00e1lkoz\u00e1s\u00e1n\u00e1l tal\u00e1lhat\u00f3. Vid\u00e9ki ter\u00fcletein a hatalmas erd\u0151k \u00e9s vizes \u00e9l\u0151helyek a vil\u00e1g valamennyi t\u00e1j\u00e1r\u00f3l \u00e9rkez\u0151 madarak paradicsomaiv\u00e1 v\u00e1ltak, \u00edgy Peking a biol\u00f3giai sokf\u00e9les\u00e9gben, k\u00fcl\u00f6n\u00f6sen a mad\u00e1rdiverzit\u00e1sban a leggazdagabb nemzetk\u00f6zi v\u00e1ross\u00e1 avanzs\u00e1lt.<\/p>\n\n\n\n<figure class=\"wp-block-image\"><img decoding=\"async\" src=\"https:\/\/hirpest.hu\/wp-content\/uploads\/2023\/05\/052202-3.jpg\" alt=\"\" class=\"wp-image-17013\"\/><\/figure>\n\n\n\n<p>\u200bSok mad\u00e1r elv\u00e1laszthatatlan Peking v\u00e1rosi h\u00e1tter\u00e9t\u0151l \u00e9s \u00f6kol\u00f3giai alapj\u00e1t\u00f3l \u2013 az erd\u0151t\u0151l. Peking erd\u0151vel bor\u00edtotts\u00e1ga a tavalyi 44,6%-r\u00f3l id\u00e9n 44,8%-ra n\u0151tt.<\/p>\n\n\n\n<blockquote class=\"wp-block-quote is-layout-flow wp-block-quote-is-layout-flow\">\n<p>\u201ePekingben az erd\u0151s ter\u00fcletek nagys\u00e1ga m\u00e1ra el\u00e9rte a 853 ezer hekt\u00e1rt, amelynek t\u00f6bb mint 80%-a mesters\u00e9ges erd\u0151, az \u00e1llatok t\u00f6bb mint 90%-a \u00e9l ilyen \u00e9l\u0151helyen\u201d \u2013 mondta Sa Haj-csiang, a pekingi Erd\u00e9szeti \u00e9s Parkhivatal igazgat\u00f3helyettese.<\/p>\n<\/blockquote>\n\n\n\n<p>Peking az \u00e1llat- \u00e9s n\u00f6v\u00e9nyfajok v\u00e9delm\u00e9nek meger\u0151s\u00edt\u00e9se \u00e9rdek\u00e9ben ter\u00fclet\u00e9nek t\u00f6bb mint egy\u00f6t\u00f6d\u00e9t k\u00fcl\u00f6nb\u00f6z\u0151 t\u00edpus\u00fa term\u00e9szetv\u00e9delmi ter\u00fcletnek jel\u00f6lte ki, amelyek a vadon \u00e9l\u0151 \u00e1llatok \u00e9s n\u00f6v\u00e9nyek exkluz\u00edv tereiv\u00e9 v\u00e1ltak.<\/p>\n\n\n\n<figure class=\"wp-block-image\"><img decoding=\"async\" src=\"https:\/\/hirpest.hu\/wp-content\/uploads\/2023\/05\/052202-5.jpg\" alt=\"\" class=\"wp-image-17014\"\/><\/figure>\n\n\n\n<p>A d\u00e9l-k\u00ednai Hsziamen v\u00e1ros k\u00f6zel 12 \u00e9ve folyamatosan k\u00fcl\u00f6nleges v\u00e9d\u0151int\u00e9zked\u00e9seket vezet be a \u2013 minden \u00e1prilisban d\u00e9lkelet-\u00e1zsiai orsz\u00e1gokb\u00f3l \u00e9szakra, K\u00edn\u00e1ba v\u00e1ndorl\u00f3 \u2013 k\u00e9kfark\u00fa gyurgyalagok sz\u00e1m\u00e1ra.<\/p>\n\n\n\n<p>A madarak h\u00e1bor\u00edtatlans\u00e1ga \u00e9rdek\u00e9ben a helyi korm\u00e1ny k\u00fcl\u00f6n v\u00e9delmi z\u00f3n\u00e1t \u00e9p\u00edtve kiv\u00e1l\u00f3 f\u00e9szkel\u0151 k\u00f6rnyezetet biztos\u00edt a madarak f\u00e9szekrak\u00e1s\u00e1hoz \u00e9s szaporod\u00e1s\u00e1hoz.<\/p>\n\n\n\n<blockquote class=\"wp-block-quote is-layout-flow wp-block-quote-is-layout-flow\">\n<p>\u201eA k\u00e9kfark\u00fa gyurgyalag szok\u00e1sa, hogy nem marad a r\u00e9gi f\u00e9szk\u00e9ben, minden \u00e9vben \u00fajat kell \u00e9p\u00edtenie. A f\u00e9szek belsej\u00e9t tiszta v\u00edzzel le\u00f6bl\u00edtett\u00fck, majd megt\u00f6lt\u00f6tt\u00fck talajjal, a sziklafel\u00fcletet \u00fajra megtiszt\u00edtottuk, \u00edgy az rendezetten v\u00e1rja a madarak \u00e9rkez\u00e9s\u00e9t\u201d \u2013 mondta Tudan Tao-csing, aki a hsziameni Term\u00e9szeti Er\u0151forr\u00e1si \u00e9s Tervez\u00e9si Iroda term\u00e9szetv\u00e9delmi ter\u00fcletek \u00fcgyeivel foglalkoz\u00f3 k\u00f6zpontj\u00e1ban dolgozik.<\/p>\n<\/blockquote>\n\n\n\n<p>Statisztikai adatok szerint tavaly mintegy 200 f\u00e9szek volt fellelhet\u0151 a term\u00e9szetv\u00e9delmi ter\u00fcleten, k\u00f6z\u00fcl\u00fck 93 szaporod\u00e1si jeleket mutat\u00f3 f\u00e9szek volt, \u00e9s t\u00f6bb mint 200 kis k\u00e9kfark\u00fa gyurgyalag sz\u00fcletett itt.<\/p>\n\n\n\n<figure class=\"wp-block-image\"><img decoding=\"async\" src=\"https:\/\/hirpest.hu\/wp-content\/uploads\/2023\/05\/052202-6.jpg\" alt=\"\" class=\"wp-image-17015\"\/><\/figure>\n\n\n\n<p>Tuan Tao-csing elmondta: \u201eJelenleg mintegy 60 k\u00e9tfark\u00fa gyurgyalag f\u00e9szkel itt, amelyek m\u00e1r az udvarl\u00e1s szakasz\u00e1ba l\u00e9ptek, a cs\u00facssz\u00e1m j\u00fanius 20-a k\u00f6r\u00fcl v\u00e1rhat\u00f3. J\u00falius k\u00f6zep\u00e9t\u0151l augusztusig kezdik majd a fiatal madarak elhagyni a f\u00e9szkeket.\u201d<\/p>\n\n\n\n<p>A munkat\u00e1rsak eml\u00e9keztettek arra, hogy j\u00fanius k\u00f6zepe ut\u00e1n szaporod\u00e1si id\u0151szakba l\u00e9pnek a v\u00e9delmi z\u00f3n\u00e1ban a k\u00e9kfark\u00fa gyurgyalagok, akkor mindenki igyekezzen t\u00e1vol tartani mag\u00e1t a z\u00f3n\u00e1t\u00f3l, nehogy megzavarja \u0151ket.<\/p>\n\n\n\n<p><strong>2023. m\u00e1jus 22.<\/strong><\/p>\n\n\n\n<p><strong><em>(China Media Group)<\/em><\/strong><\/p>\n\n\n\n<p><strong>(x)<\/strong><\/p>\n","protected":false},"excerpt":{"rendered":"<p>M\u00e1jus 22-\u00e9n van a biol\u00f3giai sokf\u00e9les\u00e9g 23. nemzetk\u00f6zi napja, amelynek idei jelmondata: \u201eA meg\u00e1llapod\u00e1st\u00f3l az egy\u00fcttm\u0171k\u00f6d\u00e9sig: a biodiverzit\u00e1s helyre\u00e1ll\u00edt\u00e1sa\u201d. Peking, mint K\u00edna f\u0151v\u00e1rosa a biodiverzit\u00e1s helyre\u00e1ll\u00edt\u00e1s\u00e1ban j\u00f3 p\u00e9ld\u00e1t mutatott, a f\u0151v\u00e1rosban \u00e9l\u0151 mad\u00e1rfajok sz\u00e1ma m\u00e1ra el\u00e9rte az 515-\u00f6t. Ezzel az eredm\u00e9nnyel a G20-orsz\u00e1gok f\u0151v\u00e1rosainak rangsor\u00e1ban a m\u00e1sodik helyet foglalja el. A v\u00e1ros a Jensan \u00e9s [&hellip;]<\/p>\n","protected":false},"author":2,"featured_media":17476,"comment_status":"closed","ping_status":"closed","sticky":false,"template":"","format":"standard","meta":{"footnotes":""},"categories":[62],"tags":[2430,1623,2432,414,2433,2434,2431,141],"class_list":["post-17473","post","type-post","status-publish","format-standard","has-post-thumbnail","hentry","category-informaciok","tag-biodiverzitas","tag-biologiai-sokfeleseg","tag-erdos-terulet","tag-fejlodes","tag-kekfarku-gyurgyalag","tag-madarfaj","tag-madarvedelem","tag-peking"],"yoast_head":"<!-- This site is optimized with the Yoast SEO plugin v23.7 - https:\/\/yoast.com\/wordpress\/plugins\/seo\/ -->\n<title>A mad\u00e1rv\u00e9delem fejl\u0151d\u00e9se K\u00edn\u00e1ban - kinaikaleidoszkop.hu<\/title>\n<meta name=\"robots\" content=\"index, follow, max-snippet:-1, max-image-preview:large, max-video-preview:-1\" \/>\n<link rel=\"canonical\" href=\"https:\/\/kinaikaleidoszkop.hu\/index.php\/2023\/05\/22\/a-madarvedelem-fejlodese-kinaban\/\" \/>\n<meta property=\"og:locale\" content=\"hu_HU\" \/>\n<meta property=\"og:type\" content=\"article\" \/>\n<meta property=\"og:title\" content=\"A mad\u00e1rv\u00e9delem fejl\u0151d\u00e9se K\u00edn\u00e1ban - kinaikaleidoszkop.hu\" \/>\n<meta property=\"og:description\" content=\"M\u00e1jus 22-\u00e9n van a biol\u00f3giai sokf\u00e9les\u00e9g 23. nemzetk\u00f6zi napja, amelynek idei jelmondata: \u201eA meg\u00e1llapod\u00e1st\u00f3l az egy\u00fcttm\u0171k\u00f6d\u00e9sig: a biodiverzit\u00e1s helyre\u00e1ll\u00edt\u00e1sa\u201d. Peking, mint K\u00edna f\u0151v\u00e1rosa a biodiverzit\u00e1s helyre\u00e1ll\u00edt\u00e1s\u00e1ban j\u00f3 p\u00e9ld\u00e1t mutatott, a f\u0151v\u00e1rosban \u00e9l\u0151 mad\u00e1rfajok sz\u00e1ma m\u00e1ra el\u00e9rte az 515-\u00f6t. Ezzel az eredm\u00e9nnyel a G20-orsz\u00e1gok f\u0151v\u00e1rosainak rangsor\u00e1ban a m\u00e1sodik helyet foglalja el. A v\u00e1ros a Jensan \u00e9s [&hellip;]\" \/>\n<meta property=\"og:url\" content=\"https:\/\/kinaikaleidoszkop.hu\/index.php\/2023\/05\/22\/a-madarvedelem-fejlodese-kinaban\/\" \/>\n<meta property=\"og:site_name\" content=\"kinaikaleidoszkop.hu\" \/>\n<meta property=\"article:published_time\" content=\"2023-05-22T12:43:40+00:00\" \/>\n<meta property=\"article:modified_time\" content=\"2023-05-22T12:43:41+00:00\" \/>\n<meta property=\"og:image\" content=\"https:\/\/kinaikaleidoszkop.hu\/wp-content\/uploads\/2023\/05\/052202-5.jpg\" \/>\n\t<meta property=\"og:image:width\" content=\"1179\" \/>\n\t<meta property=\"og:image:height\" content=\"610\" \/>\n\t<meta property=\"og:image:type\" content=\"image\/jpeg\" \/>\n<meta name=\"author\" content=\"admin-szabolcs\" \/>\n<meta name=\"twitter:card\" content=\"summary_large_image\" \/>\n<meta name=\"twitter:label1\" content=\"Szerz\u0151:\" \/>\n\t<meta name=\"twitter:data1\" content=\"admin-szabolcs\" \/>\n\t<meta name=\"twitter:label2\" content=\"Becs\u00fclt olvas\u00e1si id\u0151\" \/>\n\t<meta name=\"twitter:data2\" content=\"3 perc\" \/>\n<script type=\"application\/ld+json\" class=\"yoast-schema-graph\">{\"@context\":\"https:\/\/schema.org\",\"@graph\":[{\"@type\":\"WebPage\",\"@id\":\"https:\/\/kinaikaleidoszkop.hu\/index.php\/2023\/05\/22\/a-madarvedelem-fejlodese-kinaban\/\",\"url\":\"https:\/\/kinaikaleidoszkop.hu\/index.php\/2023\/05\/22\/a-madarvedelem-fejlodese-kinaban\/\",\"name\":\"A mad\u00e1rv\u00e9delem fejl\u0151d\u00e9se K\u00edn\u00e1ban - kinaikaleidoszkop.hu\",\"isPartOf\":{\"@id\":\"https:\/\/kinaikaleidoszkop.hu\/#website\"},\"primaryImageOfPage\":{\"@id\":\"https:\/\/kinaikaleidoszkop.hu\/index.php\/2023\/05\/22\/a-madarvedelem-fejlodese-kinaban\/#primaryimage\"},\"image\":{\"@id\":\"https:\/\/kinaikaleidoszkop.hu\/index.php\/2023\/05\/22\/a-madarvedelem-fejlodese-kinaban\/#primaryimage\"},\"thumbnailUrl\":\"https:\/\/kinaikaleidoszkop.hu\/wp-content\/uploads\/2023\/05\/052202-5.jpg\",\"datePublished\":\"2023-05-22T12:43:40+00:00\",\"dateModified\":\"2023-05-22T12:43:41+00:00\",\"author\":{\"@id\":\"https:\/\/kinaikaleidoszkop.hu\/#\/schema\/person\/b9e2febe742edd540c1197716ec02bf7\"},\"breadcrumb\":{\"@id\":\"https:\/\/kinaikaleidoszkop.hu\/index.php\/2023\/05\/22\/a-madarvedelem-fejlodese-kinaban\/#breadcrumb\"},\"inLanguage\":\"hu\",\"potentialAction\":[{\"@type\":\"ReadAction\",\"target\":[\"https:\/\/kinaikaleidoszkop.hu\/index.php\/2023\/05\/22\/a-madarvedelem-fejlodese-kinaban\/\"]}]},{\"@type\":\"ImageObject\",\"inLanguage\":\"hu\",\"@id\":\"https:\/\/kinaikaleidoszkop.hu\/index.php\/2023\/05\/22\/a-madarvedelem-fejlodese-kinaban\/#primaryimage\",\"url\":\"https:\/\/kinaikaleidoszkop.hu\/wp-content\/uploads\/2023\/05\/052202-5.jpg\",\"contentUrl\":\"https:\/\/kinaikaleidoszkop.hu\/wp-content\/uploads\/2023\/05\/052202-5.jpg\",\"width\":1179,\"height\":610},{\"@type\":\"BreadcrumbList\",\"@id\":\"https:\/\/kinaikaleidoszkop.hu\/index.php\/2023\/05\/22\/a-madarvedelem-fejlodese-kinaban\/#breadcrumb\",\"itemListElement\":[{\"@type\":\"ListItem\",\"position\":1,\"name\":\"Kezd\u0151lap\",\"item\":\"https:\/\/kinaikaleidoszkop.hu\/\"},{\"@type\":\"ListItem\",\"position\":2,\"name\":\"A mad\u00e1rv\u00e9delem fejl\u0151d\u00e9se K\u00edn\u00e1ban\"}]},{\"@type\":\"WebSite\",\"@id\":\"https:\/\/kinaikaleidoszkop.hu\/#website\",\"url\":\"https:\/\/kinaikaleidoszkop.hu\/\",\"name\":\"kinaikaleidoszkop.hu\",\"description\":\"\",\"potentialAction\":[{\"@type\":\"SearchAction\",\"target\":{\"@type\":\"EntryPoint\",\"urlTemplate\":\"https:\/\/kinaikaleidoszkop.hu\/?s={search_term_string}\"},\"query-input\":{\"@type\":\"PropertyValueSpecification\",\"valueRequired\":true,\"valueName\":\"search_term_string\"}}],\"inLanguage\":\"hu\"},{\"@type\":\"Person\",\"@id\":\"https:\/\/kinaikaleidoszkop.hu\/#\/schema\/person\/b9e2febe742edd540c1197716ec02bf7\",\"name\":\"admin-szabolcs\",\"image\":{\"@type\":\"ImageObject\",\"inLanguage\":\"hu\",\"@id\":\"https:\/\/kinaikaleidoszkop.hu\/#\/schema\/person\/image\/\",\"url\":\"https:\/\/secure.gravatar.com\/avatar\/154f262492794df2a6cb5d5349227b18ef8f85ab462fbb32625fc42406483d21?s=96&d=mm&r=g\",\"contentUrl\":\"https:\/\/secure.gravatar.com\/avatar\/154f262492794df2a6cb5d5349227b18ef8f85ab462fbb32625fc42406483d21?s=96&d=mm&r=g\",\"caption\":\"admin-szabolcs\"},\"url\":\"https:\/\/kinaikaleidoszkop.hu\/index.php\/author\/admin-szabolcs\/\"}]}<\/script>\n<!-- \/ Yoast SEO plugin. -->","yoast_head_json":{"title":"A mad\u00e1rv\u00e9delem fejl\u0151d\u00e9se K\u00edn\u00e1ban - kinaikaleidoszkop.hu","robots":{"index":"index","follow":"follow","max-snippet":"max-snippet:-1","max-image-preview":"max-image-preview:large","max-video-preview":"max-video-preview:-1"},"canonical":"https:\/\/kinaikaleidoszkop.hu\/index.php\/2023\/05\/22\/a-madarvedelem-fejlodese-kinaban\/","og_locale":"hu_HU","og_type":"article","og_title":"A mad\u00e1rv\u00e9delem fejl\u0151d\u00e9se K\u00edn\u00e1ban - kinaikaleidoszkop.hu","og_description":"M\u00e1jus 22-\u00e9n van a biol\u00f3giai sokf\u00e9les\u00e9g 23. nemzetk\u00f6zi napja, amelynek idei jelmondata: \u201eA meg\u00e1llapod\u00e1st\u00f3l az egy\u00fcttm\u0171k\u00f6d\u00e9sig: a biodiverzit\u00e1s helyre\u00e1ll\u00edt\u00e1sa\u201d. Peking, mint K\u00edna f\u0151v\u00e1rosa a biodiverzit\u00e1s helyre\u00e1ll\u00edt\u00e1s\u00e1ban j\u00f3 p\u00e9ld\u00e1t mutatott, a f\u0151v\u00e1rosban \u00e9l\u0151 mad\u00e1rfajok sz\u00e1ma m\u00e1ra el\u00e9rte az 515-\u00f6t. Ezzel az eredm\u00e9nnyel a G20-orsz\u00e1gok f\u0151v\u00e1rosainak rangsor\u00e1ban a m\u00e1sodik helyet foglalja el. A v\u00e1ros a Jensan \u00e9s [&hellip;]","og_url":"https:\/\/kinaikaleidoszkop.hu\/index.php\/2023\/05\/22\/a-madarvedelem-fejlodese-kinaban\/","og_site_name":"kinaikaleidoszkop.hu","article_published_time":"2023-05-22T12:43:40+00:00","article_modified_time":"2023-05-22T12:43:41+00:00","og_image":[{"width":1179,"height":610,"url":"https:\/\/kinaikaleidoszkop.hu\/wp-content\/uploads\/2023\/05\/052202-5.jpg","type":"image\/jpeg"}],"author":"admin-szabolcs","twitter_card":"summary_large_image","twitter_misc":{"Szerz\u0151:":"admin-szabolcs","Becs\u00fclt olvas\u00e1si id\u0151":"3 perc"},"schema":{"@context":"https:\/\/schema.org","@graph":[{"@type":"WebPage","@id":"https:\/\/kinaikaleidoszkop.hu\/index.php\/2023\/05\/22\/a-madarvedelem-fejlodese-kinaban\/","url":"https:\/\/kinaikaleidoszkop.hu\/index.php\/2023\/05\/22\/a-madarvedelem-fejlodese-kinaban\/","name":"A mad\u00e1rv\u00e9delem fejl\u0151d\u00e9se K\u00edn\u00e1ban - kinaikaleidoszkop.hu","isPartOf":{"@id":"https:\/\/kinaikaleidoszkop.hu\/#website"},"primaryImageOfPage":{"@id":"https:\/\/kinaikaleidoszkop.hu\/index.php\/2023\/05\/22\/a-madarvedelem-fejlodese-kinaban\/#primaryimage"},"image":{"@id":"https:\/\/kinaikaleidoszkop.hu\/index.php\/2023\/05\/22\/a-madarvedelem-fejlodese-kinaban\/#primaryimage"},"thumbnailUrl":"https:\/\/kinaikaleidoszkop.hu\/wp-content\/uploads\/2023\/05\/052202-5.jpg","datePublished":"2023-05-22T12:43:40+00:00","dateModified":"2023-05-22T12:43:41+00:00","author":{"@id":"https:\/\/kinaikaleidoszkop.hu\/#\/schema\/person\/b9e2febe742edd540c1197716ec02bf7"},"breadcrumb":{"@id":"https:\/\/kinaikaleidoszkop.hu\/index.php\/2023\/05\/22\/a-madarvedelem-fejlodese-kinaban\/#breadcrumb"},"inLanguage":"hu","potentialAction":[{"@type":"ReadAction","target":["https:\/\/kinaikaleidoszkop.hu\/index.php\/2023\/05\/22\/a-madarvedelem-fejlodese-kinaban\/"]}]},{"@type":"ImageObject","inLanguage":"hu","@id":"https:\/\/kinaikaleidoszkop.hu\/index.php\/2023\/05\/22\/a-madarvedelem-fejlodese-kinaban\/#primaryimage","url":"https:\/\/kinaikaleidoszkop.hu\/wp-content\/uploads\/2023\/05\/052202-5.jpg","contentUrl":"https:\/\/kinaikaleidoszkop.hu\/wp-content\/uploads\/2023\/05\/052202-5.jpg","width":1179,"height":610},{"@type":"BreadcrumbList","@id":"https:\/\/kinaikaleidoszkop.hu\/index.php\/2023\/05\/22\/a-madarvedelem-fejlodese-kinaban\/#breadcrumb","itemListElement":[{"@type":"ListItem","position":1,"name":"Kezd\u0151lap","item":"https:\/\/kinaikaleidoszkop.hu\/"},{"@type":"ListItem","position":2,"name":"A mad\u00e1rv\u00e9delem fejl\u0151d\u00e9se K\u00edn\u00e1ban"}]},{"@type":"WebSite","@id":"https:\/\/kinaikaleidoszkop.hu\/#website","url":"https:\/\/kinaikaleidoszkop.hu\/","name":"kinaikaleidoszkop.hu","description":"","potentialAction":[{"@type":"SearchAction","target":{"@type":"EntryPoint","urlTemplate":"https:\/\/kinaikaleidoszkop.hu\/?s={search_term_string}"},"query-input":{"@type":"PropertyValueSpecification","valueRequired":true,"valueName":"search_term_string"}}],"inLanguage":"hu"},{"@type":"Person","@id":"https:\/\/kinaikaleidoszkop.hu\/#\/schema\/person\/b9e2febe742edd540c1197716ec02bf7","name":"admin-szabolcs","image":{"@type":"ImageObject","inLanguage":"hu","@id":"https:\/\/kinaikaleidoszkop.hu\/#\/schema\/person\/image\/","url":"https:\/\/secure.gravatar.com\/avatar\/154f262492794df2a6cb5d5349227b18ef8f85ab462fbb32625fc42406483d21?s=96&d=mm&r=g","contentUrl":"https:\/\/secure.gravatar.com\/avatar\/154f262492794df2a6cb5d5349227b18ef8f85ab462fbb32625fc42406483d21?s=96&d=mm&r=g","caption":"admin-szabolcs"},"url":"https:\/\/kinaikaleidoszkop.hu\/index.php\/author\/admin-szabolcs\/"}]}},"views":318,"distributor_meta":false,"distributor_terms":false,"distributor_media":false,"distributor_original_site_name":"kinaikaleidoszkop.hu","distributor_original_site_url":"https:\/\/kinaikaleidoszkop.hu","push-errors":false,"_links":{"self":[{"href":"https:\/\/kinaikaleidoszkop.hu\/index.php\/wp-json\/wp\/v2\/posts\/17473","targetHints":{"allow":["GET"]}}],"collection":[{"href":"https:\/\/kinaikaleidoszkop.hu\/index.php\/wp-json\/wp\/v2\/posts"}],"about":[{"href":"https:\/\/kinaikaleidoszkop.hu\/index.php\/wp-json\/wp\/v2\/types\/post"}],"author":[{"embeddable":true,"href":"https:\/\/kinaikaleidoszkop.hu\/index.php\/wp-json\/wp\/v2\/users\/2"}],"replies":[{"embeddable":true,"href":"https:\/\/kinaikaleidoszkop.hu\/index.php\/wp-json\/wp\/v2\/comments?post=17473"}],"version-history":[{"count":1,"href":"https:\/\/kinaikaleidoszkop.hu\/index.php\/wp-json\/wp\/v2\/posts\/17473\/revisions"}],"predecessor-version":[{"id":17478,"href":"https:\/\/kinaikaleidoszkop.hu\/index.php\/wp-json\/wp\/v2\/posts\/17473\/revisions\/17478"}],"wp:featuredmedia":[{"embeddable":true,"href":"https:\/\/kinaikaleidoszkop.hu\/index.php\/wp-json\/wp\/v2\/media\/17476"}],"wp:attachment":[{"href":"https:\/\/kinaikaleidoszkop.hu\/index.php\/wp-json\/wp\/v2\/media?parent=17473"}],"wp:term":[{"taxonomy":"category","embeddable":true,"href":"https:\/\/kinaikaleidoszkop.hu\/index.php\/wp-json\/wp\/v2\/categories?post=17473"},{"taxonomy":"post_tag","embeddable":true,"href":"https:\/\/kinaikaleidoszkop.hu\/index.php\/wp-json\/wp\/v2\/tags?post=17473"}],"curies":[{"name":"wp","href":"https:\/\/api.w.org\/{rel}","templated":true}]}}