{"id":17479,"date":"2023-05-23T12:26:53","date_gmt":"2023-05-23T10:26:53","guid":{"rendered":"https:\/\/kinaikaleidoszkop.hu\/?p=17479"},"modified":"2023-05-23T12:26:54","modified_gmt":"2023-05-23T10:26:54","slug":"a-kina-kke-expo-bemutatta-a-kina-es-a-kke-orszagok-kozti-egyuttmukodesek-teruleteit","status":"publish","type":"post","link":"https:\/\/kinaikaleidoszkop.hu\/index.php\/2023\/05\/23\/a-kina-kke-expo-bemutatta-a-kina-es-a-kke-orszagok-kozti-egyuttmukodesek-teruleteit\/","title":{"rendered":"A K\u00edna\u2013KKE Exp\u00f3 bemutatta a K\u00edna \u00e9s a KKE-orsz\u00e1gok k\u00f6zti egy\u00fcttm\u0171k\u00f6d\u00e9sek ter\u00fcleteit"},"content":{"rendered":"\n<p><strong>M\u00e1jus 20-\u00e1n a Kelet-k\u00ednai-tenger partj\u00e1n fekv\u0151 Ningp\u00f3ban v\u00e9get \u00e9rt a 3. K\u00edna\u2013KKE Exp\u00f3. T\u00f6bb mint 3 000 k\u00ednai \u00e9s k\u00fclf\u00f6ldi ki\u00e1ll\u00edt\u00f3, valamint 15 000 v\u00e1s\u00e1rl\u00f3 vett r\u00e9szt az exp\u00f3n, amelynek \u00f6sszesen t\u00f6bb mint 120 ezer l\u00e1togat\u00f3ja volt. Az exp\u00f3n t\u00f6bb mint 10,5 milli\u00e1rd j\u00fcan \u00e9rt\u00e9kben k\u00f6t\u00f6ttek \u00fczleteket. A Covid-j\u00e1rv\u00e1ny ut\u00e1ni, a k\u00f6z\u00e9p- \u00e9s kelet-eur\u00f3pai r\u00e9gi\u00f3t c\u00e9lz\u00f3 els\u0151 orsz\u00e1gos szint\u0171 ki\u00e1ll\u00edt\u00e1sk\u00e9nt a K\u00edn\u00e1ban megrendezett mostani exp\u00f3 a ki\u00e1ll\u00edt\u00e1si ter\u00fclet, a ki\u00e1ll\u00edt\u00f3k sz\u00e1m\u00e1nak \u00e9s a \u00fczletk\u00f6t\u00e9sek \u00e9rt\u00e9k\u00e9nek tekintet\u00e9ben is rekordot d\u00f6nt\u00f6tt.<\/strong><\/p>\n\n\n\n<figure class=\"wp-block-image\"><img decoding=\"async\" src=\"https:\/\/hirpest.hu\/wp-content\/uploads\/2023\/05\/052302-3-\u62f7\u8d1d.jpg\" alt=\"\" class=\"wp-image-17032\"\/><\/figure>\n\n\n\n<p>K\u00edna \u00e9s a KKE-orsz\u00e1gok m\u00e1r 11 \u00e9vvel ezel\u0151tt megkezdt\u00e9k a szoros egy\u00fcttm\u0171k\u00f6d\u00e9st egym\u00e1ssal. 2012 \u00e1prilis\u00e1ban hivatalosan is elindult a K\u00edna\u2013KKE egy\u00fcttm\u0171k\u00f6d\u00e9si mechanizmus, 2013 november\u00e9ben K\u00edna \u00e9s a KKE-orsz\u00e1gok vezet\u0151i Rom\u00e1ni\u00e1ban k\u00f6z\u00f6sen javasolt\u00e1k a k\u00f6z\u00e9p- \u00e9s kelet-eur\u00f3pai orsz\u00e1gok \u00e1ruki\u00e1ll\u00edt\u00e1s\u00e1nak megrendez\u00e9s\u00e9t. Ningpo 2014-ben adott el\u0151sz\u00f6r otthont a K\u00f6z\u00e9p- \u00e9s Kelet-Eur\u00f3pai Speci\u00e1lis Term\u00e9kek Ki\u00e1ll\u00edt\u00e1s\u00e1nak. 2019-ben a K\u00edna\u2013KKE Exp\u00f3 orsz\u00e1gos szint\u0171 ki\u00e1ll\u00edt\u00e1ss\u00e1 v\u00e1lt, id\u00e9n pedig m\u00e1r harmadik alkalommal ker\u00fclt megrendez\u00e9sre.<\/p>\n\n\n\n<figure class=\"wp-block-image\"><img decoding=\"async\" src=\"https:\/\/hirpest.hu\/wp-content\/uploads\/2023\/05\/052302-6.png\" alt=\"\" class=\"wp-image-17030\"\/><\/figure>\n\n\n\n<p>Liu Cuokuj, a K\u00ednai T\u00e1rsadalomtudom\u00e1nyi Akad\u00e9mia Eur\u00f3pai Tanulm\u00e1nyok Int\u00e9zet\u00e9nek igazgat\u00f3helyettese \u00e9s kutat\u00f3ja bemutatta:<\/p>\n\n\n\n<blockquote class=\"wp-block-quote is-layout-flow wp-block-quote-is-layout-flow\">\n<p>\u201eA K\u00edna\u2013KKE egy\u00fcttm\u0171k\u00f6d\u00e9s 2012-es elindul\u00e1sa \u00f3ta a pragmatizmusra helyezi a hangs\u00falyt. Nem foglalkozik geopolitik\u00e1val, nem vesz r\u00e9szt nullszald\u00f3s j\u00e1tszm\u00e1kban, ink\u00e1bb a pragmatikus egy\u00fcttm\u0171k\u00f6d\u00e9st seg\u00edti a KKE-orsz\u00e1gokkal. A k\u00f6z\u00f6s gondolkod\u00e1s alapj\u00e1n l\u00e9tre kellett hozni a gyakorlati egy\u00fcttm\u0171k\u00f6d\u00e9s platformj\u00e1t, ez lett a K\u00edna\u2013KKE Exp\u00f3.\u201d<\/p>\n<\/blockquote>\n\n\n\n<figure class=\"wp-block-image\"><img decoding=\"async\" src=\"https:\/\/hirpest.hu\/wp-content\/uploads\/2023\/05\/052302-2.png\" alt=\"\" class=\"wp-image-17029\"\/><\/figure>\n\n\n\n<p>Az el\u0151z\u0151 exp\u00f3hoz k\u00e9pest a mostanin 30%-kal volt t\u00f6bb ki\u00e1ll\u00edt\u00f3. A ki\u00e1ll\u00edt\u00f3k hat f\u0151 kateg\u00f3ri\u00e1ban t\u00f6bb mint 5 000 fajta term\u00e9ket mutattak be, k\u00f6zt\u00fck kiemelten egy sor EU-jelz\u00e9s\u0171 term\u00e9ket. Magyar tokaji asz\u00fa, cseh k\u00e9zm\u0171ves csokol\u00e1d\u00e9, szerb kr\u00e9msajt, valamint k\u00fcl\u00f6nf\u00e9le k\u00f6z\u00e9p- \u00e9s kelet-eur\u00f3pai k\u00fcl\u00f6nleges h\u00fask\u00e9sz\u00edtm\u00e9nyek \u00e9s finom borok vonzott\u00e1k sok l\u00e1togat\u00f3 figyelm\u00e9t.<\/p>\n\n\n\n<p>A kor\u00e1bbiakt\u00f3l elt\u00e9r\u0151en ezen a ki\u00e1ll\u00edt\u00e1son a mez\u0151gazdas\u00e1gi \u00e9s mell\u00e9kterm\u00e9kek mellett t\u00f6bb technol\u00f3giai \u00e9s \u201eokosterm\u00e9ket\u201d is ki\u00e1ll\u00edtottak, k\u00f6zt\u00fck a KKE-orsz\u00e1gok sz\u00e1mos leg\u00fajabb technol\u00f3giai v\u00edvm\u00e1nyait.<\/p>\n\n\n\n<figure class=\"wp-block-image\"><img decoding=\"async\" src=\"https:\/\/hirpest.hu\/wp-content\/uploads\/2023\/05\/052302-1-\u62f7\u8d1d.jpg\" alt=\"\" class=\"wp-image-17031\"\/><\/figure>\n\n\n\n<p>Az exp\u00f3 alatt 62 k\u00fclf\u00f6ldi finansz\u00edroz\u00e1s\u00fa projektet \u00edrtak al\u00e1 \u00f6sszesen 17,78 milli\u00e1rd amerikai doll\u00e1rnyi befektet\u00e9s keret\u00e9ben, ami 17,7%-os n\u00f6veked\u00e9st jelent az el\u0151z\u0151 \u00e9vi exp\u00f3hoz k\u00e9pest.<\/p>\n\n\n\n<p><strong>2023. m\u00e1jus 23.<\/strong><\/p>\n\n\n\n<p><strong><em>(China Media Group)<\/em><\/strong><\/p>\n\n\n\n<p><strong>(x)<\/strong><\/p>\n","protected":false},"excerpt":{"rendered":"<p>M\u00e1jus 20-\u00e1n a Kelet-k\u00ednai-tenger partj\u00e1n fekv\u0151 Ningp\u00f3ban v\u00e9get \u00e9rt a 3. K\u00edna\u2013KKE Exp\u00f3. T\u00f6bb mint 3 000 k\u00ednai \u00e9s k\u00fclf\u00f6ldi ki\u00e1ll\u00edt\u00f3, valamint 15 000 v\u00e1s\u00e1rl\u00f3 vett r\u00e9szt az exp\u00f3n, amelynek \u00f6sszesen t\u00f6bb mint 120 ezer l\u00e1togat\u00f3ja volt. Az exp\u00f3n t\u00f6bb mint 10,5 milli\u00e1rd j\u00fcan \u00e9rt\u00e9kben k\u00f6t\u00f6ttek \u00fczleteket. A Covid-j\u00e1rv\u00e1ny ut\u00e1ni, a k\u00f6z\u00e9p- \u00e9s kelet-eur\u00f3pai r\u00e9gi\u00f3t [&hellip;]<\/p>\n","protected":false},"author":2,"featured_media":17482,"comment_status":"closed","ping_status":"closed","sticky":false,"template":"","format":"standard","meta":{"footnotes":""},"categories":[45],"tags":[2405,273,127,2397,2436,2435,401,2437],"class_list":["post-17479","post","type-post","status-publish","format-standard","has-post-thumbnail","hentry","category-hirek","tag-3-kina-kke-expo","tag-egyuttmukodes","tag-kiallitas","tag-kke-orszagok","tag-liu-cuokuj","tag-ningpo","tag-termek","tag-uzletkotes"],"yoast_head":"<!-- This site is optimized with the Yoast SEO plugin v23.7 - https:\/\/yoast.com\/wordpress\/plugins\/seo\/ -->\n<title>A K\u00edna\u2013KKE Exp\u00f3 bemutatta a K\u00edna \u00e9s a KKE-orsz\u00e1gok k\u00f6zti egy\u00fcttm\u0171k\u00f6d\u00e9sek ter\u00fcleteit - kinaikaleidoszkop.hu<\/title>\n<meta name=\"robots\" content=\"index, follow, max-snippet:-1, max-image-preview:large, max-video-preview:-1\" \/>\n<link rel=\"canonical\" href=\"https:\/\/kinaikaleidoszkop.hu\/index.php\/2023\/05\/23\/a-kina-kke-expo-bemutatta-a-kina-es-a-kke-orszagok-kozti-egyuttmukodesek-teruleteit\/\" \/>\n<meta property=\"og:locale\" content=\"hu_HU\" \/>\n<meta property=\"og:type\" content=\"article\" \/>\n<meta property=\"og:title\" content=\"A K\u00edna\u2013KKE Exp\u00f3 bemutatta a K\u00edna \u00e9s a KKE-orsz\u00e1gok k\u00f6zti egy\u00fcttm\u0171k\u00f6d\u00e9sek ter\u00fcleteit - kinaikaleidoszkop.hu\" \/>\n<meta property=\"og:description\" content=\"M\u00e1jus 20-\u00e1n a Kelet-k\u00ednai-tenger partj\u00e1n fekv\u0151 Ningp\u00f3ban v\u00e9get \u00e9rt a 3. K\u00edna\u2013KKE Exp\u00f3. T\u00f6bb mint 3 000 k\u00ednai \u00e9s k\u00fclf\u00f6ldi ki\u00e1ll\u00edt\u00f3, valamint 15 000 v\u00e1s\u00e1rl\u00f3 vett r\u00e9szt az exp\u00f3n, amelynek \u00f6sszesen t\u00f6bb mint 120 ezer l\u00e1togat\u00f3ja volt. Az exp\u00f3n t\u00f6bb mint 10,5 milli\u00e1rd j\u00fcan \u00e9rt\u00e9kben k\u00f6t\u00f6ttek \u00fczleteket. A Covid-j\u00e1rv\u00e1ny ut\u00e1ni, a k\u00f6z\u00e9p- \u00e9s kelet-eur\u00f3pai r\u00e9gi\u00f3t [&hellip;]\" \/>\n<meta property=\"og:url\" content=\"https:\/\/kinaikaleidoszkop.hu\/index.php\/2023\/05\/23\/a-kina-kke-expo-bemutatta-a-kina-es-a-kke-orszagok-kozti-egyuttmukodesek-teruleteit\/\" \/>\n<meta property=\"og:site_name\" content=\"kinaikaleidoszkop.hu\" \/>\n<meta property=\"article:published_time\" content=\"2023-05-23T10:26:53+00:00\" \/>\n<meta property=\"article:modified_time\" content=\"2023-05-23T10:26:54+00:00\" \/>\n<meta property=\"og:image\" content=\"https:\/\/kinaikaleidoszkop.hu\/wp-content\/uploads\/2023\/05\/052302-6.png\" \/>\n\t<meta property=\"og:image:width\" content=\"1280\" \/>\n\t<meta property=\"og:image:height\" content=\"720\" \/>\n\t<meta property=\"og:image:type\" content=\"image\/png\" \/>\n<meta name=\"author\" content=\"admin-szabolcs\" \/>\n<meta name=\"twitter:card\" content=\"summary_large_image\" \/>\n<meta name=\"twitter:label1\" content=\"Szerz\u0151:\" \/>\n\t<meta name=\"twitter:data1\" content=\"admin-szabolcs\" \/>\n\t<meta name=\"twitter:label2\" content=\"Becs\u00fclt olvas\u00e1si id\u0151\" \/>\n\t<meta name=\"twitter:data2\" content=\"3 perc\" \/>\n<script type=\"application\/ld+json\" class=\"yoast-schema-graph\">{\"@context\":\"https:\/\/schema.org\",\"@graph\":[{\"@type\":\"WebPage\",\"@id\":\"https:\/\/kinaikaleidoszkop.hu\/index.php\/2023\/05\/23\/a-kina-kke-expo-bemutatta-a-kina-es-a-kke-orszagok-kozti-egyuttmukodesek-teruleteit\/\",\"url\":\"https:\/\/kinaikaleidoszkop.hu\/index.php\/2023\/05\/23\/a-kina-kke-expo-bemutatta-a-kina-es-a-kke-orszagok-kozti-egyuttmukodesek-teruleteit\/\",\"name\":\"A K\u00edna\u2013KKE Exp\u00f3 bemutatta a K\u00edna \u00e9s a KKE-orsz\u00e1gok k\u00f6zti egy\u00fcttm\u0171k\u00f6d\u00e9sek ter\u00fcleteit - kinaikaleidoszkop.hu\",\"isPartOf\":{\"@id\":\"https:\/\/kinaikaleidoszkop.hu\/#website\"},\"primaryImageOfPage\":{\"@id\":\"https:\/\/kinaikaleidoszkop.hu\/index.php\/2023\/05\/23\/a-kina-kke-expo-bemutatta-a-kina-es-a-kke-orszagok-kozti-egyuttmukodesek-teruleteit\/#primaryimage\"},\"image\":{\"@id\":\"https:\/\/kinaikaleidoszkop.hu\/index.php\/2023\/05\/23\/a-kina-kke-expo-bemutatta-a-kina-es-a-kke-orszagok-kozti-egyuttmukodesek-teruleteit\/#primaryimage\"},\"thumbnailUrl\":\"https:\/\/kinaikaleidoszkop.hu\/wp-content\/uploads\/2023\/05\/052302-6.png\",\"datePublished\":\"2023-05-23T10:26:53+00:00\",\"dateModified\":\"2023-05-23T10:26:54+00:00\",\"author\":{\"@id\":\"https:\/\/kinaikaleidoszkop.hu\/#\/schema\/person\/b9e2febe742edd540c1197716ec02bf7\"},\"breadcrumb\":{\"@id\":\"https:\/\/kinaikaleidoszkop.hu\/index.php\/2023\/05\/23\/a-kina-kke-expo-bemutatta-a-kina-es-a-kke-orszagok-kozti-egyuttmukodesek-teruleteit\/#breadcrumb\"},\"inLanguage\":\"hu\",\"potentialAction\":[{\"@type\":\"ReadAction\",\"target\":[\"https:\/\/kinaikaleidoszkop.hu\/index.php\/2023\/05\/23\/a-kina-kke-expo-bemutatta-a-kina-es-a-kke-orszagok-kozti-egyuttmukodesek-teruleteit\/\"]}]},{\"@type\":\"ImageObject\",\"inLanguage\":\"hu\",\"@id\":\"https:\/\/kinaikaleidoszkop.hu\/index.php\/2023\/05\/23\/a-kina-kke-expo-bemutatta-a-kina-es-a-kke-orszagok-kozti-egyuttmukodesek-teruleteit\/#primaryimage\",\"url\":\"https:\/\/kinaikaleidoszkop.hu\/wp-content\/uploads\/2023\/05\/052302-6.png\",\"contentUrl\":\"https:\/\/kinaikaleidoszkop.hu\/wp-content\/uploads\/2023\/05\/052302-6.png\",\"width\":1280,\"height\":720},{\"@type\":\"BreadcrumbList\",\"@id\":\"https:\/\/kinaikaleidoszkop.hu\/index.php\/2023\/05\/23\/a-kina-kke-expo-bemutatta-a-kina-es-a-kke-orszagok-kozti-egyuttmukodesek-teruleteit\/#breadcrumb\",\"itemListElement\":[{\"@type\":\"ListItem\",\"position\":1,\"name\":\"Kezd\u0151lap\",\"item\":\"https:\/\/kinaikaleidoszkop.hu\/\"},{\"@type\":\"ListItem\",\"position\":2,\"name\":\"A K\u00edna\u2013KKE Exp\u00f3 bemutatta a K\u00edna \u00e9s a KKE-orsz\u00e1gok k\u00f6zti egy\u00fcttm\u0171k\u00f6d\u00e9sek ter\u00fcleteit\"}]},{\"@type\":\"WebSite\",\"@id\":\"https:\/\/kinaikaleidoszkop.hu\/#website\",\"url\":\"https:\/\/kinaikaleidoszkop.hu\/\",\"name\":\"kinaikaleidoszkop.hu\",\"description\":\"\",\"potentialAction\":[{\"@type\":\"SearchAction\",\"target\":{\"@type\":\"EntryPoint\",\"urlTemplate\":\"https:\/\/kinaikaleidoszkop.hu\/?s={search_term_string}\"},\"query-input\":{\"@type\":\"PropertyValueSpecification\",\"valueRequired\":true,\"valueName\":\"search_term_string\"}}],\"inLanguage\":\"hu\"},{\"@type\":\"Person\",\"@id\":\"https:\/\/kinaikaleidoszkop.hu\/#\/schema\/person\/b9e2febe742edd540c1197716ec02bf7\",\"name\":\"admin-szabolcs\",\"image\":{\"@type\":\"ImageObject\",\"inLanguage\":\"hu\",\"@id\":\"https:\/\/kinaikaleidoszkop.hu\/#\/schema\/person\/image\/\",\"url\":\"https:\/\/secure.gravatar.com\/avatar\/154f262492794df2a6cb5d5349227b18ef8f85ab462fbb32625fc42406483d21?s=96&d=mm&r=g\",\"contentUrl\":\"https:\/\/secure.gravatar.com\/avatar\/154f262492794df2a6cb5d5349227b18ef8f85ab462fbb32625fc42406483d21?s=96&d=mm&r=g\",\"caption\":\"admin-szabolcs\"},\"url\":\"https:\/\/kinaikaleidoszkop.hu\/index.php\/author\/admin-szabolcs\/\"}]}<\/script>\n<!-- \/ Yoast SEO plugin. -->","yoast_head_json":{"title":"A K\u00edna\u2013KKE Exp\u00f3 bemutatta a K\u00edna \u00e9s a KKE-orsz\u00e1gok k\u00f6zti egy\u00fcttm\u0171k\u00f6d\u00e9sek ter\u00fcleteit - kinaikaleidoszkop.hu","robots":{"index":"index","follow":"follow","max-snippet":"max-snippet:-1","max-image-preview":"max-image-preview:large","max-video-preview":"max-video-preview:-1"},"canonical":"https:\/\/kinaikaleidoszkop.hu\/index.php\/2023\/05\/23\/a-kina-kke-expo-bemutatta-a-kina-es-a-kke-orszagok-kozti-egyuttmukodesek-teruleteit\/","og_locale":"hu_HU","og_type":"article","og_title":"A K\u00edna\u2013KKE Exp\u00f3 bemutatta a K\u00edna \u00e9s a KKE-orsz\u00e1gok k\u00f6zti egy\u00fcttm\u0171k\u00f6d\u00e9sek ter\u00fcleteit - kinaikaleidoszkop.hu","og_description":"M\u00e1jus 20-\u00e1n a Kelet-k\u00ednai-tenger partj\u00e1n fekv\u0151 Ningp\u00f3ban v\u00e9get \u00e9rt a 3. K\u00edna\u2013KKE Exp\u00f3. T\u00f6bb mint 3 000 k\u00ednai \u00e9s k\u00fclf\u00f6ldi ki\u00e1ll\u00edt\u00f3, valamint 15 000 v\u00e1s\u00e1rl\u00f3 vett r\u00e9szt az exp\u00f3n, amelynek \u00f6sszesen t\u00f6bb mint 120 ezer l\u00e1togat\u00f3ja volt. Az exp\u00f3n t\u00f6bb mint 10,5 milli\u00e1rd j\u00fcan \u00e9rt\u00e9kben k\u00f6t\u00f6ttek \u00fczleteket. A Covid-j\u00e1rv\u00e1ny ut\u00e1ni, a k\u00f6z\u00e9p- \u00e9s kelet-eur\u00f3pai r\u00e9gi\u00f3t [&hellip;]","og_url":"https:\/\/kinaikaleidoszkop.hu\/index.php\/2023\/05\/23\/a-kina-kke-expo-bemutatta-a-kina-es-a-kke-orszagok-kozti-egyuttmukodesek-teruleteit\/","og_site_name":"kinaikaleidoszkop.hu","article_published_time":"2023-05-23T10:26:53+00:00","article_modified_time":"2023-05-23T10:26:54+00:00","og_image":[{"width":1280,"height":720,"url":"https:\/\/kinaikaleidoszkop.hu\/wp-content\/uploads\/2023\/05\/052302-6.png","type":"image\/png"}],"author":"admin-szabolcs","twitter_card":"summary_large_image","twitter_misc":{"Szerz\u0151:":"admin-szabolcs","Becs\u00fclt olvas\u00e1si id\u0151":"3 perc"},"schema":{"@context":"https:\/\/schema.org","@graph":[{"@type":"WebPage","@id":"https:\/\/kinaikaleidoszkop.hu\/index.php\/2023\/05\/23\/a-kina-kke-expo-bemutatta-a-kina-es-a-kke-orszagok-kozti-egyuttmukodesek-teruleteit\/","url":"https:\/\/kinaikaleidoszkop.hu\/index.php\/2023\/05\/23\/a-kina-kke-expo-bemutatta-a-kina-es-a-kke-orszagok-kozti-egyuttmukodesek-teruleteit\/","name":"A K\u00edna\u2013KKE Exp\u00f3 bemutatta a K\u00edna \u00e9s a KKE-orsz\u00e1gok k\u00f6zti egy\u00fcttm\u0171k\u00f6d\u00e9sek ter\u00fcleteit - kinaikaleidoszkop.hu","isPartOf":{"@id":"https:\/\/kinaikaleidoszkop.hu\/#website"},"primaryImageOfPage":{"@id":"https:\/\/kinaikaleidoszkop.hu\/index.php\/2023\/05\/23\/a-kina-kke-expo-bemutatta-a-kina-es-a-kke-orszagok-kozti-egyuttmukodesek-teruleteit\/#primaryimage"},"image":{"@id":"https:\/\/kinaikaleidoszkop.hu\/index.php\/2023\/05\/23\/a-kina-kke-expo-bemutatta-a-kina-es-a-kke-orszagok-kozti-egyuttmukodesek-teruleteit\/#primaryimage"},"thumbnailUrl":"https:\/\/kinaikaleidoszkop.hu\/wp-content\/uploads\/2023\/05\/052302-6.png","datePublished":"2023-05-23T10:26:53+00:00","dateModified":"2023-05-23T10:26:54+00:00","author":{"@id":"https:\/\/kinaikaleidoszkop.hu\/#\/schema\/person\/b9e2febe742edd540c1197716ec02bf7"},"breadcrumb":{"@id":"https:\/\/kinaikaleidoszkop.hu\/index.php\/2023\/05\/23\/a-kina-kke-expo-bemutatta-a-kina-es-a-kke-orszagok-kozti-egyuttmukodesek-teruleteit\/#breadcrumb"},"inLanguage":"hu","potentialAction":[{"@type":"ReadAction","target":["https:\/\/kinaikaleidoszkop.hu\/index.php\/2023\/05\/23\/a-kina-kke-expo-bemutatta-a-kina-es-a-kke-orszagok-kozti-egyuttmukodesek-teruleteit\/"]}]},{"@type":"ImageObject","inLanguage":"hu","@id":"https:\/\/kinaikaleidoszkop.hu\/index.php\/2023\/05\/23\/a-kina-kke-expo-bemutatta-a-kina-es-a-kke-orszagok-kozti-egyuttmukodesek-teruleteit\/#primaryimage","url":"https:\/\/kinaikaleidoszkop.hu\/wp-content\/uploads\/2023\/05\/052302-6.png","contentUrl":"https:\/\/kinaikaleidoszkop.hu\/wp-content\/uploads\/2023\/05\/052302-6.png","width":1280,"height":720},{"@type":"BreadcrumbList","@id":"https:\/\/kinaikaleidoszkop.hu\/index.php\/2023\/05\/23\/a-kina-kke-expo-bemutatta-a-kina-es-a-kke-orszagok-kozti-egyuttmukodesek-teruleteit\/#breadcrumb","itemListElement":[{"@type":"ListItem","position":1,"name":"Kezd\u0151lap","item":"https:\/\/kinaikaleidoszkop.hu\/"},{"@type":"ListItem","position":2,"name":"A K\u00edna\u2013KKE Exp\u00f3 bemutatta a K\u00edna \u00e9s a KKE-orsz\u00e1gok k\u00f6zti egy\u00fcttm\u0171k\u00f6d\u00e9sek ter\u00fcleteit"}]},{"@type":"WebSite","@id":"https:\/\/kinaikaleidoszkop.hu\/#website","url":"https:\/\/kinaikaleidoszkop.hu\/","name":"kinaikaleidoszkop.hu","description":"","potentialAction":[{"@type":"SearchAction","target":{"@type":"EntryPoint","urlTemplate":"https:\/\/kinaikaleidoszkop.hu\/?s={search_term_string}"},"query-input":{"@type":"PropertyValueSpecification","valueRequired":true,"valueName":"search_term_string"}}],"inLanguage":"hu"},{"@type":"Person","@id":"https:\/\/kinaikaleidoszkop.hu\/#\/schema\/person\/b9e2febe742edd540c1197716ec02bf7","name":"admin-szabolcs","image":{"@type":"ImageObject","inLanguage":"hu","@id":"https:\/\/kinaikaleidoszkop.hu\/#\/schema\/person\/image\/","url":"https:\/\/secure.gravatar.com\/avatar\/154f262492794df2a6cb5d5349227b18ef8f85ab462fbb32625fc42406483d21?s=96&d=mm&r=g","contentUrl":"https:\/\/secure.gravatar.com\/avatar\/154f262492794df2a6cb5d5349227b18ef8f85ab462fbb32625fc42406483d21?s=96&d=mm&r=g","caption":"admin-szabolcs"},"url":"https:\/\/kinaikaleidoszkop.hu\/index.php\/author\/admin-szabolcs\/"}]}},"views":244,"distributor_meta":false,"distributor_terms":false,"distributor_media":false,"distributor_original_site_name":"kinaikaleidoszkop.hu","distributor_original_site_url":"https:\/\/kinaikaleidoszkop.hu","push-errors":false,"_links":{"self":[{"href":"https:\/\/kinaikaleidoszkop.hu\/index.php\/wp-json\/wp\/v2\/posts\/17479","targetHints":{"allow":["GET"]}}],"collection":[{"href":"https:\/\/kinaikaleidoszkop.hu\/index.php\/wp-json\/wp\/v2\/posts"}],"about":[{"href":"https:\/\/kinaikaleidoszkop.hu\/index.php\/wp-json\/wp\/v2\/types\/post"}],"author":[{"embeddable":true,"href":"https:\/\/kinaikaleidoszkop.hu\/index.php\/wp-json\/wp\/v2\/users\/2"}],"replies":[{"embeddable":true,"href":"https:\/\/kinaikaleidoszkop.hu\/index.php\/wp-json\/wp\/v2\/comments?post=17479"}],"version-history":[{"count":1,"href":"https:\/\/kinaikaleidoszkop.hu\/index.php\/wp-json\/wp\/v2\/posts\/17479\/revisions"}],"predecessor-version":[{"id":17483,"href":"https:\/\/kinaikaleidoszkop.hu\/index.php\/wp-json\/wp\/v2\/posts\/17479\/revisions\/17483"}],"wp:featuredmedia":[{"embeddable":true,"href":"https:\/\/kinaikaleidoszkop.hu\/index.php\/wp-json\/wp\/v2\/media\/17482"}],"wp:attachment":[{"href":"https:\/\/kinaikaleidoszkop.hu\/index.php\/wp-json\/wp\/v2\/media?parent=17479"}],"wp:term":[{"taxonomy":"category","embeddable":true,"href":"https:\/\/kinaikaleidoszkop.hu\/index.php\/wp-json\/wp\/v2\/categories?post=17479"},{"taxonomy":"post_tag","embeddable":true,"href":"https:\/\/kinaikaleidoszkop.hu\/index.php\/wp-json\/wp\/v2\/tags?post=17479"}],"curies":[{"name":"wp","href":"https:\/\/api.w.org\/{rel}","templated":true}]}}