{"id":17490,"date":"2023-05-24T09:45:00","date_gmt":"2023-05-24T07:45:00","guid":{"rendered":"https:\/\/kinaikaleidoszkop.hu\/?p=17490"},"modified":"2023-05-24T10:35:06","modified_gmt":"2023-05-24T08:35:06","slug":"a-cmg-kommentarja-miert-bukik-el-mindig-a-tajvan-reszvetele-az-egeszsegugyi-vilagkozgyulesen-bohozat","status":"publish","type":"post","link":"https:\/\/kinaikaleidoszkop.hu\/index.php\/2023\/05\/24\/a-cmg-kommentarja-miert-bukik-el-mindig-a-tajvan-reszvetele-az-egeszsegugyi-vilagkozgyulesen-bohozat\/","title":{"rendered":"A CMG komment\u00e1rja: Mi\u00e9rt bukik el mindig a \u201eTajvan r\u00e9szv\u00e9tele az Eg\u00e9szs\u00e9g\u00fcgyi Vil\u00e1gk\u00f6zgy\u0171l\u00e9sen\u201d boh\u00f3zat?"},"content":{"rendered":"\n<p><strong>Az Eg\u00e9szs\u00e9g\u00fcgyi Vil\u00e1gszervezet (WHO) Genfben zajl\u00f3 76. k\u00f6zgy\u0171l\u00e9s\u00e9n (WHA) h\u00e9tf\u0151n \u00fagy d\u00f6nt\u00f6ttek, hogy elutas\u00edtj\u00e1k egyes orsz\u00e1gok azon javaslat\u00e1t, miszerint \u201eTajvan megfigyel\u0151k\u00e9nt vegyen r\u00e9szt a k\u00f6zgy\u0171l\u00e9sen\u201d.<\/strong><\/p>\n\n\n<div class=\"wp-block-image\">\n<figure class=\"alignleft is-resized\"><img loading=\"lazy\" decoding=\"async\" src=\"https:\/\/hirpest.hu\/wp-content\/uploads\/2023\/05\/who24.jpg\" alt=\"\" class=\"wp-image-17054\" width=\"436\" height=\"290\"\/><\/figure>\n<\/div>\n\n\n<p>A javaslatot ez\u00fattal Belize \u00e9s n\u00e9h\u00e1ny m\u00e1s orsz\u00e1g terjesztett\u00e9k el\u0151, de val\u00f3j\u00e1ban az Egyes\u00fclt \u00c1llamok a rendez\u0151. Antony Blinken amerikai k\u00fcl\u00fcgyminiszter m\u00e1r napokkal ezel\u0151tt kiadott egy nyilatkozatot, amelyben \u201eer\u0151sen \u00f6szt\u00f6nzi\u201d a WHO-t arra, hogy h\u00edvja meg Tajvant megfigyel\u0151nek. Az Egyes\u00fclt \u00c1llamok azon k\u00eds\u00e9rlete, hogy \u201et\u00e1mogatja Tajvan r\u00e9szv\u00e9tel\u00e9t a konferenci\u00e1n\u201d, eddig h\u00e9t egym\u00e1st k\u00f6vet\u0151 \u00e9vben fulladt kudarcba.<\/p>\n\n\n\n<p>A v\u00e9gkifejlet els\u0151 \u00e9s legfontosabb oka, hogy a javaslat s\u00e9rti a nemzetk\u00f6zi szab\u00e1lyokat. Az ENSZ-k\u00f6zgy\u0171l\u00e9s 2758. sz\u00e1m\u00fa hat\u00e1rozata \u00e9s a WHA 25.1. sz\u00e1m\u00fa hat\u00e1rozata \u00e9rtelm\u00e9ben Tajvan r\u00e9szv\u00e9tel\u00e9t a WHO-s tev\u00e9kenys\u00e9g\u00e9ben az \u201eegy K\u00edna\u201d elvnek megfelel\u0151en kell kezelni. A k\u00f6zgy\u0171l\u00e9s megnyit\u00e1sa el\u0151tt k\u00f6zel 140 orsz\u00e1g fejezte ki azon \u00e1ll\u00e1spontj\u00e1t K\u00edn\u00e1nak, hogy ki\u00e1ll az \u201eegy K\u00edna\u201d elv mellett \u00e9s ellenzi Tajvan r\u00e9szv\u00e9tel\u00e9t a k\u00f6zgy\u0171l\u00e9sen. K\u00f6zel 100 orsz\u00e1g k\u00fcl\u00f6n levelet k\u00fcld\u00f6tt a WHO f\u0151igazgat\u00f3j\u00e1nak, vagy nyilv\u00e1nos nyilatkozatot adott ki ezzel kapcsolatosan.<\/p>\n\n\n\n<p>A tajvani hat\u00f3s\u00e1g minden \u00e9vben rengeteg p\u00e9nzt fizet az amerikai politikusoknak, \u00e9s term\u00e9szetesen cser\u00e9be v\u00e1rja a \u201emegt\u00e9r\u00fcl\u00e9st\u201d. Ez\u00e9rt \u201ea Tajvan r\u00e9szv\u00e9tel\u00e9re t\u00f6rekv\u00e9s az Eg\u00e9szs\u00e9g\u00fcgyi Vil\u00e1gk\u00f6zgy\u0171l\u00e9sen\u201d rutinn\u00e1 v\u00e1lt egyes amerikai politikusok sz\u00e1m\u00e1ra, \u00e9s nem sz\u00e1m\u00edt, mi az eredm\u00e9ny. V\u00e9g\u00fcl is az amerikai sakkt\u00e1bl\u00e1n Tajvan mindig is csak egy b\u00e1bu marad.<\/p>\n\n\n\n<p><strong>2023. m\u00e1jus 24.<\/strong><\/p>\n\n\n\n<p><strong><em>(China Media Group)<\/em><\/strong><\/p>\n\n\n\n<p><strong>(x)<\/strong><\/p>\n","protected":false},"excerpt":{"rendered":"<p>Az Eg\u00e9szs\u00e9g\u00fcgyi Vil\u00e1gszervezet (WHO) Genfben zajl\u00f3 76. k\u00f6zgy\u0171l\u00e9s\u00e9n (WHA) h\u00e9tf\u0151n \u00fagy d\u00f6nt\u00f6ttek, hogy elutas\u00edtj\u00e1k egyes orsz\u00e1gok azon javaslat\u00e1t, miszerint \u201eTajvan megfigyel\u0151k\u00e9nt vegyen r\u00e9szt a k\u00f6zgy\u0171l\u00e9sen\u201d. A javaslatot ez\u00fattal Belize \u00e9s n\u00e9h\u00e1ny m\u00e1s orsz\u00e1g terjesztett\u00e9k el\u0151, de val\u00f3j\u00e1ban az Egyes\u00fclt \u00c1llamok a rendez\u0151. Antony Blinken amerikai k\u00fcl\u00fcgyminiszter m\u00e1r napokkal ezel\u0151tt kiadott egy nyilatkozatot, amelyben \u201eer\u0151sen \u00f6szt\u00f6nzi\u201d [&hellip;]<\/p>\n","protected":false},"author":2,"featured_media":17497,"comment_status":"closed","ping_status":"closed","sticky":false,"template":"","format":"standard","meta":{"footnotes":""},"categories":[45],"tags":[588,2293,2426,131,494,879,172,197],"class_list":["post-17490","post","type-post","status-publish","format-standard","has-post-thumbnail","hentry","category-hirek","tag-antony-blinken","tag-cmg-kommentarja","tag-egeszsegugyi-vilagszervezet","tag-egyesult-allamok","tag-javaslat","tag-kozgyules","tag-tajvan","tag-who"],"yoast_head":"<!-- This site is optimized with the Yoast SEO plugin v23.7 - https:\/\/yoast.com\/wordpress\/plugins\/seo\/ -->\n<title>A CMG komment\u00e1rja: Mi\u00e9rt bukik el mindig a \u201eTajvan r\u00e9szv\u00e9tele az Eg\u00e9szs\u00e9g\u00fcgyi Vil\u00e1gk\u00f6zgy\u0171l\u00e9sen\u201d boh\u00f3zat? - kinaikaleidoszkop.hu<\/title>\n<meta name=\"robots\" content=\"index, follow, max-snippet:-1, max-image-preview:large, max-video-preview:-1\" \/>\n<link rel=\"canonical\" href=\"https:\/\/kinaikaleidoszkop.hu\/index.php\/2023\/05\/24\/a-cmg-kommentarja-miert-bukik-el-mindig-a-tajvan-reszvetele-az-egeszsegugyi-vilagkozgyulesen-bohozat\/\" \/>\n<meta property=\"og:locale\" content=\"hu_HU\" \/>\n<meta property=\"og:type\" content=\"article\" \/>\n<meta property=\"og:title\" content=\"A CMG komment\u00e1rja: Mi\u00e9rt bukik el mindig a \u201eTajvan r\u00e9szv\u00e9tele az Eg\u00e9szs\u00e9g\u00fcgyi Vil\u00e1gk\u00f6zgy\u0171l\u00e9sen\u201d boh\u00f3zat? - kinaikaleidoszkop.hu\" \/>\n<meta property=\"og:description\" content=\"Az Eg\u00e9szs\u00e9g\u00fcgyi Vil\u00e1gszervezet (WHO) Genfben zajl\u00f3 76. k\u00f6zgy\u0171l\u00e9s\u00e9n (WHA) h\u00e9tf\u0151n \u00fagy d\u00f6nt\u00f6ttek, hogy elutas\u00edtj\u00e1k egyes orsz\u00e1gok azon javaslat\u00e1t, miszerint \u201eTajvan megfigyel\u0151k\u00e9nt vegyen r\u00e9szt a k\u00f6zgy\u0171l\u00e9sen\u201d. A javaslatot ez\u00fattal Belize \u00e9s n\u00e9h\u00e1ny m\u00e1s orsz\u00e1g terjesztett\u00e9k el\u0151, de val\u00f3j\u00e1ban az Egyes\u00fclt \u00c1llamok a rendez\u0151. Antony Blinken amerikai k\u00fcl\u00fcgyminiszter m\u00e1r napokkal ezel\u0151tt kiadott egy nyilatkozatot, amelyben \u201eer\u0151sen \u00f6szt\u00f6nzi\u201d [&hellip;]\" \/>\n<meta property=\"og:url\" content=\"https:\/\/kinaikaleidoszkop.hu\/index.php\/2023\/05\/24\/a-cmg-kommentarja-miert-bukik-el-mindig-a-tajvan-reszvetele-az-egeszsegugyi-vilagkozgyulesen-bohozat\/\" \/>\n<meta property=\"og:site_name\" content=\"kinaikaleidoszkop.hu\" \/>\n<meta property=\"article:published_time\" content=\"2023-05-24T07:45:00+00:00\" \/>\n<meta property=\"article:modified_time\" content=\"2023-05-24T08:35:06+00:00\" \/>\n<meta property=\"og:image\" content=\"https:\/\/kinaikaleidoszkop.hu\/wp-content\/uploads\/2023\/05\/who24.jpg\" \/>\n\t<meta property=\"og:image:width\" content=\"600\" \/>\n\t<meta property=\"og:image:height\" content=\"399\" \/>\n\t<meta property=\"og:image:type\" content=\"image\/jpeg\" \/>\n<meta name=\"author\" content=\"admin-szabolcs\" \/>\n<meta name=\"twitter:card\" content=\"summary_large_image\" \/>\n<meta name=\"twitter:label1\" content=\"Szerz\u0151:\" \/>\n\t<meta name=\"twitter:data1\" content=\"admin-szabolcs\" \/>\n\t<meta name=\"twitter:label2\" content=\"Becs\u00fclt olvas\u00e1si id\u0151\" \/>\n\t<meta name=\"twitter:data2\" content=\"2 perc\" \/>\n<script type=\"application\/ld+json\" class=\"yoast-schema-graph\">{\"@context\":\"https:\/\/schema.org\",\"@graph\":[{\"@type\":\"WebPage\",\"@id\":\"https:\/\/kinaikaleidoszkop.hu\/index.php\/2023\/05\/24\/a-cmg-kommentarja-miert-bukik-el-mindig-a-tajvan-reszvetele-az-egeszsegugyi-vilagkozgyulesen-bohozat\/\",\"url\":\"https:\/\/kinaikaleidoszkop.hu\/index.php\/2023\/05\/24\/a-cmg-kommentarja-miert-bukik-el-mindig-a-tajvan-reszvetele-az-egeszsegugyi-vilagkozgyulesen-bohozat\/\",\"name\":\"A CMG komment\u00e1rja: Mi\u00e9rt bukik el mindig a \u201eTajvan r\u00e9szv\u00e9tele az Eg\u00e9szs\u00e9g\u00fcgyi Vil\u00e1gk\u00f6zgy\u0171l\u00e9sen\u201d boh\u00f3zat? - kinaikaleidoszkop.hu\",\"isPartOf\":{\"@id\":\"https:\/\/kinaikaleidoszkop.hu\/#website\"},\"primaryImageOfPage\":{\"@id\":\"https:\/\/kinaikaleidoszkop.hu\/index.php\/2023\/05\/24\/a-cmg-kommentarja-miert-bukik-el-mindig-a-tajvan-reszvetele-az-egeszsegugyi-vilagkozgyulesen-bohozat\/#primaryimage\"},\"image\":{\"@id\":\"https:\/\/kinaikaleidoszkop.hu\/index.php\/2023\/05\/24\/a-cmg-kommentarja-miert-bukik-el-mindig-a-tajvan-reszvetele-az-egeszsegugyi-vilagkozgyulesen-bohozat\/#primaryimage\"},\"thumbnailUrl\":\"https:\/\/kinaikaleidoszkop.hu\/wp-content\/uploads\/2023\/05\/who24.jpg\",\"datePublished\":\"2023-05-24T07:45:00+00:00\",\"dateModified\":\"2023-05-24T08:35:06+00:00\",\"author\":{\"@id\":\"https:\/\/kinaikaleidoszkop.hu\/#\/schema\/person\/b9e2febe742edd540c1197716ec02bf7\"},\"breadcrumb\":{\"@id\":\"https:\/\/kinaikaleidoszkop.hu\/index.php\/2023\/05\/24\/a-cmg-kommentarja-miert-bukik-el-mindig-a-tajvan-reszvetele-az-egeszsegugyi-vilagkozgyulesen-bohozat\/#breadcrumb\"},\"inLanguage\":\"hu\",\"potentialAction\":[{\"@type\":\"ReadAction\",\"target\":[\"https:\/\/kinaikaleidoszkop.hu\/index.php\/2023\/05\/24\/a-cmg-kommentarja-miert-bukik-el-mindig-a-tajvan-reszvetele-az-egeszsegugyi-vilagkozgyulesen-bohozat\/\"]}]},{\"@type\":\"ImageObject\",\"inLanguage\":\"hu\",\"@id\":\"https:\/\/kinaikaleidoszkop.hu\/index.php\/2023\/05\/24\/a-cmg-kommentarja-miert-bukik-el-mindig-a-tajvan-reszvetele-az-egeszsegugyi-vilagkozgyulesen-bohozat\/#primaryimage\",\"url\":\"https:\/\/kinaikaleidoszkop.hu\/wp-content\/uploads\/2023\/05\/who24.jpg\",\"contentUrl\":\"https:\/\/kinaikaleidoszkop.hu\/wp-content\/uploads\/2023\/05\/who24.jpg\",\"width\":600,\"height\":399},{\"@type\":\"BreadcrumbList\",\"@id\":\"https:\/\/kinaikaleidoszkop.hu\/index.php\/2023\/05\/24\/a-cmg-kommentarja-miert-bukik-el-mindig-a-tajvan-reszvetele-az-egeszsegugyi-vilagkozgyulesen-bohozat\/#breadcrumb\",\"itemListElement\":[{\"@type\":\"ListItem\",\"position\":1,\"name\":\"Kezd\u0151lap\",\"item\":\"https:\/\/kinaikaleidoszkop.hu\/\"},{\"@type\":\"ListItem\",\"position\":2,\"name\":\"A CMG komment\u00e1rja: Mi\u00e9rt bukik el mindig a \u201eTajvan r\u00e9szv\u00e9tele az Eg\u00e9szs\u00e9g\u00fcgyi Vil\u00e1gk\u00f6zgy\u0171l\u00e9sen\u201d boh\u00f3zat?\"}]},{\"@type\":\"WebSite\",\"@id\":\"https:\/\/kinaikaleidoszkop.hu\/#website\",\"url\":\"https:\/\/kinaikaleidoszkop.hu\/\",\"name\":\"kinaikaleidoszkop.hu\",\"description\":\"\",\"potentialAction\":[{\"@type\":\"SearchAction\",\"target\":{\"@type\":\"EntryPoint\",\"urlTemplate\":\"https:\/\/kinaikaleidoszkop.hu\/?s={search_term_string}\"},\"query-input\":{\"@type\":\"PropertyValueSpecification\",\"valueRequired\":true,\"valueName\":\"search_term_string\"}}],\"inLanguage\":\"hu\"},{\"@type\":\"Person\",\"@id\":\"https:\/\/kinaikaleidoszkop.hu\/#\/schema\/person\/b9e2febe742edd540c1197716ec02bf7\",\"name\":\"admin-szabolcs\",\"image\":{\"@type\":\"ImageObject\",\"inLanguage\":\"hu\",\"@id\":\"https:\/\/kinaikaleidoszkop.hu\/#\/schema\/person\/image\/\",\"url\":\"https:\/\/secure.gravatar.com\/avatar\/154f262492794df2a6cb5d5349227b18ef8f85ab462fbb32625fc42406483d21?s=96&d=mm&r=g\",\"contentUrl\":\"https:\/\/secure.gravatar.com\/avatar\/154f262492794df2a6cb5d5349227b18ef8f85ab462fbb32625fc42406483d21?s=96&d=mm&r=g\",\"caption\":\"admin-szabolcs\"},\"url\":\"https:\/\/kinaikaleidoszkop.hu\/index.php\/author\/admin-szabolcs\/\"}]}<\/script>\n<!-- \/ Yoast SEO plugin. -->","yoast_head_json":{"title":"A CMG komment\u00e1rja: Mi\u00e9rt bukik el mindig a \u201eTajvan r\u00e9szv\u00e9tele az Eg\u00e9szs\u00e9g\u00fcgyi Vil\u00e1gk\u00f6zgy\u0171l\u00e9sen\u201d boh\u00f3zat? - kinaikaleidoszkop.hu","robots":{"index":"index","follow":"follow","max-snippet":"max-snippet:-1","max-image-preview":"max-image-preview:large","max-video-preview":"max-video-preview:-1"},"canonical":"https:\/\/kinaikaleidoszkop.hu\/index.php\/2023\/05\/24\/a-cmg-kommentarja-miert-bukik-el-mindig-a-tajvan-reszvetele-az-egeszsegugyi-vilagkozgyulesen-bohozat\/","og_locale":"hu_HU","og_type":"article","og_title":"A CMG komment\u00e1rja: Mi\u00e9rt bukik el mindig a \u201eTajvan r\u00e9szv\u00e9tele az Eg\u00e9szs\u00e9g\u00fcgyi Vil\u00e1gk\u00f6zgy\u0171l\u00e9sen\u201d boh\u00f3zat? - kinaikaleidoszkop.hu","og_description":"Az Eg\u00e9szs\u00e9g\u00fcgyi Vil\u00e1gszervezet (WHO) Genfben zajl\u00f3 76. k\u00f6zgy\u0171l\u00e9s\u00e9n (WHA) h\u00e9tf\u0151n \u00fagy d\u00f6nt\u00f6ttek, hogy elutas\u00edtj\u00e1k egyes orsz\u00e1gok azon javaslat\u00e1t, miszerint \u201eTajvan megfigyel\u0151k\u00e9nt vegyen r\u00e9szt a k\u00f6zgy\u0171l\u00e9sen\u201d. A javaslatot ez\u00fattal Belize \u00e9s n\u00e9h\u00e1ny m\u00e1s orsz\u00e1g terjesztett\u00e9k el\u0151, de val\u00f3j\u00e1ban az Egyes\u00fclt \u00c1llamok a rendez\u0151. Antony Blinken amerikai k\u00fcl\u00fcgyminiszter m\u00e1r napokkal ezel\u0151tt kiadott egy nyilatkozatot, amelyben \u201eer\u0151sen \u00f6szt\u00f6nzi\u201d [&hellip;]","og_url":"https:\/\/kinaikaleidoszkop.hu\/index.php\/2023\/05\/24\/a-cmg-kommentarja-miert-bukik-el-mindig-a-tajvan-reszvetele-az-egeszsegugyi-vilagkozgyulesen-bohozat\/","og_site_name":"kinaikaleidoszkop.hu","article_published_time":"2023-05-24T07:45:00+00:00","article_modified_time":"2023-05-24T08:35:06+00:00","og_image":[{"width":600,"height":399,"url":"https:\/\/kinaikaleidoszkop.hu\/wp-content\/uploads\/2023\/05\/who24.jpg","type":"image\/jpeg"}],"author":"admin-szabolcs","twitter_card":"summary_large_image","twitter_misc":{"Szerz\u0151:":"admin-szabolcs","Becs\u00fclt olvas\u00e1si id\u0151":"2 perc"},"schema":{"@context":"https:\/\/schema.org","@graph":[{"@type":"WebPage","@id":"https:\/\/kinaikaleidoszkop.hu\/index.php\/2023\/05\/24\/a-cmg-kommentarja-miert-bukik-el-mindig-a-tajvan-reszvetele-az-egeszsegugyi-vilagkozgyulesen-bohozat\/","url":"https:\/\/kinaikaleidoszkop.hu\/index.php\/2023\/05\/24\/a-cmg-kommentarja-miert-bukik-el-mindig-a-tajvan-reszvetele-az-egeszsegugyi-vilagkozgyulesen-bohozat\/","name":"A CMG komment\u00e1rja: Mi\u00e9rt bukik el mindig a \u201eTajvan r\u00e9szv\u00e9tele az Eg\u00e9szs\u00e9g\u00fcgyi Vil\u00e1gk\u00f6zgy\u0171l\u00e9sen\u201d boh\u00f3zat? - kinaikaleidoszkop.hu","isPartOf":{"@id":"https:\/\/kinaikaleidoszkop.hu\/#website"},"primaryImageOfPage":{"@id":"https:\/\/kinaikaleidoszkop.hu\/index.php\/2023\/05\/24\/a-cmg-kommentarja-miert-bukik-el-mindig-a-tajvan-reszvetele-az-egeszsegugyi-vilagkozgyulesen-bohozat\/#primaryimage"},"image":{"@id":"https:\/\/kinaikaleidoszkop.hu\/index.php\/2023\/05\/24\/a-cmg-kommentarja-miert-bukik-el-mindig-a-tajvan-reszvetele-az-egeszsegugyi-vilagkozgyulesen-bohozat\/#primaryimage"},"thumbnailUrl":"https:\/\/kinaikaleidoszkop.hu\/wp-content\/uploads\/2023\/05\/who24.jpg","datePublished":"2023-05-24T07:45:00+00:00","dateModified":"2023-05-24T08:35:06+00:00","author":{"@id":"https:\/\/kinaikaleidoszkop.hu\/#\/schema\/person\/b9e2febe742edd540c1197716ec02bf7"},"breadcrumb":{"@id":"https:\/\/kinaikaleidoszkop.hu\/index.php\/2023\/05\/24\/a-cmg-kommentarja-miert-bukik-el-mindig-a-tajvan-reszvetele-az-egeszsegugyi-vilagkozgyulesen-bohozat\/#breadcrumb"},"inLanguage":"hu","potentialAction":[{"@type":"ReadAction","target":["https:\/\/kinaikaleidoszkop.hu\/index.php\/2023\/05\/24\/a-cmg-kommentarja-miert-bukik-el-mindig-a-tajvan-reszvetele-az-egeszsegugyi-vilagkozgyulesen-bohozat\/"]}]},{"@type":"ImageObject","inLanguage":"hu","@id":"https:\/\/kinaikaleidoszkop.hu\/index.php\/2023\/05\/24\/a-cmg-kommentarja-miert-bukik-el-mindig-a-tajvan-reszvetele-az-egeszsegugyi-vilagkozgyulesen-bohozat\/#primaryimage","url":"https:\/\/kinaikaleidoszkop.hu\/wp-content\/uploads\/2023\/05\/who24.jpg","contentUrl":"https:\/\/kinaikaleidoszkop.hu\/wp-content\/uploads\/2023\/05\/who24.jpg","width":600,"height":399},{"@type":"BreadcrumbList","@id":"https:\/\/kinaikaleidoszkop.hu\/index.php\/2023\/05\/24\/a-cmg-kommentarja-miert-bukik-el-mindig-a-tajvan-reszvetele-az-egeszsegugyi-vilagkozgyulesen-bohozat\/#breadcrumb","itemListElement":[{"@type":"ListItem","position":1,"name":"Kezd\u0151lap","item":"https:\/\/kinaikaleidoszkop.hu\/"},{"@type":"ListItem","position":2,"name":"A CMG komment\u00e1rja: Mi\u00e9rt bukik el mindig a \u201eTajvan r\u00e9szv\u00e9tele az Eg\u00e9szs\u00e9g\u00fcgyi Vil\u00e1gk\u00f6zgy\u0171l\u00e9sen\u201d boh\u00f3zat?"}]},{"@type":"WebSite","@id":"https:\/\/kinaikaleidoszkop.hu\/#website","url":"https:\/\/kinaikaleidoszkop.hu\/","name":"kinaikaleidoszkop.hu","description":"","potentialAction":[{"@type":"SearchAction","target":{"@type":"EntryPoint","urlTemplate":"https:\/\/kinaikaleidoszkop.hu\/?s={search_term_string}"},"query-input":{"@type":"PropertyValueSpecification","valueRequired":true,"valueName":"search_term_string"}}],"inLanguage":"hu"},{"@type":"Person","@id":"https:\/\/kinaikaleidoszkop.hu\/#\/schema\/person\/b9e2febe742edd540c1197716ec02bf7","name":"admin-szabolcs","image":{"@type":"ImageObject","inLanguage":"hu","@id":"https:\/\/kinaikaleidoszkop.hu\/#\/schema\/person\/image\/","url":"https:\/\/secure.gravatar.com\/avatar\/154f262492794df2a6cb5d5349227b18ef8f85ab462fbb32625fc42406483d21?s=96&d=mm&r=g","contentUrl":"https:\/\/secure.gravatar.com\/avatar\/154f262492794df2a6cb5d5349227b18ef8f85ab462fbb32625fc42406483d21?s=96&d=mm&r=g","caption":"admin-szabolcs"},"url":"https:\/\/kinaikaleidoszkop.hu\/index.php\/author\/admin-szabolcs\/"}]}},"views":218,"distributor_meta":false,"distributor_terms":false,"distributor_media":false,"distributor_original_site_name":"kinaikaleidoszkop.hu","distributor_original_site_url":"https:\/\/kinaikaleidoszkop.hu","push-errors":false,"_links":{"self":[{"href":"https:\/\/kinaikaleidoszkop.hu\/index.php\/wp-json\/wp\/v2\/posts\/17490","targetHints":{"allow":["GET"]}}],"collection":[{"href":"https:\/\/kinaikaleidoszkop.hu\/index.php\/wp-json\/wp\/v2\/posts"}],"about":[{"href":"https:\/\/kinaikaleidoszkop.hu\/index.php\/wp-json\/wp\/v2\/types\/post"}],"author":[{"embeddable":true,"href":"https:\/\/kinaikaleidoszkop.hu\/index.php\/wp-json\/wp\/v2\/users\/2"}],"replies":[{"embeddable":true,"href":"https:\/\/kinaikaleidoszkop.hu\/index.php\/wp-json\/wp\/v2\/comments?post=17490"}],"version-history":[{"count":1,"href":"https:\/\/kinaikaleidoszkop.hu\/index.php\/wp-json\/wp\/v2\/posts\/17490\/revisions"}],"predecessor-version":[{"id":17500,"href":"https:\/\/kinaikaleidoszkop.hu\/index.php\/wp-json\/wp\/v2\/posts\/17490\/revisions\/17500"}],"wp:featuredmedia":[{"embeddable":true,"href":"https:\/\/kinaikaleidoszkop.hu\/index.php\/wp-json\/wp\/v2\/media\/17497"}],"wp:attachment":[{"href":"https:\/\/kinaikaleidoszkop.hu\/index.php\/wp-json\/wp\/v2\/media?parent=17490"}],"wp:term":[{"taxonomy":"category","embeddable":true,"href":"https:\/\/kinaikaleidoszkop.hu\/index.php\/wp-json\/wp\/v2\/categories?post=17490"},{"taxonomy":"post_tag","embeddable":true,"href":"https:\/\/kinaikaleidoszkop.hu\/index.php\/wp-json\/wp\/v2\/tags?post=17490"}],"curies":[{"name":"wp","href":"https:\/\/api.w.org\/{rel}","templated":true}]}}