{"id":17494,"date":"2023-05-24T11:10:00","date_gmt":"2023-05-24T09:10:00","guid":{"rendered":"https:\/\/kinaikaleidoszkop.hu\/?p=17494"},"modified":"2023-05-24T11:11:16","modified_gmt":"2023-05-24T09:11:16","slug":"kiemelkedo-eredmenyeket-ert-el-a-digitalis-kina-felepitesere-iranyulo-torekves-2022-ben","status":"publish","type":"post","link":"https:\/\/kinaikaleidoszkop.hu\/index.php\/2023\/05\/24\/kiemelkedo-eredmenyeket-ert-el-a-digitalis-kina-felepitesere-iranyulo-torekves-2022-ben\/","title":{"rendered":"Kiemelked\u0151 eredm\u00e9nyeket \u00e9rt el a digit\u00e1lis K\u00edna fel\u00e9p\u00edt\u00e9s\u00e9re ir\u00e1nyul\u00f3 t\u00f6rekv\u00e9s 2022-ben"},"content":{"rendered":"\n<p><strong>2022 v\u00e9g\u00e9n K\u00edn\u00e1ban 2,312 milli\u00f3 5G-b\u00e1zis\u00e1llom\u00e1s m\u0171k\u00f6d\u00f6tt, a mobilinternetet haszn\u00e1l\u00f3k sz\u00e1ma pedig el\u00e9rte az 1,845 milli\u00e1rdot \u2013 der\u00fclt ki a k\u00ednai Nemzeti Internet Inform\u00e1ci\u00f3s Iroda \u00e1ltal m\u00e1jus 23-\u00e1n kiadott Digit\u00e1lis K\u00edna fejleszt\u00e9si besz\u00e1mol\u00f3b\u00f3l (2022).<\/strong><\/p>\n\n\n\n<p>A besz\u00e1mol\u00f3 szerint 2022 v\u00e9g\u00e9n K\u00edn\u00e1ban az 5G-felhaszn\u00e1l\u00f3k sz\u00e1ma el\u00e9rte az 561 milli\u00f3t, ez a vil\u00e1g \u00f6sszes 5G-felhaszn\u00e1l\u00f3j\u00e1nak 60%-\u00e1t jelenti. Orsz\u00e1gszerte 110 v\u00e1ros \u00e9rte el a gigabites sebess\u00e9g\u0171 v\u00e1ros\u00e9p\u00edt\u00e9si szabv\u00e1nyt, a gigabites optikai h\u00e1l\u00f3zat pedig t\u00f6bb mint 500 milli\u00f3 h\u00e1ztart\u00e1sba jut el.<\/p>\n\n\n\n<p>A besz\u00e1mol\u00f3 szerint 2022-ben K\u00edna adatforgalma el\u00e9rte a 8,1 ZB-t, ami 22,7%-os \u00e9ves n\u00f6veked\u00e9st jelent, \u00e9s az eg\u00e9sz vil\u00e1g adatforgalm\u00e1nak 10,5%-\u00e1t teszi ki, amivel az orsz\u00e1g a vil\u00e1gon a m\u00e1sodik helyet foglalta el. Ezen k\u00edv\u00fcl a Nemzeti Integr\u00e1lt Korm\u00e1nyzati Adatmegoszt\u00f3 K\u00f6zpont 15 000 kateg\u00f3ri\u00e1ban adott ki adatokat, amelyek \u00f6sszesen t\u00f6bb mint 500 milli\u00e1rd megoszt\u00e1sk\u00e9r\u00e9st sz\u00e1ml\u00e1ltak.<\/p>\n\n\n\n<p>A besz\u00e1mol\u00f3 r\u00e1mutat arra is, hogy 2022-ben K\u00edna digit\u00e1lis gazdas\u00e1g\u00e1nak l\u00e9pt\u00e9ke el\u00e9rte az 50,2 billi\u00f3 j\u00fcant, ez 10,3%-os n\u00f6veked\u00e9s az el\u0151z\u0151 \u00e9vhez k\u00e9pest, \u00e9s a GDP 41,5%-\u00e1t tette ki, amivel az orsz\u00e1g a vil\u00e1gon a m\u00e1sodik helyen \u00e1ll az \u00f6sszvolumen tekintet\u00e9ben. A digit\u00e1lis ipar m\u00e9rete folyamatosan n\u0151tt, az elektronikus inform\u00e1ci\u00f3s gy\u00e1rt\u00e1si ipar forgalma 15,4 billi\u00f3 j\u00fcan volt, ami 5,5%-os n\u00f6veked\u00e9s. A szoftver\u00fczlet\u00e1g bev\u00e9tele el\u00e9rte a 10,81 billi\u00f3 j\u00fcant, ez 11,2%-os \u00e9ves n\u00f6veked\u00e9s. Az ipari internet \u00e9rt\u00e9ke meghaladta az 1,2 billi\u00f3 j\u00fcant, ami 15,5%-os \u00e9ves emelked\u00e9s.<\/p>\n\n\n\n<figure class=\"wp-block-image\"><img decoding=\"async\" src=\"https:\/\/hirpest.hu\/wp-content\/uploads\/2023\/05\/052401-2.jpg\" alt=\"\" class=\"wp-image-17056\"\/><\/figure>\n\n\n\n<p>A besz\u00e1mol\u00f3b\u00f3l kider\u00fclt, hogy a digit\u00e1lis technol\u00f3gia \u00e9s a re\u00e1lgazdas\u00e1g integr\u00e1ci\u00f3ja tov\u00e1bb fejl\u0151d\u00f6tt. A mez\u0151gazdas\u00e1g digitaliz\u00e1ci\u00f3ja felgyorsult \u00e9s a teljes ipari l\u00e1ncra kiterjedt, a mez\u0151gazdas\u00e1gi termel\u00e9s informatiz\u00e1l\u00f3d\u00e1si ar\u00e1nya meghaladta a 25%-ot. Az orsz\u00e1g ipari v\u00e1llalkoz\u00e1sai tekintet\u00e9ben a kulcsfontoss\u00e1g\u00fa folyamatok numerikus vez\u00e9rl\u00e9si ar\u00e1nya, valamint a digit\u00e1lis kutat\u00e1si, fejleszt\u00e9si \u00e9s tervez\u00e9si eszk\u00f6z\u00f6k elterjedts\u00e9ge 58,6%-ra, illetve 77,0%-ra n\u0151tt. A k\u00ednai online kiskereskedelmi forgalom el\u00e9rte a 13,79 billi\u00f3 j\u00fcant, amib\u0151l a <em>fizikai<\/em> term\u00e9kek online kiskereskedelmi \u00e9rt\u00e9kes\u00edt\u00e9se a teljes kiskereskedelmi forgalom 27,2%-\u00e1t tette ki.<\/p>\n\n\n\n<p><strong>2023. m\u00e1jus 24.<\/strong><\/p>\n\n\n\n<p><strong><em>(China Media Group)<\/em><\/strong><\/p>\n\n\n\n<p><strong>(x)<\/strong><\/p>\n","protected":false},"excerpt":{"rendered":"<p>2022 v\u00e9g\u00e9n K\u00edn\u00e1ban 2,312 milli\u00f3 5G-b\u00e1zis\u00e1llom\u00e1s m\u0171k\u00f6d\u00f6tt, a mobilinternetet haszn\u00e1l\u00f3k sz\u00e1ma pedig el\u00e9rte az 1,845 milli\u00e1rdot \u2013 der\u00fclt ki a k\u00ednai Nemzeti Internet Inform\u00e1ci\u00f3s Iroda \u00e1ltal m\u00e1jus 23-\u00e1n kiadott Digit\u00e1lis K\u00edna fejleszt\u00e9si besz\u00e1mol\u00f3b\u00f3l (2022). A besz\u00e1mol\u00f3 szerint 2022 v\u00e9g\u00e9n K\u00edn\u00e1ban az 5G-felhaszn\u00e1l\u00f3k sz\u00e1ma el\u00e9rte az 561 milli\u00f3t, ez a vil\u00e1g \u00f6sszes 5G-felhaszn\u00e1l\u00f3j\u00e1nak 60%-\u00e1t jelenti. Orsz\u00e1gszerte [&hellip;]<\/p>\n","protected":false},"author":2,"featured_media":17498,"comment_status":"closed","ping_status":"closed","sticky":false,"template":"","format":"standard","meta":{"footnotes":""},"categories":[45],"tags":[455,1816,1700,393,2441,96,508],"class_list":["post-17494","post","type-post","status-publish","format-standard","has-post-thumbnail","hentry","category-hirek","tag-455","tag-5g-bazisallomas","tag-digitalis","tag-eredmeny","tag-fejlesztesi-beszamolo","tag-forgalom","tag-mezogazdasag"],"yoast_head":"<!-- This site is optimized with the Yoast SEO plugin v23.7 - https:\/\/yoast.com\/wordpress\/plugins\/seo\/ -->\n<title>Kiemelked\u0151 eredm\u00e9nyeket \u00e9rt el a digit\u00e1lis K\u00edna fel\u00e9p\u00edt\u00e9s\u00e9re ir\u00e1nyul\u00f3 t\u00f6rekv\u00e9s 2022-ben - kinaikaleidoszkop.hu<\/title>\n<meta name=\"robots\" content=\"index, follow, max-snippet:-1, max-image-preview:large, max-video-preview:-1\" \/>\n<link rel=\"canonical\" href=\"https:\/\/kinaikaleidoszkop.hu\/index.php\/2023\/05\/24\/kiemelkedo-eredmenyeket-ert-el-a-digitalis-kina-felepitesere-iranyulo-torekves-2022-ben\/\" \/>\n<meta property=\"og:locale\" content=\"hu_HU\" \/>\n<meta property=\"og:type\" content=\"article\" \/>\n<meta property=\"og:title\" content=\"Kiemelked\u0151 eredm\u00e9nyeket \u00e9rt el a digit\u00e1lis K\u00edna fel\u00e9p\u00edt\u00e9s\u00e9re ir\u00e1nyul\u00f3 t\u00f6rekv\u00e9s 2022-ben - kinaikaleidoszkop.hu\" \/>\n<meta property=\"og:description\" content=\"2022 v\u00e9g\u00e9n K\u00edn\u00e1ban 2,312 milli\u00f3 5G-b\u00e1zis\u00e1llom\u00e1s m\u0171k\u00f6d\u00f6tt, a mobilinternetet haszn\u00e1l\u00f3k sz\u00e1ma pedig el\u00e9rte az 1,845 milli\u00e1rdot \u2013 der\u00fclt ki a k\u00ednai Nemzeti Internet Inform\u00e1ci\u00f3s Iroda \u00e1ltal m\u00e1jus 23-\u00e1n kiadott Digit\u00e1lis K\u00edna fejleszt\u00e9si besz\u00e1mol\u00f3b\u00f3l (2022). A besz\u00e1mol\u00f3 szerint 2022 v\u00e9g\u00e9n K\u00edn\u00e1ban az 5G-felhaszn\u00e1l\u00f3k sz\u00e1ma el\u00e9rte az 561 milli\u00f3t, ez a vil\u00e1g \u00f6sszes 5G-felhaszn\u00e1l\u00f3j\u00e1nak 60%-\u00e1t jelenti. Orsz\u00e1gszerte [&hellip;]\" \/>\n<meta property=\"og:url\" content=\"https:\/\/kinaikaleidoszkop.hu\/index.php\/2023\/05\/24\/kiemelkedo-eredmenyeket-ert-el-a-digitalis-kina-felepitesere-iranyulo-torekves-2022-ben\/\" \/>\n<meta property=\"og:site_name\" content=\"kinaikaleidoszkop.hu\" \/>\n<meta property=\"article:published_time\" content=\"2023-05-24T09:10:00+00:00\" \/>\n<meta property=\"article:modified_time\" content=\"2023-05-24T09:11:16+00:00\" \/>\n<meta property=\"og:image\" content=\"https:\/\/kinaikaleidoszkop.hu\/wp-content\/uploads\/2023\/05\/052401-2.jpg\" \/>\n\t<meta property=\"og:image:width\" content=\"1179\" \/>\n\t<meta property=\"og:image:height\" content=\"624\" \/>\n\t<meta property=\"og:image:type\" content=\"image\/jpeg\" \/>\n<meta name=\"author\" content=\"admin-szabolcs\" \/>\n<meta name=\"twitter:card\" content=\"summary_large_image\" \/>\n<meta name=\"twitter:label1\" content=\"Szerz\u0151:\" \/>\n\t<meta name=\"twitter:data1\" content=\"admin-szabolcs\" \/>\n\t<meta name=\"twitter:label2\" content=\"Becs\u00fclt olvas\u00e1si id\u0151\" \/>\n\t<meta name=\"twitter:data2\" content=\"2 perc\" \/>\n<script type=\"application\/ld+json\" class=\"yoast-schema-graph\">{\"@context\":\"https:\/\/schema.org\",\"@graph\":[{\"@type\":\"WebPage\",\"@id\":\"https:\/\/kinaikaleidoszkop.hu\/index.php\/2023\/05\/24\/kiemelkedo-eredmenyeket-ert-el-a-digitalis-kina-felepitesere-iranyulo-torekves-2022-ben\/\",\"url\":\"https:\/\/kinaikaleidoszkop.hu\/index.php\/2023\/05\/24\/kiemelkedo-eredmenyeket-ert-el-a-digitalis-kina-felepitesere-iranyulo-torekves-2022-ben\/\",\"name\":\"Kiemelked\u0151 eredm\u00e9nyeket \u00e9rt el a digit\u00e1lis K\u00edna fel\u00e9p\u00edt\u00e9s\u00e9re ir\u00e1nyul\u00f3 t\u00f6rekv\u00e9s 2022-ben - kinaikaleidoszkop.hu\",\"isPartOf\":{\"@id\":\"https:\/\/kinaikaleidoszkop.hu\/#website\"},\"primaryImageOfPage\":{\"@id\":\"https:\/\/kinaikaleidoszkop.hu\/index.php\/2023\/05\/24\/kiemelkedo-eredmenyeket-ert-el-a-digitalis-kina-felepitesere-iranyulo-torekves-2022-ben\/#primaryimage\"},\"image\":{\"@id\":\"https:\/\/kinaikaleidoszkop.hu\/index.php\/2023\/05\/24\/kiemelkedo-eredmenyeket-ert-el-a-digitalis-kina-felepitesere-iranyulo-torekves-2022-ben\/#primaryimage\"},\"thumbnailUrl\":\"https:\/\/kinaikaleidoszkop.hu\/wp-content\/uploads\/2023\/05\/052401-2.jpg\",\"datePublished\":\"2023-05-24T09:10:00+00:00\",\"dateModified\":\"2023-05-24T09:11:16+00:00\",\"author\":{\"@id\":\"https:\/\/kinaikaleidoszkop.hu\/#\/schema\/person\/b9e2febe742edd540c1197716ec02bf7\"},\"breadcrumb\":{\"@id\":\"https:\/\/kinaikaleidoszkop.hu\/index.php\/2023\/05\/24\/kiemelkedo-eredmenyeket-ert-el-a-digitalis-kina-felepitesere-iranyulo-torekves-2022-ben\/#breadcrumb\"},\"inLanguage\":\"hu\",\"potentialAction\":[{\"@type\":\"ReadAction\",\"target\":[\"https:\/\/kinaikaleidoszkop.hu\/index.php\/2023\/05\/24\/kiemelkedo-eredmenyeket-ert-el-a-digitalis-kina-felepitesere-iranyulo-torekves-2022-ben\/\"]}]},{\"@type\":\"ImageObject\",\"inLanguage\":\"hu\",\"@id\":\"https:\/\/kinaikaleidoszkop.hu\/index.php\/2023\/05\/24\/kiemelkedo-eredmenyeket-ert-el-a-digitalis-kina-felepitesere-iranyulo-torekves-2022-ben\/#primaryimage\",\"url\":\"https:\/\/kinaikaleidoszkop.hu\/wp-content\/uploads\/2023\/05\/052401-2.jpg\",\"contentUrl\":\"https:\/\/kinaikaleidoszkop.hu\/wp-content\/uploads\/2023\/05\/052401-2.jpg\",\"width\":1179,\"height\":624},{\"@type\":\"BreadcrumbList\",\"@id\":\"https:\/\/kinaikaleidoszkop.hu\/index.php\/2023\/05\/24\/kiemelkedo-eredmenyeket-ert-el-a-digitalis-kina-felepitesere-iranyulo-torekves-2022-ben\/#breadcrumb\",\"itemListElement\":[{\"@type\":\"ListItem\",\"position\":1,\"name\":\"Kezd\u0151lap\",\"item\":\"https:\/\/kinaikaleidoszkop.hu\/\"},{\"@type\":\"ListItem\",\"position\":2,\"name\":\"Kiemelked\u0151 eredm\u00e9nyeket \u00e9rt el a digit\u00e1lis K\u00edna fel\u00e9p\u00edt\u00e9s\u00e9re ir\u00e1nyul\u00f3 t\u00f6rekv\u00e9s 2022-ben\"}]},{\"@type\":\"WebSite\",\"@id\":\"https:\/\/kinaikaleidoszkop.hu\/#website\",\"url\":\"https:\/\/kinaikaleidoszkop.hu\/\",\"name\":\"kinaikaleidoszkop.hu\",\"description\":\"\",\"potentialAction\":[{\"@type\":\"SearchAction\",\"target\":{\"@type\":\"EntryPoint\",\"urlTemplate\":\"https:\/\/kinaikaleidoszkop.hu\/?s={search_term_string}\"},\"query-input\":{\"@type\":\"PropertyValueSpecification\",\"valueRequired\":true,\"valueName\":\"search_term_string\"}}],\"inLanguage\":\"hu\"},{\"@type\":\"Person\",\"@id\":\"https:\/\/kinaikaleidoszkop.hu\/#\/schema\/person\/b9e2febe742edd540c1197716ec02bf7\",\"name\":\"admin-szabolcs\",\"image\":{\"@type\":\"ImageObject\",\"inLanguage\":\"hu\",\"@id\":\"https:\/\/kinaikaleidoszkop.hu\/#\/schema\/person\/image\/\",\"url\":\"https:\/\/secure.gravatar.com\/avatar\/154f262492794df2a6cb5d5349227b18ef8f85ab462fbb32625fc42406483d21?s=96&d=mm&r=g\",\"contentUrl\":\"https:\/\/secure.gravatar.com\/avatar\/154f262492794df2a6cb5d5349227b18ef8f85ab462fbb32625fc42406483d21?s=96&d=mm&r=g\",\"caption\":\"admin-szabolcs\"},\"url\":\"https:\/\/kinaikaleidoszkop.hu\/index.php\/author\/admin-szabolcs\/\"}]}<\/script>\n<!-- \/ Yoast SEO plugin. -->","yoast_head_json":{"title":"Kiemelked\u0151 eredm\u00e9nyeket \u00e9rt el a digit\u00e1lis K\u00edna fel\u00e9p\u00edt\u00e9s\u00e9re ir\u00e1nyul\u00f3 t\u00f6rekv\u00e9s 2022-ben - kinaikaleidoszkop.hu","robots":{"index":"index","follow":"follow","max-snippet":"max-snippet:-1","max-image-preview":"max-image-preview:large","max-video-preview":"max-video-preview:-1"},"canonical":"https:\/\/kinaikaleidoszkop.hu\/index.php\/2023\/05\/24\/kiemelkedo-eredmenyeket-ert-el-a-digitalis-kina-felepitesere-iranyulo-torekves-2022-ben\/","og_locale":"hu_HU","og_type":"article","og_title":"Kiemelked\u0151 eredm\u00e9nyeket \u00e9rt el a digit\u00e1lis K\u00edna fel\u00e9p\u00edt\u00e9s\u00e9re ir\u00e1nyul\u00f3 t\u00f6rekv\u00e9s 2022-ben - kinaikaleidoszkop.hu","og_description":"2022 v\u00e9g\u00e9n K\u00edn\u00e1ban 2,312 milli\u00f3 5G-b\u00e1zis\u00e1llom\u00e1s m\u0171k\u00f6d\u00f6tt, a mobilinternetet haszn\u00e1l\u00f3k sz\u00e1ma pedig el\u00e9rte az 1,845 milli\u00e1rdot \u2013 der\u00fclt ki a k\u00ednai Nemzeti Internet Inform\u00e1ci\u00f3s Iroda \u00e1ltal m\u00e1jus 23-\u00e1n kiadott Digit\u00e1lis K\u00edna fejleszt\u00e9si besz\u00e1mol\u00f3b\u00f3l (2022). A besz\u00e1mol\u00f3 szerint 2022 v\u00e9g\u00e9n K\u00edn\u00e1ban az 5G-felhaszn\u00e1l\u00f3k sz\u00e1ma el\u00e9rte az 561 milli\u00f3t, ez a vil\u00e1g \u00f6sszes 5G-felhaszn\u00e1l\u00f3j\u00e1nak 60%-\u00e1t jelenti. Orsz\u00e1gszerte [&hellip;]","og_url":"https:\/\/kinaikaleidoszkop.hu\/index.php\/2023\/05\/24\/kiemelkedo-eredmenyeket-ert-el-a-digitalis-kina-felepitesere-iranyulo-torekves-2022-ben\/","og_site_name":"kinaikaleidoszkop.hu","article_published_time":"2023-05-24T09:10:00+00:00","article_modified_time":"2023-05-24T09:11:16+00:00","og_image":[{"width":1179,"height":624,"url":"https:\/\/kinaikaleidoszkop.hu\/wp-content\/uploads\/2023\/05\/052401-2.jpg","type":"image\/jpeg"}],"author":"admin-szabolcs","twitter_card":"summary_large_image","twitter_misc":{"Szerz\u0151:":"admin-szabolcs","Becs\u00fclt olvas\u00e1si id\u0151":"2 perc"},"schema":{"@context":"https:\/\/schema.org","@graph":[{"@type":"WebPage","@id":"https:\/\/kinaikaleidoszkop.hu\/index.php\/2023\/05\/24\/kiemelkedo-eredmenyeket-ert-el-a-digitalis-kina-felepitesere-iranyulo-torekves-2022-ben\/","url":"https:\/\/kinaikaleidoszkop.hu\/index.php\/2023\/05\/24\/kiemelkedo-eredmenyeket-ert-el-a-digitalis-kina-felepitesere-iranyulo-torekves-2022-ben\/","name":"Kiemelked\u0151 eredm\u00e9nyeket \u00e9rt el a digit\u00e1lis K\u00edna fel\u00e9p\u00edt\u00e9s\u00e9re ir\u00e1nyul\u00f3 t\u00f6rekv\u00e9s 2022-ben - kinaikaleidoszkop.hu","isPartOf":{"@id":"https:\/\/kinaikaleidoszkop.hu\/#website"},"primaryImageOfPage":{"@id":"https:\/\/kinaikaleidoszkop.hu\/index.php\/2023\/05\/24\/kiemelkedo-eredmenyeket-ert-el-a-digitalis-kina-felepitesere-iranyulo-torekves-2022-ben\/#primaryimage"},"image":{"@id":"https:\/\/kinaikaleidoszkop.hu\/index.php\/2023\/05\/24\/kiemelkedo-eredmenyeket-ert-el-a-digitalis-kina-felepitesere-iranyulo-torekves-2022-ben\/#primaryimage"},"thumbnailUrl":"https:\/\/kinaikaleidoszkop.hu\/wp-content\/uploads\/2023\/05\/052401-2.jpg","datePublished":"2023-05-24T09:10:00+00:00","dateModified":"2023-05-24T09:11:16+00:00","author":{"@id":"https:\/\/kinaikaleidoszkop.hu\/#\/schema\/person\/b9e2febe742edd540c1197716ec02bf7"},"breadcrumb":{"@id":"https:\/\/kinaikaleidoszkop.hu\/index.php\/2023\/05\/24\/kiemelkedo-eredmenyeket-ert-el-a-digitalis-kina-felepitesere-iranyulo-torekves-2022-ben\/#breadcrumb"},"inLanguage":"hu","potentialAction":[{"@type":"ReadAction","target":["https:\/\/kinaikaleidoszkop.hu\/index.php\/2023\/05\/24\/kiemelkedo-eredmenyeket-ert-el-a-digitalis-kina-felepitesere-iranyulo-torekves-2022-ben\/"]}]},{"@type":"ImageObject","inLanguage":"hu","@id":"https:\/\/kinaikaleidoszkop.hu\/index.php\/2023\/05\/24\/kiemelkedo-eredmenyeket-ert-el-a-digitalis-kina-felepitesere-iranyulo-torekves-2022-ben\/#primaryimage","url":"https:\/\/kinaikaleidoszkop.hu\/wp-content\/uploads\/2023\/05\/052401-2.jpg","contentUrl":"https:\/\/kinaikaleidoszkop.hu\/wp-content\/uploads\/2023\/05\/052401-2.jpg","width":1179,"height":624},{"@type":"BreadcrumbList","@id":"https:\/\/kinaikaleidoszkop.hu\/index.php\/2023\/05\/24\/kiemelkedo-eredmenyeket-ert-el-a-digitalis-kina-felepitesere-iranyulo-torekves-2022-ben\/#breadcrumb","itemListElement":[{"@type":"ListItem","position":1,"name":"Kezd\u0151lap","item":"https:\/\/kinaikaleidoszkop.hu\/"},{"@type":"ListItem","position":2,"name":"Kiemelked\u0151 eredm\u00e9nyeket \u00e9rt el a digit\u00e1lis K\u00edna fel\u00e9p\u00edt\u00e9s\u00e9re ir\u00e1nyul\u00f3 t\u00f6rekv\u00e9s 2022-ben"}]},{"@type":"WebSite","@id":"https:\/\/kinaikaleidoszkop.hu\/#website","url":"https:\/\/kinaikaleidoszkop.hu\/","name":"kinaikaleidoszkop.hu","description":"","potentialAction":[{"@type":"SearchAction","target":{"@type":"EntryPoint","urlTemplate":"https:\/\/kinaikaleidoszkop.hu\/?s={search_term_string}"},"query-input":{"@type":"PropertyValueSpecification","valueRequired":true,"valueName":"search_term_string"}}],"inLanguage":"hu"},{"@type":"Person","@id":"https:\/\/kinaikaleidoszkop.hu\/#\/schema\/person\/b9e2febe742edd540c1197716ec02bf7","name":"admin-szabolcs","image":{"@type":"ImageObject","inLanguage":"hu","@id":"https:\/\/kinaikaleidoszkop.hu\/#\/schema\/person\/image\/","url":"https:\/\/secure.gravatar.com\/avatar\/154f262492794df2a6cb5d5349227b18ef8f85ab462fbb32625fc42406483d21?s=96&d=mm&r=g","contentUrl":"https:\/\/secure.gravatar.com\/avatar\/154f262492794df2a6cb5d5349227b18ef8f85ab462fbb32625fc42406483d21?s=96&d=mm&r=g","caption":"admin-szabolcs"},"url":"https:\/\/kinaikaleidoszkop.hu\/index.php\/author\/admin-szabolcs\/"}]}},"views":220,"distributor_meta":false,"distributor_terms":false,"distributor_media":false,"distributor_original_site_name":"kinaikaleidoszkop.hu","distributor_original_site_url":"https:\/\/kinaikaleidoszkop.hu","push-errors":false,"_links":{"self":[{"href":"https:\/\/kinaikaleidoszkop.hu\/index.php\/wp-json\/wp\/v2\/posts\/17494","targetHints":{"allow":["GET"]}}],"collection":[{"href":"https:\/\/kinaikaleidoszkop.hu\/index.php\/wp-json\/wp\/v2\/posts"}],"about":[{"href":"https:\/\/kinaikaleidoszkop.hu\/index.php\/wp-json\/wp\/v2\/types\/post"}],"author":[{"embeddable":true,"href":"https:\/\/kinaikaleidoszkop.hu\/index.php\/wp-json\/wp\/v2\/users\/2"}],"replies":[{"embeddable":true,"href":"https:\/\/kinaikaleidoszkop.hu\/index.php\/wp-json\/wp\/v2\/comments?post=17494"}],"version-history":[{"count":1,"href":"https:\/\/kinaikaleidoszkop.hu\/index.php\/wp-json\/wp\/v2\/posts\/17494\/revisions"}],"predecessor-version":[{"id":17502,"href":"https:\/\/kinaikaleidoszkop.hu\/index.php\/wp-json\/wp\/v2\/posts\/17494\/revisions\/17502"}],"wp:featuredmedia":[{"embeddable":true,"href":"https:\/\/kinaikaleidoszkop.hu\/index.php\/wp-json\/wp\/v2\/media\/17498"}],"wp:attachment":[{"href":"https:\/\/kinaikaleidoszkop.hu\/index.php\/wp-json\/wp\/v2\/media?parent=17494"}],"wp:term":[{"taxonomy":"category","embeddable":true,"href":"https:\/\/kinaikaleidoszkop.hu\/index.php\/wp-json\/wp\/v2\/categories?post=17494"},{"taxonomy":"post_tag","embeddable":true,"href":"https:\/\/kinaikaleidoszkop.hu\/index.php\/wp-json\/wp\/v2\/tags?post=17494"}],"curies":[{"name":"wp","href":"https:\/\/api.w.org\/{rel}","templated":true}]}}