{"id":17652,"date":"2023-06-05T16:59:13","date_gmt":"2023-06-05T14:59:13","guid":{"rendered":"https:\/\/kinaikaleidoszkop.hu\/?p=17652"},"modified":"2023-06-05T16:59:14","modified_gmt":"2023-06-05T14:59:14","slug":"emelkedett-a-kinai-szecsuan-tartomanyban-bekovetkezett-foldcsuszamlas-halalos-aldozatainak-szama","status":"publish","type":"post","link":"https:\/\/kinaikaleidoszkop.hu\/index.php\/2023\/06\/05\/emelkedett-a-kinai-szecsuan-tartomanyban-bekovetkezett-foldcsuszamlas-halalos-aldozatainak-szama\/","title":{"rendered":"Emelkedett a\u00a0k\u00ednai Szecsuan tartom\u00e1nyban bek\u00f6vetkezett f\u00f6ldcsuszaml\u00e1s hal\u00e1los \u00e1ldozatainak sz\u00e1ma"},"content":{"rendered":"\n<p><strong>A legfrissebb k\u00f6zl\u00e9sek szerint tizenkilenc ember halt meg a d\u00e9lnyugat-k\u00ednai Szecsuan tartom\u00e1nyban, ahol vas\u00e1rnap egy b\u00e1ny\u00e1szoknak otthont ad\u00f3 munk\u00e1ssz\u00e1ll\u00e1st sodort el a f\u00f6ldcsuszaml\u00e1s.<\/strong><\/p>\n\n\n\n<p>A hat\u00f3s\u00e1gok besz\u00e1mol\u00f3ja szerint a szerencs\u00e9tlens\u00e9g a helyi b\u00e1nyav\u00e1llalat \u00e9p\u00fclet\u00e9n\u00e9l t\u00f6rt\u00e9nt Lesan megye egyik hegyvid\u00e9ki vid\u00e9ki k\u00f6rzet\u00e9ben, ahol hetek \u00f3ta folyamatosan esik az es\u0151. T\u00f6bb mint 180 embert mozg\u00f3s\u00edtottak, hogy seg\u00edtsenek megtal\u00e1lni a romok al\u00e1 temetett embereket.<br>\u00a0\u00a0\u00a0\u00a0<\/p>\n\n\n\n<p><strong>A CCTV \u00e1llami telev\u00edzi\u00f3 szerint a halottak mind a Csinkajj\u00fcan nev\u0171 b\u00e1nyav\u00e1llalat dolgoz\u00f3i voltak. <\/strong>A nedves, es\u0151s \u00e9ghajlat\u00fa d\u00e9lnyugat-k\u00ednai ter\u00fcleten rendszeresek a f\u00f6ldcsuszaml\u00e1sok, k\u00fcl\u00f6n\u00f6sen azokon a r\u00e9szeken, ahol egy\u00fcttesen \u00e9rv\u00e9nyes\u00fclnek a f\u00f6ldm\u0171vel\u00e9s, az erd\u0151irt\u00e1s, a m\u00e9rn\u00f6ki projektek \u00e9s a b\u00e1ny\u00e1szati m\u0171veletek hat\u00e1sai.<\/p>\n\n\n\n<p><strong>2023. j\u00fanius 5.<\/strong><\/p>\n\n\n\n<p><strong><em>(MTI\/AP)<\/em><\/strong><\/p>\n","protected":false},"excerpt":{"rendered":"<p>A legfrissebb k\u00f6zl\u00e9sek szerint tizenkilenc ember halt meg a d\u00e9lnyugat-k\u00ednai Szecsuan tartom\u00e1nyban, ahol vas\u00e1rnap egy b\u00e1ny\u00e1szoknak otthont ad\u00f3 munk\u00e1ssz\u00e1ll\u00e1st sodort el a f\u00f6ldcsuszaml\u00e1s. A hat\u00f3s\u00e1gok besz\u00e1mol\u00f3ja szerint a szerencs\u00e9tlens\u00e9g a helyi b\u00e1nyav\u00e1llalat \u00e9p\u00fclet\u00e9n\u00e9l t\u00f6rt\u00e9nt Lesan megye egyik hegyvid\u00e9ki vid\u00e9ki k\u00f6rzet\u00e9ben, ahol hetek \u00f3ta folyamatosan esik az es\u0151. T\u00f6bb mint 180 embert mozg\u00f3s\u00edtottak, hogy seg\u00edtsenek megtal\u00e1lni [&hellip;]<\/p>\n","protected":false},"author":7,"featured_media":17654,"comment_status":"closed","ping_status":"closed","sticky":false,"template":"","format":"standard","meta":{"footnotes":""},"categories":[45,7],"tags":[111,2506,2497,717],"class_list":["post-17652","post","type-post","status-publish","format-standard","has-post-thumbnail","hentry","category-hirek","category-mind","tag-baleset","tag-foldcsuszamlas","tag-halalos-aldozat","tag-katasztrofa"],"yoast_head":"<!-- This site is optimized with the Yoast SEO plugin v23.7 - https:\/\/yoast.com\/wordpress\/plugins\/seo\/ -->\n<title>Emelkedett a\u00a0k\u00ednai Szecsuan tartom\u00e1nyban bek\u00f6vetkezett f\u00f6ldcsuszaml\u00e1s hal\u00e1los \u00e1ldozatainak sz\u00e1ma - kinaikaleidoszkop.hu<\/title>\n<meta name=\"robots\" content=\"index, follow, max-snippet:-1, max-image-preview:large, max-video-preview:-1\" \/>\n<link rel=\"canonical\" href=\"https:\/\/kinaikaleidoszkop.hu\/index.php\/2023\/06\/05\/emelkedett-a-kinai-szecsuan-tartomanyban-bekovetkezett-foldcsuszamlas-halalos-aldozatainak-szama\/\" \/>\n<meta property=\"og:locale\" content=\"hu_HU\" \/>\n<meta property=\"og:type\" content=\"article\" \/>\n<meta property=\"og:title\" content=\"Emelkedett a\u00a0k\u00ednai Szecsuan tartom\u00e1nyban bek\u00f6vetkezett f\u00f6ldcsuszaml\u00e1s hal\u00e1los \u00e1ldozatainak sz\u00e1ma - kinaikaleidoszkop.hu\" \/>\n<meta property=\"og:description\" content=\"A legfrissebb k\u00f6zl\u00e9sek szerint tizenkilenc ember halt meg a d\u00e9lnyugat-k\u00ednai Szecsuan tartom\u00e1nyban, ahol vas\u00e1rnap egy b\u00e1ny\u00e1szoknak otthont ad\u00f3 munk\u00e1ssz\u00e1ll\u00e1st sodort el a f\u00f6ldcsuszaml\u00e1s. A hat\u00f3s\u00e1gok besz\u00e1mol\u00f3ja szerint a szerencs\u00e9tlens\u00e9g a helyi b\u00e1nyav\u00e1llalat \u00e9p\u00fclet\u00e9n\u00e9l t\u00f6rt\u00e9nt Lesan megye egyik hegyvid\u00e9ki vid\u00e9ki k\u00f6rzet\u00e9ben, ahol hetek \u00f3ta folyamatosan esik az es\u0151. T\u00f6bb mint 180 embert mozg\u00f3s\u00edtottak, hogy seg\u00edtsenek megtal\u00e1lni [&hellip;]\" \/>\n<meta property=\"og:url\" content=\"https:\/\/kinaikaleidoszkop.hu\/index.php\/2023\/06\/05\/emelkedett-a-kinai-szecsuan-tartomanyban-bekovetkezett-foldcsuszamlas-halalos-aldozatainak-szama\/\" \/>\n<meta property=\"og:site_name\" content=\"kinaikaleidoszkop.hu\" \/>\n<meta property=\"article:published_time\" content=\"2023-06-05T14:59:13+00:00\" \/>\n<meta property=\"article:modified_time\" content=\"2023-06-05T14:59:14+00:00\" \/>\n<meta property=\"og:image\" content=\"https:\/\/kinaikaleidoszkop.hu\/wp-content\/uploads\/2023\/06\/2929009104_177277c605_b.jpg\" \/>\n\t<meta property=\"og:image:width\" content=\"1023\" \/>\n\t<meta property=\"og:image:height\" content=\"685\" \/>\n\t<meta property=\"og:image:type\" content=\"image\/jpeg\" \/>\n<meta name=\"author\" content=\"Szerk_Erik\" \/>\n<meta name=\"twitter:card\" content=\"summary_large_image\" \/>\n<meta name=\"twitter:label1\" content=\"Szerz\u0151:\" \/>\n\t<meta name=\"twitter:data1\" content=\"Szerk_Erik\" \/>\n\t<meta name=\"twitter:label2\" content=\"Becs\u00fclt olvas\u00e1si id\u0151\" \/>\n\t<meta name=\"twitter:data2\" content=\"1 perc\" \/>\n<script type=\"application\/ld+json\" class=\"yoast-schema-graph\">{\"@context\":\"https:\/\/schema.org\",\"@graph\":[{\"@type\":\"WebPage\",\"@id\":\"https:\/\/kinaikaleidoszkop.hu\/index.php\/2023\/06\/05\/emelkedett-a-kinai-szecsuan-tartomanyban-bekovetkezett-foldcsuszamlas-halalos-aldozatainak-szama\/\",\"url\":\"https:\/\/kinaikaleidoszkop.hu\/index.php\/2023\/06\/05\/emelkedett-a-kinai-szecsuan-tartomanyban-bekovetkezett-foldcsuszamlas-halalos-aldozatainak-szama\/\",\"name\":\"Emelkedett a\u00a0k\u00ednai Szecsuan tartom\u00e1nyban bek\u00f6vetkezett f\u00f6ldcsuszaml\u00e1s hal\u00e1los \u00e1ldozatainak sz\u00e1ma - kinaikaleidoszkop.hu\",\"isPartOf\":{\"@id\":\"https:\/\/kinaikaleidoszkop.hu\/#website\"},\"primaryImageOfPage\":{\"@id\":\"https:\/\/kinaikaleidoszkop.hu\/index.php\/2023\/06\/05\/emelkedett-a-kinai-szecsuan-tartomanyban-bekovetkezett-foldcsuszamlas-halalos-aldozatainak-szama\/#primaryimage\"},\"image\":{\"@id\":\"https:\/\/kinaikaleidoszkop.hu\/index.php\/2023\/06\/05\/emelkedett-a-kinai-szecsuan-tartomanyban-bekovetkezett-foldcsuszamlas-halalos-aldozatainak-szama\/#primaryimage\"},\"thumbnailUrl\":\"https:\/\/kinaikaleidoszkop.hu\/wp-content\/uploads\/2023\/06\/2929009104_177277c605_b.jpg\",\"datePublished\":\"2023-06-05T14:59:13+00:00\",\"dateModified\":\"2023-06-05T14:59:14+00:00\",\"author\":{\"@id\":\"https:\/\/kinaikaleidoszkop.hu\/#\/schema\/person\/4d69b71e7e70322713b9d9287b610556\"},\"breadcrumb\":{\"@id\":\"https:\/\/kinaikaleidoszkop.hu\/index.php\/2023\/06\/05\/emelkedett-a-kinai-szecsuan-tartomanyban-bekovetkezett-foldcsuszamlas-halalos-aldozatainak-szama\/#breadcrumb\"},\"inLanguage\":\"hu\",\"potentialAction\":[{\"@type\":\"ReadAction\",\"target\":[\"https:\/\/kinaikaleidoszkop.hu\/index.php\/2023\/06\/05\/emelkedett-a-kinai-szecsuan-tartomanyban-bekovetkezett-foldcsuszamlas-halalos-aldozatainak-szama\/\"]}]},{\"@type\":\"ImageObject\",\"inLanguage\":\"hu\",\"@id\":\"https:\/\/kinaikaleidoszkop.hu\/index.php\/2023\/06\/05\/emelkedett-a-kinai-szecsuan-tartomanyban-bekovetkezett-foldcsuszamlas-halalos-aldozatainak-szama\/#primaryimage\",\"url\":\"https:\/\/kinaikaleidoszkop.hu\/wp-content\/uploads\/2023\/06\/2929009104_177277c605_b.jpg\",\"contentUrl\":\"https:\/\/kinaikaleidoszkop.hu\/wp-content\/uploads\/2023\/06\/2929009104_177277c605_b.jpg\",\"width\":1023,\"height\":685},{\"@type\":\"BreadcrumbList\",\"@id\":\"https:\/\/kinaikaleidoszkop.hu\/index.php\/2023\/06\/05\/emelkedett-a-kinai-szecsuan-tartomanyban-bekovetkezett-foldcsuszamlas-halalos-aldozatainak-szama\/#breadcrumb\",\"itemListElement\":[{\"@type\":\"ListItem\",\"position\":1,\"name\":\"Kezd\u0151lap\",\"item\":\"https:\/\/kinaikaleidoszkop.hu\/\"},{\"@type\":\"ListItem\",\"position\":2,\"name\":\"Emelkedett a\u00a0k\u00ednai Szecsuan tartom\u00e1nyban bek\u00f6vetkezett f\u00f6ldcsuszaml\u00e1s hal\u00e1los \u00e1ldozatainak sz\u00e1ma\"}]},{\"@type\":\"WebSite\",\"@id\":\"https:\/\/kinaikaleidoszkop.hu\/#website\",\"url\":\"https:\/\/kinaikaleidoszkop.hu\/\",\"name\":\"kinaikaleidoszkop.hu\",\"description\":\"\",\"potentialAction\":[{\"@type\":\"SearchAction\",\"target\":{\"@type\":\"EntryPoint\",\"urlTemplate\":\"https:\/\/kinaikaleidoszkop.hu\/?s={search_term_string}\"},\"query-input\":{\"@type\":\"PropertyValueSpecification\",\"valueRequired\":true,\"valueName\":\"search_term_string\"}}],\"inLanguage\":\"hu\"},{\"@type\":\"Person\",\"@id\":\"https:\/\/kinaikaleidoszkop.hu\/#\/schema\/person\/4d69b71e7e70322713b9d9287b610556\",\"name\":\"Szerk_Erik\",\"image\":{\"@type\":\"ImageObject\",\"inLanguage\":\"hu\",\"@id\":\"https:\/\/kinaikaleidoszkop.hu\/#\/schema\/person\/image\/\",\"url\":\"https:\/\/secure.gravatar.com\/avatar\/3c1e909a14c0c91d2eaef877aaacb584c667f8e7137de69653aa9561fd0e8062?s=96&d=mm&r=g\",\"contentUrl\":\"https:\/\/secure.gravatar.com\/avatar\/3c1e909a14c0c91d2eaef877aaacb584c667f8e7137de69653aa9561fd0e8062?s=96&d=mm&r=g\",\"caption\":\"Szerk_Erik\"},\"url\":\"https:\/\/kinaikaleidoszkop.hu\/index.php\/author\/szerk_erik\/\"}]}<\/script>\n<!-- \/ Yoast SEO plugin. -->","yoast_head_json":{"title":"Emelkedett a\u00a0k\u00ednai Szecsuan tartom\u00e1nyban bek\u00f6vetkezett f\u00f6ldcsuszaml\u00e1s hal\u00e1los \u00e1ldozatainak sz\u00e1ma - kinaikaleidoszkop.hu","robots":{"index":"index","follow":"follow","max-snippet":"max-snippet:-1","max-image-preview":"max-image-preview:large","max-video-preview":"max-video-preview:-1"},"canonical":"https:\/\/kinaikaleidoszkop.hu\/index.php\/2023\/06\/05\/emelkedett-a-kinai-szecsuan-tartomanyban-bekovetkezett-foldcsuszamlas-halalos-aldozatainak-szama\/","og_locale":"hu_HU","og_type":"article","og_title":"Emelkedett a\u00a0k\u00ednai Szecsuan tartom\u00e1nyban bek\u00f6vetkezett f\u00f6ldcsuszaml\u00e1s hal\u00e1los \u00e1ldozatainak sz\u00e1ma - kinaikaleidoszkop.hu","og_description":"A legfrissebb k\u00f6zl\u00e9sek szerint tizenkilenc ember halt meg a d\u00e9lnyugat-k\u00ednai Szecsuan tartom\u00e1nyban, ahol vas\u00e1rnap egy b\u00e1ny\u00e1szoknak otthont ad\u00f3 munk\u00e1ssz\u00e1ll\u00e1st sodort el a f\u00f6ldcsuszaml\u00e1s. A hat\u00f3s\u00e1gok besz\u00e1mol\u00f3ja szerint a szerencs\u00e9tlens\u00e9g a helyi b\u00e1nyav\u00e1llalat \u00e9p\u00fclet\u00e9n\u00e9l t\u00f6rt\u00e9nt Lesan megye egyik hegyvid\u00e9ki vid\u00e9ki k\u00f6rzet\u00e9ben, ahol hetek \u00f3ta folyamatosan esik az es\u0151. T\u00f6bb mint 180 embert mozg\u00f3s\u00edtottak, hogy seg\u00edtsenek megtal\u00e1lni [&hellip;]","og_url":"https:\/\/kinaikaleidoszkop.hu\/index.php\/2023\/06\/05\/emelkedett-a-kinai-szecsuan-tartomanyban-bekovetkezett-foldcsuszamlas-halalos-aldozatainak-szama\/","og_site_name":"kinaikaleidoszkop.hu","article_published_time":"2023-06-05T14:59:13+00:00","article_modified_time":"2023-06-05T14:59:14+00:00","og_image":[{"width":1023,"height":685,"url":"https:\/\/kinaikaleidoszkop.hu\/wp-content\/uploads\/2023\/06\/2929009104_177277c605_b.jpg","type":"image\/jpeg"}],"author":"Szerk_Erik","twitter_card":"summary_large_image","twitter_misc":{"Szerz\u0151:":"Szerk_Erik","Becs\u00fclt olvas\u00e1si id\u0151":"1 perc"},"schema":{"@context":"https:\/\/schema.org","@graph":[{"@type":"WebPage","@id":"https:\/\/kinaikaleidoszkop.hu\/index.php\/2023\/06\/05\/emelkedett-a-kinai-szecsuan-tartomanyban-bekovetkezett-foldcsuszamlas-halalos-aldozatainak-szama\/","url":"https:\/\/kinaikaleidoszkop.hu\/index.php\/2023\/06\/05\/emelkedett-a-kinai-szecsuan-tartomanyban-bekovetkezett-foldcsuszamlas-halalos-aldozatainak-szama\/","name":"Emelkedett a\u00a0k\u00ednai Szecsuan tartom\u00e1nyban bek\u00f6vetkezett f\u00f6ldcsuszaml\u00e1s hal\u00e1los \u00e1ldozatainak sz\u00e1ma - kinaikaleidoszkop.hu","isPartOf":{"@id":"https:\/\/kinaikaleidoszkop.hu\/#website"},"primaryImageOfPage":{"@id":"https:\/\/kinaikaleidoszkop.hu\/index.php\/2023\/06\/05\/emelkedett-a-kinai-szecsuan-tartomanyban-bekovetkezett-foldcsuszamlas-halalos-aldozatainak-szama\/#primaryimage"},"image":{"@id":"https:\/\/kinaikaleidoszkop.hu\/index.php\/2023\/06\/05\/emelkedett-a-kinai-szecsuan-tartomanyban-bekovetkezett-foldcsuszamlas-halalos-aldozatainak-szama\/#primaryimage"},"thumbnailUrl":"https:\/\/kinaikaleidoszkop.hu\/wp-content\/uploads\/2023\/06\/2929009104_177277c605_b.jpg","datePublished":"2023-06-05T14:59:13+00:00","dateModified":"2023-06-05T14:59:14+00:00","author":{"@id":"https:\/\/kinaikaleidoszkop.hu\/#\/schema\/person\/4d69b71e7e70322713b9d9287b610556"},"breadcrumb":{"@id":"https:\/\/kinaikaleidoszkop.hu\/index.php\/2023\/06\/05\/emelkedett-a-kinai-szecsuan-tartomanyban-bekovetkezett-foldcsuszamlas-halalos-aldozatainak-szama\/#breadcrumb"},"inLanguage":"hu","potentialAction":[{"@type":"ReadAction","target":["https:\/\/kinaikaleidoszkop.hu\/index.php\/2023\/06\/05\/emelkedett-a-kinai-szecsuan-tartomanyban-bekovetkezett-foldcsuszamlas-halalos-aldozatainak-szama\/"]}]},{"@type":"ImageObject","inLanguage":"hu","@id":"https:\/\/kinaikaleidoszkop.hu\/index.php\/2023\/06\/05\/emelkedett-a-kinai-szecsuan-tartomanyban-bekovetkezett-foldcsuszamlas-halalos-aldozatainak-szama\/#primaryimage","url":"https:\/\/kinaikaleidoszkop.hu\/wp-content\/uploads\/2023\/06\/2929009104_177277c605_b.jpg","contentUrl":"https:\/\/kinaikaleidoszkop.hu\/wp-content\/uploads\/2023\/06\/2929009104_177277c605_b.jpg","width":1023,"height":685},{"@type":"BreadcrumbList","@id":"https:\/\/kinaikaleidoszkop.hu\/index.php\/2023\/06\/05\/emelkedett-a-kinai-szecsuan-tartomanyban-bekovetkezett-foldcsuszamlas-halalos-aldozatainak-szama\/#breadcrumb","itemListElement":[{"@type":"ListItem","position":1,"name":"Kezd\u0151lap","item":"https:\/\/kinaikaleidoszkop.hu\/"},{"@type":"ListItem","position":2,"name":"Emelkedett a\u00a0k\u00ednai Szecsuan tartom\u00e1nyban bek\u00f6vetkezett f\u00f6ldcsuszaml\u00e1s hal\u00e1los \u00e1ldozatainak sz\u00e1ma"}]},{"@type":"WebSite","@id":"https:\/\/kinaikaleidoszkop.hu\/#website","url":"https:\/\/kinaikaleidoszkop.hu\/","name":"kinaikaleidoszkop.hu","description":"","potentialAction":[{"@type":"SearchAction","target":{"@type":"EntryPoint","urlTemplate":"https:\/\/kinaikaleidoszkop.hu\/?s={search_term_string}"},"query-input":{"@type":"PropertyValueSpecification","valueRequired":true,"valueName":"search_term_string"}}],"inLanguage":"hu"},{"@type":"Person","@id":"https:\/\/kinaikaleidoszkop.hu\/#\/schema\/person\/4d69b71e7e70322713b9d9287b610556","name":"Szerk_Erik","image":{"@type":"ImageObject","inLanguage":"hu","@id":"https:\/\/kinaikaleidoszkop.hu\/#\/schema\/person\/image\/","url":"https:\/\/secure.gravatar.com\/avatar\/3c1e909a14c0c91d2eaef877aaacb584c667f8e7137de69653aa9561fd0e8062?s=96&d=mm&r=g","contentUrl":"https:\/\/secure.gravatar.com\/avatar\/3c1e909a14c0c91d2eaef877aaacb584c667f8e7137de69653aa9561fd0e8062?s=96&d=mm&r=g","caption":"Szerk_Erik"},"url":"https:\/\/kinaikaleidoszkop.hu\/index.php\/author\/szerk_erik\/"}]}},"views":286,"distributor_meta":false,"distributor_terms":false,"distributor_media":false,"distributor_original_site_name":"kinaikaleidoszkop.hu","distributor_original_site_url":"https:\/\/kinaikaleidoszkop.hu","push-errors":false,"_links":{"self":[{"href":"https:\/\/kinaikaleidoszkop.hu\/index.php\/wp-json\/wp\/v2\/posts\/17652","targetHints":{"allow":["GET"]}}],"collection":[{"href":"https:\/\/kinaikaleidoszkop.hu\/index.php\/wp-json\/wp\/v2\/posts"}],"about":[{"href":"https:\/\/kinaikaleidoszkop.hu\/index.php\/wp-json\/wp\/v2\/types\/post"}],"author":[{"embeddable":true,"href":"https:\/\/kinaikaleidoszkop.hu\/index.php\/wp-json\/wp\/v2\/users\/7"}],"replies":[{"embeddable":true,"href":"https:\/\/kinaikaleidoszkop.hu\/index.php\/wp-json\/wp\/v2\/comments?post=17652"}],"version-history":[{"count":1,"href":"https:\/\/kinaikaleidoszkop.hu\/index.php\/wp-json\/wp\/v2\/posts\/17652\/revisions"}],"predecessor-version":[{"id":17655,"href":"https:\/\/kinaikaleidoszkop.hu\/index.php\/wp-json\/wp\/v2\/posts\/17652\/revisions\/17655"}],"wp:featuredmedia":[{"embeddable":true,"href":"https:\/\/kinaikaleidoszkop.hu\/index.php\/wp-json\/wp\/v2\/media\/17654"}],"wp:attachment":[{"href":"https:\/\/kinaikaleidoszkop.hu\/index.php\/wp-json\/wp\/v2\/media?parent=17652"}],"wp:term":[{"taxonomy":"category","embeddable":true,"href":"https:\/\/kinaikaleidoszkop.hu\/index.php\/wp-json\/wp\/v2\/categories?post=17652"},{"taxonomy":"post_tag","embeddable":true,"href":"https:\/\/kinaikaleidoszkop.hu\/index.php\/wp-json\/wp\/v2\/tags?post=17652"}],"curies":[{"name":"wp","href":"https:\/\/api.w.org\/{rel}","templated":true}]}}