{"id":17718,"date":"2023-06-12T15:09:01","date_gmt":"2023-06-12T13:09:01","guid":{"rendered":"https:\/\/kinaikaleidoszkop.hu\/?p=17718"},"modified":"2023-06-12T15:09:06","modified_gmt":"2023-06-12T13:09:06","slug":"kinai-karriernap-az-elte-konfuciusz-intezet-szervezeseben","status":"publish","type":"post","link":"https:\/\/kinaikaleidoszkop.hu\/index.php\/2023\/06\/12\/kinai-karriernap-az-elte-konfuciusz-intezet-szervezeseben\/","title":{"rendered":"K\u00ednai karriernap az ELTE Konfuciusz Int\u00e9zet szervez\u00e9s\u00e9ben"},"content":{"rendered":"\n<h2 class=\"wp-block-heading has-normal-font-size\"><strong>A k\u00ednai nyelv tanul\u00e1sa vil\u00e1gszerte, \u00edgy Magyarorsz\u00e1gon is egyre n\u00e9pszer\u0171bb. Haz\u00e1nkban is egyre t\u00f6bben tanulj\u00e1k ezt a k\u00fcl\u00f6nleges t\u00e1vol-keleti nyelvet. A nyelv \u00e9s kult\u00fara ir\u00e1nti \u00e9rdekl\u0151d\u00e9sen t\u00fal, ma m\u00e1r l\u00e9nyeges szempont a nyelvtanul\u00e1sban, hogy hol \u00e9s hogyan lehet hasznos\u00edtani majd a megszerzett tud\u00e1st az \u00e9letben, a munkaer\u0151piacon. Magyarorsz\u00e1gon 2023 m\u00e1jus\u00e1ban el\u0151sz\u00f6r ker\u00fclt megrendez\u00e9sre az els\u0151 k\u00ednai karriernap az ELTE Konfuciusz Int\u00e9zete szervez\u00e9s\u00e9ben.<\/strong><\/h2>\n\n\n\n<p>Az esem\u00e9nyt az ELTE d\u00e9k\u00e1nja, Dr. Bartus D\u00e1vid nyitotta meg. A rendezv\u00e9nyt jelenl\u00e9t\u00e9vel megtisztelte Liu Bo, a Budapesti K\u00ednai Nagyk\u00f6vets\u00e9g miniszter tan\u00e1csosa is, aki hangs\u00falyozta, hogy az elm\u00falt \u00e9vekben a magyar-k\u00ednai gazdas\u00e1gi-kereskedelmi kapcsolatok lend\u00fcletet kaptak, s a t\u00e1mogat\u00f3 \u00fczleti k\u00f6rnyezet miatt, egyre t\u00f6bb k\u00ednai v\u00e1llalat hozott komoly beruh\u00e1z\u00e1sokat \u00e9s vil\u00e1gsz\u00ednvonal\u00fa technol\u00f3gi\u00e1t Magyarorsz\u00e1gra, valamint teremtett ez\u00e1ltal munkahelyeket.<\/p>\n\n\n\n<figure class=\"wp-block-embed is-type-video is-provider-youtube wp-block-embed-youtube wp-embed-aspect-16-9 wp-has-aspect-ratio\"><div class=\"wp-block-embed__wrapper\">\n<iframe loading=\"lazy\" title=\"K\u00ednai karriernap az ELTE Konfuciusz Int\u00e9zet szervez\u00e9s\u00e9ben\" width=\"1320\" height=\"743\" src=\"https:\/\/www.youtube.com\/embed\/qBf19xgIQhY?feature=oembed\" frameborder=\"0\" allow=\"accelerometer; autoplay; clipboard-write; encrypted-media; gyroscope; picture-in-picture; web-share\" allowfullscreen><\/iframe>\n<\/div><\/figure>\n\n\n\n<p>A k\u00ednai finansz\u00edroz\u00e1s\u00fa c\u00e9gek befektet\u00e9seihez a Bank of China, a China Development Bank \u00e9s a China Construction Bank nyitott fi\u00f3kokat Magyarorsz\u00e1gon. Az egy\u00fcttm\u0171k\u00f6d\u00e9sek a kereskedelemben, a meg\u00fajul\u00f3 energia \u00e9s technol\u00f3gia ter\u00fclet\u00e9n is tov\u00e1bb b\u0151v\u00fcltek. Li Kexin, a Bank of China Magyarorsz\u00e1gi Fi\u00f3ktelep\u00e9nek eln\u00f6ke, a Bank of China Central and Eastern Europe Ltd. vez\u00e9rigazgat\u00f3ja kiemelte annak jelent\u0151s\u00e9g\u00e9t, hogy egyre t\u00f6bb magyar fiatal tanul k\u00ednaiul, ker\u00fcl k\u00f6zelebb a k\u00ednai kult\u00far\u00e1hoz, s \u00edgy a magyarorsz\u00e1gi k\u00ednai nagyv\u00e1llalatokn\u00e1l t\u00f6bb lehet\u0151s\u00e9g\u00fck ny\u00edlik majd az elhelyezked\u00e9sre.<\/p>\n\n\n\n<p><strong><em>2023. 06. 12.<\/em><\/strong><\/p>\n","protected":false},"excerpt":{"rendered":"<p>A k\u00ednai nyelv tanul\u00e1sa vil\u00e1gszerte, \u00edgy Magyarorsz\u00e1gon is egyre n\u00e9pszer\u0171bb. Haz\u00e1nkban is egyre t\u00f6bben tanulj\u00e1k ezt a k\u00fcl\u00f6nleges t\u00e1vol-keleti nyelvet. A nyelv \u00e9s kult\u00fara ir\u00e1nti \u00e9rdekl\u0151d\u00e9sen t\u00fal, ma m\u00e1r l\u00e9nyeges szempont a nyelvtanul\u00e1sban, hogy hol \u00e9s hogyan lehet hasznos\u00edtani majd a megszerzett tud\u00e1st az \u00e9letben, a munkaer\u0151piacon. Magyarorsz\u00e1gon 2023 m\u00e1jus\u00e1ban el\u0151sz\u00f6r ker\u00fclt megrendez\u00e9sre az els\u0151 [&hellip;]<\/p>\n","protected":false},"author":6,"featured_media":17720,"comment_status":"closed","ping_status":"closed","sticky":false,"template":"","format":"standard","meta":{"footnotes":""},"categories":[91],"tags":[2541,2540,66,2542,2539,419],"class_list":["post-17718","post","type-post","status-publish","format-standard","has-post-thumbnail","hentry","category-kepek-videok","tag-egyetem","tag-elte","tag-gazdasag","tag-karriernap","tag-konfuciusz-intezet","tag-magyarorszag"],"yoast_head":"<!-- This site is optimized with the Yoast SEO plugin v23.7 - https:\/\/yoast.com\/wordpress\/plugins\/seo\/ -->\n<title>K\u00ednai karriernap az ELTE Konfuciusz Int\u00e9zet szervez\u00e9s\u00e9ben - kinaikaleidoszkop.hu<\/title>\n<meta name=\"robots\" content=\"index, follow, max-snippet:-1, max-image-preview:large, max-video-preview:-1\" \/>\n<link rel=\"canonical\" href=\"https:\/\/kinaikaleidoszkop.hu\/index.php\/2023\/06\/12\/kinai-karriernap-az-elte-konfuciusz-intezet-szervezeseben\/\" \/>\n<meta property=\"og:locale\" content=\"hu_HU\" \/>\n<meta property=\"og:type\" content=\"article\" \/>\n<meta property=\"og:title\" content=\"K\u00ednai karriernap az ELTE Konfuciusz Int\u00e9zet szervez\u00e9s\u00e9ben - kinaikaleidoszkop.hu\" \/>\n<meta property=\"og:description\" content=\"A k\u00ednai nyelv tanul\u00e1sa vil\u00e1gszerte, \u00edgy Magyarorsz\u00e1gon is egyre n\u00e9pszer\u0171bb. Haz\u00e1nkban is egyre t\u00f6bben tanulj\u00e1k ezt a k\u00fcl\u00f6nleges t\u00e1vol-keleti nyelvet. A nyelv \u00e9s kult\u00fara ir\u00e1nti \u00e9rdekl\u0151d\u00e9sen t\u00fal, ma m\u00e1r l\u00e9nyeges szempont a nyelvtanul\u00e1sban, hogy hol \u00e9s hogyan lehet hasznos\u00edtani majd a megszerzett tud\u00e1st az \u00e9letben, a munkaer\u0151piacon. Magyarorsz\u00e1gon 2023 m\u00e1jus\u00e1ban el\u0151sz\u00f6r ker\u00fclt megrendez\u00e9sre az els\u0151 [&hellip;]\" \/>\n<meta property=\"og:url\" content=\"https:\/\/kinaikaleidoszkop.hu\/index.php\/2023\/06\/12\/kinai-karriernap-az-elte-konfuciusz-intezet-szervezeseben\/\" \/>\n<meta property=\"og:site_name\" content=\"kinaikaleidoszkop.hu\" \/>\n<meta property=\"article:published_time\" content=\"2023-06-12T13:09:01+00:00\" \/>\n<meta property=\"article:modified_time\" content=\"2023-06-12T13:09:06+00:00\" \/>\n<meta property=\"og:image\" content=\"https:\/\/kinaikaleidoszkop.hu\/wp-content\/uploads\/2023\/06\/fsdgdgdfh.jpg\" \/>\n\t<meta property=\"og:image:width\" content=\"1390\" \/>\n\t<meta property=\"og:image:height\" content=\"722\" \/>\n\t<meta property=\"og:image:type\" content=\"image\/jpeg\" \/>\n<meta name=\"author\" content=\"admin-sebi\" \/>\n<meta name=\"twitter:card\" content=\"summary_large_image\" \/>\n<meta name=\"twitter:label1\" content=\"Szerz\u0151:\" \/>\n\t<meta name=\"twitter:data1\" content=\"admin-sebi\" \/>\n\t<meta name=\"twitter:label2\" content=\"Becs\u00fclt olvas\u00e1si id\u0151\" \/>\n\t<meta name=\"twitter:data2\" content=\"2 perc\" \/>\n<script type=\"application\/ld+json\" class=\"yoast-schema-graph\">{\"@context\":\"https:\/\/schema.org\",\"@graph\":[{\"@type\":\"WebPage\",\"@id\":\"https:\/\/kinaikaleidoszkop.hu\/index.php\/2023\/06\/12\/kinai-karriernap-az-elte-konfuciusz-intezet-szervezeseben\/\",\"url\":\"https:\/\/kinaikaleidoszkop.hu\/index.php\/2023\/06\/12\/kinai-karriernap-az-elte-konfuciusz-intezet-szervezeseben\/\",\"name\":\"K\u00ednai karriernap az ELTE Konfuciusz Int\u00e9zet szervez\u00e9s\u00e9ben - kinaikaleidoszkop.hu\",\"isPartOf\":{\"@id\":\"https:\/\/kinaikaleidoszkop.hu\/#website\"},\"primaryImageOfPage\":{\"@id\":\"https:\/\/kinaikaleidoszkop.hu\/index.php\/2023\/06\/12\/kinai-karriernap-az-elte-konfuciusz-intezet-szervezeseben\/#primaryimage\"},\"image\":{\"@id\":\"https:\/\/kinaikaleidoszkop.hu\/index.php\/2023\/06\/12\/kinai-karriernap-az-elte-konfuciusz-intezet-szervezeseben\/#primaryimage\"},\"thumbnailUrl\":\"https:\/\/kinaikaleidoszkop.hu\/wp-content\/uploads\/2023\/06\/fsdgdgdfh.jpg\",\"datePublished\":\"2023-06-12T13:09:01+00:00\",\"dateModified\":\"2023-06-12T13:09:06+00:00\",\"author\":{\"@id\":\"https:\/\/kinaikaleidoszkop.hu\/#\/schema\/person\/fd215d3a8bab54daeb796ae166f99ea5\"},\"breadcrumb\":{\"@id\":\"https:\/\/kinaikaleidoszkop.hu\/index.php\/2023\/06\/12\/kinai-karriernap-az-elte-konfuciusz-intezet-szervezeseben\/#breadcrumb\"},\"inLanguage\":\"hu\",\"potentialAction\":[{\"@type\":\"ReadAction\",\"target\":[\"https:\/\/kinaikaleidoszkop.hu\/index.php\/2023\/06\/12\/kinai-karriernap-az-elte-konfuciusz-intezet-szervezeseben\/\"]}]},{\"@type\":\"ImageObject\",\"inLanguage\":\"hu\",\"@id\":\"https:\/\/kinaikaleidoszkop.hu\/index.php\/2023\/06\/12\/kinai-karriernap-az-elte-konfuciusz-intezet-szervezeseben\/#primaryimage\",\"url\":\"https:\/\/kinaikaleidoszkop.hu\/wp-content\/uploads\/2023\/06\/fsdgdgdfh.jpg\",\"contentUrl\":\"https:\/\/kinaikaleidoszkop.hu\/wp-content\/uploads\/2023\/06\/fsdgdgdfh.jpg\",\"width\":1390,\"height\":722},{\"@type\":\"BreadcrumbList\",\"@id\":\"https:\/\/kinaikaleidoszkop.hu\/index.php\/2023\/06\/12\/kinai-karriernap-az-elte-konfuciusz-intezet-szervezeseben\/#breadcrumb\",\"itemListElement\":[{\"@type\":\"ListItem\",\"position\":1,\"name\":\"Kezd\u0151lap\",\"item\":\"https:\/\/kinaikaleidoszkop.hu\/\"},{\"@type\":\"ListItem\",\"position\":2,\"name\":\"K\u00ednai karriernap az ELTE Konfuciusz Int\u00e9zet szervez\u00e9s\u00e9ben\"}]},{\"@type\":\"WebSite\",\"@id\":\"https:\/\/kinaikaleidoszkop.hu\/#website\",\"url\":\"https:\/\/kinaikaleidoszkop.hu\/\",\"name\":\"kinaikaleidoszkop.hu\",\"description\":\"\",\"potentialAction\":[{\"@type\":\"SearchAction\",\"target\":{\"@type\":\"EntryPoint\",\"urlTemplate\":\"https:\/\/kinaikaleidoszkop.hu\/?s={search_term_string}\"},\"query-input\":{\"@type\":\"PropertyValueSpecification\",\"valueRequired\":true,\"valueName\":\"search_term_string\"}}],\"inLanguage\":\"hu\"},{\"@type\":\"Person\",\"@id\":\"https:\/\/kinaikaleidoszkop.hu\/#\/schema\/person\/fd215d3a8bab54daeb796ae166f99ea5\",\"name\":\"admin-sebi\",\"image\":{\"@type\":\"ImageObject\",\"inLanguage\":\"hu\",\"@id\":\"https:\/\/kinaikaleidoszkop.hu\/#\/schema\/person\/image\/\",\"url\":\"https:\/\/secure.gravatar.com\/avatar\/b1498042bc4969020b4951f204f963e97c3d7d199f3790c1071adf67c61d0aa5?s=96&d=mm&r=g\",\"contentUrl\":\"https:\/\/secure.gravatar.com\/avatar\/b1498042bc4969020b4951f204f963e97c3d7d199f3790c1071adf67c61d0aa5?s=96&d=mm&r=g\",\"caption\":\"admin-sebi\"},\"url\":\"https:\/\/kinaikaleidoszkop.hu\/index.php\/author\/admin-sebi\/\"}]}<\/script>\n<!-- \/ Yoast SEO plugin. -->","yoast_head_json":{"title":"K\u00ednai karriernap az ELTE Konfuciusz Int\u00e9zet szervez\u00e9s\u00e9ben - kinaikaleidoszkop.hu","robots":{"index":"index","follow":"follow","max-snippet":"max-snippet:-1","max-image-preview":"max-image-preview:large","max-video-preview":"max-video-preview:-1"},"canonical":"https:\/\/kinaikaleidoszkop.hu\/index.php\/2023\/06\/12\/kinai-karriernap-az-elte-konfuciusz-intezet-szervezeseben\/","og_locale":"hu_HU","og_type":"article","og_title":"K\u00ednai karriernap az ELTE Konfuciusz Int\u00e9zet szervez\u00e9s\u00e9ben - kinaikaleidoszkop.hu","og_description":"A k\u00ednai nyelv tanul\u00e1sa vil\u00e1gszerte, \u00edgy Magyarorsz\u00e1gon is egyre n\u00e9pszer\u0171bb. Haz\u00e1nkban is egyre t\u00f6bben tanulj\u00e1k ezt a k\u00fcl\u00f6nleges t\u00e1vol-keleti nyelvet. A nyelv \u00e9s kult\u00fara ir\u00e1nti \u00e9rdekl\u0151d\u00e9sen t\u00fal, ma m\u00e1r l\u00e9nyeges szempont a nyelvtanul\u00e1sban, hogy hol \u00e9s hogyan lehet hasznos\u00edtani majd a megszerzett tud\u00e1st az \u00e9letben, a munkaer\u0151piacon. Magyarorsz\u00e1gon 2023 m\u00e1jus\u00e1ban el\u0151sz\u00f6r ker\u00fclt megrendez\u00e9sre az els\u0151 [&hellip;]","og_url":"https:\/\/kinaikaleidoszkop.hu\/index.php\/2023\/06\/12\/kinai-karriernap-az-elte-konfuciusz-intezet-szervezeseben\/","og_site_name":"kinaikaleidoszkop.hu","article_published_time":"2023-06-12T13:09:01+00:00","article_modified_time":"2023-06-12T13:09:06+00:00","og_image":[{"width":1390,"height":722,"url":"https:\/\/kinaikaleidoszkop.hu\/wp-content\/uploads\/2023\/06\/fsdgdgdfh.jpg","type":"image\/jpeg"}],"author":"admin-sebi","twitter_card":"summary_large_image","twitter_misc":{"Szerz\u0151:":"admin-sebi","Becs\u00fclt olvas\u00e1si id\u0151":"2 perc"},"schema":{"@context":"https:\/\/schema.org","@graph":[{"@type":"WebPage","@id":"https:\/\/kinaikaleidoszkop.hu\/index.php\/2023\/06\/12\/kinai-karriernap-az-elte-konfuciusz-intezet-szervezeseben\/","url":"https:\/\/kinaikaleidoszkop.hu\/index.php\/2023\/06\/12\/kinai-karriernap-az-elte-konfuciusz-intezet-szervezeseben\/","name":"K\u00ednai karriernap az ELTE Konfuciusz Int\u00e9zet szervez\u00e9s\u00e9ben - kinaikaleidoszkop.hu","isPartOf":{"@id":"https:\/\/kinaikaleidoszkop.hu\/#website"},"primaryImageOfPage":{"@id":"https:\/\/kinaikaleidoszkop.hu\/index.php\/2023\/06\/12\/kinai-karriernap-az-elte-konfuciusz-intezet-szervezeseben\/#primaryimage"},"image":{"@id":"https:\/\/kinaikaleidoszkop.hu\/index.php\/2023\/06\/12\/kinai-karriernap-az-elte-konfuciusz-intezet-szervezeseben\/#primaryimage"},"thumbnailUrl":"https:\/\/kinaikaleidoszkop.hu\/wp-content\/uploads\/2023\/06\/fsdgdgdfh.jpg","datePublished":"2023-06-12T13:09:01+00:00","dateModified":"2023-06-12T13:09:06+00:00","author":{"@id":"https:\/\/kinaikaleidoszkop.hu\/#\/schema\/person\/fd215d3a8bab54daeb796ae166f99ea5"},"breadcrumb":{"@id":"https:\/\/kinaikaleidoszkop.hu\/index.php\/2023\/06\/12\/kinai-karriernap-az-elte-konfuciusz-intezet-szervezeseben\/#breadcrumb"},"inLanguage":"hu","potentialAction":[{"@type":"ReadAction","target":["https:\/\/kinaikaleidoszkop.hu\/index.php\/2023\/06\/12\/kinai-karriernap-az-elte-konfuciusz-intezet-szervezeseben\/"]}]},{"@type":"ImageObject","inLanguage":"hu","@id":"https:\/\/kinaikaleidoszkop.hu\/index.php\/2023\/06\/12\/kinai-karriernap-az-elte-konfuciusz-intezet-szervezeseben\/#primaryimage","url":"https:\/\/kinaikaleidoszkop.hu\/wp-content\/uploads\/2023\/06\/fsdgdgdfh.jpg","contentUrl":"https:\/\/kinaikaleidoszkop.hu\/wp-content\/uploads\/2023\/06\/fsdgdgdfh.jpg","width":1390,"height":722},{"@type":"BreadcrumbList","@id":"https:\/\/kinaikaleidoszkop.hu\/index.php\/2023\/06\/12\/kinai-karriernap-az-elte-konfuciusz-intezet-szervezeseben\/#breadcrumb","itemListElement":[{"@type":"ListItem","position":1,"name":"Kezd\u0151lap","item":"https:\/\/kinaikaleidoszkop.hu\/"},{"@type":"ListItem","position":2,"name":"K\u00ednai karriernap az ELTE Konfuciusz Int\u00e9zet szervez\u00e9s\u00e9ben"}]},{"@type":"WebSite","@id":"https:\/\/kinaikaleidoszkop.hu\/#website","url":"https:\/\/kinaikaleidoszkop.hu\/","name":"kinaikaleidoszkop.hu","description":"","potentialAction":[{"@type":"SearchAction","target":{"@type":"EntryPoint","urlTemplate":"https:\/\/kinaikaleidoszkop.hu\/?s={search_term_string}"},"query-input":{"@type":"PropertyValueSpecification","valueRequired":true,"valueName":"search_term_string"}}],"inLanguage":"hu"},{"@type":"Person","@id":"https:\/\/kinaikaleidoszkop.hu\/#\/schema\/person\/fd215d3a8bab54daeb796ae166f99ea5","name":"admin-sebi","image":{"@type":"ImageObject","inLanguage":"hu","@id":"https:\/\/kinaikaleidoszkop.hu\/#\/schema\/person\/image\/","url":"https:\/\/secure.gravatar.com\/avatar\/b1498042bc4969020b4951f204f963e97c3d7d199f3790c1071adf67c61d0aa5?s=96&d=mm&r=g","contentUrl":"https:\/\/secure.gravatar.com\/avatar\/b1498042bc4969020b4951f204f963e97c3d7d199f3790c1071adf67c61d0aa5?s=96&d=mm&r=g","caption":"admin-sebi"},"url":"https:\/\/kinaikaleidoszkop.hu\/index.php\/author\/admin-sebi\/"}]}},"views":278,"distributor_meta":false,"distributor_terms":false,"distributor_media":false,"distributor_original_site_name":"kinaikaleidoszkop.hu","distributor_original_site_url":"https:\/\/kinaikaleidoszkop.hu","push-errors":false,"_links":{"self":[{"href":"https:\/\/kinaikaleidoszkop.hu\/index.php\/wp-json\/wp\/v2\/posts\/17718","targetHints":{"allow":["GET"]}}],"collection":[{"href":"https:\/\/kinaikaleidoszkop.hu\/index.php\/wp-json\/wp\/v2\/posts"}],"about":[{"href":"https:\/\/kinaikaleidoszkop.hu\/index.php\/wp-json\/wp\/v2\/types\/post"}],"author":[{"embeddable":true,"href":"https:\/\/kinaikaleidoszkop.hu\/index.php\/wp-json\/wp\/v2\/users\/6"}],"replies":[{"embeddable":true,"href":"https:\/\/kinaikaleidoszkop.hu\/index.php\/wp-json\/wp\/v2\/comments?post=17718"}],"version-history":[{"count":1,"href":"https:\/\/kinaikaleidoszkop.hu\/index.php\/wp-json\/wp\/v2\/posts\/17718\/revisions"}],"predecessor-version":[{"id":17721,"href":"https:\/\/kinaikaleidoszkop.hu\/index.php\/wp-json\/wp\/v2\/posts\/17718\/revisions\/17721"}],"wp:featuredmedia":[{"embeddable":true,"href":"https:\/\/kinaikaleidoszkop.hu\/index.php\/wp-json\/wp\/v2\/media\/17720"}],"wp:attachment":[{"href":"https:\/\/kinaikaleidoszkop.hu\/index.php\/wp-json\/wp\/v2\/media?parent=17718"}],"wp:term":[{"taxonomy":"category","embeddable":true,"href":"https:\/\/kinaikaleidoszkop.hu\/index.php\/wp-json\/wp\/v2\/categories?post=17718"},{"taxonomy":"post_tag","embeddable":true,"href":"https:\/\/kinaikaleidoszkop.hu\/index.php\/wp-json\/wp\/v2\/tags?post=17718"}],"curies":[{"name":"wp","href":"https:\/\/api.w.org\/{rel}","templated":true}]}}