{"id":17722,"date":"2023-06-12T15:28:36","date_gmt":"2023-06-12T13:28:36","guid":{"rendered":"https:\/\/kinaikaleidoszkop.hu\/?p=17722"},"modified":"2023-06-12T15:28:41","modified_gmt":"2023-06-12T13:28:41","slug":"kinai-vallalatok-magyarorszagon","status":"publish","type":"post","link":"https:\/\/kinaikaleidoszkop.hu\/index.php\/2023\/06\/12\/kinai-vallalatok-magyarorszagon\/","title":{"rendered":"K\u00ednai v\u00e1llalatok Magyarorsz\u00e1gon"},"content":{"rendered":"\n<h2 class=\"wp-block-heading\" style=\"font-size:18px\">Az elm\u00falt \u00e9vben az \u201eEgy \u00f6vezet, egy \u00fat&#8221; kezdem\u00e9nyez\u00e9st t\u00e1mogat\u00f3k k\u00f6re, a r\u00e9sztvev\u0151k k\u00f6z\u00f6s er\u0151fesz\u00edt\u00e9sei nyom\u00e1n tov\u00e1bb b\u0151v\u00fclt. A program keret\u00e9ben t\u00f6bb mint 150 orsz\u00e1g \u00e9s 30 nemzetk\u00f6zi szervezet \u00edrt al\u00e1 egy\u00fcttm\u0171k\u00f6d\u00e9si dokumentumokat.<\/h2>\n\n\n\n<p>Az \u201eEgy \u00f6vezet, egy \u00fat&#8221;n\u00e9pszer\u0171 nemzetk\u00f6zi egy\u00fcttm\u0171k\u00f6d\u00e9si platformm\u00e1 v\u00e1lt. A partners\u00e9g tov\u00e1bb b\u0151v\u00fcl, \u00e9s pozit\u00edvan j\u00e1rul hozz\u00e1 a r\u00e9sztvev\u0151 orsz\u00e1gok gazdas\u00e1gi fejl\u0151d\u00e9s\u00e9hez, a foglalkoztat\u00e1s n\u00f6vel\u00e9s\u00e9hez \u00e9s az emberek meg\u00e9lhet\u00e9s\u00e9nek jav\u00edt\u00e1s\u00e1hoz. Az \u201eEgy \u00f6vezet, egy \u00fat&#8221; a b\u00e9k\u00e9t, a j\u00f3l\u00e9tet, a nyitotts\u00e1got, a z\u00f6ld megold\u00e1sokat, az innov\u00e1ci\u00f3t \u00e9s a civiliz\u00e1ci\u00f3t szimboliz\u00e1lja.<\/p>\n\n\n\n<figure class=\"wp-block-embed is-type-video is-provider-youtube wp-block-embed-youtube wp-embed-aspect-16-9 wp-has-aspect-ratio\"><div class=\"wp-block-embed__wrapper\">\n<iframe loading=\"lazy\" title=\"CENTRUM TV | K\u00ednai v\u00e1llalatok Magyarorsz\u00e1gon\" width=\"1320\" height=\"743\" src=\"https:\/\/www.youtube.com\/embed\/LcufRpSaDW4?feature=oembed\" frameborder=\"0\" allow=\"accelerometer; autoplay; clipboard-write; encrypted-media; gyroscope; picture-in-picture; web-share\" allowfullscreen><\/iframe>\n<\/div><\/figure>\n\n\n\n<p>Magyarorsz\u00e1g az els\u0151 eur\u00f3pai orsz\u00e1g, amely al\u00e1\u00edrta az \u201eEgy \u00f6vezet, egy \u00fat&#8221; egy\u00fcttm\u0171k\u00f6d\u00e9si meg\u00e1llapod\u00e1st K\u00edn\u00e1val, az els\u0151 orsz\u00e1g K\u00f6z\u00e9p- \u00e9s Kelet-Eur\u00f3p\u00e1ban, mely RMB kl\u00edring bankot hozott l\u00e9tre, valamint az els\u0151 olyan eur\u00f3pai orsz\u00e1g, ahol magyar-k\u00ednai k\u00e9t tan\u00edt\u00e1si nyelv\u0171 iskola l\u00e9tes\u00fclt.<\/p>\n\n\n\n<p><strong>2023. 06. 12.<\/strong><\/p>\n","protected":false},"excerpt":{"rendered":"<p>Az elm\u00falt \u00e9vben az \u201eEgy \u00f6vezet, egy \u00fat&#8221; kezdem\u00e9nyez\u00e9st t\u00e1mogat\u00f3k k\u00f6re, a r\u00e9sztvev\u0151k k\u00f6z\u00f6s er\u0151fesz\u00edt\u00e9sei nyom\u00e1n tov\u00e1bb b\u0151v\u00fclt. A program keret\u00e9ben t\u00f6bb mint 150 orsz\u00e1g \u00e9s 30 nemzetk\u00f6zi szervezet \u00edrt al\u00e1 egy\u00fcttm\u0171k\u00f6d\u00e9si dokumentumokat. Az \u201eEgy \u00f6vezet, egy \u00fat&#8221;n\u00e9pszer\u0171 nemzetk\u00f6zi egy\u00fcttm\u0171k\u00f6d\u00e9si platformm\u00e1 v\u00e1lt. A partners\u00e9g tov\u00e1bb b\u0151v\u00fcl, \u00e9s pozit\u00edvan j\u00e1rul hozz\u00e1 a r\u00e9sztvev\u0151 orsz\u00e1gok gazdas\u00e1gi fejl\u0151d\u00e9s\u00e9hez, [&hellip;]<\/p>\n","protected":false},"author":6,"featured_media":17724,"comment_status":"closed","ping_status":"closed","sticky":false,"template":"","format":"standard","meta":{"footnotes":""},"categories":[91],"tags":[2544,66,2543,419,71],"class_list":["post-17722","post","type-post","status-publish","format-standard","has-post-thumbnail","hentry","category-kepek-videok","tag-egy-ovezet-egy-ut-kezdemenyezes","tag-gazdasag","tag-kinai-vallalatok","tag-magyarorszag","tag-vilaggazdasag"],"yoast_head":"<!-- This site is optimized with the Yoast SEO plugin v23.7 - https:\/\/yoast.com\/wordpress\/plugins\/seo\/ -->\n<title>K\u00ednai v\u00e1llalatok Magyarorsz\u00e1gon - kinaikaleidoszkop.hu<\/title>\n<meta name=\"robots\" content=\"index, follow, max-snippet:-1, max-image-preview:large, max-video-preview:-1\" \/>\n<link rel=\"canonical\" href=\"https:\/\/kinaikaleidoszkop.hu\/index.php\/2023\/06\/12\/kinai-vallalatok-magyarorszagon\/\" \/>\n<meta property=\"og:locale\" content=\"hu_HU\" \/>\n<meta property=\"og:type\" content=\"article\" \/>\n<meta property=\"og:title\" content=\"K\u00ednai v\u00e1llalatok Magyarorsz\u00e1gon - kinaikaleidoszkop.hu\" \/>\n<meta property=\"og:description\" content=\"Az elm\u00falt \u00e9vben az \u201eEgy \u00f6vezet, egy \u00fat&#8221; kezdem\u00e9nyez\u00e9st t\u00e1mogat\u00f3k k\u00f6re, a r\u00e9sztvev\u0151k k\u00f6z\u00f6s er\u0151fesz\u00edt\u00e9sei nyom\u00e1n tov\u00e1bb b\u0151v\u00fclt. A program keret\u00e9ben t\u00f6bb mint 150 orsz\u00e1g \u00e9s 30 nemzetk\u00f6zi szervezet \u00edrt al\u00e1 egy\u00fcttm\u0171k\u00f6d\u00e9si dokumentumokat. Az \u201eEgy \u00f6vezet, egy \u00fat&#8221;n\u00e9pszer\u0171 nemzetk\u00f6zi egy\u00fcttm\u0171k\u00f6d\u00e9si platformm\u00e1 v\u00e1lt. A partners\u00e9g tov\u00e1bb b\u0151v\u00fcl, \u00e9s pozit\u00edvan j\u00e1rul hozz\u00e1 a r\u00e9sztvev\u0151 orsz\u00e1gok gazdas\u00e1gi fejl\u0151d\u00e9s\u00e9hez, [&hellip;]\" \/>\n<meta property=\"og:url\" content=\"https:\/\/kinaikaleidoszkop.hu\/index.php\/2023\/06\/12\/kinai-vallalatok-magyarorszagon\/\" \/>\n<meta property=\"og:site_name\" content=\"kinaikaleidoszkop.hu\" \/>\n<meta property=\"article:published_time\" content=\"2023-06-12T13:28:36+00:00\" \/>\n<meta property=\"article:modified_time\" content=\"2023-06-12T13:28:41+00:00\" \/>\n<meta property=\"og:image\" content=\"https:\/\/kinaikaleidoszkop.hu\/wp-content\/uploads\/2023\/06\/shgdhgdjkf.jpg\" \/>\n\t<meta property=\"og:image:width\" content=\"1272\" \/>\n\t<meta property=\"og:image:height\" content=\"725\" \/>\n\t<meta property=\"og:image:type\" content=\"image\/jpeg\" \/>\n<meta name=\"author\" content=\"admin-sebi\" \/>\n<meta name=\"twitter:card\" content=\"summary_large_image\" \/>\n<meta name=\"twitter:label1\" content=\"Szerz\u0151:\" \/>\n\t<meta name=\"twitter:data1\" content=\"admin-sebi\" \/>\n\t<meta name=\"twitter:label2\" content=\"Becs\u00fclt olvas\u00e1si id\u0151\" \/>\n\t<meta name=\"twitter:data2\" content=\"1 perc\" \/>\n<script type=\"application\/ld+json\" class=\"yoast-schema-graph\">{\"@context\":\"https:\/\/schema.org\",\"@graph\":[{\"@type\":\"WebPage\",\"@id\":\"https:\/\/kinaikaleidoszkop.hu\/index.php\/2023\/06\/12\/kinai-vallalatok-magyarorszagon\/\",\"url\":\"https:\/\/kinaikaleidoszkop.hu\/index.php\/2023\/06\/12\/kinai-vallalatok-magyarorszagon\/\",\"name\":\"K\u00ednai v\u00e1llalatok Magyarorsz\u00e1gon - kinaikaleidoszkop.hu\",\"isPartOf\":{\"@id\":\"https:\/\/kinaikaleidoszkop.hu\/#website\"},\"primaryImageOfPage\":{\"@id\":\"https:\/\/kinaikaleidoszkop.hu\/index.php\/2023\/06\/12\/kinai-vallalatok-magyarorszagon\/#primaryimage\"},\"image\":{\"@id\":\"https:\/\/kinaikaleidoszkop.hu\/index.php\/2023\/06\/12\/kinai-vallalatok-magyarorszagon\/#primaryimage\"},\"thumbnailUrl\":\"https:\/\/kinaikaleidoszkop.hu\/wp-content\/uploads\/2023\/06\/shgdhgdjkf.jpg\",\"datePublished\":\"2023-06-12T13:28:36+00:00\",\"dateModified\":\"2023-06-12T13:28:41+00:00\",\"author\":{\"@id\":\"https:\/\/kinaikaleidoszkop.hu\/#\/schema\/person\/fd215d3a8bab54daeb796ae166f99ea5\"},\"breadcrumb\":{\"@id\":\"https:\/\/kinaikaleidoszkop.hu\/index.php\/2023\/06\/12\/kinai-vallalatok-magyarorszagon\/#breadcrumb\"},\"inLanguage\":\"hu\",\"potentialAction\":[{\"@type\":\"ReadAction\",\"target\":[\"https:\/\/kinaikaleidoszkop.hu\/index.php\/2023\/06\/12\/kinai-vallalatok-magyarorszagon\/\"]}]},{\"@type\":\"ImageObject\",\"inLanguage\":\"hu\",\"@id\":\"https:\/\/kinaikaleidoszkop.hu\/index.php\/2023\/06\/12\/kinai-vallalatok-magyarorszagon\/#primaryimage\",\"url\":\"https:\/\/kinaikaleidoszkop.hu\/wp-content\/uploads\/2023\/06\/shgdhgdjkf.jpg\",\"contentUrl\":\"https:\/\/kinaikaleidoszkop.hu\/wp-content\/uploads\/2023\/06\/shgdhgdjkf.jpg\",\"width\":1272,\"height\":725},{\"@type\":\"BreadcrumbList\",\"@id\":\"https:\/\/kinaikaleidoszkop.hu\/index.php\/2023\/06\/12\/kinai-vallalatok-magyarorszagon\/#breadcrumb\",\"itemListElement\":[{\"@type\":\"ListItem\",\"position\":1,\"name\":\"Kezd\u0151lap\",\"item\":\"https:\/\/kinaikaleidoszkop.hu\/\"},{\"@type\":\"ListItem\",\"position\":2,\"name\":\"K\u00ednai v\u00e1llalatok Magyarorsz\u00e1gon\"}]},{\"@type\":\"WebSite\",\"@id\":\"https:\/\/kinaikaleidoszkop.hu\/#website\",\"url\":\"https:\/\/kinaikaleidoszkop.hu\/\",\"name\":\"kinaikaleidoszkop.hu\",\"description\":\"\",\"potentialAction\":[{\"@type\":\"SearchAction\",\"target\":{\"@type\":\"EntryPoint\",\"urlTemplate\":\"https:\/\/kinaikaleidoszkop.hu\/?s={search_term_string}\"},\"query-input\":{\"@type\":\"PropertyValueSpecification\",\"valueRequired\":true,\"valueName\":\"search_term_string\"}}],\"inLanguage\":\"hu\"},{\"@type\":\"Person\",\"@id\":\"https:\/\/kinaikaleidoszkop.hu\/#\/schema\/person\/fd215d3a8bab54daeb796ae166f99ea5\",\"name\":\"admin-sebi\",\"image\":{\"@type\":\"ImageObject\",\"inLanguage\":\"hu\",\"@id\":\"https:\/\/kinaikaleidoszkop.hu\/#\/schema\/person\/image\/\",\"url\":\"https:\/\/secure.gravatar.com\/avatar\/b1498042bc4969020b4951f204f963e97c3d7d199f3790c1071adf67c61d0aa5?s=96&d=mm&r=g\",\"contentUrl\":\"https:\/\/secure.gravatar.com\/avatar\/b1498042bc4969020b4951f204f963e97c3d7d199f3790c1071adf67c61d0aa5?s=96&d=mm&r=g\",\"caption\":\"admin-sebi\"},\"url\":\"https:\/\/kinaikaleidoszkop.hu\/index.php\/author\/admin-sebi\/\"}]}<\/script>\n<!-- \/ Yoast SEO plugin. -->","yoast_head_json":{"title":"K\u00ednai v\u00e1llalatok Magyarorsz\u00e1gon - kinaikaleidoszkop.hu","robots":{"index":"index","follow":"follow","max-snippet":"max-snippet:-1","max-image-preview":"max-image-preview:large","max-video-preview":"max-video-preview:-1"},"canonical":"https:\/\/kinaikaleidoszkop.hu\/index.php\/2023\/06\/12\/kinai-vallalatok-magyarorszagon\/","og_locale":"hu_HU","og_type":"article","og_title":"K\u00ednai v\u00e1llalatok Magyarorsz\u00e1gon - kinaikaleidoszkop.hu","og_description":"Az elm\u00falt \u00e9vben az \u201eEgy \u00f6vezet, egy \u00fat&#8221; kezdem\u00e9nyez\u00e9st t\u00e1mogat\u00f3k k\u00f6re, a r\u00e9sztvev\u0151k k\u00f6z\u00f6s er\u0151fesz\u00edt\u00e9sei nyom\u00e1n tov\u00e1bb b\u0151v\u00fclt. A program keret\u00e9ben t\u00f6bb mint 150 orsz\u00e1g \u00e9s 30 nemzetk\u00f6zi szervezet \u00edrt al\u00e1 egy\u00fcttm\u0171k\u00f6d\u00e9si dokumentumokat. Az \u201eEgy \u00f6vezet, egy \u00fat&#8221;n\u00e9pszer\u0171 nemzetk\u00f6zi egy\u00fcttm\u0171k\u00f6d\u00e9si platformm\u00e1 v\u00e1lt. A partners\u00e9g tov\u00e1bb b\u0151v\u00fcl, \u00e9s pozit\u00edvan j\u00e1rul hozz\u00e1 a r\u00e9sztvev\u0151 orsz\u00e1gok gazdas\u00e1gi fejl\u0151d\u00e9s\u00e9hez, [&hellip;]","og_url":"https:\/\/kinaikaleidoszkop.hu\/index.php\/2023\/06\/12\/kinai-vallalatok-magyarorszagon\/","og_site_name":"kinaikaleidoszkop.hu","article_published_time":"2023-06-12T13:28:36+00:00","article_modified_time":"2023-06-12T13:28:41+00:00","og_image":[{"width":1272,"height":725,"url":"https:\/\/kinaikaleidoszkop.hu\/wp-content\/uploads\/2023\/06\/shgdhgdjkf.jpg","type":"image\/jpeg"}],"author":"admin-sebi","twitter_card":"summary_large_image","twitter_misc":{"Szerz\u0151:":"admin-sebi","Becs\u00fclt olvas\u00e1si id\u0151":"1 perc"},"schema":{"@context":"https:\/\/schema.org","@graph":[{"@type":"WebPage","@id":"https:\/\/kinaikaleidoszkop.hu\/index.php\/2023\/06\/12\/kinai-vallalatok-magyarorszagon\/","url":"https:\/\/kinaikaleidoszkop.hu\/index.php\/2023\/06\/12\/kinai-vallalatok-magyarorszagon\/","name":"K\u00ednai v\u00e1llalatok Magyarorsz\u00e1gon - kinaikaleidoszkop.hu","isPartOf":{"@id":"https:\/\/kinaikaleidoszkop.hu\/#website"},"primaryImageOfPage":{"@id":"https:\/\/kinaikaleidoszkop.hu\/index.php\/2023\/06\/12\/kinai-vallalatok-magyarorszagon\/#primaryimage"},"image":{"@id":"https:\/\/kinaikaleidoszkop.hu\/index.php\/2023\/06\/12\/kinai-vallalatok-magyarorszagon\/#primaryimage"},"thumbnailUrl":"https:\/\/kinaikaleidoszkop.hu\/wp-content\/uploads\/2023\/06\/shgdhgdjkf.jpg","datePublished":"2023-06-12T13:28:36+00:00","dateModified":"2023-06-12T13:28:41+00:00","author":{"@id":"https:\/\/kinaikaleidoszkop.hu\/#\/schema\/person\/fd215d3a8bab54daeb796ae166f99ea5"},"breadcrumb":{"@id":"https:\/\/kinaikaleidoszkop.hu\/index.php\/2023\/06\/12\/kinai-vallalatok-magyarorszagon\/#breadcrumb"},"inLanguage":"hu","potentialAction":[{"@type":"ReadAction","target":["https:\/\/kinaikaleidoszkop.hu\/index.php\/2023\/06\/12\/kinai-vallalatok-magyarorszagon\/"]}]},{"@type":"ImageObject","inLanguage":"hu","@id":"https:\/\/kinaikaleidoszkop.hu\/index.php\/2023\/06\/12\/kinai-vallalatok-magyarorszagon\/#primaryimage","url":"https:\/\/kinaikaleidoszkop.hu\/wp-content\/uploads\/2023\/06\/shgdhgdjkf.jpg","contentUrl":"https:\/\/kinaikaleidoszkop.hu\/wp-content\/uploads\/2023\/06\/shgdhgdjkf.jpg","width":1272,"height":725},{"@type":"BreadcrumbList","@id":"https:\/\/kinaikaleidoszkop.hu\/index.php\/2023\/06\/12\/kinai-vallalatok-magyarorszagon\/#breadcrumb","itemListElement":[{"@type":"ListItem","position":1,"name":"Kezd\u0151lap","item":"https:\/\/kinaikaleidoszkop.hu\/"},{"@type":"ListItem","position":2,"name":"K\u00ednai v\u00e1llalatok Magyarorsz\u00e1gon"}]},{"@type":"WebSite","@id":"https:\/\/kinaikaleidoszkop.hu\/#website","url":"https:\/\/kinaikaleidoszkop.hu\/","name":"kinaikaleidoszkop.hu","description":"","potentialAction":[{"@type":"SearchAction","target":{"@type":"EntryPoint","urlTemplate":"https:\/\/kinaikaleidoszkop.hu\/?s={search_term_string}"},"query-input":{"@type":"PropertyValueSpecification","valueRequired":true,"valueName":"search_term_string"}}],"inLanguage":"hu"},{"@type":"Person","@id":"https:\/\/kinaikaleidoszkop.hu\/#\/schema\/person\/fd215d3a8bab54daeb796ae166f99ea5","name":"admin-sebi","image":{"@type":"ImageObject","inLanguage":"hu","@id":"https:\/\/kinaikaleidoszkop.hu\/#\/schema\/person\/image\/","url":"https:\/\/secure.gravatar.com\/avatar\/b1498042bc4969020b4951f204f963e97c3d7d199f3790c1071adf67c61d0aa5?s=96&d=mm&r=g","contentUrl":"https:\/\/secure.gravatar.com\/avatar\/b1498042bc4969020b4951f204f963e97c3d7d199f3790c1071adf67c61d0aa5?s=96&d=mm&r=g","caption":"admin-sebi"},"url":"https:\/\/kinaikaleidoszkop.hu\/index.php\/author\/admin-sebi\/"}]}},"views":420,"distributor_meta":false,"distributor_terms":false,"distributor_media":false,"distributor_original_site_name":"kinaikaleidoszkop.hu","distributor_original_site_url":"https:\/\/kinaikaleidoszkop.hu","push-errors":false,"_links":{"self":[{"href":"https:\/\/kinaikaleidoszkop.hu\/index.php\/wp-json\/wp\/v2\/posts\/17722","targetHints":{"allow":["GET"]}}],"collection":[{"href":"https:\/\/kinaikaleidoszkop.hu\/index.php\/wp-json\/wp\/v2\/posts"}],"about":[{"href":"https:\/\/kinaikaleidoszkop.hu\/index.php\/wp-json\/wp\/v2\/types\/post"}],"author":[{"embeddable":true,"href":"https:\/\/kinaikaleidoszkop.hu\/index.php\/wp-json\/wp\/v2\/users\/6"}],"replies":[{"embeddable":true,"href":"https:\/\/kinaikaleidoszkop.hu\/index.php\/wp-json\/wp\/v2\/comments?post=17722"}],"version-history":[{"count":1,"href":"https:\/\/kinaikaleidoszkop.hu\/index.php\/wp-json\/wp\/v2\/posts\/17722\/revisions"}],"predecessor-version":[{"id":17725,"href":"https:\/\/kinaikaleidoszkop.hu\/index.php\/wp-json\/wp\/v2\/posts\/17722\/revisions\/17725"}],"wp:featuredmedia":[{"embeddable":true,"href":"https:\/\/kinaikaleidoszkop.hu\/index.php\/wp-json\/wp\/v2\/media\/17724"}],"wp:attachment":[{"href":"https:\/\/kinaikaleidoszkop.hu\/index.php\/wp-json\/wp\/v2\/media?parent=17722"}],"wp:term":[{"taxonomy":"category","embeddable":true,"href":"https:\/\/kinaikaleidoszkop.hu\/index.php\/wp-json\/wp\/v2\/categories?post=17722"},{"taxonomy":"post_tag","embeddable":true,"href":"https:\/\/kinaikaleidoszkop.hu\/index.php\/wp-json\/wp\/v2\/tags?post=17722"}],"curies":[{"name":"wp","href":"https:\/\/api.w.org\/{rel}","templated":true}]}}