{"id":17744,"date":"2023-06-14T19:10:27","date_gmt":"2023-06-14T17:10:27","guid":{"rendered":"https:\/\/kinaikaleidoszkop.hu\/?p=17744"},"modified":"2023-06-14T19:10:29","modified_gmt":"2023-06-14T17:10:29","slug":"hszi-csin-ping-pekingben-targyalt-mahmud-abbasszal","status":"publish","type":"post","link":"https:\/\/kinaikaleidoszkop.hu\/index.php\/2023\/06\/14\/hszi-csin-ping-pekingben-targyalt-mahmud-abbasszal\/","title":{"rendered":"Hszi Csin-Ping Pekingben t\u00e1rgyalt Mahm\u00fad Abb\u00e1sszal"},"content":{"rendered":"\n<p><strong>J\u00fanius 14-\u00e9n d\u00e9lut\u00e1n Hszi Csin-Ping k\u00ednai \u00e1llameln\u00f6k Pekingben t\u00e1rgyalt Mahm\u00fad Abb\u00e1sz palesztin eln\u00f6kkel.<\/strong><\/p>\n\n\n\n<figure class=\"wp-block-image\"><img decoding=\"async\" src=\"https:\/\/hirpest.hu\/wp-content\/uploads\/2023\/06\/0614Lea8.jpg\" alt=\"\" class=\"wp-image-17374\"\/><\/figure>\n\n\n\n<p>Hszi azon alkalomb\u00f3l \u00fcdv\u00f6z\u00f6lte Abb\u00e1szt, hogy a palesztin eln\u00f6k ism\u00e9t K\u00edn\u00e1ba l\u00e1togatott. Hszi elmondta, hogy a Rij\u00e1dban tartott K\u00edna \u00e9s az arab orsz\u00e1gok k\u00f6z\u00f6tti tavaszi cs\u00facstal\u00e1lkoz\u00f3n a k\u00e9t f\u00e9l konszenzusra jutott t\u00f6bb ter\u00fcleten is. Abb\u00e1sz eln\u00f6k az els\u0151 arab vezet\u0151, aki 2023-ban Pekingbe l\u00e1togatott, ami azt t\u00fckr\u00f6zi, hogy magas szinten folytat\u00f3dik a k\u00ednai-palesztin viszony.<\/p>\n\n\n\n<p>Hszi hangs\u00falyozta, hogy a k\u00e9t f\u00e9l egym\u00e1sban b\u00edz\u00f3 \u00e9s a m\u00e1sikat t\u00e1mogat\u00f3 bar\u00e1t \u00e9s partner. K\u00edna mindig hat\u00e1rozottan ki\u00e1ll a palesztin n\u00e9p mellett a t\u00f6rv\u00e9nyes nemzeti jogok helyre\u00e1ll\u00edt\u00e1s\u00e1ra vonatkoz\u00f3 t\u00f6rekv\u00e9seiben.<\/p>\n\n\n\n<p>A v\u00e1ltoz\u00f3 nemzetk\u00f6zi \u00e9s k\u00f6zel-keleti helyzet h\u00e1tter\u00e9ben K\u00edna k\u00e9sz Palesztin\u00e1val meger\u0151s\u00edteni a koordin\u00e1ci\u00f3t \u00e9s az egy\u00fcttm\u0171k\u00f6d\u00e9st annak \u00e9rdek\u00e9ben, hogy a palesztin k\u00e9rd\u00e9sre mihamarabb tal\u00e1ljanak egy \u00e1tfog\u00f3, igazs\u00e1gos \u00e9s hossz\u00fat\u00e1v\u00fa megold\u00e1st.<\/p>\n\n\n\n<p>Hszi hangoztatta, hogy a k\u00ednai-palesztin strat\u00e9giai partners\u00e9g l\u00e9trehoz\u00e1sa fontos m\u00e9rf\u00f6ldk\u0151 a k\u00e9t f\u00e9l k\u00f6z\u00f6tti viszony tekintet\u00e9ben. K\u00edna k\u00e9sz fokozni az egy\u00fcttm\u0171k\u00f6d\u00e9st Palesztin\u00e1val valamennyi ter\u00fcleten.<\/p>\n\n\n\n<p>A t\u00e1rgyal\u00e1s sor\u00e1n Hszi Csin-ping egy h\u00e1rom pontb\u00f3l \u00e1ll\u00f3 javaslatot terjesztett el\u0151 a palesztin k\u00e9rd\u00e9s megold\u00e1s\u00e1ra. Hszi hangs\u00falyozta, hogy a palesztin k\u00e9rd\u00e9s t\u00f6bb mint f\u00e9l \u00e9vsz\u00e1zada megoldatlan, ami nagy szenved\u00e9st okoz a palesztin n\u00e9pnek. A lehet\u0151 leghamarabb igazs\u00e1got kell szolg\u00e1ltatni Palesztin\u00e1nak.<\/p>\n\n\n\n<p>El\u0151sz\u00f6r is, az alapvet\u0151 megold\u00e1s egy f\u00fcggetlen Palesztina l\u00e9trehoz\u00e1s\u00e1t felt\u00e9telezi, amely teljes szuverenit\u00e1st \u00e9lvez az 1967-es hat\u00e1rok alapj\u00e1n, \u00e9s a f\u0151v\u00e1rosa Kelet-Jeruzs\u00e1lem.<\/p>\n\n\n\n<p>M\u00e1sodszor, ki kell el\u00e9g\u00edteni Palesztina gazdas\u00e1gi \u00e9s meg\u00e9lhet\u00e9si sz\u00fcks\u00e9gleteit, \u00e9s a nemzetk\u00f6zi k\u00f6z\u00f6ss\u00e9gnek n\u00f6velnie kell a Palesztina sz\u00e1m\u00e1ra ny\u00fajtott fejleszt\u00e9si \u00e9s humanit\u00e1rius seg\u00e9lyeket.<\/p>\n\n\n\n<p>Harmadszor, fontos, hogy a b\u00e9ket\u00e1rgyal\u00e1sok helyes ir\u00e1nyt vegyenek. Tiszteletben kell tartani a jeruzs\u00e1lemi szent helyek t\u00f6rt\u00e9nelmi status quo-j\u00e1t, \u00e9s el kell ker\u00fclni a t\u00falz\u00f3 \u00e9s provokat\u00edv nyilatkozatokat \u00e9s cselekv\u00e9seket. Nagyszab\u00e1s\u00fa, tekint\u00e9lyes \u00e9s befoly\u00e1sos nemzetk\u00f6zi b\u00e9kekonferenci\u00e1t kell \u00f6sszeh\u00edvni, hogy megteremts\u00e9k a felt\u00e9teleket a b\u00e9ket\u00e1rgyal\u00e1sok \u00fajrakezd\u00e9s\u00e9hez, \u00e9s k\u00e9zzelfoghat\u00f3 er\u0151fesz\u00edt\u00e9seket kell tenni annak \u00e9rdek\u00e9ben, hogy Palesztina \u00e9s Izrael n\u00e9pe b\u00e9k\u00e9ben \u00e9lhessen \u2013 jelentette ki Hszi.<br><br>Hszi Csin-ping lesz\u00f6gezte, K\u00edna k\u00e9szen \u00e1ll arra, hogy pozit\u00edv szerepet j\u00e1tsszon, seg\u00edtse Palesztin\u00e1t a bels\u0151 megb\u00e9k\u00e9l\u00e9sben \u00e9s el\u0151seg\u00edtse a b\u00e9ket\u00e1rgyal\u00e1sokat.<\/p>\n\n\n\n<p><strong>2023. j\u00fanius 14.<\/strong><\/p>\n\n\n\n<p><strong><em>(China Media Group)<\/em><\/strong><\/p>\n\n\n\n<p><strong>(x)<\/strong><\/p>\n","protected":false},"excerpt":{"rendered":"<p>J\u00fanius 14-\u00e9n d\u00e9lut\u00e1n Hszi Csin-Ping k\u00ednai \u00e1llameln\u00f6k Pekingben t\u00e1rgyalt Mahm\u00fad Abb\u00e1sz palesztin eln\u00f6kkel. Hszi azon alkalomb\u00f3l \u00fcdv\u00f6z\u00f6lte Abb\u00e1szt, hogy a palesztin eln\u00f6k ism\u00e9t K\u00edn\u00e1ba l\u00e1togatott. Hszi elmondta, hogy a Rij\u00e1dban tartott K\u00edna \u00e9s az arab orsz\u00e1gok k\u00f6z\u00f6tti tavaszi cs\u00facstal\u00e1lkoz\u00f3n a k\u00e9t f\u00e9l konszenzusra jutott t\u00f6bb ter\u00fcleten is. Abb\u00e1sz eln\u00f6k az els\u0151 arab vezet\u0151, aki 2023-ban [&hellip;]<\/p>\n","protected":false},"author":2,"featured_media":17747,"comment_status":"closed","ping_status":"closed","sticky":false,"template":"","format":"standard","meta":{"footnotes":""},"categories":[45],"tags":[2087,873,305,326,2558,2557,1759],"class_list":["post-17744","post","type-post","status-publish","format-standard","has-post-thumbnail","hentry","category-hirek","tag-beketargyalas","tag-fuggetlenseg","tag-hszi-csin-ping","tag-kinai-allamelnok","tag-mahmud-abbasz","tag-palesztin-elnok","tag-palesztina"],"yoast_head":"<!-- This site is optimized with the Yoast SEO plugin v23.7 - https:\/\/yoast.com\/wordpress\/plugins\/seo\/ -->\n<title>Hszi Csin-Ping Pekingben t\u00e1rgyalt Mahm\u00fad Abb\u00e1sszal - kinaikaleidoszkop.hu<\/title>\n<meta name=\"robots\" content=\"index, follow, max-snippet:-1, max-image-preview:large, max-video-preview:-1\" \/>\n<link rel=\"canonical\" href=\"https:\/\/kinaikaleidoszkop.hu\/index.php\/2023\/06\/14\/hszi-csin-ping-pekingben-targyalt-mahmud-abbasszal\/\" \/>\n<meta property=\"og:locale\" content=\"hu_HU\" \/>\n<meta property=\"og:type\" content=\"article\" \/>\n<meta property=\"og:title\" content=\"Hszi Csin-Ping Pekingben t\u00e1rgyalt Mahm\u00fad Abb\u00e1sszal - kinaikaleidoszkop.hu\" \/>\n<meta property=\"og:description\" content=\"J\u00fanius 14-\u00e9n d\u00e9lut\u00e1n Hszi Csin-Ping k\u00ednai \u00e1llameln\u00f6k Pekingben t\u00e1rgyalt Mahm\u00fad Abb\u00e1sz palesztin eln\u00f6kkel. Hszi azon alkalomb\u00f3l \u00fcdv\u00f6z\u00f6lte Abb\u00e1szt, hogy a palesztin eln\u00f6k ism\u00e9t K\u00edn\u00e1ba l\u00e1togatott. Hszi elmondta, hogy a Rij\u00e1dban tartott K\u00edna \u00e9s az arab orsz\u00e1gok k\u00f6z\u00f6tti tavaszi cs\u00facstal\u00e1lkoz\u00f3n a k\u00e9t f\u00e9l konszenzusra jutott t\u00f6bb ter\u00fcleten is. Abb\u00e1sz eln\u00f6k az els\u0151 arab vezet\u0151, aki 2023-ban [&hellip;]\" \/>\n<meta property=\"og:url\" content=\"https:\/\/kinaikaleidoszkop.hu\/index.php\/2023\/06\/14\/hszi-csin-ping-pekingben-targyalt-mahmud-abbasszal\/\" \/>\n<meta property=\"og:site_name\" content=\"kinaikaleidoszkop.hu\" \/>\n<meta property=\"article:published_time\" content=\"2023-06-14T17:10:27+00:00\" \/>\n<meta property=\"article:modified_time\" content=\"2023-06-14T17:10:29+00:00\" \/>\n<meta property=\"og:image\" content=\"https:\/\/kinaikaleidoszkop.hu\/wp-content\/uploads\/2023\/06\/0614Lea8.jpg\" \/>\n\t<meta property=\"og:image:width\" content=\"900\" \/>\n\t<meta property=\"og:image:height\" content=\"610\" \/>\n\t<meta property=\"og:image:type\" content=\"image\/jpeg\" \/>\n<meta name=\"author\" content=\"admin-szabolcs\" \/>\n<meta name=\"twitter:card\" content=\"summary_large_image\" \/>\n<meta name=\"twitter:label1\" content=\"Szerz\u0151:\" \/>\n\t<meta name=\"twitter:data1\" content=\"admin-szabolcs\" \/>\n\t<meta name=\"twitter:label2\" content=\"Becs\u00fclt olvas\u00e1si id\u0151\" \/>\n\t<meta name=\"twitter:data2\" content=\"2 perc\" \/>\n<script type=\"application\/ld+json\" class=\"yoast-schema-graph\">{\"@context\":\"https:\/\/schema.org\",\"@graph\":[{\"@type\":\"WebPage\",\"@id\":\"https:\/\/kinaikaleidoszkop.hu\/index.php\/2023\/06\/14\/hszi-csin-ping-pekingben-targyalt-mahmud-abbasszal\/\",\"url\":\"https:\/\/kinaikaleidoszkop.hu\/index.php\/2023\/06\/14\/hszi-csin-ping-pekingben-targyalt-mahmud-abbasszal\/\",\"name\":\"Hszi Csin-Ping Pekingben t\u00e1rgyalt Mahm\u00fad Abb\u00e1sszal - kinaikaleidoszkop.hu\",\"isPartOf\":{\"@id\":\"https:\/\/kinaikaleidoszkop.hu\/#website\"},\"primaryImageOfPage\":{\"@id\":\"https:\/\/kinaikaleidoszkop.hu\/index.php\/2023\/06\/14\/hszi-csin-ping-pekingben-targyalt-mahmud-abbasszal\/#primaryimage\"},\"image\":{\"@id\":\"https:\/\/kinaikaleidoszkop.hu\/index.php\/2023\/06\/14\/hszi-csin-ping-pekingben-targyalt-mahmud-abbasszal\/#primaryimage\"},\"thumbnailUrl\":\"https:\/\/kinaikaleidoszkop.hu\/wp-content\/uploads\/2023\/06\/0614Lea8.jpg\",\"datePublished\":\"2023-06-14T17:10:27+00:00\",\"dateModified\":\"2023-06-14T17:10:29+00:00\",\"author\":{\"@id\":\"https:\/\/kinaikaleidoszkop.hu\/#\/schema\/person\/b9e2febe742edd540c1197716ec02bf7\"},\"breadcrumb\":{\"@id\":\"https:\/\/kinaikaleidoszkop.hu\/index.php\/2023\/06\/14\/hszi-csin-ping-pekingben-targyalt-mahmud-abbasszal\/#breadcrumb\"},\"inLanguage\":\"hu\",\"potentialAction\":[{\"@type\":\"ReadAction\",\"target\":[\"https:\/\/kinaikaleidoszkop.hu\/index.php\/2023\/06\/14\/hszi-csin-ping-pekingben-targyalt-mahmud-abbasszal\/\"]}]},{\"@type\":\"ImageObject\",\"inLanguage\":\"hu\",\"@id\":\"https:\/\/kinaikaleidoszkop.hu\/index.php\/2023\/06\/14\/hszi-csin-ping-pekingben-targyalt-mahmud-abbasszal\/#primaryimage\",\"url\":\"https:\/\/kinaikaleidoszkop.hu\/wp-content\/uploads\/2023\/06\/0614Lea8.jpg\",\"contentUrl\":\"https:\/\/kinaikaleidoszkop.hu\/wp-content\/uploads\/2023\/06\/0614Lea8.jpg\",\"width\":900,\"height\":610},{\"@type\":\"BreadcrumbList\",\"@id\":\"https:\/\/kinaikaleidoszkop.hu\/index.php\/2023\/06\/14\/hszi-csin-ping-pekingben-targyalt-mahmud-abbasszal\/#breadcrumb\",\"itemListElement\":[{\"@type\":\"ListItem\",\"position\":1,\"name\":\"Kezd\u0151lap\",\"item\":\"https:\/\/kinaikaleidoszkop.hu\/\"},{\"@type\":\"ListItem\",\"position\":2,\"name\":\"Hszi Csin-Ping Pekingben t\u00e1rgyalt Mahm\u00fad Abb\u00e1sszal\"}]},{\"@type\":\"WebSite\",\"@id\":\"https:\/\/kinaikaleidoszkop.hu\/#website\",\"url\":\"https:\/\/kinaikaleidoszkop.hu\/\",\"name\":\"kinaikaleidoszkop.hu\",\"description\":\"\",\"potentialAction\":[{\"@type\":\"SearchAction\",\"target\":{\"@type\":\"EntryPoint\",\"urlTemplate\":\"https:\/\/kinaikaleidoszkop.hu\/?s={search_term_string}\"},\"query-input\":{\"@type\":\"PropertyValueSpecification\",\"valueRequired\":true,\"valueName\":\"search_term_string\"}}],\"inLanguage\":\"hu\"},{\"@type\":\"Person\",\"@id\":\"https:\/\/kinaikaleidoszkop.hu\/#\/schema\/person\/b9e2febe742edd540c1197716ec02bf7\",\"name\":\"admin-szabolcs\",\"image\":{\"@type\":\"ImageObject\",\"inLanguage\":\"hu\",\"@id\":\"https:\/\/kinaikaleidoszkop.hu\/#\/schema\/person\/image\/\",\"url\":\"https:\/\/secure.gravatar.com\/avatar\/154f262492794df2a6cb5d5349227b18ef8f85ab462fbb32625fc42406483d21?s=96&d=mm&r=g\",\"contentUrl\":\"https:\/\/secure.gravatar.com\/avatar\/154f262492794df2a6cb5d5349227b18ef8f85ab462fbb32625fc42406483d21?s=96&d=mm&r=g\",\"caption\":\"admin-szabolcs\"},\"url\":\"https:\/\/kinaikaleidoszkop.hu\/index.php\/author\/admin-szabolcs\/\"}]}<\/script>\n<!-- \/ Yoast SEO plugin. -->","yoast_head_json":{"title":"Hszi Csin-Ping Pekingben t\u00e1rgyalt Mahm\u00fad Abb\u00e1sszal - kinaikaleidoszkop.hu","robots":{"index":"index","follow":"follow","max-snippet":"max-snippet:-1","max-image-preview":"max-image-preview:large","max-video-preview":"max-video-preview:-1"},"canonical":"https:\/\/kinaikaleidoszkop.hu\/index.php\/2023\/06\/14\/hszi-csin-ping-pekingben-targyalt-mahmud-abbasszal\/","og_locale":"hu_HU","og_type":"article","og_title":"Hszi Csin-Ping Pekingben t\u00e1rgyalt Mahm\u00fad Abb\u00e1sszal - kinaikaleidoszkop.hu","og_description":"J\u00fanius 14-\u00e9n d\u00e9lut\u00e1n Hszi Csin-Ping k\u00ednai \u00e1llameln\u00f6k Pekingben t\u00e1rgyalt Mahm\u00fad Abb\u00e1sz palesztin eln\u00f6kkel. Hszi azon alkalomb\u00f3l \u00fcdv\u00f6z\u00f6lte Abb\u00e1szt, hogy a palesztin eln\u00f6k ism\u00e9t K\u00edn\u00e1ba l\u00e1togatott. Hszi elmondta, hogy a Rij\u00e1dban tartott K\u00edna \u00e9s az arab orsz\u00e1gok k\u00f6z\u00f6tti tavaszi cs\u00facstal\u00e1lkoz\u00f3n a k\u00e9t f\u00e9l konszenzusra jutott t\u00f6bb ter\u00fcleten is. Abb\u00e1sz eln\u00f6k az els\u0151 arab vezet\u0151, aki 2023-ban [&hellip;]","og_url":"https:\/\/kinaikaleidoszkop.hu\/index.php\/2023\/06\/14\/hszi-csin-ping-pekingben-targyalt-mahmud-abbasszal\/","og_site_name":"kinaikaleidoszkop.hu","article_published_time":"2023-06-14T17:10:27+00:00","article_modified_time":"2023-06-14T17:10:29+00:00","og_image":[{"width":900,"height":610,"url":"https:\/\/kinaikaleidoszkop.hu\/wp-content\/uploads\/2023\/06\/0614Lea8.jpg","type":"image\/jpeg"}],"author":"admin-szabolcs","twitter_card":"summary_large_image","twitter_misc":{"Szerz\u0151:":"admin-szabolcs","Becs\u00fclt olvas\u00e1si id\u0151":"2 perc"},"schema":{"@context":"https:\/\/schema.org","@graph":[{"@type":"WebPage","@id":"https:\/\/kinaikaleidoszkop.hu\/index.php\/2023\/06\/14\/hszi-csin-ping-pekingben-targyalt-mahmud-abbasszal\/","url":"https:\/\/kinaikaleidoszkop.hu\/index.php\/2023\/06\/14\/hszi-csin-ping-pekingben-targyalt-mahmud-abbasszal\/","name":"Hszi Csin-Ping Pekingben t\u00e1rgyalt Mahm\u00fad Abb\u00e1sszal - kinaikaleidoszkop.hu","isPartOf":{"@id":"https:\/\/kinaikaleidoszkop.hu\/#website"},"primaryImageOfPage":{"@id":"https:\/\/kinaikaleidoszkop.hu\/index.php\/2023\/06\/14\/hszi-csin-ping-pekingben-targyalt-mahmud-abbasszal\/#primaryimage"},"image":{"@id":"https:\/\/kinaikaleidoszkop.hu\/index.php\/2023\/06\/14\/hszi-csin-ping-pekingben-targyalt-mahmud-abbasszal\/#primaryimage"},"thumbnailUrl":"https:\/\/kinaikaleidoszkop.hu\/wp-content\/uploads\/2023\/06\/0614Lea8.jpg","datePublished":"2023-06-14T17:10:27+00:00","dateModified":"2023-06-14T17:10:29+00:00","author":{"@id":"https:\/\/kinaikaleidoszkop.hu\/#\/schema\/person\/b9e2febe742edd540c1197716ec02bf7"},"breadcrumb":{"@id":"https:\/\/kinaikaleidoszkop.hu\/index.php\/2023\/06\/14\/hszi-csin-ping-pekingben-targyalt-mahmud-abbasszal\/#breadcrumb"},"inLanguage":"hu","potentialAction":[{"@type":"ReadAction","target":["https:\/\/kinaikaleidoszkop.hu\/index.php\/2023\/06\/14\/hszi-csin-ping-pekingben-targyalt-mahmud-abbasszal\/"]}]},{"@type":"ImageObject","inLanguage":"hu","@id":"https:\/\/kinaikaleidoszkop.hu\/index.php\/2023\/06\/14\/hszi-csin-ping-pekingben-targyalt-mahmud-abbasszal\/#primaryimage","url":"https:\/\/kinaikaleidoszkop.hu\/wp-content\/uploads\/2023\/06\/0614Lea8.jpg","contentUrl":"https:\/\/kinaikaleidoszkop.hu\/wp-content\/uploads\/2023\/06\/0614Lea8.jpg","width":900,"height":610},{"@type":"BreadcrumbList","@id":"https:\/\/kinaikaleidoszkop.hu\/index.php\/2023\/06\/14\/hszi-csin-ping-pekingben-targyalt-mahmud-abbasszal\/#breadcrumb","itemListElement":[{"@type":"ListItem","position":1,"name":"Kezd\u0151lap","item":"https:\/\/kinaikaleidoszkop.hu\/"},{"@type":"ListItem","position":2,"name":"Hszi Csin-Ping Pekingben t\u00e1rgyalt Mahm\u00fad Abb\u00e1sszal"}]},{"@type":"WebSite","@id":"https:\/\/kinaikaleidoszkop.hu\/#website","url":"https:\/\/kinaikaleidoszkop.hu\/","name":"kinaikaleidoszkop.hu","description":"","potentialAction":[{"@type":"SearchAction","target":{"@type":"EntryPoint","urlTemplate":"https:\/\/kinaikaleidoszkop.hu\/?s={search_term_string}"},"query-input":{"@type":"PropertyValueSpecification","valueRequired":true,"valueName":"search_term_string"}}],"inLanguage":"hu"},{"@type":"Person","@id":"https:\/\/kinaikaleidoszkop.hu\/#\/schema\/person\/b9e2febe742edd540c1197716ec02bf7","name":"admin-szabolcs","image":{"@type":"ImageObject","inLanguage":"hu","@id":"https:\/\/kinaikaleidoszkop.hu\/#\/schema\/person\/image\/","url":"https:\/\/secure.gravatar.com\/avatar\/154f262492794df2a6cb5d5349227b18ef8f85ab462fbb32625fc42406483d21?s=96&d=mm&r=g","contentUrl":"https:\/\/secure.gravatar.com\/avatar\/154f262492794df2a6cb5d5349227b18ef8f85ab462fbb32625fc42406483d21?s=96&d=mm&r=g","caption":"admin-szabolcs"},"url":"https:\/\/kinaikaleidoszkop.hu\/index.php\/author\/admin-szabolcs\/"}]}},"views":237,"distributor_meta":false,"distributor_terms":false,"distributor_media":false,"distributor_original_site_name":"kinaikaleidoszkop.hu","distributor_original_site_url":"https:\/\/kinaikaleidoszkop.hu","push-errors":false,"_links":{"self":[{"href":"https:\/\/kinaikaleidoszkop.hu\/index.php\/wp-json\/wp\/v2\/posts\/17744","targetHints":{"allow":["GET"]}}],"collection":[{"href":"https:\/\/kinaikaleidoszkop.hu\/index.php\/wp-json\/wp\/v2\/posts"}],"about":[{"href":"https:\/\/kinaikaleidoszkop.hu\/index.php\/wp-json\/wp\/v2\/types\/post"}],"author":[{"embeddable":true,"href":"https:\/\/kinaikaleidoszkop.hu\/index.php\/wp-json\/wp\/v2\/users\/2"}],"replies":[{"embeddable":true,"href":"https:\/\/kinaikaleidoszkop.hu\/index.php\/wp-json\/wp\/v2\/comments?post=17744"}],"version-history":[{"count":1,"href":"https:\/\/kinaikaleidoszkop.hu\/index.php\/wp-json\/wp\/v2\/posts\/17744\/revisions"}],"predecessor-version":[{"id":17748,"href":"https:\/\/kinaikaleidoszkop.hu\/index.php\/wp-json\/wp\/v2\/posts\/17744\/revisions\/17748"}],"wp:featuredmedia":[{"embeddable":true,"href":"https:\/\/kinaikaleidoszkop.hu\/index.php\/wp-json\/wp\/v2\/media\/17747"}],"wp:attachment":[{"href":"https:\/\/kinaikaleidoszkop.hu\/index.php\/wp-json\/wp\/v2\/media?parent=17744"}],"wp:term":[{"taxonomy":"category","embeddable":true,"href":"https:\/\/kinaikaleidoszkop.hu\/index.php\/wp-json\/wp\/v2\/categories?post=17744"},{"taxonomy":"post_tag","embeddable":true,"href":"https:\/\/kinaikaleidoszkop.hu\/index.php\/wp-json\/wp\/v2\/tags?post=17744"}],"curies":[{"name":"wp","href":"https:\/\/api.w.org\/{rel}","templated":true}]}}