{"id":17759,"date":"2023-06-16T10:43:15","date_gmt":"2023-06-16T08:43:15","guid":{"rendered":"https:\/\/kinaikaleidoszkop.hu\/?p=17759"},"modified":"2023-06-16T10:43:17","modified_gmt":"2023-06-16T08:43:17","slug":"globalis-emberi-jogi-kormanyzasi-forum-pekingben","status":"publish","type":"post","link":"https:\/\/kinaikaleidoszkop.hu\/index.php\/2023\/06\/16\/globalis-emberi-jogi-kormanyzasi-forum-pekingben\/","title":{"rendered":"Glob\u00e1lis Emberi Jogi Korm\u00e1nyz\u00e1si F\u00f3rum Pekingben"},"content":{"rendered":"\n<p><strong>A Glob\u00e1lis Emberi Jogi Korm\u00e1nyz\u00e1si F\u00f3rum szerd\u00e1n kezd\u0151d\u00f6tt Pekingben. A k\u00e9tnapos rendezv\u00e9ny a B\u00e9csi Nyilatkozat \u00e9s Cselekv\u00e9si Program 30. \u00e9vfordul\u00f3j\u00e1r\u00f3l eml\u00e9kezett meg. B\u00e9csi Nyilatkozat m\u00e9rf\u00f6ldk\u0151 az emberi jogok jobb v\u00e9delm\u00e9re ir\u00e1nyul\u00f3 glob\u00e1lis er\u0151fesz\u00edt\u00e9sekben.<\/strong><\/p>\n\n\n\n<p>Hszi Csin-ping k\u00ednai \u00e1llameln\u00f6k gratul\u00e1l\u00f3 levelet k\u00fcld\u00f6tt a f\u00f3rumnak, amelyben azt javasolta, hogy az emberi jogokat biztons\u00e1gosan v\u00e9dj\u00e9k, fejleszt\u00e9ssel \u00e9s nemzetk\u00f6zi egy\u00fcttm\u0171k\u00f6d\u00e9ssel mozd\u00edts\u00e1k el\u0151. Akmar Saidov, az \u00fczb\u00e9g parlament els\u0151 aleln\u00f6ke a China Media Groupnak (CMG) adott interj\u00faj\u00e1ban \u00fagy v\u00e9lte, hogy a Hszi \u00e1ltal eml\u00edtett biztons\u00e1g, fejleszt\u00e9s \u00e9s nemzetk\u00f6zi egy\u00fcttm\u0171k\u00f6d\u00e9s az emberi jogok v\u00e9delm\u00e9nek \u201eh\u00e1rom pill\u00e9re\u201d.<\/p>\n\n\n\n<figure class=\"wp-block-image size-full\"><img loading=\"lazy\" decoding=\"async\" width=\"600\" height=\"400\" src=\"https:\/\/kinaikaleidoszkop.hu\/wp-content\/uploads\/2023\/06\/\u4eba\u6743\u6cbb\u7406.jpg\" alt=\"\" class=\"wp-image-17761\" srcset=\"https:\/\/kinaikaleidoszkop.hu\/wp-content\/uploads\/2023\/06\/\u4eba\u6743\u6cbb\u7406.jpg 600w, https:\/\/kinaikaleidoszkop.hu\/wp-content\/uploads\/2023\/06\/\u4eba\u6743\u6cbb\u7406-300x200.jpg 300w, https:\/\/kinaikaleidoszkop.hu\/wp-content\/uploads\/2023\/06\/\u4eba\u6743\u6cbb\u7406-414x276.jpg 414w, https:\/\/kinaikaleidoszkop.hu\/wp-content\/uploads\/2023\/06\/\u4eba\u6743\u6cbb\u7406-470x313.jpg 470w, https:\/\/kinaikaleidoszkop.hu\/wp-content\/uploads\/2023\/06\/\u4eba\u6743\u6cbb\u7406-130x86.jpg 130w, https:\/\/kinaikaleidoszkop.hu\/wp-content\/uploads\/2023\/06\/\u4eba\u6743\u6cbb\u7406-187x124.jpg 187w\" sizes=\"auto, (max-width: 600px) 100vw, 600px\" \/><\/figure>\n\n\n\n<p>A biztons\u00e1g az emberi jogok v\u00e9delm\u00e9nek el\u0151felt\u00e9tele. Jelenleg egyes orsz\u00e1gok t\u00e1borok k\u00f6z\u00f6tti konfront\u00e1ci\u00f3t sz\u00edtanak, h\u00e1bor\u00fakat \u00e9s konfliktusokat provok\u00e1lnak, n\u00f6velik a vil\u00e1g biztons\u00e1gi kock\u00e1zatait, ennek k\u00f6vetkezt\u00e9ben sok orsz\u00e1gban az emberek \u00e9let s\u00falyosan vesz\u00e9lyben van.<\/p>\n\n\n\n<p>A fejl\u0151d\u00e9s az emberi jogok v\u00e9delm\u00e9nek alapja. K\u00edna sikeresen emelt ki 770 milli\u00f3 vid\u00e9ki embert a szeg\u00e9nys\u00e9gb\u0151l, \u00e9s 10 \u00e9vvel a tervezett id\u0151pont el\u0151tt el\u00e9rte az ENSZ 2030-ig tart\u00f3 id\u0151szakra vonatkoz\u00f3 fenntarthat\u00f3 fejl\u0151d\u00e9si menetrendj\u00e9nek szeg\u00e9nys\u00e9genyh\u00edt\u00e9si c\u00e9lj\u00e1t.<\/p>\n\n\n\n<p>Az emberi jogok v\u00e9delme az emberis\u00e9g k\u00f6z\u00f6s \u00e1lma, amelyet nem szabad \u00e1tpolitiz\u00e1lni vagy fegyverk\u00e9nt haszn\u00e1lni. Azonban egyes nyugati orsz\u00e1gok egyfel\u0151l \u201eszelekt\u00edven vakok\u201d saj\u00e1t emberi jogi gondjaikra, m\u00e1sfel\u0151l az \u201eemberi jogokat\u201d \u00fcr\u00fcgyk\u00e9nt haszn\u00e1lj\u00e1k m\u00e1s orsz\u00e1gok fejl\u0151d\u00e9s\u00e9nek megf\u00e9kez\u00e9s\u00e9re. K\u00edna szerint egyetlen orsz\u00e1g sem jogosult, hogy b\u00edr\u00f3 legyen az emberi jogok ter\u00fclet\u00e9n, \u00e9s minden orsz\u00e1gnak joga van \u00f6n\u00e1ll\u00f3an megv\u00e1lasztani az emberi jogok fejl\u0151d\u00e9s\u00e9nek \u00fatj\u00e1t.<\/p>\n\n\n\n<p><strong>2023. 06. 16.<\/strong><\/p>\n\n\n\n<p><strong><em>(China Media Group)<\/em><\/strong><\/p>\n\n\n\n<p><strong>(x)<\/strong><\/p>\n","protected":false},"excerpt":{"rendered":"<p>A Glob\u00e1lis Emberi Jogi Korm\u00e1nyz\u00e1si F\u00f3rum szerd\u00e1n kezd\u0151d\u00f6tt Pekingben. A k\u00e9tnapos rendezv\u00e9ny a B\u00e9csi Nyilatkozat \u00e9s Cselekv\u00e9si Program 30. \u00e9vfordul\u00f3j\u00e1r\u00f3l eml\u00e9kezett meg. B\u00e9csi Nyilatkozat m\u00e9rf\u00f6ldk\u0151 az emberi jogok jobb v\u00e9delm\u00e9re ir\u00e1nyul\u00f3 glob\u00e1lis er\u0151fesz\u00edt\u00e9sekben. Hszi Csin-ping k\u00ednai \u00e1llameln\u00f6k gratul\u00e1l\u00f3 levelet k\u00fcld\u00f6tt a f\u00f3rumnak, amelyben azt javasolta, hogy az emberi jogokat biztons\u00e1gosan v\u00e9dj\u00e9k, fejleszt\u00e9ssel \u00e9s nemzetk\u00f6zi egy\u00fcttm\u0171k\u00f6d\u00e9ssel [&hellip;]<\/p>\n","protected":false},"author":6,"featured_media":17761,"comment_status":"closed","ping_status":"closed","sticky":false,"template":"","format":"standard","meta":{"footnotes":""},"categories":[45],"tags":[2560,305,141],"class_list":["post-17759","post","type-post","status-publish","format-standard","has-post-thumbnail","hentry","category-hirek","tag-globalis-emberi-jogi-kormanyzasi-forum","tag-hszi-csin-ping","tag-peking"],"yoast_head":"<!-- This site is optimized with the Yoast SEO plugin v23.7 - https:\/\/yoast.com\/wordpress\/plugins\/seo\/ -->\n<title>Glob\u00e1lis Emberi Jogi Korm\u00e1nyz\u00e1si F\u00f3rum Pekingben - kinaikaleidoszkop.hu<\/title>\n<meta name=\"robots\" content=\"index, follow, max-snippet:-1, max-image-preview:large, max-video-preview:-1\" \/>\n<link rel=\"canonical\" href=\"https:\/\/kinaikaleidoszkop.hu\/index.php\/2023\/06\/16\/globalis-emberi-jogi-kormanyzasi-forum-pekingben\/\" \/>\n<meta property=\"og:locale\" content=\"hu_HU\" \/>\n<meta property=\"og:type\" content=\"article\" \/>\n<meta property=\"og:title\" content=\"Glob\u00e1lis Emberi Jogi Korm\u00e1nyz\u00e1si F\u00f3rum Pekingben - kinaikaleidoszkop.hu\" \/>\n<meta property=\"og:description\" content=\"A Glob\u00e1lis Emberi Jogi Korm\u00e1nyz\u00e1si F\u00f3rum szerd\u00e1n kezd\u0151d\u00f6tt Pekingben. A k\u00e9tnapos rendezv\u00e9ny a B\u00e9csi Nyilatkozat \u00e9s Cselekv\u00e9si Program 30. \u00e9vfordul\u00f3j\u00e1r\u00f3l eml\u00e9kezett meg. B\u00e9csi Nyilatkozat m\u00e9rf\u00f6ldk\u0151 az emberi jogok jobb v\u00e9delm\u00e9re ir\u00e1nyul\u00f3 glob\u00e1lis er\u0151fesz\u00edt\u00e9sekben. Hszi Csin-ping k\u00ednai \u00e1llameln\u00f6k gratul\u00e1l\u00f3 levelet k\u00fcld\u00f6tt a f\u00f3rumnak, amelyben azt javasolta, hogy az emberi jogokat biztons\u00e1gosan v\u00e9dj\u00e9k, fejleszt\u00e9ssel \u00e9s nemzetk\u00f6zi egy\u00fcttm\u0171k\u00f6d\u00e9ssel [&hellip;]\" \/>\n<meta property=\"og:url\" content=\"https:\/\/kinaikaleidoszkop.hu\/index.php\/2023\/06\/16\/globalis-emberi-jogi-kormanyzasi-forum-pekingben\/\" \/>\n<meta property=\"og:site_name\" content=\"kinaikaleidoszkop.hu\" \/>\n<meta property=\"article:published_time\" content=\"2023-06-16T08:43:15+00:00\" \/>\n<meta property=\"article:modified_time\" content=\"2023-06-16T08:43:17+00:00\" \/>\n<meta property=\"og:image\" content=\"https:\/\/kinaikaleidoszkop.hu\/wp-content\/uploads\/2023\/06\/\u4eba\u6743\u6cbb\u7406.jpg\" \/>\n\t<meta property=\"og:image:width\" content=\"600\" \/>\n\t<meta property=\"og:image:height\" content=\"400\" \/>\n\t<meta property=\"og:image:type\" content=\"image\/jpeg\" \/>\n<meta name=\"author\" content=\"admin-sebi\" \/>\n<meta name=\"twitter:card\" content=\"summary_large_image\" \/>\n<meta name=\"twitter:label1\" content=\"Szerz\u0151:\" \/>\n\t<meta name=\"twitter:data1\" content=\"admin-sebi\" \/>\n\t<meta name=\"twitter:label2\" content=\"Becs\u00fclt olvas\u00e1si id\u0151\" \/>\n\t<meta name=\"twitter:data2\" content=\"2 perc\" \/>\n<script type=\"application\/ld+json\" class=\"yoast-schema-graph\">{\"@context\":\"https:\/\/schema.org\",\"@graph\":[{\"@type\":\"WebPage\",\"@id\":\"https:\/\/kinaikaleidoszkop.hu\/index.php\/2023\/06\/16\/globalis-emberi-jogi-kormanyzasi-forum-pekingben\/\",\"url\":\"https:\/\/kinaikaleidoszkop.hu\/index.php\/2023\/06\/16\/globalis-emberi-jogi-kormanyzasi-forum-pekingben\/\",\"name\":\"Glob\u00e1lis Emberi Jogi Korm\u00e1nyz\u00e1si F\u00f3rum Pekingben - kinaikaleidoszkop.hu\",\"isPartOf\":{\"@id\":\"https:\/\/kinaikaleidoszkop.hu\/#website\"},\"primaryImageOfPage\":{\"@id\":\"https:\/\/kinaikaleidoszkop.hu\/index.php\/2023\/06\/16\/globalis-emberi-jogi-kormanyzasi-forum-pekingben\/#primaryimage\"},\"image\":{\"@id\":\"https:\/\/kinaikaleidoszkop.hu\/index.php\/2023\/06\/16\/globalis-emberi-jogi-kormanyzasi-forum-pekingben\/#primaryimage\"},\"thumbnailUrl\":\"https:\/\/kinaikaleidoszkop.hu\/wp-content\/uploads\/2023\/06\/\u4eba\u6743\u6cbb\u7406.jpg\",\"datePublished\":\"2023-06-16T08:43:15+00:00\",\"dateModified\":\"2023-06-16T08:43:17+00:00\",\"author\":{\"@id\":\"https:\/\/kinaikaleidoszkop.hu\/#\/schema\/person\/fd215d3a8bab54daeb796ae166f99ea5\"},\"breadcrumb\":{\"@id\":\"https:\/\/kinaikaleidoszkop.hu\/index.php\/2023\/06\/16\/globalis-emberi-jogi-kormanyzasi-forum-pekingben\/#breadcrumb\"},\"inLanguage\":\"hu\",\"potentialAction\":[{\"@type\":\"ReadAction\",\"target\":[\"https:\/\/kinaikaleidoszkop.hu\/index.php\/2023\/06\/16\/globalis-emberi-jogi-kormanyzasi-forum-pekingben\/\"]}]},{\"@type\":\"ImageObject\",\"inLanguage\":\"hu\",\"@id\":\"https:\/\/kinaikaleidoszkop.hu\/index.php\/2023\/06\/16\/globalis-emberi-jogi-kormanyzasi-forum-pekingben\/#primaryimage\",\"url\":\"https:\/\/kinaikaleidoszkop.hu\/wp-content\/uploads\/2023\/06\/\u4eba\u6743\u6cbb\u7406.jpg\",\"contentUrl\":\"https:\/\/kinaikaleidoszkop.hu\/wp-content\/uploads\/2023\/06\/\u4eba\u6743\u6cbb\u7406.jpg\",\"width\":600,\"height\":400},{\"@type\":\"BreadcrumbList\",\"@id\":\"https:\/\/kinaikaleidoszkop.hu\/index.php\/2023\/06\/16\/globalis-emberi-jogi-kormanyzasi-forum-pekingben\/#breadcrumb\",\"itemListElement\":[{\"@type\":\"ListItem\",\"position\":1,\"name\":\"Kezd\u0151lap\",\"item\":\"https:\/\/kinaikaleidoszkop.hu\/\"},{\"@type\":\"ListItem\",\"position\":2,\"name\":\"Glob\u00e1lis Emberi Jogi Korm\u00e1nyz\u00e1si F\u00f3rum Pekingben\"}]},{\"@type\":\"WebSite\",\"@id\":\"https:\/\/kinaikaleidoszkop.hu\/#website\",\"url\":\"https:\/\/kinaikaleidoszkop.hu\/\",\"name\":\"kinaikaleidoszkop.hu\",\"description\":\"\",\"potentialAction\":[{\"@type\":\"SearchAction\",\"target\":{\"@type\":\"EntryPoint\",\"urlTemplate\":\"https:\/\/kinaikaleidoszkop.hu\/?s={search_term_string}\"},\"query-input\":{\"@type\":\"PropertyValueSpecification\",\"valueRequired\":true,\"valueName\":\"search_term_string\"}}],\"inLanguage\":\"hu\"},{\"@type\":\"Person\",\"@id\":\"https:\/\/kinaikaleidoszkop.hu\/#\/schema\/person\/fd215d3a8bab54daeb796ae166f99ea5\",\"name\":\"admin-sebi\",\"image\":{\"@type\":\"ImageObject\",\"inLanguage\":\"hu\",\"@id\":\"https:\/\/kinaikaleidoszkop.hu\/#\/schema\/person\/image\/\",\"url\":\"https:\/\/secure.gravatar.com\/avatar\/b1498042bc4969020b4951f204f963e97c3d7d199f3790c1071adf67c61d0aa5?s=96&d=mm&r=g\",\"contentUrl\":\"https:\/\/secure.gravatar.com\/avatar\/b1498042bc4969020b4951f204f963e97c3d7d199f3790c1071adf67c61d0aa5?s=96&d=mm&r=g\",\"caption\":\"admin-sebi\"},\"url\":\"https:\/\/kinaikaleidoszkop.hu\/index.php\/author\/admin-sebi\/\"}]}<\/script>\n<!-- \/ Yoast SEO plugin. -->","yoast_head_json":{"title":"Glob\u00e1lis Emberi Jogi Korm\u00e1nyz\u00e1si F\u00f3rum Pekingben - kinaikaleidoszkop.hu","robots":{"index":"index","follow":"follow","max-snippet":"max-snippet:-1","max-image-preview":"max-image-preview:large","max-video-preview":"max-video-preview:-1"},"canonical":"https:\/\/kinaikaleidoszkop.hu\/index.php\/2023\/06\/16\/globalis-emberi-jogi-kormanyzasi-forum-pekingben\/","og_locale":"hu_HU","og_type":"article","og_title":"Glob\u00e1lis Emberi Jogi Korm\u00e1nyz\u00e1si F\u00f3rum Pekingben - kinaikaleidoszkop.hu","og_description":"A Glob\u00e1lis Emberi Jogi Korm\u00e1nyz\u00e1si F\u00f3rum szerd\u00e1n kezd\u0151d\u00f6tt Pekingben. A k\u00e9tnapos rendezv\u00e9ny a B\u00e9csi Nyilatkozat \u00e9s Cselekv\u00e9si Program 30. \u00e9vfordul\u00f3j\u00e1r\u00f3l eml\u00e9kezett meg. B\u00e9csi Nyilatkozat m\u00e9rf\u00f6ldk\u0151 az emberi jogok jobb v\u00e9delm\u00e9re ir\u00e1nyul\u00f3 glob\u00e1lis er\u0151fesz\u00edt\u00e9sekben. Hszi Csin-ping k\u00ednai \u00e1llameln\u00f6k gratul\u00e1l\u00f3 levelet k\u00fcld\u00f6tt a f\u00f3rumnak, amelyben azt javasolta, hogy az emberi jogokat biztons\u00e1gosan v\u00e9dj\u00e9k, fejleszt\u00e9ssel \u00e9s nemzetk\u00f6zi egy\u00fcttm\u0171k\u00f6d\u00e9ssel [&hellip;]","og_url":"https:\/\/kinaikaleidoszkop.hu\/index.php\/2023\/06\/16\/globalis-emberi-jogi-kormanyzasi-forum-pekingben\/","og_site_name":"kinaikaleidoszkop.hu","article_published_time":"2023-06-16T08:43:15+00:00","article_modified_time":"2023-06-16T08:43:17+00:00","og_image":[{"width":600,"height":400,"url":"https:\/\/kinaikaleidoszkop.hu\/wp-content\/uploads\/2023\/06\/\u4eba\u6743\u6cbb\u7406.jpg","type":"image\/jpeg"}],"author":"admin-sebi","twitter_card":"summary_large_image","twitter_misc":{"Szerz\u0151:":"admin-sebi","Becs\u00fclt olvas\u00e1si id\u0151":"2 perc"},"schema":{"@context":"https:\/\/schema.org","@graph":[{"@type":"WebPage","@id":"https:\/\/kinaikaleidoszkop.hu\/index.php\/2023\/06\/16\/globalis-emberi-jogi-kormanyzasi-forum-pekingben\/","url":"https:\/\/kinaikaleidoszkop.hu\/index.php\/2023\/06\/16\/globalis-emberi-jogi-kormanyzasi-forum-pekingben\/","name":"Glob\u00e1lis Emberi Jogi Korm\u00e1nyz\u00e1si F\u00f3rum Pekingben - kinaikaleidoszkop.hu","isPartOf":{"@id":"https:\/\/kinaikaleidoszkop.hu\/#website"},"primaryImageOfPage":{"@id":"https:\/\/kinaikaleidoszkop.hu\/index.php\/2023\/06\/16\/globalis-emberi-jogi-kormanyzasi-forum-pekingben\/#primaryimage"},"image":{"@id":"https:\/\/kinaikaleidoszkop.hu\/index.php\/2023\/06\/16\/globalis-emberi-jogi-kormanyzasi-forum-pekingben\/#primaryimage"},"thumbnailUrl":"https:\/\/kinaikaleidoszkop.hu\/wp-content\/uploads\/2023\/06\/\u4eba\u6743\u6cbb\u7406.jpg","datePublished":"2023-06-16T08:43:15+00:00","dateModified":"2023-06-16T08:43:17+00:00","author":{"@id":"https:\/\/kinaikaleidoszkop.hu\/#\/schema\/person\/fd215d3a8bab54daeb796ae166f99ea5"},"breadcrumb":{"@id":"https:\/\/kinaikaleidoszkop.hu\/index.php\/2023\/06\/16\/globalis-emberi-jogi-kormanyzasi-forum-pekingben\/#breadcrumb"},"inLanguage":"hu","potentialAction":[{"@type":"ReadAction","target":["https:\/\/kinaikaleidoszkop.hu\/index.php\/2023\/06\/16\/globalis-emberi-jogi-kormanyzasi-forum-pekingben\/"]}]},{"@type":"ImageObject","inLanguage":"hu","@id":"https:\/\/kinaikaleidoszkop.hu\/index.php\/2023\/06\/16\/globalis-emberi-jogi-kormanyzasi-forum-pekingben\/#primaryimage","url":"https:\/\/kinaikaleidoszkop.hu\/wp-content\/uploads\/2023\/06\/\u4eba\u6743\u6cbb\u7406.jpg","contentUrl":"https:\/\/kinaikaleidoszkop.hu\/wp-content\/uploads\/2023\/06\/\u4eba\u6743\u6cbb\u7406.jpg","width":600,"height":400},{"@type":"BreadcrumbList","@id":"https:\/\/kinaikaleidoszkop.hu\/index.php\/2023\/06\/16\/globalis-emberi-jogi-kormanyzasi-forum-pekingben\/#breadcrumb","itemListElement":[{"@type":"ListItem","position":1,"name":"Kezd\u0151lap","item":"https:\/\/kinaikaleidoszkop.hu\/"},{"@type":"ListItem","position":2,"name":"Glob\u00e1lis Emberi Jogi Korm\u00e1nyz\u00e1si F\u00f3rum Pekingben"}]},{"@type":"WebSite","@id":"https:\/\/kinaikaleidoszkop.hu\/#website","url":"https:\/\/kinaikaleidoszkop.hu\/","name":"kinaikaleidoszkop.hu","description":"","potentialAction":[{"@type":"SearchAction","target":{"@type":"EntryPoint","urlTemplate":"https:\/\/kinaikaleidoszkop.hu\/?s={search_term_string}"},"query-input":{"@type":"PropertyValueSpecification","valueRequired":true,"valueName":"search_term_string"}}],"inLanguage":"hu"},{"@type":"Person","@id":"https:\/\/kinaikaleidoszkop.hu\/#\/schema\/person\/fd215d3a8bab54daeb796ae166f99ea5","name":"admin-sebi","image":{"@type":"ImageObject","inLanguage":"hu","@id":"https:\/\/kinaikaleidoszkop.hu\/#\/schema\/person\/image\/","url":"https:\/\/secure.gravatar.com\/avatar\/b1498042bc4969020b4951f204f963e97c3d7d199f3790c1071adf67c61d0aa5?s=96&d=mm&r=g","contentUrl":"https:\/\/secure.gravatar.com\/avatar\/b1498042bc4969020b4951f204f963e97c3d7d199f3790c1071adf67c61d0aa5?s=96&d=mm&r=g","caption":"admin-sebi"},"url":"https:\/\/kinaikaleidoszkop.hu\/index.php\/author\/admin-sebi\/"}]}},"views":380,"distributor_meta":false,"distributor_terms":false,"distributor_media":false,"distributor_original_site_name":"kinaikaleidoszkop.hu","distributor_original_site_url":"https:\/\/kinaikaleidoszkop.hu","push-errors":false,"_links":{"self":[{"href":"https:\/\/kinaikaleidoszkop.hu\/index.php\/wp-json\/wp\/v2\/posts\/17759","targetHints":{"allow":["GET"]}}],"collection":[{"href":"https:\/\/kinaikaleidoszkop.hu\/index.php\/wp-json\/wp\/v2\/posts"}],"about":[{"href":"https:\/\/kinaikaleidoszkop.hu\/index.php\/wp-json\/wp\/v2\/types\/post"}],"author":[{"embeddable":true,"href":"https:\/\/kinaikaleidoszkop.hu\/index.php\/wp-json\/wp\/v2\/users\/6"}],"replies":[{"embeddable":true,"href":"https:\/\/kinaikaleidoszkop.hu\/index.php\/wp-json\/wp\/v2\/comments?post=17759"}],"version-history":[{"count":1,"href":"https:\/\/kinaikaleidoszkop.hu\/index.php\/wp-json\/wp\/v2\/posts\/17759\/revisions"}],"predecessor-version":[{"id":17762,"href":"https:\/\/kinaikaleidoszkop.hu\/index.php\/wp-json\/wp\/v2\/posts\/17759\/revisions\/17762"}],"wp:featuredmedia":[{"embeddable":true,"href":"https:\/\/kinaikaleidoszkop.hu\/index.php\/wp-json\/wp\/v2\/media\/17761"}],"wp:attachment":[{"href":"https:\/\/kinaikaleidoszkop.hu\/index.php\/wp-json\/wp\/v2\/media?parent=17759"}],"wp:term":[{"taxonomy":"category","embeddable":true,"href":"https:\/\/kinaikaleidoszkop.hu\/index.php\/wp-json\/wp\/v2\/categories?post=17759"},{"taxonomy":"post_tag","embeddable":true,"href":"https:\/\/kinaikaleidoszkop.hu\/index.php\/wp-json\/wp\/v2\/tags?post=17759"}],"curies":[{"name":"wp","href":"https:\/\/api.w.org\/{rel}","templated":true}]}}