{"id":17780,"date":"2023-06-19T12:58:41","date_gmt":"2023-06-19T10:58:41","guid":{"rendered":"https:\/\/kinaikaleidoszkop.hu\/?p=17780"},"modified":"2023-06-19T12:58:45","modified_gmt":"2023-06-19T10:58:45","slug":"mit-mondott-wang-yi-a-blinkennel-tartott-talalkozon","status":"publish","type":"post","link":"https:\/\/kinaikaleidoszkop.hu\/index.php\/2023\/06\/19\/mit-mondott-wang-yi-a-blinkennel-tartott-talalkozon\/","title":{"rendered":"Mit mondott Wang Yi a Blinkennel tartott tal\u00e1lkoz\u00f3n?"},"content":{"rendered":"\n<p><strong>J\u00fanius 19-\u00e9n Wang Yi, a K\u00ednai Kommunista P\u00e1rt K\u00f6zponti Bizotts\u00e1ga K\u00fcl\u00fcgyi Bizotts\u00e1g\u00e1nak igazgat\u00f3ja Pekingben tal\u00e1lkozott Antony Blinken amerikai k\u00fcl\u00fcgyminiszterrel.<\/strong><\/p>\n\n\n\n<p>Wang Yi elmondta, Blinken k\u00fcl\u00fcgyminiszter k\u00ednai l\u00e1togat\u00e1sa d\u00f6nt\u0151 pillanatban t\u00f6rt\u00e9nt, amikor v\u00e1lasztani kell, hogy p\u00e1rbesz\u00e9det vagy konfront\u00e1ci\u00f3t, egy\u00fcttm\u0171k\u00f6d\u00e9st vagy konfliktust akarunk. A t\u00f6rt\u00e9nelem el\u0151rehalad, ahogy a k\u00ednai\u2013amerikai viszony is. A k\u00e9t f\u00e9lnek meg kell ford\u00edtania a k\u00ednai\u2013amerikai viszony lefel\u00e9 ir\u00e1nyul\u00f3 spir\u00e1lszer\u0171 tendenci\u00e1j\u00e1t \u00e9s vissza kell t\u00e9rnie az eg\u00e9szs\u00e9ges p\u00e1ly\u00e1ra, s egy\u00fctt kell megtal\u00e1lni a helyes utat, hogy harm\u00f3ni\u00e1ban \u00e9ljen a k\u00e9t f\u00e9l egym\u00e1ssal.<\/p>\n\n\n\n<p>Wang Yi hangs\u00falyozta, hogy az\u00e9rt van m\u00e9lyponton a k\u00ednai\u2013amerikai viszony, mert az Egyes\u00fclt \u00c1llamok t\u00e9ves felfog\u00e1ssal rendelkezik K\u00edn\u00e1r\u00f3l, t\u00e9ves politik\u00e1t dolgozott ki K\u00edna ellen. Ami a legfontosabb, hogy a k\u00e9t orsz\u00e1g teljes m\u00e9rt\u00e9kben megval\u00f3s\u00edtsa a Hszi Csin-ping k\u00ednai \u00e1llameln\u00f6k \u00e9s Joe Biden amerikai eln\u00f6k Bali szigeti tal\u00e1lkoz\u00f3j\u00e1n el\u00e9rt konszenzust.<\/p>\n\n\n\n<figure class=\"wp-block-image size-full\"><img loading=\"lazy\" decoding=\"async\" width=\"600\" height=\"410\" src=\"https:\/\/kinaikaleidoszkop.hu\/wp-content\/uploads\/2023\/06\/0619Lea2.png\" alt=\"\" class=\"wp-image-17782\" srcset=\"https:\/\/kinaikaleidoszkop.hu\/wp-content\/uploads\/2023\/06\/0619Lea2.png 600w, https:\/\/kinaikaleidoszkop.hu\/wp-content\/uploads\/2023\/06\/0619Lea2-300x205.png 300w, https:\/\/kinaikaleidoszkop.hu\/wp-content\/uploads\/2023\/06\/0619Lea2-379x259.png 379w\" sizes=\"auto, (max-width: 600px) 100vw, 600px\" \/><\/figure>\n\n\n\n<p>Wang Yi megmagyar\u00e1zta K\u00edna fellend\u00fcl\u00e9s\u00e9nek t\u00f6rt\u00e9neti logik\u00e1j\u00e1t \u00e9s tendenci\u00e1j\u00e1t, bemutatta a k\u00ednai modell\u0171 moderniz\u00e1ci\u00f3 jellegzetess\u00e9geit \u00e9s az eg\u00e9sz folyamat\u00fa n\u00e9pi demokr\u00e1ci\u00e1t az amerikai deleg\u00e1ci\u00f3nak, szorgalmazva, hogy az Egyes\u00fclt \u00c1llamoknak nem szabad meg\u00edt\u00e9lni K\u00edn\u00e1t a saj\u00e1t fejleszt\u00e9si tapasztalatai \u00e9s a nyugati nagyhatalmak fejl\u0151d\u00e9si p\u00e1ly\u00e1ja alapj\u00e1n, \u00e9s hogy hagyja abba a \u201ek\u00ednai fenyeget\u00e9s\u201d hangoztat\u00e1s\u00e1t. Emellett az USA-nak fel kell oldania az egyoldal\u00fa szankci\u00f3kat K\u00edna ellen, abba kell hagynia a k\u00ednai technol\u00f3giai fejleszt\u00e9s elnyom\u00e1s\u00e1t. Wang Yi hangs\u00falyozta a tajvani k\u00e9rd\u00e9sben val\u00f3 amerikai hozz\u00e1\u00e1ll\u00e1s fontoss\u00e1g\u00e1t is a k\u00e9t orsz\u00e1g k\u00f6z\u00f6tti eg\u00e9szs\u00e9ges kapcsolat fenntart\u00e1sa sz\u00e1m\u00e1ra.<\/p>\n\n\n\n<p><strong>2023. 06. 19.<\/strong><\/p>\n\n\n\n<p><strong><em>(China Media Group)<\/em><\/strong><\/p>\n\n\n\n<p>(x)<\/p>\n","protected":false},"excerpt":{"rendered":"<p>J\u00fanius 19-\u00e9n Wang Yi, a K\u00ednai Kommunista P\u00e1rt K\u00f6zponti Bizotts\u00e1ga K\u00fcl\u00fcgyi Bizotts\u00e1g\u00e1nak igazgat\u00f3ja Pekingben tal\u00e1lkozott Antony Blinken amerikai k\u00fcl\u00fcgyminiszterrel. Wang Yi elmondta, Blinken k\u00fcl\u00fcgyminiszter k\u00ednai l\u00e1togat\u00e1sa d\u00f6nt\u0151 pillanatban t\u00f6rt\u00e9nt, amikor v\u00e1lasztani kell, hogy p\u00e1rbesz\u00e9det vagy konfront\u00e1ci\u00f3t, egy\u00fcttm\u0171k\u00f6d\u00e9st vagy konfliktust akarunk. A t\u00f6rt\u00e9nelem el\u0151rehalad, ahogy a k\u00ednai\u2013amerikai viszony is. A k\u00e9t f\u00e9lnek meg kell ford\u00edtania a [&hellip;]<\/p>\n","protected":false},"author":6,"featured_media":17782,"comment_status":"closed","ping_status":"closed","sticky":false,"template":"","format":"standard","meta":{"footnotes":""},"categories":[45],"tags":[588,2334,500,434],"class_list":["post-17780","post","type-post","status-publish","format-standard","has-post-thumbnail","hentry","category-hirek","tag-antony-blinken","tag-kulpolitika","tag-politika","tag-wang-yi"],"yoast_head":"<!-- This site is optimized with the Yoast SEO plugin v23.7 - https:\/\/yoast.com\/wordpress\/plugins\/seo\/ -->\n<title>Mit mondott Wang Yi a Blinkennel tartott tal\u00e1lkoz\u00f3n? - kinaikaleidoszkop.hu<\/title>\n<meta name=\"robots\" content=\"index, follow, max-snippet:-1, max-image-preview:large, max-video-preview:-1\" \/>\n<link rel=\"canonical\" href=\"https:\/\/kinaikaleidoszkop.hu\/index.php\/2023\/06\/19\/mit-mondott-wang-yi-a-blinkennel-tartott-talalkozon\/\" \/>\n<meta property=\"og:locale\" content=\"hu_HU\" \/>\n<meta property=\"og:type\" content=\"article\" \/>\n<meta property=\"og:title\" content=\"Mit mondott Wang Yi a Blinkennel tartott tal\u00e1lkoz\u00f3n? - kinaikaleidoszkop.hu\" \/>\n<meta property=\"og:description\" content=\"J\u00fanius 19-\u00e9n Wang Yi, a K\u00ednai Kommunista P\u00e1rt K\u00f6zponti Bizotts\u00e1ga K\u00fcl\u00fcgyi Bizotts\u00e1g\u00e1nak igazgat\u00f3ja Pekingben tal\u00e1lkozott Antony Blinken amerikai k\u00fcl\u00fcgyminiszterrel. Wang Yi elmondta, Blinken k\u00fcl\u00fcgyminiszter k\u00ednai l\u00e1togat\u00e1sa d\u00f6nt\u0151 pillanatban t\u00f6rt\u00e9nt, amikor v\u00e1lasztani kell, hogy p\u00e1rbesz\u00e9det vagy konfront\u00e1ci\u00f3t, egy\u00fcttm\u0171k\u00f6d\u00e9st vagy konfliktust akarunk. A t\u00f6rt\u00e9nelem el\u0151rehalad, ahogy a k\u00ednai\u2013amerikai viszony is. A k\u00e9t f\u00e9lnek meg kell ford\u00edtania a [&hellip;]\" \/>\n<meta property=\"og:url\" content=\"https:\/\/kinaikaleidoszkop.hu\/index.php\/2023\/06\/19\/mit-mondott-wang-yi-a-blinkennel-tartott-talalkozon\/\" \/>\n<meta property=\"og:site_name\" content=\"kinaikaleidoszkop.hu\" \/>\n<meta property=\"article:published_time\" content=\"2023-06-19T10:58:41+00:00\" \/>\n<meta property=\"article:modified_time\" content=\"2023-06-19T10:58:45+00:00\" \/>\n<meta property=\"og:image\" content=\"https:\/\/kinaikaleidoszkop.hu\/wp-content\/uploads\/2023\/06\/0619Lea2.png\" \/>\n\t<meta property=\"og:image:width\" content=\"600\" \/>\n\t<meta property=\"og:image:height\" content=\"410\" \/>\n\t<meta property=\"og:image:type\" content=\"image\/png\" \/>\n<meta name=\"author\" content=\"admin-sebi\" \/>\n<meta name=\"twitter:card\" content=\"summary_large_image\" \/>\n<meta name=\"twitter:label1\" content=\"Szerz\u0151:\" \/>\n\t<meta name=\"twitter:data1\" content=\"admin-sebi\" \/>\n\t<meta name=\"twitter:label2\" content=\"Becs\u00fclt olvas\u00e1si id\u0151\" \/>\n\t<meta name=\"twitter:data2\" content=\"2 perc\" \/>\n<script type=\"application\/ld+json\" class=\"yoast-schema-graph\">{\"@context\":\"https:\/\/schema.org\",\"@graph\":[{\"@type\":\"WebPage\",\"@id\":\"https:\/\/kinaikaleidoszkop.hu\/index.php\/2023\/06\/19\/mit-mondott-wang-yi-a-blinkennel-tartott-talalkozon\/\",\"url\":\"https:\/\/kinaikaleidoszkop.hu\/index.php\/2023\/06\/19\/mit-mondott-wang-yi-a-blinkennel-tartott-talalkozon\/\",\"name\":\"Mit mondott Wang Yi a Blinkennel tartott tal\u00e1lkoz\u00f3n? - kinaikaleidoszkop.hu\",\"isPartOf\":{\"@id\":\"https:\/\/kinaikaleidoszkop.hu\/#website\"},\"primaryImageOfPage\":{\"@id\":\"https:\/\/kinaikaleidoszkop.hu\/index.php\/2023\/06\/19\/mit-mondott-wang-yi-a-blinkennel-tartott-talalkozon\/#primaryimage\"},\"image\":{\"@id\":\"https:\/\/kinaikaleidoszkop.hu\/index.php\/2023\/06\/19\/mit-mondott-wang-yi-a-blinkennel-tartott-talalkozon\/#primaryimage\"},\"thumbnailUrl\":\"https:\/\/kinaikaleidoszkop.hu\/wp-content\/uploads\/2023\/06\/0619Lea2.png\",\"datePublished\":\"2023-06-19T10:58:41+00:00\",\"dateModified\":\"2023-06-19T10:58:45+00:00\",\"author\":{\"@id\":\"https:\/\/kinaikaleidoszkop.hu\/#\/schema\/person\/fd215d3a8bab54daeb796ae166f99ea5\"},\"breadcrumb\":{\"@id\":\"https:\/\/kinaikaleidoszkop.hu\/index.php\/2023\/06\/19\/mit-mondott-wang-yi-a-blinkennel-tartott-talalkozon\/#breadcrumb\"},\"inLanguage\":\"hu\",\"potentialAction\":[{\"@type\":\"ReadAction\",\"target\":[\"https:\/\/kinaikaleidoszkop.hu\/index.php\/2023\/06\/19\/mit-mondott-wang-yi-a-blinkennel-tartott-talalkozon\/\"]}]},{\"@type\":\"ImageObject\",\"inLanguage\":\"hu\",\"@id\":\"https:\/\/kinaikaleidoszkop.hu\/index.php\/2023\/06\/19\/mit-mondott-wang-yi-a-blinkennel-tartott-talalkozon\/#primaryimage\",\"url\":\"https:\/\/kinaikaleidoszkop.hu\/wp-content\/uploads\/2023\/06\/0619Lea2.png\",\"contentUrl\":\"https:\/\/kinaikaleidoszkop.hu\/wp-content\/uploads\/2023\/06\/0619Lea2.png\",\"width\":600,\"height\":410},{\"@type\":\"BreadcrumbList\",\"@id\":\"https:\/\/kinaikaleidoszkop.hu\/index.php\/2023\/06\/19\/mit-mondott-wang-yi-a-blinkennel-tartott-talalkozon\/#breadcrumb\",\"itemListElement\":[{\"@type\":\"ListItem\",\"position\":1,\"name\":\"Kezd\u0151lap\",\"item\":\"https:\/\/kinaikaleidoszkop.hu\/\"},{\"@type\":\"ListItem\",\"position\":2,\"name\":\"Mit mondott Wang Yi a Blinkennel tartott tal\u00e1lkoz\u00f3n?\"}]},{\"@type\":\"WebSite\",\"@id\":\"https:\/\/kinaikaleidoszkop.hu\/#website\",\"url\":\"https:\/\/kinaikaleidoszkop.hu\/\",\"name\":\"kinaikaleidoszkop.hu\",\"description\":\"\",\"potentialAction\":[{\"@type\":\"SearchAction\",\"target\":{\"@type\":\"EntryPoint\",\"urlTemplate\":\"https:\/\/kinaikaleidoszkop.hu\/?s={search_term_string}\"},\"query-input\":{\"@type\":\"PropertyValueSpecification\",\"valueRequired\":true,\"valueName\":\"search_term_string\"}}],\"inLanguage\":\"hu\"},{\"@type\":\"Person\",\"@id\":\"https:\/\/kinaikaleidoszkop.hu\/#\/schema\/person\/fd215d3a8bab54daeb796ae166f99ea5\",\"name\":\"admin-sebi\",\"image\":{\"@type\":\"ImageObject\",\"inLanguage\":\"hu\",\"@id\":\"https:\/\/kinaikaleidoszkop.hu\/#\/schema\/person\/image\/\",\"url\":\"https:\/\/secure.gravatar.com\/avatar\/b1498042bc4969020b4951f204f963e97c3d7d199f3790c1071adf67c61d0aa5?s=96&d=mm&r=g\",\"contentUrl\":\"https:\/\/secure.gravatar.com\/avatar\/b1498042bc4969020b4951f204f963e97c3d7d199f3790c1071adf67c61d0aa5?s=96&d=mm&r=g\",\"caption\":\"admin-sebi\"},\"url\":\"https:\/\/kinaikaleidoszkop.hu\/index.php\/author\/admin-sebi\/\"}]}<\/script>\n<!-- \/ Yoast SEO plugin. -->","yoast_head_json":{"title":"Mit mondott Wang Yi a Blinkennel tartott tal\u00e1lkoz\u00f3n? - kinaikaleidoszkop.hu","robots":{"index":"index","follow":"follow","max-snippet":"max-snippet:-1","max-image-preview":"max-image-preview:large","max-video-preview":"max-video-preview:-1"},"canonical":"https:\/\/kinaikaleidoszkop.hu\/index.php\/2023\/06\/19\/mit-mondott-wang-yi-a-blinkennel-tartott-talalkozon\/","og_locale":"hu_HU","og_type":"article","og_title":"Mit mondott Wang Yi a Blinkennel tartott tal\u00e1lkoz\u00f3n? - kinaikaleidoszkop.hu","og_description":"J\u00fanius 19-\u00e9n Wang Yi, a K\u00ednai Kommunista P\u00e1rt K\u00f6zponti Bizotts\u00e1ga K\u00fcl\u00fcgyi Bizotts\u00e1g\u00e1nak igazgat\u00f3ja Pekingben tal\u00e1lkozott Antony Blinken amerikai k\u00fcl\u00fcgyminiszterrel. Wang Yi elmondta, Blinken k\u00fcl\u00fcgyminiszter k\u00ednai l\u00e1togat\u00e1sa d\u00f6nt\u0151 pillanatban t\u00f6rt\u00e9nt, amikor v\u00e1lasztani kell, hogy p\u00e1rbesz\u00e9det vagy konfront\u00e1ci\u00f3t, egy\u00fcttm\u0171k\u00f6d\u00e9st vagy konfliktust akarunk. A t\u00f6rt\u00e9nelem el\u0151rehalad, ahogy a k\u00ednai\u2013amerikai viszony is. A k\u00e9t f\u00e9lnek meg kell ford\u00edtania a [&hellip;]","og_url":"https:\/\/kinaikaleidoszkop.hu\/index.php\/2023\/06\/19\/mit-mondott-wang-yi-a-blinkennel-tartott-talalkozon\/","og_site_name":"kinaikaleidoszkop.hu","article_published_time":"2023-06-19T10:58:41+00:00","article_modified_time":"2023-06-19T10:58:45+00:00","og_image":[{"width":600,"height":410,"url":"https:\/\/kinaikaleidoszkop.hu\/wp-content\/uploads\/2023\/06\/0619Lea2.png","type":"image\/png"}],"author":"admin-sebi","twitter_card":"summary_large_image","twitter_misc":{"Szerz\u0151:":"admin-sebi","Becs\u00fclt olvas\u00e1si id\u0151":"2 perc"},"schema":{"@context":"https:\/\/schema.org","@graph":[{"@type":"WebPage","@id":"https:\/\/kinaikaleidoszkop.hu\/index.php\/2023\/06\/19\/mit-mondott-wang-yi-a-blinkennel-tartott-talalkozon\/","url":"https:\/\/kinaikaleidoszkop.hu\/index.php\/2023\/06\/19\/mit-mondott-wang-yi-a-blinkennel-tartott-talalkozon\/","name":"Mit mondott Wang Yi a Blinkennel tartott tal\u00e1lkoz\u00f3n? - kinaikaleidoszkop.hu","isPartOf":{"@id":"https:\/\/kinaikaleidoszkop.hu\/#website"},"primaryImageOfPage":{"@id":"https:\/\/kinaikaleidoszkop.hu\/index.php\/2023\/06\/19\/mit-mondott-wang-yi-a-blinkennel-tartott-talalkozon\/#primaryimage"},"image":{"@id":"https:\/\/kinaikaleidoszkop.hu\/index.php\/2023\/06\/19\/mit-mondott-wang-yi-a-blinkennel-tartott-talalkozon\/#primaryimage"},"thumbnailUrl":"https:\/\/kinaikaleidoszkop.hu\/wp-content\/uploads\/2023\/06\/0619Lea2.png","datePublished":"2023-06-19T10:58:41+00:00","dateModified":"2023-06-19T10:58:45+00:00","author":{"@id":"https:\/\/kinaikaleidoszkop.hu\/#\/schema\/person\/fd215d3a8bab54daeb796ae166f99ea5"},"breadcrumb":{"@id":"https:\/\/kinaikaleidoszkop.hu\/index.php\/2023\/06\/19\/mit-mondott-wang-yi-a-blinkennel-tartott-talalkozon\/#breadcrumb"},"inLanguage":"hu","potentialAction":[{"@type":"ReadAction","target":["https:\/\/kinaikaleidoszkop.hu\/index.php\/2023\/06\/19\/mit-mondott-wang-yi-a-blinkennel-tartott-talalkozon\/"]}]},{"@type":"ImageObject","inLanguage":"hu","@id":"https:\/\/kinaikaleidoszkop.hu\/index.php\/2023\/06\/19\/mit-mondott-wang-yi-a-blinkennel-tartott-talalkozon\/#primaryimage","url":"https:\/\/kinaikaleidoszkop.hu\/wp-content\/uploads\/2023\/06\/0619Lea2.png","contentUrl":"https:\/\/kinaikaleidoszkop.hu\/wp-content\/uploads\/2023\/06\/0619Lea2.png","width":600,"height":410},{"@type":"BreadcrumbList","@id":"https:\/\/kinaikaleidoszkop.hu\/index.php\/2023\/06\/19\/mit-mondott-wang-yi-a-blinkennel-tartott-talalkozon\/#breadcrumb","itemListElement":[{"@type":"ListItem","position":1,"name":"Kezd\u0151lap","item":"https:\/\/kinaikaleidoszkop.hu\/"},{"@type":"ListItem","position":2,"name":"Mit mondott Wang Yi a Blinkennel tartott tal\u00e1lkoz\u00f3n?"}]},{"@type":"WebSite","@id":"https:\/\/kinaikaleidoszkop.hu\/#website","url":"https:\/\/kinaikaleidoszkop.hu\/","name":"kinaikaleidoszkop.hu","description":"","potentialAction":[{"@type":"SearchAction","target":{"@type":"EntryPoint","urlTemplate":"https:\/\/kinaikaleidoszkop.hu\/?s={search_term_string}"},"query-input":{"@type":"PropertyValueSpecification","valueRequired":true,"valueName":"search_term_string"}}],"inLanguage":"hu"},{"@type":"Person","@id":"https:\/\/kinaikaleidoszkop.hu\/#\/schema\/person\/fd215d3a8bab54daeb796ae166f99ea5","name":"admin-sebi","image":{"@type":"ImageObject","inLanguage":"hu","@id":"https:\/\/kinaikaleidoszkop.hu\/#\/schema\/person\/image\/","url":"https:\/\/secure.gravatar.com\/avatar\/b1498042bc4969020b4951f204f963e97c3d7d199f3790c1071adf67c61d0aa5?s=96&d=mm&r=g","contentUrl":"https:\/\/secure.gravatar.com\/avatar\/b1498042bc4969020b4951f204f963e97c3d7d199f3790c1071adf67c61d0aa5?s=96&d=mm&r=g","caption":"admin-sebi"},"url":"https:\/\/kinaikaleidoszkop.hu\/index.php\/author\/admin-sebi\/"}]}},"views":243,"distributor_meta":false,"distributor_terms":false,"distributor_media":false,"distributor_original_site_name":"kinaikaleidoszkop.hu","distributor_original_site_url":"https:\/\/kinaikaleidoszkop.hu","push-errors":false,"_links":{"self":[{"href":"https:\/\/kinaikaleidoszkop.hu\/index.php\/wp-json\/wp\/v2\/posts\/17780","targetHints":{"allow":["GET"]}}],"collection":[{"href":"https:\/\/kinaikaleidoszkop.hu\/index.php\/wp-json\/wp\/v2\/posts"}],"about":[{"href":"https:\/\/kinaikaleidoszkop.hu\/index.php\/wp-json\/wp\/v2\/types\/post"}],"author":[{"embeddable":true,"href":"https:\/\/kinaikaleidoszkop.hu\/index.php\/wp-json\/wp\/v2\/users\/6"}],"replies":[{"embeddable":true,"href":"https:\/\/kinaikaleidoszkop.hu\/index.php\/wp-json\/wp\/v2\/comments?post=17780"}],"version-history":[{"count":1,"href":"https:\/\/kinaikaleidoszkop.hu\/index.php\/wp-json\/wp\/v2\/posts\/17780\/revisions"}],"predecessor-version":[{"id":17783,"href":"https:\/\/kinaikaleidoszkop.hu\/index.php\/wp-json\/wp\/v2\/posts\/17780\/revisions\/17783"}],"wp:featuredmedia":[{"embeddable":true,"href":"https:\/\/kinaikaleidoszkop.hu\/index.php\/wp-json\/wp\/v2\/media\/17782"}],"wp:attachment":[{"href":"https:\/\/kinaikaleidoszkop.hu\/index.php\/wp-json\/wp\/v2\/media?parent=17780"}],"wp:term":[{"taxonomy":"category","embeddable":true,"href":"https:\/\/kinaikaleidoszkop.hu\/index.php\/wp-json\/wp\/v2\/categories?post=17780"},{"taxonomy":"post_tag","embeddable":true,"href":"https:\/\/kinaikaleidoszkop.hu\/index.php\/wp-json\/wp\/v2\/tags?post=17780"}],"curies":[{"name":"wp","href":"https:\/\/api.w.org\/{rel}","templated":true}]}}